{"id":95666,"date":"2023-09-26T10:59:27","date_gmt":"2023-09-26T13:59:27","guid":{"rendered":"https:\/\/regiaonews.net.br\/2022\/?p=95666"},"modified":"2023-09-26T10:59:27","modified_gmt":"2023-09-26T13:59:27","slug":"advogado-comenta-acao-do-marco-temporal-que-teve-participacao-da-sindicato-dos-trabalhadores-rurais","status":"publish","type":"post","link":"https:\/\/regiaonews.net.br\/2022\/2023\/09\/26\/advogado-comenta-acao-do-marco-temporal-que-teve-participacao-da-sindicato-dos-trabalhadores-rurais\/","title":{"rendered":"Advogado comenta a\u00e7\u00e3o do Marco Temporal que teve participa\u00e7\u00e3o da Sindicato dos Trabalhadores Rurais"},"content":{"rendered":"<h3 style=\"text-align: center;\">Decis\u00e3o do STF j\u00e1 est\u00e1 valendo para todo o pa\u00eds, segundo advogado.<\/h3>\n<p>O advogado do Sindicato dos Trabalhadores Rurais de Barretos, Fernando Henrique Alves Gontijo, afirmou na manh\u00e3 de ontem que h\u00e1 2 anos, ingressou em solidariedade na qualidade de amicus curiae (amigo da corte) a uma a\u00e7\u00e3o proposta pela IMA (Instituto do Meio Ambiente) de Santa Catarina em que figurou na outra parte a Funai, contra a tese estabelecida pelo TRF-4 (Tribunal Regional Federal) de Santa Catarina que definiu o Marco Temporal de terras. Na decis\u00e3o, ficou estabelecido em uma reintegra\u00e7\u00e3o de posse de povos origin\u00e1rios ingressada pelo IMA, que o Marco Temporal era a data da Constitui\u00e7\u00e3o de 1998, que foi promulgada no dia 5 de outubro. \u201cPela decis\u00e3o quem tivesse a posse da terra ap\u00f3s a data da constitui\u00e7\u00e3o, n\u00e3o seria considerada uma terra tradicional. A Funai recorreu ao Supremo Tribunal Federal e alguns amigos da corte ingressaram para engrossar essa tese da Funai, sendo o Sindicato dos Trabalhadores Rurais o \u00fanico a ingressar de nosso Estado, explicou Fernando Gontijo.<br \/>\nSegundo o advogado, pela decis\u00e3o da maioria dos ministros do STF, mudou essa quest\u00e3o de um per\u00edodo para ser considerada uma \u00e1rea de terra tradicional. \u201cO que ficou definido pela maioria dos ministros do STF, independente do povo tradicional ter a posse antes ou ap\u00f3s 1988, pode ser considerada uma terra tradicional, n\u00e3o existe mais essa tese que o TRF-4 do Marco Temporal havia fixado\u201d, explicou Fernando Gontijo.<br \/>\nNa regi\u00e3o de Barretos, n\u00e3o existe terras de povos tradicionais e segundo o advogado as mais pr\u00f3ximas seria em Minas Gerais.<\/p>\n<p>Foto \u2013 O advogado Fernando Gontijo que fez parte da a\u00e7\u00e3o<br \/>\nFoto \u2013 Tininho J\u00fanior<\/p>\n","protected":false},"excerpt":{"rendered":"<p>Decis\u00e3o do STF j\u00e1 est\u00e1 valendo para todo o pa\u00eds,<\/p>\n","protected":false},"author":2,"featured_media":95667,"comment_status":"open","ping_status":"open","sticky":false,"template":"","format":"standard","meta":{"footnotes":""},"categories":[14,3],"tags":[],"class_list":["post-95666","post","type-post","status-publish","format-standard","has-post-thumbnail","hentry","category-barretos","category-geral"],"yoast_head":"<!-- This site is optimized with the Yoast SEO plugin v27.4 - https:\/\/yoast.com\/product\/yoast-seo-wordpress\/ -->\n<title>Advogado comenta a\u00e7\u00e3o do Marco Temporal que teve participa\u00e7\u00e3o da Sindicato dos Trabalhadores Rurais - Regi\u00e3o News<\/title>\n<meta name=\"robots\" content=\"index, follow, max-snippet:-1, max-image-preview:large, max-video-preview:-1\" \/>\n<link rel=\"canonical\" href=\"https:\/\/regiaonews.net.br\/2022\/2023\/09\/26\/advogado-comenta-acao-do-marco-temporal-que-teve-participacao-da-sindicato-dos-trabalhadores-rurais\/\" \/>\n<meta property=\"og:locale\" content=\"pt_BR\" \/>\n<meta property=\"og:type\" content=\"article\" \/>\n<meta property=\"og:title\" content=\"Advogado comenta a\u00e7\u00e3o do Marco Temporal que teve participa\u00e7\u00e3o da Sindicato dos Trabalhadores Rurais - Regi\u00e3o News\" \/>\n<meta property=\"og:description\" content=\"Decis\u00e3o do STF j\u00e1 est\u00e1 valendo para todo o pa\u00eds,\" \/>\n<meta property=\"og:url\" content=\"https:\/\/regiaonews.net.br\/2022\/2023\/09\/26\/advogado-comenta-acao-do-marco-temporal-que-teve-participacao-da-sindicato-dos-trabalhadores-rurais\/\" \/>\n<meta property=\"og:site_name\" content=\"Regi\u00e3o News\" \/>\n<meta property=\"article:published_time\" content=\"2023-09-26T13:59:27+00:00\" \/>\n<meta property=\"og:image\" content=\"https:\/\/regiaonews.net.br\/2022\/wp-content\/uploads\/2023\/09\/Imagem-do-WhatsApp-de-2023-09-26-as-09.48.12.jpg\" \/>\n\t<meta property=\"og:image:width\" content=\"1600\" \/>\n\t<meta property=\"og:image:height\" content=\"1066\" \/>\n\t<meta property=\"og:image:type\" content=\"image\/jpeg\" \/>\n<meta name=\"author\" content=\"Roberto\" \/>\n<meta name=\"twitter:card\" content=\"summary_large_image\" \/>\n<meta name=\"twitter:label1\" content=\"Escrito por\" \/>\n\t<meta name=\"twitter:data1\" content=\"Roberto\" \/>\n\t<meta name=\"twitter:label2\" content=\"Est. tempo de leitura\" \/>\n\t<meta name=\"twitter:data2\" content=\"2 minutos\" \/>\n<script type=\"application\/ld+json\" class=\"yoast-schema-graph\">{\"@context\":\"https:\\\/\\\/schema.org\",\"@graph\":[{\"@type\":\"Article\",\"@id\":\"https:\\\/\\\/regiaonews.net.br\\\/2022\\\/2023\\\/09\\\/26\\\/advogado-comenta-acao-do-marco-temporal-que-teve-participacao-da-sindicato-dos-trabalhadores-rurais\\\/#article\",\"isPartOf\":{\"@id\":\"https:\\\/\\\/regiaonews.net.br\\\/2022\\\/2023\\\/09\\\/26\\\/advogado-comenta-acao-do-marco-temporal-que-teve-participacao-da-sindicato-dos-trabalhadores-rurais\\\/\"},\"author\":{\"name\":\"Roberto\",\"@id\":\"https:\\\/\\\/regiaonews.net.br\\\/2022\\\/#\\\/schema\\\/person\\\/2d205a608a5aa97ac279d7a5e6d89ad8\"},\"headline\":\"Advogado comenta a\u00e7\u00e3o do Marco Temporal que teve participa\u00e7\u00e3o da Sindicato dos Trabalhadores Rurais\",\"datePublished\":\"2023-09-26T13:59:27+00:00\",\"mainEntityOfPage\":{\"@id\":\"https:\\\/\\\/regiaonews.net.br\\\/2022\\\/2023\\\/09\\\/26\\\/advogado-comenta-acao-do-marco-temporal-que-teve-participacao-da-sindicato-dos-trabalhadores-rurais\\\/\"},\"wordCount\":308,\"commentCount\":0,\"publisher\":{\"@id\":\"https:\\\/\\\/regiaonews.net.br\\\/2022\\\/#organization\"},\"image\":{\"@id\":\"https:\\\/\\\/regiaonews.net.br\\\/2022\\\/2023\\\/09\\\/26\\\/advogado-comenta-acao-do-marco-temporal-que-teve-participacao-da-sindicato-dos-trabalhadores-rurais\\\/#primaryimage\"},\"thumbnailUrl\":\"https:\\\/\\\/regiaonews.net.br\\\/2022\\\/wp-content\\\/uploads\\\/2023\\\/09\\\/Imagem-do-WhatsApp-de-2023-09-26-as-09.48.12.jpg\",\"articleSection\":[\"Barretos\",\"Geral\"],\"inLanguage\":\"pt-BR\",\"potentialAction\":[{\"@type\":\"CommentAction\",\"name\":\"Comment\",\"target\":[\"https:\\\/\\\/regiaonews.net.br\\\/2022\\\/2023\\\/09\\\/26\\\/advogado-comenta-acao-do-marco-temporal-que-teve-participacao-da-sindicato-dos-trabalhadores-rurais\\\/#respond\"]}]},{\"@type\":\"WebPage\",\"@id\":\"https:\\\/\\\/regiaonews.net.br\\\/2022\\\/2023\\\/09\\\/26\\\/advogado-comenta-acao-do-marco-temporal-que-teve-participacao-da-sindicato-dos-trabalhadores-rurais\\\/\",\"url\":\"https:\\\/\\\/regiaonews.net.br\\\/2022\\\/2023\\\/09\\\/26\\\/advogado-comenta-acao-do-marco-temporal-que-teve-participacao-da-sindicato-dos-trabalhadores-rurais\\\/\",\"name\":\"Advogado comenta a\u00e7\u00e3o do Marco Temporal que teve participa\u00e7\u00e3o da Sindicato dos Trabalhadores Rurais - Regi\u00e3o News\",\"isPartOf\":{\"@id\":\"https:\\\/\\\/regiaonews.net.br\\\/2022\\\/#website\"},\"primaryImageOfPage\":{\"@id\":\"https:\\\/\\\/regiaonews.net.br\\\/2022\\\/2023\\\/09\\\/26\\\/advogado-comenta-acao-do-marco-temporal-que-teve-participacao-da-sindicato-dos-trabalhadores-rurais\\\/#primaryimage\"},\"image\":{\"@id\":\"https:\\\/\\\/regiaonews.net.br\\\/2022\\\/2023\\\/09\\\/26\\\/advogado-comenta-acao-do-marco-temporal-que-teve-participacao-da-sindicato-dos-trabalhadores-rurais\\\/#primaryimage\"},\"thumbnailUrl\":\"https:\\\/\\\/regiaonews.net.br\\\/2022\\\/wp-content\\\/uploads\\\/2023\\\/09\\\/Imagem-do-WhatsApp-de-2023-09-26-as-09.48.12.jpg\",\"datePublished\":\"2023-09-26T13:59:27+00:00\",\"breadcrumb\":{\"@id\":\"https:\\\/\\\/regiaonews.net.br\\\/2022\\\/2023\\\/09\\\/26\\\/advogado-comenta-acao-do-marco-temporal-que-teve-participacao-da-sindicato-dos-trabalhadores-rurais\\\/#breadcrumb\"},\"inLanguage\":\"pt-BR\",\"potentialAction\":[{\"@type\":\"ReadAction\",\"target\":[\"https:\\\/\\\/regiaonews.net.br\\\/2022\\\/2023\\\/09\\\/26\\\/advogado-comenta-acao-do-marco-temporal-que-teve-participacao-da-sindicato-dos-trabalhadores-rurais\\\/\"]}]},{\"@type\":\"ImageObject\",\"inLanguage\":\"pt-BR\",\"@id\":\"https:\\\/\\\/regiaonews.net.br\\\/2022\\\/2023\\\/09\\\/26\\\/advogado-comenta-acao-do-marco-temporal-que-teve-participacao-da-sindicato-dos-trabalhadores-rurais\\\/#primaryimage\",\"url\":\"https:\\\/\\\/regiaonews.net.br\\\/2022\\\/wp-content\\\/uploads\\\/2023\\\/09\\\/Imagem-do-WhatsApp-de-2023-09-26-as-09.48.12.jpg\",\"contentUrl\":\"https:\\\/\\\/regiaonews.net.br\\\/2022\\\/wp-content\\\/uploads\\\/2023\\\/09\\\/Imagem-do-WhatsApp-de-2023-09-26-as-09.48.12.jpg\",\"width\":1600,\"height\":1066},{\"@type\":\"BreadcrumbList\",\"@id\":\"https:\\\/\\\/regiaonews.net.br\\\/2022\\\/2023\\\/09\\\/26\\\/advogado-comenta-acao-do-marco-temporal-que-teve-participacao-da-sindicato-dos-trabalhadores-rurais\\\/#breadcrumb\",\"itemListElement\":[{\"@type\":\"ListItem\",\"position\":1,\"name\":\"In\u00edcio\",\"item\":\"https:\\\/\\\/regiaonews.net.br\\\/2022\\\/\"},{\"@type\":\"ListItem\",\"position\":2,\"name\":\"Advogado comenta a\u00e7\u00e3o do Marco Temporal que teve participa\u00e7\u00e3o da Sindicato dos Trabalhadores Rurais\"}]},{\"@type\":\"WebSite\",\"@id\":\"https:\\\/\\\/regiaonews.net.br\\\/2022\\\/#website\",\"url\":\"https:\\\/\\\/regiaonews.net.br\\\/2022\\\/\",\"name\":\"Regi\u00e3o News\",\"description\":\"Site de Not\u00edcias de Barretos e regi\u00e3o\",\"publisher\":{\"@id\":\"https:\\\/\\\/regiaonews.net.br\\\/2022\\\/#organization\"},\"potentialAction\":[{\"@type\":\"SearchAction\",\"target\":{\"@type\":\"EntryPoint\",\"urlTemplate\":\"https:\\\/\\\/regiaonews.net.br\\\/2022\\\/?s={search_term_string}\"},\"query-input\":{\"@type\":\"PropertyValueSpecification\",\"valueRequired\":true,\"valueName\":\"search_term_string\"}}],\"inLanguage\":\"pt-BR\"},{\"@type\":\"Organization\",\"@id\":\"https:\\\/\\\/regiaonews.net.br\\\/2022\\\/#organization\",\"name\":\"Regi\u00e3o News\",\"url\":\"https:\\\/\\\/regiaonews.net.br\\\/2022\\\/\",\"logo\":{\"@type\":\"ImageObject\",\"inLanguage\":\"pt-BR\",\"@id\":\"https:\\\/\\\/regiaonews.net.br\\\/2022\\\/#\\\/schema\\\/logo\\\/image\\\/\",\"url\":\"https:\\\/\\\/regiaonews.net.br\\\/2022\\\/wp-content\\\/uploads\\\/2026\\\/03\\\/regiao-13-anos-scaled.jpg\",\"contentUrl\":\"https:\\\/\\\/regiaonews.net.br\\\/2022\\\/wp-content\\\/uploads\\\/2026\\\/03\\\/regiao-13-anos-scaled.jpg\",\"width\":2560,\"height\":635,\"caption\":\"Regi\u00e3o News\"},\"image\":{\"@id\":\"https:\\\/\\\/regiaonews.net.br\\\/2022\\\/#\\\/schema\\\/logo\\\/image\\\/\"}},{\"@type\":\"Person\",\"@id\":\"https:\\\/\\\/regiaonews.net.br\\\/2022\\\/#\\\/schema\\\/person\\\/2d205a608a5aa97ac279d7a5e6d89ad8\",\"name\":\"Roberto\",\"image\":{\"@type\":\"ImageObject\",\"inLanguage\":\"pt-BR\",\"@id\":\"https:\\\/\\\/secure.gravatar.com\\\/avatar\\\/42749d8b712ff9d59ca93dc150494e5b55a44134482993f5baeb97e61b7ecc89?s=96&d=mm&r=g\",\"url\":\"https:\\\/\\\/secure.gravatar.com\\\/avatar\\\/42749d8b712ff9d59ca93dc150494e5b55a44134482993f5baeb97e61b7ecc89?s=96&d=mm&r=g\",\"contentUrl\":\"https:\\\/\\\/secure.gravatar.com\\\/avatar\\\/42749d8b712ff9d59ca93dc150494e5b55a44134482993f5baeb97e61b7ecc89?s=96&d=mm&r=g\",\"caption\":\"Roberto\"},\"url\":\"https:\\\/\\\/regiaonews.net.br\\\/2022\\\/author\\\/roberto\\\/\"}]}<\/script>\n<!-- \/ Yoast SEO plugin. -->","yoast_head_json":{"title":"Advogado comenta a\u00e7\u00e3o do Marco Temporal que teve participa\u00e7\u00e3o da Sindicato dos Trabalhadores Rurais - Regi\u00e3o News","robots":{"index":"index","follow":"follow","max-snippet":"max-snippet:-1","max-image-preview":"max-image-preview:large","max-video-preview":"max-video-preview:-1"},"canonical":"https:\/\/regiaonews.net.br\/2022\/2023\/09\/26\/advogado-comenta-acao-do-marco-temporal-que-teve-participacao-da-sindicato-dos-trabalhadores-rurais\/","og_locale":"pt_BR","og_type":"article","og_title":"Advogado comenta a\u00e7\u00e3o do Marco Temporal que teve participa\u00e7\u00e3o da Sindicato dos Trabalhadores Rurais - Regi\u00e3o News","og_description":"Decis\u00e3o do STF j\u00e1 est\u00e1 valendo para todo o pa\u00eds,","og_url":"https:\/\/regiaonews.net.br\/2022\/2023\/09\/26\/advogado-comenta-acao-do-marco-temporal-que-teve-participacao-da-sindicato-dos-trabalhadores-rurais\/","og_site_name":"Regi\u00e3o News","article_published_time":"2023-09-26T13:59:27+00:00","og_image":[{"width":1600,"height":1066,"url":"https:\/\/regiaonews.net.br\/2022\/wp-content\/uploads\/2023\/09\/Imagem-do-WhatsApp-de-2023-09-26-as-09.48.12.jpg","type":"image\/jpeg"}],"author":"Roberto","twitter_card":"summary_large_image","twitter_misc":{"Escrito por":"Roberto","Est. tempo de leitura":"2 minutos"},"schema":{"@context":"https:\/\/schema.org","@graph":[{"@type":"Article","@id":"https:\/\/regiaonews.net.br\/2022\/2023\/09\/26\/advogado-comenta-acao-do-marco-temporal-que-teve-participacao-da-sindicato-dos-trabalhadores-rurais\/#article","isPartOf":{"@id":"https:\/\/regiaonews.net.br\/2022\/2023\/09\/26\/advogado-comenta-acao-do-marco-temporal-que-teve-participacao-da-sindicato-dos-trabalhadores-rurais\/"},"author":{"name":"Roberto","@id":"https:\/\/regiaonews.net.br\/2022\/#\/schema\/person\/2d205a608a5aa97ac279d7a5e6d89ad8"},"headline":"Advogado comenta a\u00e7\u00e3o do Marco Temporal que teve participa\u00e7\u00e3o da Sindicato dos Trabalhadores Rurais","datePublished":"2023-09-26T13:59:27+00:00","mainEntityOfPage":{"@id":"https:\/\/regiaonews.net.br\/2022\/2023\/09\/26\/advogado-comenta-acao-do-marco-temporal-que-teve-participacao-da-sindicato-dos-trabalhadores-rurais\/"},"wordCount":308,"commentCount":0,"publisher":{"@id":"https:\/\/regiaonews.net.br\/2022\/#organization"},"image":{"@id":"https:\/\/regiaonews.net.br\/2022\/2023\/09\/26\/advogado-comenta-acao-do-marco-temporal-que-teve-participacao-da-sindicato-dos-trabalhadores-rurais\/#primaryimage"},"thumbnailUrl":"https:\/\/regiaonews.net.br\/2022\/wp-content\/uploads\/2023\/09\/Imagem-do-WhatsApp-de-2023-09-26-as-09.48.12.jpg","articleSection":["Barretos","Geral"],"inLanguage":"pt-BR","potentialAction":[{"@type":"CommentAction","name":"Comment","target":["https:\/\/regiaonews.net.br\/2022\/2023\/09\/26\/advogado-comenta-acao-do-marco-temporal-que-teve-participacao-da-sindicato-dos-trabalhadores-rurais\/#respond"]}]},{"@type":"WebPage","@id":"https:\/\/regiaonews.net.br\/2022\/2023\/09\/26\/advogado-comenta-acao-do-marco-temporal-que-teve-participacao-da-sindicato-dos-trabalhadores-rurais\/","url":"https:\/\/regiaonews.net.br\/2022\/2023\/09\/26\/advogado-comenta-acao-do-marco-temporal-que-teve-participacao-da-sindicato-dos-trabalhadores-rurais\/","name":"Advogado comenta a\u00e7\u00e3o do Marco Temporal que teve participa\u00e7\u00e3o da Sindicato dos Trabalhadores Rurais - Regi\u00e3o News","isPartOf":{"@id":"https:\/\/regiaonews.net.br\/2022\/#website"},"primaryImageOfPage":{"@id":"https:\/\/regiaonews.net.br\/2022\/2023\/09\/26\/advogado-comenta-acao-do-marco-temporal-que-teve-participacao-da-sindicato-dos-trabalhadores-rurais\/#primaryimage"},"image":{"@id":"https:\/\/regiaonews.net.br\/2022\/2023\/09\/26\/advogado-comenta-acao-do-marco-temporal-que-teve-participacao-da-sindicato-dos-trabalhadores-rurais\/#primaryimage"},"thumbnailUrl":"https:\/\/regiaonews.net.br\/2022\/wp-content\/uploads\/2023\/09\/Imagem-do-WhatsApp-de-2023-09-26-as-09.48.12.jpg","datePublished":"2023-09-26T13:59:27+00:00","breadcrumb":{"@id":"https:\/\/regiaonews.net.br\/2022\/2023\/09\/26\/advogado-comenta-acao-do-marco-temporal-que-teve-participacao-da-sindicato-dos-trabalhadores-rurais\/#breadcrumb"},"inLanguage":"pt-BR","potentialAction":[{"@type":"ReadAction","target":["https:\/\/regiaonews.net.br\/2022\/2023\/09\/26\/advogado-comenta-acao-do-marco-temporal-que-teve-participacao-da-sindicato-dos-trabalhadores-rurais\/"]}]},{"@type":"ImageObject","inLanguage":"pt-BR","@id":"https:\/\/regiaonews.net.br\/2022\/2023\/09\/26\/advogado-comenta-acao-do-marco-temporal-que-teve-participacao-da-sindicato-dos-trabalhadores-rurais\/#primaryimage","url":"https:\/\/regiaonews.net.br\/2022\/wp-content\/uploads\/2023\/09\/Imagem-do-WhatsApp-de-2023-09-26-as-09.48.12.jpg","contentUrl":"https:\/\/regiaonews.net.br\/2022\/wp-content\/uploads\/2023\/09\/Imagem-do-WhatsApp-de-2023-09-26-as-09.48.12.jpg","width":1600,"height":1066},{"@type":"BreadcrumbList","@id":"https:\/\/regiaonews.net.br\/2022\/2023\/09\/26\/advogado-comenta-acao-do-marco-temporal-que-teve-participacao-da-sindicato-dos-trabalhadores-rurais\/#breadcrumb","itemListElement":[{"@type":"ListItem","position":1,"name":"In\u00edcio","item":"https:\/\/regiaonews.net.br\/2022\/"},{"@type":"ListItem","position":2,"name":"Advogado comenta a\u00e7\u00e3o do Marco Temporal que teve participa\u00e7\u00e3o da Sindicato dos Trabalhadores Rurais"}]},{"@type":"WebSite","@id":"https:\/\/regiaonews.net.br\/2022\/#website","url":"https:\/\/regiaonews.net.br\/2022\/","name":"Regi\u00e3o News","description":"Site de Not\u00edcias de Barretos e regi\u00e3o","publisher":{"@id":"https:\/\/regiaonews.net.br\/2022\/#organization"},"potentialAction":[{"@type":"SearchAction","target":{"@type":"EntryPoint","urlTemplate":"https:\/\/regiaonews.net.br\/2022\/?s={search_term_string}"},"query-input":{"@type":"PropertyValueSpecification","valueRequired":true,"valueName":"search_term_string"}}],"inLanguage":"pt-BR"},{"@type":"Organization","@id":"https:\/\/regiaonews.net.br\/2022\/#organization","name":"Regi\u00e3o News","url":"https:\/\/regiaonews.net.br\/2022\/","logo":{"@type":"ImageObject","inLanguage":"pt-BR","@id":"https:\/\/regiaonews.net.br\/2022\/#\/schema\/logo\/image\/","url":"https:\/\/regiaonews.net.br\/2022\/wp-content\/uploads\/2026\/03\/regiao-13-anos-scaled.jpg","contentUrl":"https:\/\/regiaonews.net.br\/2022\/wp-content\/uploads\/2026\/03\/regiao-13-anos-scaled.jpg","width":2560,"height":635,"caption":"Regi\u00e3o News"},"image":{"@id":"https:\/\/regiaonews.net.br\/2022\/#\/schema\/logo\/image\/"}},{"@type":"Person","@id":"https:\/\/regiaonews.net.br\/2022\/#\/schema\/person\/2d205a608a5aa97ac279d7a5e6d89ad8","name":"Roberto","image":{"@type":"ImageObject","inLanguage":"pt-BR","@id":"https:\/\/secure.gravatar.com\/avatar\/42749d8b712ff9d59ca93dc150494e5b55a44134482993f5baeb97e61b7ecc89?s=96&d=mm&r=g","url":"https:\/\/secure.gravatar.com\/avatar\/42749d8b712ff9d59ca93dc150494e5b55a44134482993f5baeb97e61b7ecc89?s=96&d=mm&r=g","contentUrl":"https:\/\/secure.gravatar.com\/avatar\/42749d8b712ff9d59ca93dc150494e5b55a44134482993f5baeb97e61b7ecc89?s=96&d=mm&r=g","caption":"Roberto"},"url":"https:\/\/regiaonews.net.br\/2022\/author\/roberto\/"}]}},"publishpress_future_action":{"enabled":false,"date":"2026-05-04 18:51:15","action":"change-status","newStatus":"draft","terms":[],"taxonomy":"category","extraData":[]},"publishpress_future_workflow_manual_trigger":{"enabledWorkflows":[]},"_links":{"self":[{"href":"https:\/\/regiaonews.net.br\/2022\/wp-json\/wp\/v2\/posts\/95666","targetHints":{"allow":["GET"]}}],"collection":[{"href":"https:\/\/regiaonews.net.br\/2022\/wp-json\/wp\/v2\/posts"}],"about":[{"href":"https:\/\/regiaonews.net.br\/2022\/wp-json\/wp\/v2\/types\/post"}],"author":[{"embeddable":true,"href":"https:\/\/regiaonews.net.br\/2022\/wp-json\/wp\/v2\/users\/2"}],"replies":[{"embeddable":true,"href":"https:\/\/regiaonews.net.br\/2022\/wp-json\/wp\/v2\/comments?post=95666"}],"version-history":[{"count":1,"href":"https:\/\/regiaonews.net.br\/2022\/wp-json\/wp\/v2\/posts\/95666\/revisions"}],"predecessor-version":[{"id":95668,"href":"https:\/\/regiaonews.net.br\/2022\/wp-json\/wp\/v2\/posts\/95666\/revisions\/95668"}],"wp:featuredmedia":[{"embeddable":true,"href":"https:\/\/regiaonews.net.br\/2022\/wp-json\/wp\/v2\/media\/95667"}],"wp:attachment":[{"href":"https:\/\/regiaonews.net.br\/2022\/wp-json\/wp\/v2\/media?parent=95666"}],"wp:term":[{"taxonomy":"category","embeddable":true,"href":"https:\/\/regiaonews.net.br\/2022\/wp-json\/wp\/v2\/categories?post=95666"},{"taxonomy":"post_tag","embeddable":true,"href":"https:\/\/regiaonews.net.br\/2022\/wp-json\/wp\/v2\/tags?post=95666"}],"curies":[{"name":"wp","href":"https:\/\/api.w.org\/{rel}","templated":true}]}}