{"id":95654,"date":"2023-09-26T07:31:32","date_gmt":"2023-09-26T10:31:32","guid":{"rendered":"https:\/\/regiaonews.net.br\/2022\/?p=95654"},"modified":"2023-09-26T07:37:58","modified_gmt":"2023-09-26T10:37:58","slug":"mulher-morre-apos-levar-18-facadas-em-severinia","status":"publish","type":"post","link":"https:\/\/regiaonews.net.br\/2022\/2023\/09\/26\/mulher-morre-apos-levar-18-facadas-em-severinia\/","title":{"rendered":"Feminic\u00eddio: Mulher morre ap\u00f3s levar 18 facadas em Sever\u00ednia"},"content":{"rendered":"<p>Uma mulher de 23 anos foi morta por volta das 7h45 de segunda \u2013 feira (25), a golpes de faca em Sever\u00ednia. A Pol\u00edcia Militar recebeu uma informa\u00e7\u00e3o da Guarda Municipal, que havia ocorrido uma tentativa de feminic\u00eddio, na pra\u00e7a da Matriz. E que o autor do crime, um sujeito de 35 anos estava em um ve\u00edculo JAC J3 vermelho e fugiu sentido rodovia. Imediatamente iniciaram dilig\u00eancias no sentido de localizar o autor, sem \u00eaxito. Os policiais retornaram ao local do crime, e a v\u00edtima havia sido socorrida com vida ao Pronto Socorro, por\u00e9m, n\u00e3o resistiu aos ferimentos e veio a \u00f3bito. Segundo informa\u00e7\u00f5es, a v\u00edtima foi atingida por 18 golpes de faca. A arma utilizada no crime foi encontrada pr\u00f3ximo ao local.<\/p>\n","protected":false},"excerpt":{"rendered":"<p>Uma mulher de 23 anos foi morta por volta das<\/p>\n","protected":false},"author":2,"featured_media":95657,"comment_status":"open","ping_status":"open","sticky":false,"template":"","format":"standard","meta":{"footnotes":""},"categories":[23,66],"tags":[],"class_list":["post-95654","post","type-post","status-publish","format-standard","has-post-thumbnail","hentry","category-policia","category-severinia"],"yoast_head":"<!-- This site is optimized with the Yoast SEO plugin v27.4 - https:\/\/yoast.com\/product\/yoast-seo-wordpress\/ -->\n<title>Mulher morre ap\u00f3s levar 18 facadas em Sever\u00ednia<\/title>\n<meta name=\"description\" content=\"Uma mulher de 23 anos foi morta por volta das 7h45 de segunda \u2013 feira (25), a golpes de faca em Sever\u00ednia. A Pol\u00edcia\" \/>\n<meta name=\"robots\" content=\"index, follow, max-snippet:-1, max-image-preview:large, max-video-preview:-1\" \/>\n<link rel=\"canonical\" href=\"https:\/\/regiaonews.net.br\/2022\/2023\/09\/26\/mulher-morre-apos-levar-18-facadas-em-severinia\/\" \/>\n<meta property=\"og:locale\" content=\"pt_BR\" \/>\n<meta property=\"og:type\" content=\"article\" \/>\n<meta property=\"og:title\" content=\"Mulher morre ap\u00f3s levar 18 facadas em Sever\u00ednia\" \/>\n<meta property=\"og:description\" content=\"Uma mulher de 23 anos foi morta por volta das 7h45 de segunda \u2013 feira (25), a golpes de faca em Sever\u00ednia. A Pol\u00edcia\" \/>\n<meta property=\"og:url\" content=\"https:\/\/regiaonews.net.br\/2022\/2023\/09\/26\/mulher-morre-apos-levar-18-facadas-em-severinia\/\" \/>\n<meta property=\"og:site_name\" content=\"Regi\u00e3o News\" \/>\n<meta property=\"article:published_time\" content=\"2023-09-26T10:31:32+00:00\" \/>\n<meta property=\"article:modified_time\" content=\"2023-09-26T10:37:58+00:00\" \/>\n<meta property=\"og:image\" content=\"https:\/\/regiaonews.net.br\/2022\/wp-content\/uploads\/2023\/09\/thumb_galeria-1.jpeg\" \/>\n\t<meta property=\"og:image:width\" content=\"860\" \/>\n\t<meta property=\"og:image:height\" content=\"500\" \/>\n\t<meta property=\"og:image:type\" content=\"image\/jpeg\" \/>\n<meta name=\"author\" content=\"Roberto\" \/>\n<meta name=\"twitter:card\" content=\"summary_large_image\" \/>\n<meta name=\"twitter:label1\" content=\"Escrito por\" \/>\n\t<meta name=\"twitter:data1\" content=\"Roberto\" \/>\n\t<meta name=\"twitter:label2\" content=\"Est. tempo de leitura\" \/>\n\t<meta name=\"twitter:data2\" content=\"1 minuto\" \/>\n<script type=\"application\/ld+json\" class=\"yoast-schema-graph\">{\"@context\":\"https:\\\/\\\/schema.org\",\"@graph\":[{\"@type\":\"Article\",\"@id\":\"https:\\\/\\\/regiaonews.net.br\\\/2022\\\/2023\\\/09\\\/26\\\/mulher-morre-apos-levar-18-facadas-em-severinia\\\/#article\",\"isPartOf\":{\"@id\":\"https:\\\/\\\/regiaonews.net.br\\\/2022\\\/2023\\\/09\\\/26\\\/mulher-morre-apos-levar-18-facadas-em-severinia\\\/\"},\"author\":{\"name\":\"Roberto\",\"@id\":\"https:\\\/\\\/regiaonews.net.br\\\/2022\\\/#\\\/schema\\\/person\\\/2d205a608a5aa97ac279d7a5e6d89ad8\"},\"headline\":\"Feminic\u00eddio: Mulher morre ap\u00f3s levar 18 facadas em Sever\u00ednia\",\"datePublished\":\"2023-09-26T10:31:32+00:00\",\"dateModified\":\"2023-09-26T10:37:58+00:00\",\"mainEntityOfPage\":{\"@id\":\"https:\\\/\\\/regiaonews.net.br\\\/2022\\\/2023\\\/09\\\/26\\\/mulher-morre-apos-levar-18-facadas-em-severinia\\\/\"},\"wordCount\":142,\"commentCount\":0,\"publisher\":{\"@id\":\"https:\\\/\\\/regiaonews.net.br\\\/2022\\\/#organization\"},\"image\":{\"@id\":\"https:\\\/\\\/regiaonews.net.br\\\/2022\\\/2023\\\/09\\\/26\\\/mulher-morre-apos-levar-18-facadas-em-severinia\\\/#primaryimage\"},\"thumbnailUrl\":\"https:\\\/\\\/regiaonews.net.br\\\/2022\\\/wp-content\\\/uploads\\\/2023\\\/09\\\/thumb_galeria-1.jpeg\",\"articleSection\":[\"Policia\",\"Sever\u00ednia\"],\"inLanguage\":\"pt-BR\",\"potentialAction\":[{\"@type\":\"CommentAction\",\"name\":\"Comment\",\"target\":[\"https:\\\/\\\/regiaonews.net.br\\\/2022\\\/2023\\\/09\\\/26\\\/mulher-morre-apos-levar-18-facadas-em-severinia\\\/#respond\"]}]},{\"@type\":\"WebPage\",\"@id\":\"https:\\\/\\\/regiaonews.net.br\\\/2022\\\/2023\\\/09\\\/26\\\/mulher-morre-apos-levar-18-facadas-em-severinia\\\/\",\"url\":\"https:\\\/\\\/regiaonews.net.br\\\/2022\\\/2023\\\/09\\\/26\\\/mulher-morre-apos-levar-18-facadas-em-severinia\\\/\",\"name\":\"Mulher morre ap\u00f3s levar 18 facadas em Sever\u00ednia\",\"isPartOf\":{\"@id\":\"https:\\\/\\\/regiaonews.net.br\\\/2022\\\/#website\"},\"primaryImageOfPage\":{\"@id\":\"https:\\\/\\\/regiaonews.net.br\\\/2022\\\/2023\\\/09\\\/26\\\/mulher-morre-apos-levar-18-facadas-em-severinia\\\/#primaryimage\"},\"image\":{\"@id\":\"https:\\\/\\\/regiaonews.net.br\\\/2022\\\/2023\\\/09\\\/26\\\/mulher-morre-apos-levar-18-facadas-em-severinia\\\/#primaryimage\"},\"thumbnailUrl\":\"https:\\\/\\\/regiaonews.net.br\\\/2022\\\/wp-content\\\/uploads\\\/2023\\\/09\\\/thumb_galeria-1.jpeg\",\"datePublished\":\"2023-09-26T10:31:32+00:00\",\"dateModified\":\"2023-09-26T10:37:58+00:00\",\"description\":\"Uma mulher de 23 anos foi morta por volta das 7h45 de segunda \u2013 feira (25), a golpes de faca em Sever\u00ednia. A Pol\u00edcia\",\"breadcrumb\":{\"@id\":\"https:\\\/\\\/regiaonews.net.br\\\/2022\\\/2023\\\/09\\\/26\\\/mulher-morre-apos-levar-18-facadas-em-severinia\\\/#breadcrumb\"},\"inLanguage\":\"pt-BR\",\"potentialAction\":[{\"@type\":\"ReadAction\",\"target\":[\"https:\\\/\\\/regiaonews.net.br\\\/2022\\\/2023\\\/09\\\/26\\\/mulher-morre-apos-levar-18-facadas-em-severinia\\\/\"]}]},{\"@type\":\"ImageObject\",\"inLanguage\":\"pt-BR\",\"@id\":\"https:\\\/\\\/regiaonews.net.br\\\/2022\\\/2023\\\/09\\\/26\\\/mulher-morre-apos-levar-18-facadas-em-severinia\\\/#primaryimage\",\"url\":\"https:\\\/\\\/regiaonews.net.br\\\/2022\\\/wp-content\\\/uploads\\\/2023\\\/09\\\/thumb_galeria-1.jpeg\",\"contentUrl\":\"https:\\\/\\\/regiaonews.net.br\\\/2022\\\/wp-content\\\/uploads\\\/2023\\\/09\\\/thumb_galeria-1.jpeg\",\"width\":860,\"height\":500},{\"@type\":\"BreadcrumbList\",\"@id\":\"https:\\\/\\\/regiaonews.net.br\\\/2022\\\/2023\\\/09\\\/26\\\/mulher-morre-apos-levar-18-facadas-em-severinia\\\/#breadcrumb\",\"itemListElement\":[{\"@type\":\"ListItem\",\"position\":1,\"name\":\"In\u00edcio\",\"item\":\"https:\\\/\\\/regiaonews.net.br\\\/2022\\\/\"},{\"@type\":\"ListItem\",\"position\":2,\"name\":\"Feminic\u00eddio: Mulher morre ap\u00f3s levar 18 facadas em Sever\u00ednia\"}]},{\"@type\":\"WebSite\",\"@id\":\"https:\\\/\\\/regiaonews.net.br\\\/2022\\\/#website\",\"url\":\"https:\\\/\\\/regiaonews.net.br\\\/2022\\\/\",\"name\":\"Regi\u00e3o News\",\"description\":\"Site de Not\u00edcias de Barretos e regi\u00e3o\",\"publisher\":{\"@id\":\"https:\\\/\\\/regiaonews.net.br\\\/2022\\\/#organization\"},\"potentialAction\":[{\"@type\":\"SearchAction\",\"target\":{\"@type\":\"EntryPoint\",\"urlTemplate\":\"https:\\\/\\\/regiaonews.net.br\\\/2022\\\/?s={search_term_string}\"},\"query-input\":{\"@type\":\"PropertyValueSpecification\",\"valueRequired\":true,\"valueName\":\"search_term_string\"}}],\"inLanguage\":\"pt-BR\"},{\"@type\":\"Organization\",\"@id\":\"https:\\\/\\\/regiaonews.net.br\\\/2022\\\/#organization\",\"name\":\"Regi\u00e3o News\",\"url\":\"https:\\\/\\\/regiaonews.net.br\\\/2022\\\/\",\"logo\":{\"@type\":\"ImageObject\",\"inLanguage\":\"pt-BR\",\"@id\":\"https:\\\/\\\/regiaonews.net.br\\\/2022\\\/#\\\/schema\\\/logo\\\/image\\\/\",\"url\":\"https:\\\/\\\/regiaonews.net.br\\\/2022\\\/wp-content\\\/uploads\\\/2026\\\/03\\\/regiao-13-anos-scaled.jpg\",\"contentUrl\":\"https:\\\/\\\/regiaonews.net.br\\\/2022\\\/wp-content\\\/uploads\\\/2026\\\/03\\\/regiao-13-anos-scaled.jpg\",\"width\":2560,\"height\":635,\"caption\":\"Regi\u00e3o News\"},\"image\":{\"@id\":\"https:\\\/\\\/regiaonews.net.br\\\/2022\\\/#\\\/schema\\\/logo\\\/image\\\/\"}},{\"@type\":\"Person\",\"@id\":\"https:\\\/\\\/regiaonews.net.br\\\/2022\\\/#\\\/schema\\\/person\\\/2d205a608a5aa97ac279d7a5e6d89ad8\",\"name\":\"Roberto\",\"image\":{\"@type\":\"ImageObject\",\"inLanguage\":\"pt-BR\",\"@id\":\"https:\\\/\\\/secure.gravatar.com\\\/avatar\\\/42749d8b712ff9d59ca93dc150494e5b55a44134482993f5baeb97e61b7ecc89?s=96&d=mm&r=g\",\"url\":\"https:\\\/\\\/secure.gravatar.com\\\/avatar\\\/42749d8b712ff9d59ca93dc150494e5b55a44134482993f5baeb97e61b7ecc89?s=96&d=mm&r=g\",\"contentUrl\":\"https:\\\/\\\/secure.gravatar.com\\\/avatar\\\/42749d8b712ff9d59ca93dc150494e5b55a44134482993f5baeb97e61b7ecc89?s=96&d=mm&r=g\",\"caption\":\"Roberto\"},\"url\":\"https:\\\/\\\/regiaonews.net.br\\\/2022\\\/author\\\/roberto\\\/\"}]}<\/script>\n<!-- \/ Yoast SEO plugin. -->","yoast_head_json":{"title":"Mulher morre ap\u00f3s levar 18 facadas em Sever\u00ednia","description":"Uma mulher de 23 anos foi morta por volta das 7h45 de segunda \u2013 feira (25), a golpes de faca em Sever\u00ednia. A Pol\u00edcia","robots":{"index":"index","follow":"follow","max-snippet":"max-snippet:-1","max-image-preview":"max-image-preview:large","max-video-preview":"max-video-preview:-1"},"canonical":"https:\/\/regiaonews.net.br\/2022\/2023\/09\/26\/mulher-morre-apos-levar-18-facadas-em-severinia\/","og_locale":"pt_BR","og_type":"article","og_title":"Mulher morre ap\u00f3s levar 18 facadas em Sever\u00ednia","og_description":"Uma mulher de 23 anos foi morta por volta das 7h45 de segunda \u2013 feira (25), a golpes de faca em Sever\u00ednia. A Pol\u00edcia","og_url":"https:\/\/regiaonews.net.br\/2022\/2023\/09\/26\/mulher-morre-apos-levar-18-facadas-em-severinia\/","og_site_name":"Regi\u00e3o News","article_published_time":"2023-09-26T10:31:32+00:00","article_modified_time":"2023-09-26T10:37:58+00:00","og_image":[{"width":860,"height":500,"url":"https:\/\/regiaonews.net.br\/2022\/wp-content\/uploads\/2023\/09\/thumb_galeria-1.jpeg","type":"image\/jpeg"}],"author":"Roberto","twitter_card":"summary_large_image","twitter_misc":{"Escrito por":"Roberto","Est. tempo de leitura":"1 minuto"},"schema":{"@context":"https:\/\/schema.org","@graph":[{"@type":"Article","@id":"https:\/\/regiaonews.net.br\/2022\/2023\/09\/26\/mulher-morre-apos-levar-18-facadas-em-severinia\/#article","isPartOf":{"@id":"https:\/\/regiaonews.net.br\/2022\/2023\/09\/26\/mulher-morre-apos-levar-18-facadas-em-severinia\/"},"author":{"name":"Roberto","@id":"https:\/\/regiaonews.net.br\/2022\/#\/schema\/person\/2d205a608a5aa97ac279d7a5e6d89ad8"},"headline":"Feminic\u00eddio: Mulher morre ap\u00f3s levar 18 facadas em Sever\u00ednia","datePublished":"2023-09-26T10:31:32+00:00","dateModified":"2023-09-26T10:37:58+00:00","mainEntityOfPage":{"@id":"https:\/\/regiaonews.net.br\/2022\/2023\/09\/26\/mulher-morre-apos-levar-18-facadas-em-severinia\/"},"wordCount":142,"commentCount":0,"publisher":{"@id":"https:\/\/regiaonews.net.br\/2022\/#organization"},"image":{"@id":"https:\/\/regiaonews.net.br\/2022\/2023\/09\/26\/mulher-morre-apos-levar-18-facadas-em-severinia\/#primaryimage"},"thumbnailUrl":"https:\/\/regiaonews.net.br\/2022\/wp-content\/uploads\/2023\/09\/thumb_galeria-1.jpeg","articleSection":["Policia","Sever\u00ednia"],"inLanguage":"pt-BR","potentialAction":[{"@type":"CommentAction","name":"Comment","target":["https:\/\/regiaonews.net.br\/2022\/2023\/09\/26\/mulher-morre-apos-levar-18-facadas-em-severinia\/#respond"]}]},{"@type":"WebPage","@id":"https:\/\/regiaonews.net.br\/2022\/2023\/09\/26\/mulher-morre-apos-levar-18-facadas-em-severinia\/","url":"https:\/\/regiaonews.net.br\/2022\/2023\/09\/26\/mulher-morre-apos-levar-18-facadas-em-severinia\/","name":"Mulher morre ap\u00f3s levar 18 facadas em Sever\u00ednia","isPartOf":{"@id":"https:\/\/regiaonews.net.br\/2022\/#website"},"primaryImageOfPage":{"@id":"https:\/\/regiaonews.net.br\/2022\/2023\/09\/26\/mulher-morre-apos-levar-18-facadas-em-severinia\/#primaryimage"},"image":{"@id":"https:\/\/regiaonews.net.br\/2022\/2023\/09\/26\/mulher-morre-apos-levar-18-facadas-em-severinia\/#primaryimage"},"thumbnailUrl":"https:\/\/regiaonews.net.br\/2022\/wp-content\/uploads\/2023\/09\/thumb_galeria-1.jpeg","datePublished":"2023-09-26T10:31:32+00:00","dateModified":"2023-09-26T10:37:58+00:00","description":"Uma mulher de 23 anos foi morta por volta das 7h45 de segunda \u2013 feira (25), a golpes de faca em Sever\u00ednia. A Pol\u00edcia","breadcrumb":{"@id":"https:\/\/regiaonews.net.br\/2022\/2023\/09\/26\/mulher-morre-apos-levar-18-facadas-em-severinia\/#breadcrumb"},"inLanguage":"pt-BR","potentialAction":[{"@type":"ReadAction","target":["https:\/\/regiaonews.net.br\/2022\/2023\/09\/26\/mulher-morre-apos-levar-18-facadas-em-severinia\/"]}]},{"@type":"ImageObject","inLanguage":"pt-BR","@id":"https:\/\/regiaonews.net.br\/2022\/2023\/09\/26\/mulher-morre-apos-levar-18-facadas-em-severinia\/#primaryimage","url":"https:\/\/regiaonews.net.br\/2022\/wp-content\/uploads\/2023\/09\/thumb_galeria-1.jpeg","contentUrl":"https:\/\/regiaonews.net.br\/2022\/wp-content\/uploads\/2023\/09\/thumb_galeria-1.jpeg","width":860,"height":500},{"@type":"BreadcrumbList","@id":"https:\/\/regiaonews.net.br\/2022\/2023\/09\/26\/mulher-morre-apos-levar-18-facadas-em-severinia\/#breadcrumb","itemListElement":[{"@type":"ListItem","position":1,"name":"In\u00edcio","item":"https:\/\/regiaonews.net.br\/2022\/"},{"@type":"ListItem","position":2,"name":"Feminic\u00eddio: Mulher morre ap\u00f3s levar 18 facadas em Sever\u00ednia"}]},{"@type":"WebSite","@id":"https:\/\/regiaonews.net.br\/2022\/#website","url":"https:\/\/regiaonews.net.br\/2022\/","name":"Regi\u00e3o News","description":"Site de Not\u00edcias de Barretos e regi\u00e3o","publisher":{"@id":"https:\/\/regiaonews.net.br\/2022\/#organization"},"potentialAction":[{"@type":"SearchAction","target":{"@type":"EntryPoint","urlTemplate":"https:\/\/regiaonews.net.br\/2022\/?s={search_term_string}"},"query-input":{"@type":"PropertyValueSpecification","valueRequired":true,"valueName":"search_term_string"}}],"inLanguage":"pt-BR"},{"@type":"Organization","@id":"https:\/\/regiaonews.net.br\/2022\/#organization","name":"Regi\u00e3o News","url":"https:\/\/regiaonews.net.br\/2022\/","logo":{"@type":"ImageObject","inLanguage":"pt-BR","@id":"https:\/\/regiaonews.net.br\/2022\/#\/schema\/logo\/image\/","url":"https:\/\/regiaonews.net.br\/2022\/wp-content\/uploads\/2026\/03\/regiao-13-anos-scaled.jpg","contentUrl":"https:\/\/regiaonews.net.br\/2022\/wp-content\/uploads\/2026\/03\/regiao-13-anos-scaled.jpg","width":2560,"height":635,"caption":"Regi\u00e3o News"},"image":{"@id":"https:\/\/regiaonews.net.br\/2022\/#\/schema\/logo\/image\/"}},{"@type":"Person","@id":"https:\/\/regiaonews.net.br\/2022\/#\/schema\/person\/2d205a608a5aa97ac279d7a5e6d89ad8","name":"Roberto","image":{"@type":"ImageObject","inLanguage":"pt-BR","@id":"https:\/\/secure.gravatar.com\/avatar\/42749d8b712ff9d59ca93dc150494e5b55a44134482993f5baeb97e61b7ecc89?s=96&d=mm&r=g","url":"https:\/\/secure.gravatar.com\/avatar\/42749d8b712ff9d59ca93dc150494e5b55a44134482993f5baeb97e61b7ecc89?s=96&d=mm&r=g","contentUrl":"https:\/\/secure.gravatar.com\/avatar\/42749d8b712ff9d59ca93dc150494e5b55a44134482993f5baeb97e61b7ecc89?s=96&d=mm&r=g","caption":"Roberto"},"url":"https:\/\/regiaonews.net.br\/2022\/author\/roberto\/"}]}},"publishpress_future_action":{"enabled":false,"date":"2026-05-04 15:56:47","action":"change-status","newStatus":"draft","terms":[],"taxonomy":"category","extraData":[]},"publishpress_future_workflow_manual_trigger":{"enabledWorkflows":[]},"_links":{"self":[{"href":"https:\/\/regiaonews.net.br\/2022\/wp-json\/wp\/v2\/posts\/95654","targetHints":{"allow":["GET"]}}],"collection":[{"href":"https:\/\/regiaonews.net.br\/2022\/wp-json\/wp\/v2\/posts"}],"about":[{"href":"https:\/\/regiaonews.net.br\/2022\/wp-json\/wp\/v2\/types\/post"}],"author":[{"embeddable":true,"href":"https:\/\/regiaonews.net.br\/2022\/wp-json\/wp\/v2\/users\/2"}],"replies":[{"embeddable":true,"href":"https:\/\/regiaonews.net.br\/2022\/wp-json\/wp\/v2\/comments?post=95654"}],"version-history":[{"count":2,"href":"https:\/\/regiaonews.net.br\/2022\/wp-json\/wp\/v2\/posts\/95654\/revisions"}],"predecessor-version":[{"id":95658,"href":"https:\/\/regiaonews.net.br\/2022\/wp-json\/wp\/v2\/posts\/95654\/revisions\/95658"}],"wp:featuredmedia":[{"embeddable":true,"href":"https:\/\/regiaonews.net.br\/2022\/wp-json\/wp\/v2\/media\/95657"}],"wp:attachment":[{"href":"https:\/\/regiaonews.net.br\/2022\/wp-json\/wp\/v2\/media?parent=95654"}],"wp:term":[{"taxonomy":"category","embeddable":true,"href":"https:\/\/regiaonews.net.br\/2022\/wp-json\/wp\/v2\/categories?post=95654"},{"taxonomy":"post_tag","embeddable":true,"href":"https:\/\/regiaonews.net.br\/2022\/wp-json\/wp\/v2\/tags?post=95654"}],"curies":[{"name":"wp","href":"https:\/\/api.w.org\/{rel}","templated":true}]}}