{"id":95651,"date":"2023-09-26T07:28:40","date_gmt":"2023-09-26T10:28:40","guid":{"rendered":"https:\/\/regiaonews.net.br\/2022\/?p=95651"},"modified":"2023-09-26T07:28:40","modified_gmt":"2023-09-26T10:28:40","slug":"caminhao-carregado-com-35-toneladas-de-ureia-tomba-em-acesso-a-rodovia","status":"publish","type":"post","link":"https:\/\/regiaonews.net.br\/2022\/2023\/09\/26\/caminhao-carregado-com-35-toneladas-de-ureia-tomba-em-acesso-a-rodovia\/","title":{"rendered":"Caminh\u00e3o carregado com 35 toneladas de Ureia tomba em acesso a rodovia"},"content":{"rendered":"<p>Um caminh\u00e3o Scania que transportava uma carga de 35 toneladas de Ureia Protegida, tombou por volta das 14h00 de segunda \u2013 feira (25), em uma das pistas da avenida Dr. Guilherme Seraphico de Assis Carvalho, no Distrito Industrial II em Barretos. Segundo informa\u00e7\u00f5es, o caminh\u00e3o havia sa\u00eddo de um galp\u00e3o da empresa LSX Agrofert no Distrito Industrial II, em dire\u00e7\u00e3o a rodovia Assis Chateaubriand, quando por motivos desconhecidos ocorreu o acidente. Equipes do Corpo de Bombeiros foram acionadas no local para o atendimento da ocorr\u00eancia, por\u00e9m, o motorista n\u00e3o ficou ferido e recusou atendimento. A empresa LSX Agrofert imitiu um comunicado oficial que diz o seguinte:<br \/>\n\u201c N\u00f3s da empresa LSX Agrofert, comunicamos que na tarde dessa segunda-feira (25), um dos caminh\u00f5es que prestava servi\u00e7o terceirizado para a nossa empresa tombou na sa\u00edda da Est\u00e2ncia Tur\u00edstica de Barretos com destino a Gua\u00edra. Nossa empresa prestou todo o suporte necess\u00e1rio ao motorista envolvido e todas as provid\u00eancias j\u00e1 foram tomadas. Nos preocupamos sempre em bem servir, mas acima de qualquer coisa e dos danos materiais, nos importamos em zelar pelas vidas que estavam envolvidas nesse acidente. Est\u00e1 tudo encaminhado para que esse epis\u00f3dio se resolva da melhor forma poss\u00edvel, para todas as partes envolvidas\u201d.<\/p>\n<p>Foto &#8211; Tininho J\u00fanior<\/p>\n","protected":false},"excerpt":{"rendered":"<p>Um caminh\u00e3o Scania que transportava uma carga de 35 toneladas<\/p>\n","protected":false},"author":2,"featured_media":95652,"comment_status":"open","ping_status":"open","sticky":false,"template":"","format":"standard","meta":{"footnotes":""},"categories":[14,23],"tags":[],"class_list":["post-95651","post","type-post","status-publish","format-standard","has-post-thumbnail","hentry","category-barretos","category-policia"],"yoast_head":"<!-- This site is optimized with the Yoast SEO plugin v27.4 - https:\/\/yoast.com\/product\/yoast-seo-wordpress\/ -->\n<title>Caminh\u00e3o carregado com 35 toneladas de Ureia tomba em acesso a rodovia - Regi\u00e3o News<\/title>\n<meta name=\"robots\" content=\"index, follow, max-snippet:-1, max-image-preview:large, max-video-preview:-1\" \/>\n<link rel=\"canonical\" href=\"https:\/\/regiaonews.net.br\/2022\/2023\/09\/26\/caminhao-carregado-com-35-toneladas-de-ureia-tomba-em-acesso-a-rodovia\/\" \/>\n<meta property=\"og:locale\" content=\"pt_BR\" \/>\n<meta property=\"og:type\" content=\"article\" \/>\n<meta property=\"og:title\" content=\"Caminh\u00e3o carregado com 35 toneladas de Ureia tomba em acesso a rodovia - Regi\u00e3o News\" \/>\n<meta property=\"og:description\" content=\"Um caminh\u00e3o Scania que transportava uma carga de 35 toneladas\" \/>\n<meta property=\"og:url\" content=\"https:\/\/regiaonews.net.br\/2022\/2023\/09\/26\/caminhao-carregado-com-35-toneladas-de-ureia-tomba-em-acesso-a-rodovia\/\" \/>\n<meta property=\"og:site_name\" content=\"Regi\u00e3o News\" \/>\n<meta property=\"article:published_time\" content=\"2023-09-26T10:28:40+00:00\" \/>\n<meta property=\"og:image\" content=\"https:\/\/regiaonews.net.br\/2022\/wp-content\/uploads\/2023\/09\/IMG-20230925-WA0473.jpg\" \/>\n\t<meta property=\"og:image:width\" content=\"1600\" \/>\n\t<meta property=\"og:image:height\" content=\"1200\" \/>\n\t<meta property=\"og:image:type\" content=\"image\/jpeg\" \/>\n<meta name=\"author\" content=\"Roberto\" \/>\n<meta name=\"twitter:card\" content=\"summary_large_image\" \/>\n<meta name=\"twitter:label1\" content=\"Escrito por\" \/>\n\t<meta name=\"twitter:data1\" content=\"Roberto\" \/>\n\t<meta name=\"twitter:label2\" content=\"Est. tempo de leitura\" \/>\n\t<meta name=\"twitter:data2\" content=\"2 minutos\" \/>\n<script type=\"application\/ld+json\" class=\"yoast-schema-graph\">{\"@context\":\"https:\\\/\\\/schema.org\",\"@graph\":[{\"@type\":\"Article\",\"@id\":\"https:\\\/\\\/regiaonews.net.br\\\/2022\\\/2023\\\/09\\\/26\\\/caminhao-carregado-com-35-toneladas-de-ureia-tomba-em-acesso-a-rodovia\\\/#article\",\"isPartOf\":{\"@id\":\"https:\\\/\\\/regiaonews.net.br\\\/2022\\\/2023\\\/09\\\/26\\\/caminhao-carregado-com-35-toneladas-de-ureia-tomba-em-acesso-a-rodovia\\\/\"},\"author\":{\"name\":\"Roberto\",\"@id\":\"https:\\\/\\\/regiaonews.net.br\\\/2022\\\/#\\\/schema\\\/person\\\/2d205a608a5aa97ac279d7a5e6d89ad8\"},\"headline\":\"Caminh\u00e3o carregado com 35 toneladas de Ureia tomba em acesso a rodovia\",\"datePublished\":\"2023-09-26T10:28:40+00:00\",\"mainEntityOfPage\":{\"@id\":\"https:\\\/\\\/regiaonews.net.br\\\/2022\\\/2023\\\/09\\\/26\\\/caminhao-carregado-com-35-toneladas-de-ureia-tomba-em-acesso-a-rodovia\\\/\"},\"wordCount\":235,\"commentCount\":0,\"publisher\":{\"@id\":\"https:\\\/\\\/regiaonews.net.br\\\/2022\\\/#organization\"},\"image\":{\"@id\":\"https:\\\/\\\/regiaonews.net.br\\\/2022\\\/2023\\\/09\\\/26\\\/caminhao-carregado-com-35-toneladas-de-ureia-tomba-em-acesso-a-rodovia\\\/#primaryimage\"},\"thumbnailUrl\":\"https:\\\/\\\/regiaonews.net.br\\\/2022\\\/wp-content\\\/uploads\\\/2023\\\/09\\\/IMG-20230925-WA0473.jpg\",\"articleSection\":[\"Barretos\",\"Policia\"],\"inLanguage\":\"pt-BR\",\"potentialAction\":[{\"@type\":\"CommentAction\",\"name\":\"Comment\",\"target\":[\"https:\\\/\\\/regiaonews.net.br\\\/2022\\\/2023\\\/09\\\/26\\\/caminhao-carregado-com-35-toneladas-de-ureia-tomba-em-acesso-a-rodovia\\\/#respond\"]}]},{\"@type\":\"WebPage\",\"@id\":\"https:\\\/\\\/regiaonews.net.br\\\/2022\\\/2023\\\/09\\\/26\\\/caminhao-carregado-com-35-toneladas-de-ureia-tomba-em-acesso-a-rodovia\\\/\",\"url\":\"https:\\\/\\\/regiaonews.net.br\\\/2022\\\/2023\\\/09\\\/26\\\/caminhao-carregado-com-35-toneladas-de-ureia-tomba-em-acesso-a-rodovia\\\/\",\"name\":\"Caminh\u00e3o carregado com 35 toneladas de Ureia tomba em acesso a rodovia - Regi\u00e3o News\",\"isPartOf\":{\"@id\":\"https:\\\/\\\/regiaonews.net.br\\\/2022\\\/#website\"},\"primaryImageOfPage\":{\"@id\":\"https:\\\/\\\/regiaonews.net.br\\\/2022\\\/2023\\\/09\\\/26\\\/caminhao-carregado-com-35-toneladas-de-ureia-tomba-em-acesso-a-rodovia\\\/#primaryimage\"},\"image\":{\"@id\":\"https:\\\/\\\/regiaonews.net.br\\\/2022\\\/2023\\\/09\\\/26\\\/caminhao-carregado-com-35-toneladas-de-ureia-tomba-em-acesso-a-rodovia\\\/#primaryimage\"},\"thumbnailUrl\":\"https:\\\/\\\/regiaonews.net.br\\\/2022\\\/wp-content\\\/uploads\\\/2023\\\/09\\\/IMG-20230925-WA0473.jpg\",\"datePublished\":\"2023-09-26T10:28:40+00:00\",\"breadcrumb\":{\"@id\":\"https:\\\/\\\/regiaonews.net.br\\\/2022\\\/2023\\\/09\\\/26\\\/caminhao-carregado-com-35-toneladas-de-ureia-tomba-em-acesso-a-rodovia\\\/#breadcrumb\"},\"inLanguage\":\"pt-BR\",\"potentialAction\":[{\"@type\":\"ReadAction\",\"target\":[\"https:\\\/\\\/regiaonews.net.br\\\/2022\\\/2023\\\/09\\\/26\\\/caminhao-carregado-com-35-toneladas-de-ureia-tomba-em-acesso-a-rodovia\\\/\"]}]},{\"@type\":\"ImageObject\",\"inLanguage\":\"pt-BR\",\"@id\":\"https:\\\/\\\/regiaonews.net.br\\\/2022\\\/2023\\\/09\\\/26\\\/caminhao-carregado-com-35-toneladas-de-ureia-tomba-em-acesso-a-rodovia\\\/#primaryimage\",\"url\":\"https:\\\/\\\/regiaonews.net.br\\\/2022\\\/wp-content\\\/uploads\\\/2023\\\/09\\\/IMG-20230925-WA0473.jpg\",\"contentUrl\":\"https:\\\/\\\/regiaonews.net.br\\\/2022\\\/wp-content\\\/uploads\\\/2023\\\/09\\\/IMG-20230925-WA0473.jpg\",\"width\":1600,\"height\":1200},{\"@type\":\"BreadcrumbList\",\"@id\":\"https:\\\/\\\/regiaonews.net.br\\\/2022\\\/2023\\\/09\\\/26\\\/caminhao-carregado-com-35-toneladas-de-ureia-tomba-em-acesso-a-rodovia\\\/#breadcrumb\",\"itemListElement\":[{\"@type\":\"ListItem\",\"position\":1,\"name\":\"In\u00edcio\",\"item\":\"https:\\\/\\\/regiaonews.net.br\\\/2022\\\/\"},{\"@type\":\"ListItem\",\"position\":2,\"name\":\"Caminh\u00e3o carregado com 35 toneladas de Ureia tomba em acesso a rodovia\"}]},{\"@type\":\"WebSite\",\"@id\":\"https:\\\/\\\/regiaonews.net.br\\\/2022\\\/#website\",\"url\":\"https:\\\/\\\/regiaonews.net.br\\\/2022\\\/\",\"name\":\"Regi\u00e3o News\",\"description\":\"Site de Not\u00edcias de Barretos e regi\u00e3o\",\"publisher\":{\"@id\":\"https:\\\/\\\/regiaonews.net.br\\\/2022\\\/#organization\"},\"potentialAction\":[{\"@type\":\"SearchAction\",\"target\":{\"@type\":\"EntryPoint\",\"urlTemplate\":\"https:\\\/\\\/regiaonews.net.br\\\/2022\\\/?s={search_term_string}\"},\"query-input\":{\"@type\":\"PropertyValueSpecification\",\"valueRequired\":true,\"valueName\":\"search_term_string\"}}],\"inLanguage\":\"pt-BR\"},{\"@type\":\"Organization\",\"@id\":\"https:\\\/\\\/regiaonews.net.br\\\/2022\\\/#organization\",\"name\":\"Regi\u00e3o News\",\"url\":\"https:\\\/\\\/regiaonews.net.br\\\/2022\\\/\",\"logo\":{\"@type\":\"ImageObject\",\"inLanguage\":\"pt-BR\",\"@id\":\"https:\\\/\\\/regiaonews.net.br\\\/2022\\\/#\\\/schema\\\/logo\\\/image\\\/\",\"url\":\"https:\\\/\\\/regiaonews.net.br\\\/2022\\\/wp-content\\\/uploads\\\/2026\\\/03\\\/regiao-13-anos-scaled.jpg\",\"contentUrl\":\"https:\\\/\\\/regiaonews.net.br\\\/2022\\\/wp-content\\\/uploads\\\/2026\\\/03\\\/regiao-13-anos-scaled.jpg\",\"width\":2560,\"height\":635,\"caption\":\"Regi\u00e3o News\"},\"image\":{\"@id\":\"https:\\\/\\\/regiaonews.net.br\\\/2022\\\/#\\\/schema\\\/logo\\\/image\\\/\"}},{\"@type\":\"Person\",\"@id\":\"https:\\\/\\\/regiaonews.net.br\\\/2022\\\/#\\\/schema\\\/person\\\/2d205a608a5aa97ac279d7a5e6d89ad8\",\"name\":\"Roberto\",\"image\":{\"@type\":\"ImageObject\",\"inLanguage\":\"pt-BR\",\"@id\":\"https:\\\/\\\/secure.gravatar.com\\\/avatar\\\/42749d8b712ff9d59ca93dc150494e5b55a44134482993f5baeb97e61b7ecc89?s=96&d=mm&r=g\",\"url\":\"https:\\\/\\\/secure.gravatar.com\\\/avatar\\\/42749d8b712ff9d59ca93dc150494e5b55a44134482993f5baeb97e61b7ecc89?s=96&d=mm&r=g\",\"contentUrl\":\"https:\\\/\\\/secure.gravatar.com\\\/avatar\\\/42749d8b712ff9d59ca93dc150494e5b55a44134482993f5baeb97e61b7ecc89?s=96&d=mm&r=g\",\"caption\":\"Roberto\"},\"url\":\"https:\\\/\\\/regiaonews.net.br\\\/2022\\\/author\\\/roberto\\\/\"}]}<\/script>\n<!-- \/ Yoast SEO plugin. -->","yoast_head_json":{"title":"Caminh\u00e3o carregado com 35 toneladas de Ureia tomba em acesso a rodovia - Regi\u00e3o News","robots":{"index":"index","follow":"follow","max-snippet":"max-snippet:-1","max-image-preview":"max-image-preview:large","max-video-preview":"max-video-preview:-1"},"canonical":"https:\/\/regiaonews.net.br\/2022\/2023\/09\/26\/caminhao-carregado-com-35-toneladas-de-ureia-tomba-em-acesso-a-rodovia\/","og_locale":"pt_BR","og_type":"article","og_title":"Caminh\u00e3o carregado com 35 toneladas de Ureia tomba em acesso a rodovia - Regi\u00e3o News","og_description":"Um caminh\u00e3o Scania que transportava uma carga de 35 toneladas","og_url":"https:\/\/regiaonews.net.br\/2022\/2023\/09\/26\/caminhao-carregado-com-35-toneladas-de-ureia-tomba-em-acesso-a-rodovia\/","og_site_name":"Regi\u00e3o News","article_published_time":"2023-09-26T10:28:40+00:00","og_image":[{"width":1600,"height":1200,"url":"https:\/\/regiaonews.net.br\/2022\/wp-content\/uploads\/2023\/09\/IMG-20230925-WA0473.jpg","type":"image\/jpeg"}],"author":"Roberto","twitter_card":"summary_large_image","twitter_misc":{"Escrito por":"Roberto","Est. tempo de leitura":"2 minutos"},"schema":{"@context":"https:\/\/schema.org","@graph":[{"@type":"Article","@id":"https:\/\/regiaonews.net.br\/2022\/2023\/09\/26\/caminhao-carregado-com-35-toneladas-de-ureia-tomba-em-acesso-a-rodovia\/#article","isPartOf":{"@id":"https:\/\/regiaonews.net.br\/2022\/2023\/09\/26\/caminhao-carregado-com-35-toneladas-de-ureia-tomba-em-acesso-a-rodovia\/"},"author":{"name":"Roberto","@id":"https:\/\/regiaonews.net.br\/2022\/#\/schema\/person\/2d205a608a5aa97ac279d7a5e6d89ad8"},"headline":"Caminh\u00e3o carregado com 35 toneladas de Ureia tomba em acesso a rodovia","datePublished":"2023-09-26T10:28:40+00:00","mainEntityOfPage":{"@id":"https:\/\/regiaonews.net.br\/2022\/2023\/09\/26\/caminhao-carregado-com-35-toneladas-de-ureia-tomba-em-acesso-a-rodovia\/"},"wordCount":235,"commentCount":0,"publisher":{"@id":"https:\/\/regiaonews.net.br\/2022\/#organization"},"image":{"@id":"https:\/\/regiaonews.net.br\/2022\/2023\/09\/26\/caminhao-carregado-com-35-toneladas-de-ureia-tomba-em-acesso-a-rodovia\/#primaryimage"},"thumbnailUrl":"https:\/\/regiaonews.net.br\/2022\/wp-content\/uploads\/2023\/09\/IMG-20230925-WA0473.jpg","articleSection":["Barretos","Policia"],"inLanguage":"pt-BR","potentialAction":[{"@type":"CommentAction","name":"Comment","target":["https:\/\/regiaonews.net.br\/2022\/2023\/09\/26\/caminhao-carregado-com-35-toneladas-de-ureia-tomba-em-acesso-a-rodovia\/#respond"]}]},{"@type":"WebPage","@id":"https:\/\/regiaonews.net.br\/2022\/2023\/09\/26\/caminhao-carregado-com-35-toneladas-de-ureia-tomba-em-acesso-a-rodovia\/","url":"https:\/\/regiaonews.net.br\/2022\/2023\/09\/26\/caminhao-carregado-com-35-toneladas-de-ureia-tomba-em-acesso-a-rodovia\/","name":"Caminh\u00e3o carregado com 35 toneladas de Ureia tomba em acesso a rodovia - Regi\u00e3o News","isPartOf":{"@id":"https:\/\/regiaonews.net.br\/2022\/#website"},"primaryImageOfPage":{"@id":"https:\/\/regiaonews.net.br\/2022\/2023\/09\/26\/caminhao-carregado-com-35-toneladas-de-ureia-tomba-em-acesso-a-rodovia\/#primaryimage"},"image":{"@id":"https:\/\/regiaonews.net.br\/2022\/2023\/09\/26\/caminhao-carregado-com-35-toneladas-de-ureia-tomba-em-acesso-a-rodovia\/#primaryimage"},"thumbnailUrl":"https:\/\/regiaonews.net.br\/2022\/wp-content\/uploads\/2023\/09\/IMG-20230925-WA0473.jpg","datePublished":"2023-09-26T10:28:40+00:00","breadcrumb":{"@id":"https:\/\/regiaonews.net.br\/2022\/2023\/09\/26\/caminhao-carregado-com-35-toneladas-de-ureia-tomba-em-acesso-a-rodovia\/#breadcrumb"},"inLanguage":"pt-BR","potentialAction":[{"@type":"ReadAction","target":["https:\/\/regiaonews.net.br\/2022\/2023\/09\/26\/caminhao-carregado-com-35-toneladas-de-ureia-tomba-em-acesso-a-rodovia\/"]}]},{"@type":"ImageObject","inLanguage":"pt-BR","@id":"https:\/\/regiaonews.net.br\/2022\/2023\/09\/26\/caminhao-carregado-com-35-toneladas-de-ureia-tomba-em-acesso-a-rodovia\/#primaryimage","url":"https:\/\/regiaonews.net.br\/2022\/wp-content\/uploads\/2023\/09\/IMG-20230925-WA0473.jpg","contentUrl":"https:\/\/regiaonews.net.br\/2022\/wp-content\/uploads\/2023\/09\/IMG-20230925-WA0473.jpg","width":1600,"height":1200},{"@type":"BreadcrumbList","@id":"https:\/\/regiaonews.net.br\/2022\/2023\/09\/26\/caminhao-carregado-com-35-toneladas-de-ureia-tomba-em-acesso-a-rodovia\/#breadcrumb","itemListElement":[{"@type":"ListItem","position":1,"name":"In\u00edcio","item":"https:\/\/regiaonews.net.br\/2022\/"},{"@type":"ListItem","position":2,"name":"Caminh\u00e3o carregado com 35 toneladas de Ureia tomba em acesso a rodovia"}]},{"@type":"WebSite","@id":"https:\/\/regiaonews.net.br\/2022\/#website","url":"https:\/\/regiaonews.net.br\/2022\/","name":"Regi\u00e3o News","description":"Site de Not\u00edcias de Barretos e regi\u00e3o","publisher":{"@id":"https:\/\/regiaonews.net.br\/2022\/#organization"},"potentialAction":[{"@type":"SearchAction","target":{"@type":"EntryPoint","urlTemplate":"https:\/\/regiaonews.net.br\/2022\/?s={search_term_string}"},"query-input":{"@type":"PropertyValueSpecification","valueRequired":true,"valueName":"search_term_string"}}],"inLanguage":"pt-BR"},{"@type":"Organization","@id":"https:\/\/regiaonews.net.br\/2022\/#organization","name":"Regi\u00e3o News","url":"https:\/\/regiaonews.net.br\/2022\/","logo":{"@type":"ImageObject","inLanguage":"pt-BR","@id":"https:\/\/regiaonews.net.br\/2022\/#\/schema\/logo\/image\/","url":"https:\/\/regiaonews.net.br\/2022\/wp-content\/uploads\/2026\/03\/regiao-13-anos-scaled.jpg","contentUrl":"https:\/\/regiaonews.net.br\/2022\/wp-content\/uploads\/2026\/03\/regiao-13-anos-scaled.jpg","width":2560,"height":635,"caption":"Regi\u00e3o News"},"image":{"@id":"https:\/\/regiaonews.net.br\/2022\/#\/schema\/logo\/image\/"}},{"@type":"Person","@id":"https:\/\/regiaonews.net.br\/2022\/#\/schema\/person\/2d205a608a5aa97ac279d7a5e6d89ad8","name":"Roberto","image":{"@type":"ImageObject","inLanguage":"pt-BR","@id":"https:\/\/secure.gravatar.com\/avatar\/42749d8b712ff9d59ca93dc150494e5b55a44134482993f5baeb97e61b7ecc89?s=96&d=mm&r=g","url":"https:\/\/secure.gravatar.com\/avatar\/42749d8b712ff9d59ca93dc150494e5b55a44134482993f5baeb97e61b7ecc89?s=96&d=mm&r=g","contentUrl":"https:\/\/secure.gravatar.com\/avatar\/42749d8b712ff9d59ca93dc150494e5b55a44134482993f5baeb97e61b7ecc89?s=96&d=mm&r=g","caption":"Roberto"},"url":"https:\/\/regiaonews.net.br\/2022\/author\/roberto\/"}]}},"publishpress_future_action":{"enabled":false,"date":"2026-05-04 15:56:29","action":"change-status","newStatus":"draft","terms":[],"taxonomy":"category","extraData":[]},"publishpress_future_workflow_manual_trigger":{"enabledWorkflows":[]},"_links":{"self":[{"href":"https:\/\/regiaonews.net.br\/2022\/wp-json\/wp\/v2\/posts\/95651","targetHints":{"allow":["GET"]}}],"collection":[{"href":"https:\/\/regiaonews.net.br\/2022\/wp-json\/wp\/v2\/posts"}],"about":[{"href":"https:\/\/regiaonews.net.br\/2022\/wp-json\/wp\/v2\/types\/post"}],"author":[{"embeddable":true,"href":"https:\/\/regiaonews.net.br\/2022\/wp-json\/wp\/v2\/users\/2"}],"replies":[{"embeddable":true,"href":"https:\/\/regiaonews.net.br\/2022\/wp-json\/wp\/v2\/comments?post=95651"}],"version-history":[{"count":1,"href":"https:\/\/regiaonews.net.br\/2022\/wp-json\/wp\/v2\/posts\/95651\/revisions"}],"predecessor-version":[{"id":95653,"href":"https:\/\/regiaonews.net.br\/2022\/wp-json\/wp\/v2\/posts\/95651\/revisions\/95653"}],"wp:featuredmedia":[{"embeddable":true,"href":"https:\/\/regiaonews.net.br\/2022\/wp-json\/wp\/v2\/media\/95652"}],"wp:attachment":[{"href":"https:\/\/regiaonews.net.br\/2022\/wp-json\/wp\/v2\/media?parent=95651"}],"wp:term":[{"taxonomy":"category","embeddable":true,"href":"https:\/\/regiaonews.net.br\/2022\/wp-json\/wp\/v2\/categories?post=95651"},{"taxonomy":"post_tag","embeddable":true,"href":"https:\/\/regiaonews.net.br\/2022\/wp-json\/wp\/v2\/tags?post=95651"}],"curies":[{"name":"wp","href":"https:\/\/api.w.org\/{rel}","templated":true}]}}