{"id":95646,"date":"2023-09-25T21:01:49","date_gmt":"2023-09-26T00:01:49","guid":{"rendered":"https:\/\/regiaonews.net.br\/2022\/?p=95646"},"modified":"2023-09-25T21:01:49","modified_gmt":"2023-09-26T00:01:49","slug":"em-oito-meses-policia-prende-796-mil-pessoas-e-recupera-12-mil-veiculos-no-interior","status":"publish","type":"post","link":"https:\/\/regiaonews.net.br\/2022\/2023\/09\/25\/em-oito-meses-policia-prende-796-mil-pessoas-e-recupera-12-mil-veiculos-no-interior\/","title":{"rendered":"Em oito meses, pol\u00edcia prende 79,6 mil pessoas e recupera 12 mil ve\u00edculos no interior"},"content":{"rendered":"<div>\n<h1 class=\"chapeu2 ng-binding\"><\/h1>\n<h2 class=\"titulopreto ng-binding\">De janeiro a agosto 4,6 mil armas de fogo foram retiradas das ruas<\/h2>\n<p><center><\/p>\n<h2 class=\"titulopreto ng-binding\"><\/h2>\n<p><\/center><\/div>\n<div id=\"notCorpo\" class=\"ng-binding\">\n<div>De janeiro a agosto deste ano as pol\u00edcias Civil e Militar prenderam\/apreenderam 79.697 pessoas, um aumento de 3,4% no comparativo com o mesmo per\u00edodo do ano passado, quando houve 77.082 deten\u00e7\u00f5es. Somente em agosto foram 10.057 presos\/apreendidos.<\/div>\n<div><\/div>\n<div>O n\u00famero de ve\u00edculos recuperados no acumulado saltou de 10.981 para 12.232, alta de 11,4%. No m\u00eas, foram 1.544 ve\u00edculos restitu\u00eddos aos seus donos, crescimento de 1,8% em rela\u00e7\u00e3o as 1.516 devolu\u00e7\u00f5es do ano passado.<\/div>\n<div><\/div>\n<div>Tamb\u00e9m foram retiradas das ruas 4.693 armas de fogo em oito meses, aumento de 10,9% no comparativo quando 4.232 armas sa\u00edram de circula\u00e7\u00e3o no ano passado. No \u00faltimo m\u00eas, o aumento chegou a 31,8%, de 516 para 680.<\/div>\n<div><\/div>\n<div>Pela Pol\u00edcia Civil, houve 147.529 inqu\u00e9ritos instaurados no per\u00edodo ante 143.006 de 2022, alta de 3,2%. Somente em agosto, foram 19.231 instaura\u00e7\u00f5es.<\/div>\n<div><\/div>\n<div>J\u00e1 em rela\u00e7\u00e3o as drogas foram 96,8 toneladas apreendidas de janeiro a agosto, sendo 15,9 no \u00faltimo m\u00eas.<\/div>\n<\/div>\n","protected":false},"excerpt":{"rendered":"<p>De janeiro a agosto 4,6 mil armas de fogo foram<\/p>\n","protected":false},"author":2,"featured_media":92645,"comment_status":"open","ping_status":"open","sticky":false,"template":"","format":"standard","meta":{"footnotes":""},"categories":[7,23],"tags":[],"class_list":["post-95646","post","type-post","status-publish","format-standard","has-post-thumbnail","hentry","category-estado-de-sao-paulo","category-policia"],"yoast_head":"<!-- This site is optimized with the Yoast SEO plugin v27.4 - https:\/\/yoast.com\/product\/yoast-seo-wordpress\/ -->\n<title>Em oito meses, pol\u00edcia prende 79,6 mil pessoas e recupera 12 mil ve\u00edculos no interior - Regi\u00e3o News<\/title>\n<meta name=\"robots\" content=\"index, follow, max-snippet:-1, max-image-preview:large, max-video-preview:-1\" \/>\n<link rel=\"canonical\" href=\"https:\/\/regiaonews.net.br\/2022\/2023\/09\/25\/em-oito-meses-policia-prende-796-mil-pessoas-e-recupera-12-mil-veiculos-no-interior\/\" \/>\n<meta property=\"og:locale\" content=\"pt_BR\" \/>\n<meta property=\"og:type\" content=\"article\" \/>\n<meta property=\"og:title\" content=\"Em oito meses, pol\u00edcia prende 79,6 mil pessoas e recupera 12 mil ve\u00edculos no interior - Regi\u00e3o News\" \/>\n<meta property=\"og:description\" content=\"De janeiro a agosto 4,6 mil armas de fogo foram\" \/>\n<meta property=\"og:url\" content=\"https:\/\/regiaonews.net.br\/2022\/2023\/09\/25\/em-oito-meses-policia-prende-796-mil-pessoas-e-recupera-12-mil-veiculos-no-interior\/\" \/>\n<meta property=\"og:site_name\" content=\"Regi\u00e3o News\" \/>\n<meta property=\"article:published_time\" content=\"2023-09-26T00:01:49+00:00\" \/>\n<meta property=\"og:image\" content=\"https:\/\/regiaonews.net.br\/2022\/wp-content\/uploads\/2023\/08\/img_8935.jpg\" \/>\n\t<meta property=\"og:image:width\" content=\"1170\" \/>\n\t<meta property=\"og:image:height\" content=\"700\" \/>\n\t<meta property=\"og:image:type\" content=\"image\/jpeg\" \/>\n<meta name=\"author\" content=\"Roberto\" \/>\n<meta name=\"twitter:card\" content=\"summary_large_image\" \/>\n<meta name=\"twitter:label1\" content=\"Escrito por\" \/>\n\t<meta name=\"twitter:data1\" content=\"Roberto\" \/>\n\t<meta name=\"twitter:label2\" content=\"Est. tempo de leitura\" \/>\n\t<meta name=\"twitter:data2\" content=\"1 minuto\" \/>\n<script type=\"application\/ld+json\" class=\"yoast-schema-graph\">{\"@context\":\"https:\\\/\\\/schema.org\",\"@graph\":[{\"@type\":\"Article\",\"@id\":\"https:\\\/\\\/regiaonews.net.br\\\/2022\\\/2023\\\/09\\\/25\\\/em-oito-meses-policia-prende-796-mil-pessoas-e-recupera-12-mil-veiculos-no-interior\\\/#article\",\"isPartOf\":{\"@id\":\"https:\\\/\\\/regiaonews.net.br\\\/2022\\\/2023\\\/09\\\/25\\\/em-oito-meses-policia-prende-796-mil-pessoas-e-recupera-12-mil-veiculos-no-interior\\\/\"},\"author\":{\"name\":\"Roberto\",\"@id\":\"https:\\\/\\\/regiaonews.net.br\\\/2022\\\/#\\\/schema\\\/person\\\/2d205a608a5aa97ac279d7a5e6d89ad8\"},\"headline\":\"Em oito meses, pol\u00edcia prende 79,6 mil pessoas e recupera 12 mil ve\u00edculos no interior\",\"datePublished\":\"2023-09-26T00:01:49+00:00\",\"mainEntityOfPage\":{\"@id\":\"https:\\\/\\\/regiaonews.net.br\\\/2022\\\/2023\\\/09\\\/25\\\/em-oito-meses-policia-prende-796-mil-pessoas-e-recupera-12-mil-veiculos-no-interior\\\/\"},\"wordCount\":176,\"commentCount\":0,\"publisher\":{\"@id\":\"https:\\\/\\\/regiaonews.net.br\\\/2022\\\/#organization\"},\"image\":{\"@id\":\"https:\\\/\\\/regiaonews.net.br\\\/2022\\\/2023\\\/09\\\/25\\\/em-oito-meses-policia-prende-796-mil-pessoas-e-recupera-12-mil-veiculos-no-interior\\\/#primaryimage\"},\"thumbnailUrl\":\"https:\\\/\\\/regiaonews.net.br\\\/2022\\\/wp-content\\\/uploads\\\/2023\\\/08\\\/img_8935.jpg\",\"articleSection\":[\"Estado de S\u00e3o Paulo\",\"Policia\"],\"inLanguage\":\"pt-BR\",\"potentialAction\":[{\"@type\":\"CommentAction\",\"name\":\"Comment\",\"target\":[\"https:\\\/\\\/regiaonews.net.br\\\/2022\\\/2023\\\/09\\\/25\\\/em-oito-meses-policia-prende-796-mil-pessoas-e-recupera-12-mil-veiculos-no-interior\\\/#respond\"]}]},{\"@type\":\"WebPage\",\"@id\":\"https:\\\/\\\/regiaonews.net.br\\\/2022\\\/2023\\\/09\\\/25\\\/em-oito-meses-policia-prende-796-mil-pessoas-e-recupera-12-mil-veiculos-no-interior\\\/\",\"url\":\"https:\\\/\\\/regiaonews.net.br\\\/2022\\\/2023\\\/09\\\/25\\\/em-oito-meses-policia-prende-796-mil-pessoas-e-recupera-12-mil-veiculos-no-interior\\\/\",\"name\":\"Em oito meses, pol\u00edcia prende 79,6 mil pessoas e recupera 12 mil ve\u00edculos no interior - Regi\u00e3o News\",\"isPartOf\":{\"@id\":\"https:\\\/\\\/regiaonews.net.br\\\/2022\\\/#website\"},\"primaryImageOfPage\":{\"@id\":\"https:\\\/\\\/regiaonews.net.br\\\/2022\\\/2023\\\/09\\\/25\\\/em-oito-meses-policia-prende-796-mil-pessoas-e-recupera-12-mil-veiculos-no-interior\\\/#primaryimage\"},\"image\":{\"@id\":\"https:\\\/\\\/regiaonews.net.br\\\/2022\\\/2023\\\/09\\\/25\\\/em-oito-meses-policia-prende-796-mil-pessoas-e-recupera-12-mil-veiculos-no-interior\\\/#primaryimage\"},\"thumbnailUrl\":\"https:\\\/\\\/regiaonews.net.br\\\/2022\\\/wp-content\\\/uploads\\\/2023\\\/08\\\/img_8935.jpg\",\"datePublished\":\"2023-09-26T00:01:49+00:00\",\"breadcrumb\":{\"@id\":\"https:\\\/\\\/regiaonews.net.br\\\/2022\\\/2023\\\/09\\\/25\\\/em-oito-meses-policia-prende-796-mil-pessoas-e-recupera-12-mil-veiculos-no-interior\\\/#breadcrumb\"},\"inLanguage\":\"pt-BR\",\"potentialAction\":[{\"@type\":\"ReadAction\",\"target\":[\"https:\\\/\\\/regiaonews.net.br\\\/2022\\\/2023\\\/09\\\/25\\\/em-oito-meses-policia-prende-796-mil-pessoas-e-recupera-12-mil-veiculos-no-interior\\\/\"]}]},{\"@type\":\"ImageObject\",\"inLanguage\":\"pt-BR\",\"@id\":\"https:\\\/\\\/regiaonews.net.br\\\/2022\\\/2023\\\/09\\\/25\\\/em-oito-meses-policia-prende-796-mil-pessoas-e-recupera-12-mil-veiculos-no-interior\\\/#primaryimage\",\"url\":\"https:\\\/\\\/regiaonews.net.br\\\/2022\\\/wp-content\\\/uploads\\\/2023\\\/08\\\/img_8935.jpg\",\"contentUrl\":\"https:\\\/\\\/regiaonews.net.br\\\/2022\\\/wp-content\\\/uploads\\\/2023\\\/08\\\/img_8935.jpg\",\"width\":1170,\"height\":700,\"caption\":\"C\u00e2meras em viaturas da Pol\u00edcia Militar\"},{\"@type\":\"BreadcrumbList\",\"@id\":\"https:\\\/\\\/regiaonews.net.br\\\/2022\\\/2023\\\/09\\\/25\\\/em-oito-meses-policia-prende-796-mil-pessoas-e-recupera-12-mil-veiculos-no-interior\\\/#breadcrumb\",\"itemListElement\":[{\"@type\":\"ListItem\",\"position\":1,\"name\":\"In\u00edcio\",\"item\":\"https:\\\/\\\/regiaonews.net.br\\\/2022\\\/\"},{\"@type\":\"ListItem\",\"position\":2,\"name\":\"Em oito meses, pol\u00edcia prende 79,6 mil pessoas e recupera 12 mil ve\u00edculos no interior\"}]},{\"@type\":\"WebSite\",\"@id\":\"https:\\\/\\\/regiaonews.net.br\\\/2022\\\/#website\",\"url\":\"https:\\\/\\\/regiaonews.net.br\\\/2022\\\/\",\"name\":\"Regi\u00e3o News\",\"description\":\"Site de Not\u00edcias de Barretos e regi\u00e3o\",\"publisher\":{\"@id\":\"https:\\\/\\\/regiaonews.net.br\\\/2022\\\/#organization\"},\"potentialAction\":[{\"@type\":\"SearchAction\",\"target\":{\"@type\":\"EntryPoint\",\"urlTemplate\":\"https:\\\/\\\/regiaonews.net.br\\\/2022\\\/?s={search_term_string}\"},\"query-input\":{\"@type\":\"PropertyValueSpecification\",\"valueRequired\":true,\"valueName\":\"search_term_string\"}}],\"inLanguage\":\"pt-BR\"},{\"@type\":\"Organization\",\"@id\":\"https:\\\/\\\/regiaonews.net.br\\\/2022\\\/#organization\",\"name\":\"Regi\u00e3o News\",\"url\":\"https:\\\/\\\/regiaonews.net.br\\\/2022\\\/\",\"logo\":{\"@type\":\"ImageObject\",\"inLanguage\":\"pt-BR\",\"@id\":\"https:\\\/\\\/regiaonews.net.br\\\/2022\\\/#\\\/schema\\\/logo\\\/image\\\/\",\"url\":\"https:\\\/\\\/regiaonews.net.br\\\/2022\\\/wp-content\\\/uploads\\\/2026\\\/03\\\/regiao-13-anos-scaled.jpg\",\"contentUrl\":\"https:\\\/\\\/regiaonews.net.br\\\/2022\\\/wp-content\\\/uploads\\\/2026\\\/03\\\/regiao-13-anos-scaled.jpg\",\"width\":2560,\"height\":635,\"caption\":\"Regi\u00e3o News\"},\"image\":{\"@id\":\"https:\\\/\\\/regiaonews.net.br\\\/2022\\\/#\\\/schema\\\/logo\\\/image\\\/\"}},{\"@type\":\"Person\",\"@id\":\"https:\\\/\\\/regiaonews.net.br\\\/2022\\\/#\\\/schema\\\/person\\\/2d205a608a5aa97ac279d7a5e6d89ad8\",\"name\":\"Roberto\",\"image\":{\"@type\":\"ImageObject\",\"inLanguage\":\"pt-BR\",\"@id\":\"https:\\\/\\\/secure.gravatar.com\\\/avatar\\\/42749d8b712ff9d59ca93dc150494e5b55a44134482993f5baeb97e61b7ecc89?s=96&d=mm&r=g\",\"url\":\"https:\\\/\\\/secure.gravatar.com\\\/avatar\\\/42749d8b712ff9d59ca93dc150494e5b55a44134482993f5baeb97e61b7ecc89?s=96&d=mm&r=g\",\"contentUrl\":\"https:\\\/\\\/secure.gravatar.com\\\/avatar\\\/42749d8b712ff9d59ca93dc150494e5b55a44134482993f5baeb97e61b7ecc89?s=96&d=mm&r=g\",\"caption\":\"Roberto\"},\"url\":\"https:\\\/\\\/regiaonews.net.br\\\/2022\\\/author\\\/roberto\\\/\"}]}<\/script>\n<!-- \/ Yoast SEO plugin. -->","yoast_head_json":{"title":"Em oito meses, pol\u00edcia prende 79,6 mil pessoas e recupera 12 mil ve\u00edculos no interior - Regi\u00e3o News","robots":{"index":"index","follow":"follow","max-snippet":"max-snippet:-1","max-image-preview":"max-image-preview:large","max-video-preview":"max-video-preview:-1"},"canonical":"https:\/\/regiaonews.net.br\/2022\/2023\/09\/25\/em-oito-meses-policia-prende-796-mil-pessoas-e-recupera-12-mil-veiculos-no-interior\/","og_locale":"pt_BR","og_type":"article","og_title":"Em oito meses, pol\u00edcia prende 79,6 mil pessoas e recupera 12 mil ve\u00edculos no interior - Regi\u00e3o News","og_description":"De janeiro a agosto 4,6 mil armas de fogo foram","og_url":"https:\/\/regiaonews.net.br\/2022\/2023\/09\/25\/em-oito-meses-policia-prende-796-mil-pessoas-e-recupera-12-mil-veiculos-no-interior\/","og_site_name":"Regi\u00e3o News","article_published_time":"2023-09-26T00:01:49+00:00","og_image":[{"width":1170,"height":700,"url":"https:\/\/regiaonews.net.br\/2022\/wp-content\/uploads\/2023\/08\/img_8935.jpg","type":"image\/jpeg"}],"author":"Roberto","twitter_card":"summary_large_image","twitter_misc":{"Escrito por":"Roberto","Est. tempo de leitura":"1 minuto"},"schema":{"@context":"https:\/\/schema.org","@graph":[{"@type":"Article","@id":"https:\/\/regiaonews.net.br\/2022\/2023\/09\/25\/em-oito-meses-policia-prende-796-mil-pessoas-e-recupera-12-mil-veiculos-no-interior\/#article","isPartOf":{"@id":"https:\/\/regiaonews.net.br\/2022\/2023\/09\/25\/em-oito-meses-policia-prende-796-mil-pessoas-e-recupera-12-mil-veiculos-no-interior\/"},"author":{"name":"Roberto","@id":"https:\/\/regiaonews.net.br\/2022\/#\/schema\/person\/2d205a608a5aa97ac279d7a5e6d89ad8"},"headline":"Em oito meses, pol\u00edcia prende 79,6 mil pessoas e recupera 12 mil ve\u00edculos no interior","datePublished":"2023-09-26T00:01:49+00:00","mainEntityOfPage":{"@id":"https:\/\/regiaonews.net.br\/2022\/2023\/09\/25\/em-oito-meses-policia-prende-796-mil-pessoas-e-recupera-12-mil-veiculos-no-interior\/"},"wordCount":176,"commentCount":0,"publisher":{"@id":"https:\/\/regiaonews.net.br\/2022\/#organization"},"image":{"@id":"https:\/\/regiaonews.net.br\/2022\/2023\/09\/25\/em-oito-meses-policia-prende-796-mil-pessoas-e-recupera-12-mil-veiculos-no-interior\/#primaryimage"},"thumbnailUrl":"https:\/\/regiaonews.net.br\/2022\/wp-content\/uploads\/2023\/08\/img_8935.jpg","articleSection":["Estado de S\u00e3o Paulo","Policia"],"inLanguage":"pt-BR","potentialAction":[{"@type":"CommentAction","name":"Comment","target":["https:\/\/regiaonews.net.br\/2022\/2023\/09\/25\/em-oito-meses-policia-prende-796-mil-pessoas-e-recupera-12-mil-veiculos-no-interior\/#respond"]}]},{"@type":"WebPage","@id":"https:\/\/regiaonews.net.br\/2022\/2023\/09\/25\/em-oito-meses-policia-prende-796-mil-pessoas-e-recupera-12-mil-veiculos-no-interior\/","url":"https:\/\/regiaonews.net.br\/2022\/2023\/09\/25\/em-oito-meses-policia-prende-796-mil-pessoas-e-recupera-12-mil-veiculos-no-interior\/","name":"Em oito meses, pol\u00edcia prende 79,6 mil pessoas e recupera 12 mil ve\u00edculos no interior - Regi\u00e3o News","isPartOf":{"@id":"https:\/\/regiaonews.net.br\/2022\/#website"},"primaryImageOfPage":{"@id":"https:\/\/regiaonews.net.br\/2022\/2023\/09\/25\/em-oito-meses-policia-prende-796-mil-pessoas-e-recupera-12-mil-veiculos-no-interior\/#primaryimage"},"image":{"@id":"https:\/\/regiaonews.net.br\/2022\/2023\/09\/25\/em-oito-meses-policia-prende-796-mil-pessoas-e-recupera-12-mil-veiculos-no-interior\/#primaryimage"},"thumbnailUrl":"https:\/\/regiaonews.net.br\/2022\/wp-content\/uploads\/2023\/08\/img_8935.jpg","datePublished":"2023-09-26T00:01:49+00:00","breadcrumb":{"@id":"https:\/\/regiaonews.net.br\/2022\/2023\/09\/25\/em-oito-meses-policia-prende-796-mil-pessoas-e-recupera-12-mil-veiculos-no-interior\/#breadcrumb"},"inLanguage":"pt-BR","potentialAction":[{"@type":"ReadAction","target":["https:\/\/regiaonews.net.br\/2022\/2023\/09\/25\/em-oito-meses-policia-prende-796-mil-pessoas-e-recupera-12-mil-veiculos-no-interior\/"]}]},{"@type":"ImageObject","inLanguage":"pt-BR","@id":"https:\/\/regiaonews.net.br\/2022\/2023\/09\/25\/em-oito-meses-policia-prende-796-mil-pessoas-e-recupera-12-mil-veiculos-no-interior\/#primaryimage","url":"https:\/\/regiaonews.net.br\/2022\/wp-content\/uploads\/2023\/08\/img_8935.jpg","contentUrl":"https:\/\/regiaonews.net.br\/2022\/wp-content\/uploads\/2023\/08\/img_8935.jpg","width":1170,"height":700,"caption":"C\u00e2meras em viaturas da Pol\u00edcia Militar"},{"@type":"BreadcrumbList","@id":"https:\/\/regiaonews.net.br\/2022\/2023\/09\/25\/em-oito-meses-policia-prende-796-mil-pessoas-e-recupera-12-mil-veiculos-no-interior\/#breadcrumb","itemListElement":[{"@type":"ListItem","position":1,"name":"In\u00edcio","item":"https:\/\/regiaonews.net.br\/2022\/"},{"@type":"ListItem","position":2,"name":"Em oito meses, pol\u00edcia prende 79,6 mil pessoas e recupera 12 mil ve\u00edculos no interior"}]},{"@type":"WebSite","@id":"https:\/\/regiaonews.net.br\/2022\/#website","url":"https:\/\/regiaonews.net.br\/2022\/","name":"Regi\u00e3o News","description":"Site de Not\u00edcias de Barretos e regi\u00e3o","publisher":{"@id":"https:\/\/regiaonews.net.br\/2022\/#organization"},"potentialAction":[{"@type":"SearchAction","target":{"@type":"EntryPoint","urlTemplate":"https:\/\/regiaonews.net.br\/2022\/?s={search_term_string}"},"query-input":{"@type":"PropertyValueSpecification","valueRequired":true,"valueName":"search_term_string"}}],"inLanguage":"pt-BR"},{"@type":"Organization","@id":"https:\/\/regiaonews.net.br\/2022\/#organization","name":"Regi\u00e3o News","url":"https:\/\/regiaonews.net.br\/2022\/","logo":{"@type":"ImageObject","inLanguage":"pt-BR","@id":"https:\/\/regiaonews.net.br\/2022\/#\/schema\/logo\/image\/","url":"https:\/\/regiaonews.net.br\/2022\/wp-content\/uploads\/2026\/03\/regiao-13-anos-scaled.jpg","contentUrl":"https:\/\/regiaonews.net.br\/2022\/wp-content\/uploads\/2026\/03\/regiao-13-anos-scaled.jpg","width":2560,"height":635,"caption":"Regi\u00e3o News"},"image":{"@id":"https:\/\/regiaonews.net.br\/2022\/#\/schema\/logo\/image\/"}},{"@type":"Person","@id":"https:\/\/regiaonews.net.br\/2022\/#\/schema\/person\/2d205a608a5aa97ac279d7a5e6d89ad8","name":"Roberto","image":{"@type":"ImageObject","inLanguage":"pt-BR","@id":"https:\/\/secure.gravatar.com\/avatar\/42749d8b712ff9d59ca93dc150494e5b55a44134482993f5baeb97e61b7ecc89?s=96&d=mm&r=g","url":"https:\/\/secure.gravatar.com\/avatar\/42749d8b712ff9d59ca93dc150494e5b55a44134482993f5baeb97e61b7ecc89?s=96&d=mm&r=g","contentUrl":"https:\/\/secure.gravatar.com\/avatar\/42749d8b712ff9d59ca93dc150494e5b55a44134482993f5baeb97e61b7ecc89?s=96&d=mm&r=g","caption":"Roberto"},"url":"https:\/\/regiaonews.net.br\/2022\/author\/roberto\/"}]}},"publishpress_future_action":{"enabled":false,"date":"2026-05-04 15:56:46","action":"change-status","newStatus":"draft","terms":[],"taxonomy":"category","extraData":[]},"publishpress_future_workflow_manual_trigger":{"enabledWorkflows":[]},"_links":{"self":[{"href":"https:\/\/regiaonews.net.br\/2022\/wp-json\/wp\/v2\/posts\/95646","targetHints":{"allow":["GET"]}}],"collection":[{"href":"https:\/\/regiaonews.net.br\/2022\/wp-json\/wp\/v2\/posts"}],"about":[{"href":"https:\/\/regiaonews.net.br\/2022\/wp-json\/wp\/v2\/types\/post"}],"author":[{"embeddable":true,"href":"https:\/\/regiaonews.net.br\/2022\/wp-json\/wp\/v2\/users\/2"}],"replies":[{"embeddable":true,"href":"https:\/\/regiaonews.net.br\/2022\/wp-json\/wp\/v2\/comments?post=95646"}],"version-history":[{"count":1,"href":"https:\/\/regiaonews.net.br\/2022\/wp-json\/wp\/v2\/posts\/95646\/revisions"}],"predecessor-version":[{"id":95647,"href":"https:\/\/regiaonews.net.br\/2022\/wp-json\/wp\/v2\/posts\/95646\/revisions\/95647"}],"wp:featuredmedia":[{"embeddable":true,"href":"https:\/\/regiaonews.net.br\/2022\/wp-json\/wp\/v2\/media\/92645"}],"wp:attachment":[{"href":"https:\/\/regiaonews.net.br\/2022\/wp-json\/wp\/v2\/media?parent=95646"}],"wp:term":[{"taxonomy":"category","embeddable":true,"href":"https:\/\/regiaonews.net.br\/2022\/wp-json\/wp\/v2\/categories?post=95646"},{"taxonomy":"post_tag","embeddable":true,"href":"https:\/\/regiaonews.net.br\/2022\/wp-json\/wp\/v2\/tags?post=95646"}],"curies":[{"name":"wp","href":"https:\/\/api.w.org\/{rel}","templated":true}]}}