{"id":95637,"date":"2023-09-25T20:57:03","date_gmt":"2023-09-25T23:57:03","guid":{"rendered":"https:\/\/regiaonews.net.br\/2022\/?p=95637"},"modified":"2023-09-25T20:58:50","modified_gmt":"2023-09-25T23:58:50","slug":"prefeitura-de-barretos-entrega-reformas-e-revitalizacoes-de-pracas-nos-bairros-jardim-ramos-e-nadir-kenan-e-aparelhos-de-atividades-fisicas-no-33-bpm-i","status":"publish","type":"post","link":"https:\/\/regiaonews.net.br\/2022\/2023\/09\/25\/prefeitura-de-barretos-entrega-reformas-e-revitalizacoes-de-pracas-nos-bairros-jardim-ramos-e-nadir-kenan-e-aparelhos-de-atividades-fisicas-no-33-bpm-i\/","title":{"rendered":"Prefeitura de Barretos entrega reformas e revitaliza\u00e7\u00f5es de pra\u00e7as nos bairros Jardim Ramos e Nadir Kenan e aparelhos de atividades f\u00edsicas no 33\u00b0 BPM\/I"},"content":{"rendered":"<p><a href=\"https:\/\/regiaonews.net.br\/2022\/wp-content\/uploads\/2023\/09\/WhatsApp-Image-2023-09-25-at-18.01.10.jpeg\"><img loading=\"lazy\" decoding=\"async\" class=\"alignnone size-medium wp-image-95641\" src=\"https:\/\/regiaonews.net.br\/2022\/wp-content\/uploads\/2023\/09\/WhatsApp-Image-2023-09-25-at-18.01.10-300x200.jpeg\" alt=\"\" width=\"300\" height=\"200\" srcset=\"https:\/\/regiaonews.net.br\/2022\/wp-content\/uploads\/2023\/09\/WhatsApp-Image-2023-09-25-at-18.01.10-300x200.jpeg 300w, https:\/\/regiaonews.net.br\/2022\/wp-content\/uploads\/2023\/09\/WhatsApp-Image-2023-09-25-at-18.01.10-1024x684.jpeg 1024w, https:\/\/regiaonews.net.br\/2022\/wp-content\/uploads\/2023\/09\/WhatsApp-Image-2023-09-25-at-18.01.10-768x513.jpeg 768w, https:\/\/regiaonews.net.br\/2022\/wp-content\/uploads\/2023\/09\/WhatsApp-Image-2023-09-25-at-18.01.10-1536x1025.jpeg 1536w, https:\/\/regiaonews.net.br\/2022\/wp-content\/uploads\/2023\/09\/WhatsApp-Image-2023-09-25-at-18.01.10-250x167.jpeg 250w, https:\/\/regiaonews.net.br\/2022\/wp-content\/uploads\/2023\/09\/WhatsApp-Image-2023-09-25-at-18.01.10-900x600.jpeg 900w, https:\/\/regiaonews.net.br\/2022\/wp-content\/uploads\/2023\/09\/WhatsApp-Image-2023-09-25-at-18.01.10.jpeg 1600w\" sizes=\"auto, (max-width: 300px) 100vw, 300px\" \/><\/a> <a href=\"https:\/\/regiaonews.net.br\/2022\/wp-content\/uploads\/2023\/09\/WhatsApp-Image-2023-09-25-at-18.01.11.jpeg\"><img loading=\"lazy\" decoding=\"async\" class=\"alignnone size-medium wp-image-95642\" src=\"https:\/\/regiaonews.net.br\/2022\/wp-content\/uploads\/2023\/09\/WhatsApp-Image-2023-09-25-at-18.01.11-300x200.jpeg\" alt=\"\" width=\"300\" height=\"200\" srcset=\"https:\/\/regiaonews.net.br\/2022\/wp-content\/uploads\/2023\/09\/WhatsApp-Image-2023-09-25-at-18.01.11-300x200.jpeg 300w, https:\/\/regiaonews.net.br\/2022\/wp-content\/uploads\/2023\/09\/WhatsApp-Image-2023-09-25-at-18.01.11-1024x684.jpeg 1024w, https:\/\/regiaonews.net.br\/2022\/wp-content\/uploads\/2023\/09\/WhatsApp-Image-2023-09-25-at-18.01.11-768x513.jpeg 768w, https:\/\/regiaonews.net.br\/2022\/wp-content\/uploads\/2023\/09\/WhatsApp-Image-2023-09-25-at-18.01.11-1536x1025.jpeg 1536w, https:\/\/regiaonews.net.br\/2022\/wp-content\/uploads\/2023\/09\/WhatsApp-Image-2023-09-25-at-18.01.11-250x167.jpeg 250w, https:\/\/regiaonews.net.br\/2022\/wp-content\/uploads\/2023\/09\/WhatsApp-Image-2023-09-25-at-18.01.11-900x600.jpeg 900w, https:\/\/regiaonews.net.br\/2022\/wp-content\/uploads\/2023\/09\/WhatsApp-Image-2023-09-25-at-18.01.11.jpeg 1600w\" sizes=\"auto, (max-width: 300px) 100vw, 300px\" \/><\/a><\/p>\n<p>Solenidades foram realizadas na manh\u00e3 de s\u00e1bado (23), com a presen\u00e7a da prefeita Paula Lemos, vereadores e autoridades locais<\/p>\n<p>A Prefeitura da Est\u00e2ncia Tur\u00edstica de Barretos entregou na manh\u00e3 de s\u00e1bado, 23 de setembro, a revitaliza\u00e7\u00e3o da Pra\u00e7a Juca Ramos, no Jardim Ramos, aparelhos de atividades f\u00edsicas para o 33\u00b0 Batalh\u00e3o da Pol\u00edcia Militar do Interior (BPM\/I) e a reforma e revitaliza\u00e7\u00e3o da Pra\u00e7a do Conjunto Habitacional Nadir Kenan. As solenidades foram realizadas na presen\u00e7a da prefeita Paula Lemos, vereadores e autoridades locais.<br \/>\nRevitaliza\u00e7\u00e3o da Pra\u00e7a Juca Ramos<br \/>\nA primeira entrega ocorreu na Avenida Val\u00e9rio com Avenida Prof. Roberto Frade Monte, no bairro Jardim Ramos. O local recebeu melhorias na ilumina\u00e7\u00e3o, limpeza, instala\u00e7\u00e3o de bancos de concreto, e, recentemente, ganhou um playground infantil atendendo uma solicita\u00e7\u00e3o do vereador e presidente da C\u00e2mara, Luis Paulo Vieira, o Lupa. \u201c\u00c9 uma comunidade que cuida do local. Empenha-se aqui. Ent\u00e3o fazia jus que coloc\u00e1ssemos este parquinho\u201d, disse.<br \/>\nPaula Lemos salientou os cuidados da comunidade para com a pra\u00e7a e falou da felicidade de entregar a revitaliza\u00e7\u00e3o. \u201cEu tenho falado que n\u00e3o existe espa\u00e7o mais democr\u00e1tico que as pra\u00e7as. \u00c9 muito gratificante participar deste processo\u201d, contou.<br \/>\nNeto de Juca Ramos, que d\u00e1 nome \u00e0 pra\u00e7a, Jos\u00e9 Francisco Ramos Morais emocionou-se ao lembrar-se do av\u00f4. \u201cMuito obrigado pela revitaliza\u00e7\u00e3o da pra\u00e7a. Em nome do meu av\u00f4 eu agrade\u00e7o\u201d, disse. \u201cEu fico muito feliz, porque n\u00f3s estamos resgatando o nome de um grande homem\u201d, completou a prefeita.<br \/>\nInstala\u00e7\u00e3o de aparelhos de atividades f\u00edsicas no 33\u00b0 Batalh\u00e3o da Pol\u00edcia Militar do Interior<br \/>\nAp\u00f3s a entrega da revitaliza\u00e7\u00e3o da primeira pra\u00e7a, a prefeita dirigiu-se ao 33\u00b0 Batalh\u00e3o da Pol\u00edcia Militar do Interior para o descerramento da placa que marca a instala\u00e7\u00e3o de sete novos aparelhos de atividades f\u00edsicas na academia existente no local.<br \/>\nPaula conversou com os policiais sobre a import\u00e2ncia dos equipamentos. \u201cQuando o Vagner fez essa indica\u00e7\u00e3o a gente ficou muito feliz, porque \u00e9 mais um meio para ajudar na seguran\u00e7a. A academia, concretamente, vem para beneficiar a seguran\u00e7a da nossa popula\u00e7\u00e3o\u201d, contou. Ela tamb\u00e9m recordou a implanta\u00e7\u00e3o da Atividade Delegada durante a gest\u00e3o e falou sobre a Muralha digital que ser\u00e1 implantada na cidade.<br \/>\nRepresentando o Dr. Vagner Chiapetti, a assessora parlamentar Fl\u00e1via Andrade, frisou que a indica\u00e7\u00e3o feita pelo vereador se deu devido \u00e0 necessidade de renova\u00e7\u00e3o destes aparelhos. \u201cQuando ele indicou e foi at\u00e9 a prefeita, ela prontamente se disp\u00f4s a nos ajudar e ajudar estes profissionais. Hoje estamos aqui na entrega destes equipamentos que s\u00e3o de extrema necessidade para que eles venham desempenhar melhor sua fun\u00e7\u00e3o\u201d, afirmou.<br \/>\nO Capit\u00e3o F\u00e1bio Webel, Chefe de Gabinete de Treinamento do 33\u00ba BPM\/I, agradeceu a parceria com o poder p\u00fablico municipal. \u201cA gente gerencia a atividade f\u00edsica do batalh\u00e3o e motiva os policiais. Ficamos muito agradecidos e muito lisonjeados com essa parceria com o poder p\u00fablico municipal. \u00c9 um dia muito feliz para todo mundo hoje: para o policial que trabalha em outra cidade, para o policial que talvez fique pesado pagar uma academia. Hoje ele tem essa academia com ar condicionado dispon\u00edvel para ele usar\u201d, disse.<br \/>\nReforma e revitaliza\u00e7\u00e3o da Pra\u00e7a do Conjunto Habitacional Nadir Kenan<br \/>\nFechando os eventos do s\u00e1bado, a prefeita entregou a reforma e revitaliza\u00e7\u00e3o da Pra\u00e7a do Conjunto Habitacional Nadir Kenan, que passou a contar com playground e academia ao ar livre, al\u00e9m de receber melhorias na pista de skate, banheiros e abertura das laterais da quadra. O local tamb\u00e9m passa a contar com nova pintura e ilumina\u00e7\u00e3o de LED.<br \/>\nO recurso para a reforma foi anunciado em maio de 2021 pelo Vereador Rodrigo Malaman (PSDB), atrav\u00e9s de emenda do deputado federal Vanderlei Macris (PSDB). \u201cFica aqui meu agradecimento ao vereador Malaman, por ter conseguido parte do recurso\u201d, disse. \u201cVerba \u00e9 sempre bem vinda, porque o nosso compromisso \u00e9 com a vida de 123 mil pessoas\u201d, completou.<br \/>\nBispo da Diocese de Barretos, Dom Milton Kenan J\u00fanior relembrou a hist\u00f3ria do primo Nadir Kenan, que d\u00e1 nome o Conjunto Habitacional. \u201cComo membro da fam\u00edlia Kenan me sinto muito honrado de ver que essa pra\u00e7a foi reconstru\u00edda, remodelada e replanejada\u201d, disse. Sobre Nadir, que era jornalista e foi deputado estadual, o bispo completou: \u201cEle deixou uma mem\u00f3ria muito bonita aqui em Barretos pelo seu desempenho nos diversos cargos que assumiu. O fato de estarmos aqui hoje, participando desta recupera\u00e7\u00e3o, \u00e9 uma homenagem tamb\u00e9m \u00e0 sua mem\u00f3ria e ao bem que ele pode realizar por Barretos e reconhecer o valor dele na hist\u00f3ria da nossa est\u00e2ncia tur\u00edstica\u201d.<br \/>\nO vereador Carl\u00e3o do Basquete falou da versatilidade do local e da import\u00e2ncia da comunidade se integrar ao espa\u00e7o. \u201cQuero falar da import\u00e2ncia da comunidade estar usando este espa\u00e7o, por que a gente sabe quem em lugar ocioso a marginalidade entra. E n\u00f3s precisamos da fam\u00edlia, dos pais virem com seus filhos ocuparem este espa\u00e7o maravilhoso\u201d, disse.<br \/>\nO pastor Jonathas Lazzarotto acompanhou a prefeita e fez uma ora\u00e7\u00e3o em cada um dos locais. Tamb\u00e9m participaram dos atos o os secret\u00e1rios municipais de Administra\u00e7\u00e3o, Sirlene Menezes; de Ordem P\u00fablica, Luiz de Matos; Obras e Servi\u00e7os Urbanos, Pl\u00e1cido Martins Junior; de Planejamento e Desenvolvimento, Carlos Henrique Gon\u00e7alves L\u00facio; e o Controlador Geral, Paulo Scannavino.<\/p>\n","protected":false},"excerpt":{"rendered":"<p>Solenidades foram realizadas na manh\u00e3 de s\u00e1bado (23), com a<\/p>\n","protected":false},"author":2,"featured_media":95638,"comment_status":"open","ping_status":"open","sticky":false,"template":"","format":"standard","meta":{"footnotes":""},"categories":[14,25],"tags":[],"class_list":["post-95637","post","type-post","status-publish","format-standard","has-post-thumbnail","hentry","category-barretos","category-cidades"],"yoast_head":"<!-- This site is optimized with the Yoast SEO plugin v27.4 - https:\/\/yoast.com\/product\/yoast-seo-wordpress\/ -->\n<title>Prefeitura de Barretos entrega reformas e revitaliza\u00e7\u00f5es de pra\u00e7as nos bairros Jardim Ramos e Nadir Kenan e aparelhos de atividades f\u00edsicas no 33\u00b0 BPM\/I - Regi\u00e3o News<\/title>\n<meta name=\"robots\" content=\"index, follow, max-snippet:-1, max-image-preview:large, max-video-preview:-1\" \/>\n<link rel=\"canonical\" href=\"https:\/\/regiaonews.net.br\/2022\/2023\/09\/25\/prefeitura-de-barretos-entrega-reformas-e-revitalizacoes-de-pracas-nos-bairros-jardim-ramos-e-nadir-kenan-e-aparelhos-de-atividades-fisicas-no-33-bpm-i\/\" \/>\n<meta property=\"og:locale\" content=\"pt_BR\" \/>\n<meta property=\"og:type\" content=\"article\" \/>\n<meta property=\"og:title\" content=\"Prefeitura de Barretos entrega reformas e revitaliza\u00e7\u00f5es de pra\u00e7as nos bairros Jardim Ramos e Nadir Kenan e aparelhos de atividades f\u00edsicas no 33\u00b0 BPM\/I - Regi\u00e3o News\" \/>\n<meta property=\"og:description\" content=\"Solenidades foram realizadas na manh\u00e3 de s\u00e1bado (23), com a\" \/>\n<meta property=\"og:url\" content=\"https:\/\/regiaonews.net.br\/2022\/2023\/09\/25\/prefeitura-de-barretos-entrega-reformas-e-revitalizacoes-de-pracas-nos-bairros-jardim-ramos-e-nadir-kenan-e-aparelhos-de-atividades-fisicas-no-33-bpm-i\/\" \/>\n<meta property=\"og:site_name\" content=\"Regi\u00e3o News\" \/>\n<meta property=\"article:published_time\" content=\"2023-09-25T23:57:03+00:00\" \/>\n<meta property=\"article:modified_time\" content=\"2023-09-25T23:58:50+00:00\" \/>\n<meta property=\"og:image\" content=\"https:\/\/regiaonews.net.br\/2022\/wp-content\/uploads\/2023\/09\/WhatsApp-Image-2023-09-25-at-18.01.09.jpeg\" \/>\n\t<meta property=\"og:image:width\" content=\"1600\" \/>\n\t<meta property=\"og:image:height\" content=\"1068\" \/>\n\t<meta property=\"og:image:type\" content=\"image\/jpeg\" \/>\n<meta name=\"author\" content=\"Roberto\" \/>\n<meta name=\"twitter:card\" content=\"summary_large_image\" \/>\n<meta name=\"twitter:label1\" content=\"Escrito por\" \/>\n\t<meta name=\"twitter:data1\" content=\"Roberto\" \/>\n\t<meta name=\"twitter:label2\" content=\"Est. tempo de leitura\" \/>\n\t<meta name=\"twitter:data2\" content=\"6 minutos\" \/>\n<script type=\"application\/ld+json\" class=\"yoast-schema-graph\">{\"@context\":\"https:\\\/\\\/schema.org\",\"@graph\":[{\"@type\":\"Article\",\"@id\":\"https:\\\/\\\/regiaonews.net.br\\\/2022\\\/2023\\\/09\\\/25\\\/prefeitura-de-barretos-entrega-reformas-e-revitalizacoes-de-pracas-nos-bairros-jardim-ramos-e-nadir-kenan-e-aparelhos-de-atividades-fisicas-no-33-bpm-i\\\/#article\",\"isPartOf\":{\"@id\":\"https:\\\/\\\/regiaonews.net.br\\\/2022\\\/2023\\\/09\\\/25\\\/prefeitura-de-barretos-entrega-reformas-e-revitalizacoes-de-pracas-nos-bairros-jardim-ramos-e-nadir-kenan-e-aparelhos-de-atividades-fisicas-no-33-bpm-i\\\/\"},\"author\":{\"name\":\"Roberto\",\"@id\":\"https:\\\/\\\/regiaonews.net.br\\\/2022\\\/#\\\/schema\\\/person\\\/2d205a608a5aa97ac279d7a5e6d89ad8\"},\"headline\":\"Prefeitura de Barretos entrega reformas e revitaliza\u00e7\u00f5es de pra\u00e7as nos bairros Jardim Ramos e Nadir Kenan e aparelhos de atividades f\u00edsicas no 33\u00b0 BPM\\\/I\",\"datePublished\":\"2023-09-25T23:57:03+00:00\",\"dateModified\":\"2023-09-25T23:58:50+00:00\",\"mainEntityOfPage\":{\"@id\":\"https:\\\/\\\/regiaonews.net.br\\\/2022\\\/2023\\\/09\\\/25\\\/prefeitura-de-barretos-entrega-reformas-e-revitalizacoes-de-pracas-nos-bairros-jardim-ramos-e-nadir-kenan-e-aparelhos-de-atividades-fisicas-no-33-bpm-i\\\/\"},\"wordCount\":969,\"commentCount\":0,\"publisher\":{\"@id\":\"https:\\\/\\\/regiaonews.net.br\\\/2022\\\/#organization\"},\"image\":{\"@id\":\"https:\\\/\\\/regiaonews.net.br\\\/2022\\\/2023\\\/09\\\/25\\\/prefeitura-de-barretos-entrega-reformas-e-revitalizacoes-de-pracas-nos-bairros-jardim-ramos-e-nadir-kenan-e-aparelhos-de-atividades-fisicas-no-33-bpm-i\\\/#primaryimage\"},\"thumbnailUrl\":\"https:\\\/\\\/regiaonews.net.br\\\/2022\\\/wp-content\\\/uploads\\\/2023\\\/09\\\/WhatsApp-Image-2023-09-25-at-18.01.09.jpeg\",\"articleSection\":[\"Barretos\",\"Cidades\"],\"inLanguage\":\"pt-BR\",\"potentialAction\":[{\"@type\":\"CommentAction\",\"name\":\"Comment\",\"target\":[\"https:\\\/\\\/regiaonews.net.br\\\/2022\\\/2023\\\/09\\\/25\\\/prefeitura-de-barretos-entrega-reformas-e-revitalizacoes-de-pracas-nos-bairros-jardim-ramos-e-nadir-kenan-e-aparelhos-de-atividades-fisicas-no-33-bpm-i\\\/#respond\"]}]},{\"@type\":\"WebPage\",\"@id\":\"https:\\\/\\\/regiaonews.net.br\\\/2022\\\/2023\\\/09\\\/25\\\/prefeitura-de-barretos-entrega-reformas-e-revitalizacoes-de-pracas-nos-bairros-jardim-ramos-e-nadir-kenan-e-aparelhos-de-atividades-fisicas-no-33-bpm-i\\\/\",\"url\":\"https:\\\/\\\/regiaonews.net.br\\\/2022\\\/2023\\\/09\\\/25\\\/prefeitura-de-barretos-entrega-reformas-e-revitalizacoes-de-pracas-nos-bairros-jardim-ramos-e-nadir-kenan-e-aparelhos-de-atividades-fisicas-no-33-bpm-i\\\/\",\"name\":\"Prefeitura de Barretos entrega reformas e revitaliza\u00e7\u00f5es de pra\u00e7as nos bairros Jardim Ramos e Nadir Kenan e aparelhos de atividades f\u00edsicas no 33\u00b0 BPM\\\/I - Regi\u00e3o News\",\"isPartOf\":{\"@id\":\"https:\\\/\\\/regiaonews.net.br\\\/2022\\\/#website\"},\"primaryImageOfPage\":{\"@id\":\"https:\\\/\\\/regiaonews.net.br\\\/2022\\\/2023\\\/09\\\/25\\\/prefeitura-de-barretos-entrega-reformas-e-revitalizacoes-de-pracas-nos-bairros-jardim-ramos-e-nadir-kenan-e-aparelhos-de-atividades-fisicas-no-33-bpm-i\\\/#primaryimage\"},\"image\":{\"@id\":\"https:\\\/\\\/regiaonews.net.br\\\/2022\\\/2023\\\/09\\\/25\\\/prefeitura-de-barretos-entrega-reformas-e-revitalizacoes-de-pracas-nos-bairros-jardim-ramos-e-nadir-kenan-e-aparelhos-de-atividades-fisicas-no-33-bpm-i\\\/#primaryimage\"},\"thumbnailUrl\":\"https:\\\/\\\/regiaonews.net.br\\\/2022\\\/wp-content\\\/uploads\\\/2023\\\/09\\\/WhatsApp-Image-2023-09-25-at-18.01.09.jpeg\",\"datePublished\":\"2023-09-25T23:57:03+00:00\",\"dateModified\":\"2023-09-25T23:58:50+00:00\",\"breadcrumb\":{\"@id\":\"https:\\\/\\\/regiaonews.net.br\\\/2022\\\/2023\\\/09\\\/25\\\/prefeitura-de-barretos-entrega-reformas-e-revitalizacoes-de-pracas-nos-bairros-jardim-ramos-e-nadir-kenan-e-aparelhos-de-atividades-fisicas-no-33-bpm-i\\\/#breadcrumb\"},\"inLanguage\":\"pt-BR\",\"potentialAction\":[{\"@type\":\"ReadAction\",\"target\":[\"https:\\\/\\\/regiaonews.net.br\\\/2022\\\/2023\\\/09\\\/25\\\/prefeitura-de-barretos-entrega-reformas-e-revitalizacoes-de-pracas-nos-bairros-jardim-ramos-e-nadir-kenan-e-aparelhos-de-atividades-fisicas-no-33-bpm-i\\\/\"]}]},{\"@type\":\"ImageObject\",\"inLanguage\":\"pt-BR\",\"@id\":\"https:\\\/\\\/regiaonews.net.br\\\/2022\\\/2023\\\/09\\\/25\\\/prefeitura-de-barretos-entrega-reformas-e-revitalizacoes-de-pracas-nos-bairros-jardim-ramos-e-nadir-kenan-e-aparelhos-de-atividades-fisicas-no-33-bpm-i\\\/#primaryimage\",\"url\":\"https:\\\/\\\/regiaonews.net.br\\\/2022\\\/wp-content\\\/uploads\\\/2023\\\/09\\\/WhatsApp-Image-2023-09-25-at-18.01.09.jpeg\",\"contentUrl\":\"https:\\\/\\\/regiaonews.net.br\\\/2022\\\/wp-content\\\/uploads\\\/2023\\\/09\\\/WhatsApp-Image-2023-09-25-at-18.01.09.jpeg\",\"width\":1600,\"height\":1068},{\"@type\":\"BreadcrumbList\",\"@id\":\"https:\\\/\\\/regiaonews.net.br\\\/2022\\\/2023\\\/09\\\/25\\\/prefeitura-de-barretos-entrega-reformas-e-revitalizacoes-de-pracas-nos-bairros-jardim-ramos-e-nadir-kenan-e-aparelhos-de-atividades-fisicas-no-33-bpm-i\\\/#breadcrumb\",\"itemListElement\":[{\"@type\":\"ListItem\",\"position\":1,\"name\":\"In\u00edcio\",\"item\":\"https:\\\/\\\/regiaonews.net.br\\\/2022\\\/\"},{\"@type\":\"ListItem\",\"position\":2,\"name\":\"Prefeitura de Barretos entrega reformas e revitaliza\u00e7\u00f5es de pra\u00e7as nos bairros Jardim Ramos e Nadir Kenan e aparelhos de atividades f\u00edsicas no 33\u00b0 BPM\\\/I\"}]},{\"@type\":\"WebSite\",\"@id\":\"https:\\\/\\\/regiaonews.net.br\\\/2022\\\/#website\",\"url\":\"https:\\\/\\\/regiaonews.net.br\\\/2022\\\/\",\"name\":\"Regi\u00e3o News\",\"description\":\"Site de Not\u00edcias de Barretos e regi\u00e3o\",\"publisher\":{\"@id\":\"https:\\\/\\\/regiaonews.net.br\\\/2022\\\/#organization\"},\"potentialAction\":[{\"@type\":\"SearchAction\",\"target\":{\"@type\":\"EntryPoint\",\"urlTemplate\":\"https:\\\/\\\/regiaonews.net.br\\\/2022\\\/?s={search_term_string}\"},\"query-input\":{\"@type\":\"PropertyValueSpecification\",\"valueRequired\":true,\"valueName\":\"search_term_string\"}}],\"inLanguage\":\"pt-BR\"},{\"@type\":\"Organization\",\"@id\":\"https:\\\/\\\/regiaonews.net.br\\\/2022\\\/#organization\",\"name\":\"Regi\u00e3o News\",\"url\":\"https:\\\/\\\/regiaonews.net.br\\\/2022\\\/\",\"logo\":{\"@type\":\"ImageObject\",\"inLanguage\":\"pt-BR\",\"@id\":\"https:\\\/\\\/regiaonews.net.br\\\/2022\\\/#\\\/schema\\\/logo\\\/image\\\/\",\"url\":\"https:\\\/\\\/regiaonews.net.br\\\/2022\\\/wp-content\\\/uploads\\\/2026\\\/03\\\/regiao-13-anos-scaled.jpg\",\"contentUrl\":\"https:\\\/\\\/regiaonews.net.br\\\/2022\\\/wp-content\\\/uploads\\\/2026\\\/03\\\/regiao-13-anos-scaled.jpg\",\"width\":2560,\"height\":635,\"caption\":\"Regi\u00e3o News\"},\"image\":{\"@id\":\"https:\\\/\\\/regiaonews.net.br\\\/2022\\\/#\\\/schema\\\/logo\\\/image\\\/\"}},{\"@type\":\"Person\",\"@id\":\"https:\\\/\\\/regiaonews.net.br\\\/2022\\\/#\\\/schema\\\/person\\\/2d205a608a5aa97ac279d7a5e6d89ad8\",\"name\":\"Roberto\",\"image\":{\"@type\":\"ImageObject\",\"inLanguage\":\"pt-BR\",\"@id\":\"https:\\\/\\\/secure.gravatar.com\\\/avatar\\\/42749d8b712ff9d59ca93dc150494e5b55a44134482993f5baeb97e61b7ecc89?s=96&d=mm&r=g\",\"url\":\"https:\\\/\\\/secure.gravatar.com\\\/avatar\\\/42749d8b712ff9d59ca93dc150494e5b55a44134482993f5baeb97e61b7ecc89?s=96&d=mm&r=g\",\"contentUrl\":\"https:\\\/\\\/secure.gravatar.com\\\/avatar\\\/42749d8b712ff9d59ca93dc150494e5b55a44134482993f5baeb97e61b7ecc89?s=96&d=mm&r=g\",\"caption\":\"Roberto\"},\"url\":\"https:\\\/\\\/regiaonews.net.br\\\/2022\\\/author\\\/roberto\\\/\"}]}<\/script>\n<!-- \/ Yoast SEO plugin. -->","yoast_head_json":{"title":"Prefeitura de Barretos entrega reformas e revitaliza\u00e7\u00f5es de pra\u00e7as nos bairros Jardim Ramos e Nadir Kenan e aparelhos de atividades f\u00edsicas no 33\u00b0 BPM\/I - Regi\u00e3o News","robots":{"index":"index","follow":"follow","max-snippet":"max-snippet:-1","max-image-preview":"max-image-preview:large","max-video-preview":"max-video-preview:-1"},"canonical":"https:\/\/regiaonews.net.br\/2022\/2023\/09\/25\/prefeitura-de-barretos-entrega-reformas-e-revitalizacoes-de-pracas-nos-bairros-jardim-ramos-e-nadir-kenan-e-aparelhos-de-atividades-fisicas-no-33-bpm-i\/","og_locale":"pt_BR","og_type":"article","og_title":"Prefeitura de Barretos entrega reformas e revitaliza\u00e7\u00f5es de pra\u00e7as nos bairros Jardim Ramos e Nadir Kenan e aparelhos de atividades f\u00edsicas no 33\u00b0 BPM\/I - Regi\u00e3o News","og_description":"Solenidades foram realizadas na manh\u00e3 de s\u00e1bado (23), com a","og_url":"https:\/\/regiaonews.net.br\/2022\/2023\/09\/25\/prefeitura-de-barretos-entrega-reformas-e-revitalizacoes-de-pracas-nos-bairros-jardim-ramos-e-nadir-kenan-e-aparelhos-de-atividades-fisicas-no-33-bpm-i\/","og_site_name":"Regi\u00e3o News","article_published_time":"2023-09-25T23:57:03+00:00","article_modified_time":"2023-09-25T23:58:50+00:00","og_image":[{"width":1600,"height":1068,"url":"https:\/\/regiaonews.net.br\/2022\/wp-content\/uploads\/2023\/09\/WhatsApp-Image-2023-09-25-at-18.01.09.jpeg","type":"image\/jpeg"}],"author":"Roberto","twitter_card":"summary_large_image","twitter_misc":{"Escrito por":"Roberto","Est. tempo de leitura":"6 minutos"},"schema":{"@context":"https:\/\/schema.org","@graph":[{"@type":"Article","@id":"https:\/\/regiaonews.net.br\/2022\/2023\/09\/25\/prefeitura-de-barretos-entrega-reformas-e-revitalizacoes-de-pracas-nos-bairros-jardim-ramos-e-nadir-kenan-e-aparelhos-de-atividades-fisicas-no-33-bpm-i\/#article","isPartOf":{"@id":"https:\/\/regiaonews.net.br\/2022\/2023\/09\/25\/prefeitura-de-barretos-entrega-reformas-e-revitalizacoes-de-pracas-nos-bairros-jardim-ramos-e-nadir-kenan-e-aparelhos-de-atividades-fisicas-no-33-bpm-i\/"},"author":{"name":"Roberto","@id":"https:\/\/regiaonews.net.br\/2022\/#\/schema\/person\/2d205a608a5aa97ac279d7a5e6d89ad8"},"headline":"Prefeitura de Barretos entrega reformas e revitaliza\u00e7\u00f5es de pra\u00e7as nos bairros Jardim Ramos e Nadir Kenan e aparelhos de atividades f\u00edsicas no 33\u00b0 BPM\/I","datePublished":"2023-09-25T23:57:03+00:00","dateModified":"2023-09-25T23:58:50+00:00","mainEntityOfPage":{"@id":"https:\/\/regiaonews.net.br\/2022\/2023\/09\/25\/prefeitura-de-barretos-entrega-reformas-e-revitalizacoes-de-pracas-nos-bairros-jardim-ramos-e-nadir-kenan-e-aparelhos-de-atividades-fisicas-no-33-bpm-i\/"},"wordCount":969,"commentCount":0,"publisher":{"@id":"https:\/\/regiaonews.net.br\/2022\/#organization"},"image":{"@id":"https:\/\/regiaonews.net.br\/2022\/2023\/09\/25\/prefeitura-de-barretos-entrega-reformas-e-revitalizacoes-de-pracas-nos-bairros-jardim-ramos-e-nadir-kenan-e-aparelhos-de-atividades-fisicas-no-33-bpm-i\/#primaryimage"},"thumbnailUrl":"https:\/\/regiaonews.net.br\/2022\/wp-content\/uploads\/2023\/09\/WhatsApp-Image-2023-09-25-at-18.01.09.jpeg","articleSection":["Barretos","Cidades"],"inLanguage":"pt-BR","potentialAction":[{"@type":"CommentAction","name":"Comment","target":["https:\/\/regiaonews.net.br\/2022\/2023\/09\/25\/prefeitura-de-barretos-entrega-reformas-e-revitalizacoes-de-pracas-nos-bairros-jardim-ramos-e-nadir-kenan-e-aparelhos-de-atividades-fisicas-no-33-bpm-i\/#respond"]}]},{"@type":"WebPage","@id":"https:\/\/regiaonews.net.br\/2022\/2023\/09\/25\/prefeitura-de-barretos-entrega-reformas-e-revitalizacoes-de-pracas-nos-bairros-jardim-ramos-e-nadir-kenan-e-aparelhos-de-atividades-fisicas-no-33-bpm-i\/","url":"https:\/\/regiaonews.net.br\/2022\/2023\/09\/25\/prefeitura-de-barretos-entrega-reformas-e-revitalizacoes-de-pracas-nos-bairros-jardim-ramos-e-nadir-kenan-e-aparelhos-de-atividades-fisicas-no-33-bpm-i\/","name":"Prefeitura de Barretos entrega reformas e revitaliza\u00e7\u00f5es de pra\u00e7as nos bairros Jardim Ramos e Nadir Kenan e aparelhos de atividades f\u00edsicas no 33\u00b0 BPM\/I - Regi\u00e3o News","isPartOf":{"@id":"https:\/\/regiaonews.net.br\/2022\/#website"},"primaryImageOfPage":{"@id":"https:\/\/regiaonews.net.br\/2022\/2023\/09\/25\/prefeitura-de-barretos-entrega-reformas-e-revitalizacoes-de-pracas-nos-bairros-jardim-ramos-e-nadir-kenan-e-aparelhos-de-atividades-fisicas-no-33-bpm-i\/#primaryimage"},"image":{"@id":"https:\/\/regiaonews.net.br\/2022\/2023\/09\/25\/prefeitura-de-barretos-entrega-reformas-e-revitalizacoes-de-pracas-nos-bairros-jardim-ramos-e-nadir-kenan-e-aparelhos-de-atividades-fisicas-no-33-bpm-i\/#primaryimage"},"thumbnailUrl":"https:\/\/regiaonews.net.br\/2022\/wp-content\/uploads\/2023\/09\/WhatsApp-Image-2023-09-25-at-18.01.09.jpeg","datePublished":"2023-09-25T23:57:03+00:00","dateModified":"2023-09-25T23:58:50+00:00","breadcrumb":{"@id":"https:\/\/regiaonews.net.br\/2022\/2023\/09\/25\/prefeitura-de-barretos-entrega-reformas-e-revitalizacoes-de-pracas-nos-bairros-jardim-ramos-e-nadir-kenan-e-aparelhos-de-atividades-fisicas-no-33-bpm-i\/#breadcrumb"},"inLanguage":"pt-BR","potentialAction":[{"@type":"ReadAction","target":["https:\/\/regiaonews.net.br\/2022\/2023\/09\/25\/prefeitura-de-barretos-entrega-reformas-e-revitalizacoes-de-pracas-nos-bairros-jardim-ramos-e-nadir-kenan-e-aparelhos-de-atividades-fisicas-no-33-bpm-i\/"]}]},{"@type":"ImageObject","inLanguage":"pt-BR","@id":"https:\/\/regiaonews.net.br\/2022\/2023\/09\/25\/prefeitura-de-barretos-entrega-reformas-e-revitalizacoes-de-pracas-nos-bairros-jardim-ramos-e-nadir-kenan-e-aparelhos-de-atividades-fisicas-no-33-bpm-i\/#primaryimage","url":"https:\/\/regiaonews.net.br\/2022\/wp-content\/uploads\/2023\/09\/WhatsApp-Image-2023-09-25-at-18.01.09.jpeg","contentUrl":"https:\/\/regiaonews.net.br\/2022\/wp-content\/uploads\/2023\/09\/WhatsApp-Image-2023-09-25-at-18.01.09.jpeg","width":1600,"height":1068},{"@type":"BreadcrumbList","@id":"https:\/\/regiaonews.net.br\/2022\/2023\/09\/25\/prefeitura-de-barretos-entrega-reformas-e-revitalizacoes-de-pracas-nos-bairros-jardim-ramos-e-nadir-kenan-e-aparelhos-de-atividades-fisicas-no-33-bpm-i\/#breadcrumb","itemListElement":[{"@type":"ListItem","position":1,"name":"In\u00edcio","item":"https:\/\/regiaonews.net.br\/2022\/"},{"@type":"ListItem","position":2,"name":"Prefeitura de Barretos entrega reformas e revitaliza\u00e7\u00f5es de pra\u00e7as nos bairros Jardim Ramos e Nadir Kenan e aparelhos de atividades f\u00edsicas no 33\u00b0 BPM\/I"}]},{"@type":"WebSite","@id":"https:\/\/regiaonews.net.br\/2022\/#website","url":"https:\/\/regiaonews.net.br\/2022\/","name":"Regi\u00e3o News","description":"Site de Not\u00edcias de Barretos e regi\u00e3o","publisher":{"@id":"https:\/\/regiaonews.net.br\/2022\/#organization"},"potentialAction":[{"@type":"SearchAction","target":{"@type":"EntryPoint","urlTemplate":"https:\/\/regiaonews.net.br\/2022\/?s={search_term_string}"},"query-input":{"@type":"PropertyValueSpecification","valueRequired":true,"valueName":"search_term_string"}}],"inLanguage":"pt-BR"},{"@type":"Organization","@id":"https:\/\/regiaonews.net.br\/2022\/#organization","name":"Regi\u00e3o News","url":"https:\/\/regiaonews.net.br\/2022\/","logo":{"@type":"ImageObject","inLanguage":"pt-BR","@id":"https:\/\/regiaonews.net.br\/2022\/#\/schema\/logo\/image\/","url":"https:\/\/regiaonews.net.br\/2022\/wp-content\/uploads\/2026\/03\/regiao-13-anos-scaled.jpg","contentUrl":"https:\/\/regiaonews.net.br\/2022\/wp-content\/uploads\/2026\/03\/regiao-13-anos-scaled.jpg","width":2560,"height":635,"caption":"Regi\u00e3o News"},"image":{"@id":"https:\/\/regiaonews.net.br\/2022\/#\/schema\/logo\/image\/"}},{"@type":"Person","@id":"https:\/\/regiaonews.net.br\/2022\/#\/schema\/person\/2d205a608a5aa97ac279d7a5e6d89ad8","name":"Roberto","image":{"@type":"ImageObject","inLanguage":"pt-BR","@id":"https:\/\/secure.gravatar.com\/avatar\/42749d8b712ff9d59ca93dc150494e5b55a44134482993f5baeb97e61b7ecc89?s=96&d=mm&r=g","url":"https:\/\/secure.gravatar.com\/avatar\/42749d8b712ff9d59ca93dc150494e5b55a44134482993f5baeb97e61b7ecc89?s=96&d=mm&r=g","contentUrl":"https:\/\/secure.gravatar.com\/avatar\/42749d8b712ff9d59ca93dc150494e5b55a44134482993f5baeb97e61b7ecc89?s=96&d=mm&r=g","caption":"Roberto"},"url":"https:\/\/regiaonews.net.br\/2022\/author\/roberto\/"}]}},"publishpress_future_action":{"enabled":false,"date":"2026-05-04 17:27:17","action":"change-status","newStatus":"draft","terms":[],"taxonomy":"category","extraData":[]},"publishpress_future_workflow_manual_trigger":{"enabledWorkflows":[]},"_links":{"self":[{"href":"https:\/\/regiaonews.net.br\/2022\/wp-json\/wp\/v2\/posts\/95637","targetHints":{"allow":["GET"]}}],"collection":[{"href":"https:\/\/regiaonews.net.br\/2022\/wp-json\/wp\/v2\/posts"}],"about":[{"href":"https:\/\/regiaonews.net.br\/2022\/wp-json\/wp\/v2\/types\/post"}],"author":[{"embeddable":true,"href":"https:\/\/regiaonews.net.br\/2022\/wp-json\/wp\/v2\/users\/2"}],"replies":[{"embeddable":true,"href":"https:\/\/regiaonews.net.br\/2022\/wp-json\/wp\/v2\/comments?post=95637"}],"version-history":[{"count":3,"href":"https:\/\/regiaonews.net.br\/2022\/wp-json\/wp\/v2\/posts\/95637\/revisions"}],"predecessor-version":[{"id":95643,"href":"https:\/\/regiaonews.net.br\/2022\/wp-json\/wp\/v2\/posts\/95637\/revisions\/95643"}],"wp:featuredmedia":[{"embeddable":true,"href":"https:\/\/regiaonews.net.br\/2022\/wp-json\/wp\/v2\/media\/95638"}],"wp:attachment":[{"href":"https:\/\/regiaonews.net.br\/2022\/wp-json\/wp\/v2\/media?parent=95637"}],"wp:term":[{"taxonomy":"category","embeddable":true,"href":"https:\/\/regiaonews.net.br\/2022\/wp-json\/wp\/v2\/categories?post=95637"},{"taxonomy":"post_tag","embeddable":true,"href":"https:\/\/regiaonews.net.br\/2022\/wp-json\/wp\/v2\/tags?post=95637"}],"curies":[{"name":"wp","href":"https:\/\/api.w.org\/{rel}","templated":true}]}}