{"id":95629,"date":"2023-09-25T17:01:05","date_gmt":"2023-09-25T20:01:05","guid":{"rendered":"https:\/\/regiaonews.net.br\/2022\/?p=95629"},"modified":"2023-09-25T17:10:35","modified_gmt":"2023-09-25T20:10:35","slug":"mussa-divulga-nota-apos-deixar-a-secretaria-de-saude","status":"publish","type":"post","link":"https:\/\/regiaonews.net.br\/2022\/2023\/09\/25\/mussa-divulga-nota-apos-deixar-a-secretaria-de-saude\/","title":{"rendered":"Mussa divulga nota ap\u00f3s deixar a secretaria de Sa\u00fade"},"content":{"rendered":"<p>Como homem p\u00fablico e filantropo sempre me dispus ao trabalho \u00e1rduo e incans\u00e1vel em prol da constru\u00e7\u00e3o de uma pol\u00edtica p\u00fablica baseada na \u00e9tica e na transpar\u00eancia, bem como do exerc\u00edcio honesto da filantropia para levar em asas de \u00e1guia o aux\u00edlio a entidades e pessoas carentes que tanto necessitam.<br \/>\nEstive muitas vezes frente ao cen\u00e1rio pol\u00edtico de nossa querida Barretos como Vereador, Diretor do SAAEB, Vice-Prefeito, Prefeito em Exerc\u00edcio, e Secret\u00e1rio Municipal de Sa\u00fade por duas vezes, tendo a oportunidade de contribuir da melhor maneira poss\u00edvel para o crescimento e o progresso de nossa cidade.<\/p>\n<p>Por\u00e9m, ressalto que para trabalhar por uma Barretos cada vez mais progressista e din\u00e2mica, n\u00e3o \u00e9 necess\u00e1rio que esteja revestido da investidura de um cargo p\u00fablico. Continuarei a trabalhar pela nossa cidade como sempre<br \/>\ntrabalhei com afinco e dedica\u00e7\u00e3o.<\/p>\n<p>Meu mantra e lema, frente \u00e0 gest\u00e3o da Secretaria Municipal de Sa\u00fade, sempre foi essa frase que encerra a m\u00e1xima de todos os ensinamentos do maior Mestre dos Mestres da Benevol\u00eancia: \u201cSE AS FERIDAS DO SEU IRM\u00c3O N\u00c3O LHE CAUSAM DOR, SUA DOEN\u00c7A \u00c9 MUITO MAIS GRAVE QUE A DELE\u201d.<\/p>\n<p>Agrade\u00e7o, especialmente, a toda a equipe t\u00e9cnica e de administra\u00e7\u00e3o da Secretaria Municipal de Sa\u00fade, que, com sua expertise e dedica\u00e7\u00e3o incans\u00e1vel frente a todos os obst\u00e1culos e percal\u00e7os, mais uma vez contribuiu comigo e com a Sa\u00fade P\u00fablica de Barretos, trabalhando unicamente com a bandeira de um SUS fortalecido, objetivando<br \/>\natender \u00e0s demandas de uma popula\u00e7\u00e3o cada vez mais dependente desse sistema de<br \/>\nacesso universal e integral.<\/p>\n<p>Hoje, me despe\u00e7o, por raz\u00f5es particulares, da gest\u00e3o dessa Pasta que exige muito mais empatia do que outros interesses, com a seguinte certeza: EU FIZ O QUE PUDE. ACHO QUE N\u00c3O EXISTE MELHOR RESUMO PARA UMA VIDA BEM VIVIDA, UMA VIDA ETICAMENTE VIVIDA. SE N\u00c3O FIZ MAIS, \u00c9 PORQUE N\u00c3O O PUDE FAZER. MAS N\u00c3O FIZ MENOS DO QUE PODERIA FAZER.<\/p>\n<p>Obrigado<br \/>\nMUSSA CALIL NETO<\/p>\n","protected":false},"excerpt":{"rendered":"<p>Como homem p\u00fablico e filantropo sempre me dispus ao trabalho<\/p>\n","protected":false},"author":2,"featured_media":95630,"comment_status":"open","ping_status":"open","sticky":false,"template":"","format":"standard","meta":{"footnotes":""},"categories":[14,25],"tags":[],"class_list":["post-95629","post","type-post","status-publish","format-standard","has-post-thumbnail","hentry","category-barretos","category-cidades"],"yoast_head":"<!-- This site is optimized with the Yoast SEO plugin v27.4 - https:\/\/yoast.com\/product\/yoast-seo-wordpress\/ -->\n<title>Mussa divulga nota ap\u00f3s deixar a Secretaria de Sa\u00fade<\/title>\n<meta name=\"description\" content=\"Como homem p\u00fablico e filantropo sempre me dispus ao trabalho \u00e1rduo e incans\u00e1vel em prol da constru\u00e7\u00e3o de uma pol\u00edtica p\u00fablica basead\" \/>\n<meta name=\"robots\" content=\"index, follow, max-snippet:-1, max-image-preview:large, max-video-preview:-1\" \/>\n<link rel=\"canonical\" href=\"https:\/\/regiaonews.net.br\/2022\/2023\/09\/25\/mussa-divulga-nota-apos-deixar-a-secretaria-de-saude\/\" \/>\n<meta property=\"og:locale\" content=\"pt_BR\" \/>\n<meta property=\"og:type\" content=\"article\" \/>\n<meta property=\"og:title\" content=\"Mussa divulga nota ap\u00f3s deixar a Secretaria de Sa\u00fade\" \/>\n<meta property=\"og:description\" content=\"Como homem p\u00fablico e filantropo sempre me dispus ao trabalho \u00e1rduo e incans\u00e1vel em prol da constru\u00e7\u00e3o de uma pol\u00edtica p\u00fablica basead\" \/>\n<meta property=\"og:url\" content=\"https:\/\/regiaonews.net.br\/2022\/2023\/09\/25\/mussa-divulga-nota-apos-deixar-a-secretaria-de-saude\/\" \/>\n<meta property=\"og:site_name\" content=\"Regi\u00e3o News\" \/>\n<meta property=\"article:published_time\" content=\"2023-09-25T20:01:05+00:00\" \/>\n<meta property=\"article:modified_time\" content=\"2023-09-25T20:10:35+00:00\" \/>\n<meta property=\"og:image\" content=\"https:\/\/regiaonews.net.br\/2022\/wp-content\/uploads\/2023\/09\/Mussa-Calil.jpeg\" \/>\n\t<meta property=\"og:image:width\" content=\"1024\" \/>\n\t<meta property=\"og:image:height\" content=\"682\" \/>\n\t<meta property=\"og:image:type\" content=\"image\/jpeg\" \/>\n<meta name=\"author\" content=\"Roberto\" \/>\n<meta name=\"twitter:card\" content=\"summary_large_image\" \/>\n<meta name=\"twitter:label1\" content=\"Escrito por\" \/>\n\t<meta name=\"twitter:data1\" content=\"Roberto\" \/>\n\t<meta name=\"twitter:label2\" content=\"Est. tempo de leitura\" \/>\n\t<meta name=\"twitter:data2\" content=\"2 minutos\" \/>\n<script type=\"application\/ld+json\" class=\"yoast-schema-graph\">{\"@context\":\"https:\\\/\\\/schema.org\",\"@graph\":[{\"@type\":\"Article\",\"@id\":\"https:\\\/\\\/regiaonews.net.br\\\/2022\\\/2023\\\/09\\\/25\\\/mussa-divulga-nota-apos-deixar-a-secretaria-de-saude\\\/#article\",\"isPartOf\":{\"@id\":\"https:\\\/\\\/regiaonews.net.br\\\/2022\\\/2023\\\/09\\\/25\\\/mussa-divulga-nota-apos-deixar-a-secretaria-de-saude\\\/\"},\"author\":{\"name\":\"Roberto\",\"@id\":\"https:\\\/\\\/regiaonews.net.br\\\/2022\\\/#\\\/schema\\\/person\\\/2d205a608a5aa97ac279d7a5e6d89ad8\"},\"headline\":\"Mussa divulga nota ap\u00f3s deixar a secretaria de Sa\u00fade\",\"datePublished\":\"2023-09-25T20:01:05+00:00\",\"dateModified\":\"2023-09-25T20:10:35+00:00\",\"mainEntityOfPage\":{\"@id\":\"https:\\\/\\\/regiaonews.net.br\\\/2022\\\/2023\\\/09\\\/25\\\/mussa-divulga-nota-apos-deixar-a-secretaria-de-saude\\\/\"},\"wordCount\":370,\"commentCount\":0,\"publisher\":{\"@id\":\"https:\\\/\\\/regiaonews.net.br\\\/2022\\\/#organization\"},\"image\":{\"@id\":\"https:\\\/\\\/regiaonews.net.br\\\/2022\\\/2023\\\/09\\\/25\\\/mussa-divulga-nota-apos-deixar-a-secretaria-de-saude\\\/#primaryimage\"},\"thumbnailUrl\":\"https:\\\/\\\/regiaonews.net.br\\\/2022\\\/wp-content\\\/uploads\\\/2023\\\/09\\\/Mussa-Calil.jpeg\",\"articleSection\":[\"Barretos\",\"Cidades\"],\"inLanguage\":\"pt-BR\",\"potentialAction\":[{\"@type\":\"CommentAction\",\"name\":\"Comment\",\"target\":[\"https:\\\/\\\/regiaonews.net.br\\\/2022\\\/2023\\\/09\\\/25\\\/mussa-divulga-nota-apos-deixar-a-secretaria-de-saude\\\/#respond\"]}]},{\"@type\":\"WebPage\",\"@id\":\"https:\\\/\\\/regiaonews.net.br\\\/2022\\\/2023\\\/09\\\/25\\\/mussa-divulga-nota-apos-deixar-a-secretaria-de-saude\\\/\",\"url\":\"https:\\\/\\\/regiaonews.net.br\\\/2022\\\/2023\\\/09\\\/25\\\/mussa-divulga-nota-apos-deixar-a-secretaria-de-saude\\\/\",\"name\":\"Mussa divulga nota ap\u00f3s deixar a Secretaria de Sa\u00fade\",\"isPartOf\":{\"@id\":\"https:\\\/\\\/regiaonews.net.br\\\/2022\\\/#website\"},\"primaryImageOfPage\":{\"@id\":\"https:\\\/\\\/regiaonews.net.br\\\/2022\\\/2023\\\/09\\\/25\\\/mussa-divulga-nota-apos-deixar-a-secretaria-de-saude\\\/#primaryimage\"},\"image\":{\"@id\":\"https:\\\/\\\/regiaonews.net.br\\\/2022\\\/2023\\\/09\\\/25\\\/mussa-divulga-nota-apos-deixar-a-secretaria-de-saude\\\/#primaryimage\"},\"thumbnailUrl\":\"https:\\\/\\\/regiaonews.net.br\\\/2022\\\/wp-content\\\/uploads\\\/2023\\\/09\\\/Mussa-Calil.jpeg\",\"datePublished\":\"2023-09-25T20:01:05+00:00\",\"dateModified\":\"2023-09-25T20:10:35+00:00\",\"description\":\"Como homem p\u00fablico e filantropo sempre me dispus ao trabalho \u00e1rduo e incans\u00e1vel em prol da constru\u00e7\u00e3o de uma pol\u00edtica p\u00fablica basead\",\"breadcrumb\":{\"@id\":\"https:\\\/\\\/regiaonews.net.br\\\/2022\\\/2023\\\/09\\\/25\\\/mussa-divulga-nota-apos-deixar-a-secretaria-de-saude\\\/#breadcrumb\"},\"inLanguage\":\"pt-BR\",\"potentialAction\":[{\"@type\":\"ReadAction\",\"target\":[\"https:\\\/\\\/regiaonews.net.br\\\/2022\\\/2023\\\/09\\\/25\\\/mussa-divulga-nota-apos-deixar-a-secretaria-de-saude\\\/\"]}]},{\"@type\":\"ImageObject\",\"inLanguage\":\"pt-BR\",\"@id\":\"https:\\\/\\\/regiaonews.net.br\\\/2022\\\/2023\\\/09\\\/25\\\/mussa-divulga-nota-apos-deixar-a-secretaria-de-saude\\\/#primaryimage\",\"url\":\"https:\\\/\\\/regiaonews.net.br\\\/2022\\\/wp-content\\\/uploads\\\/2023\\\/09\\\/Mussa-Calil.jpeg\",\"contentUrl\":\"https:\\\/\\\/regiaonews.net.br\\\/2022\\\/wp-content\\\/uploads\\\/2023\\\/09\\\/Mussa-Calil.jpeg\",\"width\":1024,\"height\":682},{\"@type\":\"BreadcrumbList\",\"@id\":\"https:\\\/\\\/regiaonews.net.br\\\/2022\\\/2023\\\/09\\\/25\\\/mussa-divulga-nota-apos-deixar-a-secretaria-de-saude\\\/#breadcrumb\",\"itemListElement\":[{\"@type\":\"ListItem\",\"position\":1,\"name\":\"In\u00edcio\",\"item\":\"https:\\\/\\\/regiaonews.net.br\\\/2022\\\/\"},{\"@type\":\"ListItem\",\"position\":2,\"name\":\"Mussa divulga nota ap\u00f3s deixar a secretaria de Sa\u00fade\"}]},{\"@type\":\"WebSite\",\"@id\":\"https:\\\/\\\/regiaonews.net.br\\\/2022\\\/#website\",\"url\":\"https:\\\/\\\/regiaonews.net.br\\\/2022\\\/\",\"name\":\"Regi\u00e3o News\",\"description\":\"Site de Not\u00edcias de Barretos e regi\u00e3o\",\"publisher\":{\"@id\":\"https:\\\/\\\/regiaonews.net.br\\\/2022\\\/#organization\"},\"potentialAction\":[{\"@type\":\"SearchAction\",\"target\":{\"@type\":\"EntryPoint\",\"urlTemplate\":\"https:\\\/\\\/regiaonews.net.br\\\/2022\\\/?s={search_term_string}\"},\"query-input\":{\"@type\":\"PropertyValueSpecification\",\"valueRequired\":true,\"valueName\":\"search_term_string\"}}],\"inLanguage\":\"pt-BR\"},{\"@type\":\"Organization\",\"@id\":\"https:\\\/\\\/regiaonews.net.br\\\/2022\\\/#organization\",\"name\":\"Regi\u00e3o News\",\"url\":\"https:\\\/\\\/regiaonews.net.br\\\/2022\\\/\",\"logo\":{\"@type\":\"ImageObject\",\"inLanguage\":\"pt-BR\",\"@id\":\"https:\\\/\\\/regiaonews.net.br\\\/2022\\\/#\\\/schema\\\/logo\\\/image\\\/\",\"url\":\"https:\\\/\\\/regiaonews.net.br\\\/2022\\\/wp-content\\\/uploads\\\/2026\\\/03\\\/regiao-13-anos-scaled.jpg\",\"contentUrl\":\"https:\\\/\\\/regiaonews.net.br\\\/2022\\\/wp-content\\\/uploads\\\/2026\\\/03\\\/regiao-13-anos-scaled.jpg\",\"width\":2560,\"height\":635,\"caption\":\"Regi\u00e3o News\"},\"image\":{\"@id\":\"https:\\\/\\\/regiaonews.net.br\\\/2022\\\/#\\\/schema\\\/logo\\\/image\\\/\"}},{\"@type\":\"Person\",\"@id\":\"https:\\\/\\\/regiaonews.net.br\\\/2022\\\/#\\\/schema\\\/person\\\/2d205a608a5aa97ac279d7a5e6d89ad8\",\"name\":\"Roberto\",\"image\":{\"@type\":\"ImageObject\",\"inLanguage\":\"pt-BR\",\"@id\":\"https:\\\/\\\/secure.gravatar.com\\\/avatar\\\/42749d8b712ff9d59ca93dc150494e5b55a44134482993f5baeb97e61b7ecc89?s=96&d=mm&r=g\",\"url\":\"https:\\\/\\\/secure.gravatar.com\\\/avatar\\\/42749d8b712ff9d59ca93dc150494e5b55a44134482993f5baeb97e61b7ecc89?s=96&d=mm&r=g\",\"contentUrl\":\"https:\\\/\\\/secure.gravatar.com\\\/avatar\\\/42749d8b712ff9d59ca93dc150494e5b55a44134482993f5baeb97e61b7ecc89?s=96&d=mm&r=g\",\"caption\":\"Roberto\"},\"url\":\"https:\\\/\\\/regiaonews.net.br\\\/2022\\\/author\\\/roberto\\\/\"}]}<\/script>\n<!-- \/ Yoast SEO plugin. -->","yoast_head_json":{"title":"Mussa divulga nota ap\u00f3s deixar a Secretaria de Sa\u00fade","description":"Como homem p\u00fablico e filantropo sempre me dispus ao trabalho \u00e1rduo e incans\u00e1vel em prol da constru\u00e7\u00e3o de uma pol\u00edtica p\u00fablica basead","robots":{"index":"index","follow":"follow","max-snippet":"max-snippet:-1","max-image-preview":"max-image-preview:large","max-video-preview":"max-video-preview:-1"},"canonical":"https:\/\/regiaonews.net.br\/2022\/2023\/09\/25\/mussa-divulga-nota-apos-deixar-a-secretaria-de-saude\/","og_locale":"pt_BR","og_type":"article","og_title":"Mussa divulga nota ap\u00f3s deixar a Secretaria de Sa\u00fade","og_description":"Como homem p\u00fablico e filantropo sempre me dispus ao trabalho \u00e1rduo e incans\u00e1vel em prol da constru\u00e7\u00e3o de uma pol\u00edtica p\u00fablica basead","og_url":"https:\/\/regiaonews.net.br\/2022\/2023\/09\/25\/mussa-divulga-nota-apos-deixar-a-secretaria-de-saude\/","og_site_name":"Regi\u00e3o News","article_published_time":"2023-09-25T20:01:05+00:00","article_modified_time":"2023-09-25T20:10:35+00:00","og_image":[{"width":1024,"height":682,"url":"https:\/\/regiaonews.net.br\/2022\/wp-content\/uploads\/2023\/09\/Mussa-Calil.jpeg","type":"image\/jpeg"}],"author":"Roberto","twitter_card":"summary_large_image","twitter_misc":{"Escrito por":"Roberto","Est. tempo de leitura":"2 minutos"},"schema":{"@context":"https:\/\/schema.org","@graph":[{"@type":"Article","@id":"https:\/\/regiaonews.net.br\/2022\/2023\/09\/25\/mussa-divulga-nota-apos-deixar-a-secretaria-de-saude\/#article","isPartOf":{"@id":"https:\/\/regiaonews.net.br\/2022\/2023\/09\/25\/mussa-divulga-nota-apos-deixar-a-secretaria-de-saude\/"},"author":{"name":"Roberto","@id":"https:\/\/regiaonews.net.br\/2022\/#\/schema\/person\/2d205a608a5aa97ac279d7a5e6d89ad8"},"headline":"Mussa divulga nota ap\u00f3s deixar a secretaria de Sa\u00fade","datePublished":"2023-09-25T20:01:05+00:00","dateModified":"2023-09-25T20:10:35+00:00","mainEntityOfPage":{"@id":"https:\/\/regiaonews.net.br\/2022\/2023\/09\/25\/mussa-divulga-nota-apos-deixar-a-secretaria-de-saude\/"},"wordCount":370,"commentCount":0,"publisher":{"@id":"https:\/\/regiaonews.net.br\/2022\/#organization"},"image":{"@id":"https:\/\/regiaonews.net.br\/2022\/2023\/09\/25\/mussa-divulga-nota-apos-deixar-a-secretaria-de-saude\/#primaryimage"},"thumbnailUrl":"https:\/\/regiaonews.net.br\/2022\/wp-content\/uploads\/2023\/09\/Mussa-Calil.jpeg","articleSection":["Barretos","Cidades"],"inLanguage":"pt-BR","potentialAction":[{"@type":"CommentAction","name":"Comment","target":["https:\/\/regiaonews.net.br\/2022\/2023\/09\/25\/mussa-divulga-nota-apos-deixar-a-secretaria-de-saude\/#respond"]}]},{"@type":"WebPage","@id":"https:\/\/regiaonews.net.br\/2022\/2023\/09\/25\/mussa-divulga-nota-apos-deixar-a-secretaria-de-saude\/","url":"https:\/\/regiaonews.net.br\/2022\/2023\/09\/25\/mussa-divulga-nota-apos-deixar-a-secretaria-de-saude\/","name":"Mussa divulga nota ap\u00f3s deixar a Secretaria de Sa\u00fade","isPartOf":{"@id":"https:\/\/regiaonews.net.br\/2022\/#website"},"primaryImageOfPage":{"@id":"https:\/\/regiaonews.net.br\/2022\/2023\/09\/25\/mussa-divulga-nota-apos-deixar-a-secretaria-de-saude\/#primaryimage"},"image":{"@id":"https:\/\/regiaonews.net.br\/2022\/2023\/09\/25\/mussa-divulga-nota-apos-deixar-a-secretaria-de-saude\/#primaryimage"},"thumbnailUrl":"https:\/\/regiaonews.net.br\/2022\/wp-content\/uploads\/2023\/09\/Mussa-Calil.jpeg","datePublished":"2023-09-25T20:01:05+00:00","dateModified":"2023-09-25T20:10:35+00:00","description":"Como homem p\u00fablico e filantropo sempre me dispus ao trabalho \u00e1rduo e incans\u00e1vel em prol da constru\u00e7\u00e3o de uma pol\u00edtica p\u00fablica basead","breadcrumb":{"@id":"https:\/\/regiaonews.net.br\/2022\/2023\/09\/25\/mussa-divulga-nota-apos-deixar-a-secretaria-de-saude\/#breadcrumb"},"inLanguage":"pt-BR","potentialAction":[{"@type":"ReadAction","target":["https:\/\/regiaonews.net.br\/2022\/2023\/09\/25\/mussa-divulga-nota-apos-deixar-a-secretaria-de-saude\/"]}]},{"@type":"ImageObject","inLanguage":"pt-BR","@id":"https:\/\/regiaonews.net.br\/2022\/2023\/09\/25\/mussa-divulga-nota-apos-deixar-a-secretaria-de-saude\/#primaryimage","url":"https:\/\/regiaonews.net.br\/2022\/wp-content\/uploads\/2023\/09\/Mussa-Calil.jpeg","contentUrl":"https:\/\/regiaonews.net.br\/2022\/wp-content\/uploads\/2023\/09\/Mussa-Calil.jpeg","width":1024,"height":682},{"@type":"BreadcrumbList","@id":"https:\/\/regiaonews.net.br\/2022\/2023\/09\/25\/mussa-divulga-nota-apos-deixar-a-secretaria-de-saude\/#breadcrumb","itemListElement":[{"@type":"ListItem","position":1,"name":"In\u00edcio","item":"https:\/\/regiaonews.net.br\/2022\/"},{"@type":"ListItem","position":2,"name":"Mussa divulga nota ap\u00f3s deixar a secretaria de Sa\u00fade"}]},{"@type":"WebSite","@id":"https:\/\/regiaonews.net.br\/2022\/#website","url":"https:\/\/regiaonews.net.br\/2022\/","name":"Regi\u00e3o News","description":"Site de Not\u00edcias de Barretos e regi\u00e3o","publisher":{"@id":"https:\/\/regiaonews.net.br\/2022\/#organization"},"potentialAction":[{"@type":"SearchAction","target":{"@type":"EntryPoint","urlTemplate":"https:\/\/regiaonews.net.br\/2022\/?s={search_term_string}"},"query-input":{"@type":"PropertyValueSpecification","valueRequired":true,"valueName":"search_term_string"}}],"inLanguage":"pt-BR"},{"@type":"Organization","@id":"https:\/\/regiaonews.net.br\/2022\/#organization","name":"Regi\u00e3o News","url":"https:\/\/regiaonews.net.br\/2022\/","logo":{"@type":"ImageObject","inLanguage":"pt-BR","@id":"https:\/\/regiaonews.net.br\/2022\/#\/schema\/logo\/image\/","url":"https:\/\/regiaonews.net.br\/2022\/wp-content\/uploads\/2026\/03\/regiao-13-anos-scaled.jpg","contentUrl":"https:\/\/regiaonews.net.br\/2022\/wp-content\/uploads\/2026\/03\/regiao-13-anos-scaled.jpg","width":2560,"height":635,"caption":"Regi\u00e3o News"},"image":{"@id":"https:\/\/regiaonews.net.br\/2022\/#\/schema\/logo\/image\/"}},{"@type":"Person","@id":"https:\/\/regiaonews.net.br\/2022\/#\/schema\/person\/2d205a608a5aa97ac279d7a5e6d89ad8","name":"Roberto","image":{"@type":"ImageObject","inLanguage":"pt-BR","@id":"https:\/\/secure.gravatar.com\/avatar\/42749d8b712ff9d59ca93dc150494e5b55a44134482993f5baeb97e61b7ecc89?s=96&d=mm&r=g","url":"https:\/\/secure.gravatar.com\/avatar\/42749d8b712ff9d59ca93dc150494e5b55a44134482993f5baeb97e61b7ecc89?s=96&d=mm&r=g","contentUrl":"https:\/\/secure.gravatar.com\/avatar\/42749d8b712ff9d59ca93dc150494e5b55a44134482993f5baeb97e61b7ecc89?s=96&d=mm&r=g","caption":"Roberto"},"url":"https:\/\/regiaonews.net.br\/2022\/author\/roberto\/"}]}},"publishpress_future_action":{"enabled":false,"date":"2026-05-04 20:48:55","action":"change-status","newStatus":"draft","terms":[],"taxonomy":"category","extraData":[]},"publishpress_future_workflow_manual_trigger":{"enabledWorkflows":[]},"_links":{"self":[{"href":"https:\/\/regiaonews.net.br\/2022\/wp-json\/wp\/v2\/posts\/95629","targetHints":{"allow":["GET"]}}],"collection":[{"href":"https:\/\/regiaonews.net.br\/2022\/wp-json\/wp\/v2\/posts"}],"about":[{"href":"https:\/\/regiaonews.net.br\/2022\/wp-json\/wp\/v2\/types\/post"}],"author":[{"embeddable":true,"href":"https:\/\/regiaonews.net.br\/2022\/wp-json\/wp\/v2\/users\/2"}],"replies":[{"embeddable":true,"href":"https:\/\/regiaonews.net.br\/2022\/wp-json\/wp\/v2\/comments?post=95629"}],"version-history":[{"count":3,"href":"https:\/\/regiaonews.net.br\/2022\/wp-json\/wp\/v2\/posts\/95629\/revisions"}],"predecessor-version":[{"id":95633,"href":"https:\/\/regiaonews.net.br\/2022\/wp-json\/wp\/v2\/posts\/95629\/revisions\/95633"}],"wp:featuredmedia":[{"embeddable":true,"href":"https:\/\/regiaonews.net.br\/2022\/wp-json\/wp\/v2\/media\/95630"}],"wp:attachment":[{"href":"https:\/\/regiaonews.net.br\/2022\/wp-json\/wp\/v2\/media?parent=95629"}],"wp:term":[{"taxonomy":"category","embeddable":true,"href":"https:\/\/regiaonews.net.br\/2022\/wp-json\/wp\/v2\/categories?post=95629"},{"taxonomy":"post_tag","embeddable":true,"href":"https:\/\/regiaonews.net.br\/2022\/wp-json\/wp\/v2\/tags?post=95629"}],"curies":[{"name":"wp","href":"https:\/\/api.w.org\/{rel}","templated":true}]}}