{"id":95617,"date":"2023-09-25T16:28:18","date_gmt":"2023-09-25T19:28:18","guid":{"rendered":"https:\/\/regiaonews.net.br\/2022\/?p=95617"},"modified":"2023-09-25T16:28:18","modified_gmt":"2023-09-25T19:28:18","slug":"atletas-barretenses-conquistam-25-medalhas-na-i-copa-catanduva-de-kung-fu","status":"publish","type":"post","link":"https:\/\/regiaonews.net.br\/2022\/2023\/09\/25\/atletas-barretenses-conquistam-25-medalhas-na-i-copa-catanduva-de-kung-fu\/","title":{"rendered":"Atletas barretenses conquistam 25 medalhas na I Copa Catanduva de Kung Fu"},"content":{"rendered":"<h3 style=\"text-align: center;\">Equipe F\u00eanix de Kung Fu tem o apoio da Prefeitura, por meio da Secretaria Municipal de Esportes e Lazer (SMEL).<\/h3>\n<p>Os atletas do Kung Fu da equipe F\u00eanix da Est\u00e2ncia Tur\u00edstica de Barretos conquistaram 25 medalhas na I Copa Catanduva de Kung Fu. O torneio ocorreu no domingo, 24 de setembro, no Gin\u00e1sio Gavioli, na cidade Catanduva\/SP.<br \/>\nDe acordo com o treinador e Gr\u00e3o-Mestre, Elam de Oliveira, foram 22 Medalhas de ouro, duas de prata e uma de bronze. \u201cOs atletas barretenses est\u00e3o classificados para a XV Copa S\u00e3o Paulo de Kung Fu Wushu, que acontecer\u00e1 no dia 22 de outubro, na cidade de Sert\u00e3ozinho\u201d, completou.<br \/>\nOs atletas que conquistaram medalhas de ouro foram Gabriel Henrique R. Machado (01), Henrique Confetti Canutto (02), Gabriela Pinheiro Contin (02), Thor Thiago Seg\u00f3via (01), Rafael Luz Garcias (02), Miguel Borges (01), Guilherme Machado Bonfim (01), Vitor M. Bonfim (03), Felipe Muniz (01), Daniel Augusto Brigag\u00e3o (01), Rodrigo C\u00e9sar Vigo de Souza (01), Vit\u00f3ria Meuti Machado (03) e Maria Luiza Rebolho Arantes (03). Pedro Henrique Machado e Esthevan Miguel conquistaram medalhas de Prata e o atleta Jo\u00e3o Pedro Bruce Galbiatti ficou com a medalha de bronze.<br \/>\nA equipe de Kung Fu tem o apoio da Prefeitura, por meio da Secretaria Municipal de Esportes e Lazer (SMEL).<\/p>\n<p>Reda\u00e7\u00e3o: Assessoria de imprensa<\/p>\n","protected":false},"excerpt":{"rendered":"<p>Equipe F\u00eanix de Kung Fu tem o apoio da Prefeitura,<\/p>\n","protected":false},"author":2,"featured_media":95618,"comment_status":"open","ping_status":"open","sticky":false,"template":"","format":"standard","meta":{"footnotes":""},"categories":[14,21],"tags":[],"class_list":["post-95617","post","type-post","status-publish","format-standard","has-post-thumbnail","hentry","category-barretos","category-esporte"],"yoast_head":"<!-- This site is optimized with the Yoast SEO plugin v27.4 - https:\/\/yoast.com\/product\/yoast-seo-wordpress\/ -->\n<title>Atletas barretenses conquistam 25 medalhas na I Copa Catanduva de Kung Fu - Regi\u00e3o News<\/title>\n<meta name=\"robots\" content=\"index, follow, max-snippet:-1, max-image-preview:large, max-video-preview:-1\" \/>\n<link rel=\"canonical\" href=\"https:\/\/regiaonews.net.br\/2022\/2023\/09\/25\/atletas-barretenses-conquistam-25-medalhas-na-i-copa-catanduva-de-kung-fu\/\" \/>\n<meta property=\"og:locale\" content=\"pt_BR\" \/>\n<meta property=\"og:type\" content=\"article\" \/>\n<meta property=\"og:title\" content=\"Atletas barretenses conquistam 25 medalhas na I Copa Catanduva de Kung Fu - Regi\u00e3o News\" \/>\n<meta property=\"og:description\" content=\"Equipe F\u00eanix de Kung Fu tem o apoio da Prefeitura,\" \/>\n<meta property=\"og:url\" content=\"https:\/\/regiaonews.net.br\/2022\/2023\/09\/25\/atletas-barretenses-conquistam-25-medalhas-na-i-copa-catanduva-de-kung-fu\/\" \/>\n<meta property=\"og:site_name\" content=\"Regi\u00e3o News\" \/>\n<meta property=\"article:published_time\" content=\"2023-09-25T19:28:18+00:00\" \/>\n<meta property=\"og:image\" content=\"https:\/\/regiaonews.net.br\/2022\/wp-content\/uploads\/2023\/09\/Imagem-do-WhatsApp-de-2023-09-25-as-14.24.49.jpg\" \/>\n\t<meta property=\"og:image:width\" content=\"1600\" \/>\n\t<meta property=\"og:image:height\" content=\"953\" \/>\n\t<meta property=\"og:image:type\" content=\"image\/jpeg\" \/>\n<meta name=\"author\" content=\"Roberto\" \/>\n<meta name=\"twitter:card\" content=\"summary_large_image\" \/>\n<meta name=\"twitter:label1\" content=\"Escrito por\" \/>\n\t<meta name=\"twitter:data1\" content=\"Roberto\" \/>\n\t<meta name=\"twitter:label2\" content=\"Est. tempo de leitura\" \/>\n\t<meta name=\"twitter:data2\" content=\"2 minutos\" \/>\n<script type=\"application\/ld+json\" class=\"yoast-schema-graph\">{\"@context\":\"https:\\\/\\\/schema.org\",\"@graph\":[{\"@type\":\"Article\",\"@id\":\"https:\\\/\\\/regiaonews.net.br\\\/2022\\\/2023\\\/09\\\/25\\\/atletas-barretenses-conquistam-25-medalhas-na-i-copa-catanduva-de-kung-fu\\\/#article\",\"isPartOf\":{\"@id\":\"https:\\\/\\\/regiaonews.net.br\\\/2022\\\/2023\\\/09\\\/25\\\/atletas-barretenses-conquistam-25-medalhas-na-i-copa-catanduva-de-kung-fu\\\/\"},\"author\":{\"name\":\"Roberto\",\"@id\":\"https:\\\/\\\/regiaonews.net.br\\\/2022\\\/#\\\/schema\\\/person\\\/2d205a608a5aa97ac279d7a5e6d89ad8\"},\"headline\":\"Atletas barretenses conquistam 25 medalhas na I Copa Catanduva de Kung Fu\",\"datePublished\":\"2023-09-25T19:28:18+00:00\",\"mainEntityOfPage\":{\"@id\":\"https:\\\/\\\/regiaonews.net.br\\\/2022\\\/2023\\\/09\\\/25\\\/atletas-barretenses-conquistam-25-medalhas-na-i-copa-catanduva-de-kung-fu\\\/\"},\"wordCount\":226,\"commentCount\":0,\"publisher\":{\"@id\":\"https:\\\/\\\/regiaonews.net.br\\\/2022\\\/#organization\"},\"image\":{\"@id\":\"https:\\\/\\\/regiaonews.net.br\\\/2022\\\/2023\\\/09\\\/25\\\/atletas-barretenses-conquistam-25-medalhas-na-i-copa-catanduva-de-kung-fu\\\/#primaryimage\"},\"thumbnailUrl\":\"https:\\\/\\\/regiaonews.net.br\\\/2022\\\/wp-content\\\/uploads\\\/2023\\\/09\\\/Imagem-do-WhatsApp-de-2023-09-25-as-14.24.49.jpg\",\"articleSection\":[\"Barretos\",\"Esporte\"],\"inLanguage\":\"pt-BR\",\"potentialAction\":[{\"@type\":\"CommentAction\",\"name\":\"Comment\",\"target\":[\"https:\\\/\\\/regiaonews.net.br\\\/2022\\\/2023\\\/09\\\/25\\\/atletas-barretenses-conquistam-25-medalhas-na-i-copa-catanduva-de-kung-fu\\\/#respond\"]}]},{\"@type\":\"WebPage\",\"@id\":\"https:\\\/\\\/regiaonews.net.br\\\/2022\\\/2023\\\/09\\\/25\\\/atletas-barretenses-conquistam-25-medalhas-na-i-copa-catanduva-de-kung-fu\\\/\",\"url\":\"https:\\\/\\\/regiaonews.net.br\\\/2022\\\/2023\\\/09\\\/25\\\/atletas-barretenses-conquistam-25-medalhas-na-i-copa-catanduva-de-kung-fu\\\/\",\"name\":\"Atletas barretenses conquistam 25 medalhas na I Copa Catanduva de Kung Fu - Regi\u00e3o News\",\"isPartOf\":{\"@id\":\"https:\\\/\\\/regiaonews.net.br\\\/2022\\\/#website\"},\"primaryImageOfPage\":{\"@id\":\"https:\\\/\\\/regiaonews.net.br\\\/2022\\\/2023\\\/09\\\/25\\\/atletas-barretenses-conquistam-25-medalhas-na-i-copa-catanduva-de-kung-fu\\\/#primaryimage\"},\"image\":{\"@id\":\"https:\\\/\\\/regiaonews.net.br\\\/2022\\\/2023\\\/09\\\/25\\\/atletas-barretenses-conquistam-25-medalhas-na-i-copa-catanduva-de-kung-fu\\\/#primaryimage\"},\"thumbnailUrl\":\"https:\\\/\\\/regiaonews.net.br\\\/2022\\\/wp-content\\\/uploads\\\/2023\\\/09\\\/Imagem-do-WhatsApp-de-2023-09-25-as-14.24.49.jpg\",\"datePublished\":\"2023-09-25T19:28:18+00:00\",\"breadcrumb\":{\"@id\":\"https:\\\/\\\/regiaonews.net.br\\\/2022\\\/2023\\\/09\\\/25\\\/atletas-barretenses-conquistam-25-medalhas-na-i-copa-catanduva-de-kung-fu\\\/#breadcrumb\"},\"inLanguage\":\"pt-BR\",\"potentialAction\":[{\"@type\":\"ReadAction\",\"target\":[\"https:\\\/\\\/regiaonews.net.br\\\/2022\\\/2023\\\/09\\\/25\\\/atletas-barretenses-conquistam-25-medalhas-na-i-copa-catanduva-de-kung-fu\\\/\"]}]},{\"@type\":\"ImageObject\",\"inLanguage\":\"pt-BR\",\"@id\":\"https:\\\/\\\/regiaonews.net.br\\\/2022\\\/2023\\\/09\\\/25\\\/atletas-barretenses-conquistam-25-medalhas-na-i-copa-catanduva-de-kung-fu\\\/#primaryimage\",\"url\":\"https:\\\/\\\/regiaonews.net.br\\\/2022\\\/wp-content\\\/uploads\\\/2023\\\/09\\\/Imagem-do-WhatsApp-de-2023-09-25-as-14.24.49.jpg\",\"contentUrl\":\"https:\\\/\\\/regiaonews.net.br\\\/2022\\\/wp-content\\\/uploads\\\/2023\\\/09\\\/Imagem-do-WhatsApp-de-2023-09-25-as-14.24.49.jpg\",\"width\":1600,\"height\":953},{\"@type\":\"BreadcrumbList\",\"@id\":\"https:\\\/\\\/regiaonews.net.br\\\/2022\\\/2023\\\/09\\\/25\\\/atletas-barretenses-conquistam-25-medalhas-na-i-copa-catanduva-de-kung-fu\\\/#breadcrumb\",\"itemListElement\":[{\"@type\":\"ListItem\",\"position\":1,\"name\":\"In\u00edcio\",\"item\":\"https:\\\/\\\/regiaonews.net.br\\\/2022\\\/\"},{\"@type\":\"ListItem\",\"position\":2,\"name\":\"Atletas barretenses conquistam 25 medalhas na I Copa Catanduva de Kung Fu\"}]},{\"@type\":\"WebSite\",\"@id\":\"https:\\\/\\\/regiaonews.net.br\\\/2022\\\/#website\",\"url\":\"https:\\\/\\\/regiaonews.net.br\\\/2022\\\/\",\"name\":\"Regi\u00e3o News\",\"description\":\"Site de Not\u00edcias de Barretos e regi\u00e3o\",\"publisher\":{\"@id\":\"https:\\\/\\\/regiaonews.net.br\\\/2022\\\/#organization\"},\"potentialAction\":[{\"@type\":\"SearchAction\",\"target\":{\"@type\":\"EntryPoint\",\"urlTemplate\":\"https:\\\/\\\/regiaonews.net.br\\\/2022\\\/?s={search_term_string}\"},\"query-input\":{\"@type\":\"PropertyValueSpecification\",\"valueRequired\":true,\"valueName\":\"search_term_string\"}}],\"inLanguage\":\"pt-BR\"},{\"@type\":\"Organization\",\"@id\":\"https:\\\/\\\/regiaonews.net.br\\\/2022\\\/#organization\",\"name\":\"Regi\u00e3o News\",\"url\":\"https:\\\/\\\/regiaonews.net.br\\\/2022\\\/\",\"logo\":{\"@type\":\"ImageObject\",\"inLanguage\":\"pt-BR\",\"@id\":\"https:\\\/\\\/regiaonews.net.br\\\/2022\\\/#\\\/schema\\\/logo\\\/image\\\/\",\"url\":\"https:\\\/\\\/regiaonews.net.br\\\/2022\\\/wp-content\\\/uploads\\\/2026\\\/03\\\/regiao-13-anos-scaled.jpg\",\"contentUrl\":\"https:\\\/\\\/regiaonews.net.br\\\/2022\\\/wp-content\\\/uploads\\\/2026\\\/03\\\/regiao-13-anos-scaled.jpg\",\"width\":2560,\"height\":635,\"caption\":\"Regi\u00e3o News\"},\"image\":{\"@id\":\"https:\\\/\\\/regiaonews.net.br\\\/2022\\\/#\\\/schema\\\/logo\\\/image\\\/\"}},{\"@type\":\"Person\",\"@id\":\"https:\\\/\\\/regiaonews.net.br\\\/2022\\\/#\\\/schema\\\/person\\\/2d205a608a5aa97ac279d7a5e6d89ad8\",\"name\":\"Roberto\",\"image\":{\"@type\":\"ImageObject\",\"inLanguage\":\"pt-BR\",\"@id\":\"https:\\\/\\\/secure.gravatar.com\\\/avatar\\\/42749d8b712ff9d59ca93dc150494e5b55a44134482993f5baeb97e61b7ecc89?s=96&d=mm&r=g\",\"url\":\"https:\\\/\\\/secure.gravatar.com\\\/avatar\\\/42749d8b712ff9d59ca93dc150494e5b55a44134482993f5baeb97e61b7ecc89?s=96&d=mm&r=g\",\"contentUrl\":\"https:\\\/\\\/secure.gravatar.com\\\/avatar\\\/42749d8b712ff9d59ca93dc150494e5b55a44134482993f5baeb97e61b7ecc89?s=96&d=mm&r=g\",\"caption\":\"Roberto\"},\"url\":\"https:\\\/\\\/regiaonews.net.br\\\/2022\\\/author\\\/roberto\\\/\"}]}<\/script>\n<!-- \/ Yoast SEO plugin. -->","yoast_head_json":{"title":"Atletas barretenses conquistam 25 medalhas na I Copa Catanduva de Kung Fu - Regi\u00e3o News","robots":{"index":"index","follow":"follow","max-snippet":"max-snippet:-1","max-image-preview":"max-image-preview:large","max-video-preview":"max-video-preview:-1"},"canonical":"https:\/\/regiaonews.net.br\/2022\/2023\/09\/25\/atletas-barretenses-conquistam-25-medalhas-na-i-copa-catanduva-de-kung-fu\/","og_locale":"pt_BR","og_type":"article","og_title":"Atletas barretenses conquistam 25 medalhas na I Copa Catanduva de Kung Fu - Regi\u00e3o News","og_description":"Equipe F\u00eanix de Kung Fu tem o apoio da Prefeitura,","og_url":"https:\/\/regiaonews.net.br\/2022\/2023\/09\/25\/atletas-barretenses-conquistam-25-medalhas-na-i-copa-catanduva-de-kung-fu\/","og_site_name":"Regi\u00e3o News","article_published_time":"2023-09-25T19:28:18+00:00","og_image":[{"width":1600,"height":953,"url":"https:\/\/regiaonews.net.br\/2022\/wp-content\/uploads\/2023\/09\/Imagem-do-WhatsApp-de-2023-09-25-as-14.24.49.jpg","type":"image\/jpeg"}],"author":"Roberto","twitter_card":"summary_large_image","twitter_misc":{"Escrito por":"Roberto","Est. tempo de leitura":"2 minutos"},"schema":{"@context":"https:\/\/schema.org","@graph":[{"@type":"Article","@id":"https:\/\/regiaonews.net.br\/2022\/2023\/09\/25\/atletas-barretenses-conquistam-25-medalhas-na-i-copa-catanduva-de-kung-fu\/#article","isPartOf":{"@id":"https:\/\/regiaonews.net.br\/2022\/2023\/09\/25\/atletas-barretenses-conquistam-25-medalhas-na-i-copa-catanduva-de-kung-fu\/"},"author":{"name":"Roberto","@id":"https:\/\/regiaonews.net.br\/2022\/#\/schema\/person\/2d205a608a5aa97ac279d7a5e6d89ad8"},"headline":"Atletas barretenses conquistam 25 medalhas na I Copa Catanduva de Kung Fu","datePublished":"2023-09-25T19:28:18+00:00","mainEntityOfPage":{"@id":"https:\/\/regiaonews.net.br\/2022\/2023\/09\/25\/atletas-barretenses-conquistam-25-medalhas-na-i-copa-catanduva-de-kung-fu\/"},"wordCount":226,"commentCount":0,"publisher":{"@id":"https:\/\/regiaonews.net.br\/2022\/#organization"},"image":{"@id":"https:\/\/regiaonews.net.br\/2022\/2023\/09\/25\/atletas-barretenses-conquistam-25-medalhas-na-i-copa-catanduva-de-kung-fu\/#primaryimage"},"thumbnailUrl":"https:\/\/regiaonews.net.br\/2022\/wp-content\/uploads\/2023\/09\/Imagem-do-WhatsApp-de-2023-09-25-as-14.24.49.jpg","articleSection":["Barretos","Esporte"],"inLanguage":"pt-BR","potentialAction":[{"@type":"CommentAction","name":"Comment","target":["https:\/\/regiaonews.net.br\/2022\/2023\/09\/25\/atletas-barretenses-conquistam-25-medalhas-na-i-copa-catanduva-de-kung-fu\/#respond"]}]},{"@type":"WebPage","@id":"https:\/\/regiaonews.net.br\/2022\/2023\/09\/25\/atletas-barretenses-conquistam-25-medalhas-na-i-copa-catanduva-de-kung-fu\/","url":"https:\/\/regiaonews.net.br\/2022\/2023\/09\/25\/atletas-barretenses-conquistam-25-medalhas-na-i-copa-catanduva-de-kung-fu\/","name":"Atletas barretenses conquistam 25 medalhas na I Copa Catanduva de Kung Fu - Regi\u00e3o News","isPartOf":{"@id":"https:\/\/regiaonews.net.br\/2022\/#website"},"primaryImageOfPage":{"@id":"https:\/\/regiaonews.net.br\/2022\/2023\/09\/25\/atletas-barretenses-conquistam-25-medalhas-na-i-copa-catanduva-de-kung-fu\/#primaryimage"},"image":{"@id":"https:\/\/regiaonews.net.br\/2022\/2023\/09\/25\/atletas-barretenses-conquistam-25-medalhas-na-i-copa-catanduva-de-kung-fu\/#primaryimage"},"thumbnailUrl":"https:\/\/regiaonews.net.br\/2022\/wp-content\/uploads\/2023\/09\/Imagem-do-WhatsApp-de-2023-09-25-as-14.24.49.jpg","datePublished":"2023-09-25T19:28:18+00:00","breadcrumb":{"@id":"https:\/\/regiaonews.net.br\/2022\/2023\/09\/25\/atletas-barretenses-conquistam-25-medalhas-na-i-copa-catanduva-de-kung-fu\/#breadcrumb"},"inLanguage":"pt-BR","potentialAction":[{"@type":"ReadAction","target":["https:\/\/regiaonews.net.br\/2022\/2023\/09\/25\/atletas-barretenses-conquistam-25-medalhas-na-i-copa-catanduva-de-kung-fu\/"]}]},{"@type":"ImageObject","inLanguage":"pt-BR","@id":"https:\/\/regiaonews.net.br\/2022\/2023\/09\/25\/atletas-barretenses-conquistam-25-medalhas-na-i-copa-catanduva-de-kung-fu\/#primaryimage","url":"https:\/\/regiaonews.net.br\/2022\/wp-content\/uploads\/2023\/09\/Imagem-do-WhatsApp-de-2023-09-25-as-14.24.49.jpg","contentUrl":"https:\/\/regiaonews.net.br\/2022\/wp-content\/uploads\/2023\/09\/Imagem-do-WhatsApp-de-2023-09-25-as-14.24.49.jpg","width":1600,"height":953},{"@type":"BreadcrumbList","@id":"https:\/\/regiaonews.net.br\/2022\/2023\/09\/25\/atletas-barretenses-conquistam-25-medalhas-na-i-copa-catanduva-de-kung-fu\/#breadcrumb","itemListElement":[{"@type":"ListItem","position":1,"name":"In\u00edcio","item":"https:\/\/regiaonews.net.br\/2022\/"},{"@type":"ListItem","position":2,"name":"Atletas barretenses conquistam 25 medalhas na I Copa Catanduva de Kung Fu"}]},{"@type":"WebSite","@id":"https:\/\/regiaonews.net.br\/2022\/#website","url":"https:\/\/regiaonews.net.br\/2022\/","name":"Regi\u00e3o News","description":"Site de Not\u00edcias de Barretos e regi\u00e3o","publisher":{"@id":"https:\/\/regiaonews.net.br\/2022\/#organization"},"potentialAction":[{"@type":"SearchAction","target":{"@type":"EntryPoint","urlTemplate":"https:\/\/regiaonews.net.br\/2022\/?s={search_term_string}"},"query-input":{"@type":"PropertyValueSpecification","valueRequired":true,"valueName":"search_term_string"}}],"inLanguage":"pt-BR"},{"@type":"Organization","@id":"https:\/\/regiaonews.net.br\/2022\/#organization","name":"Regi\u00e3o News","url":"https:\/\/regiaonews.net.br\/2022\/","logo":{"@type":"ImageObject","inLanguage":"pt-BR","@id":"https:\/\/regiaonews.net.br\/2022\/#\/schema\/logo\/image\/","url":"https:\/\/regiaonews.net.br\/2022\/wp-content\/uploads\/2026\/03\/regiao-13-anos-scaled.jpg","contentUrl":"https:\/\/regiaonews.net.br\/2022\/wp-content\/uploads\/2026\/03\/regiao-13-anos-scaled.jpg","width":2560,"height":635,"caption":"Regi\u00e3o News"},"image":{"@id":"https:\/\/regiaonews.net.br\/2022\/#\/schema\/logo\/image\/"}},{"@type":"Person","@id":"https:\/\/regiaonews.net.br\/2022\/#\/schema\/person\/2d205a608a5aa97ac279d7a5e6d89ad8","name":"Roberto","image":{"@type":"ImageObject","inLanguage":"pt-BR","@id":"https:\/\/secure.gravatar.com\/avatar\/42749d8b712ff9d59ca93dc150494e5b55a44134482993f5baeb97e61b7ecc89?s=96&d=mm&r=g","url":"https:\/\/secure.gravatar.com\/avatar\/42749d8b712ff9d59ca93dc150494e5b55a44134482993f5baeb97e61b7ecc89?s=96&d=mm&r=g","contentUrl":"https:\/\/secure.gravatar.com\/avatar\/42749d8b712ff9d59ca93dc150494e5b55a44134482993f5baeb97e61b7ecc89?s=96&d=mm&r=g","caption":"Roberto"},"url":"https:\/\/regiaonews.net.br\/2022\/author\/roberto\/"}]}},"publishpress_future_action":{"enabled":false,"date":"2026-05-04 20:28:17","action":"change-status","newStatus":"draft","terms":[],"taxonomy":"category","extraData":[]},"publishpress_future_workflow_manual_trigger":{"enabledWorkflows":[]},"_links":{"self":[{"href":"https:\/\/regiaonews.net.br\/2022\/wp-json\/wp\/v2\/posts\/95617","targetHints":{"allow":["GET"]}}],"collection":[{"href":"https:\/\/regiaonews.net.br\/2022\/wp-json\/wp\/v2\/posts"}],"about":[{"href":"https:\/\/regiaonews.net.br\/2022\/wp-json\/wp\/v2\/types\/post"}],"author":[{"embeddable":true,"href":"https:\/\/regiaonews.net.br\/2022\/wp-json\/wp\/v2\/users\/2"}],"replies":[{"embeddable":true,"href":"https:\/\/regiaonews.net.br\/2022\/wp-json\/wp\/v2\/comments?post=95617"}],"version-history":[{"count":1,"href":"https:\/\/regiaonews.net.br\/2022\/wp-json\/wp\/v2\/posts\/95617\/revisions"}],"predecessor-version":[{"id":95619,"href":"https:\/\/regiaonews.net.br\/2022\/wp-json\/wp\/v2\/posts\/95617\/revisions\/95619"}],"wp:featuredmedia":[{"embeddable":true,"href":"https:\/\/regiaonews.net.br\/2022\/wp-json\/wp\/v2\/media\/95618"}],"wp:attachment":[{"href":"https:\/\/regiaonews.net.br\/2022\/wp-json\/wp\/v2\/media?parent=95617"}],"wp:term":[{"taxonomy":"category","embeddable":true,"href":"https:\/\/regiaonews.net.br\/2022\/wp-json\/wp\/v2\/categories?post=95617"},{"taxonomy":"post_tag","embeddable":true,"href":"https:\/\/regiaonews.net.br\/2022\/wp-json\/wp\/v2\/tags?post=95617"}],"curies":[{"name":"wp","href":"https:\/\/api.w.org\/{rel}","templated":true}]}}