{"id":95612,"date":"2023-09-25T16:26:32","date_gmt":"2023-09-25T19:26:32","guid":{"rendered":"https:\/\/regiaonews.net.br\/2022\/?p=95612"},"modified":"2023-09-25T16:26:32","modified_gmt":"2023-09-25T19:26:32","slug":"violencia-domestica-monitoramento-de-agressores-vai-ser-ampliado-para-todo-o-estado-ate-2024","status":"publish","type":"post","link":"https:\/\/regiaonews.net.br\/2022\/2023\/09\/25\/violencia-domestica-monitoramento-de-agressores-vai-ser-ampliado-para-todo-o-estado-ate-2024\/","title":{"rendered":"Viol\u00eancia dom\u00e9stica: monitoramento de agressores vai ser ampliado para todo o estado at\u00e9 2024"},"content":{"rendered":"<div>\n<h3 class=\"titulopreto ng-binding\" style=\"text-align: center;\">A SSP abriu edital de licita\u00e7\u00e3o para adquirir novos dispositivos.<\/h3>\n<\/div>\n<div id=\"notCorpo\" class=\"ng-binding\">\n<div>O projeto pioneiro de monitoramento com tornozeleiras de agressores de mulheres deve ser ampliado para todo o Estado at\u00e9 o final de 2024. O an\u00fancio foi feito pelo secret\u00e1rio da Seguran\u00e7a P\u00fablica de S\u00e3o Paulo, Guilherme Derrite, durante um evento em S\u00e3o Jos\u00e9 do Rio Preto, nesta segunda-feira (25).<\/div>\n<div><\/div>\n<div>\u201cO monitoramento de criminosos reincidentes em cumprimento de pena em regime aberto ser\u00e1 uma realidade em todo o Estado de S\u00e3o Paulo at\u00e9 o final do ano que vem\u201d, informou Derrite. \u201cN\u00f3s temos 8 mil tornozeleiras contratadas para a capital paulista e abrimos um edital de licita\u00e7\u00e3o para comprar para todo estado pela Secretaria da Seguran\u00e7a P\u00fablica\u201d, enfatizou o secret\u00e1rio.<\/div>\n<div><\/div>\n<div>O projeto piloto est\u00e1 em execu\u00e7\u00e3o na capital paulista desde 11 de setembro. At\u00e9 o momento, 20 infratores receberam tornozeleira eletr\u00f4nica por decis\u00e3o da Justi\u00e7a, depois de serem soltos em audi\u00eancia de cust\u00f3dia. Um agressor foi detido ap\u00f3s descumprir a ordem judicial.<\/div>\n<div><\/div>\n<div><b>17\u00ba Batalh\u00e3o de Pol\u00edcia Militar do Interior completa 59 anos<\/b><\/div>\n<div><\/div>\n<div>O 17\u00ba Batalh\u00e3o de Pol\u00edcia Militar do Interior (BPM\/I) completou 59 anos nesta segunda-feira (25). A comemora\u00e7\u00e3o contou com uma homenagem a 57 personalidades civis e militares da regi\u00e3o de S\u00e3o Jos\u00e9 do Rio Preto. A medalha em alus\u00e3o ao cinquenten\u00e1rio \u00e9 um reconhecimento aos servi\u00e7os relevantes prestados \u00e0 Pol\u00edcia Militar (PM) e ao Estado de S\u00e3o Paulo.<\/div>\n<div><\/div>\n<div>\u201cTenho muito orgulho da homenagem, pois \u00e9 um batalh\u00e3o tradicional e muito importante para toda regi\u00e3o. \u00c9 muita satisfa\u00e7\u00e3o em trabalhar em prol \u00e0 comunidade\u201d, destacou o tenente-coronel M\u00e1rio Luciano Siconeli, um dos homenageados e que atua h\u00e1 21 anos na regi\u00e3o.<\/div>\n<div><\/div>\n<div>Na \u00e1rea de atua\u00e7\u00e3o do 17\u00ba BPM\/I, de janeiro a agosto deste ano, o trabalho da PM possibilitou a pris\u00e3o de 2.138 infratores, a recupera\u00e7\u00e3o de 228 ve\u00edculos furtados ou roubados e a apreens\u00e3o de 100 armas de fogo ilegais.<\/div>\n<div><\/div>\n<div>O resultado dessas a\u00e7\u00f5es culminou com a queda nos principais \u00edndices criminais na regi\u00e3o. Os roubos tiveram uma redu\u00e7\u00e3o de 10%, assim como os roubos de ve\u00edculos e os homic\u00eddios dolosos que tamb\u00e9m registraram diminui\u00e7\u00e3o.<\/div>\n<div><\/div>\n<div>Na solenidade, o tenente-coronel Marcelo Lessa, comandante do 17\u00ba BPM\/I destacou o trabalho dos homens e mulheres que comp\u00f5em o efetivo da PM na regi\u00e3o. \u201cO trabalho incans\u00e1vel permitiu alcan\u00e7ar esses n\u00fameros\u201d, frisou o tenente-coronel. \u201cAl\u00e9m disso, nosso batalh\u00e3o tem investido cada vez mais no contato com a comunidade e na implementa\u00e7\u00e3o do programa vigil\u00e2ncia solid\u00e1ria\u201d, lembrou.<\/div>\n<div><\/div>\n<div>\u201cA cidade \u00e9 exemplo para todo estado com alta produtividade e redu\u00e7\u00e3o dos indicadores criminais\u201d, afirmou o comandante-geral da PM no Estado, coronel C\u00e1ssio de Freitas<\/div>\n<div><\/div>\n<div><b>Novas viaturas para o Corpo de Bombeiros\u00a0<\/b><\/div>\n<div><\/div>\n<div>Na solenidade, foram entregues duas novas viaturas para o Corpo de Bombeiros. As Unidades de Resgate (UR) passam a atender a popula\u00e7\u00e3o a partir de hoje nas cidades de S\u00e3o Jos\u00e9 do Rio Preto e Tanabi. Neste, os munic\u00edpios atenderam cerca de 4,7 mil ocorr\u00eancias.<\/div>\n<div><\/div>\n<div>Os recursos para adquirir os ve\u00edculos s\u00e3o oriundos do governo do Estado e totalizaram R$ 677 mil. As viaturas de resgate s\u00e3o um dos ve\u00edculos mais modernos em termos de constru\u00e7\u00e3o nacional de viaturas de bombeiros, destinada a uma gama de ocorr\u00eancias espec\u00edficas do sistema de resgate a acidentados, emerg\u00eancias cl\u00ednicas, atendimento a v\u00edtimas de diversas naturezas, al\u00e9m de apoio nas demais ocorr\u00eancias de bombeiros.<\/div>\n<\/div>\n<div class=\"clearfix\"><\/div>\n<div class=\"clearfix\"><\/div>\n<div class=\"col-lg-12 col-md-12 col-sm-12 col-xs-12 rightText espacovertical\"><span class=\"ng-binding\">Guilherme Lopes<\/span><\/div>\n","protected":false},"excerpt":{"rendered":"<p>A SSP abriu edital de licita\u00e7\u00e3o para adquirir novos dispositivos.<\/p>\n","protected":false},"author":2,"featured_media":27226,"comment_status":"open","ping_status":"open","sticky":false,"template":"","format":"standard","meta":{"footnotes":""},"categories":[7,23],"tags":[],"class_list":["post-95612","post","type-post","status-publish","format-standard","has-post-thumbnail","hentry","category-estado-de-sao-paulo","category-policia"],"yoast_head":"<!-- This site is optimized with the Yoast SEO plugin v27.4 - https:\/\/yoast.com\/product\/yoast-seo-wordpress\/ -->\n<title>Viol\u00eancia dom\u00e9stica: monitoramento de agressores vai ser ampliado para todo o estado at\u00e9 2024 - Regi\u00e3o News<\/title>\n<meta name=\"robots\" content=\"index, follow, max-snippet:-1, max-image-preview:large, max-video-preview:-1\" \/>\n<link rel=\"canonical\" href=\"https:\/\/regiaonews.net.br\/2022\/2023\/09\/25\/violencia-domestica-monitoramento-de-agressores-vai-ser-ampliado-para-todo-o-estado-ate-2024\/\" \/>\n<meta property=\"og:locale\" content=\"pt_BR\" \/>\n<meta property=\"og:type\" content=\"article\" \/>\n<meta property=\"og:title\" content=\"Viol\u00eancia dom\u00e9stica: monitoramento de agressores vai ser ampliado para todo o estado at\u00e9 2024 - Regi\u00e3o News\" \/>\n<meta property=\"og:description\" content=\"A SSP abriu edital de licita\u00e7\u00e3o para adquirir novos dispositivos.\" \/>\n<meta property=\"og:url\" content=\"https:\/\/regiaonews.net.br\/2022\/2023\/09\/25\/violencia-domestica-monitoramento-de-agressores-vai-ser-ampliado-para-todo-o-estado-ate-2024\/\" \/>\n<meta property=\"og:site_name\" content=\"Regi\u00e3o News\" \/>\n<meta property=\"article:published_time\" content=\"2023-09-25T19:26:32+00:00\" \/>\n<meta property=\"og:image\" content=\"https:\/\/regiaonews.net.br\/2022\/wp-content\/uploads\/2020\/01\/viaturas-pms.jpg\" \/>\n\t<meta property=\"og:image:width\" content=\"960\" \/>\n\t<meta property=\"og:image:height\" content=\"594\" \/>\n\t<meta property=\"og:image:type\" content=\"image\/jpeg\" \/>\n<meta name=\"author\" content=\"Roberto\" \/>\n<meta name=\"twitter:card\" content=\"summary_large_image\" \/>\n<meta name=\"twitter:label1\" content=\"Escrito por\" \/>\n\t<meta name=\"twitter:data1\" content=\"Roberto\" \/>\n\t<meta name=\"twitter:label2\" content=\"Est. tempo de leitura\" \/>\n\t<meta name=\"twitter:data2\" content=\"4 minutos\" \/>\n<script type=\"application\/ld+json\" class=\"yoast-schema-graph\">{\"@context\":\"https:\\\/\\\/schema.org\",\"@graph\":[{\"@type\":\"Article\",\"@id\":\"https:\\\/\\\/regiaonews.net.br\\\/2022\\\/2023\\\/09\\\/25\\\/violencia-domestica-monitoramento-de-agressores-vai-ser-ampliado-para-todo-o-estado-ate-2024\\\/#article\",\"isPartOf\":{\"@id\":\"https:\\\/\\\/regiaonews.net.br\\\/2022\\\/2023\\\/09\\\/25\\\/violencia-domestica-monitoramento-de-agressores-vai-ser-ampliado-para-todo-o-estado-ate-2024\\\/\"},\"author\":{\"name\":\"Roberto\",\"@id\":\"https:\\\/\\\/regiaonews.net.br\\\/2022\\\/#\\\/schema\\\/person\\\/2d205a608a5aa97ac279d7a5e6d89ad8\"},\"headline\":\"Viol\u00eancia dom\u00e9stica: monitoramento de agressores vai ser ampliado para todo o estado at\u00e9 2024\",\"datePublished\":\"2023-09-25T19:26:32+00:00\",\"mainEntityOfPage\":{\"@id\":\"https:\\\/\\\/regiaonews.net.br\\\/2022\\\/2023\\\/09\\\/25\\\/violencia-domestica-monitoramento-de-agressores-vai-ser-ampliado-para-todo-o-estado-ate-2024\\\/\"},\"wordCount\":617,\"commentCount\":0,\"publisher\":{\"@id\":\"https:\\\/\\\/regiaonews.net.br\\\/2022\\\/#organization\"},\"image\":{\"@id\":\"https:\\\/\\\/regiaonews.net.br\\\/2022\\\/2023\\\/09\\\/25\\\/violencia-domestica-monitoramento-de-agressores-vai-ser-ampliado-para-todo-o-estado-ate-2024\\\/#primaryimage\"},\"thumbnailUrl\":\"https:\\\/\\\/regiaonews.net.br\\\/2022\\\/wp-content\\\/uploads\\\/2020\\\/01\\\/viaturas-pms.jpg\",\"articleSection\":[\"Estado de S\u00e3o Paulo\",\"Policia\"],\"inLanguage\":\"pt-BR\",\"potentialAction\":[{\"@type\":\"CommentAction\",\"name\":\"Comment\",\"target\":[\"https:\\\/\\\/regiaonews.net.br\\\/2022\\\/2023\\\/09\\\/25\\\/violencia-domestica-monitoramento-de-agressores-vai-ser-ampliado-para-todo-o-estado-ate-2024\\\/#respond\"]}]},{\"@type\":\"WebPage\",\"@id\":\"https:\\\/\\\/regiaonews.net.br\\\/2022\\\/2023\\\/09\\\/25\\\/violencia-domestica-monitoramento-de-agressores-vai-ser-ampliado-para-todo-o-estado-ate-2024\\\/\",\"url\":\"https:\\\/\\\/regiaonews.net.br\\\/2022\\\/2023\\\/09\\\/25\\\/violencia-domestica-monitoramento-de-agressores-vai-ser-ampliado-para-todo-o-estado-ate-2024\\\/\",\"name\":\"Viol\u00eancia dom\u00e9stica: monitoramento de agressores vai ser ampliado para todo o estado at\u00e9 2024 - Regi\u00e3o News\",\"isPartOf\":{\"@id\":\"https:\\\/\\\/regiaonews.net.br\\\/2022\\\/#website\"},\"primaryImageOfPage\":{\"@id\":\"https:\\\/\\\/regiaonews.net.br\\\/2022\\\/2023\\\/09\\\/25\\\/violencia-domestica-monitoramento-de-agressores-vai-ser-ampliado-para-todo-o-estado-ate-2024\\\/#primaryimage\"},\"image\":{\"@id\":\"https:\\\/\\\/regiaonews.net.br\\\/2022\\\/2023\\\/09\\\/25\\\/violencia-domestica-monitoramento-de-agressores-vai-ser-ampliado-para-todo-o-estado-ate-2024\\\/#primaryimage\"},\"thumbnailUrl\":\"https:\\\/\\\/regiaonews.net.br\\\/2022\\\/wp-content\\\/uploads\\\/2020\\\/01\\\/viaturas-pms.jpg\",\"datePublished\":\"2023-09-25T19:26:32+00:00\",\"breadcrumb\":{\"@id\":\"https:\\\/\\\/regiaonews.net.br\\\/2022\\\/2023\\\/09\\\/25\\\/violencia-domestica-monitoramento-de-agressores-vai-ser-ampliado-para-todo-o-estado-ate-2024\\\/#breadcrumb\"},\"inLanguage\":\"pt-BR\",\"potentialAction\":[{\"@type\":\"ReadAction\",\"target\":[\"https:\\\/\\\/regiaonews.net.br\\\/2022\\\/2023\\\/09\\\/25\\\/violencia-domestica-monitoramento-de-agressores-vai-ser-ampliado-para-todo-o-estado-ate-2024\\\/\"]}]},{\"@type\":\"ImageObject\",\"inLanguage\":\"pt-BR\",\"@id\":\"https:\\\/\\\/regiaonews.net.br\\\/2022\\\/2023\\\/09\\\/25\\\/violencia-domestica-monitoramento-de-agressores-vai-ser-ampliado-para-todo-o-estado-ate-2024\\\/#primaryimage\",\"url\":\"https:\\\/\\\/regiaonews.net.br\\\/2022\\\/wp-content\\\/uploads\\\/2020\\\/01\\\/viaturas-pms.jpg\",\"contentUrl\":\"https:\\\/\\\/regiaonews.net.br\\\/2022\\\/wp-content\\\/uploads\\\/2020\\\/01\\\/viaturas-pms.jpg\",\"width\":960,\"height\":594},{\"@type\":\"BreadcrumbList\",\"@id\":\"https:\\\/\\\/regiaonews.net.br\\\/2022\\\/2023\\\/09\\\/25\\\/violencia-domestica-monitoramento-de-agressores-vai-ser-ampliado-para-todo-o-estado-ate-2024\\\/#breadcrumb\",\"itemListElement\":[{\"@type\":\"ListItem\",\"position\":1,\"name\":\"In\u00edcio\",\"item\":\"https:\\\/\\\/regiaonews.net.br\\\/2022\\\/\"},{\"@type\":\"ListItem\",\"position\":2,\"name\":\"Viol\u00eancia dom\u00e9stica: monitoramento de agressores vai ser ampliado para todo o estado at\u00e9 2024\"}]},{\"@type\":\"WebSite\",\"@id\":\"https:\\\/\\\/regiaonews.net.br\\\/2022\\\/#website\",\"url\":\"https:\\\/\\\/regiaonews.net.br\\\/2022\\\/\",\"name\":\"Regi\u00e3o News\",\"description\":\"Site de Not\u00edcias de Barretos e regi\u00e3o\",\"publisher\":{\"@id\":\"https:\\\/\\\/regiaonews.net.br\\\/2022\\\/#organization\"},\"potentialAction\":[{\"@type\":\"SearchAction\",\"target\":{\"@type\":\"EntryPoint\",\"urlTemplate\":\"https:\\\/\\\/regiaonews.net.br\\\/2022\\\/?s={search_term_string}\"},\"query-input\":{\"@type\":\"PropertyValueSpecification\",\"valueRequired\":true,\"valueName\":\"search_term_string\"}}],\"inLanguage\":\"pt-BR\"},{\"@type\":\"Organization\",\"@id\":\"https:\\\/\\\/regiaonews.net.br\\\/2022\\\/#organization\",\"name\":\"Regi\u00e3o News\",\"url\":\"https:\\\/\\\/regiaonews.net.br\\\/2022\\\/\",\"logo\":{\"@type\":\"ImageObject\",\"inLanguage\":\"pt-BR\",\"@id\":\"https:\\\/\\\/regiaonews.net.br\\\/2022\\\/#\\\/schema\\\/logo\\\/image\\\/\",\"url\":\"https:\\\/\\\/regiaonews.net.br\\\/2022\\\/wp-content\\\/uploads\\\/2026\\\/03\\\/regiao-13-anos-scaled.jpg\",\"contentUrl\":\"https:\\\/\\\/regiaonews.net.br\\\/2022\\\/wp-content\\\/uploads\\\/2026\\\/03\\\/regiao-13-anos-scaled.jpg\",\"width\":2560,\"height\":635,\"caption\":\"Regi\u00e3o News\"},\"image\":{\"@id\":\"https:\\\/\\\/regiaonews.net.br\\\/2022\\\/#\\\/schema\\\/logo\\\/image\\\/\"}},{\"@type\":\"Person\",\"@id\":\"https:\\\/\\\/regiaonews.net.br\\\/2022\\\/#\\\/schema\\\/person\\\/2d205a608a5aa97ac279d7a5e6d89ad8\",\"name\":\"Roberto\",\"image\":{\"@type\":\"ImageObject\",\"inLanguage\":\"pt-BR\",\"@id\":\"https:\\\/\\\/secure.gravatar.com\\\/avatar\\\/42749d8b712ff9d59ca93dc150494e5b55a44134482993f5baeb97e61b7ecc89?s=96&d=mm&r=g\",\"url\":\"https:\\\/\\\/secure.gravatar.com\\\/avatar\\\/42749d8b712ff9d59ca93dc150494e5b55a44134482993f5baeb97e61b7ecc89?s=96&d=mm&r=g\",\"contentUrl\":\"https:\\\/\\\/secure.gravatar.com\\\/avatar\\\/42749d8b712ff9d59ca93dc150494e5b55a44134482993f5baeb97e61b7ecc89?s=96&d=mm&r=g\",\"caption\":\"Roberto\"},\"url\":\"https:\\\/\\\/regiaonews.net.br\\\/2022\\\/author\\\/roberto\\\/\"}]}<\/script>\n<!-- \/ Yoast SEO plugin. -->","yoast_head_json":{"title":"Viol\u00eancia dom\u00e9stica: monitoramento de agressores vai ser ampliado para todo o estado at\u00e9 2024 - Regi\u00e3o News","robots":{"index":"index","follow":"follow","max-snippet":"max-snippet:-1","max-image-preview":"max-image-preview:large","max-video-preview":"max-video-preview:-1"},"canonical":"https:\/\/regiaonews.net.br\/2022\/2023\/09\/25\/violencia-domestica-monitoramento-de-agressores-vai-ser-ampliado-para-todo-o-estado-ate-2024\/","og_locale":"pt_BR","og_type":"article","og_title":"Viol\u00eancia dom\u00e9stica: monitoramento de agressores vai ser ampliado para todo o estado at\u00e9 2024 - Regi\u00e3o News","og_description":"A SSP abriu edital de licita\u00e7\u00e3o para adquirir novos dispositivos.","og_url":"https:\/\/regiaonews.net.br\/2022\/2023\/09\/25\/violencia-domestica-monitoramento-de-agressores-vai-ser-ampliado-para-todo-o-estado-ate-2024\/","og_site_name":"Regi\u00e3o News","article_published_time":"2023-09-25T19:26:32+00:00","og_image":[{"width":960,"height":594,"url":"https:\/\/regiaonews.net.br\/2022\/wp-content\/uploads\/2020\/01\/viaturas-pms.jpg","type":"image\/jpeg"}],"author":"Roberto","twitter_card":"summary_large_image","twitter_misc":{"Escrito por":"Roberto","Est. tempo de leitura":"4 minutos"},"schema":{"@context":"https:\/\/schema.org","@graph":[{"@type":"Article","@id":"https:\/\/regiaonews.net.br\/2022\/2023\/09\/25\/violencia-domestica-monitoramento-de-agressores-vai-ser-ampliado-para-todo-o-estado-ate-2024\/#article","isPartOf":{"@id":"https:\/\/regiaonews.net.br\/2022\/2023\/09\/25\/violencia-domestica-monitoramento-de-agressores-vai-ser-ampliado-para-todo-o-estado-ate-2024\/"},"author":{"name":"Roberto","@id":"https:\/\/regiaonews.net.br\/2022\/#\/schema\/person\/2d205a608a5aa97ac279d7a5e6d89ad8"},"headline":"Viol\u00eancia dom\u00e9stica: monitoramento de agressores vai ser ampliado para todo o estado at\u00e9 2024","datePublished":"2023-09-25T19:26:32+00:00","mainEntityOfPage":{"@id":"https:\/\/regiaonews.net.br\/2022\/2023\/09\/25\/violencia-domestica-monitoramento-de-agressores-vai-ser-ampliado-para-todo-o-estado-ate-2024\/"},"wordCount":617,"commentCount":0,"publisher":{"@id":"https:\/\/regiaonews.net.br\/2022\/#organization"},"image":{"@id":"https:\/\/regiaonews.net.br\/2022\/2023\/09\/25\/violencia-domestica-monitoramento-de-agressores-vai-ser-ampliado-para-todo-o-estado-ate-2024\/#primaryimage"},"thumbnailUrl":"https:\/\/regiaonews.net.br\/2022\/wp-content\/uploads\/2020\/01\/viaturas-pms.jpg","articleSection":["Estado de S\u00e3o Paulo","Policia"],"inLanguage":"pt-BR","potentialAction":[{"@type":"CommentAction","name":"Comment","target":["https:\/\/regiaonews.net.br\/2022\/2023\/09\/25\/violencia-domestica-monitoramento-de-agressores-vai-ser-ampliado-para-todo-o-estado-ate-2024\/#respond"]}]},{"@type":"WebPage","@id":"https:\/\/regiaonews.net.br\/2022\/2023\/09\/25\/violencia-domestica-monitoramento-de-agressores-vai-ser-ampliado-para-todo-o-estado-ate-2024\/","url":"https:\/\/regiaonews.net.br\/2022\/2023\/09\/25\/violencia-domestica-monitoramento-de-agressores-vai-ser-ampliado-para-todo-o-estado-ate-2024\/","name":"Viol\u00eancia dom\u00e9stica: monitoramento de agressores vai ser ampliado para todo o estado at\u00e9 2024 - Regi\u00e3o News","isPartOf":{"@id":"https:\/\/regiaonews.net.br\/2022\/#website"},"primaryImageOfPage":{"@id":"https:\/\/regiaonews.net.br\/2022\/2023\/09\/25\/violencia-domestica-monitoramento-de-agressores-vai-ser-ampliado-para-todo-o-estado-ate-2024\/#primaryimage"},"image":{"@id":"https:\/\/regiaonews.net.br\/2022\/2023\/09\/25\/violencia-domestica-monitoramento-de-agressores-vai-ser-ampliado-para-todo-o-estado-ate-2024\/#primaryimage"},"thumbnailUrl":"https:\/\/regiaonews.net.br\/2022\/wp-content\/uploads\/2020\/01\/viaturas-pms.jpg","datePublished":"2023-09-25T19:26:32+00:00","breadcrumb":{"@id":"https:\/\/regiaonews.net.br\/2022\/2023\/09\/25\/violencia-domestica-monitoramento-de-agressores-vai-ser-ampliado-para-todo-o-estado-ate-2024\/#breadcrumb"},"inLanguage":"pt-BR","potentialAction":[{"@type":"ReadAction","target":["https:\/\/regiaonews.net.br\/2022\/2023\/09\/25\/violencia-domestica-monitoramento-de-agressores-vai-ser-ampliado-para-todo-o-estado-ate-2024\/"]}]},{"@type":"ImageObject","inLanguage":"pt-BR","@id":"https:\/\/regiaonews.net.br\/2022\/2023\/09\/25\/violencia-domestica-monitoramento-de-agressores-vai-ser-ampliado-para-todo-o-estado-ate-2024\/#primaryimage","url":"https:\/\/regiaonews.net.br\/2022\/wp-content\/uploads\/2020\/01\/viaturas-pms.jpg","contentUrl":"https:\/\/regiaonews.net.br\/2022\/wp-content\/uploads\/2020\/01\/viaturas-pms.jpg","width":960,"height":594},{"@type":"BreadcrumbList","@id":"https:\/\/regiaonews.net.br\/2022\/2023\/09\/25\/violencia-domestica-monitoramento-de-agressores-vai-ser-ampliado-para-todo-o-estado-ate-2024\/#breadcrumb","itemListElement":[{"@type":"ListItem","position":1,"name":"In\u00edcio","item":"https:\/\/regiaonews.net.br\/2022\/"},{"@type":"ListItem","position":2,"name":"Viol\u00eancia dom\u00e9stica: monitoramento de agressores vai ser ampliado para todo o estado at\u00e9 2024"}]},{"@type":"WebSite","@id":"https:\/\/regiaonews.net.br\/2022\/#website","url":"https:\/\/regiaonews.net.br\/2022\/","name":"Regi\u00e3o News","description":"Site de Not\u00edcias de Barretos e regi\u00e3o","publisher":{"@id":"https:\/\/regiaonews.net.br\/2022\/#organization"},"potentialAction":[{"@type":"SearchAction","target":{"@type":"EntryPoint","urlTemplate":"https:\/\/regiaonews.net.br\/2022\/?s={search_term_string}"},"query-input":{"@type":"PropertyValueSpecification","valueRequired":true,"valueName":"search_term_string"}}],"inLanguage":"pt-BR"},{"@type":"Organization","@id":"https:\/\/regiaonews.net.br\/2022\/#organization","name":"Regi\u00e3o News","url":"https:\/\/regiaonews.net.br\/2022\/","logo":{"@type":"ImageObject","inLanguage":"pt-BR","@id":"https:\/\/regiaonews.net.br\/2022\/#\/schema\/logo\/image\/","url":"https:\/\/regiaonews.net.br\/2022\/wp-content\/uploads\/2026\/03\/regiao-13-anos-scaled.jpg","contentUrl":"https:\/\/regiaonews.net.br\/2022\/wp-content\/uploads\/2026\/03\/regiao-13-anos-scaled.jpg","width":2560,"height":635,"caption":"Regi\u00e3o News"},"image":{"@id":"https:\/\/regiaonews.net.br\/2022\/#\/schema\/logo\/image\/"}},{"@type":"Person","@id":"https:\/\/regiaonews.net.br\/2022\/#\/schema\/person\/2d205a608a5aa97ac279d7a5e6d89ad8","name":"Roberto","image":{"@type":"ImageObject","inLanguage":"pt-BR","@id":"https:\/\/secure.gravatar.com\/avatar\/42749d8b712ff9d59ca93dc150494e5b55a44134482993f5baeb97e61b7ecc89?s=96&d=mm&r=g","url":"https:\/\/secure.gravatar.com\/avatar\/42749d8b712ff9d59ca93dc150494e5b55a44134482993f5baeb97e61b7ecc89?s=96&d=mm&r=g","contentUrl":"https:\/\/secure.gravatar.com\/avatar\/42749d8b712ff9d59ca93dc150494e5b55a44134482993f5baeb97e61b7ecc89?s=96&d=mm&r=g","caption":"Roberto"},"url":"https:\/\/regiaonews.net.br\/2022\/author\/roberto\/"}]}},"publishpress_future_action":{"enabled":false,"date":"2026-05-04 15:56:29","action":"change-status","newStatus":"draft","terms":[],"taxonomy":"category","extraData":[]},"publishpress_future_workflow_manual_trigger":{"enabledWorkflows":[]},"_links":{"self":[{"href":"https:\/\/regiaonews.net.br\/2022\/wp-json\/wp\/v2\/posts\/95612","targetHints":{"allow":["GET"]}}],"collection":[{"href":"https:\/\/regiaonews.net.br\/2022\/wp-json\/wp\/v2\/posts"}],"about":[{"href":"https:\/\/regiaonews.net.br\/2022\/wp-json\/wp\/v2\/types\/post"}],"author":[{"embeddable":true,"href":"https:\/\/regiaonews.net.br\/2022\/wp-json\/wp\/v2\/users\/2"}],"replies":[{"embeddable":true,"href":"https:\/\/regiaonews.net.br\/2022\/wp-json\/wp\/v2\/comments?post=95612"}],"version-history":[{"count":1,"href":"https:\/\/regiaonews.net.br\/2022\/wp-json\/wp\/v2\/posts\/95612\/revisions"}],"predecessor-version":[{"id":95613,"href":"https:\/\/regiaonews.net.br\/2022\/wp-json\/wp\/v2\/posts\/95612\/revisions\/95613"}],"wp:featuredmedia":[{"embeddable":true,"href":"https:\/\/regiaonews.net.br\/2022\/wp-json\/wp\/v2\/media\/27226"}],"wp:attachment":[{"href":"https:\/\/regiaonews.net.br\/2022\/wp-json\/wp\/v2\/media?parent=95612"}],"wp:term":[{"taxonomy":"category","embeddable":true,"href":"https:\/\/regiaonews.net.br\/2022\/wp-json\/wp\/v2\/categories?post=95612"},{"taxonomy":"post_tag","embeddable":true,"href":"https:\/\/regiaonews.net.br\/2022\/wp-json\/wp\/v2\/tags?post=95612"}],"curies":[{"name":"wp","href":"https:\/\/api.w.org\/{rel}","templated":true}]}}