{"id":95608,"date":"2023-09-25T13:13:25","date_gmt":"2023-09-25T16:13:25","guid":{"rendered":"https:\/\/regiaonews.net.br\/2022\/?p=95608"},"modified":"2023-09-25T14:25:57","modified_gmt":"2023-09-25T17:25:57","slug":"alerta-defesa-civil-indica-previsao-de-39c-entre-segunda-e-quarta","status":"publish","type":"post","link":"https:\/\/regiaonews.net.br\/2022\/2023\/09\/25\/alerta-defesa-civil-indica-previsao-de-39c-entre-segunda-e-quarta\/","title":{"rendered":"Alerta: Defesa Civil indica previs\u00e3o de 39\u00b0C entre segunda e quarta"},"content":{"rendered":"<p>&nbsp;<\/p>\n<p>A Defesa Civil informa que, entre segunda-feira (25) e quarta-feira (27), uma forte massa de ar quente continuar\u00e1 elevando as temperaturas em todo o estado.<\/p>\n<p>Al\u00e9m do calor, h\u00e1 condi\u00e7\u00f5es para fortes pancadas de chuva durante as tardes, acompanhadas por raios, rajadas de vento e queda de granizo em diversas \u00e1reas.<\/p>\n<p>Com o tempo mais seco, a umidade relativa do ar (URA) cair\u00e1, atingindo valores abaixo dos 25%, exceto em faixas litor\u00e2neas.<\/p>\n<p>Em caso de emerg\u00eancias, acione a Defesa Civil pelo telefone 199 ou o Corpo de Bombeiros pelo n\u00famero 193.<\/p>\n<p>&nbsp;<\/p>\n<p>Temperaturas m\u00e1ximas aqui na regi\u00e3o ontem dia 24\/09 nas esta\u00e7\u00f5es da CIIAGRO<\/p>\n<p>41,1\u00b0C em Miguelopolis<\/p>\n<p>41,0\u00b0C em Bebedouro<\/p>\n<p>40,8\u00b0C em Ituverava<\/p>\n<p>40,7\u00b0C em Guaraci<\/p>\n<p>40,5\u00b0C em Barretos e Col\u00f4mbia<\/p>\n<p>40,4\u00b0C em Terra Roxa e Viradouro<\/p>\n<p>40,2\u00b0C em Jaborandi<\/p>\n<p>39,9\u00b0C em Colina<\/p>\n<p>39,7\u00b0C em Sertaozinho<\/p>\n<p>39,6\u00b0C em Mirassol<\/p>\n<p>39,5\u00b0C em Gua\u00edra<\/p>\n<p>39,3\u00b0C em Ribeir\u00e3o Preto<\/p>\n<p>39,2\u00b0C em Monte Azul Paulista<\/p>\n<p>Algumas outras cidades:<\/p>\n<p>42,6\u00b0C em Ara\u00e7atuba<\/p>\n<p>40,7\u00b0C em Dracena<\/p>\n<p>40,4\u00b0C em Jales<\/p>\n<p>40,2\u00b0C em Fernandopolis<\/p>\n<p>39,8\u00b0C em Votuporanga<\/p>\n<p>38,3\u00b0C em Araraquara<\/p>\n","protected":false},"excerpt":{"rendered":"<p>&nbsp; A Defesa Civil informa que, entre segunda-feira (25) e<\/p>\n","protected":false},"author":2,"featured_media":95609,"comment_status":"open","ping_status":"open","sticky":false,"template":"","format":"standard","meta":{"footnotes":""},"categories":[14,25],"tags":[],"class_list":["post-95608","post","type-post","status-publish","format-standard","has-post-thumbnail","hentry","category-barretos","category-cidades"],"yoast_head":"<!-- This site is optimized with the Yoast SEO plugin v27.4 - https:\/\/yoast.com\/product\/yoast-seo-wordpress\/ -->\n<title>Alerta: Defesa Civil indica previs\u00e3o de 39\u00b0C entre segunda e quarta<\/title>\n<meta name=\"description\" content=\"A Defesa Civil informa que, entre segunda-feira (25) e quarta-feira (27), uma forte massa de ar quente continuar\u00e1 elevando\" \/>\n<meta name=\"robots\" content=\"index, follow, max-snippet:-1, max-image-preview:large, max-video-preview:-1\" \/>\n<link rel=\"canonical\" href=\"https:\/\/regiaonews.net.br\/2022\/2023\/09\/25\/alerta-defesa-civil-indica-previsao-de-39c-entre-segunda-e-quarta\/\" \/>\n<meta property=\"og:locale\" content=\"pt_BR\" \/>\n<meta property=\"og:type\" content=\"article\" \/>\n<meta property=\"og:title\" content=\"Alerta: Defesa Civil indica previs\u00e3o de 39\u00b0C entre segunda e quarta\" \/>\n<meta property=\"og:description\" content=\"A Defesa Civil informa que, entre segunda-feira (25) e quarta-feira (27), uma forte massa de ar quente continuar\u00e1 elevando\" \/>\n<meta property=\"og:url\" content=\"https:\/\/regiaonews.net.br\/2022\/2023\/09\/25\/alerta-defesa-civil-indica-previsao-de-39c-entre-segunda-e-quarta\/\" \/>\n<meta property=\"og:site_name\" content=\"Regi\u00e3o News\" \/>\n<meta property=\"article:published_time\" content=\"2023-09-25T16:13:25+00:00\" \/>\n<meta property=\"article:modified_time\" content=\"2023-09-25T17:25:57+00:00\" \/>\n<meta property=\"og:image\" content=\"https:\/\/regiaonews.net.br\/2022\/wp-content\/uploads\/2023\/09\/FB_IMG_1695658016438.jpg\" \/>\n\t<meta property=\"og:image:width\" content=\"720\" \/>\n\t<meta property=\"og:image:height\" content=\"715\" \/>\n\t<meta property=\"og:image:type\" content=\"image\/jpeg\" \/>\n<meta name=\"author\" content=\"Roberto\" \/>\n<meta name=\"twitter:card\" content=\"summary_large_image\" \/>\n<meta name=\"twitter:label1\" content=\"Escrito por\" \/>\n\t<meta name=\"twitter:data1\" content=\"Roberto\" \/>\n\t<meta name=\"twitter:label2\" content=\"Est. tempo de leitura\" \/>\n\t<meta name=\"twitter:data2\" content=\"1 minuto\" \/>\n<script type=\"application\/ld+json\" class=\"yoast-schema-graph\">{\"@context\":\"https:\\\/\\\/schema.org\",\"@graph\":[{\"@type\":\"Article\",\"@id\":\"https:\\\/\\\/regiaonews.net.br\\\/2022\\\/2023\\\/09\\\/25\\\/alerta-defesa-civil-indica-previsao-de-39c-entre-segunda-e-quarta\\\/#article\",\"isPartOf\":{\"@id\":\"https:\\\/\\\/regiaonews.net.br\\\/2022\\\/2023\\\/09\\\/25\\\/alerta-defesa-civil-indica-previsao-de-39c-entre-segunda-e-quarta\\\/\"},\"author\":{\"name\":\"Roberto\",\"@id\":\"https:\\\/\\\/regiaonews.net.br\\\/2022\\\/#\\\/schema\\\/person\\\/2d205a608a5aa97ac279d7a5e6d89ad8\"},\"headline\":\"Alerta: Defesa Civil indica previs\u00e3o de 39\u00b0C entre segunda e quarta\",\"datePublished\":\"2023-09-25T16:13:25+00:00\",\"dateModified\":\"2023-09-25T17:25:57+00:00\",\"mainEntityOfPage\":{\"@id\":\"https:\\\/\\\/regiaonews.net.br\\\/2022\\\/2023\\\/09\\\/25\\\/alerta-defesa-civil-indica-previsao-de-39c-entre-segunda-e-quarta\\\/\"},\"wordCount\":191,\"commentCount\":0,\"publisher\":{\"@id\":\"https:\\\/\\\/regiaonews.net.br\\\/2022\\\/#organization\"},\"image\":{\"@id\":\"https:\\\/\\\/regiaonews.net.br\\\/2022\\\/2023\\\/09\\\/25\\\/alerta-defesa-civil-indica-previsao-de-39c-entre-segunda-e-quarta\\\/#primaryimage\"},\"thumbnailUrl\":\"https:\\\/\\\/regiaonews.net.br\\\/2022\\\/wp-content\\\/uploads\\\/2023\\\/09\\\/FB_IMG_1695658016438.jpg\",\"articleSection\":[\"Barretos\",\"Cidades\"],\"inLanguage\":\"pt-BR\",\"potentialAction\":[{\"@type\":\"CommentAction\",\"name\":\"Comment\",\"target\":[\"https:\\\/\\\/regiaonews.net.br\\\/2022\\\/2023\\\/09\\\/25\\\/alerta-defesa-civil-indica-previsao-de-39c-entre-segunda-e-quarta\\\/#respond\"]}]},{\"@type\":\"WebPage\",\"@id\":\"https:\\\/\\\/regiaonews.net.br\\\/2022\\\/2023\\\/09\\\/25\\\/alerta-defesa-civil-indica-previsao-de-39c-entre-segunda-e-quarta\\\/\",\"url\":\"https:\\\/\\\/regiaonews.net.br\\\/2022\\\/2023\\\/09\\\/25\\\/alerta-defesa-civil-indica-previsao-de-39c-entre-segunda-e-quarta\\\/\",\"name\":\"Alerta: Defesa Civil indica previs\u00e3o de 39\u00b0C entre segunda e quarta\",\"isPartOf\":{\"@id\":\"https:\\\/\\\/regiaonews.net.br\\\/2022\\\/#website\"},\"primaryImageOfPage\":{\"@id\":\"https:\\\/\\\/regiaonews.net.br\\\/2022\\\/2023\\\/09\\\/25\\\/alerta-defesa-civil-indica-previsao-de-39c-entre-segunda-e-quarta\\\/#primaryimage\"},\"image\":{\"@id\":\"https:\\\/\\\/regiaonews.net.br\\\/2022\\\/2023\\\/09\\\/25\\\/alerta-defesa-civil-indica-previsao-de-39c-entre-segunda-e-quarta\\\/#primaryimage\"},\"thumbnailUrl\":\"https:\\\/\\\/regiaonews.net.br\\\/2022\\\/wp-content\\\/uploads\\\/2023\\\/09\\\/FB_IMG_1695658016438.jpg\",\"datePublished\":\"2023-09-25T16:13:25+00:00\",\"dateModified\":\"2023-09-25T17:25:57+00:00\",\"description\":\"A Defesa Civil informa que, entre segunda-feira (25) e quarta-feira (27), uma forte massa de ar quente continuar\u00e1 elevando\",\"breadcrumb\":{\"@id\":\"https:\\\/\\\/regiaonews.net.br\\\/2022\\\/2023\\\/09\\\/25\\\/alerta-defesa-civil-indica-previsao-de-39c-entre-segunda-e-quarta\\\/#breadcrumb\"},\"inLanguage\":\"pt-BR\",\"potentialAction\":[{\"@type\":\"ReadAction\",\"target\":[\"https:\\\/\\\/regiaonews.net.br\\\/2022\\\/2023\\\/09\\\/25\\\/alerta-defesa-civil-indica-previsao-de-39c-entre-segunda-e-quarta\\\/\"]}]},{\"@type\":\"ImageObject\",\"inLanguage\":\"pt-BR\",\"@id\":\"https:\\\/\\\/regiaonews.net.br\\\/2022\\\/2023\\\/09\\\/25\\\/alerta-defesa-civil-indica-previsao-de-39c-entre-segunda-e-quarta\\\/#primaryimage\",\"url\":\"https:\\\/\\\/regiaonews.net.br\\\/2022\\\/wp-content\\\/uploads\\\/2023\\\/09\\\/FB_IMG_1695658016438.jpg\",\"contentUrl\":\"https:\\\/\\\/regiaonews.net.br\\\/2022\\\/wp-content\\\/uploads\\\/2023\\\/09\\\/FB_IMG_1695658016438.jpg\",\"width\":720,\"height\":715},{\"@type\":\"BreadcrumbList\",\"@id\":\"https:\\\/\\\/regiaonews.net.br\\\/2022\\\/2023\\\/09\\\/25\\\/alerta-defesa-civil-indica-previsao-de-39c-entre-segunda-e-quarta\\\/#breadcrumb\",\"itemListElement\":[{\"@type\":\"ListItem\",\"position\":1,\"name\":\"In\u00edcio\",\"item\":\"https:\\\/\\\/regiaonews.net.br\\\/2022\\\/\"},{\"@type\":\"ListItem\",\"position\":2,\"name\":\"Alerta: Defesa Civil indica previs\u00e3o de 39\u00b0C entre segunda e quarta\"}]},{\"@type\":\"WebSite\",\"@id\":\"https:\\\/\\\/regiaonews.net.br\\\/2022\\\/#website\",\"url\":\"https:\\\/\\\/regiaonews.net.br\\\/2022\\\/\",\"name\":\"Regi\u00e3o News\",\"description\":\"Site de Not\u00edcias de Barretos e regi\u00e3o\",\"publisher\":{\"@id\":\"https:\\\/\\\/regiaonews.net.br\\\/2022\\\/#organization\"},\"potentialAction\":[{\"@type\":\"SearchAction\",\"target\":{\"@type\":\"EntryPoint\",\"urlTemplate\":\"https:\\\/\\\/regiaonews.net.br\\\/2022\\\/?s={search_term_string}\"},\"query-input\":{\"@type\":\"PropertyValueSpecification\",\"valueRequired\":true,\"valueName\":\"search_term_string\"}}],\"inLanguage\":\"pt-BR\"},{\"@type\":\"Organization\",\"@id\":\"https:\\\/\\\/regiaonews.net.br\\\/2022\\\/#organization\",\"name\":\"Regi\u00e3o News\",\"url\":\"https:\\\/\\\/regiaonews.net.br\\\/2022\\\/\",\"logo\":{\"@type\":\"ImageObject\",\"inLanguage\":\"pt-BR\",\"@id\":\"https:\\\/\\\/regiaonews.net.br\\\/2022\\\/#\\\/schema\\\/logo\\\/image\\\/\",\"url\":\"https:\\\/\\\/regiaonews.net.br\\\/2022\\\/wp-content\\\/uploads\\\/2026\\\/03\\\/regiao-13-anos-scaled.jpg\",\"contentUrl\":\"https:\\\/\\\/regiaonews.net.br\\\/2022\\\/wp-content\\\/uploads\\\/2026\\\/03\\\/regiao-13-anos-scaled.jpg\",\"width\":2560,\"height\":635,\"caption\":\"Regi\u00e3o News\"},\"image\":{\"@id\":\"https:\\\/\\\/regiaonews.net.br\\\/2022\\\/#\\\/schema\\\/logo\\\/image\\\/\"}},{\"@type\":\"Person\",\"@id\":\"https:\\\/\\\/regiaonews.net.br\\\/2022\\\/#\\\/schema\\\/person\\\/2d205a608a5aa97ac279d7a5e6d89ad8\",\"name\":\"Roberto\",\"image\":{\"@type\":\"ImageObject\",\"inLanguage\":\"pt-BR\",\"@id\":\"https:\\\/\\\/secure.gravatar.com\\\/avatar\\\/42749d8b712ff9d59ca93dc150494e5b55a44134482993f5baeb97e61b7ecc89?s=96&d=mm&r=g\",\"url\":\"https:\\\/\\\/secure.gravatar.com\\\/avatar\\\/42749d8b712ff9d59ca93dc150494e5b55a44134482993f5baeb97e61b7ecc89?s=96&d=mm&r=g\",\"contentUrl\":\"https:\\\/\\\/secure.gravatar.com\\\/avatar\\\/42749d8b712ff9d59ca93dc150494e5b55a44134482993f5baeb97e61b7ecc89?s=96&d=mm&r=g\",\"caption\":\"Roberto\"},\"url\":\"https:\\\/\\\/regiaonews.net.br\\\/2022\\\/author\\\/roberto\\\/\"}]}<\/script>\n<!-- \/ Yoast SEO plugin. -->","yoast_head_json":{"title":"Alerta: Defesa Civil indica previs\u00e3o de 39\u00b0C entre segunda e quarta","description":"A Defesa Civil informa que, entre segunda-feira (25) e quarta-feira (27), uma forte massa de ar quente continuar\u00e1 elevando","robots":{"index":"index","follow":"follow","max-snippet":"max-snippet:-1","max-image-preview":"max-image-preview:large","max-video-preview":"max-video-preview:-1"},"canonical":"https:\/\/regiaonews.net.br\/2022\/2023\/09\/25\/alerta-defesa-civil-indica-previsao-de-39c-entre-segunda-e-quarta\/","og_locale":"pt_BR","og_type":"article","og_title":"Alerta: Defesa Civil indica previs\u00e3o de 39\u00b0C entre segunda e quarta","og_description":"A Defesa Civil informa que, entre segunda-feira (25) e quarta-feira (27), uma forte massa de ar quente continuar\u00e1 elevando","og_url":"https:\/\/regiaonews.net.br\/2022\/2023\/09\/25\/alerta-defesa-civil-indica-previsao-de-39c-entre-segunda-e-quarta\/","og_site_name":"Regi\u00e3o News","article_published_time":"2023-09-25T16:13:25+00:00","article_modified_time":"2023-09-25T17:25:57+00:00","og_image":[{"width":720,"height":715,"url":"https:\/\/regiaonews.net.br\/2022\/wp-content\/uploads\/2023\/09\/FB_IMG_1695658016438.jpg","type":"image\/jpeg"}],"author":"Roberto","twitter_card":"summary_large_image","twitter_misc":{"Escrito por":"Roberto","Est. tempo de leitura":"1 minuto"},"schema":{"@context":"https:\/\/schema.org","@graph":[{"@type":"Article","@id":"https:\/\/regiaonews.net.br\/2022\/2023\/09\/25\/alerta-defesa-civil-indica-previsao-de-39c-entre-segunda-e-quarta\/#article","isPartOf":{"@id":"https:\/\/regiaonews.net.br\/2022\/2023\/09\/25\/alerta-defesa-civil-indica-previsao-de-39c-entre-segunda-e-quarta\/"},"author":{"name":"Roberto","@id":"https:\/\/regiaonews.net.br\/2022\/#\/schema\/person\/2d205a608a5aa97ac279d7a5e6d89ad8"},"headline":"Alerta: Defesa Civil indica previs\u00e3o de 39\u00b0C entre segunda e quarta","datePublished":"2023-09-25T16:13:25+00:00","dateModified":"2023-09-25T17:25:57+00:00","mainEntityOfPage":{"@id":"https:\/\/regiaonews.net.br\/2022\/2023\/09\/25\/alerta-defesa-civil-indica-previsao-de-39c-entre-segunda-e-quarta\/"},"wordCount":191,"commentCount":0,"publisher":{"@id":"https:\/\/regiaonews.net.br\/2022\/#organization"},"image":{"@id":"https:\/\/regiaonews.net.br\/2022\/2023\/09\/25\/alerta-defesa-civil-indica-previsao-de-39c-entre-segunda-e-quarta\/#primaryimage"},"thumbnailUrl":"https:\/\/regiaonews.net.br\/2022\/wp-content\/uploads\/2023\/09\/FB_IMG_1695658016438.jpg","articleSection":["Barretos","Cidades"],"inLanguage":"pt-BR","potentialAction":[{"@type":"CommentAction","name":"Comment","target":["https:\/\/regiaonews.net.br\/2022\/2023\/09\/25\/alerta-defesa-civil-indica-previsao-de-39c-entre-segunda-e-quarta\/#respond"]}]},{"@type":"WebPage","@id":"https:\/\/regiaonews.net.br\/2022\/2023\/09\/25\/alerta-defesa-civil-indica-previsao-de-39c-entre-segunda-e-quarta\/","url":"https:\/\/regiaonews.net.br\/2022\/2023\/09\/25\/alerta-defesa-civil-indica-previsao-de-39c-entre-segunda-e-quarta\/","name":"Alerta: Defesa Civil indica previs\u00e3o de 39\u00b0C entre segunda e quarta","isPartOf":{"@id":"https:\/\/regiaonews.net.br\/2022\/#website"},"primaryImageOfPage":{"@id":"https:\/\/regiaonews.net.br\/2022\/2023\/09\/25\/alerta-defesa-civil-indica-previsao-de-39c-entre-segunda-e-quarta\/#primaryimage"},"image":{"@id":"https:\/\/regiaonews.net.br\/2022\/2023\/09\/25\/alerta-defesa-civil-indica-previsao-de-39c-entre-segunda-e-quarta\/#primaryimage"},"thumbnailUrl":"https:\/\/regiaonews.net.br\/2022\/wp-content\/uploads\/2023\/09\/FB_IMG_1695658016438.jpg","datePublished":"2023-09-25T16:13:25+00:00","dateModified":"2023-09-25T17:25:57+00:00","description":"A Defesa Civil informa que, entre segunda-feira (25) e quarta-feira (27), uma forte massa de ar quente continuar\u00e1 elevando","breadcrumb":{"@id":"https:\/\/regiaonews.net.br\/2022\/2023\/09\/25\/alerta-defesa-civil-indica-previsao-de-39c-entre-segunda-e-quarta\/#breadcrumb"},"inLanguage":"pt-BR","potentialAction":[{"@type":"ReadAction","target":["https:\/\/regiaonews.net.br\/2022\/2023\/09\/25\/alerta-defesa-civil-indica-previsao-de-39c-entre-segunda-e-quarta\/"]}]},{"@type":"ImageObject","inLanguage":"pt-BR","@id":"https:\/\/regiaonews.net.br\/2022\/2023\/09\/25\/alerta-defesa-civil-indica-previsao-de-39c-entre-segunda-e-quarta\/#primaryimage","url":"https:\/\/regiaonews.net.br\/2022\/wp-content\/uploads\/2023\/09\/FB_IMG_1695658016438.jpg","contentUrl":"https:\/\/regiaonews.net.br\/2022\/wp-content\/uploads\/2023\/09\/FB_IMG_1695658016438.jpg","width":720,"height":715},{"@type":"BreadcrumbList","@id":"https:\/\/regiaonews.net.br\/2022\/2023\/09\/25\/alerta-defesa-civil-indica-previsao-de-39c-entre-segunda-e-quarta\/#breadcrumb","itemListElement":[{"@type":"ListItem","position":1,"name":"In\u00edcio","item":"https:\/\/regiaonews.net.br\/2022\/"},{"@type":"ListItem","position":2,"name":"Alerta: Defesa Civil indica previs\u00e3o de 39\u00b0C entre segunda e quarta"}]},{"@type":"WebSite","@id":"https:\/\/regiaonews.net.br\/2022\/#website","url":"https:\/\/regiaonews.net.br\/2022\/","name":"Regi\u00e3o News","description":"Site de Not\u00edcias de Barretos e regi\u00e3o","publisher":{"@id":"https:\/\/regiaonews.net.br\/2022\/#organization"},"potentialAction":[{"@type":"SearchAction","target":{"@type":"EntryPoint","urlTemplate":"https:\/\/regiaonews.net.br\/2022\/?s={search_term_string}"},"query-input":{"@type":"PropertyValueSpecification","valueRequired":true,"valueName":"search_term_string"}}],"inLanguage":"pt-BR"},{"@type":"Organization","@id":"https:\/\/regiaonews.net.br\/2022\/#organization","name":"Regi\u00e3o News","url":"https:\/\/regiaonews.net.br\/2022\/","logo":{"@type":"ImageObject","inLanguage":"pt-BR","@id":"https:\/\/regiaonews.net.br\/2022\/#\/schema\/logo\/image\/","url":"https:\/\/regiaonews.net.br\/2022\/wp-content\/uploads\/2026\/03\/regiao-13-anos-scaled.jpg","contentUrl":"https:\/\/regiaonews.net.br\/2022\/wp-content\/uploads\/2026\/03\/regiao-13-anos-scaled.jpg","width":2560,"height":635,"caption":"Regi\u00e3o News"},"image":{"@id":"https:\/\/regiaonews.net.br\/2022\/#\/schema\/logo\/image\/"}},{"@type":"Person","@id":"https:\/\/regiaonews.net.br\/2022\/#\/schema\/person\/2d205a608a5aa97ac279d7a5e6d89ad8","name":"Roberto","image":{"@type":"ImageObject","inLanguage":"pt-BR","@id":"https:\/\/secure.gravatar.com\/avatar\/42749d8b712ff9d59ca93dc150494e5b55a44134482993f5baeb97e61b7ecc89?s=96&d=mm&r=g","url":"https:\/\/secure.gravatar.com\/avatar\/42749d8b712ff9d59ca93dc150494e5b55a44134482993f5baeb97e61b7ecc89?s=96&d=mm&r=g","contentUrl":"https:\/\/secure.gravatar.com\/avatar\/42749d8b712ff9d59ca93dc150494e5b55a44134482993f5baeb97e61b7ecc89?s=96&d=mm&r=g","caption":"Roberto"},"url":"https:\/\/regiaonews.net.br\/2022\/author\/roberto\/"}]}},"publishpress_future_action":{"enabled":false,"date":"2026-05-04 17:27:19","action":"change-status","newStatus":"draft","terms":[],"taxonomy":"category","extraData":[]},"publishpress_future_workflow_manual_trigger":{"enabledWorkflows":[]},"_links":{"self":[{"href":"https:\/\/regiaonews.net.br\/2022\/wp-json\/wp\/v2\/posts\/95608","targetHints":{"allow":["GET"]}}],"collection":[{"href":"https:\/\/regiaonews.net.br\/2022\/wp-json\/wp\/v2\/posts"}],"about":[{"href":"https:\/\/regiaonews.net.br\/2022\/wp-json\/wp\/v2\/types\/post"}],"author":[{"embeddable":true,"href":"https:\/\/regiaonews.net.br\/2022\/wp-json\/wp\/v2\/users\/2"}],"replies":[{"embeddable":true,"href":"https:\/\/regiaonews.net.br\/2022\/wp-json\/wp\/v2\/comments?post=95608"}],"version-history":[{"count":2,"href":"https:\/\/regiaonews.net.br\/2022\/wp-json\/wp\/v2\/posts\/95608\/revisions"}],"predecessor-version":[{"id":95611,"href":"https:\/\/regiaonews.net.br\/2022\/wp-json\/wp\/v2\/posts\/95608\/revisions\/95611"}],"wp:featuredmedia":[{"embeddable":true,"href":"https:\/\/regiaonews.net.br\/2022\/wp-json\/wp\/v2\/media\/95609"}],"wp:attachment":[{"href":"https:\/\/regiaonews.net.br\/2022\/wp-json\/wp\/v2\/media?parent=95608"}],"wp:term":[{"taxonomy":"category","embeddable":true,"href":"https:\/\/regiaonews.net.br\/2022\/wp-json\/wp\/v2\/categories?post=95608"},{"taxonomy":"post_tag","embeddable":true,"href":"https:\/\/regiaonews.net.br\/2022\/wp-json\/wp\/v2\/tags?post=95608"}],"curies":[{"name":"wp","href":"https:\/\/api.w.org\/{rel}","templated":true}]}}