{"id":95605,"date":"2023-09-25T12:54:59","date_gmt":"2023-09-25T15:54:59","guid":{"rendered":"https:\/\/regiaonews.net.br\/2022\/?p=95605"},"modified":"2023-09-25T12:54:59","modified_gmt":"2023-09-25T15:54:59","slug":"escola-municipal-revela-talento-e-aluna-busca-vaga-no-bale-bolshoi","status":"publish","type":"post","link":"https:\/\/regiaonews.net.br\/2022\/2023\/09\/25\/escola-municipal-revela-talento-e-aluna-busca-vaga-no-bale-bolshoi\/","title":{"rendered":"Escola municipal revela talento e aluna busca vaga no bal\u00e9 Bolshoi"},"content":{"rendered":"<p>A aluna da escola municipal Jo\u00e3o Ferreira Lopes, Yasmin Alves de Souza, ir\u00e1 participar da seletiva nacional da Escola Bolshoi, nos dias 6 e 7 de outubro, em Joinville (SC). Ela foi pr\u00e9-selecionada pela escola de bal\u00e9 em prova eliminat\u00f3ria na cidade de Monte Azul Paulista.<\/p>\n<figure class=\"wp-block-image size-large is-resized\"><img loading=\"lazy\" decoding=\"async\" class=\"wp-image-165937 entered litespeed-loaded\" src=\"https:\/\/s3.us-east-1.wasabisys.com\/odiario\/2023\/09\/TIN_1482-1024x683.jpg\" alt=\"\" width=\"365\" height=\"243\" data-lazyloaded=\"1\" data-src=\"https:\/\/s3.us-east-1.wasabisys.com\/odiario\/2023\/09\/TIN_1482-1024x683.jpg\" data-ll-status=\"loaded\" \/><figcaption class=\"wp-element-caption\"><strong><em>Yasmin na sala de aula<\/em><\/strong><\/figcaption><\/figure>\n<p>Aos 9 anos, Yasmin participa desde o in\u00edcio deste ano do projeto volunt\u00e1rio \u201cDan\u00e7a Educa\u201d, coordenado pela professora Cristina Soares. \u201cO diretor Adilson acolheu o projeto e hoje atendemos mais de 100 crian\u00e7as da escola e da comunidade\u201d, disse a professora. Cristina destacou que Yasmin mostrou desde cedo grande potencial, leveza para dan\u00e7ar e transmite calma. \u201cTenho muitas alunas talentosas, mas ela demonstra um talento nato e amor pela dan\u00e7a\u201d, afirmou.<\/p>\n<figure class=\"wp-block-image size-large is-resized\"><img loading=\"lazy\" decoding=\"async\" class=\"wp-image-165938 entered litespeed-loaded\" src=\"https:\/\/s3.us-east-1.wasabisys.com\/odiario\/2023\/09\/TIN_1497-1024x683.jpg\" alt=\"\" width=\"393\" height=\"262\" data-lazyloaded=\"1\" data-src=\"https:\/\/s3.us-east-1.wasabisys.com\/odiario\/2023\/09\/TIN_1497-1024x683.jpg\" data-ll-status=\"loaded\" \/><figcaption class=\"wp-element-caption\"><strong><em>Yasmin destacou que tem amor pela dan\u00e7a<\/em><\/strong><\/figcaption><\/figure>\n<p>A professora conta com apoio de Valquiria Barboza que acompanha as crian\u00e7as. \u201cFui aluna de bal\u00e9 da Cristina na adolesc\u00eancia e agora ela me apresentou esse projeto maravilhoso que incentiva as crian\u00e7as, valoriza a aprendizagem, o respeito e a disciplina\u201d, disse. Para abrigar o projeto, a escola adaptou espa\u00e7os para aulas, improvisou a barra e o piso especial.<\/p>\n<h2 class=\"wp-block-heading\">Cora\u00e7\u00e3o de m\u00e3e<\/h2>\n<p>Vanessa Alves Pereira percebeu desde cedo o talento da Yasmin para a dan\u00e7a. Aos 4 anos, a filha assistia v\u00eddeos no YouTube das crian\u00e7as do Bal\u00e9 Bolshoi. \u201cEla iniciou no Cemart e depois surgiu a oportunidade do projeto, sempre deixamos ela livre para escolher\u201d, destacou. \u201cA dan\u00e7a est\u00e1 na alma dela, \u00e9 um prop\u00f3sito de vida, vamos sempre apoiar e mostrar que a escola p\u00fablica tamb\u00e9m tem seus talentos\u201d, afirmou. Vanessa declarou que est\u00e1 pronta para mudar de cidade. \u201cSe Deus quiser, vamos incentivar e acompanhar todos os processos dela\u201d, ressaltou.<\/p>\n<figure class=\"wp-block-image size-large is-resized\"><img loading=\"lazy\" decoding=\"async\" class=\"wp-image-165939 entered litespeed-loaded\" src=\"https:\/\/s3.us-east-1.wasabisys.com\/odiario\/2023\/09\/TIN_1505-1024x683.jpg\" alt=\"\" width=\"452\" height=\"301\" data-lazyloaded=\"1\" data-src=\"https:\/\/s3.us-east-1.wasabisys.com\/odiario\/2023\/09\/TIN_1505-1024x683.jpg\" data-ll-status=\"loaded\" \/><figcaption class=\"wp-element-caption\"><strong><em>Yasmin e Valqu\u00edria<\/em><\/strong><\/figcaption><\/figure>\n<h2 class=\"wp-block-heading\">Escola al\u00e9m da sala<\/h2>\n<p>O diretor Adilson Ventura de Mello disse que toda a escola est\u00e1 contagiada e torcendo por Yasmin. \u201cTemos o projeto desde o ano passado e para n\u00f3s \u00e9 motivo de orgulho, satisfa\u00e7\u00e3o e emo\u00e7\u00e3o saber que temos uma aluna buscando vaga nessa importante institui\u00e7\u00e3o\u201d, afirmou.<\/p>\n<figure class=\"wp-block-image size-large is-resized\"><img loading=\"lazy\" decoding=\"async\" class=\"wp-image-165942 entered litespeed-loaded\" src=\"https:\/\/s3.us-east-1.wasabisys.com\/odiario\/2023\/09\/FOTO-ULTIMA-MATERIA-1024x771.jpg\" alt=\"\" width=\"581\" height=\"438\" data-lazyloaded=\"1\" data-src=\"https:\/\/s3.us-east-1.wasabisys.com\/odiario\/2023\/09\/FOTO-ULTIMA-MATERIA-1024x771.jpg\" data-ll-status=\"loaded\" \/><figcaption class=\"wp-element-caption\"><strong><em>APOIO: Valqu\u00edria, Cristina, Vanessa e Adilson apoiam e est\u00e3o orgulhosos de Yasmin<\/em><\/strong><\/figcaption><\/figure>\n<p>Para o diretor, que abriu as portas para a dan\u00e7a, a escola vai al\u00e9m da sala de aula. \u201cO talento \u00e9 do ser humano, mas a escola n\u00e3o pode se resumir na sala de aula, tem que estar aberta para comunidade, acolher e incentivar as boas iniciativas\u201d, refor\u00e7ou. O diretor ir\u00e1 pedir apoio da prefeitura e da comunidade para custear a viagem da Yasmin at\u00e9 Joinville.\u00a0 \u201cA Yasmin n\u00e3o representa somente a escola, mas tamb\u00e9m leva o nome de Barretos e essa \u00e9 uma vit\u00f3ria de todos n\u00f3s\u201d, finalizou.<\/p>\n<h2 class=\"wp-block-heading\">Amor pela dan\u00e7a<\/h2>\n<p>Os alunos da Escola de Teatro Bolshoi t\u00eam 6 horas de estudos di\u00e1rias, divididas entre te\u00f3ricas, pr\u00e1ticas e ensaios. Em m\u00e9dia, s\u00e3o necess\u00e1rios 8 anos de preparo para integrar a companhia. Yasmin conta que entrar no Bolshoi \u00e9 seu grande sonho. \u201cDesde pequena que gosto e estou me sentindo realizada\u201d, disse. Para a seletiva de outubro, declarou estar confiante. \u201cMinha m\u00e3e me incentiva e eu estou muito tranquila\u201d, finalizou.<\/p>\n","protected":false},"excerpt":{"rendered":"<p>A aluna da escola municipal Jo\u00e3o Ferreira Lopes, Yasmin Alves<\/p>\n","protected":false},"author":2,"featured_media":95606,"comment_status":"open","ping_status":"open","sticky":false,"template":"","format":"standard","meta":{"footnotes":""},"categories":[14,3],"tags":[],"class_list":["post-95605","post","type-post","status-publish","format-standard","has-post-thumbnail","hentry","category-barretos","category-geral"],"yoast_head":"<!-- This site is optimized with the Yoast SEO plugin v27.4 - https:\/\/yoast.com\/product\/yoast-seo-wordpress\/ -->\n<title>Escola municipal revela talento e aluna busca vaga no bal\u00e9 Bolshoi - Regi\u00e3o News<\/title>\n<meta name=\"robots\" content=\"index, follow, max-snippet:-1, max-image-preview:large, max-video-preview:-1\" \/>\n<link rel=\"canonical\" href=\"https:\/\/regiaonews.net.br\/2022\/2023\/09\/25\/escola-municipal-revela-talento-e-aluna-busca-vaga-no-bale-bolshoi\/\" \/>\n<meta property=\"og:locale\" content=\"pt_BR\" \/>\n<meta property=\"og:type\" content=\"article\" \/>\n<meta property=\"og:title\" content=\"Escola municipal revela talento e aluna busca vaga no bal\u00e9 Bolshoi - Regi\u00e3o News\" \/>\n<meta property=\"og:description\" content=\"A aluna da escola municipal Jo\u00e3o Ferreira Lopes, Yasmin Alves\" \/>\n<meta property=\"og:url\" content=\"https:\/\/regiaonews.net.br\/2022\/2023\/09\/25\/escola-municipal-revela-talento-e-aluna-busca-vaga-no-bale-bolshoi\/\" \/>\n<meta property=\"og:site_name\" content=\"Regi\u00e3o News\" \/>\n<meta property=\"article:published_time\" content=\"2023-09-25T15:54:59+00:00\" \/>\n<meta property=\"og:image\" content=\"https:\/\/regiaonews.net.br\/2022\/wp-content\/uploads\/2023\/09\/www.png\" \/>\n\t<meta property=\"og:image:width\" content=\"475\" \/>\n\t<meta property=\"og:image:height\" content=\"419\" \/>\n\t<meta property=\"og:image:type\" content=\"image\/png\" \/>\n<meta name=\"author\" content=\"Roberto\" \/>\n<meta name=\"twitter:card\" content=\"summary_large_image\" \/>\n<meta name=\"twitter:label1\" content=\"Escrito por\" \/>\n\t<meta name=\"twitter:data1\" content=\"Roberto\" \/>\n\t<meta name=\"twitter:label2\" content=\"Est. tempo de leitura\" \/>\n\t<meta name=\"twitter:data2\" content=\"4 minutos\" \/>\n<script type=\"application\/ld+json\" class=\"yoast-schema-graph\">{\"@context\":\"https:\\\/\\\/schema.org\",\"@graph\":[{\"@type\":\"Article\",\"@id\":\"https:\\\/\\\/regiaonews.net.br\\\/2022\\\/2023\\\/09\\\/25\\\/escola-municipal-revela-talento-e-aluna-busca-vaga-no-bale-bolshoi\\\/#article\",\"isPartOf\":{\"@id\":\"https:\\\/\\\/regiaonews.net.br\\\/2022\\\/2023\\\/09\\\/25\\\/escola-municipal-revela-talento-e-aluna-busca-vaga-no-bale-bolshoi\\\/\"},\"author\":{\"name\":\"Roberto\",\"@id\":\"https:\\\/\\\/regiaonews.net.br\\\/2022\\\/#\\\/schema\\\/person\\\/2d205a608a5aa97ac279d7a5e6d89ad8\"},\"headline\":\"Escola municipal revela talento e aluna busca vaga no bal\u00e9 Bolshoi\",\"datePublished\":\"2023-09-25T15:54:59+00:00\",\"mainEntityOfPage\":{\"@id\":\"https:\\\/\\\/regiaonews.net.br\\\/2022\\\/2023\\\/09\\\/25\\\/escola-municipal-revela-talento-e-aluna-busca-vaga-no-bale-bolshoi\\\/\"},\"wordCount\":553,\"commentCount\":0,\"publisher\":{\"@id\":\"https:\\\/\\\/regiaonews.net.br\\\/2022\\\/#organization\"},\"image\":{\"@id\":\"https:\\\/\\\/regiaonews.net.br\\\/2022\\\/2023\\\/09\\\/25\\\/escola-municipal-revela-talento-e-aluna-busca-vaga-no-bale-bolshoi\\\/#primaryimage\"},\"thumbnailUrl\":\"https:\\\/\\\/regiaonews.net.br\\\/2022\\\/wp-content\\\/uploads\\\/2023\\\/09\\\/www.png\",\"articleSection\":[\"Barretos\",\"Geral\"],\"inLanguage\":\"pt-BR\",\"potentialAction\":[{\"@type\":\"CommentAction\",\"name\":\"Comment\",\"target\":[\"https:\\\/\\\/regiaonews.net.br\\\/2022\\\/2023\\\/09\\\/25\\\/escola-municipal-revela-talento-e-aluna-busca-vaga-no-bale-bolshoi\\\/#respond\"]}]},{\"@type\":\"WebPage\",\"@id\":\"https:\\\/\\\/regiaonews.net.br\\\/2022\\\/2023\\\/09\\\/25\\\/escola-municipal-revela-talento-e-aluna-busca-vaga-no-bale-bolshoi\\\/\",\"url\":\"https:\\\/\\\/regiaonews.net.br\\\/2022\\\/2023\\\/09\\\/25\\\/escola-municipal-revela-talento-e-aluna-busca-vaga-no-bale-bolshoi\\\/\",\"name\":\"Escola municipal revela talento e aluna busca vaga no bal\u00e9 Bolshoi - Regi\u00e3o News\",\"isPartOf\":{\"@id\":\"https:\\\/\\\/regiaonews.net.br\\\/2022\\\/#website\"},\"primaryImageOfPage\":{\"@id\":\"https:\\\/\\\/regiaonews.net.br\\\/2022\\\/2023\\\/09\\\/25\\\/escola-municipal-revela-talento-e-aluna-busca-vaga-no-bale-bolshoi\\\/#primaryimage\"},\"image\":{\"@id\":\"https:\\\/\\\/regiaonews.net.br\\\/2022\\\/2023\\\/09\\\/25\\\/escola-municipal-revela-talento-e-aluna-busca-vaga-no-bale-bolshoi\\\/#primaryimage\"},\"thumbnailUrl\":\"https:\\\/\\\/regiaonews.net.br\\\/2022\\\/wp-content\\\/uploads\\\/2023\\\/09\\\/www.png\",\"datePublished\":\"2023-09-25T15:54:59+00:00\",\"breadcrumb\":{\"@id\":\"https:\\\/\\\/regiaonews.net.br\\\/2022\\\/2023\\\/09\\\/25\\\/escola-municipal-revela-talento-e-aluna-busca-vaga-no-bale-bolshoi\\\/#breadcrumb\"},\"inLanguage\":\"pt-BR\",\"potentialAction\":[{\"@type\":\"ReadAction\",\"target\":[\"https:\\\/\\\/regiaonews.net.br\\\/2022\\\/2023\\\/09\\\/25\\\/escola-municipal-revela-talento-e-aluna-busca-vaga-no-bale-bolshoi\\\/\"]}]},{\"@type\":\"ImageObject\",\"inLanguage\":\"pt-BR\",\"@id\":\"https:\\\/\\\/regiaonews.net.br\\\/2022\\\/2023\\\/09\\\/25\\\/escola-municipal-revela-talento-e-aluna-busca-vaga-no-bale-bolshoi\\\/#primaryimage\",\"url\":\"https:\\\/\\\/regiaonews.net.br\\\/2022\\\/wp-content\\\/uploads\\\/2023\\\/09\\\/www.png\",\"contentUrl\":\"https:\\\/\\\/regiaonews.net.br\\\/2022\\\/wp-content\\\/uploads\\\/2023\\\/09\\\/www.png\",\"width\":475,\"height\":419},{\"@type\":\"BreadcrumbList\",\"@id\":\"https:\\\/\\\/regiaonews.net.br\\\/2022\\\/2023\\\/09\\\/25\\\/escola-municipal-revela-talento-e-aluna-busca-vaga-no-bale-bolshoi\\\/#breadcrumb\",\"itemListElement\":[{\"@type\":\"ListItem\",\"position\":1,\"name\":\"In\u00edcio\",\"item\":\"https:\\\/\\\/regiaonews.net.br\\\/2022\\\/\"},{\"@type\":\"ListItem\",\"position\":2,\"name\":\"Escola municipal revela talento e aluna busca vaga no bal\u00e9 Bolshoi\"}]},{\"@type\":\"WebSite\",\"@id\":\"https:\\\/\\\/regiaonews.net.br\\\/2022\\\/#website\",\"url\":\"https:\\\/\\\/regiaonews.net.br\\\/2022\\\/\",\"name\":\"Regi\u00e3o News\",\"description\":\"Site de Not\u00edcias de Barretos e regi\u00e3o\",\"publisher\":{\"@id\":\"https:\\\/\\\/regiaonews.net.br\\\/2022\\\/#organization\"},\"potentialAction\":[{\"@type\":\"SearchAction\",\"target\":{\"@type\":\"EntryPoint\",\"urlTemplate\":\"https:\\\/\\\/regiaonews.net.br\\\/2022\\\/?s={search_term_string}\"},\"query-input\":{\"@type\":\"PropertyValueSpecification\",\"valueRequired\":true,\"valueName\":\"search_term_string\"}}],\"inLanguage\":\"pt-BR\"},{\"@type\":\"Organization\",\"@id\":\"https:\\\/\\\/regiaonews.net.br\\\/2022\\\/#organization\",\"name\":\"Regi\u00e3o News\",\"url\":\"https:\\\/\\\/regiaonews.net.br\\\/2022\\\/\",\"logo\":{\"@type\":\"ImageObject\",\"inLanguage\":\"pt-BR\",\"@id\":\"https:\\\/\\\/regiaonews.net.br\\\/2022\\\/#\\\/schema\\\/logo\\\/image\\\/\",\"url\":\"https:\\\/\\\/regiaonews.net.br\\\/2022\\\/wp-content\\\/uploads\\\/2026\\\/03\\\/regiao-13-anos-scaled.jpg\",\"contentUrl\":\"https:\\\/\\\/regiaonews.net.br\\\/2022\\\/wp-content\\\/uploads\\\/2026\\\/03\\\/regiao-13-anos-scaled.jpg\",\"width\":2560,\"height\":635,\"caption\":\"Regi\u00e3o News\"},\"image\":{\"@id\":\"https:\\\/\\\/regiaonews.net.br\\\/2022\\\/#\\\/schema\\\/logo\\\/image\\\/\"}},{\"@type\":\"Person\",\"@id\":\"https:\\\/\\\/regiaonews.net.br\\\/2022\\\/#\\\/schema\\\/person\\\/2d205a608a5aa97ac279d7a5e6d89ad8\",\"name\":\"Roberto\",\"image\":{\"@type\":\"ImageObject\",\"inLanguage\":\"pt-BR\",\"@id\":\"https:\\\/\\\/secure.gravatar.com\\\/avatar\\\/42749d8b712ff9d59ca93dc150494e5b55a44134482993f5baeb97e61b7ecc89?s=96&d=mm&r=g\",\"url\":\"https:\\\/\\\/secure.gravatar.com\\\/avatar\\\/42749d8b712ff9d59ca93dc150494e5b55a44134482993f5baeb97e61b7ecc89?s=96&d=mm&r=g\",\"contentUrl\":\"https:\\\/\\\/secure.gravatar.com\\\/avatar\\\/42749d8b712ff9d59ca93dc150494e5b55a44134482993f5baeb97e61b7ecc89?s=96&d=mm&r=g\",\"caption\":\"Roberto\"},\"url\":\"https:\\\/\\\/regiaonews.net.br\\\/2022\\\/author\\\/roberto\\\/\"}]}<\/script>\n<!-- \/ Yoast SEO plugin. -->","yoast_head_json":{"title":"Escola municipal revela talento e aluna busca vaga no bal\u00e9 Bolshoi - Regi\u00e3o News","robots":{"index":"index","follow":"follow","max-snippet":"max-snippet:-1","max-image-preview":"max-image-preview:large","max-video-preview":"max-video-preview:-1"},"canonical":"https:\/\/regiaonews.net.br\/2022\/2023\/09\/25\/escola-municipal-revela-talento-e-aluna-busca-vaga-no-bale-bolshoi\/","og_locale":"pt_BR","og_type":"article","og_title":"Escola municipal revela talento e aluna busca vaga no bal\u00e9 Bolshoi - Regi\u00e3o News","og_description":"A aluna da escola municipal Jo\u00e3o Ferreira Lopes, Yasmin Alves","og_url":"https:\/\/regiaonews.net.br\/2022\/2023\/09\/25\/escola-municipal-revela-talento-e-aluna-busca-vaga-no-bale-bolshoi\/","og_site_name":"Regi\u00e3o News","article_published_time":"2023-09-25T15:54:59+00:00","og_image":[{"width":475,"height":419,"url":"https:\/\/regiaonews.net.br\/2022\/wp-content\/uploads\/2023\/09\/www.png","type":"image\/png"}],"author":"Roberto","twitter_card":"summary_large_image","twitter_misc":{"Escrito por":"Roberto","Est. tempo de leitura":"4 minutos"},"schema":{"@context":"https:\/\/schema.org","@graph":[{"@type":"Article","@id":"https:\/\/regiaonews.net.br\/2022\/2023\/09\/25\/escola-municipal-revela-talento-e-aluna-busca-vaga-no-bale-bolshoi\/#article","isPartOf":{"@id":"https:\/\/regiaonews.net.br\/2022\/2023\/09\/25\/escola-municipal-revela-talento-e-aluna-busca-vaga-no-bale-bolshoi\/"},"author":{"name":"Roberto","@id":"https:\/\/regiaonews.net.br\/2022\/#\/schema\/person\/2d205a608a5aa97ac279d7a5e6d89ad8"},"headline":"Escola municipal revela talento e aluna busca vaga no bal\u00e9 Bolshoi","datePublished":"2023-09-25T15:54:59+00:00","mainEntityOfPage":{"@id":"https:\/\/regiaonews.net.br\/2022\/2023\/09\/25\/escola-municipal-revela-talento-e-aluna-busca-vaga-no-bale-bolshoi\/"},"wordCount":553,"commentCount":0,"publisher":{"@id":"https:\/\/regiaonews.net.br\/2022\/#organization"},"image":{"@id":"https:\/\/regiaonews.net.br\/2022\/2023\/09\/25\/escola-municipal-revela-talento-e-aluna-busca-vaga-no-bale-bolshoi\/#primaryimage"},"thumbnailUrl":"https:\/\/regiaonews.net.br\/2022\/wp-content\/uploads\/2023\/09\/www.png","articleSection":["Barretos","Geral"],"inLanguage":"pt-BR","potentialAction":[{"@type":"CommentAction","name":"Comment","target":["https:\/\/regiaonews.net.br\/2022\/2023\/09\/25\/escola-municipal-revela-talento-e-aluna-busca-vaga-no-bale-bolshoi\/#respond"]}]},{"@type":"WebPage","@id":"https:\/\/regiaonews.net.br\/2022\/2023\/09\/25\/escola-municipal-revela-talento-e-aluna-busca-vaga-no-bale-bolshoi\/","url":"https:\/\/regiaonews.net.br\/2022\/2023\/09\/25\/escola-municipal-revela-talento-e-aluna-busca-vaga-no-bale-bolshoi\/","name":"Escola municipal revela talento e aluna busca vaga no bal\u00e9 Bolshoi - Regi\u00e3o News","isPartOf":{"@id":"https:\/\/regiaonews.net.br\/2022\/#website"},"primaryImageOfPage":{"@id":"https:\/\/regiaonews.net.br\/2022\/2023\/09\/25\/escola-municipal-revela-talento-e-aluna-busca-vaga-no-bale-bolshoi\/#primaryimage"},"image":{"@id":"https:\/\/regiaonews.net.br\/2022\/2023\/09\/25\/escola-municipal-revela-talento-e-aluna-busca-vaga-no-bale-bolshoi\/#primaryimage"},"thumbnailUrl":"https:\/\/regiaonews.net.br\/2022\/wp-content\/uploads\/2023\/09\/www.png","datePublished":"2023-09-25T15:54:59+00:00","breadcrumb":{"@id":"https:\/\/regiaonews.net.br\/2022\/2023\/09\/25\/escola-municipal-revela-talento-e-aluna-busca-vaga-no-bale-bolshoi\/#breadcrumb"},"inLanguage":"pt-BR","potentialAction":[{"@type":"ReadAction","target":["https:\/\/regiaonews.net.br\/2022\/2023\/09\/25\/escola-municipal-revela-talento-e-aluna-busca-vaga-no-bale-bolshoi\/"]}]},{"@type":"ImageObject","inLanguage":"pt-BR","@id":"https:\/\/regiaonews.net.br\/2022\/2023\/09\/25\/escola-municipal-revela-talento-e-aluna-busca-vaga-no-bale-bolshoi\/#primaryimage","url":"https:\/\/regiaonews.net.br\/2022\/wp-content\/uploads\/2023\/09\/www.png","contentUrl":"https:\/\/regiaonews.net.br\/2022\/wp-content\/uploads\/2023\/09\/www.png","width":475,"height":419},{"@type":"BreadcrumbList","@id":"https:\/\/regiaonews.net.br\/2022\/2023\/09\/25\/escola-municipal-revela-talento-e-aluna-busca-vaga-no-bale-bolshoi\/#breadcrumb","itemListElement":[{"@type":"ListItem","position":1,"name":"In\u00edcio","item":"https:\/\/regiaonews.net.br\/2022\/"},{"@type":"ListItem","position":2,"name":"Escola municipal revela talento e aluna busca vaga no bal\u00e9 Bolshoi"}]},{"@type":"WebSite","@id":"https:\/\/regiaonews.net.br\/2022\/#website","url":"https:\/\/regiaonews.net.br\/2022\/","name":"Regi\u00e3o News","description":"Site de Not\u00edcias de Barretos e regi\u00e3o","publisher":{"@id":"https:\/\/regiaonews.net.br\/2022\/#organization"},"potentialAction":[{"@type":"SearchAction","target":{"@type":"EntryPoint","urlTemplate":"https:\/\/regiaonews.net.br\/2022\/?s={search_term_string}"},"query-input":{"@type":"PropertyValueSpecification","valueRequired":true,"valueName":"search_term_string"}}],"inLanguage":"pt-BR"},{"@type":"Organization","@id":"https:\/\/regiaonews.net.br\/2022\/#organization","name":"Regi\u00e3o News","url":"https:\/\/regiaonews.net.br\/2022\/","logo":{"@type":"ImageObject","inLanguage":"pt-BR","@id":"https:\/\/regiaonews.net.br\/2022\/#\/schema\/logo\/image\/","url":"https:\/\/regiaonews.net.br\/2022\/wp-content\/uploads\/2026\/03\/regiao-13-anos-scaled.jpg","contentUrl":"https:\/\/regiaonews.net.br\/2022\/wp-content\/uploads\/2026\/03\/regiao-13-anos-scaled.jpg","width":2560,"height":635,"caption":"Regi\u00e3o News"},"image":{"@id":"https:\/\/regiaonews.net.br\/2022\/#\/schema\/logo\/image\/"}},{"@type":"Person","@id":"https:\/\/regiaonews.net.br\/2022\/#\/schema\/person\/2d205a608a5aa97ac279d7a5e6d89ad8","name":"Roberto","image":{"@type":"ImageObject","inLanguage":"pt-BR","@id":"https:\/\/secure.gravatar.com\/avatar\/42749d8b712ff9d59ca93dc150494e5b55a44134482993f5baeb97e61b7ecc89?s=96&d=mm&r=g","url":"https:\/\/secure.gravatar.com\/avatar\/42749d8b712ff9d59ca93dc150494e5b55a44134482993f5baeb97e61b7ecc89?s=96&d=mm&r=g","contentUrl":"https:\/\/secure.gravatar.com\/avatar\/42749d8b712ff9d59ca93dc150494e5b55a44134482993f5baeb97e61b7ecc89?s=96&d=mm&r=g","caption":"Roberto"},"url":"https:\/\/regiaonews.net.br\/2022\/author\/roberto\/"}]}},"publishpress_future_action":{"enabled":false,"date":"2026-05-04 17:27:52","action":"change-status","newStatus":"draft","terms":[],"taxonomy":"category","extraData":[]},"publishpress_future_workflow_manual_trigger":{"enabledWorkflows":[]},"_links":{"self":[{"href":"https:\/\/regiaonews.net.br\/2022\/wp-json\/wp\/v2\/posts\/95605","targetHints":{"allow":["GET"]}}],"collection":[{"href":"https:\/\/regiaonews.net.br\/2022\/wp-json\/wp\/v2\/posts"}],"about":[{"href":"https:\/\/regiaonews.net.br\/2022\/wp-json\/wp\/v2\/types\/post"}],"author":[{"embeddable":true,"href":"https:\/\/regiaonews.net.br\/2022\/wp-json\/wp\/v2\/users\/2"}],"replies":[{"embeddable":true,"href":"https:\/\/regiaonews.net.br\/2022\/wp-json\/wp\/v2\/comments?post=95605"}],"version-history":[{"count":1,"href":"https:\/\/regiaonews.net.br\/2022\/wp-json\/wp\/v2\/posts\/95605\/revisions"}],"predecessor-version":[{"id":95607,"href":"https:\/\/regiaonews.net.br\/2022\/wp-json\/wp\/v2\/posts\/95605\/revisions\/95607"}],"wp:featuredmedia":[{"embeddable":true,"href":"https:\/\/regiaonews.net.br\/2022\/wp-json\/wp\/v2\/media\/95606"}],"wp:attachment":[{"href":"https:\/\/regiaonews.net.br\/2022\/wp-json\/wp\/v2\/media?parent=95605"}],"wp:term":[{"taxonomy":"category","embeddable":true,"href":"https:\/\/regiaonews.net.br\/2022\/wp-json\/wp\/v2\/categories?post=95605"},{"taxonomy":"post_tag","embeddable":true,"href":"https:\/\/regiaonews.net.br\/2022\/wp-json\/wp\/v2\/tags?post=95605"}],"curies":[{"name":"wp","href":"https:\/\/api.w.org\/{rel}","templated":true}]}}