{"id":95589,"date":"2023-09-24T17:39:19","date_gmt":"2023-09-24T20:39:19","guid":{"rendered":"https:\/\/regiaonews.net.br\/2022\/?p=95589"},"modified":"2023-09-24T17:39:19","modified_gmt":"2023-09-24T20:39:19","slug":"franca-e-campeao-da-copa-intercontinental-da-fiba","status":"publish","type":"post","link":"https:\/\/regiaonews.net.br\/2022\/2023\/09\/24\/franca-e-campeao-da-copa-intercontinental-da-fiba\/","title":{"rendered":"Franca \u00e9 campe\u00e3o da Copa Intercontinental da Fiba"},"content":{"rendered":"<div class=\"row glb-mc-banner-top\">\n<div class=\"publicidade publicidade-banner_materia_topo\">\n<div id=\"banner_materia_topo\" class=\"tag-manager-publicidade-container tag-manager-publicidade-banner_materia_topo tag-manager-publicidade-container--carregado tag-manager-publicidade-container--visivel\" data-google-query-id=\"CMicrbaHxIEDFdiflQIdTo4M6A\">\n<div id=\"google_ads_iframe_\/95377733\/tvg_GE\/Sua_Regiao&gt;Sudeste&gt;Sao_Paulo_(Ribeirao_Preto)\/Internas_1__container__\" style=\"box-sizing: inherit; margin: auto; padding: 0px; border: 0pt none; font: inherit; vertical-align: initial; text-align: center;\"><\/div>\n<\/div>\n<\/div>\n<\/div>\n<div class=\"mc-article-body cropped\">\n<article>\n<div id=\"chunk-72kf8\">\n<div class=\"mc-column content-text active-extra-styles active-capital-letter\" data-block-type=\"unstyled\" data-block-weight=\"90\" data-block-id=\"1\">\n<p class=\"content-text__container theme-color-primary-first-letter\" data-track-category=\"Link no Texto\" data-track-links=\"\">Maior vencedor do basquete brasileiro, com 13 t\u00edtulos nacionais, o Franca agora tamb\u00e9m est\u00e1 no topo entre os continentes. O time do interior de S\u00e3o Paulo venceu o Telekom Baskets Bonn, da Alemanha, na manh\u00e3 deste domingo, com um arremesso de seu capit\u00e3o, Lucas Dias, com um segundo para o t\u00e9rmino da partida. Com o game winner do ala-piv\u00f4, a equipe acrescentou o t\u00edtulo mundial que faltava \u00e0 sua galeria. A emocionante vit\u00f3ria por 70 a 69 garantiu o t\u00edtulo da Copa Intercontinental da Fiba, disputada em Singapura, na \u00c1sia.<\/p>\n<p data-track-category=\"Link no Texto\" data-track-links=\"\">Fonte &#8211; G1 Ribeir\u00e3o<\/p>\n<\/div>\n<\/div>\n<div class=\"wall protected-content\">\n<div id=\"chunk-54uji\">\n<div class=\"mc-column\" data-block-type=\"ads\" data-block-id=\"2\">\n<div id=\"content-ads-banner_materia1\" class=\"content-ads content-ads--regular content-ads--smart-size\">\n<div id=\"banner_materia1\" class=\"tag-manager-publicidade-container mc-has-ad-lazyload tag-manager-publicidade-banner_materia1 tag-manager-publicidade-container--carregado tag-manager-publicidade-container--visivel\" data-id=\"banner_materia1\" data-google-query-id=\"CPmE47aHxIEDFUlVuAQdhvcNyw\">\n<div id=\"google_ads_iframe_\/95377733\/tvg_GE\/Sua_Regiao&gt;Sudeste&gt;Sao_Paulo_(Ribeirao_Preto)\/Internas_2__container__\" style=\"box-sizing: inherit; margin: auto; padding: 0px; border: 0pt none; font: inherit; vertical-align: initial; max-width: 100%; text-align: center; width: 300px; height: 250px;\">\n<div id=\"google_ads_iframe_\/95377733\/tvg_GE\/Sua_Regiao&gt;Sudeste&gt;Sao_Paulo_(Ribeirao_Preto)\/Internas_2\" class=\"clever-core-ads\" style=\"box-sizing: inherit; margin: 0px; padding: 0px; border: 0px; font: inherit; vertical-align: bottom;\" tabindex=\"0\" title=\"3rd party ad content\" role=\"region\" aria-label=\"Advertisement\" data-load-complete=\"true\" data-google-container-id=\"4\">\n<div id=\"clever-73174-cube\"><img decoding=\"async\" id=\"clever-73174-cube-overlay\" src=\"data:image\/gif;base64,R0lGODlhAQABAIAAAP\/\/\/wAAACH5BAEAAAAALAAAAAABAAEAAAICRAEAOw==\" alt=\"overlay-clever\" \/><\/div>\n<\/div>\n<\/div>\n<\/div>\n<\/div>\n<\/div>\n<\/div>\n<div id=\"chunk-boobv\">\n<div class=\"bs-video-block mc-column glb-content-block--no-side-padding content-media content-video\" data-block-type=\"backstage-video\" data-block-id=\"3\">\n<div class=\"content-media__container\">\n<div class=\"content-video__bigger-player-description-fixer\">\n<article class=\"content-video\">\n<section class=\"content-video__video-container\">\n<div class=\"content-video__video\">\n<div id=\"wp3-player-2\" class=\"clappr-player\" tabindex=\"9999\" data-player=\"\">\n<div class=\"container-overlay\"><\/div>\n<div class=\"drawer-header drawer-header--hidden\"><\/div>\n<div class=\"container pointer-enabled\" data-container=\"\">\n<div class=\"poster\">\n<div class=\"poster__background\"><\/div>\n<div class=\"poster__background-overlay\"><\/div>\n<\/div>\n<div class=\"spinner\" role=\"alert\">\n<p class=\"visually-hidden\">\n<div class=\"spinner__svg spinner__svg--animated\" aria-hidden=\"true\"><\/div>\n<\/div>\n<div class=\"id-playback\" data-id-playback=\"\"><\/div>\n<\/div>\n<div class=\"media-control mobile touch media-control-hide h720 w480\">\n<div class=\"media-control-panel\">\n<div class=\"media-control-panel__back-layer\">\n<div class=\"media-control-position__left\"><\/div>\n<div class=\"media-control-position__center\"><\/div>\n<div class=\"media-control-position__right\" style=\"padding-left: 40px;\"><\/div>\n<\/div>\n<div class=\"media-control-panel__upper\">\n<div class=\"quick-seek-hint hidden media-control-element\"><\/div>\n<\/div>\n<div class=\"media-control-panel__middle\">\n<div class=\"media-control-position__left\"><\/div>\n<div class=\"media-control-position__center\"><\/div>\n<div class=\"media-control-position__right\"><\/div>\n<\/div>\n<div class=\"media-control-panel__between\">\n<div class=\"media-control-position__left\"><\/div>\n<div class=\"media-control-position__center\"><\/div>\n<div class=\"media-control-position__right\"><\/div>\n<p><button class=\"media-control-button skip-button skip-button--recap skip-button--hidden media-control-element\" data-skip-button=\"\"><\/button><\/div>\n<\/div>\n<\/div>\n<\/div>\n<\/div>\n<\/section>\n<\/article>\n<\/div>\n<\/div>\n<\/div>\n<\/div>\n<\/div>\n<\/article>\n<\/div>\n","protected":false},"excerpt":{"rendered":"<p>Maior vencedor do basquete brasileiro, com 13 t\u00edtulos nacionais, o<\/p>\n","protected":false},"author":2,"featured_media":95590,"comment_status":"open","ping_status":"open","sticky":false,"template":"","format":"standard","meta":{"footnotes":""},"categories":[21,39],"tags":[],"class_list":["post-95589","post","type-post","status-publish","format-standard","has-post-thumbnail","hentry","category-esporte","category-mundo"],"yoast_head":"<!-- This site is optimized with the Yoast SEO plugin v27.4 - https:\/\/yoast.com\/product\/yoast-seo-wordpress\/ -->\n<title>Franca \u00e9 campe\u00e3o da Copa Intercontinental da Fiba<\/title>\n<meta name=\"description\" content=\"Maior vencedor do basquete brasileiro, com 13 t\u00edtulos nacionais, o Franca agora tamb\u00e9m est\u00e1 no topo entre os continentes.\" \/>\n<meta name=\"robots\" content=\"index, follow, max-snippet:-1, max-image-preview:large, max-video-preview:-1\" \/>\n<link rel=\"canonical\" href=\"https:\/\/regiaonews.net.br\/2022\/2023\/09\/24\/franca-e-campeao-da-copa-intercontinental-da-fiba\/\" \/>\n<meta property=\"og:locale\" content=\"pt_BR\" \/>\n<meta property=\"og:type\" content=\"article\" \/>\n<meta property=\"og:title\" content=\"Franca \u00e9 campe\u00e3o da Copa Intercontinental da Fiba\" \/>\n<meta property=\"og:description\" content=\"Maior vencedor do basquete brasileiro, com 13 t\u00edtulos nacionais, o Franca agora tamb\u00e9m est\u00e1 no topo entre os continentes.\" \/>\n<meta property=\"og:url\" content=\"https:\/\/regiaonews.net.br\/2022\/2023\/09\/24\/franca-e-campeao-da-copa-intercontinental-da-fiba\/\" \/>\n<meta property=\"og:site_name\" content=\"Regi\u00e3o News\" \/>\n<meta property=\"article:published_time\" content=\"2023-09-24T20:39:19+00:00\" \/>\n<meta property=\"og:image\" content=\"https:\/\/regiaonews.net.br\/2022\/wp-content\/uploads\/2023\/09\/53210218914-abc5f9abc0-k.jpg\" \/>\n\t<meta property=\"og:image:width\" content=\"1080\" \/>\n\t<meta property=\"og:image:height\" content=\"608\" \/>\n\t<meta property=\"og:image:type\" content=\"image\/jpeg\" \/>\n<meta name=\"author\" content=\"Roberto\" \/>\n<meta name=\"twitter:card\" content=\"summary_large_image\" \/>\n<meta name=\"twitter:label1\" content=\"Escrito por\" \/>\n\t<meta name=\"twitter:data1\" content=\"Roberto\" \/>\n\t<meta name=\"twitter:label2\" content=\"Est. tempo de leitura\" \/>\n\t<meta name=\"twitter:data2\" content=\"2 minutos\" \/>\n<script type=\"application\/ld+json\" class=\"yoast-schema-graph\">{\"@context\":\"https:\\\/\\\/schema.org\",\"@graph\":[{\"@type\":\"Article\",\"@id\":\"https:\\\/\\\/regiaonews.net.br\\\/2022\\\/2023\\\/09\\\/24\\\/franca-e-campeao-da-copa-intercontinental-da-fiba\\\/#article\",\"isPartOf\":{\"@id\":\"https:\\\/\\\/regiaonews.net.br\\\/2022\\\/2023\\\/09\\\/24\\\/franca-e-campeao-da-copa-intercontinental-da-fiba\\\/\"},\"author\":{\"name\":\"Roberto\",\"@id\":\"https:\\\/\\\/regiaonews.net.br\\\/2022\\\/#\\\/schema\\\/person\\\/2d205a608a5aa97ac279d7a5e6d89ad8\"},\"headline\":\"Franca \u00e9 campe\u00e3o da Copa Intercontinental da Fiba\",\"datePublished\":\"2023-09-24T20:39:19+00:00\",\"mainEntityOfPage\":{\"@id\":\"https:\\\/\\\/regiaonews.net.br\\\/2022\\\/2023\\\/09\\\/24\\\/franca-e-campeao-da-copa-intercontinental-da-fiba\\\/\"},\"wordCount\":107,\"commentCount\":0,\"publisher\":{\"@id\":\"https:\\\/\\\/regiaonews.net.br\\\/2022\\\/#organization\"},\"image\":{\"@id\":\"https:\\\/\\\/regiaonews.net.br\\\/2022\\\/2023\\\/09\\\/24\\\/franca-e-campeao-da-copa-intercontinental-da-fiba\\\/#primaryimage\"},\"thumbnailUrl\":\"https:\\\/\\\/regiaonews.net.br\\\/2022\\\/wp-content\\\/uploads\\\/2023\\\/09\\\/53210218914-abc5f9abc0-k.jpg\",\"articleSection\":[\"Esporte\",\"Mundo\"],\"inLanguage\":\"pt-BR\",\"potentialAction\":[{\"@type\":\"CommentAction\",\"name\":\"Comment\",\"target\":[\"https:\\\/\\\/regiaonews.net.br\\\/2022\\\/2023\\\/09\\\/24\\\/franca-e-campeao-da-copa-intercontinental-da-fiba\\\/#respond\"]}]},{\"@type\":\"WebPage\",\"@id\":\"https:\\\/\\\/regiaonews.net.br\\\/2022\\\/2023\\\/09\\\/24\\\/franca-e-campeao-da-copa-intercontinental-da-fiba\\\/\",\"url\":\"https:\\\/\\\/regiaonews.net.br\\\/2022\\\/2023\\\/09\\\/24\\\/franca-e-campeao-da-copa-intercontinental-da-fiba\\\/\",\"name\":\"Franca \u00e9 campe\u00e3o da Copa Intercontinental da Fiba\",\"isPartOf\":{\"@id\":\"https:\\\/\\\/regiaonews.net.br\\\/2022\\\/#website\"},\"primaryImageOfPage\":{\"@id\":\"https:\\\/\\\/regiaonews.net.br\\\/2022\\\/2023\\\/09\\\/24\\\/franca-e-campeao-da-copa-intercontinental-da-fiba\\\/#primaryimage\"},\"image\":{\"@id\":\"https:\\\/\\\/regiaonews.net.br\\\/2022\\\/2023\\\/09\\\/24\\\/franca-e-campeao-da-copa-intercontinental-da-fiba\\\/#primaryimage\"},\"thumbnailUrl\":\"https:\\\/\\\/regiaonews.net.br\\\/2022\\\/wp-content\\\/uploads\\\/2023\\\/09\\\/53210218914-abc5f9abc0-k.jpg\",\"datePublished\":\"2023-09-24T20:39:19+00:00\",\"description\":\"Maior vencedor do basquete brasileiro, com 13 t\u00edtulos nacionais, o Franca agora tamb\u00e9m est\u00e1 no topo entre os continentes.\",\"breadcrumb\":{\"@id\":\"https:\\\/\\\/regiaonews.net.br\\\/2022\\\/2023\\\/09\\\/24\\\/franca-e-campeao-da-copa-intercontinental-da-fiba\\\/#breadcrumb\"},\"inLanguage\":\"pt-BR\",\"potentialAction\":[{\"@type\":\"ReadAction\",\"target\":[\"https:\\\/\\\/regiaonews.net.br\\\/2022\\\/2023\\\/09\\\/24\\\/franca-e-campeao-da-copa-intercontinental-da-fiba\\\/\"]}]},{\"@type\":\"ImageObject\",\"inLanguage\":\"pt-BR\",\"@id\":\"https:\\\/\\\/regiaonews.net.br\\\/2022\\\/2023\\\/09\\\/24\\\/franca-e-campeao-da-copa-intercontinental-da-fiba\\\/#primaryimage\",\"url\":\"https:\\\/\\\/regiaonews.net.br\\\/2022\\\/wp-content\\\/uploads\\\/2023\\\/09\\\/53210218914-abc5f9abc0-k.jpg\",\"contentUrl\":\"https:\\\/\\\/regiaonews.net.br\\\/2022\\\/wp-content\\\/uploads\\\/2023\\\/09\\\/53210218914-abc5f9abc0-k.jpg\",\"width\":1080,\"height\":608},{\"@type\":\"BreadcrumbList\",\"@id\":\"https:\\\/\\\/regiaonews.net.br\\\/2022\\\/2023\\\/09\\\/24\\\/franca-e-campeao-da-copa-intercontinental-da-fiba\\\/#breadcrumb\",\"itemListElement\":[{\"@type\":\"ListItem\",\"position\":1,\"name\":\"In\u00edcio\",\"item\":\"https:\\\/\\\/regiaonews.net.br\\\/2022\\\/\"},{\"@type\":\"ListItem\",\"position\":2,\"name\":\"Franca \u00e9 campe\u00e3o da Copa Intercontinental da Fiba\"}]},{\"@type\":\"WebSite\",\"@id\":\"https:\\\/\\\/regiaonews.net.br\\\/2022\\\/#website\",\"url\":\"https:\\\/\\\/regiaonews.net.br\\\/2022\\\/\",\"name\":\"Regi\u00e3o News\",\"description\":\"Site de Not\u00edcias de Barretos e regi\u00e3o\",\"publisher\":{\"@id\":\"https:\\\/\\\/regiaonews.net.br\\\/2022\\\/#organization\"},\"potentialAction\":[{\"@type\":\"SearchAction\",\"target\":{\"@type\":\"EntryPoint\",\"urlTemplate\":\"https:\\\/\\\/regiaonews.net.br\\\/2022\\\/?s={search_term_string}\"},\"query-input\":{\"@type\":\"PropertyValueSpecification\",\"valueRequired\":true,\"valueName\":\"search_term_string\"}}],\"inLanguage\":\"pt-BR\"},{\"@type\":\"Organization\",\"@id\":\"https:\\\/\\\/regiaonews.net.br\\\/2022\\\/#organization\",\"name\":\"Regi\u00e3o News\",\"url\":\"https:\\\/\\\/regiaonews.net.br\\\/2022\\\/\",\"logo\":{\"@type\":\"ImageObject\",\"inLanguage\":\"pt-BR\",\"@id\":\"https:\\\/\\\/regiaonews.net.br\\\/2022\\\/#\\\/schema\\\/logo\\\/image\\\/\",\"url\":\"https:\\\/\\\/regiaonews.net.br\\\/2022\\\/wp-content\\\/uploads\\\/2026\\\/03\\\/regiao-13-anos-scaled.jpg\",\"contentUrl\":\"https:\\\/\\\/regiaonews.net.br\\\/2022\\\/wp-content\\\/uploads\\\/2026\\\/03\\\/regiao-13-anos-scaled.jpg\",\"width\":2560,\"height\":635,\"caption\":\"Regi\u00e3o News\"},\"image\":{\"@id\":\"https:\\\/\\\/regiaonews.net.br\\\/2022\\\/#\\\/schema\\\/logo\\\/image\\\/\"}},{\"@type\":\"Person\",\"@id\":\"https:\\\/\\\/regiaonews.net.br\\\/2022\\\/#\\\/schema\\\/person\\\/2d205a608a5aa97ac279d7a5e6d89ad8\",\"name\":\"Roberto\",\"image\":{\"@type\":\"ImageObject\",\"inLanguage\":\"pt-BR\",\"@id\":\"https:\\\/\\\/secure.gravatar.com\\\/avatar\\\/42749d8b712ff9d59ca93dc150494e5b55a44134482993f5baeb97e61b7ecc89?s=96&d=mm&r=g\",\"url\":\"https:\\\/\\\/secure.gravatar.com\\\/avatar\\\/42749d8b712ff9d59ca93dc150494e5b55a44134482993f5baeb97e61b7ecc89?s=96&d=mm&r=g\",\"contentUrl\":\"https:\\\/\\\/secure.gravatar.com\\\/avatar\\\/42749d8b712ff9d59ca93dc150494e5b55a44134482993f5baeb97e61b7ecc89?s=96&d=mm&r=g\",\"caption\":\"Roberto\"},\"url\":\"https:\\\/\\\/regiaonews.net.br\\\/2022\\\/author\\\/roberto\\\/\"}]}<\/script>\n<!-- \/ Yoast SEO plugin. -->","yoast_head_json":{"title":"Franca \u00e9 campe\u00e3o da Copa Intercontinental da Fiba","description":"Maior vencedor do basquete brasileiro, com 13 t\u00edtulos nacionais, o Franca agora tamb\u00e9m est\u00e1 no topo entre os continentes.","robots":{"index":"index","follow":"follow","max-snippet":"max-snippet:-1","max-image-preview":"max-image-preview:large","max-video-preview":"max-video-preview:-1"},"canonical":"https:\/\/regiaonews.net.br\/2022\/2023\/09\/24\/franca-e-campeao-da-copa-intercontinental-da-fiba\/","og_locale":"pt_BR","og_type":"article","og_title":"Franca \u00e9 campe\u00e3o da Copa Intercontinental da Fiba","og_description":"Maior vencedor do basquete brasileiro, com 13 t\u00edtulos nacionais, o Franca agora tamb\u00e9m est\u00e1 no topo entre os continentes.","og_url":"https:\/\/regiaonews.net.br\/2022\/2023\/09\/24\/franca-e-campeao-da-copa-intercontinental-da-fiba\/","og_site_name":"Regi\u00e3o News","article_published_time":"2023-09-24T20:39:19+00:00","og_image":[{"width":1080,"height":608,"url":"https:\/\/regiaonews.net.br\/2022\/wp-content\/uploads\/2023\/09\/53210218914-abc5f9abc0-k.jpg","type":"image\/jpeg"}],"author":"Roberto","twitter_card":"summary_large_image","twitter_misc":{"Escrito por":"Roberto","Est. tempo de leitura":"2 minutos"},"schema":{"@context":"https:\/\/schema.org","@graph":[{"@type":"Article","@id":"https:\/\/regiaonews.net.br\/2022\/2023\/09\/24\/franca-e-campeao-da-copa-intercontinental-da-fiba\/#article","isPartOf":{"@id":"https:\/\/regiaonews.net.br\/2022\/2023\/09\/24\/franca-e-campeao-da-copa-intercontinental-da-fiba\/"},"author":{"name":"Roberto","@id":"https:\/\/regiaonews.net.br\/2022\/#\/schema\/person\/2d205a608a5aa97ac279d7a5e6d89ad8"},"headline":"Franca \u00e9 campe\u00e3o da Copa Intercontinental da Fiba","datePublished":"2023-09-24T20:39:19+00:00","mainEntityOfPage":{"@id":"https:\/\/regiaonews.net.br\/2022\/2023\/09\/24\/franca-e-campeao-da-copa-intercontinental-da-fiba\/"},"wordCount":107,"commentCount":0,"publisher":{"@id":"https:\/\/regiaonews.net.br\/2022\/#organization"},"image":{"@id":"https:\/\/regiaonews.net.br\/2022\/2023\/09\/24\/franca-e-campeao-da-copa-intercontinental-da-fiba\/#primaryimage"},"thumbnailUrl":"https:\/\/regiaonews.net.br\/2022\/wp-content\/uploads\/2023\/09\/53210218914-abc5f9abc0-k.jpg","articleSection":["Esporte","Mundo"],"inLanguage":"pt-BR","potentialAction":[{"@type":"CommentAction","name":"Comment","target":["https:\/\/regiaonews.net.br\/2022\/2023\/09\/24\/franca-e-campeao-da-copa-intercontinental-da-fiba\/#respond"]}]},{"@type":"WebPage","@id":"https:\/\/regiaonews.net.br\/2022\/2023\/09\/24\/franca-e-campeao-da-copa-intercontinental-da-fiba\/","url":"https:\/\/regiaonews.net.br\/2022\/2023\/09\/24\/franca-e-campeao-da-copa-intercontinental-da-fiba\/","name":"Franca \u00e9 campe\u00e3o da Copa Intercontinental da Fiba","isPartOf":{"@id":"https:\/\/regiaonews.net.br\/2022\/#website"},"primaryImageOfPage":{"@id":"https:\/\/regiaonews.net.br\/2022\/2023\/09\/24\/franca-e-campeao-da-copa-intercontinental-da-fiba\/#primaryimage"},"image":{"@id":"https:\/\/regiaonews.net.br\/2022\/2023\/09\/24\/franca-e-campeao-da-copa-intercontinental-da-fiba\/#primaryimage"},"thumbnailUrl":"https:\/\/regiaonews.net.br\/2022\/wp-content\/uploads\/2023\/09\/53210218914-abc5f9abc0-k.jpg","datePublished":"2023-09-24T20:39:19+00:00","description":"Maior vencedor do basquete brasileiro, com 13 t\u00edtulos nacionais, o Franca agora tamb\u00e9m est\u00e1 no topo entre os continentes.","breadcrumb":{"@id":"https:\/\/regiaonews.net.br\/2022\/2023\/09\/24\/franca-e-campeao-da-copa-intercontinental-da-fiba\/#breadcrumb"},"inLanguage":"pt-BR","potentialAction":[{"@type":"ReadAction","target":["https:\/\/regiaonews.net.br\/2022\/2023\/09\/24\/franca-e-campeao-da-copa-intercontinental-da-fiba\/"]}]},{"@type":"ImageObject","inLanguage":"pt-BR","@id":"https:\/\/regiaonews.net.br\/2022\/2023\/09\/24\/franca-e-campeao-da-copa-intercontinental-da-fiba\/#primaryimage","url":"https:\/\/regiaonews.net.br\/2022\/wp-content\/uploads\/2023\/09\/53210218914-abc5f9abc0-k.jpg","contentUrl":"https:\/\/regiaonews.net.br\/2022\/wp-content\/uploads\/2023\/09\/53210218914-abc5f9abc0-k.jpg","width":1080,"height":608},{"@type":"BreadcrumbList","@id":"https:\/\/regiaonews.net.br\/2022\/2023\/09\/24\/franca-e-campeao-da-copa-intercontinental-da-fiba\/#breadcrumb","itemListElement":[{"@type":"ListItem","position":1,"name":"In\u00edcio","item":"https:\/\/regiaonews.net.br\/2022\/"},{"@type":"ListItem","position":2,"name":"Franca \u00e9 campe\u00e3o da Copa Intercontinental da Fiba"}]},{"@type":"WebSite","@id":"https:\/\/regiaonews.net.br\/2022\/#website","url":"https:\/\/regiaonews.net.br\/2022\/","name":"Regi\u00e3o News","description":"Site de Not\u00edcias de Barretos e regi\u00e3o","publisher":{"@id":"https:\/\/regiaonews.net.br\/2022\/#organization"},"potentialAction":[{"@type":"SearchAction","target":{"@type":"EntryPoint","urlTemplate":"https:\/\/regiaonews.net.br\/2022\/?s={search_term_string}"},"query-input":{"@type":"PropertyValueSpecification","valueRequired":true,"valueName":"search_term_string"}}],"inLanguage":"pt-BR"},{"@type":"Organization","@id":"https:\/\/regiaonews.net.br\/2022\/#organization","name":"Regi\u00e3o News","url":"https:\/\/regiaonews.net.br\/2022\/","logo":{"@type":"ImageObject","inLanguage":"pt-BR","@id":"https:\/\/regiaonews.net.br\/2022\/#\/schema\/logo\/image\/","url":"https:\/\/regiaonews.net.br\/2022\/wp-content\/uploads\/2026\/03\/regiao-13-anos-scaled.jpg","contentUrl":"https:\/\/regiaonews.net.br\/2022\/wp-content\/uploads\/2026\/03\/regiao-13-anos-scaled.jpg","width":2560,"height":635,"caption":"Regi\u00e3o News"},"image":{"@id":"https:\/\/regiaonews.net.br\/2022\/#\/schema\/logo\/image\/"}},{"@type":"Person","@id":"https:\/\/regiaonews.net.br\/2022\/#\/schema\/person\/2d205a608a5aa97ac279d7a5e6d89ad8","name":"Roberto","image":{"@type":"ImageObject","inLanguage":"pt-BR","@id":"https:\/\/secure.gravatar.com\/avatar\/42749d8b712ff9d59ca93dc150494e5b55a44134482993f5baeb97e61b7ecc89?s=96&d=mm&r=g","url":"https:\/\/secure.gravatar.com\/avatar\/42749d8b712ff9d59ca93dc150494e5b55a44134482993f5baeb97e61b7ecc89?s=96&d=mm&r=g","contentUrl":"https:\/\/secure.gravatar.com\/avatar\/42749d8b712ff9d59ca93dc150494e5b55a44134482993f5baeb97e61b7ecc89?s=96&d=mm&r=g","caption":"Roberto"},"url":"https:\/\/regiaonews.net.br\/2022\/author\/roberto\/"}]}},"publishpress_future_action":{"enabled":false,"date":"2026-05-04 20:48:55","action":"change-status","newStatus":"draft","terms":[],"taxonomy":"category","extraData":[]},"publishpress_future_workflow_manual_trigger":{"enabledWorkflows":[]},"_links":{"self":[{"href":"https:\/\/regiaonews.net.br\/2022\/wp-json\/wp\/v2\/posts\/95589","targetHints":{"allow":["GET"]}}],"collection":[{"href":"https:\/\/regiaonews.net.br\/2022\/wp-json\/wp\/v2\/posts"}],"about":[{"href":"https:\/\/regiaonews.net.br\/2022\/wp-json\/wp\/v2\/types\/post"}],"author":[{"embeddable":true,"href":"https:\/\/regiaonews.net.br\/2022\/wp-json\/wp\/v2\/users\/2"}],"replies":[{"embeddable":true,"href":"https:\/\/regiaonews.net.br\/2022\/wp-json\/wp\/v2\/comments?post=95589"}],"version-history":[{"count":1,"href":"https:\/\/regiaonews.net.br\/2022\/wp-json\/wp\/v2\/posts\/95589\/revisions"}],"predecessor-version":[{"id":95591,"href":"https:\/\/regiaonews.net.br\/2022\/wp-json\/wp\/v2\/posts\/95589\/revisions\/95591"}],"wp:featuredmedia":[{"embeddable":true,"href":"https:\/\/regiaonews.net.br\/2022\/wp-json\/wp\/v2\/media\/95590"}],"wp:attachment":[{"href":"https:\/\/regiaonews.net.br\/2022\/wp-json\/wp\/v2\/media?parent=95589"}],"wp:term":[{"taxonomy":"category","embeddable":true,"href":"https:\/\/regiaonews.net.br\/2022\/wp-json\/wp\/v2\/categories?post=95589"},{"taxonomy":"post_tag","embeddable":true,"href":"https:\/\/regiaonews.net.br\/2022\/wp-json\/wp\/v2\/tags?post=95589"}],"curies":[{"name":"wp","href":"https:\/\/api.w.org\/{rel}","templated":true}]}}