{"id":95556,"date":"2023-09-23T18:48:04","date_gmt":"2023-09-23T21:48:04","guid":{"rendered":"https:\/\/regiaonews.net.br\/2022\/?p=95556"},"modified":"2023-09-23T19:01:19","modified_gmt":"2023-09-23T22:01:19","slug":"pm-registra-flagrante-de-recepcao-e-trafico-de-drogas","status":"publish","type":"post","link":"https:\/\/regiaonews.net.br\/2022\/2023\/09\/23\/pm-registra-flagrante-de-recepcao-e-trafico-de-drogas\/","title":{"rendered":"PM registra flagrante de recep\u00e7\u00e3o e tr\u00e1fico de drogas"},"content":{"rendered":"<p>&nbsp;<\/p>\n<p>A Pol\u00edcia Militar atrav\u00e9s dos policiais militares da equipe de For\u00e7a T\u00e1tica\u00a0 ap\u00f3s tomar\u00a0 conhecimento de furtos ocorridos em data anterior, de uma carretinha de carga e bobinas de fios el\u00e9tricos, passaram a realizar patrulhamento com vistas e mantendo contato com a v\u00edtima. Na noite desta sexta-feira (22), atrav\u00e9s de uma filmagem conseguida pela v\u00edtima identificaram o poss\u00edvel local onde estariam escondidos os produtos de furto, na Av. MP-17, no Residencial MaisParque.<\/p>\n<p>No local, o sargento Rivas, cabo Vasconcelos e cabo Matos, ap\u00f3s contato com o morador\u00a0 identificaram o ve\u00edculo e a carretinha furtada e utilizada no furto, al\u00e9m das bobinas de fios el\u00e9tricos furtadas. Tamb\u00e9m localizaram drogas ( maconha e coca\u00edna), apetrechos para manuseio e embalo das drogas e diversos objetos relacionados abaixo. O acusado Y. R. J.\u00a0 foi conduzido preso pelos crimes de Recepta\u00e7\u00e3o e tr\u00e1fico de drogas.<\/p>\n<p>No local, foram apreendidos:<br \/>\n\u2713 104 Eppendorfs de coca\u00edna;<br \/>\n\u2713 04 por\u00e7\u00f5es de maconha;<br \/>\n\u2713 R$ 86,00 em dinheiro;<br \/>\n\u2713 1.000 eppendorfs vazios;<br \/>\n\u2713 09 bobinas de fios el\u00e9tricos acaviadas em R$ 35 mil (produto de furto)<br \/>\n\u2713 01 Ve\u00edculo Fiat Uno<br \/>\n\u2713 01 Carretinha produto de furto;<br \/>\n\u2713 Apetrechos para embalo de drogas,<br \/>\n\u2713 01 TV 26 POL<br \/>\n\u2713 01 bicicleta<br \/>\n\u2713 02 celulares<br \/>\n\u2713 01 Notebook<\/p>\n<p><a href=\"https:\/\/regiaonews.net.br\/2022\/wp-content\/uploads\/2023\/09\/IMG-20230923-WA0295.jpg\"><img loading=\"lazy\" decoding=\"async\" class=\"alignnone size-medium wp-image-95558\" src=\"https:\/\/regiaonews.net.br\/2022\/wp-content\/uploads\/2023\/09\/IMG-20230923-WA0295-300x225.jpg\" alt=\"\" width=\"300\" height=\"225\" srcset=\"https:\/\/regiaonews.net.br\/2022\/wp-content\/uploads\/2023\/09\/IMG-20230923-WA0295-300x225.jpg 300w, https:\/\/regiaonews.net.br\/2022\/wp-content\/uploads\/2023\/09\/IMG-20230923-WA0295-1024x768.jpg 1024w, https:\/\/regiaonews.net.br\/2022\/wp-content\/uploads\/2023\/09\/IMG-20230923-WA0295-768x576.jpg 768w, https:\/\/regiaonews.net.br\/2022\/wp-content\/uploads\/2023\/09\/IMG-20230923-WA0295-250x188.jpg 250w, https:\/\/regiaonews.net.br\/2022\/wp-content\/uploads\/2023\/09\/IMG-20230923-WA0295-200x150.jpg 200w, https:\/\/regiaonews.net.br\/2022\/wp-content\/uploads\/2023\/09\/IMG-20230923-WA0295.jpg 1280w\" sizes=\"auto, (max-width: 300px) 100vw, 300px\" \/><\/a><\/p>\n<p><a href=\"https:\/\/regiaonews.net.br\/2022\/wp-content\/uploads\/2023\/09\/IMG-20230923-WA0296.jpg\"><img loading=\"lazy\" decoding=\"async\" class=\"alignnone size-medium wp-image-95559\" src=\"https:\/\/regiaonews.net.br\/2022\/wp-content\/uploads\/2023\/09\/IMG-20230923-WA0296-300x225.jpg\" alt=\"\" width=\"300\" height=\"225\" srcset=\"https:\/\/regiaonews.net.br\/2022\/wp-content\/uploads\/2023\/09\/IMG-20230923-WA0296-300x225.jpg 300w, https:\/\/regiaonews.net.br\/2022\/wp-content\/uploads\/2023\/09\/IMG-20230923-WA0296-1024x768.jpg 1024w, https:\/\/regiaonews.net.br\/2022\/wp-content\/uploads\/2023\/09\/IMG-20230923-WA0296-768x576.jpg 768w, https:\/\/regiaonews.net.br\/2022\/wp-content\/uploads\/2023\/09\/IMG-20230923-WA0296-250x188.jpg 250w, https:\/\/regiaonews.net.br\/2022\/wp-content\/uploads\/2023\/09\/IMG-20230923-WA0296-200x150.jpg 200w, https:\/\/regiaonews.net.br\/2022\/wp-content\/uploads\/2023\/09\/IMG-20230923-WA0296.jpg 1280w\" sizes=\"auto, (max-width: 300px) 100vw, 300px\" \/><\/a><\/p>\n<p><a href=\"https:\/\/regiaonews.net.br\/2022\/wp-content\/uploads\/2023\/09\/IMG-20230923-WA0297.jpg\"><img loading=\"lazy\" decoding=\"async\" class=\"alignnone size-medium wp-image-95560\" src=\"https:\/\/regiaonews.net.br\/2022\/wp-content\/uploads\/2023\/09\/IMG-20230923-WA0297-300x225.jpg\" alt=\"\" width=\"300\" height=\"225\" srcset=\"https:\/\/regiaonews.net.br\/2022\/wp-content\/uploads\/2023\/09\/IMG-20230923-WA0297-300x225.jpg 300w, https:\/\/regiaonews.net.br\/2022\/wp-content\/uploads\/2023\/09\/IMG-20230923-WA0297-1024x768.jpg 1024w, https:\/\/regiaonews.net.br\/2022\/wp-content\/uploads\/2023\/09\/IMG-20230923-WA0297-768x576.jpg 768w, https:\/\/regiaonews.net.br\/2022\/wp-content\/uploads\/2023\/09\/IMG-20230923-WA0297-1536x1152.jpg 1536w, https:\/\/regiaonews.net.br\/2022\/wp-content\/uploads\/2023\/09\/IMG-20230923-WA0297-250x188.jpg 250w, https:\/\/regiaonews.net.br\/2022\/wp-content\/uploads\/2023\/09\/IMG-20230923-WA0297-200x150.jpg 200w, https:\/\/regiaonews.net.br\/2022\/wp-content\/uploads\/2023\/09\/IMG-20230923-WA0297.jpg 1600w\" sizes=\"auto, (max-width: 300px) 100vw, 300px\" \/><\/a><\/p>\n<p>&nbsp;<\/p>\n","protected":false},"excerpt":{"rendered":"<p>&nbsp; A Pol\u00edcia Militar atrav\u00e9s dos policiais militares da equipe<\/p>\n","protected":false},"author":2,"featured_media":95557,"comment_status":"open","ping_status":"open","sticky":false,"template":"","format":"standard","meta":{"footnotes":""},"categories":[14,23],"tags":[],"class_list":["post-95556","post","type-post","status-publish","format-standard","has-post-thumbnail","hentry","category-barretos","category-policia"],"yoast_head":"<!-- This site is optimized with the Yoast SEO plugin v27.4 - https:\/\/yoast.com\/product\/yoast-seo-wordpress\/ -->\n<title>PM registra flagrante de recep\u00e7\u00e3o e tr\u00e1fico de drogas<\/title>\n<meta name=\"description\" content=\"Pol\u00edcia Militar atrav\u00e9s dos policiais militares da equipe de For\u00e7a T\u00e1tica\u00a0 ap\u00f3s tomar\u00a0 conhecimento de furtos ocorridos em data anterior,\" \/>\n<meta name=\"robots\" content=\"index, follow, max-snippet:-1, max-image-preview:large, max-video-preview:-1\" \/>\n<link rel=\"canonical\" href=\"https:\/\/regiaonews.net.br\/2022\/2023\/09\/23\/pm-registra-flagrante-de-recepcao-e-trafico-de-drogas\/\" \/>\n<meta property=\"og:locale\" content=\"pt_BR\" \/>\n<meta property=\"og:type\" content=\"article\" \/>\n<meta property=\"og:title\" content=\"PM registra flagrante de recep\u00e7\u00e3o e tr\u00e1fico de drogas\" \/>\n<meta property=\"og:description\" content=\"Pol\u00edcia Militar atrav\u00e9s dos policiais militares da equipe de For\u00e7a T\u00e1tica\u00a0 ap\u00f3s tomar\u00a0 conhecimento de furtos ocorridos em data anterior,\" \/>\n<meta property=\"og:url\" content=\"https:\/\/regiaonews.net.br\/2022\/2023\/09\/23\/pm-registra-flagrante-de-recepcao-e-trafico-de-drogas\/\" \/>\n<meta property=\"og:site_name\" content=\"Regi\u00e3o News\" \/>\n<meta property=\"article:published_time\" content=\"2023-09-23T21:48:04+00:00\" \/>\n<meta property=\"article:modified_time\" content=\"2023-09-23T22:01:19+00:00\" \/>\n<meta property=\"og:image\" content=\"https:\/\/regiaonews.net.br\/2022\/wp-content\/uploads\/2023\/09\/IMG-20230923-WA0294.jpg\" \/>\n\t<meta property=\"og:image:width\" content=\"1600\" \/>\n\t<meta property=\"og:image:height\" content=\"1200\" \/>\n\t<meta property=\"og:image:type\" content=\"image\/jpeg\" \/>\n<meta name=\"author\" content=\"Roberto\" \/>\n<meta name=\"twitter:card\" content=\"summary_large_image\" \/>\n<meta name=\"twitter:label1\" content=\"Escrito por\" \/>\n\t<meta name=\"twitter:data1\" content=\"Roberto\" \/>\n\t<meta name=\"twitter:label2\" content=\"Est. tempo de leitura\" \/>\n\t<meta name=\"twitter:data2\" content=\"2 minutos\" \/>\n<script type=\"application\/ld+json\" class=\"yoast-schema-graph\">{\"@context\":\"https:\\\/\\\/schema.org\",\"@graph\":[{\"@type\":\"Article\",\"@id\":\"https:\\\/\\\/regiaonews.net.br\\\/2022\\\/2023\\\/09\\\/23\\\/pm-registra-flagrante-de-recepcao-e-trafico-de-drogas\\\/#article\",\"isPartOf\":{\"@id\":\"https:\\\/\\\/regiaonews.net.br\\\/2022\\\/2023\\\/09\\\/23\\\/pm-registra-flagrante-de-recepcao-e-trafico-de-drogas\\\/\"},\"author\":{\"name\":\"Roberto\",\"@id\":\"https:\\\/\\\/regiaonews.net.br\\\/2022\\\/#\\\/schema\\\/person\\\/2d205a608a5aa97ac279d7a5e6d89ad8\"},\"headline\":\"PM registra flagrante de recep\u00e7\u00e3o e tr\u00e1fico de drogas\",\"datePublished\":\"2023-09-23T21:48:04+00:00\",\"dateModified\":\"2023-09-23T22:01:19+00:00\",\"mainEntityOfPage\":{\"@id\":\"https:\\\/\\\/regiaonews.net.br\\\/2022\\\/2023\\\/09\\\/23\\\/pm-registra-flagrante-de-recepcao-e-trafico-de-drogas\\\/\"},\"wordCount\":216,\"commentCount\":0,\"publisher\":{\"@id\":\"https:\\\/\\\/regiaonews.net.br\\\/2022\\\/#organization\"},\"image\":{\"@id\":\"https:\\\/\\\/regiaonews.net.br\\\/2022\\\/2023\\\/09\\\/23\\\/pm-registra-flagrante-de-recepcao-e-trafico-de-drogas\\\/#primaryimage\"},\"thumbnailUrl\":\"https:\\\/\\\/regiaonews.net.br\\\/2022\\\/wp-content\\\/uploads\\\/2023\\\/09\\\/IMG-20230923-WA0294.jpg\",\"articleSection\":[\"Barretos\",\"Policia\"],\"inLanguage\":\"pt-BR\",\"potentialAction\":[{\"@type\":\"CommentAction\",\"name\":\"Comment\",\"target\":[\"https:\\\/\\\/regiaonews.net.br\\\/2022\\\/2023\\\/09\\\/23\\\/pm-registra-flagrante-de-recepcao-e-trafico-de-drogas\\\/#respond\"]}]},{\"@type\":\"WebPage\",\"@id\":\"https:\\\/\\\/regiaonews.net.br\\\/2022\\\/2023\\\/09\\\/23\\\/pm-registra-flagrante-de-recepcao-e-trafico-de-drogas\\\/\",\"url\":\"https:\\\/\\\/regiaonews.net.br\\\/2022\\\/2023\\\/09\\\/23\\\/pm-registra-flagrante-de-recepcao-e-trafico-de-drogas\\\/\",\"name\":\"PM registra flagrante de recep\u00e7\u00e3o e tr\u00e1fico de drogas\",\"isPartOf\":{\"@id\":\"https:\\\/\\\/regiaonews.net.br\\\/2022\\\/#website\"},\"primaryImageOfPage\":{\"@id\":\"https:\\\/\\\/regiaonews.net.br\\\/2022\\\/2023\\\/09\\\/23\\\/pm-registra-flagrante-de-recepcao-e-trafico-de-drogas\\\/#primaryimage\"},\"image\":{\"@id\":\"https:\\\/\\\/regiaonews.net.br\\\/2022\\\/2023\\\/09\\\/23\\\/pm-registra-flagrante-de-recepcao-e-trafico-de-drogas\\\/#primaryimage\"},\"thumbnailUrl\":\"https:\\\/\\\/regiaonews.net.br\\\/2022\\\/wp-content\\\/uploads\\\/2023\\\/09\\\/IMG-20230923-WA0294.jpg\",\"datePublished\":\"2023-09-23T21:48:04+00:00\",\"dateModified\":\"2023-09-23T22:01:19+00:00\",\"description\":\"Pol\u00edcia Militar atrav\u00e9s dos policiais militares da equipe de For\u00e7a T\u00e1tica\u00a0 ap\u00f3s tomar\u00a0 conhecimento de furtos ocorridos em data anterior,\",\"breadcrumb\":{\"@id\":\"https:\\\/\\\/regiaonews.net.br\\\/2022\\\/2023\\\/09\\\/23\\\/pm-registra-flagrante-de-recepcao-e-trafico-de-drogas\\\/#breadcrumb\"},\"inLanguage\":\"pt-BR\",\"potentialAction\":[{\"@type\":\"ReadAction\",\"target\":[\"https:\\\/\\\/regiaonews.net.br\\\/2022\\\/2023\\\/09\\\/23\\\/pm-registra-flagrante-de-recepcao-e-trafico-de-drogas\\\/\"]}]},{\"@type\":\"ImageObject\",\"inLanguage\":\"pt-BR\",\"@id\":\"https:\\\/\\\/regiaonews.net.br\\\/2022\\\/2023\\\/09\\\/23\\\/pm-registra-flagrante-de-recepcao-e-trafico-de-drogas\\\/#primaryimage\",\"url\":\"https:\\\/\\\/regiaonews.net.br\\\/2022\\\/wp-content\\\/uploads\\\/2023\\\/09\\\/IMG-20230923-WA0294.jpg\",\"contentUrl\":\"https:\\\/\\\/regiaonews.net.br\\\/2022\\\/wp-content\\\/uploads\\\/2023\\\/09\\\/IMG-20230923-WA0294.jpg\",\"width\":1600,\"height\":1200},{\"@type\":\"BreadcrumbList\",\"@id\":\"https:\\\/\\\/regiaonews.net.br\\\/2022\\\/2023\\\/09\\\/23\\\/pm-registra-flagrante-de-recepcao-e-trafico-de-drogas\\\/#breadcrumb\",\"itemListElement\":[{\"@type\":\"ListItem\",\"position\":1,\"name\":\"In\u00edcio\",\"item\":\"https:\\\/\\\/regiaonews.net.br\\\/2022\\\/\"},{\"@type\":\"ListItem\",\"position\":2,\"name\":\"PM registra flagrante de recep\u00e7\u00e3o e tr\u00e1fico de drogas\"}]},{\"@type\":\"WebSite\",\"@id\":\"https:\\\/\\\/regiaonews.net.br\\\/2022\\\/#website\",\"url\":\"https:\\\/\\\/regiaonews.net.br\\\/2022\\\/\",\"name\":\"Regi\u00e3o News\",\"description\":\"Site de Not\u00edcias de Barretos e regi\u00e3o\",\"publisher\":{\"@id\":\"https:\\\/\\\/regiaonews.net.br\\\/2022\\\/#organization\"},\"potentialAction\":[{\"@type\":\"SearchAction\",\"target\":{\"@type\":\"EntryPoint\",\"urlTemplate\":\"https:\\\/\\\/regiaonews.net.br\\\/2022\\\/?s={search_term_string}\"},\"query-input\":{\"@type\":\"PropertyValueSpecification\",\"valueRequired\":true,\"valueName\":\"search_term_string\"}}],\"inLanguage\":\"pt-BR\"},{\"@type\":\"Organization\",\"@id\":\"https:\\\/\\\/regiaonews.net.br\\\/2022\\\/#organization\",\"name\":\"Regi\u00e3o News\",\"url\":\"https:\\\/\\\/regiaonews.net.br\\\/2022\\\/\",\"logo\":{\"@type\":\"ImageObject\",\"inLanguage\":\"pt-BR\",\"@id\":\"https:\\\/\\\/regiaonews.net.br\\\/2022\\\/#\\\/schema\\\/logo\\\/image\\\/\",\"url\":\"https:\\\/\\\/regiaonews.net.br\\\/2022\\\/wp-content\\\/uploads\\\/2026\\\/03\\\/regiao-13-anos-scaled.jpg\",\"contentUrl\":\"https:\\\/\\\/regiaonews.net.br\\\/2022\\\/wp-content\\\/uploads\\\/2026\\\/03\\\/regiao-13-anos-scaled.jpg\",\"width\":2560,\"height\":635,\"caption\":\"Regi\u00e3o News\"},\"image\":{\"@id\":\"https:\\\/\\\/regiaonews.net.br\\\/2022\\\/#\\\/schema\\\/logo\\\/image\\\/\"}},{\"@type\":\"Person\",\"@id\":\"https:\\\/\\\/regiaonews.net.br\\\/2022\\\/#\\\/schema\\\/person\\\/2d205a608a5aa97ac279d7a5e6d89ad8\",\"name\":\"Roberto\",\"image\":{\"@type\":\"ImageObject\",\"inLanguage\":\"pt-BR\",\"@id\":\"https:\\\/\\\/secure.gravatar.com\\\/avatar\\\/42749d8b712ff9d59ca93dc150494e5b55a44134482993f5baeb97e61b7ecc89?s=96&d=mm&r=g\",\"url\":\"https:\\\/\\\/secure.gravatar.com\\\/avatar\\\/42749d8b712ff9d59ca93dc150494e5b55a44134482993f5baeb97e61b7ecc89?s=96&d=mm&r=g\",\"contentUrl\":\"https:\\\/\\\/secure.gravatar.com\\\/avatar\\\/42749d8b712ff9d59ca93dc150494e5b55a44134482993f5baeb97e61b7ecc89?s=96&d=mm&r=g\",\"caption\":\"Roberto\"},\"url\":\"https:\\\/\\\/regiaonews.net.br\\\/2022\\\/author\\\/roberto\\\/\"}]}<\/script>\n<!-- \/ Yoast SEO plugin. -->","yoast_head_json":{"title":"PM registra flagrante de recep\u00e7\u00e3o e tr\u00e1fico de drogas","description":"Pol\u00edcia Militar atrav\u00e9s dos policiais militares da equipe de For\u00e7a T\u00e1tica\u00a0 ap\u00f3s tomar\u00a0 conhecimento de furtos ocorridos em data anterior,","robots":{"index":"index","follow":"follow","max-snippet":"max-snippet:-1","max-image-preview":"max-image-preview:large","max-video-preview":"max-video-preview:-1"},"canonical":"https:\/\/regiaonews.net.br\/2022\/2023\/09\/23\/pm-registra-flagrante-de-recepcao-e-trafico-de-drogas\/","og_locale":"pt_BR","og_type":"article","og_title":"PM registra flagrante de recep\u00e7\u00e3o e tr\u00e1fico de drogas","og_description":"Pol\u00edcia Militar atrav\u00e9s dos policiais militares da equipe de For\u00e7a T\u00e1tica\u00a0 ap\u00f3s tomar\u00a0 conhecimento de furtos ocorridos em data anterior,","og_url":"https:\/\/regiaonews.net.br\/2022\/2023\/09\/23\/pm-registra-flagrante-de-recepcao-e-trafico-de-drogas\/","og_site_name":"Regi\u00e3o News","article_published_time":"2023-09-23T21:48:04+00:00","article_modified_time":"2023-09-23T22:01:19+00:00","og_image":[{"width":1600,"height":1200,"url":"https:\/\/regiaonews.net.br\/2022\/wp-content\/uploads\/2023\/09\/IMG-20230923-WA0294.jpg","type":"image\/jpeg"}],"author":"Roberto","twitter_card":"summary_large_image","twitter_misc":{"Escrito por":"Roberto","Est. tempo de leitura":"2 minutos"},"schema":{"@context":"https:\/\/schema.org","@graph":[{"@type":"Article","@id":"https:\/\/regiaonews.net.br\/2022\/2023\/09\/23\/pm-registra-flagrante-de-recepcao-e-trafico-de-drogas\/#article","isPartOf":{"@id":"https:\/\/regiaonews.net.br\/2022\/2023\/09\/23\/pm-registra-flagrante-de-recepcao-e-trafico-de-drogas\/"},"author":{"name":"Roberto","@id":"https:\/\/regiaonews.net.br\/2022\/#\/schema\/person\/2d205a608a5aa97ac279d7a5e6d89ad8"},"headline":"PM registra flagrante de recep\u00e7\u00e3o e tr\u00e1fico de drogas","datePublished":"2023-09-23T21:48:04+00:00","dateModified":"2023-09-23T22:01:19+00:00","mainEntityOfPage":{"@id":"https:\/\/regiaonews.net.br\/2022\/2023\/09\/23\/pm-registra-flagrante-de-recepcao-e-trafico-de-drogas\/"},"wordCount":216,"commentCount":0,"publisher":{"@id":"https:\/\/regiaonews.net.br\/2022\/#organization"},"image":{"@id":"https:\/\/regiaonews.net.br\/2022\/2023\/09\/23\/pm-registra-flagrante-de-recepcao-e-trafico-de-drogas\/#primaryimage"},"thumbnailUrl":"https:\/\/regiaonews.net.br\/2022\/wp-content\/uploads\/2023\/09\/IMG-20230923-WA0294.jpg","articleSection":["Barretos","Policia"],"inLanguage":"pt-BR","potentialAction":[{"@type":"CommentAction","name":"Comment","target":["https:\/\/regiaonews.net.br\/2022\/2023\/09\/23\/pm-registra-flagrante-de-recepcao-e-trafico-de-drogas\/#respond"]}]},{"@type":"WebPage","@id":"https:\/\/regiaonews.net.br\/2022\/2023\/09\/23\/pm-registra-flagrante-de-recepcao-e-trafico-de-drogas\/","url":"https:\/\/regiaonews.net.br\/2022\/2023\/09\/23\/pm-registra-flagrante-de-recepcao-e-trafico-de-drogas\/","name":"PM registra flagrante de recep\u00e7\u00e3o e tr\u00e1fico de drogas","isPartOf":{"@id":"https:\/\/regiaonews.net.br\/2022\/#website"},"primaryImageOfPage":{"@id":"https:\/\/regiaonews.net.br\/2022\/2023\/09\/23\/pm-registra-flagrante-de-recepcao-e-trafico-de-drogas\/#primaryimage"},"image":{"@id":"https:\/\/regiaonews.net.br\/2022\/2023\/09\/23\/pm-registra-flagrante-de-recepcao-e-trafico-de-drogas\/#primaryimage"},"thumbnailUrl":"https:\/\/regiaonews.net.br\/2022\/wp-content\/uploads\/2023\/09\/IMG-20230923-WA0294.jpg","datePublished":"2023-09-23T21:48:04+00:00","dateModified":"2023-09-23T22:01:19+00:00","description":"Pol\u00edcia Militar atrav\u00e9s dos policiais militares da equipe de For\u00e7a T\u00e1tica\u00a0 ap\u00f3s tomar\u00a0 conhecimento de furtos ocorridos em data anterior,","breadcrumb":{"@id":"https:\/\/regiaonews.net.br\/2022\/2023\/09\/23\/pm-registra-flagrante-de-recepcao-e-trafico-de-drogas\/#breadcrumb"},"inLanguage":"pt-BR","potentialAction":[{"@type":"ReadAction","target":["https:\/\/regiaonews.net.br\/2022\/2023\/09\/23\/pm-registra-flagrante-de-recepcao-e-trafico-de-drogas\/"]}]},{"@type":"ImageObject","inLanguage":"pt-BR","@id":"https:\/\/regiaonews.net.br\/2022\/2023\/09\/23\/pm-registra-flagrante-de-recepcao-e-trafico-de-drogas\/#primaryimage","url":"https:\/\/regiaonews.net.br\/2022\/wp-content\/uploads\/2023\/09\/IMG-20230923-WA0294.jpg","contentUrl":"https:\/\/regiaonews.net.br\/2022\/wp-content\/uploads\/2023\/09\/IMG-20230923-WA0294.jpg","width":1600,"height":1200},{"@type":"BreadcrumbList","@id":"https:\/\/regiaonews.net.br\/2022\/2023\/09\/23\/pm-registra-flagrante-de-recepcao-e-trafico-de-drogas\/#breadcrumb","itemListElement":[{"@type":"ListItem","position":1,"name":"In\u00edcio","item":"https:\/\/regiaonews.net.br\/2022\/"},{"@type":"ListItem","position":2,"name":"PM registra flagrante de recep\u00e7\u00e3o e tr\u00e1fico de drogas"}]},{"@type":"WebSite","@id":"https:\/\/regiaonews.net.br\/2022\/#website","url":"https:\/\/regiaonews.net.br\/2022\/","name":"Regi\u00e3o News","description":"Site de Not\u00edcias de Barretos e regi\u00e3o","publisher":{"@id":"https:\/\/regiaonews.net.br\/2022\/#organization"},"potentialAction":[{"@type":"SearchAction","target":{"@type":"EntryPoint","urlTemplate":"https:\/\/regiaonews.net.br\/2022\/?s={search_term_string}"},"query-input":{"@type":"PropertyValueSpecification","valueRequired":true,"valueName":"search_term_string"}}],"inLanguage":"pt-BR"},{"@type":"Organization","@id":"https:\/\/regiaonews.net.br\/2022\/#organization","name":"Regi\u00e3o News","url":"https:\/\/regiaonews.net.br\/2022\/","logo":{"@type":"ImageObject","inLanguage":"pt-BR","@id":"https:\/\/regiaonews.net.br\/2022\/#\/schema\/logo\/image\/","url":"https:\/\/regiaonews.net.br\/2022\/wp-content\/uploads\/2026\/03\/regiao-13-anos-scaled.jpg","contentUrl":"https:\/\/regiaonews.net.br\/2022\/wp-content\/uploads\/2026\/03\/regiao-13-anos-scaled.jpg","width":2560,"height":635,"caption":"Regi\u00e3o News"},"image":{"@id":"https:\/\/regiaonews.net.br\/2022\/#\/schema\/logo\/image\/"}},{"@type":"Person","@id":"https:\/\/regiaonews.net.br\/2022\/#\/schema\/person\/2d205a608a5aa97ac279d7a5e6d89ad8","name":"Roberto","image":{"@type":"ImageObject","inLanguage":"pt-BR","@id":"https:\/\/secure.gravatar.com\/avatar\/42749d8b712ff9d59ca93dc150494e5b55a44134482993f5baeb97e61b7ecc89?s=96&d=mm&r=g","url":"https:\/\/secure.gravatar.com\/avatar\/42749d8b712ff9d59ca93dc150494e5b55a44134482993f5baeb97e61b7ecc89?s=96&d=mm&r=g","contentUrl":"https:\/\/secure.gravatar.com\/avatar\/42749d8b712ff9d59ca93dc150494e5b55a44134482993f5baeb97e61b7ecc89?s=96&d=mm&r=g","caption":"Roberto"},"url":"https:\/\/regiaonews.net.br\/2022\/author\/roberto\/"}]}},"publishpress_future_action":{"enabled":false,"date":"2026-05-04 17:27:29","action":"change-status","newStatus":"draft","terms":[],"taxonomy":"category","extraData":[]},"publishpress_future_workflow_manual_trigger":{"enabledWorkflows":[]},"_links":{"self":[{"href":"https:\/\/regiaonews.net.br\/2022\/wp-json\/wp\/v2\/posts\/95556","targetHints":{"allow":["GET"]}}],"collection":[{"href":"https:\/\/regiaonews.net.br\/2022\/wp-json\/wp\/v2\/posts"}],"about":[{"href":"https:\/\/regiaonews.net.br\/2022\/wp-json\/wp\/v2\/types\/post"}],"author":[{"embeddable":true,"href":"https:\/\/regiaonews.net.br\/2022\/wp-json\/wp\/v2\/users\/2"}],"replies":[{"embeddable":true,"href":"https:\/\/regiaonews.net.br\/2022\/wp-json\/wp\/v2\/comments?post=95556"}],"version-history":[{"count":3,"href":"https:\/\/regiaonews.net.br\/2022\/wp-json\/wp\/v2\/posts\/95556\/revisions"}],"predecessor-version":[{"id":95563,"href":"https:\/\/regiaonews.net.br\/2022\/wp-json\/wp\/v2\/posts\/95556\/revisions\/95563"}],"wp:featuredmedia":[{"embeddable":true,"href":"https:\/\/regiaonews.net.br\/2022\/wp-json\/wp\/v2\/media\/95557"}],"wp:attachment":[{"href":"https:\/\/regiaonews.net.br\/2022\/wp-json\/wp\/v2\/media?parent=95556"}],"wp:term":[{"taxonomy":"category","embeddable":true,"href":"https:\/\/regiaonews.net.br\/2022\/wp-json\/wp\/v2\/categories?post=95556"},{"taxonomy":"post_tag","embeddable":true,"href":"https:\/\/regiaonews.net.br\/2022\/wp-json\/wp\/v2\/tags?post=95556"}],"curies":[{"name":"wp","href":"https:\/\/api.w.org\/{rel}","templated":true}]}}