{"id":95549,"date":"2023-09-23T13:02:10","date_gmt":"2023-09-23T16:02:10","guid":{"rendered":"https:\/\/regiaonews.net.br\/2022\/?p=95549"},"modified":"2023-09-23T13:02:10","modified_gmt":"2023-09-23T16:02:10","slug":"mais-de-2-mil-estudantes-de-barretos-e-regiao-participam-da-feira-de-profissoes-do-unifeb","status":"publish","type":"post","link":"https:\/\/regiaonews.net.br\/2022\/2023\/09\/23\/mais-de-2-mil-estudantes-de-barretos-e-regiao-participam-da-feira-de-profissoes-do-unifeb\/","title":{"rendered":"Mais de 2 mil estudantes de Barretos e regi\u00e3o participam da Feira de Profiss\u00f5es do\u00a0UNIFEB\u00a0"},"content":{"rendered":"<p class=\"x_MsoNormal\"><span class=\"x_mpj7bzys\"><span class=\"x_ContentPasted0\">Mais um ano a tradicional Feira de Profiss\u00f5es do\u00a0<span class=\"markyi7ujekxe\" data-markjs=\"true\" data-ogac=\"\" data-ogab=\"\" data-ogsc=\"\" data-ogsb=\"\">UNIFEB<\/span>\u00a0(Centro Universit\u00e1rio da Funda\u00e7\u00e3o Educacional de Barretos) foi um grande sucesso de p\u00fablico. Cerca de 2.200 estudantes do Ensino M\u00e9dio de Barretos e regi\u00e3o, inclusive de cidades de Minas Gerais, participaram dos tr\u00eas dias de evento e puderam conhecer um pouco mais dos laborat\u00f3rios, salas de aula e din\u00e2mica de ensino dos 18 cursos de gradua\u00e7\u00e3o oferecidos pela institui\u00e7\u00e3o.<\/span><span class=\"x_ContentPasted0\">\u00a0<\/span><\/span><\/p>\n<p class=\"x_MsoNormal\"><span class=\"x_mpj7bzys\"><span class=\"x_ContentPasted0\">A Feira de Profiss\u00f5es aconteceu entre os dias 18 e 20 de setembro e envolveu mais de 300 pessoas na organiza\u00e7\u00e3o. \u201cEssa grande estrutura foi projetada com a colabora\u00e7\u00e3o de funcion\u00e1rios, professores, coordenadores e alunos, que fizeram o evento dar certo mais uma vez. Foi incr\u00edvel ver a empolga\u00e7\u00e3o dos estudantes com suas futuras profiss\u00f5es, afinal, acreditamos que a Educa\u00e7\u00e3o transforma vidas\u201d, ressaltou o Reitor do\u00a0<span class=\"markyi7ujekxe\" data-markjs=\"true\" data-ogac=\"\" data-ogab=\"\" data-ogsc=\"\" data-ogsb=\"\">UNIFEB<\/span>, Prof. Dr. Angelo Davis.<\/span><span class=\"x_ContentPasted0\">\u00a0<\/span><\/span><\/p>\n<p class=\"x_MsoNormal\"><span class=\"x_mpj7bzys\"><span class=\"x_ContentPasted0\">Para a gerente de Marketing do Centro Universit\u00e1rio, Tamires Causin, a rela\u00e7\u00e3o dos alunos com a institui\u00e7\u00e3o come\u00e7a na Feira de Profiss\u00f5es. \u201cQuando os futuros universit\u00e1rios conhecem o campus e toda a infraestrutura que ter\u00e3o \u00e0 disposi\u00e7\u00e3o, eles j\u00e1 se conectam com essa nova fase de suas vidas\u201d, enfatizou.<\/span><span class=\"x_ContentPasted0\">\u00a0<\/span><\/span><\/p>\n<p class=\"x_MsoNormal\"><span class=\"x_mpj7bzys\"><span class=\"x_ContentPasted0\">A recep\u00e7\u00e3o dos estudantes foi realizada no Teatro Jorge Andrade e na sequ\u00eancia os grupos guiados visitaram os espa\u00e7os preparados especialmente para o evento. Ao final, eles tamb\u00e9m puderam se divertir com a plataforma 360\u00ba, cabine de fotos e touro mec\u00e2nico.<\/span><span class=\"x_ContentPasted0\">\u00a0<\/span><\/span><\/p>\n<p class=\"x_MsoNormal\"><span class=\"x_mpj7bzys\"><span class=\"x_ContentPasted0\">A prova do Vestibular\/2024 acontece neste domingo, dia 24 de setembro, \u00e0s 14h, no Campus do\u00a0<span class=\"markyi7ujekxe\" data-markjs=\"true\" data-ogac=\"\" data-ogab=\"\" data-ogsc=\"\" data-ogsb=\"\">UNIFEB<\/span>.\u00a0<\/span><\/span><span class=\"x_ContentPasted0\">As<\/span><span class=\"x_ContentPasted0\"><span class=\"x_mpj7bzys x_ContentPasted0\">\u00a0inscri\u00e7\u00f5es podem ser feitas gratuitamente pelo site\u00a0<\/span><\/span><a id=\"OWA513756ca-b60b-04d7-1e92-3e4cad4eace2\" class=\"x_OWAAutoLink x_ContentPasted0\" href=\"http:\/\/www.vestibular.unifeb.edu.br\/\" target=\"_blank\" rel=\"noopener noreferrer\" data-auth=\"NotApplicable\" data-linkindex=\"0\">www.vestibular.<span class=\"markyi7ujekxe\" data-markjs=\"true\" data-ogac=\"\" data-ogab=\"\" data-ogsc=\"\" data-ogsb=\"\">unifeb<\/span>.edu.br<\/a><span class=\"x_mpj7bzys\"><span class=\"x_ContentPasted0\">.<\/span><span class=\"x_ContentPasted0\">\u00a0<\/span><\/span><\/p>\n<p class=\"x_MsoNormal\"><span class=\"x_ContentPasted0\">Os cursos com vagas abertas s\u00e3o Administra\u00e7\u00e3o, Agronomia, Arquitetura e Urbanismo, Biomedicina, Ci\u00eancias Cont\u00e1beis, Direito, Bacharel em Educa\u00e7\u00e3o F\u00edsica, Engenharia Civil, Engenharia El\u00e9trica, Engenharia Mec\u00e2nica, Engenharia de Produ\u00e7\u00e3o, Engenharia Qu\u00edmica, Farm\u00e1cia, Fisioterapia, Medicina Veterin\u00e1ria, Odontologia, Pedagogia e Sistemas de Informa\u00e7\u00e3o, ambos noturnos.<\/span><span class=\"x_ContentPasted0\">\u00a0<\/span><\/p>\n<p class=\"x_MsoNormal\">\n","protected":false},"excerpt":{"rendered":"<p>Mais um ano a tradicional Feira de Profiss\u00f5es do\u00a0UNIFEB\u00a0(Centro Universit\u00e1rio<\/p>\n","protected":false},"author":2,"featured_media":95550,"comment_status":"open","ping_status":"open","sticky":false,"template":"","format":"standard","meta":{"footnotes":""},"categories":[14,25],"tags":[],"class_list":["post-95549","post","type-post","status-publish","format-standard","has-post-thumbnail","hentry","category-barretos","category-cidades"],"yoast_head":"<!-- This site is optimized with the Yoast SEO plugin v27.4 - https:\/\/yoast.com\/product\/yoast-seo-wordpress\/ -->\n<title>Mais de 2 mil estudantes de Barretos e regi\u00e3o participam<\/title>\n<meta name=\"description\" content=\"Mais um ano a tradicional Feira de Profiss\u00f5es do\u00a0UNIFEB\u00a0(Centro Universit\u00e1rio da Funda\u00e7\u00e3o Educacional de Barretos) foi um grande sucesso\" \/>\n<meta name=\"robots\" content=\"index, follow, max-snippet:-1, max-image-preview:large, max-video-preview:-1\" \/>\n<link rel=\"canonical\" href=\"https:\/\/regiaonews.net.br\/2022\/2023\/09\/23\/mais-de-2-mil-estudantes-de-barretos-e-regiao-participam-da-feira-de-profissoes-do-unifeb\/\" \/>\n<meta property=\"og:locale\" content=\"pt_BR\" \/>\n<meta property=\"og:type\" content=\"article\" \/>\n<meta property=\"og:title\" content=\"Mais de 2 mil estudantes de Barretos e regi\u00e3o participam\" \/>\n<meta property=\"og:description\" content=\"Mais um ano a tradicional Feira de Profiss\u00f5es do\u00a0UNIFEB\u00a0(Centro Universit\u00e1rio da Funda\u00e7\u00e3o Educacional de Barretos) foi um grande sucesso\" \/>\n<meta property=\"og:url\" content=\"https:\/\/regiaonews.net.br\/2022\/2023\/09\/23\/mais-de-2-mil-estudantes-de-barretos-e-regiao-participam-da-feira-de-profissoes-do-unifeb\/\" \/>\n<meta property=\"og:site_name\" content=\"Regi\u00e3o News\" \/>\n<meta property=\"article:published_time\" content=\"2023-09-23T16:02:10+00:00\" \/>\n<meta property=\"og:image\" content=\"https:\/\/regiaonews.net.br\/2022\/wp-content\/uploads\/2023\/09\/feira-de-profissoes.jpg\" \/>\n\t<meta property=\"og:image:width\" content=\"1920\" \/>\n\t<meta property=\"og:image:height\" content=\"1440\" \/>\n\t<meta property=\"og:image:type\" content=\"image\/jpeg\" \/>\n<meta name=\"author\" content=\"Roberto\" \/>\n<meta name=\"twitter:card\" content=\"summary_large_image\" \/>\n<meta name=\"twitter:label1\" content=\"Escrito por\" \/>\n\t<meta name=\"twitter:data1\" content=\"Roberto\" \/>\n\t<meta name=\"twitter:label2\" content=\"Est. tempo de leitura\" \/>\n\t<meta name=\"twitter:data2\" content=\"2 minutos\" \/>\n<script type=\"application\/ld+json\" class=\"yoast-schema-graph\">{\"@context\":\"https:\\\/\\\/schema.org\",\"@graph\":[{\"@type\":\"Article\",\"@id\":\"https:\\\/\\\/regiaonews.net.br\\\/2022\\\/2023\\\/09\\\/23\\\/mais-de-2-mil-estudantes-de-barretos-e-regiao-participam-da-feira-de-profissoes-do-unifeb\\\/#article\",\"isPartOf\":{\"@id\":\"https:\\\/\\\/regiaonews.net.br\\\/2022\\\/2023\\\/09\\\/23\\\/mais-de-2-mil-estudantes-de-barretos-e-regiao-participam-da-feira-de-profissoes-do-unifeb\\\/\"},\"author\":{\"name\":\"Roberto\",\"@id\":\"https:\\\/\\\/regiaonews.net.br\\\/2022\\\/#\\\/schema\\\/person\\\/2d205a608a5aa97ac279d7a5e6d89ad8\"},\"headline\":\"Mais de 2 mil estudantes de Barretos e regi\u00e3o participam da Feira de Profiss\u00f5es do\u00a0UNIFEB\u00a0\",\"datePublished\":\"2023-09-23T16:02:10+00:00\",\"mainEntityOfPage\":{\"@id\":\"https:\\\/\\\/regiaonews.net.br\\\/2022\\\/2023\\\/09\\\/23\\\/mais-de-2-mil-estudantes-de-barretos-e-regiao-participam-da-feira-de-profissoes-do-unifeb\\\/\"},\"wordCount\":357,\"commentCount\":0,\"publisher\":{\"@id\":\"https:\\\/\\\/regiaonews.net.br\\\/2022\\\/#organization\"},\"image\":{\"@id\":\"https:\\\/\\\/regiaonews.net.br\\\/2022\\\/2023\\\/09\\\/23\\\/mais-de-2-mil-estudantes-de-barretos-e-regiao-participam-da-feira-de-profissoes-do-unifeb\\\/#primaryimage\"},\"thumbnailUrl\":\"https:\\\/\\\/regiaonews.net.br\\\/2022\\\/wp-content\\\/uploads\\\/2023\\\/09\\\/feira-de-profissoes.jpg\",\"articleSection\":[\"Barretos\",\"Cidades\"],\"inLanguage\":\"pt-BR\",\"potentialAction\":[{\"@type\":\"CommentAction\",\"name\":\"Comment\",\"target\":[\"https:\\\/\\\/regiaonews.net.br\\\/2022\\\/2023\\\/09\\\/23\\\/mais-de-2-mil-estudantes-de-barretos-e-regiao-participam-da-feira-de-profissoes-do-unifeb\\\/#respond\"]}]},{\"@type\":\"WebPage\",\"@id\":\"https:\\\/\\\/regiaonews.net.br\\\/2022\\\/2023\\\/09\\\/23\\\/mais-de-2-mil-estudantes-de-barretos-e-regiao-participam-da-feira-de-profissoes-do-unifeb\\\/\",\"url\":\"https:\\\/\\\/regiaonews.net.br\\\/2022\\\/2023\\\/09\\\/23\\\/mais-de-2-mil-estudantes-de-barretos-e-regiao-participam-da-feira-de-profissoes-do-unifeb\\\/\",\"name\":\"Mais de 2 mil estudantes de Barretos e regi\u00e3o participam\",\"isPartOf\":{\"@id\":\"https:\\\/\\\/regiaonews.net.br\\\/2022\\\/#website\"},\"primaryImageOfPage\":{\"@id\":\"https:\\\/\\\/regiaonews.net.br\\\/2022\\\/2023\\\/09\\\/23\\\/mais-de-2-mil-estudantes-de-barretos-e-regiao-participam-da-feira-de-profissoes-do-unifeb\\\/#primaryimage\"},\"image\":{\"@id\":\"https:\\\/\\\/regiaonews.net.br\\\/2022\\\/2023\\\/09\\\/23\\\/mais-de-2-mil-estudantes-de-barretos-e-regiao-participam-da-feira-de-profissoes-do-unifeb\\\/#primaryimage\"},\"thumbnailUrl\":\"https:\\\/\\\/regiaonews.net.br\\\/2022\\\/wp-content\\\/uploads\\\/2023\\\/09\\\/feira-de-profissoes.jpg\",\"datePublished\":\"2023-09-23T16:02:10+00:00\",\"description\":\"Mais um ano a tradicional Feira de Profiss\u00f5es do\u00a0UNIFEB\u00a0(Centro Universit\u00e1rio da Funda\u00e7\u00e3o Educacional de Barretos) foi um grande sucesso\",\"breadcrumb\":{\"@id\":\"https:\\\/\\\/regiaonews.net.br\\\/2022\\\/2023\\\/09\\\/23\\\/mais-de-2-mil-estudantes-de-barretos-e-regiao-participam-da-feira-de-profissoes-do-unifeb\\\/#breadcrumb\"},\"inLanguage\":\"pt-BR\",\"potentialAction\":[{\"@type\":\"ReadAction\",\"target\":[\"https:\\\/\\\/regiaonews.net.br\\\/2022\\\/2023\\\/09\\\/23\\\/mais-de-2-mil-estudantes-de-barretos-e-regiao-participam-da-feira-de-profissoes-do-unifeb\\\/\"]}]},{\"@type\":\"ImageObject\",\"inLanguage\":\"pt-BR\",\"@id\":\"https:\\\/\\\/regiaonews.net.br\\\/2022\\\/2023\\\/09\\\/23\\\/mais-de-2-mil-estudantes-de-barretos-e-regiao-participam-da-feira-de-profissoes-do-unifeb\\\/#primaryimage\",\"url\":\"https:\\\/\\\/regiaonews.net.br\\\/2022\\\/wp-content\\\/uploads\\\/2023\\\/09\\\/feira-de-profissoes.jpg\",\"contentUrl\":\"https:\\\/\\\/regiaonews.net.br\\\/2022\\\/wp-content\\\/uploads\\\/2023\\\/09\\\/feira-de-profissoes.jpg\",\"width\":1920,\"height\":1440},{\"@type\":\"BreadcrumbList\",\"@id\":\"https:\\\/\\\/regiaonews.net.br\\\/2022\\\/2023\\\/09\\\/23\\\/mais-de-2-mil-estudantes-de-barretos-e-regiao-participam-da-feira-de-profissoes-do-unifeb\\\/#breadcrumb\",\"itemListElement\":[{\"@type\":\"ListItem\",\"position\":1,\"name\":\"In\u00edcio\",\"item\":\"https:\\\/\\\/regiaonews.net.br\\\/2022\\\/\"},{\"@type\":\"ListItem\",\"position\":2,\"name\":\"Mais de 2 mil estudantes de Barretos e regi\u00e3o participam da Feira de Profiss\u00f5es do\u00a0UNIFEB\u00a0\"}]},{\"@type\":\"WebSite\",\"@id\":\"https:\\\/\\\/regiaonews.net.br\\\/2022\\\/#website\",\"url\":\"https:\\\/\\\/regiaonews.net.br\\\/2022\\\/\",\"name\":\"Regi\u00e3o News\",\"description\":\"Site de Not\u00edcias de Barretos e regi\u00e3o\",\"publisher\":{\"@id\":\"https:\\\/\\\/regiaonews.net.br\\\/2022\\\/#organization\"},\"potentialAction\":[{\"@type\":\"SearchAction\",\"target\":{\"@type\":\"EntryPoint\",\"urlTemplate\":\"https:\\\/\\\/regiaonews.net.br\\\/2022\\\/?s={search_term_string}\"},\"query-input\":{\"@type\":\"PropertyValueSpecification\",\"valueRequired\":true,\"valueName\":\"search_term_string\"}}],\"inLanguage\":\"pt-BR\"},{\"@type\":\"Organization\",\"@id\":\"https:\\\/\\\/regiaonews.net.br\\\/2022\\\/#organization\",\"name\":\"Regi\u00e3o News\",\"url\":\"https:\\\/\\\/regiaonews.net.br\\\/2022\\\/\",\"logo\":{\"@type\":\"ImageObject\",\"inLanguage\":\"pt-BR\",\"@id\":\"https:\\\/\\\/regiaonews.net.br\\\/2022\\\/#\\\/schema\\\/logo\\\/image\\\/\",\"url\":\"https:\\\/\\\/regiaonews.net.br\\\/2022\\\/wp-content\\\/uploads\\\/2026\\\/03\\\/regiao-13-anos-scaled.jpg\",\"contentUrl\":\"https:\\\/\\\/regiaonews.net.br\\\/2022\\\/wp-content\\\/uploads\\\/2026\\\/03\\\/regiao-13-anos-scaled.jpg\",\"width\":2560,\"height\":635,\"caption\":\"Regi\u00e3o News\"},\"image\":{\"@id\":\"https:\\\/\\\/regiaonews.net.br\\\/2022\\\/#\\\/schema\\\/logo\\\/image\\\/\"}},{\"@type\":\"Person\",\"@id\":\"https:\\\/\\\/regiaonews.net.br\\\/2022\\\/#\\\/schema\\\/person\\\/2d205a608a5aa97ac279d7a5e6d89ad8\",\"name\":\"Roberto\",\"image\":{\"@type\":\"ImageObject\",\"inLanguage\":\"pt-BR\",\"@id\":\"https:\\\/\\\/secure.gravatar.com\\\/avatar\\\/42749d8b712ff9d59ca93dc150494e5b55a44134482993f5baeb97e61b7ecc89?s=96&d=mm&r=g\",\"url\":\"https:\\\/\\\/secure.gravatar.com\\\/avatar\\\/42749d8b712ff9d59ca93dc150494e5b55a44134482993f5baeb97e61b7ecc89?s=96&d=mm&r=g\",\"contentUrl\":\"https:\\\/\\\/secure.gravatar.com\\\/avatar\\\/42749d8b712ff9d59ca93dc150494e5b55a44134482993f5baeb97e61b7ecc89?s=96&d=mm&r=g\",\"caption\":\"Roberto\"},\"url\":\"https:\\\/\\\/regiaonews.net.br\\\/2022\\\/author\\\/roberto\\\/\"}]}<\/script>\n<!-- \/ Yoast SEO plugin. -->","yoast_head_json":{"title":"Mais de 2 mil estudantes de Barretos e regi\u00e3o participam","description":"Mais um ano a tradicional Feira de Profiss\u00f5es do\u00a0UNIFEB\u00a0(Centro Universit\u00e1rio da Funda\u00e7\u00e3o Educacional de Barretos) foi um grande sucesso","robots":{"index":"index","follow":"follow","max-snippet":"max-snippet:-1","max-image-preview":"max-image-preview:large","max-video-preview":"max-video-preview:-1"},"canonical":"https:\/\/regiaonews.net.br\/2022\/2023\/09\/23\/mais-de-2-mil-estudantes-de-barretos-e-regiao-participam-da-feira-de-profissoes-do-unifeb\/","og_locale":"pt_BR","og_type":"article","og_title":"Mais de 2 mil estudantes de Barretos e regi\u00e3o participam","og_description":"Mais um ano a tradicional Feira de Profiss\u00f5es do\u00a0UNIFEB\u00a0(Centro Universit\u00e1rio da Funda\u00e7\u00e3o Educacional de Barretos) foi um grande sucesso","og_url":"https:\/\/regiaonews.net.br\/2022\/2023\/09\/23\/mais-de-2-mil-estudantes-de-barretos-e-regiao-participam-da-feira-de-profissoes-do-unifeb\/","og_site_name":"Regi\u00e3o News","article_published_time":"2023-09-23T16:02:10+00:00","og_image":[{"width":1920,"height":1440,"url":"https:\/\/regiaonews.net.br\/2022\/wp-content\/uploads\/2023\/09\/feira-de-profissoes.jpg","type":"image\/jpeg"}],"author":"Roberto","twitter_card":"summary_large_image","twitter_misc":{"Escrito por":"Roberto","Est. tempo de leitura":"2 minutos"},"schema":{"@context":"https:\/\/schema.org","@graph":[{"@type":"Article","@id":"https:\/\/regiaonews.net.br\/2022\/2023\/09\/23\/mais-de-2-mil-estudantes-de-barretos-e-regiao-participam-da-feira-de-profissoes-do-unifeb\/#article","isPartOf":{"@id":"https:\/\/regiaonews.net.br\/2022\/2023\/09\/23\/mais-de-2-mil-estudantes-de-barretos-e-regiao-participam-da-feira-de-profissoes-do-unifeb\/"},"author":{"name":"Roberto","@id":"https:\/\/regiaonews.net.br\/2022\/#\/schema\/person\/2d205a608a5aa97ac279d7a5e6d89ad8"},"headline":"Mais de 2 mil estudantes de Barretos e regi\u00e3o participam da Feira de Profiss\u00f5es do\u00a0UNIFEB\u00a0","datePublished":"2023-09-23T16:02:10+00:00","mainEntityOfPage":{"@id":"https:\/\/regiaonews.net.br\/2022\/2023\/09\/23\/mais-de-2-mil-estudantes-de-barretos-e-regiao-participam-da-feira-de-profissoes-do-unifeb\/"},"wordCount":357,"commentCount":0,"publisher":{"@id":"https:\/\/regiaonews.net.br\/2022\/#organization"},"image":{"@id":"https:\/\/regiaonews.net.br\/2022\/2023\/09\/23\/mais-de-2-mil-estudantes-de-barretos-e-regiao-participam-da-feira-de-profissoes-do-unifeb\/#primaryimage"},"thumbnailUrl":"https:\/\/regiaonews.net.br\/2022\/wp-content\/uploads\/2023\/09\/feira-de-profissoes.jpg","articleSection":["Barretos","Cidades"],"inLanguage":"pt-BR","potentialAction":[{"@type":"CommentAction","name":"Comment","target":["https:\/\/regiaonews.net.br\/2022\/2023\/09\/23\/mais-de-2-mil-estudantes-de-barretos-e-regiao-participam-da-feira-de-profissoes-do-unifeb\/#respond"]}]},{"@type":"WebPage","@id":"https:\/\/regiaonews.net.br\/2022\/2023\/09\/23\/mais-de-2-mil-estudantes-de-barretos-e-regiao-participam-da-feira-de-profissoes-do-unifeb\/","url":"https:\/\/regiaonews.net.br\/2022\/2023\/09\/23\/mais-de-2-mil-estudantes-de-barretos-e-regiao-participam-da-feira-de-profissoes-do-unifeb\/","name":"Mais de 2 mil estudantes de Barretos e regi\u00e3o participam","isPartOf":{"@id":"https:\/\/regiaonews.net.br\/2022\/#website"},"primaryImageOfPage":{"@id":"https:\/\/regiaonews.net.br\/2022\/2023\/09\/23\/mais-de-2-mil-estudantes-de-barretos-e-regiao-participam-da-feira-de-profissoes-do-unifeb\/#primaryimage"},"image":{"@id":"https:\/\/regiaonews.net.br\/2022\/2023\/09\/23\/mais-de-2-mil-estudantes-de-barretos-e-regiao-participam-da-feira-de-profissoes-do-unifeb\/#primaryimage"},"thumbnailUrl":"https:\/\/regiaonews.net.br\/2022\/wp-content\/uploads\/2023\/09\/feira-de-profissoes.jpg","datePublished":"2023-09-23T16:02:10+00:00","description":"Mais um ano a tradicional Feira de Profiss\u00f5es do\u00a0UNIFEB\u00a0(Centro Universit\u00e1rio da Funda\u00e7\u00e3o Educacional de Barretos) foi um grande sucesso","breadcrumb":{"@id":"https:\/\/regiaonews.net.br\/2022\/2023\/09\/23\/mais-de-2-mil-estudantes-de-barretos-e-regiao-participam-da-feira-de-profissoes-do-unifeb\/#breadcrumb"},"inLanguage":"pt-BR","potentialAction":[{"@type":"ReadAction","target":["https:\/\/regiaonews.net.br\/2022\/2023\/09\/23\/mais-de-2-mil-estudantes-de-barretos-e-regiao-participam-da-feira-de-profissoes-do-unifeb\/"]}]},{"@type":"ImageObject","inLanguage":"pt-BR","@id":"https:\/\/regiaonews.net.br\/2022\/2023\/09\/23\/mais-de-2-mil-estudantes-de-barretos-e-regiao-participam-da-feira-de-profissoes-do-unifeb\/#primaryimage","url":"https:\/\/regiaonews.net.br\/2022\/wp-content\/uploads\/2023\/09\/feira-de-profissoes.jpg","contentUrl":"https:\/\/regiaonews.net.br\/2022\/wp-content\/uploads\/2023\/09\/feira-de-profissoes.jpg","width":1920,"height":1440},{"@type":"BreadcrumbList","@id":"https:\/\/regiaonews.net.br\/2022\/2023\/09\/23\/mais-de-2-mil-estudantes-de-barretos-e-regiao-participam-da-feira-de-profissoes-do-unifeb\/#breadcrumb","itemListElement":[{"@type":"ListItem","position":1,"name":"In\u00edcio","item":"https:\/\/regiaonews.net.br\/2022\/"},{"@type":"ListItem","position":2,"name":"Mais de 2 mil estudantes de Barretos e regi\u00e3o participam da Feira de Profiss\u00f5es do\u00a0UNIFEB\u00a0"}]},{"@type":"WebSite","@id":"https:\/\/regiaonews.net.br\/2022\/#website","url":"https:\/\/regiaonews.net.br\/2022\/","name":"Regi\u00e3o News","description":"Site de Not\u00edcias de Barretos e regi\u00e3o","publisher":{"@id":"https:\/\/regiaonews.net.br\/2022\/#organization"},"potentialAction":[{"@type":"SearchAction","target":{"@type":"EntryPoint","urlTemplate":"https:\/\/regiaonews.net.br\/2022\/?s={search_term_string}"},"query-input":{"@type":"PropertyValueSpecification","valueRequired":true,"valueName":"search_term_string"}}],"inLanguage":"pt-BR"},{"@type":"Organization","@id":"https:\/\/regiaonews.net.br\/2022\/#organization","name":"Regi\u00e3o News","url":"https:\/\/regiaonews.net.br\/2022\/","logo":{"@type":"ImageObject","inLanguage":"pt-BR","@id":"https:\/\/regiaonews.net.br\/2022\/#\/schema\/logo\/image\/","url":"https:\/\/regiaonews.net.br\/2022\/wp-content\/uploads\/2026\/03\/regiao-13-anos-scaled.jpg","contentUrl":"https:\/\/regiaonews.net.br\/2022\/wp-content\/uploads\/2026\/03\/regiao-13-anos-scaled.jpg","width":2560,"height":635,"caption":"Regi\u00e3o News"},"image":{"@id":"https:\/\/regiaonews.net.br\/2022\/#\/schema\/logo\/image\/"}},{"@type":"Person","@id":"https:\/\/regiaonews.net.br\/2022\/#\/schema\/person\/2d205a608a5aa97ac279d7a5e6d89ad8","name":"Roberto","image":{"@type":"ImageObject","inLanguage":"pt-BR","@id":"https:\/\/secure.gravatar.com\/avatar\/42749d8b712ff9d59ca93dc150494e5b55a44134482993f5baeb97e61b7ecc89?s=96&d=mm&r=g","url":"https:\/\/secure.gravatar.com\/avatar\/42749d8b712ff9d59ca93dc150494e5b55a44134482993f5baeb97e61b7ecc89?s=96&d=mm&r=g","contentUrl":"https:\/\/secure.gravatar.com\/avatar\/42749d8b712ff9d59ca93dc150494e5b55a44134482993f5baeb97e61b7ecc89?s=96&d=mm&r=g","caption":"Roberto"},"url":"https:\/\/regiaonews.net.br\/2022\/author\/roberto\/"}]}},"publishpress_future_action":{"enabled":false,"date":"2026-05-04 20:49:46","action":"change-status","newStatus":"draft","terms":[],"taxonomy":"category","extraData":[]},"publishpress_future_workflow_manual_trigger":{"enabledWorkflows":[]},"_links":{"self":[{"href":"https:\/\/regiaonews.net.br\/2022\/wp-json\/wp\/v2\/posts\/95549","targetHints":{"allow":["GET"]}}],"collection":[{"href":"https:\/\/regiaonews.net.br\/2022\/wp-json\/wp\/v2\/posts"}],"about":[{"href":"https:\/\/regiaonews.net.br\/2022\/wp-json\/wp\/v2\/types\/post"}],"author":[{"embeddable":true,"href":"https:\/\/regiaonews.net.br\/2022\/wp-json\/wp\/v2\/users\/2"}],"replies":[{"embeddable":true,"href":"https:\/\/regiaonews.net.br\/2022\/wp-json\/wp\/v2\/comments?post=95549"}],"version-history":[{"count":1,"href":"https:\/\/regiaonews.net.br\/2022\/wp-json\/wp\/v2\/posts\/95549\/revisions"}],"predecessor-version":[{"id":95551,"href":"https:\/\/regiaonews.net.br\/2022\/wp-json\/wp\/v2\/posts\/95549\/revisions\/95551"}],"wp:featuredmedia":[{"embeddable":true,"href":"https:\/\/regiaonews.net.br\/2022\/wp-json\/wp\/v2\/media\/95550"}],"wp:attachment":[{"href":"https:\/\/regiaonews.net.br\/2022\/wp-json\/wp\/v2\/media?parent=95549"}],"wp:term":[{"taxonomy":"category","embeddable":true,"href":"https:\/\/regiaonews.net.br\/2022\/wp-json\/wp\/v2\/categories?post=95549"},{"taxonomy":"post_tag","embeddable":true,"href":"https:\/\/regiaonews.net.br\/2022\/wp-json\/wp\/v2\/tags?post=95549"}],"curies":[{"name":"wp","href":"https:\/\/api.w.org\/{rel}","templated":true}]}}