{"id":95531,"date":"2023-09-22T19:22:43","date_gmt":"2023-09-22T22:22:43","guid":{"rendered":"https:\/\/regiaonews.net.br\/2022\/?p=95531"},"modified":"2023-09-22T19:22:43","modified_gmt":"2023-09-22T22:22:43","slug":"prefeita-paula-lemos-visita-obra-de-substituicao-de-adutora-de-agua-na-rua-18","status":"publish","type":"post","link":"https:\/\/regiaonews.net.br\/2022\/2023\/09\/22\/prefeita-paula-lemos-visita-obra-de-substituicao-de-adutora-de-agua-na-rua-18\/","title":{"rendered":"Prefeita Paula Lemos visita obra de substitui\u00e7\u00e3o de adutora de \u00e1gua na Rua 18"},"content":{"rendered":"<p>&nbsp;<\/p>\n<p>Interven\u00e7\u00e3o, com previs\u00e3o de 30 dias, utilizar\u00e1 pela primeira vez o m\u00e9todo de perfura\u00e7\u00e3o horizontal direcional<\/p>\n<p>Por meio do SAAEB, a Prefeitura da Est\u00e2ncia Tur\u00edstica de Barretos deu in\u00edcio, na ter\u00e7a-feira (19), \u00e0 obra de substitui\u00e7\u00e3o de 400 metros da adutora de rede de \u00e1gua da Rua 18, entre as avenidas 29 e 21. A Prefeita Paula Lemos, acompanhada do superintendente Marcelo Borges, visitou o local nesta sexta-feira (22).<\/p>\n<p>Durante toda a obra, a lateral da Rua 18 ficar\u00e1 interditada. O tr\u00e2nsito s\u00f3 precisar\u00e1 ficar interrompido por curtos per\u00edodos para interven\u00e7\u00f5es pontuais.<\/p>\n<p>Na quinta-feira, foi realizado o processo de solda das barras de 6 metros, pelo m\u00e9todo de Termofus\u00e3o, para ser feita a montagem das colunas de puxe. A tubula\u00e7\u00e3o \u00e9 de Polietileno de Alta Densidade (PEAD) de 355 mil\u00edmetros PN10 SDR17.<\/p>\n<p>\u201cNesta etapa, realizamos o alinhamento das duas barras na m\u00e1quina, o aquecimento das extremidades, e aplica-se press\u00e3o para fus\u00e3o das tubula\u00e7\u00f5es, ou seja, para fundir o material inserindo uma placa aquecida a 220 graus celsius por cerca de cinco minutos. Em seguida, \u00e9 feito o resfriamento com as superf\u00edcies pressionadas, por aproximadamente meia-hora\u201d, explica o engenheiro civil Lucas Fernando Maria, da Cadre Engenharia, empresa que executa a obra.<\/p>\n<p>O superintendente Marcelo Borges destaca que a obra ser\u00e1 executada com a Sonda de Perfura\u00e7\u00e3o Horizontal Direcional, popularmente chamada de Tatuzinho. \u201cUsaremos esse equipamento que chamamos de Tatuzinho, j\u00e1 que com ela \u00e9 feito o Furo Direcional HDD (Horizontal Directional Drilling), que perfura o terreno onde ser\u00e1 promovida a interven\u00e7\u00e3o evitando assim o m\u00e9todo convencional de abertura de valas, alongando o per\u00edodo da obra, reduzindo significativamente a gera\u00e7\u00e3o de res\u00edduos\u201d, enfatiza.<\/p>\n<p>A Prefeita Paula Lemos est\u00e1 entusiasmada com a implementa\u00e7\u00e3o dessa tecnologia inovadora em Barretos. \u201cEsta \u00e9 a primeira vez que o m\u00e9todo de perfura\u00e7\u00e3o horizontal direcional est\u00e1 sendo utilizado na cidade, e trar\u00e1 benef\u00edcios significativos para toda a popula\u00e7\u00e3o, melhorando a infraestrutura de abastecimento de \u00e1gua, minimizando os impactos ambientais e diminuindo gastos. Estamos buscando, cada vez mais, solu\u00e7\u00f5es modernas e eficientes para atender \u00e0s necessidades da nossa comunidade\u201d, ressalta.<\/p>\n","protected":false},"excerpt":{"rendered":"<p>&nbsp; Interven\u00e7\u00e3o, com previs\u00e3o de 30 dias, utilizar\u00e1 pela primeira<\/p>\n","protected":false},"author":2,"featured_media":95532,"comment_status":"open","ping_status":"open","sticky":false,"template":"","format":"standard","meta":{"footnotes":""},"categories":[14,25],"tags":[],"class_list":["post-95531","post","type-post","status-publish","format-standard","has-post-thumbnail","hentry","category-barretos","category-cidades"],"yoast_head":"<!-- This site is optimized with the Yoast SEO plugin v27.4 - https:\/\/yoast.com\/product\/yoast-seo-wordpress\/ -->\n<title>Prefeita Paula Lemos visita obra de substitui\u00e7\u00e3o de adutora de \u00e1gua na Rua 18 - Regi\u00e3o News<\/title>\n<meta name=\"robots\" content=\"index, follow, max-snippet:-1, max-image-preview:large, max-video-preview:-1\" \/>\n<link rel=\"canonical\" href=\"https:\/\/regiaonews.net.br\/2022\/2023\/09\/22\/prefeita-paula-lemos-visita-obra-de-substituicao-de-adutora-de-agua-na-rua-18\/\" \/>\n<meta property=\"og:locale\" content=\"pt_BR\" \/>\n<meta property=\"og:type\" content=\"article\" \/>\n<meta property=\"og:title\" content=\"Prefeita Paula Lemos visita obra de substitui\u00e7\u00e3o de adutora de \u00e1gua na Rua 18 - Regi\u00e3o News\" \/>\n<meta property=\"og:description\" content=\"&nbsp; Interven\u00e7\u00e3o, com previs\u00e3o de 30 dias, utilizar\u00e1 pela primeira\" \/>\n<meta property=\"og:url\" content=\"https:\/\/regiaonews.net.br\/2022\/2023\/09\/22\/prefeita-paula-lemos-visita-obra-de-substituicao-de-adutora-de-agua-na-rua-18\/\" \/>\n<meta property=\"og:site_name\" content=\"Regi\u00e3o News\" \/>\n<meta property=\"article:published_time\" content=\"2023-09-22T22:22:43+00:00\" \/>\n<meta property=\"og:image\" content=\"https:\/\/regiaonews.net.br\/2022\/wp-content\/uploads\/2023\/09\/WhatsApp-Image-2023-09-22-at-18.22.32.jpeg\" \/>\n\t<meta property=\"og:image:width\" content=\"1600\" \/>\n\t<meta property=\"og:image:height\" content=\"1066\" \/>\n\t<meta property=\"og:image:type\" content=\"image\/jpeg\" \/>\n<meta name=\"author\" content=\"Roberto\" \/>\n<meta name=\"twitter:card\" content=\"summary_large_image\" \/>\n<meta name=\"twitter:label1\" content=\"Escrito por\" \/>\n\t<meta name=\"twitter:data1\" content=\"Roberto\" \/>\n\t<meta name=\"twitter:label2\" content=\"Est. tempo de leitura\" \/>\n\t<meta name=\"twitter:data2\" content=\"2 minutos\" \/>\n<script type=\"application\/ld+json\" class=\"yoast-schema-graph\">{\"@context\":\"https:\\\/\\\/schema.org\",\"@graph\":[{\"@type\":\"Article\",\"@id\":\"https:\\\/\\\/regiaonews.net.br\\\/2022\\\/2023\\\/09\\\/22\\\/prefeita-paula-lemos-visita-obra-de-substituicao-de-adutora-de-agua-na-rua-18\\\/#article\",\"isPartOf\":{\"@id\":\"https:\\\/\\\/regiaonews.net.br\\\/2022\\\/2023\\\/09\\\/22\\\/prefeita-paula-lemos-visita-obra-de-substituicao-de-adutora-de-agua-na-rua-18\\\/\"},\"author\":{\"name\":\"Roberto\",\"@id\":\"https:\\\/\\\/regiaonews.net.br\\\/2022\\\/#\\\/schema\\\/person\\\/2d205a608a5aa97ac279d7a5e6d89ad8\"},\"headline\":\"Prefeita Paula Lemos visita obra de substitui\u00e7\u00e3o de adutora de \u00e1gua na Rua 18\",\"datePublished\":\"2023-09-22T22:22:43+00:00\",\"mainEntityOfPage\":{\"@id\":\"https:\\\/\\\/regiaonews.net.br\\\/2022\\\/2023\\\/09\\\/22\\\/prefeita-paula-lemos-visita-obra-de-substituicao-de-adutora-de-agua-na-rua-18\\\/\"},\"wordCount\":373,\"commentCount\":0,\"publisher\":{\"@id\":\"https:\\\/\\\/regiaonews.net.br\\\/2022\\\/#organization\"},\"image\":{\"@id\":\"https:\\\/\\\/regiaonews.net.br\\\/2022\\\/2023\\\/09\\\/22\\\/prefeita-paula-lemos-visita-obra-de-substituicao-de-adutora-de-agua-na-rua-18\\\/#primaryimage\"},\"thumbnailUrl\":\"https:\\\/\\\/regiaonews.net.br\\\/2022\\\/wp-content\\\/uploads\\\/2023\\\/09\\\/WhatsApp-Image-2023-09-22-at-18.22.32.jpeg\",\"articleSection\":[\"Barretos\",\"Cidades\"],\"inLanguage\":\"pt-BR\",\"potentialAction\":[{\"@type\":\"CommentAction\",\"name\":\"Comment\",\"target\":[\"https:\\\/\\\/regiaonews.net.br\\\/2022\\\/2023\\\/09\\\/22\\\/prefeita-paula-lemos-visita-obra-de-substituicao-de-adutora-de-agua-na-rua-18\\\/#respond\"]}]},{\"@type\":\"WebPage\",\"@id\":\"https:\\\/\\\/regiaonews.net.br\\\/2022\\\/2023\\\/09\\\/22\\\/prefeita-paula-lemos-visita-obra-de-substituicao-de-adutora-de-agua-na-rua-18\\\/\",\"url\":\"https:\\\/\\\/regiaonews.net.br\\\/2022\\\/2023\\\/09\\\/22\\\/prefeita-paula-lemos-visita-obra-de-substituicao-de-adutora-de-agua-na-rua-18\\\/\",\"name\":\"Prefeita Paula Lemos visita obra de substitui\u00e7\u00e3o de adutora de \u00e1gua na Rua 18 - Regi\u00e3o News\",\"isPartOf\":{\"@id\":\"https:\\\/\\\/regiaonews.net.br\\\/2022\\\/#website\"},\"primaryImageOfPage\":{\"@id\":\"https:\\\/\\\/regiaonews.net.br\\\/2022\\\/2023\\\/09\\\/22\\\/prefeita-paula-lemos-visita-obra-de-substituicao-de-adutora-de-agua-na-rua-18\\\/#primaryimage\"},\"image\":{\"@id\":\"https:\\\/\\\/regiaonews.net.br\\\/2022\\\/2023\\\/09\\\/22\\\/prefeita-paula-lemos-visita-obra-de-substituicao-de-adutora-de-agua-na-rua-18\\\/#primaryimage\"},\"thumbnailUrl\":\"https:\\\/\\\/regiaonews.net.br\\\/2022\\\/wp-content\\\/uploads\\\/2023\\\/09\\\/WhatsApp-Image-2023-09-22-at-18.22.32.jpeg\",\"datePublished\":\"2023-09-22T22:22:43+00:00\",\"breadcrumb\":{\"@id\":\"https:\\\/\\\/regiaonews.net.br\\\/2022\\\/2023\\\/09\\\/22\\\/prefeita-paula-lemos-visita-obra-de-substituicao-de-adutora-de-agua-na-rua-18\\\/#breadcrumb\"},\"inLanguage\":\"pt-BR\",\"potentialAction\":[{\"@type\":\"ReadAction\",\"target\":[\"https:\\\/\\\/regiaonews.net.br\\\/2022\\\/2023\\\/09\\\/22\\\/prefeita-paula-lemos-visita-obra-de-substituicao-de-adutora-de-agua-na-rua-18\\\/\"]}]},{\"@type\":\"ImageObject\",\"inLanguage\":\"pt-BR\",\"@id\":\"https:\\\/\\\/regiaonews.net.br\\\/2022\\\/2023\\\/09\\\/22\\\/prefeita-paula-lemos-visita-obra-de-substituicao-de-adutora-de-agua-na-rua-18\\\/#primaryimage\",\"url\":\"https:\\\/\\\/regiaonews.net.br\\\/2022\\\/wp-content\\\/uploads\\\/2023\\\/09\\\/WhatsApp-Image-2023-09-22-at-18.22.32.jpeg\",\"contentUrl\":\"https:\\\/\\\/regiaonews.net.br\\\/2022\\\/wp-content\\\/uploads\\\/2023\\\/09\\\/WhatsApp-Image-2023-09-22-at-18.22.32.jpeg\",\"width\":1600,\"height\":1066},{\"@type\":\"BreadcrumbList\",\"@id\":\"https:\\\/\\\/regiaonews.net.br\\\/2022\\\/2023\\\/09\\\/22\\\/prefeita-paula-lemos-visita-obra-de-substituicao-de-adutora-de-agua-na-rua-18\\\/#breadcrumb\",\"itemListElement\":[{\"@type\":\"ListItem\",\"position\":1,\"name\":\"In\u00edcio\",\"item\":\"https:\\\/\\\/regiaonews.net.br\\\/2022\\\/\"},{\"@type\":\"ListItem\",\"position\":2,\"name\":\"Prefeita Paula Lemos visita obra de substitui\u00e7\u00e3o de adutora de \u00e1gua na Rua 18\"}]},{\"@type\":\"WebSite\",\"@id\":\"https:\\\/\\\/regiaonews.net.br\\\/2022\\\/#website\",\"url\":\"https:\\\/\\\/regiaonews.net.br\\\/2022\\\/\",\"name\":\"Regi\u00e3o News\",\"description\":\"Site de Not\u00edcias de Barretos e regi\u00e3o\",\"publisher\":{\"@id\":\"https:\\\/\\\/regiaonews.net.br\\\/2022\\\/#organization\"},\"potentialAction\":[{\"@type\":\"SearchAction\",\"target\":{\"@type\":\"EntryPoint\",\"urlTemplate\":\"https:\\\/\\\/regiaonews.net.br\\\/2022\\\/?s={search_term_string}\"},\"query-input\":{\"@type\":\"PropertyValueSpecification\",\"valueRequired\":true,\"valueName\":\"search_term_string\"}}],\"inLanguage\":\"pt-BR\"},{\"@type\":\"Organization\",\"@id\":\"https:\\\/\\\/regiaonews.net.br\\\/2022\\\/#organization\",\"name\":\"Regi\u00e3o News\",\"url\":\"https:\\\/\\\/regiaonews.net.br\\\/2022\\\/\",\"logo\":{\"@type\":\"ImageObject\",\"inLanguage\":\"pt-BR\",\"@id\":\"https:\\\/\\\/regiaonews.net.br\\\/2022\\\/#\\\/schema\\\/logo\\\/image\\\/\",\"url\":\"https:\\\/\\\/regiaonews.net.br\\\/2022\\\/wp-content\\\/uploads\\\/2026\\\/03\\\/regiao-13-anos-scaled.jpg\",\"contentUrl\":\"https:\\\/\\\/regiaonews.net.br\\\/2022\\\/wp-content\\\/uploads\\\/2026\\\/03\\\/regiao-13-anos-scaled.jpg\",\"width\":2560,\"height\":635,\"caption\":\"Regi\u00e3o News\"},\"image\":{\"@id\":\"https:\\\/\\\/regiaonews.net.br\\\/2022\\\/#\\\/schema\\\/logo\\\/image\\\/\"}},{\"@type\":\"Person\",\"@id\":\"https:\\\/\\\/regiaonews.net.br\\\/2022\\\/#\\\/schema\\\/person\\\/2d205a608a5aa97ac279d7a5e6d89ad8\",\"name\":\"Roberto\",\"image\":{\"@type\":\"ImageObject\",\"inLanguage\":\"pt-BR\",\"@id\":\"https:\\\/\\\/secure.gravatar.com\\\/avatar\\\/42749d8b712ff9d59ca93dc150494e5b55a44134482993f5baeb97e61b7ecc89?s=96&d=mm&r=g\",\"url\":\"https:\\\/\\\/secure.gravatar.com\\\/avatar\\\/42749d8b712ff9d59ca93dc150494e5b55a44134482993f5baeb97e61b7ecc89?s=96&d=mm&r=g\",\"contentUrl\":\"https:\\\/\\\/secure.gravatar.com\\\/avatar\\\/42749d8b712ff9d59ca93dc150494e5b55a44134482993f5baeb97e61b7ecc89?s=96&d=mm&r=g\",\"caption\":\"Roberto\"},\"url\":\"https:\\\/\\\/regiaonews.net.br\\\/2022\\\/author\\\/roberto\\\/\"}]}<\/script>\n<!-- \/ Yoast SEO plugin. -->","yoast_head_json":{"title":"Prefeita Paula Lemos visita obra de substitui\u00e7\u00e3o de adutora de \u00e1gua na Rua 18 - Regi\u00e3o News","robots":{"index":"index","follow":"follow","max-snippet":"max-snippet:-1","max-image-preview":"max-image-preview:large","max-video-preview":"max-video-preview:-1"},"canonical":"https:\/\/regiaonews.net.br\/2022\/2023\/09\/22\/prefeita-paula-lemos-visita-obra-de-substituicao-de-adutora-de-agua-na-rua-18\/","og_locale":"pt_BR","og_type":"article","og_title":"Prefeita Paula Lemos visita obra de substitui\u00e7\u00e3o de adutora de \u00e1gua na Rua 18 - Regi\u00e3o News","og_description":"&nbsp; Interven\u00e7\u00e3o, com previs\u00e3o de 30 dias, utilizar\u00e1 pela primeira","og_url":"https:\/\/regiaonews.net.br\/2022\/2023\/09\/22\/prefeita-paula-lemos-visita-obra-de-substituicao-de-adutora-de-agua-na-rua-18\/","og_site_name":"Regi\u00e3o News","article_published_time":"2023-09-22T22:22:43+00:00","og_image":[{"width":1600,"height":1066,"url":"https:\/\/regiaonews.net.br\/2022\/wp-content\/uploads\/2023\/09\/WhatsApp-Image-2023-09-22-at-18.22.32.jpeg","type":"image\/jpeg"}],"author":"Roberto","twitter_card":"summary_large_image","twitter_misc":{"Escrito por":"Roberto","Est. tempo de leitura":"2 minutos"},"schema":{"@context":"https:\/\/schema.org","@graph":[{"@type":"Article","@id":"https:\/\/regiaonews.net.br\/2022\/2023\/09\/22\/prefeita-paula-lemos-visita-obra-de-substituicao-de-adutora-de-agua-na-rua-18\/#article","isPartOf":{"@id":"https:\/\/regiaonews.net.br\/2022\/2023\/09\/22\/prefeita-paula-lemos-visita-obra-de-substituicao-de-adutora-de-agua-na-rua-18\/"},"author":{"name":"Roberto","@id":"https:\/\/regiaonews.net.br\/2022\/#\/schema\/person\/2d205a608a5aa97ac279d7a5e6d89ad8"},"headline":"Prefeita Paula Lemos visita obra de substitui\u00e7\u00e3o de adutora de \u00e1gua na Rua 18","datePublished":"2023-09-22T22:22:43+00:00","mainEntityOfPage":{"@id":"https:\/\/regiaonews.net.br\/2022\/2023\/09\/22\/prefeita-paula-lemos-visita-obra-de-substituicao-de-adutora-de-agua-na-rua-18\/"},"wordCount":373,"commentCount":0,"publisher":{"@id":"https:\/\/regiaonews.net.br\/2022\/#organization"},"image":{"@id":"https:\/\/regiaonews.net.br\/2022\/2023\/09\/22\/prefeita-paula-lemos-visita-obra-de-substituicao-de-adutora-de-agua-na-rua-18\/#primaryimage"},"thumbnailUrl":"https:\/\/regiaonews.net.br\/2022\/wp-content\/uploads\/2023\/09\/WhatsApp-Image-2023-09-22-at-18.22.32.jpeg","articleSection":["Barretos","Cidades"],"inLanguage":"pt-BR","potentialAction":[{"@type":"CommentAction","name":"Comment","target":["https:\/\/regiaonews.net.br\/2022\/2023\/09\/22\/prefeita-paula-lemos-visita-obra-de-substituicao-de-adutora-de-agua-na-rua-18\/#respond"]}]},{"@type":"WebPage","@id":"https:\/\/regiaonews.net.br\/2022\/2023\/09\/22\/prefeita-paula-lemos-visita-obra-de-substituicao-de-adutora-de-agua-na-rua-18\/","url":"https:\/\/regiaonews.net.br\/2022\/2023\/09\/22\/prefeita-paula-lemos-visita-obra-de-substituicao-de-adutora-de-agua-na-rua-18\/","name":"Prefeita Paula Lemos visita obra de substitui\u00e7\u00e3o de adutora de \u00e1gua na Rua 18 - Regi\u00e3o News","isPartOf":{"@id":"https:\/\/regiaonews.net.br\/2022\/#website"},"primaryImageOfPage":{"@id":"https:\/\/regiaonews.net.br\/2022\/2023\/09\/22\/prefeita-paula-lemos-visita-obra-de-substituicao-de-adutora-de-agua-na-rua-18\/#primaryimage"},"image":{"@id":"https:\/\/regiaonews.net.br\/2022\/2023\/09\/22\/prefeita-paula-lemos-visita-obra-de-substituicao-de-adutora-de-agua-na-rua-18\/#primaryimage"},"thumbnailUrl":"https:\/\/regiaonews.net.br\/2022\/wp-content\/uploads\/2023\/09\/WhatsApp-Image-2023-09-22-at-18.22.32.jpeg","datePublished":"2023-09-22T22:22:43+00:00","breadcrumb":{"@id":"https:\/\/regiaonews.net.br\/2022\/2023\/09\/22\/prefeita-paula-lemos-visita-obra-de-substituicao-de-adutora-de-agua-na-rua-18\/#breadcrumb"},"inLanguage":"pt-BR","potentialAction":[{"@type":"ReadAction","target":["https:\/\/regiaonews.net.br\/2022\/2023\/09\/22\/prefeita-paula-lemos-visita-obra-de-substituicao-de-adutora-de-agua-na-rua-18\/"]}]},{"@type":"ImageObject","inLanguage":"pt-BR","@id":"https:\/\/regiaonews.net.br\/2022\/2023\/09\/22\/prefeita-paula-lemos-visita-obra-de-substituicao-de-adutora-de-agua-na-rua-18\/#primaryimage","url":"https:\/\/regiaonews.net.br\/2022\/wp-content\/uploads\/2023\/09\/WhatsApp-Image-2023-09-22-at-18.22.32.jpeg","contentUrl":"https:\/\/regiaonews.net.br\/2022\/wp-content\/uploads\/2023\/09\/WhatsApp-Image-2023-09-22-at-18.22.32.jpeg","width":1600,"height":1066},{"@type":"BreadcrumbList","@id":"https:\/\/regiaonews.net.br\/2022\/2023\/09\/22\/prefeita-paula-lemos-visita-obra-de-substituicao-de-adutora-de-agua-na-rua-18\/#breadcrumb","itemListElement":[{"@type":"ListItem","position":1,"name":"In\u00edcio","item":"https:\/\/regiaonews.net.br\/2022\/"},{"@type":"ListItem","position":2,"name":"Prefeita Paula Lemos visita obra de substitui\u00e7\u00e3o de adutora de \u00e1gua na Rua 18"}]},{"@type":"WebSite","@id":"https:\/\/regiaonews.net.br\/2022\/#website","url":"https:\/\/regiaonews.net.br\/2022\/","name":"Regi\u00e3o News","description":"Site de Not\u00edcias de Barretos e regi\u00e3o","publisher":{"@id":"https:\/\/regiaonews.net.br\/2022\/#organization"},"potentialAction":[{"@type":"SearchAction","target":{"@type":"EntryPoint","urlTemplate":"https:\/\/regiaonews.net.br\/2022\/?s={search_term_string}"},"query-input":{"@type":"PropertyValueSpecification","valueRequired":true,"valueName":"search_term_string"}}],"inLanguage":"pt-BR"},{"@type":"Organization","@id":"https:\/\/regiaonews.net.br\/2022\/#organization","name":"Regi\u00e3o News","url":"https:\/\/regiaonews.net.br\/2022\/","logo":{"@type":"ImageObject","inLanguage":"pt-BR","@id":"https:\/\/regiaonews.net.br\/2022\/#\/schema\/logo\/image\/","url":"https:\/\/regiaonews.net.br\/2022\/wp-content\/uploads\/2026\/03\/regiao-13-anos-scaled.jpg","contentUrl":"https:\/\/regiaonews.net.br\/2022\/wp-content\/uploads\/2026\/03\/regiao-13-anos-scaled.jpg","width":2560,"height":635,"caption":"Regi\u00e3o News"},"image":{"@id":"https:\/\/regiaonews.net.br\/2022\/#\/schema\/logo\/image\/"}},{"@type":"Person","@id":"https:\/\/regiaonews.net.br\/2022\/#\/schema\/person\/2d205a608a5aa97ac279d7a5e6d89ad8","name":"Roberto","image":{"@type":"ImageObject","inLanguage":"pt-BR","@id":"https:\/\/secure.gravatar.com\/avatar\/42749d8b712ff9d59ca93dc150494e5b55a44134482993f5baeb97e61b7ecc89?s=96&d=mm&r=g","url":"https:\/\/secure.gravatar.com\/avatar\/42749d8b712ff9d59ca93dc150494e5b55a44134482993f5baeb97e61b7ecc89?s=96&d=mm&r=g","contentUrl":"https:\/\/secure.gravatar.com\/avatar\/42749d8b712ff9d59ca93dc150494e5b55a44134482993f5baeb97e61b7ecc89?s=96&d=mm&r=g","caption":"Roberto"},"url":"https:\/\/regiaonews.net.br\/2022\/author\/roberto\/"}]}},"publishpress_future_action":{"enabled":false,"date":"2026-05-05 04:37:27","action":"change-status","newStatus":"draft","terms":[],"taxonomy":"category","extraData":[]},"publishpress_future_workflow_manual_trigger":{"enabledWorkflows":[]},"_links":{"self":[{"href":"https:\/\/regiaonews.net.br\/2022\/wp-json\/wp\/v2\/posts\/95531","targetHints":{"allow":["GET"]}}],"collection":[{"href":"https:\/\/regiaonews.net.br\/2022\/wp-json\/wp\/v2\/posts"}],"about":[{"href":"https:\/\/regiaonews.net.br\/2022\/wp-json\/wp\/v2\/types\/post"}],"author":[{"embeddable":true,"href":"https:\/\/regiaonews.net.br\/2022\/wp-json\/wp\/v2\/users\/2"}],"replies":[{"embeddable":true,"href":"https:\/\/regiaonews.net.br\/2022\/wp-json\/wp\/v2\/comments?post=95531"}],"version-history":[{"count":1,"href":"https:\/\/regiaonews.net.br\/2022\/wp-json\/wp\/v2\/posts\/95531\/revisions"}],"predecessor-version":[{"id":95533,"href":"https:\/\/regiaonews.net.br\/2022\/wp-json\/wp\/v2\/posts\/95531\/revisions\/95533"}],"wp:featuredmedia":[{"embeddable":true,"href":"https:\/\/regiaonews.net.br\/2022\/wp-json\/wp\/v2\/media\/95532"}],"wp:attachment":[{"href":"https:\/\/regiaonews.net.br\/2022\/wp-json\/wp\/v2\/media?parent=95531"}],"wp:term":[{"taxonomy":"category","embeddable":true,"href":"https:\/\/regiaonews.net.br\/2022\/wp-json\/wp\/v2\/categories?post=95531"},{"taxonomy":"post_tag","embeddable":true,"href":"https:\/\/regiaonews.net.br\/2022\/wp-json\/wp\/v2\/tags?post=95531"}],"curies":[{"name":"wp","href":"https:\/\/api.w.org\/{rel}","templated":true}]}}