{"id":95520,"date":"2023-09-22T11:51:46","date_gmt":"2023-09-22T14:51:46","guid":{"rendered":"https:\/\/regiaonews.net.br\/2022\/?p=95520"},"modified":"2023-09-22T11:51:46","modified_gmt":"2023-09-22T14:51:46","slug":"ingresso-solidario-da-festa-de-barretos-arrecada-mais-de-r-600-mil-para-instituicoes","status":"publish","type":"post","link":"https:\/\/regiaonews.net.br\/2022\/2023\/09\/22\/ingresso-solidario-da-festa-de-barretos-arrecada-mais-de-r-600-mil-para-instituicoes\/","title":{"rendered":"Ingresso Solid\u00e1rio da Festa de Barretos arrecada mais de R$ 600 mil para institui\u00e7\u00f5es"},"content":{"rendered":"<p>&nbsp;<\/p>\n<p>Foto &#8211; Diego Rodrigues<\/p>\n<p>Campanha fruto de um acordo com a Defensoria P\u00fablica beneficiar\u00e1 23 entidades assistenciais de Barretos<\/p>\n<p>A Associa\u00e7\u00e3o Os Independentes distribuir\u00e1 R$611.505,00 para entidades assistenciais de Barretos.<\/p>\n<p>O valor \u00e9 o total arrecadado com os ingressos vendidos durante a 68\u00aa Festa do Pe\u00e3o de Barretos na categoria Ingresso Solid\u00e1rio, fruto de um acordo entre a Associa\u00e7\u00e3o e a Defensoria P\u00fablica do Estado de S\u00e3o Paulo. Paulo a partir de a\u00e7\u00e3o judicial. Nesta modalidade o visitante comprava ingresso para o evento com desconto, e R$5 do valor pago foi convertido para a doa\u00e7\u00e3o.<\/p>\n<p>\u201cA arrecada\u00e7\u00e3o foi muito boa e n\u00f3s esperamos que a cada ano este valor aumente ainda mais. Cremos que este acordo foi uma solu\u00e7\u00e3o muito boa para os visitantes da Festa e para as pessoas que s\u00e3o beneficiadas ao serem atendidas por estas entidades\u201d, afirma F\u00e1bio Esposto, Defensor P\u00fablico respons\u00e1vel pela a\u00e7\u00e3o.<\/p>\n<p>Foram vendidos 122.301 ingressos solid\u00e1rios. O valor arrecadado ser\u00e1 distribu\u00eddo para 23 institui\u00e7\u00f5es indicadas pela Defensoria P\u00fablica e Os Independentes. O montante atribu\u00eddo a cada uma levou em conta tamanho e necessidades apontadas pela Defensoria.<\/p>\n<p>\u201cA a\u00e7\u00e3o vem ao encontro dos objetivos estatut\u00e1rios da Associa\u00e7\u00e3o Os Independentes, que h\u00e1 68 anos j\u00e1 vem desenvolvendo iniciativas filantr\u00f3picas e, muitas vezes, no anonimato. E desta vez, temos, inclusive, a oportunidade, em parceria com a Defensoria P\u00fablica, declarar os beneficiados. E os barretenses, mais uma vez, sendo o foco dos benef\u00edcios colhidos com a Festa do Pe\u00e3o de Barretos\u201d, declara Hussein Gemha J\u00fanior, presidente de Os Independentes.<\/p>\n<p>De acordo com Hussein, as entidades j\u00e1 come\u00e7ar\u00e3o a receber os valores. \u201cSabemos o quanto esse valor ser\u00e1 importante para as institui\u00e7\u00f5es, diante de todas as dificuldades que enfrentam diariamente\u201d, continua.<\/p>\n<p>Al\u00e9m desta a\u00e7\u00e3o, a Associa\u00e7\u00e3o Os Independentes com o Desafio do Bem e doa\u00e7\u00f5es viabilizadas com artistas e outras iniciativas ao longo do evento atingiram o valor de mais de R$1,3 milh\u00e3o para o Hospital de Amor de Barretos. \u201cO grande sucesso da Festa 2023 possibilitou tudo isso para as entidades barretenses e muito pela nossa regi\u00e3o\u201d, finaliza o presidente.<\/p>\n<p>Casa Transit\u00f3ria Andr\u00e9 Luiz<br \/>\nCasa Assistencial Esp\u00edrita Nosso Lar<br \/>\nAMA &#8211; Associa\u00e7\u00e3o Amigos do Autista<br \/>\nAssocia\u00e7\u00e3o Barretense Vida Nova &#8211; ABAVIN<br \/>\nPar\u00f3quia S\u00e3o Benedito<br \/>\nCreche Dom Jos\u00e9 de Matos<br \/>\nADRA &#8211; Centro Adventista de Apoio \u00e0 Fam\u00edlia<br \/>\nEducand\u00e1rio Sagrados Cora\u00e7\u00f5es<br \/>\nCentro de Umbanda Cacique Ubirajara<br \/>\nCreche Nossa Casinha<br \/>\nCasa Abrigo do Menino Jesus<br \/>\nFunda\u00e7\u00e3o Padre Gabriel Correr<br \/>\nCasa de Passagem Madre Teresa de Calcut\u00e1<br \/>\nAPAE<br \/>\nAmor Exigente<br \/>\nLar da Crian\u00e7a<br \/>\nPastoral S\u00e3o Jos\u00e9 e S\u00e3o Judas Tadeu<br \/>\nCasa Vov\u00f4 Ant\u00f4nio<br \/>\nVila dos Pobres<br \/>\nCasa de Conviv\u00eancia Mariano Dias<br \/>\nSociedade Esp\u00edrita 25 de Dezembro<br \/>\nCentro Esp\u00edrita Adolfo Bezerra de Menezes<br \/>\nCentro Social Casa \u00c1gape<\/p>\n","protected":false},"excerpt":{"rendered":"<p>&nbsp; Foto &#8211; Diego Rodrigues Campanha fruto de um acordo<\/p>\n","protected":false},"author":2,"featured_media":95521,"comment_status":"open","ping_status":"open","sticky":false,"template":"","format":"standard","meta":{"footnotes":""},"categories":[14,25],"tags":[],"class_list":["post-95520","post","type-post","status-publish","format-standard","has-post-thumbnail","hentry","category-barretos","category-cidades"],"yoast_head":"<!-- This site is optimized with the Yoast SEO plugin v27.4 - https:\/\/yoast.com\/product\/yoast-seo-wordpress\/ -->\n<title>Ingresso Solid\u00e1rio da Festa de Barretos arrecada mais de R$ 600 mil para institui\u00e7\u00f5es - Regi\u00e3o News<\/title>\n<meta name=\"robots\" content=\"index, follow, max-snippet:-1, max-image-preview:large, max-video-preview:-1\" \/>\n<link rel=\"canonical\" href=\"https:\/\/regiaonews.net.br\/2022\/2023\/09\/22\/ingresso-solidario-da-festa-de-barretos-arrecada-mais-de-r-600-mil-para-instituicoes\/\" \/>\n<meta property=\"og:locale\" content=\"pt_BR\" \/>\n<meta property=\"og:type\" content=\"article\" \/>\n<meta property=\"og:title\" content=\"Ingresso Solid\u00e1rio da Festa de Barretos arrecada mais de R$ 600 mil para institui\u00e7\u00f5es - Regi\u00e3o News\" \/>\n<meta property=\"og:description\" content=\"&nbsp; Foto &#8211; Diego Rodrigues Campanha fruto de um acordo\" \/>\n<meta property=\"og:url\" content=\"https:\/\/regiaonews.net.br\/2022\/2023\/09\/22\/ingresso-solidario-da-festa-de-barretos-arrecada-mais-de-r-600-mil-para-instituicoes\/\" \/>\n<meta property=\"og:site_name\" content=\"Regi\u00e3o News\" \/>\n<meta property=\"article:published_time\" content=\"2023-09-22T14:51:46+00:00\" \/>\n<meta property=\"og:image\" content=\"https:\/\/regiaonews.net.br\/2022\/wp-content\/uploads\/2023\/09\/Hussein-Dr.-Fabio-e-Jerominho.jpeg\" \/>\n\t<meta property=\"og:image:width\" content=\"1600\" \/>\n\t<meta property=\"og:image:height\" content=\"1066\" \/>\n\t<meta property=\"og:image:type\" content=\"image\/jpeg\" \/>\n<meta name=\"author\" content=\"Roberto\" \/>\n<meta name=\"twitter:card\" content=\"summary_large_image\" \/>\n<meta name=\"twitter:label1\" content=\"Escrito por\" \/>\n\t<meta name=\"twitter:data1\" content=\"Roberto\" \/>\n\t<meta name=\"twitter:label2\" content=\"Est. tempo de leitura\" \/>\n\t<meta name=\"twitter:data2\" content=\"3 minutos\" \/>\n<script type=\"application\/ld+json\" class=\"yoast-schema-graph\">{\"@context\":\"https:\\\/\\\/schema.org\",\"@graph\":[{\"@type\":\"Article\",\"@id\":\"https:\\\/\\\/regiaonews.net.br\\\/2022\\\/2023\\\/09\\\/22\\\/ingresso-solidario-da-festa-de-barretos-arrecada-mais-de-r-600-mil-para-instituicoes\\\/#article\",\"isPartOf\":{\"@id\":\"https:\\\/\\\/regiaonews.net.br\\\/2022\\\/2023\\\/09\\\/22\\\/ingresso-solidario-da-festa-de-barretos-arrecada-mais-de-r-600-mil-para-instituicoes\\\/\"},\"author\":{\"name\":\"Roberto\",\"@id\":\"https:\\\/\\\/regiaonews.net.br\\\/2022\\\/#\\\/schema\\\/person\\\/2d205a608a5aa97ac279d7a5e6d89ad8\"},\"headline\":\"Ingresso Solid\u00e1rio da Festa de Barretos arrecada mais de R$ 600 mil para institui\u00e7\u00f5es\",\"datePublished\":\"2023-09-22T14:51:46+00:00\",\"mainEntityOfPage\":{\"@id\":\"https:\\\/\\\/regiaonews.net.br\\\/2022\\\/2023\\\/09\\\/22\\\/ingresso-solidario-da-festa-de-barretos-arrecada-mais-de-r-600-mil-para-instituicoes\\\/\"},\"wordCount\":508,\"commentCount\":0,\"publisher\":{\"@id\":\"https:\\\/\\\/regiaonews.net.br\\\/2022\\\/#organization\"},\"image\":{\"@id\":\"https:\\\/\\\/regiaonews.net.br\\\/2022\\\/2023\\\/09\\\/22\\\/ingresso-solidario-da-festa-de-barretos-arrecada-mais-de-r-600-mil-para-instituicoes\\\/#primaryimage\"},\"thumbnailUrl\":\"https:\\\/\\\/regiaonews.net.br\\\/2022\\\/wp-content\\\/uploads\\\/2023\\\/09\\\/Hussein-Dr.-Fabio-e-Jerominho.jpeg\",\"articleSection\":[\"Barretos\",\"Cidades\"],\"inLanguage\":\"pt-BR\",\"potentialAction\":[{\"@type\":\"CommentAction\",\"name\":\"Comment\",\"target\":[\"https:\\\/\\\/regiaonews.net.br\\\/2022\\\/2023\\\/09\\\/22\\\/ingresso-solidario-da-festa-de-barretos-arrecada-mais-de-r-600-mil-para-instituicoes\\\/#respond\"]}]},{\"@type\":\"WebPage\",\"@id\":\"https:\\\/\\\/regiaonews.net.br\\\/2022\\\/2023\\\/09\\\/22\\\/ingresso-solidario-da-festa-de-barretos-arrecada-mais-de-r-600-mil-para-instituicoes\\\/\",\"url\":\"https:\\\/\\\/regiaonews.net.br\\\/2022\\\/2023\\\/09\\\/22\\\/ingresso-solidario-da-festa-de-barretos-arrecada-mais-de-r-600-mil-para-instituicoes\\\/\",\"name\":\"Ingresso Solid\u00e1rio da Festa de Barretos arrecada mais de R$ 600 mil para institui\u00e7\u00f5es - Regi\u00e3o News\",\"isPartOf\":{\"@id\":\"https:\\\/\\\/regiaonews.net.br\\\/2022\\\/#website\"},\"primaryImageOfPage\":{\"@id\":\"https:\\\/\\\/regiaonews.net.br\\\/2022\\\/2023\\\/09\\\/22\\\/ingresso-solidario-da-festa-de-barretos-arrecada-mais-de-r-600-mil-para-instituicoes\\\/#primaryimage\"},\"image\":{\"@id\":\"https:\\\/\\\/regiaonews.net.br\\\/2022\\\/2023\\\/09\\\/22\\\/ingresso-solidario-da-festa-de-barretos-arrecada-mais-de-r-600-mil-para-instituicoes\\\/#primaryimage\"},\"thumbnailUrl\":\"https:\\\/\\\/regiaonews.net.br\\\/2022\\\/wp-content\\\/uploads\\\/2023\\\/09\\\/Hussein-Dr.-Fabio-e-Jerominho.jpeg\",\"datePublished\":\"2023-09-22T14:51:46+00:00\",\"breadcrumb\":{\"@id\":\"https:\\\/\\\/regiaonews.net.br\\\/2022\\\/2023\\\/09\\\/22\\\/ingresso-solidario-da-festa-de-barretos-arrecada-mais-de-r-600-mil-para-instituicoes\\\/#breadcrumb\"},\"inLanguage\":\"pt-BR\",\"potentialAction\":[{\"@type\":\"ReadAction\",\"target\":[\"https:\\\/\\\/regiaonews.net.br\\\/2022\\\/2023\\\/09\\\/22\\\/ingresso-solidario-da-festa-de-barretos-arrecada-mais-de-r-600-mil-para-instituicoes\\\/\"]}]},{\"@type\":\"ImageObject\",\"inLanguage\":\"pt-BR\",\"@id\":\"https:\\\/\\\/regiaonews.net.br\\\/2022\\\/2023\\\/09\\\/22\\\/ingresso-solidario-da-festa-de-barretos-arrecada-mais-de-r-600-mil-para-instituicoes\\\/#primaryimage\",\"url\":\"https:\\\/\\\/regiaonews.net.br\\\/2022\\\/wp-content\\\/uploads\\\/2023\\\/09\\\/Hussein-Dr.-Fabio-e-Jerominho.jpeg\",\"contentUrl\":\"https:\\\/\\\/regiaonews.net.br\\\/2022\\\/wp-content\\\/uploads\\\/2023\\\/09\\\/Hussein-Dr.-Fabio-e-Jerominho.jpeg\",\"width\":1600,\"height\":1066},{\"@type\":\"BreadcrumbList\",\"@id\":\"https:\\\/\\\/regiaonews.net.br\\\/2022\\\/2023\\\/09\\\/22\\\/ingresso-solidario-da-festa-de-barretos-arrecada-mais-de-r-600-mil-para-instituicoes\\\/#breadcrumb\",\"itemListElement\":[{\"@type\":\"ListItem\",\"position\":1,\"name\":\"In\u00edcio\",\"item\":\"https:\\\/\\\/regiaonews.net.br\\\/2022\\\/\"},{\"@type\":\"ListItem\",\"position\":2,\"name\":\"Ingresso Solid\u00e1rio da Festa de Barretos arrecada mais de R$ 600 mil para institui\u00e7\u00f5es\"}]},{\"@type\":\"WebSite\",\"@id\":\"https:\\\/\\\/regiaonews.net.br\\\/2022\\\/#website\",\"url\":\"https:\\\/\\\/regiaonews.net.br\\\/2022\\\/\",\"name\":\"Regi\u00e3o News\",\"description\":\"Site de Not\u00edcias de Barretos e regi\u00e3o\",\"publisher\":{\"@id\":\"https:\\\/\\\/regiaonews.net.br\\\/2022\\\/#organization\"},\"potentialAction\":[{\"@type\":\"SearchAction\",\"target\":{\"@type\":\"EntryPoint\",\"urlTemplate\":\"https:\\\/\\\/regiaonews.net.br\\\/2022\\\/?s={search_term_string}\"},\"query-input\":{\"@type\":\"PropertyValueSpecification\",\"valueRequired\":true,\"valueName\":\"search_term_string\"}}],\"inLanguage\":\"pt-BR\"},{\"@type\":\"Organization\",\"@id\":\"https:\\\/\\\/regiaonews.net.br\\\/2022\\\/#organization\",\"name\":\"Regi\u00e3o News\",\"url\":\"https:\\\/\\\/regiaonews.net.br\\\/2022\\\/\",\"logo\":{\"@type\":\"ImageObject\",\"inLanguage\":\"pt-BR\",\"@id\":\"https:\\\/\\\/regiaonews.net.br\\\/2022\\\/#\\\/schema\\\/logo\\\/image\\\/\",\"url\":\"https:\\\/\\\/regiaonews.net.br\\\/2022\\\/wp-content\\\/uploads\\\/2026\\\/03\\\/regiao-13-anos-scaled.jpg\",\"contentUrl\":\"https:\\\/\\\/regiaonews.net.br\\\/2022\\\/wp-content\\\/uploads\\\/2026\\\/03\\\/regiao-13-anos-scaled.jpg\",\"width\":2560,\"height\":635,\"caption\":\"Regi\u00e3o News\"},\"image\":{\"@id\":\"https:\\\/\\\/regiaonews.net.br\\\/2022\\\/#\\\/schema\\\/logo\\\/image\\\/\"}},{\"@type\":\"Person\",\"@id\":\"https:\\\/\\\/regiaonews.net.br\\\/2022\\\/#\\\/schema\\\/person\\\/2d205a608a5aa97ac279d7a5e6d89ad8\",\"name\":\"Roberto\",\"image\":{\"@type\":\"ImageObject\",\"inLanguage\":\"pt-BR\",\"@id\":\"https:\\\/\\\/secure.gravatar.com\\\/avatar\\\/42749d8b712ff9d59ca93dc150494e5b55a44134482993f5baeb97e61b7ecc89?s=96&d=mm&r=g\",\"url\":\"https:\\\/\\\/secure.gravatar.com\\\/avatar\\\/42749d8b712ff9d59ca93dc150494e5b55a44134482993f5baeb97e61b7ecc89?s=96&d=mm&r=g\",\"contentUrl\":\"https:\\\/\\\/secure.gravatar.com\\\/avatar\\\/42749d8b712ff9d59ca93dc150494e5b55a44134482993f5baeb97e61b7ecc89?s=96&d=mm&r=g\",\"caption\":\"Roberto\"},\"url\":\"https:\\\/\\\/regiaonews.net.br\\\/2022\\\/author\\\/roberto\\\/\"}]}<\/script>\n<!-- \/ Yoast SEO plugin. -->","yoast_head_json":{"title":"Ingresso Solid\u00e1rio da Festa de Barretos arrecada mais de R$ 600 mil para institui\u00e7\u00f5es - Regi\u00e3o News","robots":{"index":"index","follow":"follow","max-snippet":"max-snippet:-1","max-image-preview":"max-image-preview:large","max-video-preview":"max-video-preview:-1"},"canonical":"https:\/\/regiaonews.net.br\/2022\/2023\/09\/22\/ingresso-solidario-da-festa-de-barretos-arrecada-mais-de-r-600-mil-para-instituicoes\/","og_locale":"pt_BR","og_type":"article","og_title":"Ingresso Solid\u00e1rio da Festa de Barretos arrecada mais de R$ 600 mil para institui\u00e7\u00f5es - Regi\u00e3o News","og_description":"&nbsp; Foto &#8211; Diego Rodrigues Campanha fruto de um acordo","og_url":"https:\/\/regiaonews.net.br\/2022\/2023\/09\/22\/ingresso-solidario-da-festa-de-barretos-arrecada-mais-de-r-600-mil-para-instituicoes\/","og_site_name":"Regi\u00e3o News","article_published_time":"2023-09-22T14:51:46+00:00","og_image":[{"width":1600,"height":1066,"url":"https:\/\/regiaonews.net.br\/2022\/wp-content\/uploads\/2023\/09\/Hussein-Dr.-Fabio-e-Jerominho.jpeg","type":"image\/jpeg"}],"author":"Roberto","twitter_card":"summary_large_image","twitter_misc":{"Escrito por":"Roberto","Est. tempo de leitura":"3 minutos"},"schema":{"@context":"https:\/\/schema.org","@graph":[{"@type":"Article","@id":"https:\/\/regiaonews.net.br\/2022\/2023\/09\/22\/ingresso-solidario-da-festa-de-barretos-arrecada-mais-de-r-600-mil-para-instituicoes\/#article","isPartOf":{"@id":"https:\/\/regiaonews.net.br\/2022\/2023\/09\/22\/ingresso-solidario-da-festa-de-barretos-arrecada-mais-de-r-600-mil-para-instituicoes\/"},"author":{"name":"Roberto","@id":"https:\/\/regiaonews.net.br\/2022\/#\/schema\/person\/2d205a608a5aa97ac279d7a5e6d89ad8"},"headline":"Ingresso Solid\u00e1rio da Festa de Barretos arrecada mais de R$ 600 mil para institui\u00e7\u00f5es","datePublished":"2023-09-22T14:51:46+00:00","mainEntityOfPage":{"@id":"https:\/\/regiaonews.net.br\/2022\/2023\/09\/22\/ingresso-solidario-da-festa-de-barretos-arrecada-mais-de-r-600-mil-para-instituicoes\/"},"wordCount":508,"commentCount":0,"publisher":{"@id":"https:\/\/regiaonews.net.br\/2022\/#organization"},"image":{"@id":"https:\/\/regiaonews.net.br\/2022\/2023\/09\/22\/ingresso-solidario-da-festa-de-barretos-arrecada-mais-de-r-600-mil-para-instituicoes\/#primaryimage"},"thumbnailUrl":"https:\/\/regiaonews.net.br\/2022\/wp-content\/uploads\/2023\/09\/Hussein-Dr.-Fabio-e-Jerominho.jpeg","articleSection":["Barretos","Cidades"],"inLanguage":"pt-BR","potentialAction":[{"@type":"CommentAction","name":"Comment","target":["https:\/\/regiaonews.net.br\/2022\/2023\/09\/22\/ingresso-solidario-da-festa-de-barretos-arrecada-mais-de-r-600-mil-para-instituicoes\/#respond"]}]},{"@type":"WebPage","@id":"https:\/\/regiaonews.net.br\/2022\/2023\/09\/22\/ingresso-solidario-da-festa-de-barretos-arrecada-mais-de-r-600-mil-para-instituicoes\/","url":"https:\/\/regiaonews.net.br\/2022\/2023\/09\/22\/ingresso-solidario-da-festa-de-barretos-arrecada-mais-de-r-600-mil-para-instituicoes\/","name":"Ingresso Solid\u00e1rio da Festa de Barretos arrecada mais de R$ 600 mil para institui\u00e7\u00f5es - Regi\u00e3o News","isPartOf":{"@id":"https:\/\/regiaonews.net.br\/2022\/#website"},"primaryImageOfPage":{"@id":"https:\/\/regiaonews.net.br\/2022\/2023\/09\/22\/ingresso-solidario-da-festa-de-barretos-arrecada-mais-de-r-600-mil-para-instituicoes\/#primaryimage"},"image":{"@id":"https:\/\/regiaonews.net.br\/2022\/2023\/09\/22\/ingresso-solidario-da-festa-de-barretos-arrecada-mais-de-r-600-mil-para-instituicoes\/#primaryimage"},"thumbnailUrl":"https:\/\/regiaonews.net.br\/2022\/wp-content\/uploads\/2023\/09\/Hussein-Dr.-Fabio-e-Jerominho.jpeg","datePublished":"2023-09-22T14:51:46+00:00","breadcrumb":{"@id":"https:\/\/regiaonews.net.br\/2022\/2023\/09\/22\/ingresso-solidario-da-festa-de-barretos-arrecada-mais-de-r-600-mil-para-instituicoes\/#breadcrumb"},"inLanguage":"pt-BR","potentialAction":[{"@type":"ReadAction","target":["https:\/\/regiaonews.net.br\/2022\/2023\/09\/22\/ingresso-solidario-da-festa-de-barretos-arrecada-mais-de-r-600-mil-para-instituicoes\/"]}]},{"@type":"ImageObject","inLanguage":"pt-BR","@id":"https:\/\/regiaonews.net.br\/2022\/2023\/09\/22\/ingresso-solidario-da-festa-de-barretos-arrecada-mais-de-r-600-mil-para-instituicoes\/#primaryimage","url":"https:\/\/regiaonews.net.br\/2022\/wp-content\/uploads\/2023\/09\/Hussein-Dr.-Fabio-e-Jerominho.jpeg","contentUrl":"https:\/\/regiaonews.net.br\/2022\/wp-content\/uploads\/2023\/09\/Hussein-Dr.-Fabio-e-Jerominho.jpeg","width":1600,"height":1066},{"@type":"BreadcrumbList","@id":"https:\/\/regiaonews.net.br\/2022\/2023\/09\/22\/ingresso-solidario-da-festa-de-barretos-arrecada-mais-de-r-600-mil-para-instituicoes\/#breadcrumb","itemListElement":[{"@type":"ListItem","position":1,"name":"In\u00edcio","item":"https:\/\/regiaonews.net.br\/2022\/"},{"@type":"ListItem","position":2,"name":"Ingresso Solid\u00e1rio da Festa de Barretos arrecada mais de R$ 600 mil para institui\u00e7\u00f5es"}]},{"@type":"WebSite","@id":"https:\/\/regiaonews.net.br\/2022\/#website","url":"https:\/\/regiaonews.net.br\/2022\/","name":"Regi\u00e3o News","description":"Site de Not\u00edcias de Barretos e regi\u00e3o","publisher":{"@id":"https:\/\/regiaonews.net.br\/2022\/#organization"},"potentialAction":[{"@type":"SearchAction","target":{"@type":"EntryPoint","urlTemplate":"https:\/\/regiaonews.net.br\/2022\/?s={search_term_string}"},"query-input":{"@type":"PropertyValueSpecification","valueRequired":true,"valueName":"search_term_string"}}],"inLanguage":"pt-BR"},{"@type":"Organization","@id":"https:\/\/regiaonews.net.br\/2022\/#organization","name":"Regi\u00e3o News","url":"https:\/\/regiaonews.net.br\/2022\/","logo":{"@type":"ImageObject","inLanguage":"pt-BR","@id":"https:\/\/regiaonews.net.br\/2022\/#\/schema\/logo\/image\/","url":"https:\/\/regiaonews.net.br\/2022\/wp-content\/uploads\/2026\/03\/regiao-13-anos-scaled.jpg","contentUrl":"https:\/\/regiaonews.net.br\/2022\/wp-content\/uploads\/2026\/03\/regiao-13-anos-scaled.jpg","width":2560,"height":635,"caption":"Regi\u00e3o News"},"image":{"@id":"https:\/\/regiaonews.net.br\/2022\/#\/schema\/logo\/image\/"}},{"@type":"Person","@id":"https:\/\/regiaonews.net.br\/2022\/#\/schema\/person\/2d205a608a5aa97ac279d7a5e6d89ad8","name":"Roberto","image":{"@type":"ImageObject","inLanguage":"pt-BR","@id":"https:\/\/secure.gravatar.com\/avatar\/42749d8b712ff9d59ca93dc150494e5b55a44134482993f5baeb97e61b7ecc89?s=96&d=mm&r=g","url":"https:\/\/secure.gravatar.com\/avatar\/42749d8b712ff9d59ca93dc150494e5b55a44134482993f5baeb97e61b7ecc89?s=96&d=mm&r=g","contentUrl":"https:\/\/secure.gravatar.com\/avatar\/42749d8b712ff9d59ca93dc150494e5b55a44134482993f5baeb97e61b7ecc89?s=96&d=mm&r=g","caption":"Roberto"},"url":"https:\/\/regiaonews.net.br\/2022\/author\/roberto\/"}]}},"publishpress_future_action":{"enabled":false,"date":"2026-05-05 01:36:46","action":"change-status","newStatus":"draft","terms":[],"taxonomy":"category","extraData":[]},"publishpress_future_workflow_manual_trigger":{"enabledWorkflows":[]},"_links":{"self":[{"href":"https:\/\/regiaonews.net.br\/2022\/wp-json\/wp\/v2\/posts\/95520","targetHints":{"allow":["GET"]}}],"collection":[{"href":"https:\/\/regiaonews.net.br\/2022\/wp-json\/wp\/v2\/posts"}],"about":[{"href":"https:\/\/regiaonews.net.br\/2022\/wp-json\/wp\/v2\/types\/post"}],"author":[{"embeddable":true,"href":"https:\/\/regiaonews.net.br\/2022\/wp-json\/wp\/v2\/users\/2"}],"replies":[{"embeddable":true,"href":"https:\/\/regiaonews.net.br\/2022\/wp-json\/wp\/v2\/comments?post=95520"}],"version-history":[{"count":1,"href":"https:\/\/regiaonews.net.br\/2022\/wp-json\/wp\/v2\/posts\/95520\/revisions"}],"predecessor-version":[{"id":95522,"href":"https:\/\/regiaonews.net.br\/2022\/wp-json\/wp\/v2\/posts\/95520\/revisions\/95522"}],"wp:featuredmedia":[{"embeddable":true,"href":"https:\/\/regiaonews.net.br\/2022\/wp-json\/wp\/v2\/media\/95521"}],"wp:attachment":[{"href":"https:\/\/regiaonews.net.br\/2022\/wp-json\/wp\/v2\/media?parent=95520"}],"wp:term":[{"taxonomy":"category","embeddable":true,"href":"https:\/\/regiaonews.net.br\/2022\/wp-json\/wp\/v2\/categories?post=95520"},{"taxonomy":"post_tag","embeddable":true,"href":"https:\/\/regiaonews.net.br\/2022\/wp-json\/wp\/v2\/tags?post=95520"}],"curies":[{"name":"wp","href":"https:\/\/api.w.org\/{rel}","templated":true}]}}