{"id":95509,"date":"2023-09-22T10:31:21","date_gmt":"2023-09-22T13:31:21","guid":{"rendered":"https:\/\/regiaonews.net.br\/2022\/?p=95509"},"modified":"2023-09-22T10:31:21","modified_gmt":"2023-09-22T13:31:21","slug":"caravana-de-barretos-participou-do-dia-d-da-caravana-ilpf-em-sao-calos","status":"publish","type":"post","link":"https:\/\/regiaonews.net.br\/2022\/2023\/09\/22\/caravana-de-barretos-participou-do-dia-d-da-caravana-ilpf-em-sao-calos\/","title":{"rendered":"Caravana de Barretos participou do Dia D da Caravana ILPF em S\u00e3o Calos"},"content":{"rendered":"<p>Um grupo de Barretos, formado por t\u00e9cnicos da CATI Barretos, t\u00e9cnicos da Prefeitura e um produtor, participaram em S\u00e3o Carlos de um Dia de Campo, onde foi apresentado os resultados, metodologias e as t\u00e9cnicas de trabalho que s\u00e3o utilizadas no projeto ILPF (integra\u00e7\u00e3o lavoura, pecu\u00e1ria e floresta). Segundo o engenheiro agr\u00f4nomo e diretor regional da CATI, Rolando Salom\u00e3o, a regi\u00e3o de Barretos tem cinco propriedades cadastradas no projeto e outras duas com possibilidades de serem enquadradas. \u201cO projeto tem o acompanhamento dos t\u00e9cnicos da CATI e recebe suporte e orienta\u00e7\u00e3o da rede ILPF e da Embrapa. \u201cA participa\u00e7\u00e3o dos t\u00e9cnicos da Prefeitura visa a uma integra\u00e7\u00e3o e acompanhamento dos projetos no munic\u00edpio de Barretos buscando o melhor acompanhamento junto aos produtores e maior capacidade t\u00e9cnica para atendimento da demanda por outros produtores, explicou Rolando Salom\u00e3o. Atrav\u00e9s do conv\u00eanio com a CATI, os engenheiros da prefeitura dar\u00e3o suporte aos produtores nesse projeto, mediante a parceria entre a Prefeitura de Barretos e a Casa da Agricultura.<br \/>\nA Caravana ILPF acontece hoje em Barretos, a partir das 8 horas, com o painel de debates \u201cILPF como alternativa sustent\u00e1vel para produ\u00e7\u00e3o de carne\u201d que ser\u00e1 realizado no Barretos Park Hotel, no complexo do\u00a0Parque\u00a0do\u00a0Pe\u00e3o.<\/p>\n<p>FOTO \u2013 COMITIVA \u2013 Grupo de barretenses que estiveram em S\u00e3o Carlos<br \/>\nFoto \u2013 Divulga\u00e7\u00e3o<\/p>\n","protected":false},"excerpt":{"rendered":"<p>Um grupo de Barretos, formado por t\u00e9cnicos da CATI Barretos,<\/p>\n","protected":false},"author":2,"featured_media":95511,"comment_status":"open","ping_status":"open","sticky":false,"template":"","format":"standard","meta":{"footnotes":""},"categories":[14,3],"tags":[],"class_list":["post-95509","post","type-post","status-publish","format-standard","has-post-thumbnail","hentry","category-barretos","category-geral"],"yoast_head":"<!-- This site is optimized with the Yoast SEO plugin v27.4 - https:\/\/yoast.com\/product\/yoast-seo-wordpress\/ -->\n<title>Caravana de Barretos participou do Dia D da Caravana ILPF em S\u00e3o Calos - Regi\u00e3o News<\/title>\n<meta name=\"robots\" content=\"index, follow, max-snippet:-1, max-image-preview:large, max-video-preview:-1\" \/>\n<link rel=\"canonical\" href=\"https:\/\/regiaonews.net.br\/2022\/2023\/09\/22\/caravana-de-barretos-participou-do-dia-d-da-caravana-ilpf-em-sao-calos\/\" \/>\n<meta property=\"og:locale\" content=\"pt_BR\" \/>\n<meta property=\"og:type\" content=\"article\" \/>\n<meta property=\"og:title\" content=\"Caravana de Barretos participou do Dia D da Caravana ILPF em S\u00e3o Calos - Regi\u00e3o News\" \/>\n<meta property=\"og:description\" content=\"Um grupo de Barretos, formado por t\u00e9cnicos da CATI Barretos,\" \/>\n<meta property=\"og:url\" content=\"https:\/\/regiaonews.net.br\/2022\/2023\/09\/22\/caravana-de-barretos-participou-do-dia-d-da-caravana-ilpf-em-sao-calos\/\" \/>\n<meta property=\"og:site_name\" content=\"Regi\u00e3o News\" \/>\n<meta property=\"article:published_time\" content=\"2023-09-22T13:31:21+00:00\" \/>\n<meta property=\"og:image\" content=\"https:\/\/regiaonews.net.br\/2022\/wp-content\/uploads\/2023\/09\/Imagem-do-WhatsApp-de-2023-09-22-as-09.12.06.jpg\" \/>\n\t<meta property=\"og:image:width\" content=\"1600\" \/>\n\t<meta property=\"og:image:height\" content=\"1200\" \/>\n\t<meta property=\"og:image:type\" content=\"image\/jpeg\" \/>\n<meta name=\"author\" content=\"Roberto\" \/>\n<meta name=\"twitter:card\" content=\"summary_large_image\" \/>\n<meta name=\"twitter:label1\" content=\"Escrito por\" \/>\n\t<meta name=\"twitter:data1\" content=\"Roberto\" \/>\n\t<meta name=\"twitter:label2\" content=\"Est. tempo de leitura\" \/>\n\t<meta name=\"twitter:data2\" content=\"2 minutos\" \/>\n<script type=\"application\/ld+json\" class=\"yoast-schema-graph\">{\"@context\":\"https:\\\/\\\/schema.org\",\"@graph\":[{\"@type\":\"Article\",\"@id\":\"https:\\\/\\\/regiaonews.net.br\\\/2022\\\/2023\\\/09\\\/22\\\/caravana-de-barretos-participou-do-dia-d-da-caravana-ilpf-em-sao-calos\\\/#article\",\"isPartOf\":{\"@id\":\"https:\\\/\\\/regiaonews.net.br\\\/2022\\\/2023\\\/09\\\/22\\\/caravana-de-barretos-participou-do-dia-d-da-caravana-ilpf-em-sao-calos\\\/\"},\"author\":{\"name\":\"Roberto\",\"@id\":\"https:\\\/\\\/regiaonews.net.br\\\/2022\\\/#\\\/schema\\\/person\\\/2d205a608a5aa97ac279d7a5e6d89ad8\"},\"headline\":\"Caravana de Barretos participou do Dia D da Caravana ILPF em S\u00e3o Calos\",\"datePublished\":\"2023-09-22T13:31:21+00:00\",\"mainEntityOfPage\":{\"@id\":\"https:\\\/\\\/regiaonews.net.br\\\/2022\\\/2023\\\/09\\\/22\\\/caravana-de-barretos-participou-do-dia-d-da-caravana-ilpf-em-sao-calos\\\/\"},\"wordCount\":253,\"commentCount\":0,\"publisher\":{\"@id\":\"https:\\\/\\\/regiaonews.net.br\\\/2022\\\/#organization\"},\"image\":{\"@id\":\"https:\\\/\\\/regiaonews.net.br\\\/2022\\\/2023\\\/09\\\/22\\\/caravana-de-barretos-participou-do-dia-d-da-caravana-ilpf-em-sao-calos\\\/#primaryimage\"},\"thumbnailUrl\":\"https:\\\/\\\/regiaonews.net.br\\\/2022\\\/wp-content\\\/uploads\\\/2023\\\/09\\\/Imagem-do-WhatsApp-de-2023-09-22-as-09.12.06.jpg\",\"articleSection\":[\"Barretos\",\"Geral\"],\"inLanguage\":\"pt-BR\",\"potentialAction\":[{\"@type\":\"CommentAction\",\"name\":\"Comment\",\"target\":[\"https:\\\/\\\/regiaonews.net.br\\\/2022\\\/2023\\\/09\\\/22\\\/caravana-de-barretos-participou-do-dia-d-da-caravana-ilpf-em-sao-calos\\\/#respond\"]}]},{\"@type\":\"WebPage\",\"@id\":\"https:\\\/\\\/regiaonews.net.br\\\/2022\\\/2023\\\/09\\\/22\\\/caravana-de-barretos-participou-do-dia-d-da-caravana-ilpf-em-sao-calos\\\/\",\"url\":\"https:\\\/\\\/regiaonews.net.br\\\/2022\\\/2023\\\/09\\\/22\\\/caravana-de-barretos-participou-do-dia-d-da-caravana-ilpf-em-sao-calos\\\/\",\"name\":\"Caravana de Barretos participou do Dia D da Caravana ILPF em S\u00e3o Calos - Regi\u00e3o News\",\"isPartOf\":{\"@id\":\"https:\\\/\\\/regiaonews.net.br\\\/2022\\\/#website\"},\"primaryImageOfPage\":{\"@id\":\"https:\\\/\\\/regiaonews.net.br\\\/2022\\\/2023\\\/09\\\/22\\\/caravana-de-barretos-participou-do-dia-d-da-caravana-ilpf-em-sao-calos\\\/#primaryimage\"},\"image\":{\"@id\":\"https:\\\/\\\/regiaonews.net.br\\\/2022\\\/2023\\\/09\\\/22\\\/caravana-de-barretos-participou-do-dia-d-da-caravana-ilpf-em-sao-calos\\\/#primaryimage\"},\"thumbnailUrl\":\"https:\\\/\\\/regiaonews.net.br\\\/2022\\\/wp-content\\\/uploads\\\/2023\\\/09\\\/Imagem-do-WhatsApp-de-2023-09-22-as-09.12.06.jpg\",\"datePublished\":\"2023-09-22T13:31:21+00:00\",\"breadcrumb\":{\"@id\":\"https:\\\/\\\/regiaonews.net.br\\\/2022\\\/2023\\\/09\\\/22\\\/caravana-de-barretos-participou-do-dia-d-da-caravana-ilpf-em-sao-calos\\\/#breadcrumb\"},\"inLanguage\":\"pt-BR\",\"potentialAction\":[{\"@type\":\"ReadAction\",\"target\":[\"https:\\\/\\\/regiaonews.net.br\\\/2022\\\/2023\\\/09\\\/22\\\/caravana-de-barretos-participou-do-dia-d-da-caravana-ilpf-em-sao-calos\\\/\"]}]},{\"@type\":\"ImageObject\",\"inLanguage\":\"pt-BR\",\"@id\":\"https:\\\/\\\/regiaonews.net.br\\\/2022\\\/2023\\\/09\\\/22\\\/caravana-de-barretos-participou-do-dia-d-da-caravana-ilpf-em-sao-calos\\\/#primaryimage\",\"url\":\"https:\\\/\\\/regiaonews.net.br\\\/2022\\\/wp-content\\\/uploads\\\/2023\\\/09\\\/Imagem-do-WhatsApp-de-2023-09-22-as-09.12.06.jpg\",\"contentUrl\":\"https:\\\/\\\/regiaonews.net.br\\\/2022\\\/wp-content\\\/uploads\\\/2023\\\/09\\\/Imagem-do-WhatsApp-de-2023-09-22-as-09.12.06.jpg\",\"width\":1600,\"height\":1200},{\"@type\":\"BreadcrumbList\",\"@id\":\"https:\\\/\\\/regiaonews.net.br\\\/2022\\\/2023\\\/09\\\/22\\\/caravana-de-barretos-participou-do-dia-d-da-caravana-ilpf-em-sao-calos\\\/#breadcrumb\",\"itemListElement\":[{\"@type\":\"ListItem\",\"position\":1,\"name\":\"In\u00edcio\",\"item\":\"https:\\\/\\\/regiaonews.net.br\\\/2022\\\/\"},{\"@type\":\"ListItem\",\"position\":2,\"name\":\"Caravana de Barretos participou do Dia D da Caravana ILPF em S\u00e3o Calos\"}]},{\"@type\":\"WebSite\",\"@id\":\"https:\\\/\\\/regiaonews.net.br\\\/2022\\\/#website\",\"url\":\"https:\\\/\\\/regiaonews.net.br\\\/2022\\\/\",\"name\":\"Regi\u00e3o News\",\"description\":\"Site de Not\u00edcias de Barretos e regi\u00e3o\",\"publisher\":{\"@id\":\"https:\\\/\\\/regiaonews.net.br\\\/2022\\\/#organization\"},\"potentialAction\":[{\"@type\":\"SearchAction\",\"target\":{\"@type\":\"EntryPoint\",\"urlTemplate\":\"https:\\\/\\\/regiaonews.net.br\\\/2022\\\/?s={search_term_string}\"},\"query-input\":{\"@type\":\"PropertyValueSpecification\",\"valueRequired\":true,\"valueName\":\"search_term_string\"}}],\"inLanguage\":\"pt-BR\"},{\"@type\":\"Organization\",\"@id\":\"https:\\\/\\\/regiaonews.net.br\\\/2022\\\/#organization\",\"name\":\"Regi\u00e3o News\",\"url\":\"https:\\\/\\\/regiaonews.net.br\\\/2022\\\/\",\"logo\":{\"@type\":\"ImageObject\",\"inLanguage\":\"pt-BR\",\"@id\":\"https:\\\/\\\/regiaonews.net.br\\\/2022\\\/#\\\/schema\\\/logo\\\/image\\\/\",\"url\":\"https:\\\/\\\/regiaonews.net.br\\\/2022\\\/wp-content\\\/uploads\\\/2026\\\/03\\\/regiao-13-anos-scaled.jpg\",\"contentUrl\":\"https:\\\/\\\/regiaonews.net.br\\\/2022\\\/wp-content\\\/uploads\\\/2026\\\/03\\\/regiao-13-anos-scaled.jpg\",\"width\":2560,\"height\":635,\"caption\":\"Regi\u00e3o News\"},\"image\":{\"@id\":\"https:\\\/\\\/regiaonews.net.br\\\/2022\\\/#\\\/schema\\\/logo\\\/image\\\/\"}},{\"@type\":\"Person\",\"@id\":\"https:\\\/\\\/regiaonews.net.br\\\/2022\\\/#\\\/schema\\\/person\\\/2d205a608a5aa97ac279d7a5e6d89ad8\",\"name\":\"Roberto\",\"image\":{\"@type\":\"ImageObject\",\"inLanguage\":\"pt-BR\",\"@id\":\"https:\\\/\\\/secure.gravatar.com\\\/avatar\\\/42749d8b712ff9d59ca93dc150494e5b55a44134482993f5baeb97e61b7ecc89?s=96&d=mm&r=g\",\"url\":\"https:\\\/\\\/secure.gravatar.com\\\/avatar\\\/42749d8b712ff9d59ca93dc150494e5b55a44134482993f5baeb97e61b7ecc89?s=96&d=mm&r=g\",\"contentUrl\":\"https:\\\/\\\/secure.gravatar.com\\\/avatar\\\/42749d8b712ff9d59ca93dc150494e5b55a44134482993f5baeb97e61b7ecc89?s=96&d=mm&r=g\",\"caption\":\"Roberto\"},\"url\":\"https:\\\/\\\/regiaonews.net.br\\\/2022\\\/author\\\/roberto\\\/\"}]}<\/script>\n<!-- \/ Yoast SEO plugin. -->","yoast_head_json":{"title":"Caravana de Barretos participou do Dia D da Caravana ILPF em S\u00e3o Calos - Regi\u00e3o News","robots":{"index":"index","follow":"follow","max-snippet":"max-snippet:-1","max-image-preview":"max-image-preview:large","max-video-preview":"max-video-preview:-1"},"canonical":"https:\/\/regiaonews.net.br\/2022\/2023\/09\/22\/caravana-de-barretos-participou-do-dia-d-da-caravana-ilpf-em-sao-calos\/","og_locale":"pt_BR","og_type":"article","og_title":"Caravana de Barretos participou do Dia D da Caravana ILPF em S\u00e3o Calos - Regi\u00e3o News","og_description":"Um grupo de Barretos, formado por t\u00e9cnicos da CATI Barretos,","og_url":"https:\/\/regiaonews.net.br\/2022\/2023\/09\/22\/caravana-de-barretos-participou-do-dia-d-da-caravana-ilpf-em-sao-calos\/","og_site_name":"Regi\u00e3o News","article_published_time":"2023-09-22T13:31:21+00:00","og_image":[{"width":1600,"height":1200,"url":"https:\/\/regiaonews.net.br\/2022\/wp-content\/uploads\/2023\/09\/Imagem-do-WhatsApp-de-2023-09-22-as-09.12.06.jpg","type":"image\/jpeg"}],"author":"Roberto","twitter_card":"summary_large_image","twitter_misc":{"Escrito por":"Roberto","Est. tempo de leitura":"2 minutos"},"schema":{"@context":"https:\/\/schema.org","@graph":[{"@type":"Article","@id":"https:\/\/regiaonews.net.br\/2022\/2023\/09\/22\/caravana-de-barretos-participou-do-dia-d-da-caravana-ilpf-em-sao-calos\/#article","isPartOf":{"@id":"https:\/\/regiaonews.net.br\/2022\/2023\/09\/22\/caravana-de-barretos-participou-do-dia-d-da-caravana-ilpf-em-sao-calos\/"},"author":{"name":"Roberto","@id":"https:\/\/regiaonews.net.br\/2022\/#\/schema\/person\/2d205a608a5aa97ac279d7a5e6d89ad8"},"headline":"Caravana de Barretos participou do Dia D da Caravana ILPF em S\u00e3o Calos","datePublished":"2023-09-22T13:31:21+00:00","mainEntityOfPage":{"@id":"https:\/\/regiaonews.net.br\/2022\/2023\/09\/22\/caravana-de-barretos-participou-do-dia-d-da-caravana-ilpf-em-sao-calos\/"},"wordCount":253,"commentCount":0,"publisher":{"@id":"https:\/\/regiaonews.net.br\/2022\/#organization"},"image":{"@id":"https:\/\/regiaonews.net.br\/2022\/2023\/09\/22\/caravana-de-barretos-participou-do-dia-d-da-caravana-ilpf-em-sao-calos\/#primaryimage"},"thumbnailUrl":"https:\/\/regiaonews.net.br\/2022\/wp-content\/uploads\/2023\/09\/Imagem-do-WhatsApp-de-2023-09-22-as-09.12.06.jpg","articleSection":["Barretos","Geral"],"inLanguage":"pt-BR","potentialAction":[{"@type":"CommentAction","name":"Comment","target":["https:\/\/regiaonews.net.br\/2022\/2023\/09\/22\/caravana-de-barretos-participou-do-dia-d-da-caravana-ilpf-em-sao-calos\/#respond"]}]},{"@type":"WebPage","@id":"https:\/\/regiaonews.net.br\/2022\/2023\/09\/22\/caravana-de-barretos-participou-do-dia-d-da-caravana-ilpf-em-sao-calos\/","url":"https:\/\/regiaonews.net.br\/2022\/2023\/09\/22\/caravana-de-barretos-participou-do-dia-d-da-caravana-ilpf-em-sao-calos\/","name":"Caravana de Barretos participou do Dia D da Caravana ILPF em S\u00e3o Calos - Regi\u00e3o News","isPartOf":{"@id":"https:\/\/regiaonews.net.br\/2022\/#website"},"primaryImageOfPage":{"@id":"https:\/\/regiaonews.net.br\/2022\/2023\/09\/22\/caravana-de-barretos-participou-do-dia-d-da-caravana-ilpf-em-sao-calos\/#primaryimage"},"image":{"@id":"https:\/\/regiaonews.net.br\/2022\/2023\/09\/22\/caravana-de-barretos-participou-do-dia-d-da-caravana-ilpf-em-sao-calos\/#primaryimage"},"thumbnailUrl":"https:\/\/regiaonews.net.br\/2022\/wp-content\/uploads\/2023\/09\/Imagem-do-WhatsApp-de-2023-09-22-as-09.12.06.jpg","datePublished":"2023-09-22T13:31:21+00:00","breadcrumb":{"@id":"https:\/\/regiaonews.net.br\/2022\/2023\/09\/22\/caravana-de-barretos-participou-do-dia-d-da-caravana-ilpf-em-sao-calos\/#breadcrumb"},"inLanguage":"pt-BR","potentialAction":[{"@type":"ReadAction","target":["https:\/\/regiaonews.net.br\/2022\/2023\/09\/22\/caravana-de-barretos-participou-do-dia-d-da-caravana-ilpf-em-sao-calos\/"]}]},{"@type":"ImageObject","inLanguage":"pt-BR","@id":"https:\/\/regiaonews.net.br\/2022\/2023\/09\/22\/caravana-de-barretos-participou-do-dia-d-da-caravana-ilpf-em-sao-calos\/#primaryimage","url":"https:\/\/regiaonews.net.br\/2022\/wp-content\/uploads\/2023\/09\/Imagem-do-WhatsApp-de-2023-09-22-as-09.12.06.jpg","contentUrl":"https:\/\/regiaonews.net.br\/2022\/wp-content\/uploads\/2023\/09\/Imagem-do-WhatsApp-de-2023-09-22-as-09.12.06.jpg","width":1600,"height":1200},{"@type":"BreadcrumbList","@id":"https:\/\/regiaonews.net.br\/2022\/2023\/09\/22\/caravana-de-barretos-participou-do-dia-d-da-caravana-ilpf-em-sao-calos\/#breadcrumb","itemListElement":[{"@type":"ListItem","position":1,"name":"In\u00edcio","item":"https:\/\/regiaonews.net.br\/2022\/"},{"@type":"ListItem","position":2,"name":"Caravana de Barretos participou do Dia D da Caravana ILPF em S\u00e3o Calos"}]},{"@type":"WebSite","@id":"https:\/\/regiaonews.net.br\/2022\/#website","url":"https:\/\/regiaonews.net.br\/2022\/","name":"Regi\u00e3o News","description":"Site de Not\u00edcias de Barretos e regi\u00e3o","publisher":{"@id":"https:\/\/regiaonews.net.br\/2022\/#organization"},"potentialAction":[{"@type":"SearchAction","target":{"@type":"EntryPoint","urlTemplate":"https:\/\/regiaonews.net.br\/2022\/?s={search_term_string}"},"query-input":{"@type":"PropertyValueSpecification","valueRequired":true,"valueName":"search_term_string"}}],"inLanguage":"pt-BR"},{"@type":"Organization","@id":"https:\/\/regiaonews.net.br\/2022\/#organization","name":"Regi\u00e3o News","url":"https:\/\/regiaonews.net.br\/2022\/","logo":{"@type":"ImageObject","inLanguage":"pt-BR","@id":"https:\/\/regiaonews.net.br\/2022\/#\/schema\/logo\/image\/","url":"https:\/\/regiaonews.net.br\/2022\/wp-content\/uploads\/2026\/03\/regiao-13-anos-scaled.jpg","contentUrl":"https:\/\/regiaonews.net.br\/2022\/wp-content\/uploads\/2026\/03\/regiao-13-anos-scaled.jpg","width":2560,"height":635,"caption":"Regi\u00e3o News"},"image":{"@id":"https:\/\/regiaonews.net.br\/2022\/#\/schema\/logo\/image\/"}},{"@type":"Person","@id":"https:\/\/regiaonews.net.br\/2022\/#\/schema\/person\/2d205a608a5aa97ac279d7a5e6d89ad8","name":"Roberto","image":{"@type":"ImageObject","inLanguage":"pt-BR","@id":"https:\/\/secure.gravatar.com\/avatar\/42749d8b712ff9d59ca93dc150494e5b55a44134482993f5baeb97e61b7ecc89?s=96&d=mm&r=g","url":"https:\/\/secure.gravatar.com\/avatar\/42749d8b712ff9d59ca93dc150494e5b55a44134482993f5baeb97e61b7ecc89?s=96&d=mm&r=g","contentUrl":"https:\/\/secure.gravatar.com\/avatar\/42749d8b712ff9d59ca93dc150494e5b55a44134482993f5baeb97e61b7ecc89?s=96&d=mm&r=g","caption":"Roberto"},"url":"https:\/\/regiaonews.net.br\/2022\/author\/roberto\/"}]}},"publishpress_future_action":{"enabled":false,"date":"2026-05-04 20:47:22","action":"change-status","newStatus":"draft","terms":[],"taxonomy":"category","extraData":[]},"publishpress_future_workflow_manual_trigger":{"enabledWorkflows":[]},"_links":{"self":[{"href":"https:\/\/regiaonews.net.br\/2022\/wp-json\/wp\/v2\/posts\/95509","targetHints":{"allow":["GET"]}}],"collection":[{"href":"https:\/\/regiaonews.net.br\/2022\/wp-json\/wp\/v2\/posts"}],"about":[{"href":"https:\/\/regiaonews.net.br\/2022\/wp-json\/wp\/v2\/types\/post"}],"author":[{"embeddable":true,"href":"https:\/\/regiaonews.net.br\/2022\/wp-json\/wp\/v2\/users\/2"}],"replies":[{"embeddable":true,"href":"https:\/\/regiaonews.net.br\/2022\/wp-json\/wp\/v2\/comments?post=95509"}],"version-history":[{"count":1,"href":"https:\/\/regiaonews.net.br\/2022\/wp-json\/wp\/v2\/posts\/95509\/revisions"}],"predecessor-version":[{"id":95512,"href":"https:\/\/regiaonews.net.br\/2022\/wp-json\/wp\/v2\/posts\/95509\/revisions\/95512"}],"wp:featuredmedia":[{"embeddable":true,"href":"https:\/\/regiaonews.net.br\/2022\/wp-json\/wp\/v2\/media\/95511"}],"wp:attachment":[{"href":"https:\/\/regiaonews.net.br\/2022\/wp-json\/wp\/v2\/media?parent=95509"}],"wp:term":[{"taxonomy":"category","embeddable":true,"href":"https:\/\/regiaonews.net.br\/2022\/wp-json\/wp\/v2\/categories?post=95509"},{"taxonomy":"post_tag","embeddable":true,"href":"https:\/\/regiaonews.net.br\/2022\/wp-json\/wp\/v2\/tags?post=95509"}],"curies":[{"name":"wp","href":"https:\/\/api.w.org\/{rel}","templated":true}]}}