{"id":95476,"date":"2023-09-21T21:46:48","date_gmt":"2023-09-22T00:46:48","guid":{"rendered":"https:\/\/regiaonews.net.br\/2022\/?p=95476"},"modified":"2023-09-21T21:47:13","modified_gmt":"2023-09-22T00:47:13","slug":"guardioes-da-floresta-pm-celebra-dia-do-policial-militar-ambiental","status":"publish","type":"post","link":"https:\/\/regiaonews.net.br\/2022\/2023\/09\/21\/guardioes-da-floresta-pm-celebra-dia-do-policial-militar-ambiental\/","title":{"rendered":"Guardi\u00f5es da Floresta: PM celebra dia do policial militar ambiental"},"content":{"rendered":"<div>\n<h1 class=\"chapeu2 ng-binding\"><\/h1>\n<h2 class=\"titulopreto ng-binding\">Somente nos oito primeiros meses deste ano, foram realizadas mais de 48,2 mil interven\u00e7\u00f5es policiais em crimes ambientais<\/h2>\n<p>&nbsp;<\/p>\n<h2 class=\"titulopreto ng-binding\"><\/h2>\n<p>&nbsp;<\/p>\n<\/div>\n<div id=\"notCorpo\" class=\"ng-binding\">\n<div>\n<div>Maior for\u00e7a de prote\u00e7\u00e3o estadual da natureza na Am\u00e9rica Latina, o Policiamento Ambiental comemora nesta quinta-feira (21) o dia do Policial Militar Ambiental e o dia da \u00e1rvore. S\u00e3o mais de 100 unidades integradas de atendimento espalhadas por todo o estado, que desempenham um papel fundamental para garantir que a legisla\u00e7\u00e3o ambiental seja, de fato, cumprida.<\/div>\n<div><\/div>\n<div>Somente nos oito primeiros meses deste ano, foram realizadas mais de 48,2 mil interven\u00e7\u00f5es policiais em crimes ambientais, o que representa uma m\u00e9dia de cerca de 200 a\u00e7\u00f5es por dia. Como resultado, mais de 10 mil autos de infra\u00e7\u00f5es foram elaborados, com a retirada das ruas de 247 armas de fogo, impedindo seu uso tanto em crimes que atentem contra vida humana quanto na ca\u00e7a ilegal de animais.<\/div>\n<div><\/div>\n<div>\u201cO Comando de Policiamento Ambiental combate a criminalidade organizada, protege a \u00e1gua, o ar, combate fogo e protege a nossa terra. Isso faz de voc\u00eas uma tropa de multi prop\u00f3sito, pois n\u00e3o \u00e9 focada em um tipo de atividade, muito pelo contr\u00e1rio, \u00e9 uma tropa que consegue navegar de um lado a outro para o servi\u00e7o de seguran\u00e7a p\u00fablica\u201d, citou o comandante-geral da Pol\u00edcia Militar, coronel C\u00e1ssio Ara\u00fajo de Freitas.<\/div>\n<\/div>\n<div><\/div>\n<div><b>Atua\u00e7\u00e3o em diversas frentes<\/b><\/div>\n<div><\/div>\n<div>\n<div>O enfrentamento ao crime ambiental acontece em diversas frentes, como, por exemplo, no resgate a animais, sejam eles silvestres e ex\u00f3ticos, mantidos ilegalmente em cativeiro, ou dom\u00e9sticos, que s\u00e3o maltratados. De janeiro a agosto, foram realizados mais de 10,7 mil resgates, com as aves ocupando o topo do ranking. Isso porque manter em cativeiro p\u00e1ssaros j\u00e1 se tornou algo comum, especialmente nos centros urbanos, mesmo que a pr\u00e1tica se enquadre em crime ambiental.<\/div>\n<div><\/div>\n<div>A PM Ambiental ainda apreendeu mais de 8 mil m\u00b3 de madeiras extra\u00eddas ilegalmente que seriam vendidas, resultado das mais 1,2 mil fiscaliza\u00e7\u00f5es realizadas em com\u00e9rcios. Em S\u00e3o Paulo, as equipes ainda monitoram, por meio de imagens de alta resolu\u00e7\u00e3o de sat\u00e9lites, o desflorestamento para evitar a extin\u00e7\u00e3o de \u00e1reas verdes protegidas.<\/div>\n<div>\n<div>Os policiais ainda buscam garantir a sobreviv\u00eancia dos animais e at\u00e9 mesmo das plantas amea\u00e7adas de extin\u00e7\u00e3o, como o caso da palmeira-ju\u00e7ara, que frequentemente \u00e9 alvo de criminosos. Nas a\u00e7\u00f5es at\u00e9 agosto, 41 indiv\u00edduos envolvidos na extra\u00e7\u00e3o ilegal de palmito foram autuados e 5.925 unidades de palmito in natura foram apreendidas.<\/div>\n<div><\/div>\n<div>J\u00e1 o policiamento n\u00e1utico atua nas \u00e1guas para proteger a fauna aqu\u00e1tica. Uma das a\u00e7\u00f5es realizadas \u00e9 o enfrentamento \u00e0 pesca ilegal, com mais de 4,7 mil fiscaliza\u00e7\u00f5es realizadas neste ano. Nos rios e lagos, o per\u00edodo que impede a pesca \u00e9 chamado de Piracema, que se inicia em 1 de novembro para garantir a reprodu\u00e7\u00e3o das esp\u00e9cies continentais. No mar, por\u00e9m, a \u00e9poca \u00e9 diferenciada por esp\u00e9cies.<\/div>\n<div><\/div>\n<div>O risco baloeiro tamb\u00e9m \u00e9 um ponto de aten\u00e7\u00e3o para a PM Ambiental. Embora pare\u00e7a inofensiva, soltar bal\u00f5es \u00e9 uma pr\u00e1tica que p\u00f5e em risco vidas humanas, a fauna e a flora. At\u00e9 o m\u00eas passado, 214 bal\u00f5es foram apreendidos, com 69 autua\u00e7\u00f5es relacionadas \u00e0 sua produ\u00e7\u00e3o, transporte e soltura. Al\u00e9m das fiscaliza\u00e7\u00f5es em busca de f\u00e1bricas clandestinas, o policiamento ambiental tamb\u00e9m atua observando os bal\u00f5es que j\u00e1 est\u00e3o no c\u00e9u.<\/div>\n<\/div>\n<\/div>\n<\/div>\n","protected":false},"excerpt":{"rendered":"<p>Somente nos oito primeiros meses deste ano, foram realizadas mais<\/p>\n","protected":false},"author":2,"featured_media":95477,"comment_status":"open","ping_status":"open","sticky":false,"template":"","format":"standard","meta":{"footnotes":""},"categories":[7],"tags":[],"class_list":["post-95476","post","type-post","status-publish","format-standard","has-post-thumbnail","hentry","category-estado-de-sao-paulo"],"yoast_head":"<!-- This site is optimized with the Yoast SEO plugin v27.4 - https:\/\/yoast.com\/product\/yoast-seo-wordpress\/ -->\n<title>Guardi\u00f5es da Floresta: PM celebra dia do policial militar ambiental - Regi\u00e3o News<\/title>\n<meta name=\"robots\" content=\"index, follow, max-snippet:-1, max-image-preview:large, max-video-preview:-1\" \/>\n<link rel=\"canonical\" href=\"https:\/\/regiaonews.net.br\/2022\/2023\/09\/21\/guardioes-da-floresta-pm-celebra-dia-do-policial-militar-ambiental\/\" \/>\n<meta property=\"og:locale\" content=\"pt_BR\" \/>\n<meta property=\"og:type\" content=\"article\" \/>\n<meta property=\"og:title\" content=\"Guardi\u00f5es da Floresta: PM celebra dia do policial militar ambiental - Regi\u00e3o News\" \/>\n<meta property=\"og:description\" content=\"Somente nos oito primeiros meses deste ano, foram realizadas mais\" \/>\n<meta property=\"og:url\" content=\"https:\/\/regiaonews.net.br\/2022\/2023\/09\/21\/guardioes-da-floresta-pm-celebra-dia-do-policial-militar-ambiental\/\" \/>\n<meta property=\"og:site_name\" content=\"Regi\u00e3o News\" \/>\n<meta property=\"article:published_time\" content=\"2023-09-22T00:46:48+00:00\" \/>\n<meta property=\"article:modified_time\" content=\"2023-09-22T00:47:13+00:00\" \/>\n<meta property=\"og:image\" content=\"https:\/\/regiaonews.net.br\/2022\/wp-content\/uploads\/2023\/09\/00051442.jpeg\" \/>\n\t<meta property=\"og:image:width\" content=\"1600\" \/>\n\t<meta property=\"og:image:height\" content=\"1066\" \/>\n\t<meta property=\"og:image:type\" content=\"image\/jpeg\" \/>\n<meta name=\"author\" content=\"Roberto\" \/>\n<meta name=\"twitter:card\" content=\"summary_large_image\" \/>\n<meta name=\"twitter:label1\" content=\"Escrito por\" \/>\n\t<meta name=\"twitter:data1\" content=\"Roberto\" \/>\n\t<meta name=\"twitter:label2\" content=\"Est. tempo de leitura\" \/>\n\t<meta name=\"twitter:data2\" content=\"3 minutos\" \/>\n<script type=\"application\/ld+json\" class=\"yoast-schema-graph\">{\"@context\":\"https:\\\/\\\/schema.org\",\"@graph\":[{\"@type\":\"Article\",\"@id\":\"https:\\\/\\\/regiaonews.net.br\\\/2022\\\/2023\\\/09\\\/21\\\/guardioes-da-floresta-pm-celebra-dia-do-policial-militar-ambiental\\\/#article\",\"isPartOf\":{\"@id\":\"https:\\\/\\\/regiaonews.net.br\\\/2022\\\/2023\\\/09\\\/21\\\/guardioes-da-floresta-pm-celebra-dia-do-policial-militar-ambiental\\\/\"},\"author\":{\"name\":\"Roberto\",\"@id\":\"https:\\\/\\\/regiaonews.net.br\\\/2022\\\/#\\\/schema\\\/person\\\/2d205a608a5aa97ac279d7a5e6d89ad8\"},\"headline\":\"Guardi\u00f5es da Floresta: PM celebra dia do policial militar ambiental\",\"datePublished\":\"2023-09-22T00:46:48+00:00\",\"dateModified\":\"2023-09-22T00:47:13+00:00\",\"mainEntityOfPage\":{\"@id\":\"https:\\\/\\\/regiaonews.net.br\\\/2022\\\/2023\\\/09\\\/21\\\/guardioes-da-floresta-pm-celebra-dia-do-policial-militar-ambiental\\\/\"},\"wordCount\":585,\"commentCount\":0,\"publisher\":{\"@id\":\"https:\\\/\\\/regiaonews.net.br\\\/2022\\\/#organization\"},\"image\":{\"@id\":\"https:\\\/\\\/regiaonews.net.br\\\/2022\\\/2023\\\/09\\\/21\\\/guardioes-da-floresta-pm-celebra-dia-do-policial-militar-ambiental\\\/#primaryimage\"},\"thumbnailUrl\":\"https:\\\/\\\/regiaonews.net.br\\\/2022\\\/wp-content\\\/uploads\\\/2023\\\/09\\\/00051442.jpeg\",\"articleSection\":[\"Estado de S\u00e3o Paulo\"],\"inLanguage\":\"pt-BR\",\"potentialAction\":[{\"@type\":\"CommentAction\",\"name\":\"Comment\",\"target\":[\"https:\\\/\\\/regiaonews.net.br\\\/2022\\\/2023\\\/09\\\/21\\\/guardioes-da-floresta-pm-celebra-dia-do-policial-militar-ambiental\\\/#respond\"]}]},{\"@type\":\"WebPage\",\"@id\":\"https:\\\/\\\/regiaonews.net.br\\\/2022\\\/2023\\\/09\\\/21\\\/guardioes-da-floresta-pm-celebra-dia-do-policial-militar-ambiental\\\/\",\"url\":\"https:\\\/\\\/regiaonews.net.br\\\/2022\\\/2023\\\/09\\\/21\\\/guardioes-da-floresta-pm-celebra-dia-do-policial-militar-ambiental\\\/\",\"name\":\"Guardi\u00f5es da Floresta: PM celebra dia do policial militar ambiental - Regi\u00e3o News\",\"isPartOf\":{\"@id\":\"https:\\\/\\\/regiaonews.net.br\\\/2022\\\/#website\"},\"primaryImageOfPage\":{\"@id\":\"https:\\\/\\\/regiaonews.net.br\\\/2022\\\/2023\\\/09\\\/21\\\/guardioes-da-floresta-pm-celebra-dia-do-policial-militar-ambiental\\\/#primaryimage\"},\"image\":{\"@id\":\"https:\\\/\\\/regiaonews.net.br\\\/2022\\\/2023\\\/09\\\/21\\\/guardioes-da-floresta-pm-celebra-dia-do-policial-militar-ambiental\\\/#primaryimage\"},\"thumbnailUrl\":\"https:\\\/\\\/regiaonews.net.br\\\/2022\\\/wp-content\\\/uploads\\\/2023\\\/09\\\/00051442.jpeg\",\"datePublished\":\"2023-09-22T00:46:48+00:00\",\"dateModified\":\"2023-09-22T00:47:13+00:00\",\"breadcrumb\":{\"@id\":\"https:\\\/\\\/regiaonews.net.br\\\/2022\\\/2023\\\/09\\\/21\\\/guardioes-da-floresta-pm-celebra-dia-do-policial-militar-ambiental\\\/#breadcrumb\"},\"inLanguage\":\"pt-BR\",\"potentialAction\":[{\"@type\":\"ReadAction\",\"target\":[\"https:\\\/\\\/regiaonews.net.br\\\/2022\\\/2023\\\/09\\\/21\\\/guardioes-da-floresta-pm-celebra-dia-do-policial-militar-ambiental\\\/\"]}]},{\"@type\":\"ImageObject\",\"inLanguage\":\"pt-BR\",\"@id\":\"https:\\\/\\\/regiaonews.net.br\\\/2022\\\/2023\\\/09\\\/21\\\/guardioes-da-floresta-pm-celebra-dia-do-policial-militar-ambiental\\\/#primaryimage\",\"url\":\"https:\\\/\\\/regiaonews.net.br\\\/2022\\\/wp-content\\\/uploads\\\/2023\\\/09\\\/00051442.jpeg\",\"contentUrl\":\"https:\\\/\\\/regiaonews.net.br\\\/2022\\\/wp-content\\\/uploads\\\/2023\\\/09\\\/00051442.jpeg\",\"width\":1600,\"height\":1066},{\"@type\":\"BreadcrumbList\",\"@id\":\"https:\\\/\\\/regiaonews.net.br\\\/2022\\\/2023\\\/09\\\/21\\\/guardioes-da-floresta-pm-celebra-dia-do-policial-militar-ambiental\\\/#breadcrumb\",\"itemListElement\":[{\"@type\":\"ListItem\",\"position\":1,\"name\":\"In\u00edcio\",\"item\":\"https:\\\/\\\/regiaonews.net.br\\\/2022\\\/\"},{\"@type\":\"ListItem\",\"position\":2,\"name\":\"Guardi\u00f5es da Floresta: PM celebra dia do policial militar ambiental\"}]},{\"@type\":\"WebSite\",\"@id\":\"https:\\\/\\\/regiaonews.net.br\\\/2022\\\/#website\",\"url\":\"https:\\\/\\\/regiaonews.net.br\\\/2022\\\/\",\"name\":\"Regi\u00e3o News\",\"description\":\"Site de Not\u00edcias de Barretos e regi\u00e3o\",\"publisher\":{\"@id\":\"https:\\\/\\\/regiaonews.net.br\\\/2022\\\/#organization\"},\"potentialAction\":[{\"@type\":\"SearchAction\",\"target\":{\"@type\":\"EntryPoint\",\"urlTemplate\":\"https:\\\/\\\/regiaonews.net.br\\\/2022\\\/?s={search_term_string}\"},\"query-input\":{\"@type\":\"PropertyValueSpecification\",\"valueRequired\":true,\"valueName\":\"search_term_string\"}}],\"inLanguage\":\"pt-BR\"},{\"@type\":\"Organization\",\"@id\":\"https:\\\/\\\/regiaonews.net.br\\\/2022\\\/#organization\",\"name\":\"Regi\u00e3o News\",\"url\":\"https:\\\/\\\/regiaonews.net.br\\\/2022\\\/\",\"logo\":{\"@type\":\"ImageObject\",\"inLanguage\":\"pt-BR\",\"@id\":\"https:\\\/\\\/regiaonews.net.br\\\/2022\\\/#\\\/schema\\\/logo\\\/image\\\/\",\"url\":\"https:\\\/\\\/regiaonews.net.br\\\/2022\\\/wp-content\\\/uploads\\\/2026\\\/03\\\/regiao-13-anos-scaled.jpg\",\"contentUrl\":\"https:\\\/\\\/regiaonews.net.br\\\/2022\\\/wp-content\\\/uploads\\\/2026\\\/03\\\/regiao-13-anos-scaled.jpg\",\"width\":2560,\"height\":635,\"caption\":\"Regi\u00e3o News\"},\"image\":{\"@id\":\"https:\\\/\\\/regiaonews.net.br\\\/2022\\\/#\\\/schema\\\/logo\\\/image\\\/\"}},{\"@type\":\"Person\",\"@id\":\"https:\\\/\\\/regiaonews.net.br\\\/2022\\\/#\\\/schema\\\/person\\\/2d205a608a5aa97ac279d7a5e6d89ad8\",\"name\":\"Roberto\",\"image\":{\"@type\":\"ImageObject\",\"inLanguage\":\"pt-BR\",\"@id\":\"https:\\\/\\\/secure.gravatar.com\\\/avatar\\\/42749d8b712ff9d59ca93dc150494e5b55a44134482993f5baeb97e61b7ecc89?s=96&d=mm&r=g\",\"url\":\"https:\\\/\\\/secure.gravatar.com\\\/avatar\\\/42749d8b712ff9d59ca93dc150494e5b55a44134482993f5baeb97e61b7ecc89?s=96&d=mm&r=g\",\"contentUrl\":\"https:\\\/\\\/secure.gravatar.com\\\/avatar\\\/42749d8b712ff9d59ca93dc150494e5b55a44134482993f5baeb97e61b7ecc89?s=96&d=mm&r=g\",\"caption\":\"Roberto\"},\"url\":\"https:\\\/\\\/regiaonews.net.br\\\/2022\\\/author\\\/roberto\\\/\"}]}<\/script>\n<!-- \/ Yoast SEO plugin. -->","yoast_head_json":{"title":"Guardi\u00f5es da Floresta: PM celebra dia do policial militar ambiental - Regi\u00e3o News","robots":{"index":"index","follow":"follow","max-snippet":"max-snippet:-1","max-image-preview":"max-image-preview:large","max-video-preview":"max-video-preview:-1"},"canonical":"https:\/\/regiaonews.net.br\/2022\/2023\/09\/21\/guardioes-da-floresta-pm-celebra-dia-do-policial-militar-ambiental\/","og_locale":"pt_BR","og_type":"article","og_title":"Guardi\u00f5es da Floresta: PM celebra dia do policial militar ambiental - Regi\u00e3o News","og_description":"Somente nos oito primeiros meses deste ano, foram realizadas mais","og_url":"https:\/\/regiaonews.net.br\/2022\/2023\/09\/21\/guardioes-da-floresta-pm-celebra-dia-do-policial-militar-ambiental\/","og_site_name":"Regi\u00e3o News","article_published_time":"2023-09-22T00:46:48+00:00","article_modified_time":"2023-09-22T00:47:13+00:00","og_image":[{"width":1600,"height":1066,"url":"https:\/\/regiaonews.net.br\/2022\/wp-content\/uploads\/2023\/09\/00051442.jpeg","type":"image\/jpeg"}],"author":"Roberto","twitter_card":"summary_large_image","twitter_misc":{"Escrito por":"Roberto","Est. tempo de leitura":"3 minutos"},"schema":{"@context":"https:\/\/schema.org","@graph":[{"@type":"Article","@id":"https:\/\/regiaonews.net.br\/2022\/2023\/09\/21\/guardioes-da-floresta-pm-celebra-dia-do-policial-militar-ambiental\/#article","isPartOf":{"@id":"https:\/\/regiaonews.net.br\/2022\/2023\/09\/21\/guardioes-da-floresta-pm-celebra-dia-do-policial-militar-ambiental\/"},"author":{"name":"Roberto","@id":"https:\/\/regiaonews.net.br\/2022\/#\/schema\/person\/2d205a608a5aa97ac279d7a5e6d89ad8"},"headline":"Guardi\u00f5es da Floresta: PM celebra dia do policial militar ambiental","datePublished":"2023-09-22T00:46:48+00:00","dateModified":"2023-09-22T00:47:13+00:00","mainEntityOfPage":{"@id":"https:\/\/regiaonews.net.br\/2022\/2023\/09\/21\/guardioes-da-floresta-pm-celebra-dia-do-policial-militar-ambiental\/"},"wordCount":585,"commentCount":0,"publisher":{"@id":"https:\/\/regiaonews.net.br\/2022\/#organization"},"image":{"@id":"https:\/\/regiaonews.net.br\/2022\/2023\/09\/21\/guardioes-da-floresta-pm-celebra-dia-do-policial-militar-ambiental\/#primaryimage"},"thumbnailUrl":"https:\/\/regiaonews.net.br\/2022\/wp-content\/uploads\/2023\/09\/00051442.jpeg","articleSection":["Estado de S\u00e3o Paulo"],"inLanguage":"pt-BR","potentialAction":[{"@type":"CommentAction","name":"Comment","target":["https:\/\/regiaonews.net.br\/2022\/2023\/09\/21\/guardioes-da-floresta-pm-celebra-dia-do-policial-militar-ambiental\/#respond"]}]},{"@type":"WebPage","@id":"https:\/\/regiaonews.net.br\/2022\/2023\/09\/21\/guardioes-da-floresta-pm-celebra-dia-do-policial-militar-ambiental\/","url":"https:\/\/regiaonews.net.br\/2022\/2023\/09\/21\/guardioes-da-floresta-pm-celebra-dia-do-policial-militar-ambiental\/","name":"Guardi\u00f5es da Floresta: PM celebra dia do policial militar ambiental - Regi\u00e3o News","isPartOf":{"@id":"https:\/\/regiaonews.net.br\/2022\/#website"},"primaryImageOfPage":{"@id":"https:\/\/regiaonews.net.br\/2022\/2023\/09\/21\/guardioes-da-floresta-pm-celebra-dia-do-policial-militar-ambiental\/#primaryimage"},"image":{"@id":"https:\/\/regiaonews.net.br\/2022\/2023\/09\/21\/guardioes-da-floresta-pm-celebra-dia-do-policial-militar-ambiental\/#primaryimage"},"thumbnailUrl":"https:\/\/regiaonews.net.br\/2022\/wp-content\/uploads\/2023\/09\/00051442.jpeg","datePublished":"2023-09-22T00:46:48+00:00","dateModified":"2023-09-22T00:47:13+00:00","breadcrumb":{"@id":"https:\/\/regiaonews.net.br\/2022\/2023\/09\/21\/guardioes-da-floresta-pm-celebra-dia-do-policial-militar-ambiental\/#breadcrumb"},"inLanguage":"pt-BR","potentialAction":[{"@type":"ReadAction","target":["https:\/\/regiaonews.net.br\/2022\/2023\/09\/21\/guardioes-da-floresta-pm-celebra-dia-do-policial-militar-ambiental\/"]}]},{"@type":"ImageObject","inLanguage":"pt-BR","@id":"https:\/\/regiaonews.net.br\/2022\/2023\/09\/21\/guardioes-da-floresta-pm-celebra-dia-do-policial-militar-ambiental\/#primaryimage","url":"https:\/\/regiaonews.net.br\/2022\/wp-content\/uploads\/2023\/09\/00051442.jpeg","contentUrl":"https:\/\/regiaonews.net.br\/2022\/wp-content\/uploads\/2023\/09\/00051442.jpeg","width":1600,"height":1066},{"@type":"BreadcrumbList","@id":"https:\/\/regiaonews.net.br\/2022\/2023\/09\/21\/guardioes-da-floresta-pm-celebra-dia-do-policial-militar-ambiental\/#breadcrumb","itemListElement":[{"@type":"ListItem","position":1,"name":"In\u00edcio","item":"https:\/\/regiaonews.net.br\/2022\/"},{"@type":"ListItem","position":2,"name":"Guardi\u00f5es da Floresta: PM celebra dia do policial militar ambiental"}]},{"@type":"WebSite","@id":"https:\/\/regiaonews.net.br\/2022\/#website","url":"https:\/\/regiaonews.net.br\/2022\/","name":"Regi\u00e3o News","description":"Site de Not\u00edcias de Barretos e regi\u00e3o","publisher":{"@id":"https:\/\/regiaonews.net.br\/2022\/#organization"},"potentialAction":[{"@type":"SearchAction","target":{"@type":"EntryPoint","urlTemplate":"https:\/\/regiaonews.net.br\/2022\/?s={search_term_string}"},"query-input":{"@type":"PropertyValueSpecification","valueRequired":true,"valueName":"search_term_string"}}],"inLanguage":"pt-BR"},{"@type":"Organization","@id":"https:\/\/regiaonews.net.br\/2022\/#organization","name":"Regi\u00e3o News","url":"https:\/\/regiaonews.net.br\/2022\/","logo":{"@type":"ImageObject","inLanguage":"pt-BR","@id":"https:\/\/regiaonews.net.br\/2022\/#\/schema\/logo\/image\/","url":"https:\/\/regiaonews.net.br\/2022\/wp-content\/uploads\/2026\/03\/regiao-13-anos-scaled.jpg","contentUrl":"https:\/\/regiaonews.net.br\/2022\/wp-content\/uploads\/2026\/03\/regiao-13-anos-scaled.jpg","width":2560,"height":635,"caption":"Regi\u00e3o News"},"image":{"@id":"https:\/\/regiaonews.net.br\/2022\/#\/schema\/logo\/image\/"}},{"@type":"Person","@id":"https:\/\/regiaonews.net.br\/2022\/#\/schema\/person\/2d205a608a5aa97ac279d7a5e6d89ad8","name":"Roberto","image":{"@type":"ImageObject","inLanguage":"pt-BR","@id":"https:\/\/secure.gravatar.com\/avatar\/42749d8b712ff9d59ca93dc150494e5b55a44134482993f5baeb97e61b7ecc89?s=96&d=mm&r=g","url":"https:\/\/secure.gravatar.com\/avatar\/42749d8b712ff9d59ca93dc150494e5b55a44134482993f5baeb97e61b7ecc89?s=96&d=mm&r=g","contentUrl":"https:\/\/secure.gravatar.com\/avatar\/42749d8b712ff9d59ca93dc150494e5b55a44134482993f5baeb97e61b7ecc89?s=96&d=mm&r=g","caption":"Roberto"},"url":"https:\/\/regiaonews.net.br\/2022\/author\/roberto\/"}]}},"publishpress_future_action":{"enabled":false,"date":"2026-05-05 01:27:06","action":"change-status","newStatus":"draft","terms":[],"taxonomy":"category","extraData":[]},"publishpress_future_workflow_manual_trigger":{"enabledWorkflows":[]},"_links":{"self":[{"href":"https:\/\/regiaonews.net.br\/2022\/wp-json\/wp\/v2\/posts\/95476","targetHints":{"allow":["GET"]}}],"collection":[{"href":"https:\/\/regiaonews.net.br\/2022\/wp-json\/wp\/v2\/posts"}],"about":[{"href":"https:\/\/regiaonews.net.br\/2022\/wp-json\/wp\/v2\/types\/post"}],"author":[{"embeddable":true,"href":"https:\/\/regiaonews.net.br\/2022\/wp-json\/wp\/v2\/users\/2"}],"replies":[{"embeddable":true,"href":"https:\/\/regiaonews.net.br\/2022\/wp-json\/wp\/v2\/comments?post=95476"}],"version-history":[{"count":2,"href":"https:\/\/regiaonews.net.br\/2022\/wp-json\/wp\/v2\/posts\/95476\/revisions"}],"predecessor-version":[{"id":95479,"href":"https:\/\/regiaonews.net.br\/2022\/wp-json\/wp\/v2\/posts\/95476\/revisions\/95479"}],"wp:featuredmedia":[{"embeddable":true,"href":"https:\/\/regiaonews.net.br\/2022\/wp-json\/wp\/v2\/media\/95477"}],"wp:attachment":[{"href":"https:\/\/regiaonews.net.br\/2022\/wp-json\/wp\/v2\/media?parent=95476"}],"wp:term":[{"taxonomy":"category","embeddable":true,"href":"https:\/\/regiaonews.net.br\/2022\/wp-json\/wp\/v2\/categories?post=95476"},{"taxonomy":"post_tag","embeddable":true,"href":"https:\/\/regiaonews.net.br\/2022\/wp-json\/wp\/v2\/tags?post=95476"}],"curies":[{"name":"wp","href":"https:\/\/api.w.org\/{rel}","templated":true}]}}