{"id":95472,"date":"2023-09-21T21:31:55","date_gmt":"2023-09-22T00:31:55","guid":{"rendered":"https:\/\/regiaonews.net.br\/2022\/?p=95472"},"modified":"2023-09-21T21:31:55","modified_gmt":"2023-09-22T00:31:55","slug":"todas-as-tendencias-da-moda-primavera-verao-2024-estao-no-north-shopping","status":"publish","type":"post","link":"https:\/\/regiaonews.net.br\/2022\/2023\/09\/21\/todas-as-tendencias-da-moda-primavera-verao-2024-estao-no-north-shopping\/","title":{"rendered":"Todas as tend\u00eancias da moda Primavera Ver\u00e3o 2024 est\u00e3o no North Shopping"},"content":{"rendered":"<table role=\"presentation\" border=\"0\" width=\"100%\" cellspacing=\"0\" cellpadding=\"0\">\n<tbody>\n<tr>\n<td align=\"left\"><\/td>\n<\/tr>\n<tr>\n<td align=\"left\">\n<div>\n<p>\u00a0<em>Natacha Cardoso, rainha da Festa do Pe\u00e3o 2023, \u00e9 a modelo das pe\u00e7as sobre a esta\u00e7\u00e3o mais colorida do ano<\/em><\/p>\n<p><a href=\"https:\/\/regiaonews.net.br\/2022\/wp-content\/uploads\/2023\/09\/5a8a8072-4148-4519-b5fd-ba44653b31e8.jpeg\"><img loading=\"lazy\" decoding=\"async\" class=\"alignnone size-medium wp-image-95474\" src=\"https:\/\/regiaonews.net.br\/2022\/wp-content\/uploads\/2023\/09\/5a8a8072-4148-4519-b5fd-ba44653b31e8-200x300.jpeg\" alt=\"\" width=\"200\" height=\"300\" srcset=\"https:\/\/regiaonews.net.br\/2022\/wp-content\/uploads\/2023\/09\/5a8a8072-4148-4519-b5fd-ba44653b31e8-200x300.jpeg 200w, https:\/\/regiaonews.net.br\/2022\/wp-content\/uploads\/2023\/09\/5a8a8072-4148-4519-b5fd-ba44653b31e8-684x1024.jpeg 684w, https:\/\/regiaonews.net.br\/2022\/wp-content\/uploads\/2023\/09\/5a8a8072-4148-4519-b5fd-ba44653b31e8-768x1151.jpeg 768w, https:\/\/regiaonews.net.br\/2022\/wp-content\/uploads\/2023\/09\/5a8a8072-4148-4519-b5fd-ba44653b31e8-1025x1536.jpeg 1025w, https:\/\/regiaonews.net.br\/2022\/wp-content\/uploads\/2023\/09\/5a8a8072-4148-4519-b5fd-ba44653b31e8-250x375.jpeg 250w, https:\/\/regiaonews.net.br\/2022\/wp-content\/uploads\/2023\/09\/5a8a8072-4148-4519-b5fd-ba44653b31e8.jpeg 1068w\" sizes=\"auto, (max-width: 200px) 100vw, 200px\" \/><\/a><\/p>\n<\/div>\n<\/td>\n<\/tr>\n<tr>\n<td align=\"left\">\n<div>\n<p>Oficialmente a Primavera 2023 come\u00e7a neste s\u00e1bado, 23 de setembro, mas a onda de calor que invadiu o interior de S\u00e3o Paulo vem antecipando a moda que pretende invadir os espa\u00e7os nesta Primavera Ver\u00e3o 2024. A paleta de cores esperada para essa temporada se relaciona muito bem com tons mais claros, mas com um grande n\u00famero de cores, que conversa com listras, po\u00e1s e estampas em xadrez. O conforto continua em alta, a originalidade \u00e9 o que dita a tend\u00eancia e a sustentabilidade n\u00e3o sai de moda.<\/p>\n<p>&nbsp;<\/p>\n<p>Todas as vari\u00e1veis da moda deste final de ano e come\u00e7o do pr\u00f3ximo est\u00e3o nas vitrines das lojas do North Shopping Barretos, n\u00e3o apenas nas opera\u00e7\u00f5es que trabalham diretamente com roupas, sapatos e acess\u00f3rios, mas em todos os espa\u00e7os, pois at\u00e9 em sua comunica\u00e7\u00e3o com o cliente o centro de compras investe nesse quesito.<\/p>\n<p>Pe\u00e7as publicit\u00e1rias anunciando a nova esta\u00e7\u00e3o extrapolam o espa\u00e7o interno do shopping e invadiram a cidade, trazendo a modelo Natacha Cardoso como personagem principal, a advogada de 22 anos que foi eleita a Rainha da Festa do Pe\u00e3o de Boiadeiro de Barretos neste ano e que distribui simpatia por onde passa.<\/p>\n<p>O gerente do North Shopping Barretos, Ricardo Martins Marques, revela que a mudan\u00e7a de esta\u00e7\u00e3o \u00e9 sempre uma excelente oportunidade de vendas para as mais de 100 opera\u00e7\u00f5es do lugar. \u201cPrimavera sempre traz uma percep\u00e7\u00e3o de renascimento, de novidade, pois as flores que colorem os cen\u00e1rios urbanos nessa \u00e9poca do ano carregam consigo muito simbolismo da renova\u00e7\u00e3o. \u00c9 at\u00e9 inconsciente essa vontade de renovar o visual, buscar pe\u00e7as atuais tanto para o guarda-roupas, quanto para a decora\u00e7\u00e3o da casa, que j\u00e1 come\u00e7a tamb\u00e9m a receber um ou outro toque natalino, preparando o clima para as festas de fim de ano. Esse conjunto de decis\u00f5es pessoais movimenta o com\u00e9rcio desde j\u00e1, com a antecipa\u00e7\u00e3o do clima quente, esse movimento tamb\u00e9m come\u00e7ou mais cedo em nosso centro de compras, e estamos mais que preparados para receber nossos clientes com toda a alegria que a esta\u00e7\u00e3o pede\u201d, diz Ricardo.<\/p>\n<p><strong><em>Fotos: M\u00e1rcio Oliveira<\/em><\/strong><\/p>\n<\/div>\n<\/td>\n<\/tr>\n<\/tbody>\n<\/table>\n","protected":false},"excerpt":{"rendered":"<p>\u00a0Natacha Cardoso, rainha da Festa do Pe\u00e3o 2023, \u00e9 a<\/p>\n","protected":false},"author":2,"featured_media":95473,"comment_status":"open","ping_status":"open","sticky":false,"template":"","format":"standard","meta":{"footnotes":""},"categories":[14,25],"tags":[],"class_list":["post-95472","post","type-post","status-publish","format-standard","has-post-thumbnail","hentry","category-barretos","category-cidades"],"yoast_head":"<!-- This site is optimized with the Yoast SEO plugin v27.4 - https:\/\/yoast.com\/product\/yoast-seo-wordpress\/ -->\n<title>Todas as tend\u00eancias da moda Primavera Ver\u00e3o 2024 est\u00e3o no North Shopping - Regi\u00e3o News<\/title>\n<meta name=\"robots\" content=\"index, follow, max-snippet:-1, max-image-preview:large, max-video-preview:-1\" \/>\n<link rel=\"canonical\" href=\"https:\/\/regiaonews.net.br\/2022\/2023\/09\/21\/todas-as-tendencias-da-moda-primavera-verao-2024-estao-no-north-shopping\/\" \/>\n<meta property=\"og:locale\" content=\"pt_BR\" \/>\n<meta property=\"og:type\" content=\"article\" \/>\n<meta property=\"og:title\" content=\"Todas as tend\u00eancias da moda Primavera Ver\u00e3o 2024 est\u00e3o no North Shopping - Regi\u00e3o News\" \/>\n<meta property=\"og:description\" content=\"\u00a0Natacha Cardoso, rainha da Festa do Pe\u00e3o 2023, \u00e9 a\" \/>\n<meta property=\"og:url\" content=\"https:\/\/regiaonews.net.br\/2022\/2023\/09\/21\/todas-as-tendencias-da-moda-primavera-verao-2024-estao-no-north-shopping\/\" \/>\n<meta property=\"og:site_name\" content=\"Regi\u00e3o News\" \/>\n<meta property=\"article:published_time\" content=\"2023-09-22T00:31:55+00:00\" \/>\n<meta property=\"og:image\" content=\"https:\/\/regiaonews.net.br\/2022\/wp-content\/uploads\/2023\/09\/6b0d5f3b-bbce-44c8-983f-630d83f2baae.jpeg\" \/>\n\t<meta property=\"og:image:width\" content=\"1068\" \/>\n\t<meta property=\"og:image:height\" content=\"1600\" \/>\n\t<meta property=\"og:image:type\" content=\"image\/jpeg\" \/>\n<meta name=\"author\" content=\"Roberto\" \/>\n<meta name=\"twitter:card\" content=\"summary_large_image\" \/>\n<meta name=\"twitter:label1\" content=\"Escrito por\" \/>\n\t<meta name=\"twitter:data1\" content=\"Roberto\" \/>\n\t<meta name=\"twitter:label2\" content=\"Est. tempo de leitura\" \/>\n\t<meta name=\"twitter:data2\" content=\"3 minutos\" \/>\n<script type=\"application\/ld+json\" class=\"yoast-schema-graph\">{\"@context\":\"https:\\\/\\\/schema.org\",\"@graph\":[{\"@type\":\"Article\",\"@id\":\"https:\\\/\\\/regiaonews.net.br\\\/2022\\\/2023\\\/09\\\/21\\\/todas-as-tendencias-da-moda-primavera-verao-2024-estao-no-north-shopping\\\/#article\",\"isPartOf\":{\"@id\":\"https:\\\/\\\/regiaonews.net.br\\\/2022\\\/2023\\\/09\\\/21\\\/todas-as-tendencias-da-moda-primavera-verao-2024-estao-no-north-shopping\\\/\"},\"author\":{\"name\":\"Roberto\",\"@id\":\"https:\\\/\\\/regiaonews.net.br\\\/2022\\\/#\\\/schema\\\/person\\\/2d205a608a5aa97ac279d7a5e6d89ad8\"},\"headline\":\"Todas as tend\u00eancias da moda Primavera Ver\u00e3o 2024 est\u00e3o no North Shopping\",\"datePublished\":\"2023-09-22T00:31:55+00:00\",\"mainEntityOfPage\":{\"@id\":\"https:\\\/\\\/regiaonews.net.br\\\/2022\\\/2023\\\/09\\\/21\\\/todas-as-tendencias-da-moda-primavera-verao-2024-estao-no-north-shopping\\\/\"},\"wordCount\":409,\"commentCount\":0,\"publisher\":{\"@id\":\"https:\\\/\\\/regiaonews.net.br\\\/2022\\\/#organization\"},\"image\":{\"@id\":\"https:\\\/\\\/regiaonews.net.br\\\/2022\\\/2023\\\/09\\\/21\\\/todas-as-tendencias-da-moda-primavera-verao-2024-estao-no-north-shopping\\\/#primaryimage\"},\"thumbnailUrl\":\"https:\\\/\\\/regiaonews.net.br\\\/2022\\\/wp-content\\\/uploads\\\/2023\\\/09\\\/6b0d5f3b-bbce-44c8-983f-630d83f2baae.jpeg\",\"articleSection\":[\"Barretos\",\"Cidades\"],\"inLanguage\":\"pt-BR\",\"potentialAction\":[{\"@type\":\"CommentAction\",\"name\":\"Comment\",\"target\":[\"https:\\\/\\\/regiaonews.net.br\\\/2022\\\/2023\\\/09\\\/21\\\/todas-as-tendencias-da-moda-primavera-verao-2024-estao-no-north-shopping\\\/#respond\"]}]},{\"@type\":\"WebPage\",\"@id\":\"https:\\\/\\\/regiaonews.net.br\\\/2022\\\/2023\\\/09\\\/21\\\/todas-as-tendencias-da-moda-primavera-verao-2024-estao-no-north-shopping\\\/\",\"url\":\"https:\\\/\\\/regiaonews.net.br\\\/2022\\\/2023\\\/09\\\/21\\\/todas-as-tendencias-da-moda-primavera-verao-2024-estao-no-north-shopping\\\/\",\"name\":\"Todas as tend\u00eancias da moda Primavera Ver\u00e3o 2024 est\u00e3o no North Shopping - Regi\u00e3o News\",\"isPartOf\":{\"@id\":\"https:\\\/\\\/regiaonews.net.br\\\/2022\\\/#website\"},\"primaryImageOfPage\":{\"@id\":\"https:\\\/\\\/regiaonews.net.br\\\/2022\\\/2023\\\/09\\\/21\\\/todas-as-tendencias-da-moda-primavera-verao-2024-estao-no-north-shopping\\\/#primaryimage\"},\"image\":{\"@id\":\"https:\\\/\\\/regiaonews.net.br\\\/2022\\\/2023\\\/09\\\/21\\\/todas-as-tendencias-da-moda-primavera-verao-2024-estao-no-north-shopping\\\/#primaryimage\"},\"thumbnailUrl\":\"https:\\\/\\\/regiaonews.net.br\\\/2022\\\/wp-content\\\/uploads\\\/2023\\\/09\\\/6b0d5f3b-bbce-44c8-983f-630d83f2baae.jpeg\",\"datePublished\":\"2023-09-22T00:31:55+00:00\",\"breadcrumb\":{\"@id\":\"https:\\\/\\\/regiaonews.net.br\\\/2022\\\/2023\\\/09\\\/21\\\/todas-as-tendencias-da-moda-primavera-verao-2024-estao-no-north-shopping\\\/#breadcrumb\"},\"inLanguage\":\"pt-BR\",\"potentialAction\":[{\"@type\":\"ReadAction\",\"target\":[\"https:\\\/\\\/regiaonews.net.br\\\/2022\\\/2023\\\/09\\\/21\\\/todas-as-tendencias-da-moda-primavera-verao-2024-estao-no-north-shopping\\\/\"]}]},{\"@type\":\"ImageObject\",\"inLanguage\":\"pt-BR\",\"@id\":\"https:\\\/\\\/regiaonews.net.br\\\/2022\\\/2023\\\/09\\\/21\\\/todas-as-tendencias-da-moda-primavera-verao-2024-estao-no-north-shopping\\\/#primaryimage\",\"url\":\"https:\\\/\\\/regiaonews.net.br\\\/2022\\\/wp-content\\\/uploads\\\/2023\\\/09\\\/6b0d5f3b-bbce-44c8-983f-630d83f2baae.jpeg\",\"contentUrl\":\"https:\\\/\\\/regiaonews.net.br\\\/2022\\\/wp-content\\\/uploads\\\/2023\\\/09\\\/6b0d5f3b-bbce-44c8-983f-630d83f2baae.jpeg\",\"width\":1068,\"height\":1600},{\"@type\":\"BreadcrumbList\",\"@id\":\"https:\\\/\\\/regiaonews.net.br\\\/2022\\\/2023\\\/09\\\/21\\\/todas-as-tendencias-da-moda-primavera-verao-2024-estao-no-north-shopping\\\/#breadcrumb\",\"itemListElement\":[{\"@type\":\"ListItem\",\"position\":1,\"name\":\"In\u00edcio\",\"item\":\"https:\\\/\\\/regiaonews.net.br\\\/2022\\\/\"},{\"@type\":\"ListItem\",\"position\":2,\"name\":\"Todas as tend\u00eancias da moda Primavera Ver\u00e3o 2024 est\u00e3o no North Shopping\"}]},{\"@type\":\"WebSite\",\"@id\":\"https:\\\/\\\/regiaonews.net.br\\\/2022\\\/#website\",\"url\":\"https:\\\/\\\/regiaonews.net.br\\\/2022\\\/\",\"name\":\"Regi\u00e3o News\",\"description\":\"Site de Not\u00edcias de Barretos e regi\u00e3o\",\"publisher\":{\"@id\":\"https:\\\/\\\/regiaonews.net.br\\\/2022\\\/#organization\"},\"potentialAction\":[{\"@type\":\"SearchAction\",\"target\":{\"@type\":\"EntryPoint\",\"urlTemplate\":\"https:\\\/\\\/regiaonews.net.br\\\/2022\\\/?s={search_term_string}\"},\"query-input\":{\"@type\":\"PropertyValueSpecification\",\"valueRequired\":true,\"valueName\":\"search_term_string\"}}],\"inLanguage\":\"pt-BR\"},{\"@type\":\"Organization\",\"@id\":\"https:\\\/\\\/regiaonews.net.br\\\/2022\\\/#organization\",\"name\":\"Regi\u00e3o News\",\"url\":\"https:\\\/\\\/regiaonews.net.br\\\/2022\\\/\",\"logo\":{\"@type\":\"ImageObject\",\"inLanguage\":\"pt-BR\",\"@id\":\"https:\\\/\\\/regiaonews.net.br\\\/2022\\\/#\\\/schema\\\/logo\\\/image\\\/\",\"url\":\"https:\\\/\\\/regiaonews.net.br\\\/2022\\\/wp-content\\\/uploads\\\/2026\\\/03\\\/regiao-13-anos-scaled.jpg\",\"contentUrl\":\"https:\\\/\\\/regiaonews.net.br\\\/2022\\\/wp-content\\\/uploads\\\/2026\\\/03\\\/regiao-13-anos-scaled.jpg\",\"width\":2560,\"height\":635,\"caption\":\"Regi\u00e3o News\"},\"image\":{\"@id\":\"https:\\\/\\\/regiaonews.net.br\\\/2022\\\/#\\\/schema\\\/logo\\\/image\\\/\"}},{\"@type\":\"Person\",\"@id\":\"https:\\\/\\\/regiaonews.net.br\\\/2022\\\/#\\\/schema\\\/person\\\/2d205a608a5aa97ac279d7a5e6d89ad8\",\"name\":\"Roberto\",\"image\":{\"@type\":\"ImageObject\",\"inLanguage\":\"pt-BR\",\"@id\":\"https:\\\/\\\/secure.gravatar.com\\\/avatar\\\/42749d8b712ff9d59ca93dc150494e5b55a44134482993f5baeb97e61b7ecc89?s=96&d=mm&r=g\",\"url\":\"https:\\\/\\\/secure.gravatar.com\\\/avatar\\\/42749d8b712ff9d59ca93dc150494e5b55a44134482993f5baeb97e61b7ecc89?s=96&d=mm&r=g\",\"contentUrl\":\"https:\\\/\\\/secure.gravatar.com\\\/avatar\\\/42749d8b712ff9d59ca93dc150494e5b55a44134482993f5baeb97e61b7ecc89?s=96&d=mm&r=g\",\"caption\":\"Roberto\"},\"url\":\"https:\\\/\\\/regiaonews.net.br\\\/2022\\\/author\\\/roberto\\\/\"}]}<\/script>\n<!-- \/ Yoast SEO plugin. -->","yoast_head_json":{"title":"Todas as tend\u00eancias da moda Primavera Ver\u00e3o 2024 est\u00e3o no North Shopping - Regi\u00e3o News","robots":{"index":"index","follow":"follow","max-snippet":"max-snippet:-1","max-image-preview":"max-image-preview:large","max-video-preview":"max-video-preview:-1"},"canonical":"https:\/\/regiaonews.net.br\/2022\/2023\/09\/21\/todas-as-tendencias-da-moda-primavera-verao-2024-estao-no-north-shopping\/","og_locale":"pt_BR","og_type":"article","og_title":"Todas as tend\u00eancias da moda Primavera Ver\u00e3o 2024 est\u00e3o no North Shopping - Regi\u00e3o News","og_description":"\u00a0Natacha Cardoso, rainha da Festa do Pe\u00e3o 2023, \u00e9 a","og_url":"https:\/\/regiaonews.net.br\/2022\/2023\/09\/21\/todas-as-tendencias-da-moda-primavera-verao-2024-estao-no-north-shopping\/","og_site_name":"Regi\u00e3o News","article_published_time":"2023-09-22T00:31:55+00:00","og_image":[{"width":1068,"height":1600,"url":"https:\/\/regiaonews.net.br\/2022\/wp-content\/uploads\/2023\/09\/6b0d5f3b-bbce-44c8-983f-630d83f2baae.jpeg","type":"image\/jpeg"}],"author":"Roberto","twitter_card":"summary_large_image","twitter_misc":{"Escrito por":"Roberto","Est. tempo de leitura":"3 minutos"},"schema":{"@context":"https:\/\/schema.org","@graph":[{"@type":"Article","@id":"https:\/\/regiaonews.net.br\/2022\/2023\/09\/21\/todas-as-tendencias-da-moda-primavera-verao-2024-estao-no-north-shopping\/#article","isPartOf":{"@id":"https:\/\/regiaonews.net.br\/2022\/2023\/09\/21\/todas-as-tendencias-da-moda-primavera-verao-2024-estao-no-north-shopping\/"},"author":{"name":"Roberto","@id":"https:\/\/regiaonews.net.br\/2022\/#\/schema\/person\/2d205a608a5aa97ac279d7a5e6d89ad8"},"headline":"Todas as tend\u00eancias da moda Primavera Ver\u00e3o 2024 est\u00e3o no North Shopping","datePublished":"2023-09-22T00:31:55+00:00","mainEntityOfPage":{"@id":"https:\/\/regiaonews.net.br\/2022\/2023\/09\/21\/todas-as-tendencias-da-moda-primavera-verao-2024-estao-no-north-shopping\/"},"wordCount":409,"commentCount":0,"publisher":{"@id":"https:\/\/regiaonews.net.br\/2022\/#organization"},"image":{"@id":"https:\/\/regiaonews.net.br\/2022\/2023\/09\/21\/todas-as-tendencias-da-moda-primavera-verao-2024-estao-no-north-shopping\/#primaryimage"},"thumbnailUrl":"https:\/\/regiaonews.net.br\/2022\/wp-content\/uploads\/2023\/09\/6b0d5f3b-bbce-44c8-983f-630d83f2baae.jpeg","articleSection":["Barretos","Cidades"],"inLanguage":"pt-BR","potentialAction":[{"@type":"CommentAction","name":"Comment","target":["https:\/\/regiaonews.net.br\/2022\/2023\/09\/21\/todas-as-tendencias-da-moda-primavera-verao-2024-estao-no-north-shopping\/#respond"]}]},{"@type":"WebPage","@id":"https:\/\/regiaonews.net.br\/2022\/2023\/09\/21\/todas-as-tendencias-da-moda-primavera-verao-2024-estao-no-north-shopping\/","url":"https:\/\/regiaonews.net.br\/2022\/2023\/09\/21\/todas-as-tendencias-da-moda-primavera-verao-2024-estao-no-north-shopping\/","name":"Todas as tend\u00eancias da moda Primavera Ver\u00e3o 2024 est\u00e3o no North Shopping - Regi\u00e3o News","isPartOf":{"@id":"https:\/\/regiaonews.net.br\/2022\/#website"},"primaryImageOfPage":{"@id":"https:\/\/regiaonews.net.br\/2022\/2023\/09\/21\/todas-as-tendencias-da-moda-primavera-verao-2024-estao-no-north-shopping\/#primaryimage"},"image":{"@id":"https:\/\/regiaonews.net.br\/2022\/2023\/09\/21\/todas-as-tendencias-da-moda-primavera-verao-2024-estao-no-north-shopping\/#primaryimage"},"thumbnailUrl":"https:\/\/regiaonews.net.br\/2022\/wp-content\/uploads\/2023\/09\/6b0d5f3b-bbce-44c8-983f-630d83f2baae.jpeg","datePublished":"2023-09-22T00:31:55+00:00","breadcrumb":{"@id":"https:\/\/regiaonews.net.br\/2022\/2023\/09\/21\/todas-as-tendencias-da-moda-primavera-verao-2024-estao-no-north-shopping\/#breadcrumb"},"inLanguage":"pt-BR","potentialAction":[{"@type":"ReadAction","target":["https:\/\/regiaonews.net.br\/2022\/2023\/09\/21\/todas-as-tendencias-da-moda-primavera-verao-2024-estao-no-north-shopping\/"]}]},{"@type":"ImageObject","inLanguage":"pt-BR","@id":"https:\/\/regiaonews.net.br\/2022\/2023\/09\/21\/todas-as-tendencias-da-moda-primavera-verao-2024-estao-no-north-shopping\/#primaryimage","url":"https:\/\/regiaonews.net.br\/2022\/wp-content\/uploads\/2023\/09\/6b0d5f3b-bbce-44c8-983f-630d83f2baae.jpeg","contentUrl":"https:\/\/regiaonews.net.br\/2022\/wp-content\/uploads\/2023\/09\/6b0d5f3b-bbce-44c8-983f-630d83f2baae.jpeg","width":1068,"height":1600},{"@type":"BreadcrumbList","@id":"https:\/\/regiaonews.net.br\/2022\/2023\/09\/21\/todas-as-tendencias-da-moda-primavera-verao-2024-estao-no-north-shopping\/#breadcrumb","itemListElement":[{"@type":"ListItem","position":1,"name":"In\u00edcio","item":"https:\/\/regiaonews.net.br\/2022\/"},{"@type":"ListItem","position":2,"name":"Todas as tend\u00eancias da moda Primavera Ver\u00e3o 2024 est\u00e3o no North Shopping"}]},{"@type":"WebSite","@id":"https:\/\/regiaonews.net.br\/2022\/#website","url":"https:\/\/regiaonews.net.br\/2022\/","name":"Regi\u00e3o News","description":"Site de Not\u00edcias de Barretos e regi\u00e3o","publisher":{"@id":"https:\/\/regiaonews.net.br\/2022\/#organization"},"potentialAction":[{"@type":"SearchAction","target":{"@type":"EntryPoint","urlTemplate":"https:\/\/regiaonews.net.br\/2022\/?s={search_term_string}"},"query-input":{"@type":"PropertyValueSpecification","valueRequired":true,"valueName":"search_term_string"}}],"inLanguage":"pt-BR"},{"@type":"Organization","@id":"https:\/\/regiaonews.net.br\/2022\/#organization","name":"Regi\u00e3o News","url":"https:\/\/regiaonews.net.br\/2022\/","logo":{"@type":"ImageObject","inLanguage":"pt-BR","@id":"https:\/\/regiaonews.net.br\/2022\/#\/schema\/logo\/image\/","url":"https:\/\/regiaonews.net.br\/2022\/wp-content\/uploads\/2026\/03\/regiao-13-anos-scaled.jpg","contentUrl":"https:\/\/regiaonews.net.br\/2022\/wp-content\/uploads\/2026\/03\/regiao-13-anos-scaled.jpg","width":2560,"height":635,"caption":"Regi\u00e3o News"},"image":{"@id":"https:\/\/regiaonews.net.br\/2022\/#\/schema\/logo\/image\/"}},{"@type":"Person","@id":"https:\/\/regiaonews.net.br\/2022\/#\/schema\/person\/2d205a608a5aa97ac279d7a5e6d89ad8","name":"Roberto","image":{"@type":"ImageObject","inLanguage":"pt-BR","@id":"https:\/\/secure.gravatar.com\/avatar\/42749d8b712ff9d59ca93dc150494e5b55a44134482993f5baeb97e61b7ecc89?s=96&d=mm&r=g","url":"https:\/\/secure.gravatar.com\/avatar\/42749d8b712ff9d59ca93dc150494e5b55a44134482993f5baeb97e61b7ecc89?s=96&d=mm&r=g","contentUrl":"https:\/\/secure.gravatar.com\/avatar\/42749d8b712ff9d59ca93dc150494e5b55a44134482993f5baeb97e61b7ecc89?s=96&d=mm&r=g","caption":"Roberto"},"url":"https:\/\/regiaonews.net.br\/2022\/author\/roberto\/"}]}},"publishpress_future_action":{"enabled":false,"date":"2026-05-05 03:00:53","action":"change-status","newStatus":"draft","terms":[],"taxonomy":"category","extraData":[]},"publishpress_future_workflow_manual_trigger":{"enabledWorkflows":[]},"_links":{"self":[{"href":"https:\/\/regiaonews.net.br\/2022\/wp-json\/wp\/v2\/posts\/95472","targetHints":{"allow":["GET"]}}],"collection":[{"href":"https:\/\/regiaonews.net.br\/2022\/wp-json\/wp\/v2\/posts"}],"about":[{"href":"https:\/\/regiaonews.net.br\/2022\/wp-json\/wp\/v2\/types\/post"}],"author":[{"embeddable":true,"href":"https:\/\/regiaonews.net.br\/2022\/wp-json\/wp\/v2\/users\/2"}],"replies":[{"embeddable":true,"href":"https:\/\/regiaonews.net.br\/2022\/wp-json\/wp\/v2\/comments?post=95472"}],"version-history":[{"count":1,"href":"https:\/\/regiaonews.net.br\/2022\/wp-json\/wp\/v2\/posts\/95472\/revisions"}],"predecessor-version":[{"id":95475,"href":"https:\/\/regiaonews.net.br\/2022\/wp-json\/wp\/v2\/posts\/95472\/revisions\/95475"}],"wp:featuredmedia":[{"embeddable":true,"href":"https:\/\/regiaonews.net.br\/2022\/wp-json\/wp\/v2\/media\/95473"}],"wp:attachment":[{"href":"https:\/\/regiaonews.net.br\/2022\/wp-json\/wp\/v2\/media?parent=95472"}],"wp:term":[{"taxonomy":"category","embeddable":true,"href":"https:\/\/regiaonews.net.br\/2022\/wp-json\/wp\/v2\/categories?post=95472"},{"taxonomy":"post_tag","embeddable":true,"href":"https:\/\/regiaonews.net.br\/2022\/wp-json\/wp\/v2\/tags?post=95472"}],"curies":[{"name":"wp","href":"https:\/\/api.w.org\/{rel}","templated":true}]}}