{"id":95468,"date":"2023-09-21T21:26:01","date_gmt":"2023-09-22T00:26:01","guid":{"rendered":"https:\/\/regiaonews.net.br\/2022\/?p=95468"},"modified":"2023-09-21T21:26:01","modified_gmt":"2023-09-22T00:26:01","slug":"equipes-que-atuarao-no-jaguariuna-rodeo-festival-passam-por-treinamento-lace-o-respeito","status":"publish","type":"post","link":"https:\/\/regiaonews.net.br\/2022\/2023\/09\/21\/equipes-que-atuarao-no-jaguariuna-rodeo-festival-passam-por-treinamento-lace-o-respeito\/","title":{"rendered":"Equipes que atuar\u00e3o no Jaguari\u00fana Rodeo Festival passam por treinamento \u201cLace o Respeito\u201d"},"content":{"rendered":"<div>\n<div><\/div>\n<\/div>\n<div>\n<div><a href=\"https:\/\/regiaonews.net.br\/2022\/wp-content\/uploads\/2023\/09\/cee8d226-8b8e-42cc-ae75-eaf457ae046d.jpeg\"><img loading=\"lazy\" decoding=\"async\" class=\"alignnone size-medium wp-image-95470\" src=\"https:\/\/regiaonews.net.br\/2022\/wp-content\/uploads\/2023\/09\/cee8d226-8b8e-42cc-ae75-eaf457ae046d-300x200.jpeg\" alt=\"\" width=\"300\" height=\"200\" srcset=\"https:\/\/regiaonews.net.br\/2022\/wp-content\/uploads\/2023\/09\/cee8d226-8b8e-42cc-ae75-eaf457ae046d-300x200.jpeg 300w, https:\/\/regiaonews.net.br\/2022\/wp-content\/uploads\/2023\/09\/cee8d226-8b8e-42cc-ae75-eaf457ae046d-1024x682.jpeg 1024w, https:\/\/regiaonews.net.br\/2022\/wp-content\/uploads\/2023\/09\/cee8d226-8b8e-42cc-ae75-eaf457ae046d-768x512.jpeg 768w, https:\/\/regiaonews.net.br\/2022\/wp-content\/uploads\/2023\/09\/cee8d226-8b8e-42cc-ae75-eaf457ae046d-1536x1023.jpeg 1536w, https:\/\/regiaonews.net.br\/2022\/wp-content\/uploads\/2023\/09\/cee8d226-8b8e-42cc-ae75-eaf457ae046d-250x167.jpeg 250w, https:\/\/regiaonews.net.br\/2022\/wp-content\/uploads\/2023\/09\/cee8d226-8b8e-42cc-ae75-eaf457ae046d-900x600.jpeg 900w, https:\/\/regiaonews.net.br\/2022\/wp-content\/uploads\/2023\/09\/cee8d226-8b8e-42cc-ae75-eaf457ae046d.jpeg 1600w\" sizes=\"auto, (max-width: 300px) 100vw, 300px\" \/><\/a><\/div>\n<\/div>\n<div><\/div>\n<table role=\"presentation\" border=\"0\" width=\"100%\" cellspacing=\"0\" cellpadding=\"0\">\n<tbody>\n<tr>\n<td align=\"left\"><\/td>\n<\/tr>\n<tr>\n<td align=\"left\"><\/td>\n<\/tr>\n<tr>\n<td align=\"left\">\n<div>\n<p><em>Projeto do ICDH realiza a\u00e7\u00f5es no evento para preven\u00e7\u00e3o e combate ao ass\u00e9dio, preconceitos e promo\u00e7\u00e3o da inclus\u00e3o e diversidade<\/em><\/p>\n<\/div>\n<\/td>\n<\/tr>\n<tr>\n<td align=\"left\">\n<div>\n<p>Uma novidade na j\u00e1 tradicional noite teste das equipes que atuar\u00e3o no Jaguari\u00fana Rodeo Festival, o treinamento \u201cLace o Respeito\u201d faz parte da s\u00e9rie de iniciativas da campanha realizada pelo ICDH \u2013 Instituto de Compromisso com o Desenvolvimento Humano, no evento de Jaguari\u00fana. Mais de cem pessoas foram impactadas pelas informa\u00e7\u00f5es, passadas pela jornalista Luciana Gomes, sobre qualidade no atendimento aos p\u00fablico externo e interno,\u00a0preven\u00e7\u00e3o e combate ao ass\u00e9dio, o que fazer em casos de ass\u00e9dio, racismo, homofobia ou qualquer outro tipo de discrimina\u00e7\u00e3o ou viol\u00eancia, entre outros temas sens\u00edveis, na noite da \u00faltima quarta-feira, dia 20 de setembro, no espa\u00e7o do Camarote Brahma. O treinamento foi desenvolvido j\u00e1 dentro das determina\u00e7\u00f5es da recente lei estadual que determina esse tipo de realiza\u00e7\u00e3o em bares, restaurantes, baladas e similares, caso dos eventos de rodeio e shows musicais.<\/p>\n<p>Al\u00e9m do treinamento, o \u201cLace o Respeito\u201d ter\u00e1 mensagens nos muitos tel\u00f5es do Red Eventos, local que abriga o Jaguariuna Rodeo Festival, e um Espa\u00e7o Acolhedor, com a presen\u00e7a de profissionais habilitados para o atendimento a poss\u00edveis v\u00edtimas de qualquer tipo de discrimina\u00e7\u00e3o, viol\u00eancia ou ass\u00e9dio. Profissionais preparados para acolher e, se for o caso, orientar as vitimas em rela\u00e7\u00e3o a den\u00fancias oficiais junto \u00e0s autoridades.<\/p>\n<p>A diretora executiva e fundadora do ICDH, Denise Marconi, explica que com a campanha foi idealizada com muito cuidado e carinho. \u201cO mundo est\u00e1 mudando e temos que acompanhar essas mudan\u00e7as em todos os cen\u00e1rios poss\u00edveis, com a\u00e7\u00f5es concretas que tenham como objetivo o esclarecimento, a conscientiza\u00e7\u00e3o, a inclus\u00e3o e o respeito a diversidade, entre outros pensamentos que tem como base a valoriza\u00e7\u00e3o do ser humano em sua integralidade. N\u00f3s do ICDH temos essa preocupa\u00e7\u00e3o como DNA da institui\u00e7\u00e3o e atuar nos grandes eventos com esses conceitos t\u00e3o clara e ativamente \u00e9 uma miss\u00e3o que nos propomos, o Lace o Respeito nasceu dessa atua\u00e7\u00e3o e ganha uma dimens\u00e3o mais pr\u00e1tica em Jaguari\u00fana, mas deve ser replicado em outros eventos pelo pa\u00eds\u201d, revela a empres\u00e1ria.<\/p>\n<p>O Jaguari\u00fana Rodeo Festival acontece a partir desta sexta, dia 22, no Red Eventos, em Jaguar\u00eduna\/SP, tendo programa\u00e7\u00e3o de provas de rodeio e shows musicais nos dias 22, 23, 29 e 30 de setembro, com expectativa de receber p\u00fablico de mais de mil cidades de todos os estados brasileiros, gerando milhares de empregos diretos.<\/p>\n<p>O ICDH &#8211; Instituto de Compromisso com o Desenvolvimento Humano atuar\u00e1 tamb\u00e9m em outros setores do Jaguari\u00fana Rodeo Festival, com a\u00e7\u00f5es sociais, como o projeto Compromisso de Gente Grande, que vai distribuir doa\u00e7\u00f5es a quatro entidades assistenciais da cidade, em parceria com a marca Gr\u00e3o de Gente e o Instituto Sabrina Sato; com atua\u00e7\u00e3o de sustentabilidade no suporte \u00e0s equipes respons\u00e1veis pela coleta e destina\u00e7\u00e3o dos res\u00edduos resultantes da festa, aproveitando ao m\u00e1ximo o material recl\u00e1vel; e com a conscientiza\u00e7\u00e3o sobre o consumo consciente de bebida alco\u00f3lica, dentro do programa Seguuuuuuura a Emo\u00e7\u00e3o, desenvolvido em parceria com a Ambev.<\/p>\n<p>Grade de shows do evento:<\/p>\n<p>Dia 22 &#8211; Henrique e Juliano, Thiaguinho, Locos e Clayton e Rom\u00e1rio<\/p>\n<p>Dia 23 &#8211; Lynyrd Skynyrd, Z\u00e9 Neto &amp; Cristiano, \u00cdcaro &amp; Gilmar e Pedro Sampaio<\/p>\n<p>Dia 29 &#8211; Ana Castela, Bruno &amp; Marrone, Maiara &amp; Maraisa, DJs KVSH e Malifoo<\/p>\n<p>Dia 30 &#8211; Jorge &amp; Mateus, Luan Santana, Gustavo Mioto e Dennis<\/p>\n<p>As vendas do Jaguari\u00fana Rodeo Festival est\u00e3o abertas no site Totalacesso.com.<\/p>\n<\/div>\n<\/td>\n<\/tr>\n<\/tbody>\n<\/table>\n","protected":false},"excerpt":{"rendered":"<p>Projeto do ICDH realiza a\u00e7\u00f5es no evento para preven\u00e7\u00e3o e<\/p>\n","protected":false},"author":2,"featured_media":95469,"comment_status":"open","ping_status":"open","sticky":false,"template":"","format":"standard","meta":{"footnotes":""},"categories":[3],"tags":[],"class_list":["post-95468","post","type-post","status-publish","format-standard","has-post-thumbnail","hentry","category-geral"],"yoast_head":"<!-- This site is optimized with the Yoast SEO plugin v27.4 - https:\/\/yoast.com\/product\/yoast-seo-wordpress\/ -->\n<title>Equipes que atuar\u00e3o no Jaguari\u00fana Rodeo Festival passam por treinamento \u201cLace o Respeito\u201d - Regi\u00e3o News<\/title>\n<meta name=\"robots\" content=\"index, follow, max-snippet:-1, max-image-preview:large, max-video-preview:-1\" \/>\n<link rel=\"canonical\" href=\"https:\/\/regiaonews.net.br\/2022\/2023\/09\/21\/equipes-que-atuarao-no-jaguariuna-rodeo-festival-passam-por-treinamento-lace-o-respeito\/\" \/>\n<meta property=\"og:locale\" content=\"pt_BR\" \/>\n<meta property=\"og:type\" content=\"article\" \/>\n<meta property=\"og:title\" content=\"Equipes que atuar\u00e3o no Jaguari\u00fana Rodeo Festival passam por treinamento \u201cLace o Respeito\u201d - Regi\u00e3o News\" \/>\n<meta property=\"og:description\" content=\"Projeto do ICDH realiza a\u00e7\u00f5es no evento para preven\u00e7\u00e3o e\" \/>\n<meta property=\"og:url\" content=\"https:\/\/regiaonews.net.br\/2022\/2023\/09\/21\/equipes-que-atuarao-no-jaguariuna-rodeo-festival-passam-por-treinamento-lace-o-respeito\/\" \/>\n<meta property=\"og:site_name\" content=\"Regi\u00e3o News\" \/>\n<meta property=\"article:published_time\" content=\"2023-09-22T00:26:01+00:00\" \/>\n<meta property=\"og:image\" content=\"https:\/\/regiaonews.net.br\/2022\/wp-content\/uploads\/2023\/09\/fb05d372-0555-49dc-8371-402c92a742f7.jpeg\" \/>\n\t<meta property=\"og:image:width\" content=\"1572\" \/>\n\t<meta property=\"og:image:height\" content=\"1048\" \/>\n\t<meta property=\"og:image:type\" content=\"image\/jpeg\" \/>\n<meta name=\"author\" content=\"Roberto\" \/>\n<meta name=\"twitter:card\" content=\"summary_large_image\" \/>\n<meta name=\"twitter:label1\" content=\"Escrito por\" \/>\n\t<meta name=\"twitter:data1\" content=\"Roberto\" \/>\n\t<meta name=\"twitter:label2\" content=\"Est. tempo de leitura\" \/>\n\t<meta name=\"twitter:data2\" content=\"4 minutos\" \/>\n<script type=\"application\/ld+json\" class=\"yoast-schema-graph\">{\"@context\":\"https:\\\/\\\/schema.org\",\"@graph\":[{\"@type\":\"Article\",\"@id\":\"https:\\\/\\\/regiaonews.net.br\\\/2022\\\/2023\\\/09\\\/21\\\/equipes-que-atuarao-no-jaguariuna-rodeo-festival-passam-por-treinamento-lace-o-respeito\\\/#article\",\"isPartOf\":{\"@id\":\"https:\\\/\\\/regiaonews.net.br\\\/2022\\\/2023\\\/09\\\/21\\\/equipes-que-atuarao-no-jaguariuna-rodeo-festival-passam-por-treinamento-lace-o-respeito\\\/\"},\"author\":{\"name\":\"Roberto\",\"@id\":\"https:\\\/\\\/regiaonews.net.br\\\/2022\\\/#\\\/schema\\\/person\\\/2d205a608a5aa97ac279d7a5e6d89ad8\"},\"headline\":\"Equipes que atuar\u00e3o no Jaguari\u00fana Rodeo Festival passam por treinamento \u201cLace o Respeito\u201d\",\"datePublished\":\"2023-09-22T00:26:01+00:00\",\"mainEntityOfPage\":{\"@id\":\"https:\\\/\\\/regiaonews.net.br\\\/2022\\\/2023\\\/09\\\/21\\\/equipes-que-atuarao-no-jaguariuna-rodeo-festival-passam-por-treinamento-lace-o-respeito\\\/\"},\"wordCount\":645,\"commentCount\":0,\"publisher\":{\"@id\":\"https:\\\/\\\/regiaonews.net.br\\\/2022\\\/#organization\"},\"image\":{\"@id\":\"https:\\\/\\\/regiaonews.net.br\\\/2022\\\/2023\\\/09\\\/21\\\/equipes-que-atuarao-no-jaguariuna-rodeo-festival-passam-por-treinamento-lace-o-respeito\\\/#primaryimage\"},\"thumbnailUrl\":\"https:\\\/\\\/regiaonews.net.br\\\/2022\\\/wp-content\\\/uploads\\\/2023\\\/09\\\/fb05d372-0555-49dc-8371-402c92a742f7.jpeg\",\"articleSection\":[\"Geral\"],\"inLanguage\":\"pt-BR\",\"potentialAction\":[{\"@type\":\"CommentAction\",\"name\":\"Comment\",\"target\":[\"https:\\\/\\\/regiaonews.net.br\\\/2022\\\/2023\\\/09\\\/21\\\/equipes-que-atuarao-no-jaguariuna-rodeo-festival-passam-por-treinamento-lace-o-respeito\\\/#respond\"]}]},{\"@type\":\"WebPage\",\"@id\":\"https:\\\/\\\/regiaonews.net.br\\\/2022\\\/2023\\\/09\\\/21\\\/equipes-que-atuarao-no-jaguariuna-rodeo-festival-passam-por-treinamento-lace-o-respeito\\\/\",\"url\":\"https:\\\/\\\/regiaonews.net.br\\\/2022\\\/2023\\\/09\\\/21\\\/equipes-que-atuarao-no-jaguariuna-rodeo-festival-passam-por-treinamento-lace-o-respeito\\\/\",\"name\":\"Equipes que atuar\u00e3o no Jaguari\u00fana Rodeo Festival passam por treinamento \u201cLace o Respeito\u201d - Regi\u00e3o News\",\"isPartOf\":{\"@id\":\"https:\\\/\\\/regiaonews.net.br\\\/2022\\\/#website\"},\"primaryImageOfPage\":{\"@id\":\"https:\\\/\\\/regiaonews.net.br\\\/2022\\\/2023\\\/09\\\/21\\\/equipes-que-atuarao-no-jaguariuna-rodeo-festival-passam-por-treinamento-lace-o-respeito\\\/#primaryimage\"},\"image\":{\"@id\":\"https:\\\/\\\/regiaonews.net.br\\\/2022\\\/2023\\\/09\\\/21\\\/equipes-que-atuarao-no-jaguariuna-rodeo-festival-passam-por-treinamento-lace-o-respeito\\\/#primaryimage\"},\"thumbnailUrl\":\"https:\\\/\\\/regiaonews.net.br\\\/2022\\\/wp-content\\\/uploads\\\/2023\\\/09\\\/fb05d372-0555-49dc-8371-402c92a742f7.jpeg\",\"datePublished\":\"2023-09-22T00:26:01+00:00\",\"breadcrumb\":{\"@id\":\"https:\\\/\\\/regiaonews.net.br\\\/2022\\\/2023\\\/09\\\/21\\\/equipes-que-atuarao-no-jaguariuna-rodeo-festival-passam-por-treinamento-lace-o-respeito\\\/#breadcrumb\"},\"inLanguage\":\"pt-BR\",\"potentialAction\":[{\"@type\":\"ReadAction\",\"target\":[\"https:\\\/\\\/regiaonews.net.br\\\/2022\\\/2023\\\/09\\\/21\\\/equipes-que-atuarao-no-jaguariuna-rodeo-festival-passam-por-treinamento-lace-o-respeito\\\/\"]}]},{\"@type\":\"ImageObject\",\"inLanguage\":\"pt-BR\",\"@id\":\"https:\\\/\\\/regiaonews.net.br\\\/2022\\\/2023\\\/09\\\/21\\\/equipes-que-atuarao-no-jaguariuna-rodeo-festival-passam-por-treinamento-lace-o-respeito\\\/#primaryimage\",\"url\":\"https:\\\/\\\/regiaonews.net.br\\\/2022\\\/wp-content\\\/uploads\\\/2023\\\/09\\\/fb05d372-0555-49dc-8371-402c92a742f7.jpeg\",\"contentUrl\":\"https:\\\/\\\/regiaonews.net.br\\\/2022\\\/wp-content\\\/uploads\\\/2023\\\/09\\\/fb05d372-0555-49dc-8371-402c92a742f7.jpeg\",\"width\":1572,\"height\":1048},{\"@type\":\"BreadcrumbList\",\"@id\":\"https:\\\/\\\/regiaonews.net.br\\\/2022\\\/2023\\\/09\\\/21\\\/equipes-que-atuarao-no-jaguariuna-rodeo-festival-passam-por-treinamento-lace-o-respeito\\\/#breadcrumb\",\"itemListElement\":[{\"@type\":\"ListItem\",\"position\":1,\"name\":\"In\u00edcio\",\"item\":\"https:\\\/\\\/regiaonews.net.br\\\/2022\\\/\"},{\"@type\":\"ListItem\",\"position\":2,\"name\":\"Equipes que atuar\u00e3o no Jaguari\u00fana Rodeo Festival passam por treinamento \u201cLace o Respeito\u201d\"}]},{\"@type\":\"WebSite\",\"@id\":\"https:\\\/\\\/regiaonews.net.br\\\/2022\\\/#website\",\"url\":\"https:\\\/\\\/regiaonews.net.br\\\/2022\\\/\",\"name\":\"Regi\u00e3o News\",\"description\":\"Site de Not\u00edcias de Barretos e regi\u00e3o\",\"publisher\":{\"@id\":\"https:\\\/\\\/regiaonews.net.br\\\/2022\\\/#organization\"},\"potentialAction\":[{\"@type\":\"SearchAction\",\"target\":{\"@type\":\"EntryPoint\",\"urlTemplate\":\"https:\\\/\\\/regiaonews.net.br\\\/2022\\\/?s={search_term_string}\"},\"query-input\":{\"@type\":\"PropertyValueSpecification\",\"valueRequired\":true,\"valueName\":\"search_term_string\"}}],\"inLanguage\":\"pt-BR\"},{\"@type\":\"Organization\",\"@id\":\"https:\\\/\\\/regiaonews.net.br\\\/2022\\\/#organization\",\"name\":\"Regi\u00e3o News\",\"url\":\"https:\\\/\\\/regiaonews.net.br\\\/2022\\\/\",\"logo\":{\"@type\":\"ImageObject\",\"inLanguage\":\"pt-BR\",\"@id\":\"https:\\\/\\\/regiaonews.net.br\\\/2022\\\/#\\\/schema\\\/logo\\\/image\\\/\",\"url\":\"https:\\\/\\\/regiaonews.net.br\\\/2022\\\/wp-content\\\/uploads\\\/2026\\\/03\\\/regiao-13-anos-scaled.jpg\",\"contentUrl\":\"https:\\\/\\\/regiaonews.net.br\\\/2022\\\/wp-content\\\/uploads\\\/2026\\\/03\\\/regiao-13-anos-scaled.jpg\",\"width\":2560,\"height\":635,\"caption\":\"Regi\u00e3o News\"},\"image\":{\"@id\":\"https:\\\/\\\/regiaonews.net.br\\\/2022\\\/#\\\/schema\\\/logo\\\/image\\\/\"}},{\"@type\":\"Person\",\"@id\":\"https:\\\/\\\/regiaonews.net.br\\\/2022\\\/#\\\/schema\\\/person\\\/2d205a608a5aa97ac279d7a5e6d89ad8\",\"name\":\"Roberto\",\"image\":{\"@type\":\"ImageObject\",\"inLanguage\":\"pt-BR\",\"@id\":\"https:\\\/\\\/secure.gravatar.com\\\/avatar\\\/42749d8b712ff9d59ca93dc150494e5b55a44134482993f5baeb97e61b7ecc89?s=96&d=mm&r=g\",\"url\":\"https:\\\/\\\/secure.gravatar.com\\\/avatar\\\/42749d8b712ff9d59ca93dc150494e5b55a44134482993f5baeb97e61b7ecc89?s=96&d=mm&r=g\",\"contentUrl\":\"https:\\\/\\\/secure.gravatar.com\\\/avatar\\\/42749d8b712ff9d59ca93dc150494e5b55a44134482993f5baeb97e61b7ecc89?s=96&d=mm&r=g\",\"caption\":\"Roberto\"},\"url\":\"https:\\\/\\\/regiaonews.net.br\\\/2022\\\/author\\\/roberto\\\/\"}]}<\/script>\n<!-- \/ Yoast SEO plugin. -->","yoast_head_json":{"title":"Equipes que atuar\u00e3o no Jaguari\u00fana Rodeo Festival passam por treinamento \u201cLace o Respeito\u201d - Regi\u00e3o News","robots":{"index":"index","follow":"follow","max-snippet":"max-snippet:-1","max-image-preview":"max-image-preview:large","max-video-preview":"max-video-preview:-1"},"canonical":"https:\/\/regiaonews.net.br\/2022\/2023\/09\/21\/equipes-que-atuarao-no-jaguariuna-rodeo-festival-passam-por-treinamento-lace-o-respeito\/","og_locale":"pt_BR","og_type":"article","og_title":"Equipes que atuar\u00e3o no Jaguari\u00fana Rodeo Festival passam por treinamento \u201cLace o Respeito\u201d - Regi\u00e3o News","og_description":"Projeto do ICDH realiza a\u00e7\u00f5es no evento para preven\u00e7\u00e3o e","og_url":"https:\/\/regiaonews.net.br\/2022\/2023\/09\/21\/equipes-que-atuarao-no-jaguariuna-rodeo-festival-passam-por-treinamento-lace-o-respeito\/","og_site_name":"Regi\u00e3o News","article_published_time":"2023-09-22T00:26:01+00:00","og_image":[{"width":1572,"height":1048,"url":"https:\/\/regiaonews.net.br\/2022\/wp-content\/uploads\/2023\/09\/fb05d372-0555-49dc-8371-402c92a742f7.jpeg","type":"image\/jpeg"}],"author":"Roberto","twitter_card":"summary_large_image","twitter_misc":{"Escrito por":"Roberto","Est. tempo de leitura":"4 minutos"},"schema":{"@context":"https:\/\/schema.org","@graph":[{"@type":"Article","@id":"https:\/\/regiaonews.net.br\/2022\/2023\/09\/21\/equipes-que-atuarao-no-jaguariuna-rodeo-festival-passam-por-treinamento-lace-o-respeito\/#article","isPartOf":{"@id":"https:\/\/regiaonews.net.br\/2022\/2023\/09\/21\/equipes-que-atuarao-no-jaguariuna-rodeo-festival-passam-por-treinamento-lace-o-respeito\/"},"author":{"name":"Roberto","@id":"https:\/\/regiaonews.net.br\/2022\/#\/schema\/person\/2d205a608a5aa97ac279d7a5e6d89ad8"},"headline":"Equipes que atuar\u00e3o no Jaguari\u00fana Rodeo Festival passam por treinamento \u201cLace o Respeito\u201d","datePublished":"2023-09-22T00:26:01+00:00","mainEntityOfPage":{"@id":"https:\/\/regiaonews.net.br\/2022\/2023\/09\/21\/equipes-que-atuarao-no-jaguariuna-rodeo-festival-passam-por-treinamento-lace-o-respeito\/"},"wordCount":645,"commentCount":0,"publisher":{"@id":"https:\/\/regiaonews.net.br\/2022\/#organization"},"image":{"@id":"https:\/\/regiaonews.net.br\/2022\/2023\/09\/21\/equipes-que-atuarao-no-jaguariuna-rodeo-festival-passam-por-treinamento-lace-o-respeito\/#primaryimage"},"thumbnailUrl":"https:\/\/regiaonews.net.br\/2022\/wp-content\/uploads\/2023\/09\/fb05d372-0555-49dc-8371-402c92a742f7.jpeg","articleSection":["Geral"],"inLanguage":"pt-BR","potentialAction":[{"@type":"CommentAction","name":"Comment","target":["https:\/\/regiaonews.net.br\/2022\/2023\/09\/21\/equipes-que-atuarao-no-jaguariuna-rodeo-festival-passam-por-treinamento-lace-o-respeito\/#respond"]}]},{"@type":"WebPage","@id":"https:\/\/regiaonews.net.br\/2022\/2023\/09\/21\/equipes-que-atuarao-no-jaguariuna-rodeo-festival-passam-por-treinamento-lace-o-respeito\/","url":"https:\/\/regiaonews.net.br\/2022\/2023\/09\/21\/equipes-que-atuarao-no-jaguariuna-rodeo-festival-passam-por-treinamento-lace-o-respeito\/","name":"Equipes que atuar\u00e3o no Jaguari\u00fana Rodeo Festival passam por treinamento \u201cLace o Respeito\u201d - Regi\u00e3o News","isPartOf":{"@id":"https:\/\/regiaonews.net.br\/2022\/#website"},"primaryImageOfPage":{"@id":"https:\/\/regiaonews.net.br\/2022\/2023\/09\/21\/equipes-que-atuarao-no-jaguariuna-rodeo-festival-passam-por-treinamento-lace-o-respeito\/#primaryimage"},"image":{"@id":"https:\/\/regiaonews.net.br\/2022\/2023\/09\/21\/equipes-que-atuarao-no-jaguariuna-rodeo-festival-passam-por-treinamento-lace-o-respeito\/#primaryimage"},"thumbnailUrl":"https:\/\/regiaonews.net.br\/2022\/wp-content\/uploads\/2023\/09\/fb05d372-0555-49dc-8371-402c92a742f7.jpeg","datePublished":"2023-09-22T00:26:01+00:00","breadcrumb":{"@id":"https:\/\/regiaonews.net.br\/2022\/2023\/09\/21\/equipes-que-atuarao-no-jaguariuna-rodeo-festival-passam-por-treinamento-lace-o-respeito\/#breadcrumb"},"inLanguage":"pt-BR","potentialAction":[{"@type":"ReadAction","target":["https:\/\/regiaonews.net.br\/2022\/2023\/09\/21\/equipes-que-atuarao-no-jaguariuna-rodeo-festival-passam-por-treinamento-lace-o-respeito\/"]}]},{"@type":"ImageObject","inLanguage":"pt-BR","@id":"https:\/\/regiaonews.net.br\/2022\/2023\/09\/21\/equipes-que-atuarao-no-jaguariuna-rodeo-festival-passam-por-treinamento-lace-o-respeito\/#primaryimage","url":"https:\/\/regiaonews.net.br\/2022\/wp-content\/uploads\/2023\/09\/fb05d372-0555-49dc-8371-402c92a742f7.jpeg","contentUrl":"https:\/\/regiaonews.net.br\/2022\/wp-content\/uploads\/2023\/09\/fb05d372-0555-49dc-8371-402c92a742f7.jpeg","width":1572,"height":1048},{"@type":"BreadcrumbList","@id":"https:\/\/regiaonews.net.br\/2022\/2023\/09\/21\/equipes-que-atuarao-no-jaguariuna-rodeo-festival-passam-por-treinamento-lace-o-respeito\/#breadcrumb","itemListElement":[{"@type":"ListItem","position":1,"name":"In\u00edcio","item":"https:\/\/regiaonews.net.br\/2022\/"},{"@type":"ListItem","position":2,"name":"Equipes que atuar\u00e3o no Jaguari\u00fana Rodeo Festival passam por treinamento \u201cLace o Respeito\u201d"}]},{"@type":"WebSite","@id":"https:\/\/regiaonews.net.br\/2022\/#website","url":"https:\/\/regiaonews.net.br\/2022\/","name":"Regi\u00e3o News","description":"Site de Not\u00edcias de Barretos e regi\u00e3o","publisher":{"@id":"https:\/\/regiaonews.net.br\/2022\/#organization"},"potentialAction":[{"@type":"SearchAction","target":{"@type":"EntryPoint","urlTemplate":"https:\/\/regiaonews.net.br\/2022\/?s={search_term_string}"},"query-input":{"@type":"PropertyValueSpecification","valueRequired":true,"valueName":"search_term_string"}}],"inLanguage":"pt-BR"},{"@type":"Organization","@id":"https:\/\/regiaonews.net.br\/2022\/#organization","name":"Regi\u00e3o News","url":"https:\/\/regiaonews.net.br\/2022\/","logo":{"@type":"ImageObject","inLanguage":"pt-BR","@id":"https:\/\/regiaonews.net.br\/2022\/#\/schema\/logo\/image\/","url":"https:\/\/regiaonews.net.br\/2022\/wp-content\/uploads\/2026\/03\/regiao-13-anos-scaled.jpg","contentUrl":"https:\/\/regiaonews.net.br\/2022\/wp-content\/uploads\/2026\/03\/regiao-13-anos-scaled.jpg","width":2560,"height":635,"caption":"Regi\u00e3o News"},"image":{"@id":"https:\/\/regiaonews.net.br\/2022\/#\/schema\/logo\/image\/"}},{"@type":"Person","@id":"https:\/\/regiaonews.net.br\/2022\/#\/schema\/person\/2d205a608a5aa97ac279d7a5e6d89ad8","name":"Roberto","image":{"@type":"ImageObject","inLanguage":"pt-BR","@id":"https:\/\/secure.gravatar.com\/avatar\/42749d8b712ff9d59ca93dc150494e5b55a44134482993f5baeb97e61b7ecc89?s=96&d=mm&r=g","url":"https:\/\/secure.gravatar.com\/avatar\/42749d8b712ff9d59ca93dc150494e5b55a44134482993f5baeb97e61b7ecc89?s=96&d=mm&r=g","contentUrl":"https:\/\/secure.gravatar.com\/avatar\/42749d8b712ff9d59ca93dc150494e5b55a44134482993f5baeb97e61b7ecc89?s=96&d=mm&r=g","caption":"Roberto"},"url":"https:\/\/regiaonews.net.br\/2022\/author\/roberto\/"}]}},"publishpress_future_action":{"enabled":false,"date":"2026-05-05 04:53:39","action":"change-status","newStatus":"draft","terms":[],"taxonomy":"category","extraData":[]},"publishpress_future_workflow_manual_trigger":{"enabledWorkflows":[]},"_links":{"self":[{"href":"https:\/\/regiaonews.net.br\/2022\/wp-json\/wp\/v2\/posts\/95468","targetHints":{"allow":["GET"]}}],"collection":[{"href":"https:\/\/regiaonews.net.br\/2022\/wp-json\/wp\/v2\/posts"}],"about":[{"href":"https:\/\/regiaonews.net.br\/2022\/wp-json\/wp\/v2\/types\/post"}],"author":[{"embeddable":true,"href":"https:\/\/regiaonews.net.br\/2022\/wp-json\/wp\/v2\/users\/2"}],"replies":[{"embeddable":true,"href":"https:\/\/regiaonews.net.br\/2022\/wp-json\/wp\/v2\/comments?post=95468"}],"version-history":[{"count":1,"href":"https:\/\/regiaonews.net.br\/2022\/wp-json\/wp\/v2\/posts\/95468\/revisions"}],"predecessor-version":[{"id":95471,"href":"https:\/\/regiaonews.net.br\/2022\/wp-json\/wp\/v2\/posts\/95468\/revisions\/95471"}],"wp:featuredmedia":[{"embeddable":true,"href":"https:\/\/regiaonews.net.br\/2022\/wp-json\/wp\/v2\/media\/95469"}],"wp:attachment":[{"href":"https:\/\/regiaonews.net.br\/2022\/wp-json\/wp\/v2\/media?parent=95468"}],"wp:term":[{"taxonomy":"category","embeddable":true,"href":"https:\/\/regiaonews.net.br\/2022\/wp-json\/wp\/v2\/categories?post=95468"},{"taxonomy":"post_tag","embeddable":true,"href":"https:\/\/regiaonews.net.br\/2022\/wp-json\/wp\/v2\/tags?post=95468"}],"curies":[{"name":"wp","href":"https:\/\/api.w.org\/{rel}","templated":true}]}}