{"id":95462,"date":"2023-09-21T21:12:09","date_gmt":"2023-09-22T00:12:09","guid":{"rendered":"https:\/\/regiaonews.net.br\/2022\/?p=95462"},"modified":"2023-09-21T21:12:09","modified_gmt":"2023-09-22T00:12:09","slug":"nova-edicao-do-the-turning-point-traz-caio-carneiro-e-geraldo-rufino-para-barretos-convites-estao-a-venda","status":"publish","type":"post","link":"https:\/\/regiaonews.net.br\/2022\/2023\/09\/21\/nova-edicao-do-the-turning-point-traz-caio-carneiro-e-geraldo-rufino-para-barretos-convites-estao-a-venda\/","title":{"rendered":"Nova edi\u00e7\u00e3o do \u201cThe Turning Point\u201d traz Caio Carneiro e Geraldo Rufino para Barretos, convites est\u00e3o \u00e0 venda"},"content":{"rendered":"<table role=\"presentation\" border=\"0\" width=\"100%\" cellspacing=\"0\" cellpadding=\"0\">\n<tbody>\n<tr>\n<td align=\"left\">&nbsp;<\/td>\n<\/tr>\n<tr>\n<td align=\"left\">\n<div>\n<p><em>A compra dos ingressos\u00a0do primeiro lote pode ser realizada pelo site\u00a0<\/em><a title=\"Protegido pelo Outlook: https:\/\/click.cse360.com.br\/Click\/AddCampaignEmailClick\/54bad02a-a3d0-4411-0028-08dbb2fe9a82\/http%253a%252f%252fwww.grupoc4eventos.com.br%252f\/b59c1738-8cff-4590-a1de-07aff2b1ad78\/tamires.furniel@parceriacomunicacao.com.br\/False. Clique ou toque para seguir o link.\" href=\"https:\/\/na01.safelinks.protection.outlook.com\/?url=https%3A%2F%2Fclick.cse360.com.br%2FClick%2FAddCampaignEmailClick%2F54bad02a-a3d0-4411-0028-08dbb2fe9a82%2Fhttp%25253a%25252f%25252fwww.grupoc4eventos.com.br%25252f%2Fb59c1738-8cff-4590-a1de-07aff2b1ad78%2Ftamires.furniel%40parceriacomunicacao.com.br%2FFalse&amp;data=05%7C01%7C%7C6dcadbb5024541e12dd308dbbac2f92c%7C84df9e7fe9f640afb435aaaaaaaaaaaa%7C1%7C0%7C638309118809965906%7CUnknown%7CTWFpbGZsb3d8eyJWIjoiMC4wLjAwMDAiLCJQIjoiV2luMzIiLCJBTiI6Ik1haWwiLCJXVCI6Mn0%3D%7C3000%7C%7C%7C&amp;sdata=iGFCXOLaefEyQUkvujxSKM3QLDs0BDV%2BH1k40Cuo2Xc%3D&amp;reserved=0\" target=\"_blank\" rel=\"noopener noreferrer\" data-auth=\"Verified\" data-linkindex=\"1\"><em>grupoc4eventos.com.br<\/em><\/a><\/p>\n<\/div>\n<\/td>\n<\/tr>\n<tr>\n<td align=\"left\">\n<div>\n<p>No dia 10 de novembro acontece em Barretos uma nova edi\u00e7\u00e3o do evento \u201cThe Turning Point\u201d, que est\u00e1 sendo chamada de Edi\u00e7\u00e3o Vendas, pois traz os especialistas Caio Carneiro e Geraldo Rufino, \u00e0s 19h30, no espa\u00e7o &#8216;Berrant\u00e3o&#8217;, localizado dentro do Parque do Pe\u00e3o.<\/p>\n<p>Os ingressos para essa uni\u00e3o de palestras, com espa\u00e7o para network, podem ser adquiridos no link da bio do Instagram do G4 Eventos @grupoc4eventos, ou pelo endere\u00e7o eletr\u00f4nico\u00a0<a title=\"Protegido pelo Outlook: https:\/\/click.cse360.com.br\/Click\/AddCampaignEmailClick\/54bad02a-a3d0-4411-0028-08dbb2fe9a82\/http%253a%252f%252fwww.grupoc4eventos.com.br%252f\/b59c1738-8cff-4590-a1de-07aff2b1ad78\/tamires.furniel@parceriacomunicacao.com.br\/False. Clique ou toque para seguir o link.\" href=\"https:\/\/na01.safelinks.protection.outlook.com\/?url=https%3A%2F%2Fclick.cse360.com.br%2FClick%2FAddCampaignEmailClick%2F54bad02a-a3d0-4411-0028-08dbb2fe9a82%2Fhttp%25253a%25252f%25252fwww.grupoc4eventos.com.br%25252f%2Fb59c1738-8cff-4590-a1de-07aff2b1ad78%2Ftamires.furniel%40parceriacomunicacao.com.br%2FFalse&amp;data=05%7C01%7C%7C6dcadbb5024541e12dd308dbbac2f92c%7C84df9e7fe9f640afb435aaaaaaaaaaaa%7C1%7C0%7C638309118809965906%7CUnknown%7CTWFpbGZsb3d8eyJWIjoiMC4wLjAwMDAiLCJQIjoiV2luMzIiLCJBTiI6Ik1haWwiLCJXVCI6Mn0%3D%7C3000%7C%7C%7C&amp;sdata=iGFCXOLaefEyQUkvujxSKM3QLDs0BDV%2BH1k40Cuo2Xc%3D&amp;reserved=0\" target=\"_blank\" rel=\"noopener noreferrer\" data-auth=\"Verified\" data-linkindex=\"2\">grupoc4eventos.com.br<\/a><\/p>\n<p><a href=\"https:\/\/regiaonews.net.br\/2022\/wp-content\/uploads\/2023\/09\/1c5850f4-534a-4a88-8c41-cb39dfd27847.jpg\"><img loading=\"lazy\" decoding=\"async\" class=\"alignnone size-medium wp-image-95465\" src=\"https:\/\/regiaonews.net.br\/2022\/wp-content\/uploads\/2023\/09\/1c5850f4-534a-4a88-8c41-cb39dfd27847-126x300.jpg\" alt=\"\" width=\"126\" height=\"300\" srcset=\"https:\/\/regiaonews.net.br\/2022\/wp-content\/uploads\/2023\/09\/1c5850f4-534a-4a88-8c41-cb39dfd27847-126x300.jpg 126w, https:\/\/regiaonews.net.br\/2022\/wp-content\/uploads\/2023\/09\/1c5850f4-534a-4a88-8c41-cb39dfd27847-250x594.jpg 250w, https:\/\/regiaonews.net.br\/2022\/wp-content\/uploads\/2023\/09\/1c5850f4-534a-4a88-8c41-cb39dfd27847.jpg 431w\" sizes=\"auto, (max-width: 126px) 100vw, 126px\" \/><\/a><\/p>\n<p>Caio Carneiro, um dos palestrantes, \u00e9 especialista em vendas diretas e marketing, al\u00e9m de ser um dos maiores influentes deste segmento, com mais de uma d\u00e9cada de experi\u00eancia e mais de 2.5 bilh\u00f5es de vendas. Carneiro \u00e9 autor de livros best-seller como \u201cSeja Foda!&#8221; e \u201cEnfodere-se!\u201d, e j\u00e1 fez palestras nas maiores empresas do pa\u00eds, impactando a vida de milhares de pessoas.<\/p>\n<p><a href=\"https:\/\/regiaonews.net.br\/2022\/wp-content\/uploads\/2023\/09\/0f415c8c-6ce9-4d96-8972-8e8340dbbe2d.jpg\"><img loading=\"lazy\" decoding=\"async\" class=\"alignnone size-medium wp-image-95464\" src=\"https:\/\/regiaonews.net.br\/2022\/wp-content\/uploads\/2023\/09\/0f415c8c-6ce9-4d96-8972-8e8340dbbe2d-131x300.jpg\" alt=\"\" width=\"131\" height=\"300\" srcset=\"https:\/\/regiaonews.net.br\/2022\/wp-content\/uploads\/2023\/09\/0f415c8c-6ce9-4d96-8972-8e8340dbbe2d-131x300.jpg 131w, https:\/\/regiaonews.net.br\/2022\/wp-content\/uploads\/2023\/09\/0f415c8c-6ce9-4d96-8972-8e8340dbbe2d-250x571.jpg 250w, https:\/\/regiaonews.net.br\/2022\/wp-content\/uploads\/2023\/09\/0f415c8c-6ce9-4d96-8972-8e8340dbbe2d.jpg 448w\" sizes=\"auto, (max-width: 131px) 100vw, 131px\" \/><\/a><\/p>\n<p>&nbsp;<\/p>\n<p>Geraldo Rufino possui uma bonita hist\u00f3ria de supera\u00e7\u00e3o, sendo um exemplo de determina\u00e7\u00e3o. Rufino \u00e9 de origem simples, j\u00e1 foi catador de recicl\u00e1veis, ultrapassou diversos desafios e os transformou em oportunidades, depois de montar alguns neg\u00f3cios e quebrar algumas vezes, o empreendedor fundou a &#8216;JR Diesel&#8217;, hoje a maior recicladora de ve\u00edculos da Am\u00e9rica Latina.<\/p>\n<p>&nbsp;<\/p>\n<p>Al\u00e9m das duas palestras, o The Turning Point \u2013 Edi\u00e7\u00e3o Vendas abrir\u00e1 espa\u00e7o para o network comercial entre os participantes, contar\u00e1 com feira gastron\u00f4mica e toda a estrutura que o Berrant\u00e3o, no Parque do Pe\u00e3o, oferece a seus convidados. Os ingressos preveem tr\u00eas setores diferentes na plateia, separados por um sistema de identifica\u00e7\u00e3o e com acessos exclusivos. Mais informa\u00e7\u00f5es podem ser conseguidas no site do Grupo C4 Eventos.<\/p>\n<p>&nbsp;<\/p>\n<p><strong><em>C4 Eventos<\/em><\/strong><\/p>\n<p><em>O Grupo C4 Eventos \u00e9 formado pelos quatro casais de empres\u00e1rios, de diferentes ramos de atua\u00e7\u00e3o, que encontraram em comum a vontade de compartilhar conhecimento, inspirar as pessoas \u00e0 alta performance, buscando oferecer para a regi\u00e3o de Barretos eventos de motiva\u00e7\u00e3o e empreendedorismo. Alex Khatib, Marilene Ferreira, Carlos Santos, Jaqueline Magalh\u00e3es Nascimento, Fabio Gon\u00e7alves Machado, Paula Louzada, Nikollas Belmiro Ferreira e Aline Vieira Belmiro, juntos eles formam o time de investidores na marca Grupo C4 Eventos.<\/em><\/p>\n<p><a href=\"https:\/\/regiaonews.net.br\/2022\/wp-content\/uploads\/2023\/09\/3d368b40-6879-49ab-9972-0f02519bf24a.jpeg\"><img loading=\"lazy\" decoding=\"async\" class=\"alignnone size-medium wp-image-95466\" src=\"https:\/\/regiaonews.net.br\/2022\/wp-content\/uploads\/2023\/09\/3d368b40-6879-49ab-9972-0f02519bf24a-300x200.jpeg\" alt=\"\" width=\"300\" height=\"200\" srcset=\"https:\/\/regiaonews.net.br\/2022\/wp-content\/uploads\/2023\/09\/3d368b40-6879-49ab-9972-0f02519bf24a-300x200.jpeg 300w, https:\/\/regiaonews.net.br\/2022\/wp-content\/uploads\/2023\/09\/3d368b40-6879-49ab-9972-0f02519bf24a-1024x683.jpeg 1024w, https:\/\/regiaonews.net.br\/2022\/wp-content\/uploads\/2023\/09\/3d368b40-6879-49ab-9972-0f02519bf24a-768x512.jpeg 768w, https:\/\/regiaonews.net.br\/2022\/wp-content\/uploads\/2023\/09\/3d368b40-6879-49ab-9972-0f02519bf24a-1536x1024.jpeg 1536w, https:\/\/regiaonews.net.br\/2022\/wp-content\/uploads\/2023\/09\/3d368b40-6879-49ab-9972-0f02519bf24a-250x167.jpeg 250w, https:\/\/regiaonews.net.br\/2022\/wp-content\/uploads\/2023\/09\/3d368b40-6879-49ab-9972-0f02519bf24a-900x600.jpeg 900w, https:\/\/regiaonews.net.br\/2022\/wp-content\/uploads\/2023\/09\/3d368b40-6879-49ab-9972-0f02519bf24a.jpeg 1600w\" sizes=\"auto, (max-width: 300px) 100vw, 300px\" \/><\/a><\/p>\n<p><strong><em>Servi\u00e7o<\/em><\/strong><\/p>\n<p><strong><em>Evento:<\/em><\/strong><em>\u00a0Segunda edi\u00e7\u00e3o do The Turning Point &#8211; Edi\u00e7\u00e3o Vendas, com os palestrantes Caio Carneiro e Geraldo Rufino<\/em><\/p>\n<p><strong><em>Data da palestra:<\/em><\/strong><em>\u00a010 de novembro<\/em><\/p>\n<p><strong><em>Hor\u00e1rio:<\/em><\/strong><em>\u00a019h30<\/em><\/p>\n<p><strong><em>Onde:\u00a0<\/em><\/strong><em>Espa\u00e7o de Eventos Berrant\u00e3o &#8211; localizado dentro do Parque do Pe\u00e3o de Barretos\/SP<\/em><\/p>\n<p><strong><em>Ingressos a vendas pelo site:<\/em><\/strong><em>\u00a0<\/em><a title=\"Protegido pelo Outlook: https:\/\/click.cse360.com.br\/Click\/AddCampaignEmailClick\/54bad02a-a3d0-4411-0028-08dbb2fe9a82\/http%253a%252f%252fwww.grupoc4eventos.com.br%252f\/b59c1738-8cff-4590-a1de-07aff2b1ad78\/tamires.furniel@parceriacomunicacao.com.br\/False. Clique ou toque para seguir o link.\" href=\"https:\/\/na01.safelinks.protection.outlook.com\/?url=https%3A%2F%2Fclick.cse360.com.br%2FClick%2FAddCampaignEmailClick%2F54bad02a-a3d0-4411-0028-08dbb2fe9a82%2Fhttp%25253a%25252f%25252fwww.grupoc4eventos.com.br%25252f%2Fb59c1738-8cff-4590-a1de-07aff2b1ad78%2Ftamires.furniel%40parceriacomunicacao.com.br%2FFalse&amp;data=05%7C01%7C%7C6dcadbb5024541e12dd308dbbac2f92c%7C84df9e7fe9f640afb435aaaaaaaaaaaa%7C1%7C0%7C638309118810122137%7CUnknown%7CTWFpbGZsb3d8eyJWIjoiMC4wLjAwMDAiLCJQIjoiV2luMzIiLCJBTiI6Ik1haWwiLCJXVCI6Mn0%3D%7C3000%7C%7C%7C&amp;sdata=Drk9a0rtTjnr%2B3Risn6xE63xpwSZckaZNRpxy9RxjJI%3D&amp;reserved=0\" target=\"_blank\" rel=\"noopener noreferrer\" data-auth=\"Verified\" data-linkindex=\"3\"><em>www.grupoc4eventos.com.br<\/em><\/a><\/p>\n<\/div>\n<\/td>\n<\/tr>\n<\/tbody>\n<\/table>\n","protected":false},"excerpt":{"rendered":"<p>&nbsp; A compra dos ingressos\u00a0do primeiro lote pode ser realizada<\/p>\n","protected":false},"author":2,"featured_media":95463,"comment_status":"open","ping_status":"open","sticky":false,"template":"","format":"standard","meta":{"footnotes":""},"categories":[14,25],"tags":[],"class_list":["post-95462","post","type-post","status-publish","format-standard","has-post-thumbnail","hentry","category-barretos","category-cidades"],"yoast_head":"<!-- This site is optimized with the Yoast SEO plugin v27.4 - https:\/\/yoast.com\/product\/yoast-seo-wordpress\/ -->\n<title>Nova edi\u00e7\u00e3o do \u201cThe Turning Point\u201d traz Caio Carneiro e Geraldo Rufino para Barretos, convites est\u00e3o \u00e0 venda - Regi\u00e3o News<\/title>\n<meta name=\"robots\" content=\"index, follow, max-snippet:-1, max-image-preview:large, max-video-preview:-1\" \/>\n<link rel=\"canonical\" href=\"https:\/\/regiaonews.net.br\/2022\/2023\/09\/21\/nova-edicao-do-the-turning-point-traz-caio-carneiro-e-geraldo-rufino-para-barretos-convites-estao-a-venda\/\" \/>\n<meta property=\"og:locale\" content=\"pt_BR\" \/>\n<meta property=\"og:type\" content=\"article\" \/>\n<meta property=\"og:title\" content=\"Nova edi\u00e7\u00e3o do \u201cThe Turning Point\u201d traz Caio Carneiro e Geraldo Rufino para Barretos, convites est\u00e3o \u00e0 venda - Regi\u00e3o News\" \/>\n<meta property=\"og:description\" content=\"&nbsp; A compra dos ingressos\u00a0do primeiro lote pode ser realizada\" \/>\n<meta property=\"og:url\" content=\"https:\/\/regiaonews.net.br\/2022\/2023\/09\/21\/nova-edicao-do-the-turning-point-traz-caio-carneiro-e-geraldo-rufino-para-barretos-convites-estao-a-venda\/\" \/>\n<meta property=\"og:site_name\" content=\"Regi\u00e3o News\" \/>\n<meta property=\"article:published_time\" content=\"2023-09-22T00:12:09+00:00\" \/>\n<meta property=\"og:image\" content=\"https:\/\/regiaonews.net.br\/2022\/wp-content\/uploads\/2023\/09\/ca853643-a42f-4f0b-bcdb-eada88ad5ddd.jpeg\" \/>\n\t<meta property=\"og:image:width\" content=\"1280\" \/>\n\t<meta property=\"og:image:height\" content=\"1280\" \/>\n\t<meta property=\"og:image:type\" content=\"image\/jpeg\" \/>\n<meta name=\"author\" content=\"Roberto\" \/>\n<meta name=\"twitter:card\" content=\"summary_large_image\" \/>\n<meta name=\"twitter:label1\" content=\"Escrito por\" \/>\n\t<meta name=\"twitter:data1\" content=\"Roberto\" \/>\n\t<meta name=\"twitter:label2\" content=\"Est. tempo de leitura\" \/>\n\t<meta name=\"twitter:data2\" content=\"3 minutos\" \/>\n<script type=\"application\/ld+json\" class=\"yoast-schema-graph\">{\"@context\":\"https:\\\/\\\/schema.org\",\"@graph\":[{\"@type\":\"Article\",\"@id\":\"https:\\\/\\\/regiaonews.net.br\\\/2022\\\/2023\\\/09\\\/21\\\/nova-edicao-do-the-turning-point-traz-caio-carneiro-e-geraldo-rufino-para-barretos-convites-estao-a-venda\\\/#article\",\"isPartOf\":{\"@id\":\"https:\\\/\\\/regiaonews.net.br\\\/2022\\\/2023\\\/09\\\/21\\\/nova-edicao-do-the-turning-point-traz-caio-carneiro-e-geraldo-rufino-para-barretos-convites-estao-a-venda\\\/\"},\"author\":{\"name\":\"Roberto\",\"@id\":\"https:\\\/\\\/regiaonews.net.br\\\/2022\\\/#\\\/schema\\\/person\\\/2d205a608a5aa97ac279d7a5e6d89ad8\"},\"headline\":\"Nova edi\u00e7\u00e3o do \u201cThe Turning Point\u201d traz Caio Carneiro e Geraldo Rufino para Barretos, convites est\u00e3o \u00e0 venda\",\"datePublished\":\"2023-09-22T00:12:09+00:00\",\"mainEntityOfPage\":{\"@id\":\"https:\\\/\\\/regiaonews.net.br\\\/2022\\\/2023\\\/09\\\/21\\\/nova-edicao-do-the-turning-point-traz-caio-carneiro-e-geraldo-rufino-para-barretos-convites-estao-a-venda\\\/\"},\"wordCount\":464,\"commentCount\":0,\"publisher\":{\"@id\":\"https:\\\/\\\/regiaonews.net.br\\\/2022\\\/#organization\"},\"image\":{\"@id\":\"https:\\\/\\\/regiaonews.net.br\\\/2022\\\/2023\\\/09\\\/21\\\/nova-edicao-do-the-turning-point-traz-caio-carneiro-e-geraldo-rufino-para-barretos-convites-estao-a-venda\\\/#primaryimage\"},\"thumbnailUrl\":\"https:\\\/\\\/regiaonews.net.br\\\/2022\\\/wp-content\\\/uploads\\\/2023\\\/09\\\/ca853643-a42f-4f0b-bcdb-eada88ad5ddd.jpeg\",\"articleSection\":[\"Barretos\",\"Cidades\"],\"inLanguage\":\"pt-BR\",\"potentialAction\":[{\"@type\":\"CommentAction\",\"name\":\"Comment\",\"target\":[\"https:\\\/\\\/regiaonews.net.br\\\/2022\\\/2023\\\/09\\\/21\\\/nova-edicao-do-the-turning-point-traz-caio-carneiro-e-geraldo-rufino-para-barretos-convites-estao-a-venda\\\/#respond\"]}]},{\"@type\":\"WebPage\",\"@id\":\"https:\\\/\\\/regiaonews.net.br\\\/2022\\\/2023\\\/09\\\/21\\\/nova-edicao-do-the-turning-point-traz-caio-carneiro-e-geraldo-rufino-para-barretos-convites-estao-a-venda\\\/\",\"url\":\"https:\\\/\\\/regiaonews.net.br\\\/2022\\\/2023\\\/09\\\/21\\\/nova-edicao-do-the-turning-point-traz-caio-carneiro-e-geraldo-rufino-para-barretos-convites-estao-a-venda\\\/\",\"name\":\"Nova edi\u00e7\u00e3o do \u201cThe Turning Point\u201d traz Caio Carneiro e Geraldo Rufino para Barretos, convites est\u00e3o \u00e0 venda - Regi\u00e3o News\",\"isPartOf\":{\"@id\":\"https:\\\/\\\/regiaonews.net.br\\\/2022\\\/#website\"},\"primaryImageOfPage\":{\"@id\":\"https:\\\/\\\/regiaonews.net.br\\\/2022\\\/2023\\\/09\\\/21\\\/nova-edicao-do-the-turning-point-traz-caio-carneiro-e-geraldo-rufino-para-barretos-convites-estao-a-venda\\\/#primaryimage\"},\"image\":{\"@id\":\"https:\\\/\\\/regiaonews.net.br\\\/2022\\\/2023\\\/09\\\/21\\\/nova-edicao-do-the-turning-point-traz-caio-carneiro-e-geraldo-rufino-para-barretos-convites-estao-a-venda\\\/#primaryimage\"},\"thumbnailUrl\":\"https:\\\/\\\/regiaonews.net.br\\\/2022\\\/wp-content\\\/uploads\\\/2023\\\/09\\\/ca853643-a42f-4f0b-bcdb-eada88ad5ddd.jpeg\",\"datePublished\":\"2023-09-22T00:12:09+00:00\",\"breadcrumb\":{\"@id\":\"https:\\\/\\\/regiaonews.net.br\\\/2022\\\/2023\\\/09\\\/21\\\/nova-edicao-do-the-turning-point-traz-caio-carneiro-e-geraldo-rufino-para-barretos-convites-estao-a-venda\\\/#breadcrumb\"},\"inLanguage\":\"pt-BR\",\"potentialAction\":[{\"@type\":\"ReadAction\",\"target\":[\"https:\\\/\\\/regiaonews.net.br\\\/2022\\\/2023\\\/09\\\/21\\\/nova-edicao-do-the-turning-point-traz-caio-carneiro-e-geraldo-rufino-para-barretos-convites-estao-a-venda\\\/\"]}]},{\"@type\":\"ImageObject\",\"inLanguage\":\"pt-BR\",\"@id\":\"https:\\\/\\\/regiaonews.net.br\\\/2022\\\/2023\\\/09\\\/21\\\/nova-edicao-do-the-turning-point-traz-caio-carneiro-e-geraldo-rufino-para-barretos-convites-estao-a-venda\\\/#primaryimage\",\"url\":\"https:\\\/\\\/regiaonews.net.br\\\/2022\\\/wp-content\\\/uploads\\\/2023\\\/09\\\/ca853643-a42f-4f0b-bcdb-eada88ad5ddd.jpeg\",\"contentUrl\":\"https:\\\/\\\/regiaonews.net.br\\\/2022\\\/wp-content\\\/uploads\\\/2023\\\/09\\\/ca853643-a42f-4f0b-bcdb-eada88ad5ddd.jpeg\",\"width\":1280,\"height\":1280},{\"@type\":\"BreadcrumbList\",\"@id\":\"https:\\\/\\\/regiaonews.net.br\\\/2022\\\/2023\\\/09\\\/21\\\/nova-edicao-do-the-turning-point-traz-caio-carneiro-e-geraldo-rufino-para-barretos-convites-estao-a-venda\\\/#breadcrumb\",\"itemListElement\":[{\"@type\":\"ListItem\",\"position\":1,\"name\":\"In\u00edcio\",\"item\":\"https:\\\/\\\/regiaonews.net.br\\\/2022\\\/\"},{\"@type\":\"ListItem\",\"position\":2,\"name\":\"Nova edi\u00e7\u00e3o do \u201cThe Turning Point\u201d traz Caio Carneiro e Geraldo Rufino para Barretos, convites est\u00e3o \u00e0 venda\"}]},{\"@type\":\"WebSite\",\"@id\":\"https:\\\/\\\/regiaonews.net.br\\\/2022\\\/#website\",\"url\":\"https:\\\/\\\/regiaonews.net.br\\\/2022\\\/\",\"name\":\"Regi\u00e3o News\",\"description\":\"Site de Not\u00edcias de Barretos e regi\u00e3o\",\"publisher\":{\"@id\":\"https:\\\/\\\/regiaonews.net.br\\\/2022\\\/#organization\"},\"potentialAction\":[{\"@type\":\"SearchAction\",\"target\":{\"@type\":\"EntryPoint\",\"urlTemplate\":\"https:\\\/\\\/regiaonews.net.br\\\/2022\\\/?s={search_term_string}\"},\"query-input\":{\"@type\":\"PropertyValueSpecification\",\"valueRequired\":true,\"valueName\":\"search_term_string\"}}],\"inLanguage\":\"pt-BR\"},{\"@type\":\"Organization\",\"@id\":\"https:\\\/\\\/regiaonews.net.br\\\/2022\\\/#organization\",\"name\":\"Regi\u00e3o News\",\"url\":\"https:\\\/\\\/regiaonews.net.br\\\/2022\\\/\",\"logo\":{\"@type\":\"ImageObject\",\"inLanguage\":\"pt-BR\",\"@id\":\"https:\\\/\\\/regiaonews.net.br\\\/2022\\\/#\\\/schema\\\/logo\\\/image\\\/\",\"url\":\"https:\\\/\\\/regiaonews.net.br\\\/2022\\\/wp-content\\\/uploads\\\/2026\\\/03\\\/regiao-13-anos-scaled.jpg\",\"contentUrl\":\"https:\\\/\\\/regiaonews.net.br\\\/2022\\\/wp-content\\\/uploads\\\/2026\\\/03\\\/regiao-13-anos-scaled.jpg\",\"width\":2560,\"height\":635,\"caption\":\"Regi\u00e3o News\"},\"image\":{\"@id\":\"https:\\\/\\\/regiaonews.net.br\\\/2022\\\/#\\\/schema\\\/logo\\\/image\\\/\"}},{\"@type\":\"Person\",\"@id\":\"https:\\\/\\\/regiaonews.net.br\\\/2022\\\/#\\\/schema\\\/person\\\/2d205a608a5aa97ac279d7a5e6d89ad8\",\"name\":\"Roberto\",\"image\":{\"@type\":\"ImageObject\",\"inLanguage\":\"pt-BR\",\"@id\":\"https:\\\/\\\/secure.gravatar.com\\\/avatar\\\/42749d8b712ff9d59ca93dc150494e5b55a44134482993f5baeb97e61b7ecc89?s=96&d=mm&r=g\",\"url\":\"https:\\\/\\\/secure.gravatar.com\\\/avatar\\\/42749d8b712ff9d59ca93dc150494e5b55a44134482993f5baeb97e61b7ecc89?s=96&d=mm&r=g\",\"contentUrl\":\"https:\\\/\\\/secure.gravatar.com\\\/avatar\\\/42749d8b712ff9d59ca93dc150494e5b55a44134482993f5baeb97e61b7ecc89?s=96&d=mm&r=g\",\"caption\":\"Roberto\"},\"url\":\"https:\\\/\\\/regiaonews.net.br\\\/2022\\\/author\\\/roberto\\\/\"}]}<\/script>\n<!-- \/ Yoast SEO plugin. -->","yoast_head_json":{"title":"Nova edi\u00e7\u00e3o do \u201cThe Turning Point\u201d traz Caio Carneiro e Geraldo Rufino para Barretos, convites est\u00e3o \u00e0 venda - Regi\u00e3o News","robots":{"index":"index","follow":"follow","max-snippet":"max-snippet:-1","max-image-preview":"max-image-preview:large","max-video-preview":"max-video-preview:-1"},"canonical":"https:\/\/regiaonews.net.br\/2022\/2023\/09\/21\/nova-edicao-do-the-turning-point-traz-caio-carneiro-e-geraldo-rufino-para-barretos-convites-estao-a-venda\/","og_locale":"pt_BR","og_type":"article","og_title":"Nova edi\u00e7\u00e3o do \u201cThe Turning Point\u201d traz Caio Carneiro e Geraldo Rufino para Barretos, convites est\u00e3o \u00e0 venda - Regi\u00e3o News","og_description":"&nbsp; A compra dos ingressos\u00a0do primeiro lote pode ser realizada","og_url":"https:\/\/regiaonews.net.br\/2022\/2023\/09\/21\/nova-edicao-do-the-turning-point-traz-caio-carneiro-e-geraldo-rufino-para-barretos-convites-estao-a-venda\/","og_site_name":"Regi\u00e3o News","article_published_time":"2023-09-22T00:12:09+00:00","og_image":[{"width":1280,"height":1280,"url":"https:\/\/regiaonews.net.br\/2022\/wp-content\/uploads\/2023\/09\/ca853643-a42f-4f0b-bcdb-eada88ad5ddd.jpeg","type":"image\/jpeg"}],"author":"Roberto","twitter_card":"summary_large_image","twitter_misc":{"Escrito por":"Roberto","Est. tempo de leitura":"3 minutos"},"schema":{"@context":"https:\/\/schema.org","@graph":[{"@type":"Article","@id":"https:\/\/regiaonews.net.br\/2022\/2023\/09\/21\/nova-edicao-do-the-turning-point-traz-caio-carneiro-e-geraldo-rufino-para-barretos-convites-estao-a-venda\/#article","isPartOf":{"@id":"https:\/\/regiaonews.net.br\/2022\/2023\/09\/21\/nova-edicao-do-the-turning-point-traz-caio-carneiro-e-geraldo-rufino-para-barretos-convites-estao-a-venda\/"},"author":{"name":"Roberto","@id":"https:\/\/regiaonews.net.br\/2022\/#\/schema\/person\/2d205a608a5aa97ac279d7a5e6d89ad8"},"headline":"Nova edi\u00e7\u00e3o do \u201cThe Turning Point\u201d traz Caio Carneiro e Geraldo Rufino para Barretos, convites est\u00e3o \u00e0 venda","datePublished":"2023-09-22T00:12:09+00:00","mainEntityOfPage":{"@id":"https:\/\/regiaonews.net.br\/2022\/2023\/09\/21\/nova-edicao-do-the-turning-point-traz-caio-carneiro-e-geraldo-rufino-para-barretos-convites-estao-a-venda\/"},"wordCount":464,"commentCount":0,"publisher":{"@id":"https:\/\/regiaonews.net.br\/2022\/#organization"},"image":{"@id":"https:\/\/regiaonews.net.br\/2022\/2023\/09\/21\/nova-edicao-do-the-turning-point-traz-caio-carneiro-e-geraldo-rufino-para-barretos-convites-estao-a-venda\/#primaryimage"},"thumbnailUrl":"https:\/\/regiaonews.net.br\/2022\/wp-content\/uploads\/2023\/09\/ca853643-a42f-4f0b-bcdb-eada88ad5ddd.jpeg","articleSection":["Barretos","Cidades"],"inLanguage":"pt-BR","potentialAction":[{"@type":"CommentAction","name":"Comment","target":["https:\/\/regiaonews.net.br\/2022\/2023\/09\/21\/nova-edicao-do-the-turning-point-traz-caio-carneiro-e-geraldo-rufino-para-barretos-convites-estao-a-venda\/#respond"]}]},{"@type":"WebPage","@id":"https:\/\/regiaonews.net.br\/2022\/2023\/09\/21\/nova-edicao-do-the-turning-point-traz-caio-carneiro-e-geraldo-rufino-para-barretos-convites-estao-a-venda\/","url":"https:\/\/regiaonews.net.br\/2022\/2023\/09\/21\/nova-edicao-do-the-turning-point-traz-caio-carneiro-e-geraldo-rufino-para-barretos-convites-estao-a-venda\/","name":"Nova edi\u00e7\u00e3o do \u201cThe Turning Point\u201d traz Caio Carneiro e Geraldo Rufino para Barretos, convites est\u00e3o \u00e0 venda - Regi\u00e3o News","isPartOf":{"@id":"https:\/\/regiaonews.net.br\/2022\/#website"},"primaryImageOfPage":{"@id":"https:\/\/regiaonews.net.br\/2022\/2023\/09\/21\/nova-edicao-do-the-turning-point-traz-caio-carneiro-e-geraldo-rufino-para-barretos-convites-estao-a-venda\/#primaryimage"},"image":{"@id":"https:\/\/regiaonews.net.br\/2022\/2023\/09\/21\/nova-edicao-do-the-turning-point-traz-caio-carneiro-e-geraldo-rufino-para-barretos-convites-estao-a-venda\/#primaryimage"},"thumbnailUrl":"https:\/\/regiaonews.net.br\/2022\/wp-content\/uploads\/2023\/09\/ca853643-a42f-4f0b-bcdb-eada88ad5ddd.jpeg","datePublished":"2023-09-22T00:12:09+00:00","breadcrumb":{"@id":"https:\/\/regiaonews.net.br\/2022\/2023\/09\/21\/nova-edicao-do-the-turning-point-traz-caio-carneiro-e-geraldo-rufino-para-barretos-convites-estao-a-venda\/#breadcrumb"},"inLanguage":"pt-BR","potentialAction":[{"@type":"ReadAction","target":["https:\/\/regiaonews.net.br\/2022\/2023\/09\/21\/nova-edicao-do-the-turning-point-traz-caio-carneiro-e-geraldo-rufino-para-barretos-convites-estao-a-venda\/"]}]},{"@type":"ImageObject","inLanguage":"pt-BR","@id":"https:\/\/regiaonews.net.br\/2022\/2023\/09\/21\/nova-edicao-do-the-turning-point-traz-caio-carneiro-e-geraldo-rufino-para-barretos-convites-estao-a-venda\/#primaryimage","url":"https:\/\/regiaonews.net.br\/2022\/wp-content\/uploads\/2023\/09\/ca853643-a42f-4f0b-bcdb-eada88ad5ddd.jpeg","contentUrl":"https:\/\/regiaonews.net.br\/2022\/wp-content\/uploads\/2023\/09\/ca853643-a42f-4f0b-bcdb-eada88ad5ddd.jpeg","width":1280,"height":1280},{"@type":"BreadcrumbList","@id":"https:\/\/regiaonews.net.br\/2022\/2023\/09\/21\/nova-edicao-do-the-turning-point-traz-caio-carneiro-e-geraldo-rufino-para-barretos-convites-estao-a-venda\/#breadcrumb","itemListElement":[{"@type":"ListItem","position":1,"name":"In\u00edcio","item":"https:\/\/regiaonews.net.br\/2022\/"},{"@type":"ListItem","position":2,"name":"Nova edi\u00e7\u00e3o do \u201cThe Turning Point\u201d traz Caio Carneiro e Geraldo Rufino para Barretos, convites est\u00e3o \u00e0 venda"}]},{"@type":"WebSite","@id":"https:\/\/regiaonews.net.br\/2022\/#website","url":"https:\/\/regiaonews.net.br\/2022\/","name":"Regi\u00e3o News","description":"Site de Not\u00edcias de Barretos e regi\u00e3o","publisher":{"@id":"https:\/\/regiaonews.net.br\/2022\/#organization"},"potentialAction":[{"@type":"SearchAction","target":{"@type":"EntryPoint","urlTemplate":"https:\/\/regiaonews.net.br\/2022\/?s={search_term_string}"},"query-input":{"@type":"PropertyValueSpecification","valueRequired":true,"valueName":"search_term_string"}}],"inLanguage":"pt-BR"},{"@type":"Organization","@id":"https:\/\/regiaonews.net.br\/2022\/#organization","name":"Regi\u00e3o News","url":"https:\/\/regiaonews.net.br\/2022\/","logo":{"@type":"ImageObject","inLanguage":"pt-BR","@id":"https:\/\/regiaonews.net.br\/2022\/#\/schema\/logo\/image\/","url":"https:\/\/regiaonews.net.br\/2022\/wp-content\/uploads\/2026\/03\/regiao-13-anos-scaled.jpg","contentUrl":"https:\/\/regiaonews.net.br\/2022\/wp-content\/uploads\/2026\/03\/regiao-13-anos-scaled.jpg","width":2560,"height":635,"caption":"Regi\u00e3o News"},"image":{"@id":"https:\/\/regiaonews.net.br\/2022\/#\/schema\/logo\/image\/"}},{"@type":"Person","@id":"https:\/\/regiaonews.net.br\/2022\/#\/schema\/person\/2d205a608a5aa97ac279d7a5e6d89ad8","name":"Roberto","image":{"@type":"ImageObject","inLanguage":"pt-BR","@id":"https:\/\/secure.gravatar.com\/avatar\/42749d8b712ff9d59ca93dc150494e5b55a44134482993f5baeb97e61b7ecc89?s=96&d=mm&r=g","url":"https:\/\/secure.gravatar.com\/avatar\/42749d8b712ff9d59ca93dc150494e5b55a44134482993f5baeb97e61b7ecc89?s=96&d=mm&r=g","contentUrl":"https:\/\/secure.gravatar.com\/avatar\/42749d8b712ff9d59ca93dc150494e5b55a44134482993f5baeb97e61b7ecc89?s=96&d=mm&r=g","caption":"Roberto"},"url":"https:\/\/regiaonews.net.br\/2022\/author\/roberto\/"}]}},"publishpress_future_action":{"enabled":false,"date":"2026-05-05 03:02:55","action":"change-status","newStatus":"draft","terms":[],"taxonomy":"category","extraData":[]},"publishpress_future_workflow_manual_trigger":{"enabledWorkflows":[]},"_links":{"self":[{"href":"https:\/\/regiaonews.net.br\/2022\/wp-json\/wp\/v2\/posts\/95462","targetHints":{"allow":["GET"]}}],"collection":[{"href":"https:\/\/regiaonews.net.br\/2022\/wp-json\/wp\/v2\/posts"}],"about":[{"href":"https:\/\/regiaonews.net.br\/2022\/wp-json\/wp\/v2\/types\/post"}],"author":[{"embeddable":true,"href":"https:\/\/regiaonews.net.br\/2022\/wp-json\/wp\/v2\/users\/2"}],"replies":[{"embeddable":true,"href":"https:\/\/regiaonews.net.br\/2022\/wp-json\/wp\/v2\/comments?post=95462"}],"version-history":[{"count":1,"href":"https:\/\/regiaonews.net.br\/2022\/wp-json\/wp\/v2\/posts\/95462\/revisions"}],"predecessor-version":[{"id":95467,"href":"https:\/\/regiaonews.net.br\/2022\/wp-json\/wp\/v2\/posts\/95462\/revisions\/95467"}],"wp:featuredmedia":[{"embeddable":true,"href":"https:\/\/regiaonews.net.br\/2022\/wp-json\/wp\/v2\/media\/95463"}],"wp:attachment":[{"href":"https:\/\/regiaonews.net.br\/2022\/wp-json\/wp\/v2\/media?parent=95462"}],"wp:term":[{"taxonomy":"category","embeddable":true,"href":"https:\/\/regiaonews.net.br\/2022\/wp-json\/wp\/v2\/categories?post=95462"},{"taxonomy":"post_tag","embeddable":true,"href":"https:\/\/regiaonews.net.br\/2022\/wp-json\/wp\/v2\/tags?post=95462"}],"curies":[{"name":"wp","href":"https:\/\/api.w.org\/{rel}","templated":true}]}}