{"id":95455,"date":"2023-09-21T19:16:27","date_gmt":"2023-09-21T22:16:27","guid":{"rendered":"https:\/\/regiaonews.net.br\/2022\/?p=95455"},"modified":"2023-09-21T19:16:27","modified_gmt":"2023-09-21T22:16:27","slug":"fundo-social-recebe-doacoes-de-acoes-em-eventos-esportivos-e-da-saude","status":"publish","type":"post","link":"https:\/\/regiaonews.net.br\/2022\/2023\/09\/21\/fundo-social-recebe-doacoes-de-acoes-em-eventos-esportivos-e-da-saude\/","title":{"rendered":"Fundo Social recebe doa\u00e7\u00f5es de a\u00e7\u00f5es em eventos esportivos e da Sa\u00fade"},"content":{"rendered":"<p>&nbsp;<\/p>\n<p>Integrantes do Instituto Mocambos Guerreiros e de outros projetos relacionados a v\u00f4lei encaminharam as arrecada\u00e7\u00f5es que fizeram. Equipe do projeto Amigos do SAMU tamb\u00e9m levou sua contribui\u00e7\u00e3o<\/p>\n<p>O Fundo Social de Solidariedade recebeu importantes contribui\u00e7\u00f5es nesta semana para a a\u00e7\u00e3o de levar alimentos \u00e0s fam\u00edlias que estejam precisando. Integrantes de projetos de v\u00f4lei de praia encaminharam ao FSS as arrecada\u00e7\u00f5es que fizeram em tr\u00eas eventos relacionados ao esporte e entre os alunos que praticam a modalidade.<\/p>\n<p>Alunos e equipe de coordena\u00e7\u00e3o do Instituto Mocambos Guerreiros mostraram como a descontra\u00e7\u00e3o do esporte pode ser atrelada a assuntos s\u00e9rios e reuniram as arrecada\u00e7\u00f5es na quadra em que praticam esporte, realizando a entrega para a presidente do Fundo, Let\u00edcia Lemos, que registrou a felicidade dela e da prefeita Paula Lemos por haver parcerias como esta.<\/p>\n<p>\u201cQuero agradecer de cora\u00e7\u00e3o. Desde os t\u00e3o jovens, todos tendo se engajado para uma doa\u00e7\u00e3o t\u00e3o significativa, falo que \u00e9 um presente e um marco muito importante de que eles est\u00e3o entendendo a import\u00e2ncia de olhar para o pr\u00f3ximo, da empatia, de saber que t\u00eam fam\u00edlias que precisam e que o nosso maior trabalho \u00e9 ajudar aqueles que mais necessitam\u201d, afirmou Let\u00edcia. A presidente refor\u00e7ou tamb\u00e9m que \u00e9 importante que mais grupos e pessoas encaminhem donativos ao FSS para que as fam\u00edlias que precisam sejam acolhidas. Pessoas que desejam encaminhar doa\u00e7\u00f5es podem entrar em contato com o Fundo pelos telefones (17) 3612-2860 e 98182-4337.<\/p>\n<p>Adiolar Santiago, que integra o grupo, ressaltou a felicidade em estarem entregando uma arrecada\u00e7\u00e3o expressiva em um momento em que o FSS est\u00e1 tendo dificuldade para conseguir doa\u00e7\u00e3o de alimentos e de deixar aos atletas a mensagem sobre o quanto \u00e9 importante ajudar quem mais precisa. \u201cEsta doa\u00e7\u00e3o foi poss\u00edvel gra\u00e7as \u00e0 jun\u00e7\u00e3o dos esfor\u00e7os de tr\u00eas frentes para conseguir os alimentos doados. A primeira situa\u00e7\u00e3o foi o festival realizado no m\u00eas de julho, em que as meninas e meninos inscritos no Projeto V\u00f4lei de Praia Barretos ajudaram com parte das doa\u00e7\u00f5es. O segundo momento foi a realiza\u00e7\u00e3o do Torneio de V\u00f4lei de Praia do Centro de Treinamento MAC, realizado pelo Maxuel, que \u00e9 coordenador do projeto, em que as inscritas no torneio fizeram a doa\u00e7\u00e3o de alimentos. Por fim, a outra a\u00e7\u00e3o foi o evento organizado pela professora Aninha, que promoveu um torneio de v\u00f4lei de quadra, quando foram angariados mais alimentos\u201d, destacou Santiago.<\/p>\n<p>Inscri\u00e7\u00f5es para aulas de esporte<\/p>\n<p>As aulas de voleibol s\u00e3o desenvolvidas, com apoio da Secretaria Municipal de Esportes e Lazer, no Centro de Esporte, Lazer e Cultura Dona Racibe Rezek, no Bairro Zequinha Am\u00eandola, \u00e0s segundas, quartas e sextas-feiras, com turmas sub 15 e sub 13, entre 16 e 19h. Interessados podem se inscrever diretamente no local no hor\u00e1rio em que as atividades s\u00e3o realizadas.<\/p>\n<p>O Instituto Mocambos Guerreiros desenvolve tamb\u00e9m aulas do Projeto de Futebol no Campo S\u00e3o Bento para a faixa et\u00e1ria de 10 a 15 anos (\u00e0s ter\u00e7as, quintas e sextas-feiras, das 16 \u00e0s 18h) e de Capoeira, \u00e0s segundas e quartas-feiras \u00e0s 19h, no Bairro S\u00e3o Francisco (Av. SF 1) e, \u00e0s ter\u00e7as e quintas-feiras \u00e0s 18h50 no CEMEI Jos\u00e9 Pereira Neves.<\/p>\n<p>Fernando Carlos de Souza, presidente do Instituto Mocambos Guerreiros, ressalta a import\u00e2ncia dos projetos. \u201cS\u00e3o as a\u00e7\u00f5es que tiram a crian\u00e7a da rua e a pr\u00e1tica de esportes melhora o condicionamento f\u00edsico, o reflexo, proporcionando mais agilidade\u201d, destacou.<\/p>\n<p>Doa\u00e7\u00f5es dos Amigos do SAMU<\/p>\n<p>A equipe do Servi\u00e7o de Atendimento M\u00f3vel de Urg\u00eancia (SAMU 192) Barretos tamb\u00e9m esteve na sede do FSS nesta semana, realizando a entrega dos alimentos arrecadados nas inscri\u00e7\u00f5es para o Amigos do SAMU, treinamento de primeiros socorros \u00e0 popula\u00e7\u00e3o realizado no in\u00edcio de agosto.<\/p>\n<p>\u201cA a\u00e7\u00e3o Amigos do SAMU \u00e9 um importante treinamento que voltamos a realizar \u00e0 popula\u00e7\u00e3o, com apoio da gest\u00e3o municipal para que fosse retomado e continue sendo desenvolvido. Entendemos que seria bastante prop\u00edcio e relevante pedirmos aos participantes do curso a doa\u00e7\u00e3o de alimentos. Deste modo, podemos tamb\u00e9m colaborar com o FSS e, a partir deste, com as pessoas que mais est\u00e3o precisando\u201d, afirmou o m\u00e9dico Thalles Almeida, coordenador geral do SAMU.<\/p>\n<p>O que doar ao FSS<\/p>\n<p>O Fundo Social de Solidariedade recebe cobertores, agasalhos, alimentos, roupas em bom estado, colch\u00f5es e sobras de materiais de constru\u00e7\u00e3o, para acolher as pessoas que mais precisam, al\u00e9m de fios de cabelos, para a produ\u00e7\u00e3o de perucas para pacientes do Hospital de Amor. Elas podem ser entregues na sede do \u00f3rg\u00e3o, na Rua 16, n\u00b0 52, entre as Avenidas 29 e 31.<\/p>\n","protected":false},"excerpt":{"rendered":"<p>&nbsp; Integrantes do Instituto Mocambos Guerreiros e de outros projetos<\/p>\n","protected":false},"author":2,"featured_media":95456,"comment_status":"open","ping_status":"open","sticky":false,"template":"","format":"standard","meta":{"footnotes":""},"categories":[14,25],"tags":[],"class_list":["post-95455","post","type-post","status-publish","format-standard","has-post-thumbnail","hentry","category-barretos","category-cidades"],"yoast_head":"<!-- This site is optimized with the Yoast SEO plugin v27.4 - https:\/\/yoast.com\/product\/yoast-seo-wordpress\/ -->\n<title>Fundo Social recebe doa\u00e7\u00f5es de a\u00e7\u00f5es em eventos esportivos e da Sa\u00fade - Regi\u00e3o News<\/title>\n<meta name=\"robots\" content=\"index, follow, max-snippet:-1, max-image-preview:large, max-video-preview:-1\" \/>\n<link rel=\"canonical\" href=\"https:\/\/regiaonews.net.br\/2022\/2023\/09\/21\/fundo-social-recebe-doacoes-de-acoes-em-eventos-esportivos-e-da-saude\/\" \/>\n<meta property=\"og:locale\" content=\"pt_BR\" \/>\n<meta property=\"og:type\" content=\"article\" \/>\n<meta property=\"og:title\" content=\"Fundo Social recebe doa\u00e7\u00f5es de a\u00e7\u00f5es em eventos esportivos e da Sa\u00fade - Regi\u00e3o News\" \/>\n<meta property=\"og:description\" content=\"&nbsp; Integrantes do Instituto Mocambos Guerreiros e de outros projetos\" \/>\n<meta property=\"og:url\" content=\"https:\/\/regiaonews.net.br\/2022\/2023\/09\/21\/fundo-social-recebe-doacoes-de-acoes-em-eventos-esportivos-e-da-saude\/\" \/>\n<meta property=\"og:site_name\" content=\"Regi\u00e3o News\" \/>\n<meta property=\"article:published_time\" content=\"2023-09-21T22:16:27+00:00\" \/>\n<meta property=\"og:image\" content=\"https:\/\/regiaonews.net.br\/2022\/wp-content\/uploads\/2023\/09\/WhatsApp-Image-2023-09-21-at-17.01.00.jpeg\" \/>\n\t<meta property=\"og:image:width\" content=\"1592\" \/>\n\t<meta property=\"og:image:height\" content=\"1060\" \/>\n\t<meta property=\"og:image:type\" content=\"image\/jpeg\" \/>\n<meta name=\"author\" content=\"Roberto\" \/>\n<meta name=\"twitter:card\" content=\"summary_large_image\" \/>\n<meta name=\"twitter:label1\" content=\"Escrito por\" \/>\n\t<meta name=\"twitter:data1\" content=\"Roberto\" \/>\n\t<meta name=\"twitter:label2\" content=\"Est. tempo de leitura\" \/>\n\t<meta name=\"twitter:data2\" content=\"5 minutos\" \/>\n<script type=\"application\/ld+json\" class=\"yoast-schema-graph\">{\"@context\":\"https:\\\/\\\/schema.org\",\"@graph\":[{\"@type\":\"Article\",\"@id\":\"https:\\\/\\\/regiaonews.net.br\\\/2022\\\/2023\\\/09\\\/21\\\/fundo-social-recebe-doacoes-de-acoes-em-eventos-esportivos-e-da-saude\\\/#article\",\"isPartOf\":{\"@id\":\"https:\\\/\\\/regiaonews.net.br\\\/2022\\\/2023\\\/09\\\/21\\\/fundo-social-recebe-doacoes-de-acoes-em-eventos-esportivos-e-da-saude\\\/\"},\"author\":{\"name\":\"Roberto\",\"@id\":\"https:\\\/\\\/regiaonews.net.br\\\/2022\\\/#\\\/schema\\\/person\\\/2d205a608a5aa97ac279d7a5e6d89ad8\"},\"headline\":\"Fundo Social recebe doa\u00e7\u00f5es de a\u00e7\u00f5es em eventos esportivos e da Sa\u00fade\",\"datePublished\":\"2023-09-21T22:16:27+00:00\",\"mainEntityOfPage\":{\"@id\":\"https:\\\/\\\/regiaonews.net.br\\\/2022\\\/2023\\\/09\\\/21\\\/fundo-social-recebe-doacoes-de-acoes-em-eventos-esportivos-e-da-saude\\\/\"},\"wordCount\":821,\"commentCount\":0,\"publisher\":{\"@id\":\"https:\\\/\\\/regiaonews.net.br\\\/2022\\\/#organization\"},\"image\":{\"@id\":\"https:\\\/\\\/regiaonews.net.br\\\/2022\\\/2023\\\/09\\\/21\\\/fundo-social-recebe-doacoes-de-acoes-em-eventos-esportivos-e-da-saude\\\/#primaryimage\"},\"thumbnailUrl\":\"https:\\\/\\\/regiaonews.net.br\\\/2022\\\/wp-content\\\/uploads\\\/2023\\\/09\\\/WhatsApp-Image-2023-09-21-at-17.01.00.jpeg\",\"articleSection\":[\"Barretos\",\"Cidades\"],\"inLanguage\":\"pt-BR\",\"potentialAction\":[{\"@type\":\"CommentAction\",\"name\":\"Comment\",\"target\":[\"https:\\\/\\\/regiaonews.net.br\\\/2022\\\/2023\\\/09\\\/21\\\/fundo-social-recebe-doacoes-de-acoes-em-eventos-esportivos-e-da-saude\\\/#respond\"]}]},{\"@type\":\"WebPage\",\"@id\":\"https:\\\/\\\/regiaonews.net.br\\\/2022\\\/2023\\\/09\\\/21\\\/fundo-social-recebe-doacoes-de-acoes-em-eventos-esportivos-e-da-saude\\\/\",\"url\":\"https:\\\/\\\/regiaonews.net.br\\\/2022\\\/2023\\\/09\\\/21\\\/fundo-social-recebe-doacoes-de-acoes-em-eventos-esportivos-e-da-saude\\\/\",\"name\":\"Fundo Social recebe doa\u00e7\u00f5es de a\u00e7\u00f5es em eventos esportivos e da Sa\u00fade - Regi\u00e3o News\",\"isPartOf\":{\"@id\":\"https:\\\/\\\/regiaonews.net.br\\\/2022\\\/#website\"},\"primaryImageOfPage\":{\"@id\":\"https:\\\/\\\/regiaonews.net.br\\\/2022\\\/2023\\\/09\\\/21\\\/fundo-social-recebe-doacoes-de-acoes-em-eventos-esportivos-e-da-saude\\\/#primaryimage\"},\"image\":{\"@id\":\"https:\\\/\\\/regiaonews.net.br\\\/2022\\\/2023\\\/09\\\/21\\\/fundo-social-recebe-doacoes-de-acoes-em-eventos-esportivos-e-da-saude\\\/#primaryimage\"},\"thumbnailUrl\":\"https:\\\/\\\/regiaonews.net.br\\\/2022\\\/wp-content\\\/uploads\\\/2023\\\/09\\\/WhatsApp-Image-2023-09-21-at-17.01.00.jpeg\",\"datePublished\":\"2023-09-21T22:16:27+00:00\",\"breadcrumb\":{\"@id\":\"https:\\\/\\\/regiaonews.net.br\\\/2022\\\/2023\\\/09\\\/21\\\/fundo-social-recebe-doacoes-de-acoes-em-eventos-esportivos-e-da-saude\\\/#breadcrumb\"},\"inLanguage\":\"pt-BR\",\"potentialAction\":[{\"@type\":\"ReadAction\",\"target\":[\"https:\\\/\\\/regiaonews.net.br\\\/2022\\\/2023\\\/09\\\/21\\\/fundo-social-recebe-doacoes-de-acoes-em-eventos-esportivos-e-da-saude\\\/\"]}]},{\"@type\":\"ImageObject\",\"inLanguage\":\"pt-BR\",\"@id\":\"https:\\\/\\\/regiaonews.net.br\\\/2022\\\/2023\\\/09\\\/21\\\/fundo-social-recebe-doacoes-de-acoes-em-eventos-esportivos-e-da-saude\\\/#primaryimage\",\"url\":\"https:\\\/\\\/regiaonews.net.br\\\/2022\\\/wp-content\\\/uploads\\\/2023\\\/09\\\/WhatsApp-Image-2023-09-21-at-17.01.00.jpeg\",\"contentUrl\":\"https:\\\/\\\/regiaonews.net.br\\\/2022\\\/wp-content\\\/uploads\\\/2023\\\/09\\\/WhatsApp-Image-2023-09-21-at-17.01.00.jpeg\",\"width\":1592,\"height\":1060},{\"@type\":\"BreadcrumbList\",\"@id\":\"https:\\\/\\\/regiaonews.net.br\\\/2022\\\/2023\\\/09\\\/21\\\/fundo-social-recebe-doacoes-de-acoes-em-eventos-esportivos-e-da-saude\\\/#breadcrumb\",\"itemListElement\":[{\"@type\":\"ListItem\",\"position\":1,\"name\":\"In\u00edcio\",\"item\":\"https:\\\/\\\/regiaonews.net.br\\\/2022\\\/\"},{\"@type\":\"ListItem\",\"position\":2,\"name\":\"Fundo Social recebe doa\u00e7\u00f5es de a\u00e7\u00f5es em eventos esportivos e da Sa\u00fade\"}]},{\"@type\":\"WebSite\",\"@id\":\"https:\\\/\\\/regiaonews.net.br\\\/2022\\\/#website\",\"url\":\"https:\\\/\\\/regiaonews.net.br\\\/2022\\\/\",\"name\":\"Regi\u00e3o News\",\"description\":\"Site de Not\u00edcias de Barretos e regi\u00e3o\",\"publisher\":{\"@id\":\"https:\\\/\\\/regiaonews.net.br\\\/2022\\\/#organization\"},\"potentialAction\":[{\"@type\":\"SearchAction\",\"target\":{\"@type\":\"EntryPoint\",\"urlTemplate\":\"https:\\\/\\\/regiaonews.net.br\\\/2022\\\/?s={search_term_string}\"},\"query-input\":{\"@type\":\"PropertyValueSpecification\",\"valueRequired\":true,\"valueName\":\"search_term_string\"}}],\"inLanguage\":\"pt-BR\"},{\"@type\":\"Organization\",\"@id\":\"https:\\\/\\\/regiaonews.net.br\\\/2022\\\/#organization\",\"name\":\"Regi\u00e3o News\",\"url\":\"https:\\\/\\\/regiaonews.net.br\\\/2022\\\/\",\"logo\":{\"@type\":\"ImageObject\",\"inLanguage\":\"pt-BR\",\"@id\":\"https:\\\/\\\/regiaonews.net.br\\\/2022\\\/#\\\/schema\\\/logo\\\/image\\\/\",\"url\":\"https:\\\/\\\/regiaonews.net.br\\\/2022\\\/wp-content\\\/uploads\\\/2026\\\/03\\\/regiao-13-anos-scaled.jpg\",\"contentUrl\":\"https:\\\/\\\/regiaonews.net.br\\\/2022\\\/wp-content\\\/uploads\\\/2026\\\/03\\\/regiao-13-anos-scaled.jpg\",\"width\":2560,\"height\":635,\"caption\":\"Regi\u00e3o News\"},\"image\":{\"@id\":\"https:\\\/\\\/regiaonews.net.br\\\/2022\\\/#\\\/schema\\\/logo\\\/image\\\/\"}},{\"@type\":\"Person\",\"@id\":\"https:\\\/\\\/regiaonews.net.br\\\/2022\\\/#\\\/schema\\\/person\\\/2d205a608a5aa97ac279d7a5e6d89ad8\",\"name\":\"Roberto\",\"image\":{\"@type\":\"ImageObject\",\"inLanguage\":\"pt-BR\",\"@id\":\"https:\\\/\\\/secure.gravatar.com\\\/avatar\\\/42749d8b712ff9d59ca93dc150494e5b55a44134482993f5baeb97e61b7ecc89?s=96&d=mm&r=g\",\"url\":\"https:\\\/\\\/secure.gravatar.com\\\/avatar\\\/42749d8b712ff9d59ca93dc150494e5b55a44134482993f5baeb97e61b7ecc89?s=96&d=mm&r=g\",\"contentUrl\":\"https:\\\/\\\/secure.gravatar.com\\\/avatar\\\/42749d8b712ff9d59ca93dc150494e5b55a44134482993f5baeb97e61b7ecc89?s=96&d=mm&r=g\",\"caption\":\"Roberto\"},\"url\":\"https:\\\/\\\/regiaonews.net.br\\\/2022\\\/author\\\/roberto\\\/\"}]}<\/script>\n<!-- \/ Yoast SEO plugin. -->","yoast_head_json":{"title":"Fundo Social recebe doa\u00e7\u00f5es de a\u00e7\u00f5es em eventos esportivos e da Sa\u00fade - Regi\u00e3o News","robots":{"index":"index","follow":"follow","max-snippet":"max-snippet:-1","max-image-preview":"max-image-preview:large","max-video-preview":"max-video-preview:-1"},"canonical":"https:\/\/regiaonews.net.br\/2022\/2023\/09\/21\/fundo-social-recebe-doacoes-de-acoes-em-eventos-esportivos-e-da-saude\/","og_locale":"pt_BR","og_type":"article","og_title":"Fundo Social recebe doa\u00e7\u00f5es de a\u00e7\u00f5es em eventos esportivos e da Sa\u00fade - Regi\u00e3o News","og_description":"&nbsp; Integrantes do Instituto Mocambos Guerreiros e de outros projetos","og_url":"https:\/\/regiaonews.net.br\/2022\/2023\/09\/21\/fundo-social-recebe-doacoes-de-acoes-em-eventos-esportivos-e-da-saude\/","og_site_name":"Regi\u00e3o News","article_published_time":"2023-09-21T22:16:27+00:00","og_image":[{"width":1592,"height":1060,"url":"https:\/\/regiaonews.net.br\/2022\/wp-content\/uploads\/2023\/09\/WhatsApp-Image-2023-09-21-at-17.01.00.jpeg","type":"image\/jpeg"}],"author":"Roberto","twitter_card":"summary_large_image","twitter_misc":{"Escrito por":"Roberto","Est. tempo de leitura":"5 minutos"},"schema":{"@context":"https:\/\/schema.org","@graph":[{"@type":"Article","@id":"https:\/\/regiaonews.net.br\/2022\/2023\/09\/21\/fundo-social-recebe-doacoes-de-acoes-em-eventos-esportivos-e-da-saude\/#article","isPartOf":{"@id":"https:\/\/regiaonews.net.br\/2022\/2023\/09\/21\/fundo-social-recebe-doacoes-de-acoes-em-eventos-esportivos-e-da-saude\/"},"author":{"name":"Roberto","@id":"https:\/\/regiaonews.net.br\/2022\/#\/schema\/person\/2d205a608a5aa97ac279d7a5e6d89ad8"},"headline":"Fundo Social recebe doa\u00e7\u00f5es de a\u00e7\u00f5es em eventos esportivos e da Sa\u00fade","datePublished":"2023-09-21T22:16:27+00:00","mainEntityOfPage":{"@id":"https:\/\/regiaonews.net.br\/2022\/2023\/09\/21\/fundo-social-recebe-doacoes-de-acoes-em-eventos-esportivos-e-da-saude\/"},"wordCount":821,"commentCount":0,"publisher":{"@id":"https:\/\/regiaonews.net.br\/2022\/#organization"},"image":{"@id":"https:\/\/regiaonews.net.br\/2022\/2023\/09\/21\/fundo-social-recebe-doacoes-de-acoes-em-eventos-esportivos-e-da-saude\/#primaryimage"},"thumbnailUrl":"https:\/\/regiaonews.net.br\/2022\/wp-content\/uploads\/2023\/09\/WhatsApp-Image-2023-09-21-at-17.01.00.jpeg","articleSection":["Barretos","Cidades"],"inLanguage":"pt-BR","potentialAction":[{"@type":"CommentAction","name":"Comment","target":["https:\/\/regiaonews.net.br\/2022\/2023\/09\/21\/fundo-social-recebe-doacoes-de-acoes-em-eventos-esportivos-e-da-saude\/#respond"]}]},{"@type":"WebPage","@id":"https:\/\/regiaonews.net.br\/2022\/2023\/09\/21\/fundo-social-recebe-doacoes-de-acoes-em-eventos-esportivos-e-da-saude\/","url":"https:\/\/regiaonews.net.br\/2022\/2023\/09\/21\/fundo-social-recebe-doacoes-de-acoes-em-eventos-esportivos-e-da-saude\/","name":"Fundo Social recebe doa\u00e7\u00f5es de a\u00e7\u00f5es em eventos esportivos e da Sa\u00fade - Regi\u00e3o News","isPartOf":{"@id":"https:\/\/regiaonews.net.br\/2022\/#website"},"primaryImageOfPage":{"@id":"https:\/\/regiaonews.net.br\/2022\/2023\/09\/21\/fundo-social-recebe-doacoes-de-acoes-em-eventos-esportivos-e-da-saude\/#primaryimage"},"image":{"@id":"https:\/\/regiaonews.net.br\/2022\/2023\/09\/21\/fundo-social-recebe-doacoes-de-acoes-em-eventos-esportivos-e-da-saude\/#primaryimage"},"thumbnailUrl":"https:\/\/regiaonews.net.br\/2022\/wp-content\/uploads\/2023\/09\/WhatsApp-Image-2023-09-21-at-17.01.00.jpeg","datePublished":"2023-09-21T22:16:27+00:00","breadcrumb":{"@id":"https:\/\/regiaonews.net.br\/2022\/2023\/09\/21\/fundo-social-recebe-doacoes-de-acoes-em-eventos-esportivos-e-da-saude\/#breadcrumb"},"inLanguage":"pt-BR","potentialAction":[{"@type":"ReadAction","target":["https:\/\/regiaonews.net.br\/2022\/2023\/09\/21\/fundo-social-recebe-doacoes-de-acoes-em-eventos-esportivos-e-da-saude\/"]}]},{"@type":"ImageObject","inLanguage":"pt-BR","@id":"https:\/\/regiaonews.net.br\/2022\/2023\/09\/21\/fundo-social-recebe-doacoes-de-acoes-em-eventos-esportivos-e-da-saude\/#primaryimage","url":"https:\/\/regiaonews.net.br\/2022\/wp-content\/uploads\/2023\/09\/WhatsApp-Image-2023-09-21-at-17.01.00.jpeg","contentUrl":"https:\/\/regiaonews.net.br\/2022\/wp-content\/uploads\/2023\/09\/WhatsApp-Image-2023-09-21-at-17.01.00.jpeg","width":1592,"height":1060},{"@type":"BreadcrumbList","@id":"https:\/\/regiaonews.net.br\/2022\/2023\/09\/21\/fundo-social-recebe-doacoes-de-acoes-em-eventos-esportivos-e-da-saude\/#breadcrumb","itemListElement":[{"@type":"ListItem","position":1,"name":"In\u00edcio","item":"https:\/\/regiaonews.net.br\/2022\/"},{"@type":"ListItem","position":2,"name":"Fundo Social recebe doa\u00e7\u00f5es de a\u00e7\u00f5es em eventos esportivos e da Sa\u00fade"}]},{"@type":"WebSite","@id":"https:\/\/regiaonews.net.br\/2022\/#website","url":"https:\/\/regiaonews.net.br\/2022\/","name":"Regi\u00e3o News","description":"Site de Not\u00edcias de Barretos e regi\u00e3o","publisher":{"@id":"https:\/\/regiaonews.net.br\/2022\/#organization"},"potentialAction":[{"@type":"SearchAction","target":{"@type":"EntryPoint","urlTemplate":"https:\/\/regiaonews.net.br\/2022\/?s={search_term_string}"},"query-input":{"@type":"PropertyValueSpecification","valueRequired":true,"valueName":"search_term_string"}}],"inLanguage":"pt-BR"},{"@type":"Organization","@id":"https:\/\/regiaonews.net.br\/2022\/#organization","name":"Regi\u00e3o News","url":"https:\/\/regiaonews.net.br\/2022\/","logo":{"@type":"ImageObject","inLanguage":"pt-BR","@id":"https:\/\/regiaonews.net.br\/2022\/#\/schema\/logo\/image\/","url":"https:\/\/regiaonews.net.br\/2022\/wp-content\/uploads\/2026\/03\/regiao-13-anos-scaled.jpg","contentUrl":"https:\/\/regiaonews.net.br\/2022\/wp-content\/uploads\/2026\/03\/regiao-13-anos-scaled.jpg","width":2560,"height":635,"caption":"Regi\u00e3o News"},"image":{"@id":"https:\/\/regiaonews.net.br\/2022\/#\/schema\/logo\/image\/"}},{"@type":"Person","@id":"https:\/\/regiaonews.net.br\/2022\/#\/schema\/person\/2d205a608a5aa97ac279d7a5e6d89ad8","name":"Roberto","image":{"@type":"ImageObject","inLanguage":"pt-BR","@id":"https:\/\/secure.gravatar.com\/avatar\/42749d8b712ff9d59ca93dc150494e5b55a44134482993f5baeb97e61b7ecc89?s=96&d=mm&r=g","url":"https:\/\/secure.gravatar.com\/avatar\/42749d8b712ff9d59ca93dc150494e5b55a44134482993f5baeb97e61b7ecc89?s=96&d=mm&r=g","contentUrl":"https:\/\/secure.gravatar.com\/avatar\/42749d8b712ff9d59ca93dc150494e5b55a44134482993f5baeb97e61b7ecc89?s=96&d=mm&r=g","caption":"Roberto"},"url":"https:\/\/regiaonews.net.br\/2022\/author\/roberto\/"}]}},"publishpress_future_action":{"enabled":false,"date":"2026-05-05 00:11:01","action":"change-status","newStatus":"draft","terms":[],"taxonomy":"category","extraData":[]},"publishpress_future_workflow_manual_trigger":{"enabledWorkflows":[]},"_links":{"self":[{"href":"https:\/\/regiaonews.net.br\/2022\/wp-json\/wp\/v2\/posts\/95455","targetHints":{"allow":["GET"]}}],"collection":[{"href":"https:\/\/regiaonews.net.br\/2022\/wp-json\/wp\/v2\/posts"}],"about":[{"href":"https:\/\/regiaonews.net.br\/2022\/wp-json\/wp\/v2\/types\/post"}],"author":[{"embeddable":true,"href":"https:\/\/regiaonews.net.br\/2022\/wp-json\/wp\/v2\/users\/2"}],"replies":[{"embeddable":true,"href":"https:\/\/regiaonews.net.br\/2022\/wp-json\/wp\/v2\/comments?post=95455"}],"version-history":[{"count":1,"href":"https:\/\/regiaonews.net.br\/2022\/wp-json\/wp\/v2\/posts\/95455\/revisions"}],"predecessor-version":[{"id":95457,"href":"https:\/\/regiaonews.net.br\/2022\/wp-json\/wp\/v2\/posts\/95455\/revisions\/95457"}],"wp:featuredmedia":[{"embeddable":true,"href":"https:\/\/regiaonews.net.br\/2022\/wp-json\/wp\/v2\/media\/95456"}],"wp:attachment":[{"href":"https:\/\/regiaonews.net.br\/2022\/wp-json\/wp\/v2\/media?parent=95455"}],"wp:term":[{"taxonomy":"category","embeddable":true,"href":"https:\/\/regiaonews.net.br\/2022\/wp-json\/wp\/v2\/categories?post=95455"},{"taxonomy":"post_tag","embeddable":true,"href":"https:\/\/regiaonews.net.br\/2022\/wp-json\/wp\/v2\/tags?post=95455"}],"curies":[{"name":"wp","href":"https:\/\/api.w.org\/{rel}","templated":true}]}}