{"id":95452,"date":"2023-09-21T18:52:54","date_gmt":"2023-09-21T21:52:54","guid":{"rendered":"https:\/\/regiaonews.net.br\/2022\/?p=95452"},"modified":"2023-09-21T18:52:54","modified_gmt":"2023-09-21T21:52:54","slug":"prova-presencial-do-vestibular-2024-do-unifeb-acontece-neste-domingo-dia-24","status":"publish","type":"post","link":"https:\/\/regiaonews.net.br\/2022\/2023\/09\/21\/prova-presencial-do-vestibular-2024-do-unifeb-acontece-neste-domingo-dia-24\/","title":{"rendered":"Prova presencial do Vestibular\/2024 do UNIFEB acontece neste domingo, dia 24"},"content":{"rendered":"<p class=\"x_MsoNormal\"><b><i><span class=\"x_ContentPasted0\">Os port\u00f5es abrem \u00e0s 13h e a aplica\u00e7\u00e3o do processo seletivo tem in\u00edcio \u00e0s 14h. S\u00e3o esperados centenas de candidatos que concorrem a vagas em 18 cursos de gradua\u00e7\u00e3o<\/span><span class=\"x_ContentPasted0\">\u00a0<\/span><\/i><\/b><\/p>\n<p class=\"x_MsoNormal\">\n<p class=\"x_MsoNormal\"><span class=\"x_ContentPasted0\">O campus do UNIFEB (Centro Universit\u00e1rio da Funda\u00e7\u00e3o Educacional de Barretos) recebe neste domingo, dia 24 de setembro, os inscritos para a prova presencial do Vestibular\/2024. O processo seletivo tem dura\u00e7\u00e3o de tr\u00eas horas e ser\u00e1 aplicado \u00e0s 14h, com abertura dos port\u00f5es \u00e0s 13h.<\/span><span class=\"x_ContentPasted0\">\u00a0<\/span><\/p>\n<p class=\"x_MsoNormal\"><span class=\"x_ContentPasted0\">Os vestibulandos concorrem a vagas em 18 cursos de gradua\u00e7\u00e3o e tamb\u00e9m participam do tradicional concurso de bolsas, que prestigiar\u00e1 as melhores notas da prova. \u201cQuem conquistar o primeiro lugar ganha uma bolsa integral, o segundo lugar tem 75% de desconto e o terceiro tem 50% de desconto. J\u00e1 os demais classificados podem obter 30% de desconto na mensalidade\u201d, explica o Reitor do UNIFEB, Prof. Dr. Angelo Davis.<\/span><span class=\"x_ContentPasted0\">\u00a0<\/span><\/p>\n<p class=\"x_MsoNormal\"><span class=\"x_ContentPasted0\">S\u00e3o esperados centenas de candidatos de Barretos e regi\u00e3o, inclusive de outros Estados. \u201cEstamos promovendo uma grande campanha de vestibular e investindo maci\u00e7amente em infraestrutura e novos cursos. O UNIFEB tem quase 60 anos de exist\u00eancia, mas hoje podemos dizer que o maior campus da regi\u00e3o est\u00e1 de \u2018cara nova\u2019 e com muito entusiasmo e disposi\u00e7\u00e3o para receber os futuros alunos\u201d, destacou o Reitor.<\/span><span class=\"x_ContentPasted0\">\u00a0<\/span><\/p>\n<p class=\"x_MsoNormal\"><span class=\"x_ContentPasted0\">Os cursos com vagas dispon\u00edveis s\u00e3o Administra\u00e7\u00e3o, Agronomia, Arquitetura e Urbanismo, Biomedicina, Ci\u00eancias Cont\u00e1beis, Direito, Educa\u00e7\u00e3o F\u00edsica, Engenharia Civil, Engenharia El\u00e9trica, Engenharia Mec\u00e2nica, Engenharia de Produ\u00e7\u00e3o, Engenharia Qu\u00edmica, Farm\u00e1cia, Fisioterapia, Medicina Veterin\u00e1ria, Odontologia, Pedagogia e Sistemas de Informa\u00e7\u00e3o. Todas as vagas s\u00e3o para o per\u00edodo noturno.<\/span><span class=\"x_ContentPasted0\">\u00a0<\/span><\/p>\n<p class=\"x_MsoNormal\"><span class=\"x_ContentPasted0\">As inscri\u00e7\u00f5es para o Vestibular\/2024 do UNIFEB podem ser feitas pelo site\u00a0<\/span><a id=\"OWA9ceefe63-a77a-529d-f950-927faf073124\" class=\"x_OWAAutoLink x_ContentPasted0\" href=\"http:\/\/www.vestibular.unifeb.edu.br\/\" target=\"_blank\" rel=\"noopener noreferrer\" data-auth=\"NotApplicable\" data-linkindex=\"0\">www.vestibular.unifeb.edu.br<\/a><span class=\"x_mpj7bzys\"><span class=\"x_ContentPasted0\">.<\/span><\/span><\/p>\n<p class=\"x_MsoNormal\">\n","protected":false},"excerpt":{"rendered":"<p>Os port\u00f5es abrem \u00e0s 13h e a aplica\u00e7\u00e3o do processo<\/p>\n","protected":false},"author":2,"featured_media":95453,"comment_status":"open","ping_status":"open","sticky":false,"template":"","format":"standard","meta":{"footnotes":""},"categories":[14,25],"tags":[],"class_list":["post-95452","post","type-post","status-publish","format-standard","has-post-thumbnail","hentry","category-barretos","category-cidades"],"yoast_head":"<!-- This site is optimized with the Yoast SEO plugin v27.4 - https:\/\/yoast.com\/product\/yoast-seo-wordpress\/ -->\n<title>Prova presencial do Vestibular\/2024 do UNIFEB acontece<\/title>\n<meta name=\"description\" content=\"Os vestibulandos concorrem a vagas em 18 cursos de gradua\u00e7\u00e3o e tamb\u00e9m participam do tradicional concurso de bolsas, que prestigiar\u00e1 as\" \/>\n<meta name=\"robots\" content=\"index, follow, max-snippet:-1, max-image-preview:large, max-video-preview:-1\" \/>\n<link rel=\"canonical\" href=\"https:\/\/regiaonews.net.br\/2022\/2023\/09\/21\/prova-presencial-do-vestibular-2024-do-unifeb-acontece-neste-domingo-dia-24\/\" \/>\n<meta property=\"og:locale\" content=\"pt_BR\" \/>\n<meta property=\"og:type\" content=\"article\" \/>\n<meta property=\"og:title\" content=\"Prova presencial do Vestibular\/2024 do UNIFEB acontece\" \/>\n<meta property=\"og:description\" content=\"Os vestibulandos concorrem a vagas em 18 cursos de gradua\u00e7\u00e3o e tamb\u00e9m participam do tradicional concurso de bolsas, que prestigiar\u00e1 as\" \/>\n<meta property=\"og:url\" content=\"https:\/\/regiaonews.net.br\/2022\/2023\/09\/21\/prova-presencial-do-vestibular-2024-do-unifeb-acontece-neste-domingo-dia-24\/\" \/>\n<meta property=\"og:site_name\" content=\"Regi\u00e3o News\" \/>\n<meta property=\"article:published_time\" content=\"2023-09-21T21:52:54+00:00\" \/>\n<meta property=\"og:image\" content=\"https:\/\/regiaonews.net.br\/2022\/wp-content\/uploads\/2023\/09\/UNIFEB.jpg\" \/>\n\t<meta property=\"og:image:width\" content=\"1280\" \/>\n\t<meta property=\"og:image:height\" content=\"960\" \/>\n\t<meta property=\"og:image:type\" content=\"image\/jpeg\" \/>\n<meta name=\"author\" content=\"Roberto\" \/>\n<meta name=\"twitter:card\" content=\"summary_large_image\" \/>\n<meta name=\"twitter:label1\" content=\"Escrito por\" \/>\n\t<meta name=\"twitter:data1\" content=\"Roberto\" \/>\n\t<meta name=\"twitter:label2\" content=\"Est. tempo de leitura\" \/>\n\t<meta name=\"twitter:data2\" content=\"2 minutos\" \/>\n<script type=\"application\/ld+json\" class=\"yoast-schema-graph\">{\"@context\":\"https:\\\/\\\/schema.org\",\"@graph\":[{\"@type\":\"Article\",\"@id\":\"https:\\\/\\\/regiaonews.net.br\\\/2022\\\/2023\\\/09\\\/21\\\/prova-presencial-do-vestibular-2024-do-unifeb-acontece-neste-domingo-dia-24\\\/#article\",\"isPartOf\":{\"@id\":\"https:\\\/\\\/regiaonews.net.br\\\/2022\\\/2023\\\/09\\\/21\\\/prova-presencial-do-vestibular-2024-do-unifeb-acontece-neste-domingo-dia-24\\\/\"},\"author\":{\"name\":\"Roberto\",\"@id\":\"https:\\\/\\\/regiaonews.net.br\\\/2022\\\/#\\\/schema\\\/person\\\/2d205a608a5aa97ac279d7a5e6d89ad8\"},\"headline\":\"Prova presencial do Vestibular\\\/2024 do UNIFEB acontece neste domingo, dia 24\",\"datePublished\":\"2023-09-21T21:52:54+00:00\",\"mainEntityOfPage\":{\"@id\":\"https:\\\/\\\/regiaonews.net.br\\\/2022\\\/2023\\\/09\\\/21\\\/prova-presencial-do-vestibular-2024-do-unifeb-acontece-neste-domingo-dia-24\\\/\"},\"wordCount\":307,\"commentCount\":0,\"publisher\":{\"@id\":\"https:\\\/\\\/regiaonews.net.br\\\/2022\\\/#organization\"},\"image\":{\"@id\":\"https:\\\/\\\/regiaonews.net.br\\\/2022\\\/2023\\\/09\\\/21\\\/prova-presencial-do-vestibular-2024-do-unifeb-acontece-neste-domingo-dia-24\\\/#primaryimage\"},\"thumbnailUrl\":\"https:\\\/\\\/regiaonews.net.br\\\/2022\\\/wp-content\\\/uploads\\\/2023\\\/09\\\/UNIFEB.jpg\",\"articleSection\":[\"Barretos\",\"Cidades\"],\"inLanguage\":\"pt-BR\",\"potentialAction\":[{\"@type\":\"CommentAction\",\"name\":\"Comment\",\"target\":[\"https:\\\/\\\/regiaonews.net.br\\\/2022\\\/2023\\\/09\\\/21\\\/prova-presencial-do-vestibular-2024-do-unifeb-acontece-neste-domingo-dia-24\\\/#respond\"]}]},{\"@type\":\"WebPage\",\"@id\":\"https:\\\/\\\/regiaonews.net.br\\\/2022\\\/2023\\\/09\\\/21\\\/prova-presencial-do-vestibular-2024-do-unifeb-acontece-neste-domingo-dia-24\\\/\",\"url\":\"https:\\\/\\\/regiaonews.net.br\\\/2022\\\/2023\\\/09\\\/21\\\/prova-presencial-do-vestibular-2024-do-unifeb-acontece-neste-domingo-dia-24\\\/\",\"name\":\"Prova presencial do Vestibular\\\/2024 do UNIFEB acontece\",\"isPartOf\":{\"@id\":\"https:\\\/\\\/regiaonews.net.br\\\/2022\\\/#website\"},\"primaryImageOfPage\":{\"@id\":\"https:\\\/\\\/regiaonews.net.br\\\/2022\\\/2023\\\/09\\\/21\\\/prova-presencial-do-vestibular-2024-do-unifeb-acontece-neste-domingo-dia-24\\\/#primaryimage\"},\"image\":{\"@id\":\"https:\\\/\\\/regiaonews.net.br\\\/2022\\\/2023\\\/09\\\/21\\\/prova-presencial-do-vestibular-2024-do-unifeb-acontece-neste-domingo-dia-24\\\/#primaryimage\"},\"thumbnailUrl\":\"https:\\\/\\\/regiaonews.net.br\\\/2022\\\/wp-content\\\/uploads\\\/2023\\\/09\\\/UNIFEB.jpg\",\"datePublished\":\"2023-09-21T21:52:54+00:00\",\"description\":\"Os vestibulandos concorrem a vagas em 18 cursos de gradua\u00e7\u00e3o e tamb\u00e9m participam do tradicional concurso de bolsas, que prestigiar\u00e1 as\",\"breadcrumb\":{\"@id\":\"https:\\\/\\\/regiaonews.net.br\\\/2022\\\/2023\\\/09\\\/21\\\/prova-presencial-do-vestibular-2024-do-unifeb-acontece-neste-domingo-dia-24\\\/#breadcrumb\"},\"inLanguage\":\"pt-BR\",\"potentialAction\":[{\"@type\":\"ReadAction\",\"target\":[\"https:\\\/\\\/regiaonews.net.br\\\/2022\\\/2023\\\/09\\\/21\\\/prova-presencial-do-vestibular-2024-do-unifeb-acontece-neste-domingo-dia-24\\\/\"]}]},{\"@type\":\"ImageObject\",\"inLanguage\":\"pt-BR\",\"@id\":\"https:\\\/\\\/regiaonews.net.br\\\/2022\\\/2023\\\/09\\\/21\\\/prova-presencial-do-vestibular-2024-do-unifeb-acontece-neste-domingo-dia-24\\\/#primaryimage\",\"url\":\"https:\\\/\\\/regiaonews.net.br\\\/2022\\\/wp-content\\\/uploads\\\/2023\\\/09\\\/UNIFEB.jpg\",\"contentUrl\":\"https:\\\/\\\/regiaonews.net.br\\\/2022\\\/wp-content\\\/uploads\\\/2023\\\/09\\\/UNIFEB.jpg\",\"width\":1280,\"height\":960},{\"@type\":\"BreadcrumbList\",\"@id\":\"https:\\\/\\\/regiaonews.net.br\\\/2022\\\/2023\\\/09\\\/21\\\/prova-presencial-do-vestibular-2024-do-unifeb-acontece-neste-domingo-dia-24\\\/#breadcrumb\",\"itemListElement\":[{\"@type\":\"ListItem\",\"position\":1,\"name\":\"In\u00edcio\",\"item\":\"https:\\\/\\\/regiaonews.net.br\\\/2022\\\/\"},{\"@type\":\"ListItem\",\"position\":2,\"name\":\"Prova presencial do Vestibular\\\/2024 do UNIFEB acontece neste domingo, dia 24\"}]},{\"@type\":\"WebSite\",\"@id\":\"https:\\\/\\\/regiaonews.net.br\\\/2022\\\/#website\",\"url\":\"https:\\\/\\\/regiaonews.net.br\\\/2022\\\/\",\"name\":\"Regi\u00e3o News\",\"description\":\"Site de Not\u00edcias de Barretos e regi\u00e3o\",\"publisher\":{\"@id\":\"https:\\\/\\\/regiaonews.net.br\\\/2022\\\/#organization\"},\"potentialAction\":[{\"@type\":\"SearchAction\",\"target\":{\"@type\":\"EntryPoint\",\"urlTemplate\":\"https:\\\/\\\/regiaonews.net.br\\\/2022\\\/?s={search_term_string}\"},\"query-input\":{\"@type\":\"PropertyValueSpecification\",\"valueRequired\":true,\"valueName\":\"search_term_string\"}}],\"inLanguage\":\"pt-BR\"},{\"@type\":\"Organization\",\"@id\":\"https:\\\/\\\/regiaonews.net.br\\\/2022\\\/#organization\",\"name\":\"Regi\u00e3o News\",\"url\":\"https:\\\/\\\/regiaonews.net.br\\\/2022\\\/\",\"logo\":{\"@type\":\"ImageObject\",\"inLanguage\":\"pt-BR\",\"@id\":\"https:\\\/\\\/regiaonews.net.br\\\/2022\\\/#\\\/schema\\\/logo\\\/image\\\/\",\"url\":\"https:\\\/\\\/regiaonews.net.br\\\/2022\\\/wp-content\\\/uploads\\\/2026\\\/03\\\/regiao-13-anos-scaled.jpg\",\"contentUrl\":\"https:\\\/\\\/regiaonews.net.br\\\/2022\\\/wp-content\\\/uploads\\\/2026\\\/03\\\/regiao-13-anos-scaled.jpg\",\"width\":2560,\"height\":635,\"caption\":\"Regi\u00e3o News\"},\"image\":{\"@id\":\"https:\\\/\\\/regiaonews.net.br\\\/2022\\\/#\\\/schema\\\/logo\\\/image\\\/\"}},{\"@type\":\"Person\",\"@id\":\"https:\\\/\\\/regiaonews.net.br\\\/2022\\\/#\\\/schema\\\/person\\\/2d205a608a5aa97ac279d7a5e6d89ad8\",\"name\":\"Roberto\",\"image\":{\"@type\":\"ImageObject\",\"inLanguage\":\"pt-BR\",\"@id\":\"https:\\\/\\\/secure.gravatar.com\\\/avatar\\\/42749d8b712ff9d59ca93dc150494e5b55a44134482993f5baeb97e61b7ecc89?s=96&d=mm&r=g\",\"url\":\"https:\\\/\\\/secure.gravatar.com\\\/avatar\\\/42749d8b712ff9d59ca93dc150494e5b55a44134482993f5baeb97e61b7ecc89?s=96&d=mm&r=g\",\"contentUrl\":\"https:\\\/\\\/secure.gravatar.com\\\/avatar\\\/42749d8b712ff9d59ca93dc150494e5b55a44134482993f5baeb97e61b7ecc89?s=96&d=mm&r=g\",\"caption\":\"Roberto\"},\"url\":\"https:\\\/\\\/regiaonews.net.br\\\/2022\\\/author\\\/roberto\\\/\"}]}<\/script>\n<!-- \/ Yoast SEO plugin. -->","yoast_head_json":{"title":"Prova presencial do Vestibular\/2024 do UNIFEB acontece","description":"Os vestibulandos concorrem a vagas em 18 cursos de gradua\u00e7\u00e3o e tamb\u00e9m participam do tradicional concurso de bolsas, que prestigiar\u00e1 as","robots":{"index":"index","follow":"follow","max-snippet":"max-snippet:-1","max-image-preview":"max-image-preview:large","max-video-preview":"max-video-preview:-1"},"canonical":"https:\/\/regiaonews.net.br\/2022\/2023\/09\/21\/prova-presencial-do-vestibular-2024-do-unifeb-acontece-neste-domingo-dia-24\/","og_locale":"pt_BR","og_type":"article","og_title":"Prova presencial do Vestibular\/2024 do UNIFEB acontece","og_description":"Os vestibulandos concorrem a vagas em 18 cursos de gradua\u00e7\u00e3o e tamb\u00e9m participam do tradicional concurso de bolsas, que prestigiar\u00e1 as","og_url":"https:\/\/regiaonews.net.br\/2022\/2023\/09\/21\/prova-presencial-do-vestibular-2024-do-unifeb-acontece-neste-domingo-dia-24\/","og_site_name":"Regi\u00e3o News","article_published_time":"2023-09-21T21:52:54+00:00","og_image":[{"width":1280,"height":960,"url":"https:\/\/regiaonews.net.br\/2022\/wp-content\/uploads\/2023\/09\/UNIFEB.jpg","type":"image\/jpeg"}],"author":"Roberto","twitter_card":"summary_large_image","twitter_misc":{"Escrito por":"Roberto","Est. tempo de leitura":"2 minutos"},"schema":{"@context":"https:\/\/schema.org","@graph":[{"@type":"Article","@id":"https:\/\/regiaonews.net.br\/2022\/2023\/09\/21\/prova-presencial-do-vestibular-2024-do-unifeb-acontece-neste-domingo-dia-24\/#article","isPartOf":{"@id":"https:\/\/regiaonews.net.br\/2022\/2023\/09\/21\/prova-presencial-do-vestibular-2024-do-unifeb-acontece-neste-domingo-dia-24\/"},"author":{"name":"Roberto","@id":"https:\/\/regiaonews.net.br\/2022\/#\/schema\/person\/2d205a608a5aa97ac279d7a5e6d89ad8"},"headline":"Prova presencial do Vestibular\/2024 do UNIFEB acontece neste domingo, dia 24","datePublished":"2023-09-21T21:52:54+00:00","mainEntityOfPage":{"@id":"https:\/\/regiaonews.net.br\/2022\/2023\/09\/21\/prova-presencial-do-vestibular-2024-do-unifeb-acontece-neste-domingo-dia-24\/"},"wordCount":307,"commentCount":0,"publisher":{"@id":"https:\/\/regiaonews.net.br\/2022\/#organization"},"image":{"@id":"https:\/\/regiaonews.net.br\/2022\/2023\/09\/21\/prova-presencial-do-vestibular-2024-do-unifeb-acontece-neste-domingo-dia-24\/#primaryimage"},"thumbnailUrl":"https:\/\/regiaonews.net.br\/2022\/wp-content\/uploads\/2023\/09\/UNIFEB.jpg","articleSection":["Barretos","Cidades"],"inLanguage":"pt-BR","potentialAction":[{"@type":"CommentAction","name":"Comment","target":["https:\/\/regiaonews.net.br\/2022\/2023\/09\/21\/prova-presencial-do-vestibular-2024-do-unifeb-acontece-neste-domingo-dia-24\/#respond"]}]},{"@type":"WebPage","@id":"https:\/\/regiaonews.net.br\/2022\/2023\/09\/21\/prova-presencial-do-vestibular-2024-do-unifeb-acontece-neste-domingo-dia-24\/","url":"https:\/\/regiaonews.net.br\/2022\/2023\/09\/21\/prova-presencial-do-vestibular-2024-do-unifeb-acontece-neste-domingo-dia-24\/","name":"Prova presencial do Vestibular\/2024 do UNIFEB acontece","isPartOf":{"@id":"https:\/\/regiaonews.net.br\/2022\/#website"},"primaryImageOfPage":{"@id":"https:\/\/regiaonews.net.br\/2022\/2023\/09\/21\/prova-presencial-do-vestibular-2024-do-unifeb-acontece-neste-domingo-dia-24\/#primaryimage"},"image":{"@id":"https:\/\/regiaonews.net.br\/2022\/2023\/09\/21\/prova-presencial-do-vestibular-2024-do-unifeb-acontece-neste-domingo-dia-24\/#primaryimage"},"thumbnailUrl":"https:\/\/regiaonews.net.br\/2022\/wp-content\/uploads\/2023\/09\/UNIFEB.jpg","datePublished":"2023-09-21T21:52:54+00:00","description":"Os vestibulandos concorrem a vagas em 18 cursos de gradua\u00e7\u00e3o e tamb\u00e9m participam do tradicional concurso de bolsas, que prestigiar\u00e1 as","breadcrumb":{"@id":"https:\/\/regiaonews.net.br\/2022\/2023\/09\/21\/prova-presencial-do-vestibular-2024-do-unifeb-acontece-neste-domingo-dia-24\/#breadcrumb"},"inLanguage":"pt-BR","potentialAction":[{"@type":"ReadAction","target":["https:\/\/regiaonews.net.br\/2022\/2023\/09\/21\/prova-presencial-do-vestibular-2024-do-unifeb-acontece-neste-domingo-dia-24\/"]}]},{"@type":"ImageObject","inLanguage":"pt-BR","@id":"https:\/\/regiaonews.net.br\/2022\/2023\/09\/21\/prova-presencial-do-vestibular-2024-do-unifeb-acontece-neste-domingo-dia-24\/#primaryimage","url":"https:\/\/regiaonews.net.br\/2022\/wp-content\/uploads\/2023\/09\/UNIFEB.jpg","contentUrl":"https:\/\/regiaonews.net.br\/2022\/wp-content\/uploads\/2023\/09\/UNIFEB.jpg","width":1280,"height":960},{"@type":"BreadcrumbList","@id":"https:\/\/regiaonews.net.br\/2022\/2023\/09\/21\/prova-presencial-do-vestibular-2024-do-unifeb-acontece-neste-domingo-dia-24\/#breadcrumb","itemListElement":[{"@type":"ListItem","position":1,"name":"In\u00edcio","item":"https:\/\/regiaonews.net.br\/2022\/"},{"@type":"ListItem","position":2,"name":"Prova presencial do Vestibular\/2024 do UNIFEB acontece neste domingo, dia 24"}]},{"@type":"WebSite","@id":"https:\/\/regiaonews.net.br\/2022\/#website","url":"https:\/\/regiaonews.net.br\/2022\/","name":"Regi\u00e3o News","description":"Site de Not\u00edcias de Barretos e regi\u00e3o","publisher":{"@id":"https:\/\/regiaonews.net.br\/2022\/#organization"},"potentialAction":[{"@type":"SearchAction","target":{"@type":"EntryPoint","urlTemplate":"https:\/\/regiaonews.net.br\/2022\/?s={search_term_string}"},"query-input":{"@type":"PropertyValueSpecification","valueRequired":true,"valueName":"search_term_string"}}],"inLanguage":"pt-BR"},{"@type":"Organization","@id":"https:\/\/regiaonews.net.br\/2022\/#organization","name":"Regi\u00e3o News","url":"https:\/\/regiaonews.net.br\/2022\/","logo":{"@type":"ImageObject","inLanguage":"pt-BR","@id":"https:\/\/regiaonews.net.br\/2022\/#\/schema\/logo\/image\/","url":"https:\/\/regiaonews.net.br\/2022\/wp-content\/uploads\/2026\/03\/regiao-13-anos-scaled.jpg","contentUrl":"https:\/\/regiaonews.net.br\/2022\/wp-content\/uploads\/2026\/03\/regiao-13-anos-scaled.jpg","width":2560,"height":635,"caption":"Regi\u00e3o News"},"image":{"@id":"https:\/\/regiaonews.net.br\/2022\/#\/schema\/logo\/image\/"}},{"@type":"Person","@id":"https:\/\/regiaonews.net.br\/2022\/#\/schema\/person\/2d205a608a5aa97ac279d7a5e6d89ad8","name":"Roberto","image":{"@type":"ImageObject","inLanguage":"pt-BR","@id":"https:\/\/secure.gravatar.com\/avatar\/42749d8b712ff9d59ca93dc150494e5b55a44134482993f5baeb97e61b7ecc89?s=96&d=mm&r=g","url":"https:\/\/secure.gravatar.com\/avatar\/42749d8b712ff9d59ca93dc150494e5b55a44134482993f5baeb97e61b7ecc89?s=96&d=mm&r=g","contentUrl":"https:\/\/secure.gravatar.com\/avatar\/42749d8b712ff9d59ca93dc150494e5b55a44134482993f5baeb97e61b7ecc89?s=96&d=mm&r=g","caption":"Roberto"},"url":"https:\/\/regiaonews.net.br\/2022\/author\/roberto\/"}]}},"publishpress_future_action":{"enabled":false,"date":"2026-05-04 22:26:20","action":"change-status","newStatus":"draft","terms":[],"taxonomy":"category","extraData":[]},"publishpress_future_workflow_manual_trigger":{"enabledWorkflows":[]},"_links":{"self":[{"href":"https:\/\/regiaonews.net.br\/2022\/wp-json\/wp\/v2\/posts\/95452","targetHints":{"allow":["GET"]}}],"collection":[{"href":"https:\/\/regiaonews.net.br\/2022\/wp-json\/wp\/v2\/posts"}],"about":[{"href":"https:\/\/regiaonews.net.br\/2022\/wp-json\/wp\/v2\/types\/post"}],"author":[{"embeddable":true,"href":"https:\/\/regiaonews.net.br\/2022\/wp-json\/wp\/v2\/users\/2"}],"replies":[{"embeddable":true,"href":"https:\/\/regiaonews.net.br\/2022\/wp-json\/wp\/v2\/comments?post=95452"}],"version-history":[{"count":1,"href":"https:\/\/regiaonews.net.br\/2022\/wp-json\/wp\/v2\/posts\/95452\/revisions"}],"predecessor-version":[{"id":95454,"href":"https:\/\/regiaonews.net.br\/2022\/wp-json\/wp\/v2\/posts\/95452\/revisions\/95454"}],"wp:featuredmedia":[{"embeddable":true,"href":"https:\/\/regiaonews.net.br\/2022\/wp-json\/wp\/v2\/media\/95453"}],"wp:attachment":[{"href":"https:\/\/regiaonews.net.br\/2022\/wp-json\/wp\/v2\/media?parent=95452"}],"wp:term":[{"taxonomy":"category","embeddable":true,"href":"https:\/\/regiaonews.net.br\/2022\/wp-json\/wp\/v2\/categories?post=95452"},{"taxonomy":"post_tag","embeddable":true,"href":"https:\/\/regiaonews.net.br\/2022\/wp-json\/wp\/v2\/tags?post=95452"}],"curies":[{"name":"wp","href":"https:\/\/api.w.org\/{rel}","templated":true}]}}