{"id":95449,"date":"2023-09-21T17:38:43","date_gmt":"2023-09-21T20:38:43","guid":{"rendered":"https:\/\/regiaonews.net.br\/2022\/?p=95449"},"modified":"2023-09-21T17:38:43","modified_gmt":"2023-09-21T20:38:43","slug":"fabricio-taveira-e-medalha-de-bronze-no-wodcelona-na-espanha","status":"publish","type":"post","link":"https:\/\/regiaonews.net.br\/2022\/2023\/09\/21\/fabricio-taveira-e-medalha-de-bronze-no-wodcelona-na-espanha\/","title":{"rendered":"Fabr\u00edcio Taveira \u00e9 medalha de bronze no Wodcelona, na Espanha"},"content":{"rendered":"<h3 style=\"text-align: center;\">Atleta barretense se consagra, mais uma vez, entre os melhores do mundo no maior campeonato de crossfit da Europa.<\/h3>\n<p>Considerado o campeonato de crossfit mais inclusivo da Europa, o Wodcelona reuniu nesta edi\u00e7\u00e3o 2023 mais de mil atletas, de 38 diferentes pa\u00edses, disputando 21 modalidades do esporte, sendo 11 delas especialmente para pessoas com defici\u00eancia, com provas no \u00faltimo final de semana. O barretense Fabr\u00edcio Taveira, que pratica o esporte h\u00e1 menos de quatro anos, nas categorias especiais para pessoas com defici\u00eancia, revelou que as provas estiveram em alto n\u00edvel, com grandes graus de dificuldade, inclusive com o cancelamento de uma delas por conta do mau tempo \u00e0 beira mar em Barcelona, onde foram realizados, mesmo assim, ele sagrou-se entre os tr\u00eas primeiros do mundo e conquistou a medalha de bronze no p\u00f3dio. Foi sua segunda vez no Wodcelona, em 2022 ele tamb\u00e9m ficou entre os melhores.<br \/>\n\u201cA modalidade que eu sabia que me sairia ainda melhor foi justamente a cancelada, mas eu, como bom brasileiro, n\u00e3o desisto nunca, e dei o m\u00e1ximo que pude nas outras provas, conseguindo o terceiro lugar na classifica\u00e7\u00e3o geral, ficando \u00e0 frente de muito atleta com mais tempo de crossfit e com condi\u00e7\u00f5es de treinamento muito melhores em seu pa\u00eds. Acredito que tenha conseguido representar bem o Brasil, j\u00e1 que fui o \u00fanico brasileiro bem classificado. Estou orgulhoso de mim\u201d, revela Fabr\u00edcio que, por um erro da organiza\u00e7\u00e3o do evento, s\u00f3 recebeu sua medalha ap\u00f3s a competi\u00e7\u00e3o encerrada.<br \/>\nFabr\u00edcio conseguiu viajar para a Espanha com sua equipe gra\u00e7as ao patroc\u00ednio de empresas que aliaram suas marcas \u00e0 hist\u00f3ria de supera\u00e7\u00e3o e conquistas que o atleta simboliza. V\u00edtima de um acidente em setembro de 2019, quando parte de uma estrutura de metal caiu sobre sua cabe\u00e7a, em um evento na cidade de Gua\u00edra\/SP, Fabr\u00edcio Taveira teve um les\u00e3o medular, perdendo boa parte de seus movimentos, se tornando parapl\u00e9gico, com depend\u00eancia da cadeira de rodas para mobilidade. Hoje, contrariando todos os progn\u00f3sticos m\u00e9dicos, ele consegue manter-se em p\u00e9 por v\u00e1rios minutos, d\u00e1 passos com ajuda do andador e, al\u00e9m de disputar competi\u00e7\u00f5es de crossfit adaptado, pelo mundo, ministra palestras sobre motiva\u00e7\u00e3o e supera\u00e7\u00e3o.<br \/>\nEntre os patrocinadores conquistados para custear a viagem \u00e0 Espanha est\u00e3o a Ecopower Energia Fotovoltaica, SEM Farmac\u00eautica, Invasion Energy Drink, Cir\u00fargica Drogadada, S\u00f3 Agr\u00edcola Barretos, Unique Sa\u00fade e Est\u00e9tica e Facisb \u2013 Faculdade de Ci\u00eancias da Sa\u00fade de Barretos \u201cDr. Paulo Prata\u201d. Al\u00e9m de outros apoiadores e doadores. A equipe que acompanhou Fabr\u00edcio foi formada por seus dois treinadores Pedro Rastelli e Maur\u00edcio Cruz Filho, e sua namorada e assistente para as redes sociais Genesis Herrera.<\/p>\n<p>Fotos:\u00a0Divulga\u00e7\u00e3o<\/p>\n","protected":false},"excerpt":{"rendered":"<p>Atleta barretense se consagra, mais uma vez, entre os melhores<\/p>\n","protected":false},"author":2,"featured_media":95450,"comment_status":"open","ping_status":"open","sticky":false,"template":"","format":"standard","meta":{"footnotes":""},"categories":[14,3],"tags":[],"class_list":["post-95449","post","type-post","status-publish","format-standard","has-post-thumbnail","hentry","category-barretos","category-geral"],"yoast_head":"<!-- This site is optimized with the Yoast SEO plugin v27.4 - https:\/\/yoast.com\/product\/yoast-seo-wordpress\/ -->\n<title>Fabr\u00edcio Taveira \u00e9 medalha de bronze no Wodcelona, na Espanha - Regi\u00e3o News<\/title>\n<meta name=\"robots\" content=\"index, follow, max-snippet:-1, max-image-preview:large, max-video-preview:-1\" \/>\n<link rel=\"canonical\" href=\"https:\/\/regiaonews.net.br\/2022\/2023\/09\/21\/fabricio-taveira-e-medalha-de-bronze-no-wodcelona-na-espanha\/\" \/>\n<meta property=\"og:locale\" content=\"pt_BR\" \/>\n<meta property=\"og:type\" content=\"article\" \/>\n<meta property=\"og:title\" content=\"Fabr\u00edcio Taveira \u00e9 medalha de bronze no Wodcelona, na Espanha - Regi\u00e3o News\" \/>\n<meta property=\"og:description\" content=\"Atleta barretense se consagra, mais uma vez, entre os melhores\" \/>\n<meta property=\"og:url\" content=\"https:\/\/regiaonews.net.br\/2022\/2023\/09\/21\/fabricio-taveira-e-medalha-de-bronze-no-wodcelona-na-espanha\/\" \/>\n<meta property=\"og:site_name\" content=\"Regi\u00e3o News\" \/>\n<meta property=\"article:published_time\" content=\"2023-09-21T20:38:43+00:00\" \/>\n<meta property=\"og:image\" content=\"https:\/\/regiaonews.net.br\/2022\/wp-content\/uploads\/2023\/09\/Imagem-do-WhatsApp-de-2023-09-21-as-17.02.26.jpg\" \/>\n\t<meta property=\"og:image:width\" content=\"1280\" \/>\n\t<meta property=\"og:image:height\" content=\"960\" \/>\n\t<meta property=\"og:image:type\" content=\"image\/jpeg\" \/>\n<meta name=\"author\" content=\"Roberto\" \/>\n<meta name=\"twitter:card\" content=\"summary_large_image\" \/>\n<meta name=\"twitter:label1\" content=\"Escrito por\" \/>\n\t<meta name=\"twitter:data1\" content=\"Roberto\" \/>\n\t<meta name=\"twitter:label2\" content=\"Est. tempo de leitura\" \/>\n\t<meta name=\"twitter:data2\" content=\"3 minutos\" \/>\n<script type=\"application\/ld+json\" class=\"yoast-schema-graph\">{\"@context\":\"https:\\\/\\\/schema.org\",\"@graph\":[{\"@type\":\"Article\",\"@id\":\"https:\\\/\\\/regiaonews.net.br\\\/2022\\\/2023\\\/09\\\/21\\\/fabricio-taveira-e-medalha-de-bronze-no-wodcelona-na-espanha\\\/#article\",\"isPartOf\":{\"@id\":\"https:\\\/\\\/regiaonews.net.br\\\/2022\\\/2023\\\/09\\\/21\\\/fabricio-taveira-e-medalha-de-bronze-no-wodcelona-na-espanha\\\/\"},\"author\":{\"name\":\"Roberto\",\"@id\":\"https:\\\/\\\/regiaonews.net.br\\\/2022\\\/#\\\/schema\\\/person\\\/2d205a608a5aa97ac279d7a5e6d89ad8\"},\"headline\":\"Fabr\u00edcio Taveira \u00e9 medalha de bronze no Wodcelona, na Espanha\",\"datePublished\":\"2023-09-21T20:38:43+00:00\",\"mainEntityOfPage\":{\"@id\":\"https:\\\/\\\/regiaonews.net.br\\\/2022\\\/2023\\\/09\\\/21\\\/fabricio-taveira-e-medalha-de-bronze-no-wodcelona-na-espanha\\\/\"},\"wordCount\":484,\"commentCount\":0,\"publisher\":{\"@id\":\"https:\\\/\\\/regiaonews.net.br\\\/2022\\\/#organization\"},\"image\":{\"@id\":\"https:\\\/\\\/regiaonews.net.br\\\/2022\\\/2023\\\/09\\\/21\\\/fabricio-taveira-e-medalha-de-bronze-no-wodcelona-na-espanha\\\/#primaryimage\"},\"thumbnailUrl\":\"https:\\\/\\\/regiaonews.net.br\\\/2022\\\/wp-content\\\/uploads\\\/2023\\\/09\\\/Imagem-do-WhatsApp-de-2023-09-21-as-17.02.26.jpg\",\"articleSection\":[\"Barretos\",\"Geral\"],\"inLanguage\":\"pt-BR\",\"potentialAction\":[{\"@type\":\"CommentAction\",\"name\":\"Comment\",\"target\":[\"https:\\\/\\\/regiaonews.net.br\\\/2022\\\/2023\\\/09\\\/21\\\/fabricio-taveira-e-medalha-de-bronze-no-wodcelona-na-espanha\\\/#respond\"]}]},{\"@type\":\"WebPage\",\"@id\":\"https:\\\/\\\/regiaonews.net.br\\\/2022\\\/2023\\\/09\\\/21\\\/fabricio-taveira-e-medalha-de-bronze-no-wodcelona-na-espanha\\\/\",\"url\":\"https:\\\/\\\/regiaonews.net.br\\\/2022\\\/2023\\\/09\\\/21\\\/fabricio-taveira-e-medalha-de-bronze-no-wodcelona-na-espanha\\\/\",\"name\":\"Fabr\u00edcio Taveira \u00e9 medalha de bronze no Wodcelona, na Espanha - Regi\u00e3o News\",\"isPartOf\":{\"@id\":\"https:\\\/\\\/regiaonews.net.br\\\/2022\\\/#website\"},\"primaryImageOfPage\":{\"@id\":\"https:\\\/\\\/regiaonews.net.br\\\/2022\\\/2023\\\/09\\\/21\\\/fabricio-taveira-e-medalha-de-bronze-no-wodcelona-na-espanha\\\/#primaryimage\"},\"image\":{\"@id\":\"https:\\\/\\\/regiaonews.net.br\\\/2022\\\/2023\\\/09\\\/21\\\/fabricio-taveira-e-medalha-de-bronze-no-wodcelona-na-espanha\\\/#primaryimage\"},\"thumbnailUrl\":\"https:\\\/\\\/regiaonews.net.br\\\/2022\\\/wp-content\\\/uploads\\\/2023\\\/09\\\/Imagem-do-WhatsApp-de-2023-09-21-as-17.02.26.jpg\",\"datePublished\":\"2023-09-21T20:38:43+00:00\",\"breadcrumb\":{\"@id\":\"https:\\\/\\\/regiaonews.net.br\\\/2022\\\/2023\\\/09\\\/21\\\/fabricio-taveira-e-medalha-de-bronze-no-wodcelona-na-espanha\\\/#breadcrumb\"},\"inLanguage\":\"pt-BR\",\"potentialAction\":[{\"@type\":\"ReadAction\",\"target\":[\"https:\\\/\\\/regiaonews.net.br\\\/2022\\\/2023\\\/09\\\/21\\\/fabricio-taveira-e-medalha-de-bronze-no-wodcelona-na-espanha\\\/\"]}]},{\"@type\":\"ImageObject\",\"inLanguage\":\"pt-BR\",\"@id\":\"https:\\\/\\\/regiaonews.net.br\\\/2022\\\/2023\\\/09\\\/21\\\/fabricio-taveira-e-medalha-de-bronze-no-wodcelona-na-espanha\\\/#primaryimage\",\"url\":\"https:\\\/\\\/regiaonews.net.br\\\/2022\\\/wp-content\\\/uploads\\\/2023\\\/09\\\/Imagem-do-WhatsApp-de-2023-09-21-as-17.02.26.jpg\",\"contentUrl\":\"https:\\\/\\\/regiaonews.net.br\\\/2022\\\/wp-content\\\/uploads\\\/2023\\\/09\\\/Imagem-do-WhatsApp-de-2023-09-21-as-17.02.26.jpg\",\"width\":1280,\"height\":960},{\"@type\":\"BreadcrumbList\",\"@id\":\"https:\\\/\\\/regiaonews.net.br\\\/2022\\\/2023\\\/09\\\/21\\\/fabricio-taveira-e-medalha-de-bronze-no-wodcelona-na-espanha\\\/#breadcrumb\",\"itemListElement\":[{\"@type\":\"ListItem\",\"position\":1,\"name\":\"In\u00edcio\",\"item\":\"https:\\\/\\\/regiaonews.net.br\\\/2022\\\/\"},{\"@type\":\"ListItem\",\"position\":2,\"name\":\"Fabr\u00edcio Taveira \u00e9 medalha de bronze no Wodcelona, na Espanha\"}]},{\"@type\":\"WebSite\",\"@id\":\"https:\\\/\\\/regiaonews.net.br\\\/2022\\\/#website\",\"url\":\"https:\\\/\\\/regiaonews.net.br\\\/2022\\\/\",\"name\":\"Regi\u00e3o News\",\"description\":\"Site de Not\u00edcias de Barretos e regi\u00e3o\",\"publisher\":{\"@id\":\"https:\\\/\\\/regiaonews.net.br\\\/2022\\\/#organization\"},\"potentialAction\":[{\"@type\":\"SearchAction\",\"target\":{\"@type\":\"EntryPoint\",\"urlTemplate\":\"https:\\\/\\\/regiaonews.net.br\\\/2022\\\/?s={search_term_string}\"},\"query-input\":{\"@type\":\"PropertyValueSpecification\",\"valueRequired\":true,\"valueName\":\"search_term_string\"}}],\"inLanguage\":\"pt-BR\"},{\"@type\":\"Organization\",\"@id\":\"https:\\\/\\\/regiaonews.net.br\\\/2022\\\/#organization\",\"name\":\"Regi\u00e3o News\",\"url\":\"https:\\\/\\\/regiaonews.net.br\\\/2022\\\/\",\"logo\":{\"@type\":\"ImageObject\",\"inLanguage\":\"pt-BR\",\"@id\":\"https:\\\/\\\/regiaonews.net.br\\\/2022\\\/#\\\/schema\\\/logo\\\/image\\\/\",\"url\":\"https:\\\/\\\/regiaonews.net.br\\\/2022\\\/wp-content\\\/uploads\\\/2026\\\/03\\\/regiao-13-anos-scaled.jpg\",\"contentUrl\":\"https:\\\/\\\/regiaonews.net.br\\\/2022\\\/wp-content\\\/uploads\\\/2026\\\/03\\\/regiao-13-anos-scaled.jpg\",\"width\":2560,\"height\":635,\"caption\":\"Regi\u00e3o News\"},\"image\":{\"@id\":\"https:\\\/\\\/regiaonews.net.br\\\/2022\\\/#\\\/schema\\\/logo\\\/image\\\/\"}},{\"@type\":\"Person\",\"@id\":\"https:\\\/\\\/regiaonews.net.br\\\/2022\\\/#\\\/schema\\\/person\\\/2d205a608a5aa97ac279d7a5e6d89ad8\",\"name\":\"Roberto\",\"image\":{\"@type\":\"ImageObject\",\"inLanguage\":\"pt-BR\",\"@id\":\"https:\\\/\\\/secure.gravatar.com\\\/avatar\\\/42749d8b712ff9d59ca93dc150494e5b55a44134482993f5baeb97e61b7ecc89?s=96&d=mm&r=g\",\"url\":\"https:\\\/\\\/secure.gravatar.com\\\/avatar\\\/42749d8b712ff9d59ca93dc150494e5b55a44134482993f5baeb97e61b7ecc89?s=96&d=mm&r=g\",\"contentUrl\":\"https:\\\/\\\/secure.gravatar.com\\\/avatar\\\/42749d8b712ff9d59ca93dc150494e5b55a44134482993f5baeb97e61b7ecc89?s=96&d=mm&r=g\",\"caption\":\"Roberto\"},\"url\":\"https:\\\/\\\/regiaonews.net.br\\\/2022\\\/author\\\/roberto\\\/\"}]}<\/script>\n<!-- \/ Yoast SEO plugin. -->","yoast_head_json":{"title":"Fabr\u00edcio Taveira \u00e9 medalha de bronze no Wodcelona, na Espanha - Regi\u00e3o News","robots":{"index":"index","follow":"follow","max-snippet":"max-snippet:-1","max-image-preview":"max-image-preview:large","max-video-preview":"max-video-preview:-1"},"canonical":"https:\/\/regiaonews.net.br\/2022\/2023\/09\/21\/fabricio-taveira-e-medalha-de-bronze-no-wodcelona-na-espanha\/","og_locale":"pt_BR","og_type":"article","og_title":"Fabr\u00edcio Taveira \u00e9 medalha de bronze no Wodcelona, na Espanha - Regi\u00e3o News","og_description":"Atleta barretense se consagra, mais uma vez, entre os melhores","og_url":"https:\/\/regiaonews.net.br\/2022\/2023\/09\/21\/fabricio-taveira-e-medalha-de-bronze-no-wodcelona-na-espanha\/","og_site_name":"Regi\u00e3o News","article_published_time":"2023-09-21T20:38:43+00:00","og_image":[{"width":1280,"height":960,"url":"https:\/\/regiaonews.net.br\/2022\/wp-content\/uploads\/2023\/09\/Imagem-do-WhatsApp-de-2023-09-21-as-17.02.26.jpg","type":"image\/jpeg"}],"author":"Roberto","twitter_card":"summary_large_image","twitter_misc":{"Escrito por":"Roberto","Est. tempo de leitura":"3 minutos"},"schema":{"@context":"https:\/\/schema.org","@graph":[{"@type":"Article","@id":"https:\/\/regiaonews.net.br\/2022\/2023\/09\/21\/fabricio-taveira-e-medalha-de-bronze-no-wodcelona-na-espanha\/#article","isPartOf":{"@id":"https:\/\/regiaonews.net.br\/2022\/2023\/09\/21\/fabricio-taveira-e-medalha-de-bronze-no-wodcelona-na-espanha\/"},"author":{"name":"Roberto","@id":"https:\/\/regiaonews.net.br\/2022\/#\/schema\/person\/2d205a608a5aa97ac279d7a5e6d89ad8"},"headline":"Fabr\u00edcio Taveira \u00e9 medalha de bronze no Wodcelona, na Espanha","datePublished":"2023-09-21T20:38:43+00:00","mainEntityOfPage":{"@id":"https:\/\/regiaonews.net.br\/2022\/2023\/09\/21\/fabricio-taveira-e-medalha-de-bronze-no-wodcelona-na-espanha\/"},"wordCount":484,"commentCount":0,"publisher":{"@id":"https:\/\/regiaonews.net.br\/2022\/#organization"},"image":{"@id":"https:\/\/regiaonews.net.br\/2022\/2023\/09\/21\/fabricio-taveira-e-medalha-de-bronze-no-wodcelona-na-espanha\/#primaryimage"},"thumbnailUrl":"https:\/\/regiaonews.net.br\/2022\/wp-content\/uploads\/2023\/09\/Imagem-do-WhatsApp-de-2023-09-21-as-17.02.26.jpg","articleSection":["Barretos","Geral"],"inLanguage":"pt-BR","potentialAction":[{"@type":"CommentAction","name":"Comment","target":["https:\/\/regiaonews.net.br\/2022\/2023\/09\/21\/fabricio-taveira-e-medalha-de-bronze-no-wodcelona-na-espanha\/#respond"]}]},{"@type":"WebPage","@id":"https:\/\/regiaonews.net.br\/2022\/2023\/09\/21\/fabricio-taveira-e-medalha-de-bronze-no-wodcelona-na-espanha\/","url":"https:\/\/regiaonews.net.br\/2022\/2023\/09\/21\/fabricio-taveira-e-medalha-de-bronze-no-wodcelona-na-espanha\/","name":"Fabr\u00edcio Taveira \u00e9 medalha de bronze no Wodcelona, na Espanha - Regi\u00e3o News","isPartOf":{"@id":"https:\/\/regiaonews.net.br\/2022\/#website"},"primaryImageOfPage":{"@id":"https:\/\/regiaonews.net.br\/2022\/2023\/09\/21\/fabricio-taveira-e-medalha-de-bronze-no-wodcelona-na-espanha\/#primaryimage"},"image":{"@id":"https:\/\/regiaonews.net.br\/2022\/2023\/09\/21\/fabricio-taveira-e-medalha-de-bronze-no-wodcelona-na-espanha\/#primaryimage"},"thumbnailUrl":"https:\/\/regiaonews.net.br\/2022\/wp-content\/uploads\/2023\/09\/Imagem-do-WhatsApp-de-2023-09-21-as-17.02.26.jpg","datePublished":"2023-09-21T20:38:43+00:00","breadcrumb":{"@id":"https:\/\/regiaonews.net.br\/2022\/2023\/09\/21\/fabricio-taveira-e-medalha-de-bronze-no-wodcelona-na-espanha\/#breadcrumb"},"inLanguage":"pt-BR","potentialAction":[{"@type":"ReadAction","target":["https:\/\/regiaonews.net.br\/2022\/2023\/09\/21\/fabricio-taveira-e-medalha-de-bronze-no-wodcelona-na-espanha\/"]}]},{"@type":"ImageObject","inLanguage":"pt-BR","@id":"https:\/\/regiaonews.net.br\/2022\/2023\/09\/21\/fabricio-taveira-e-medalha-de-bronze-no-wodcelona-na-espanha\/#primaryimage","url":"https:\/\/regiaonews.net.br\/2022\/wp-content\/uploads\/2023\/09\/Imagem-do-WhatsApp-de-2023-09-21-as-17.02.26.jpg","contentUrl":"https:\/\/regiaonews.net.br\/2022\/wp-content\/uploads\/2023\/09\/Imagem-do-WhatsApp-de-2023-09-21-as-17.02.26.jpg","width":1280,"height":960},{"@type":"BreadcrumbList","@id":"https:\/\/regiaonews.net.br\/2022\/2023\/09\/21\/fabricio-taveira-e-medalha-de-bronze-no-wodcelona-na-espanha\/#breadcrumb","itemListElement":[{"@type":"ListItem","position":1,"name":"In\u00edcio","item":"https:\/\/regiaonews.net.br\/2022\/"},{"@type":"ListItem","position":2,"name":"Fabr\u00edcio Taveira \u00e9 medalha de bronze no Wodcelona, na Espanha"}]},{"@type":"WebSite","@id":"https:\/\/regiaonews.net.br\/2022\/#website","url":"https:\/\/regiaonews.net.br\/2022\/","name":"Regi\u00e3o News","description":"Site de Not\u00edcias de Barretos e regi\u00e3o","publisher":{"@id":"https:\/\/regiaonews.net.br\/2022\/#organization"},"potentialAction":[{"@type":"SearchAction","target":{"@type":"EntryPoint","urlTemplate":"https:\/\/regiaonews.net.br\/2022\/?s={search_term_string}"},"query-input":{"@type":"PropertyValueSpecification","valueRequired":true,"valueName":"search_term_string"}}],"inLanguage":"pt-BR"},{"@type":"Organization","@id":"https:\/\/regiaonews.net.br\/2022\/#organization","name":"Regi\u00e3o News","url":"https:\/\/regiaonews.net.br\/2022\/","logo":{"@type":"ImageObject","inLanguage":"pt-BR","@id":"https:\/\/regiaonews.net.br\/2022\/#\/schema\/logo\/image\/","url":"https:\/\/regiaonews.net.br\/2022\/wp-content\/uploads\/2026\/03\/regiao-13-anos-scaled.jpg","contentUrl":"https:\/\/regiaonews.net.br\/2022\/wp-content\/uploads\/2026\/03\/regiao-13-anos-scaled.jpg","width":2560,"height":635,"caption":"Regi\u00e3o News"},"image":{"@id":"https:\/\/regiaonews.net.br\/2022\/#\/schema\/logo\/image\/"}},{"@type":"Person","@id":"https:\/\/regiaonews.net.br\/2022\/#\/schema\/person\/2d205a608a5aa97ac279d7a5e6d89ad8","name":"Roberto","image":{"@type":"ImageObject","inLanguage":"pt-BR","@id":"https:\/\/secure.gravatar.com\/avatar\/42749d8b712ff9d59ca93dc150494e5b55a44134482993f5baeb97e61b7ecc89?s=96&d=mm&r=g","url":"https:\/\/secure.gravatar.com\/avatar\/42749d8b712ff9d59ca93dc150494e5b55a44134482993f5baeb97e61b7ecc89?s=96&d=mm&r=g","contentUrl":"https:\/\/secure.gravatar.com\/avatar\/42749d8b712ff9d59ca93dc150494e5b55a44134482993f5baeb97e61b7ecc89?s=96&d=mm&r=g","caption":"Roberto"},"url":"https:\/\/regiaonews.net.br\/2022\/author\/roberto\/"}]}},"publishpress_future_action":{"enabled":false,"date":"2026-05-04 20:47:21","action":"change-status","newStatus":"draft","terms":[],"taxonomy":"category","extraData":[]},"publishpress_future_workflow_manual_trigger":{"enabledWorkflows":[]},"_links":{"self":[{"href":"https:\/\/regiaonews.net.br\/2022\/wp-json\/wp\/v2\/posts\/95449","targetHints":{"allow":["GET"]}}],"collection":[{"href":"https:\/\/regiaonews.net.br\/2022\/wp-json\/wp\/v2\/posts"}],"about":[{"href":"https:\/\/regiaonews.net.br\/2022\/wp-json\/wp\/v2\/types\/post"}],"author":[{"embeddable":true,"href":"https:\/\/regiaonews.net.br\/2022\/wp-json\/wp\/v2\/users\/2"}],"replies":[{"embeddable":true,"href":"https:\/\/regiaonews.net.br\/2022\/wp-json\/wp\/v2\/comments?post=95449"}],"version-history":[{"count":1,"href":"https:\/\/regiaonews.net.br\/2022\/wp-json\/wp\/v2\/posts\/95449\/revisions"}],"predecessor-version":[{"id":95451,"href":"https:\/\/regiaonews.net.br\/2022\/wp-json\/wp\/v2\/posts\/95449\/revisions\/95451"}],"wp:featuredmedia":[{"embeddable":true,"href":"https:\/\/regiaonews.net.br\/2022\/wp-json\/wp\/v2\/media\/95450"}],"wp:attachment":[{"href":"https:\/\/regiaonews.net.br\/2022\/wp-json\/wp\/v2\/media?parent=95449"}],"wp:term":[{"taxonomy":"category","embeddable":true,"href":"https:\/\/regiaonews.net.br\/2022\/wp-json\/wp\/v2\/categories?post=95449"},{"taxonomy":"post_tag","embeddable":true,"href":"https:\/\/regiaonews.net.br\/2022\/wp-json\/wp\/v2\/tags?post=95449"}],"curies":[{"name":"wp","href":"https:\/\/api.w.org\/{rel}","templated":true}]}}