{"id":95445,"date":"2023-09-21T17:13:26","date_gmt":"2023-09-21T20:13:26","guid":{"rendered":"https:\/\/regiaonews.net.br\/2022\/?p=95445"},"modified":"2023-09-21T17:13:26","modified_gmt":"2023-09-21T20:13:26","slug":"prefeitura-entrega-o-primeiro-ponto-de-wi-fi-livre-de-barretos","status":"publish","type":"post","link":"https:\/\/regiaonews.net.br\/2022\/2023\/09\/21\/prefeitura-entrega-o-primeiro-ponto-de-wi-fi-livre-de-barretos\/","title":{"rendered":"Prefeitura entrega o primeiro ponto de Wi-Fi Livre de Barretos"},"content":{"rendered":"<p>A Est\u00e2ncia Tur\u00edstica de Barretos amanheceu mais conectada nesta quinta-feira, 21 de setembro, com a entrega do primeiro ponto de Wi-Fi Livre da cidade pela prefeita Paula Lemos. A tecnologia, que permite conectar dispositivos \u00e0 internet sem a necessidade de fios, foi implantada inicialmente na Pra\u00e7a Poeta Nidoval Reis, a \u201cPra\u00e7a da Primavera\u201d. A iniciativa, que integra o Projeto Barretos Inteligente, tamb\u00e9m inclui a disponibiliza\u00e7\u00e3o de internet gratuita em outros 27 locais, promovendo mais inclus\u00e3o digital para a popula\u00e7\u00e3o barretense.<br \/>\nA prefeita Paula Lemos esteve na pra\u00e7a e acompanhou a libera\u00e7\u00e3o do sinal junto de mun\u00edcipes, alunos da Rede Municipal de Ensino e de autoridades locais. \u201cA Pra\u00e7a da Primavera \u00e9 um exemplo do que n\u00f3s estamos buscando fazer na nossa cidade: reconstruir. A popula\u00e7\u00e3o vai compreender a dimens\u00e3o do que estamos fazendo com essa Parceria P\u00fablico-Privada (PPP) daqui cinco anos. Desde quando eu era vereadora eu sempre falei que n\u00e3o existe espa\u00e7o mais democr\u00e1tico que uma pra\u00e7a, porque ela n\u00e3o tem portas. Ent\u00e3o, todo mundo pode frequentar\u201d, disse a prefeita.<br \/>\nPaula tamb\u00e9m falou dos benef\u00edcios que a PPP trar\u00e1 para a cidade e refor\u00e7ou que a internet gr\u00e1tis promove a inclus\u00e3o digital e mais oportunidades para o cidad\u00e3o. \u201cA gente est\u00e1 aqui para garantir mais seguran\u00e7a para a nossa popula\u00e7\u00e3o, garantir que essas crian\u00e7as possam vir aqui brincar, fazer tarefa pelo celular, fazer pesquisas, conversar com os amigos. Estamos buscando dar oportunidades para aquelas pessoas que n\u00e3o tem condi\u00e7\u00f5es de ter internet em suas casas. Elas poder\u00e3o vir aqui e nos outros 27 pontos de acesso para fazer suas tarefas e atividades\u201d, completou.<br \/>\nAt\u00e9 o final deste ano tamb\u00e9m devem ser liberados os sinais de Wi-Fi gratuito no Terminal de Integra\u00e7\u00e3o \u201cJo\u00e3o Paulo Coimbra Queiroz\u201d, no Vel\u00f3rio Municipal M\u00e1rcio Roberto Andrade &#8211; \u201cBet\u00e3o do Cemit\u00e9rio\u201d, no Playground \u2018Pedro Henrique de Souza\u2019 na Regi\u00e3o dos Lagos, no Recinto Paulo de Lima Correa e no Terminal Rodovi\u00e1rio \u201cAry Ribeiro de Mendon\u00e7a\u201d.<br \/>\nEdson Neves, acionista do Cons\u00f3rcio Barretos Inteligente, considerou a implanta\u00e7\u00e3o do Wi-Fi um passo importante para tornar Barretos uma Cidade Inteligente. \u201cPoucas cidades do Brasil t\u00eam essa facilidade. Acredito que esse passo que a prefeita Paula est\u00e1 dando em rela\u00e7\u00e3o \u00e0 ilumina\u00e7\u00e3o p\u00fablica e conectividade do mun\u00edcipe, das escolas, dos pr\u00e9dios p\u00fablicos \u00e9 uma modernidade muito importante. E, para contemplar isso, mais uma coisa, a usina fotovoltaica que vai fazer com que tudo isso ainda baixe o custo da cidade em rela\u00e7\u00e3o \u00e0 conta de energia, e esse dinheiro possa ser melhor aproveitado\u201d, frisou.<br \/>\nO secret\u00e1rio municipal de Finan\u00e7as, Fernando Soares, destacou as melhorias na \u00e1rea de conectividade e telecomunica\u00e7\u00f5es que o projeto est\u00e1 trazendo \u00e0 cidade. \u201cHoje \u00e9 um dia muito feliz, de avan\u00e7o no Projeto da PPP para Cidade Inteligente, com a inaugura\u00e7\u00e3o do primeiro ponto de Wi-Fi. Este \u00e9 um dos blocos da telecomunica\u00e7\u00e3o que tamb\u00e9m fazem parte as c\u00e2meras de seguran\u00e7a p\u00fablica, a nossa muralha digital, com 40 pontos de videomonitoramento em nossa cidade. Tamb\u00e9m faz parte deste projeto a conectividade de 115 pr\u00e9dios p\u00fablicos, como nossas escolas e UBS\u2019s. \u00c9 uma grande evolu\u00e7\u00e3o em termos de conectividade, utilizando a tecnologia para melhorar os servi\u00e7os p\u00fablicos\u201d, explicou.<br \/>\nPara o secret\u00e1rio, quando se fala de cidade inteligente tamb\u00e9m se fala de efici\u00eancia e economicidade para o munic\u00edpio. \u201cA combina\u00e7\u00e3o da troca de l\u00e2mpadas por LED e a usina solar, com gera\u00e7\u00e3o de energia limpa, nos permite promover todos estes outros servi\u00e7os p\u00fablicos. Cidade inteligente \u00e9 isso: trazer a quest\u00e3o da sustentabilidade, energia limpa e efici\u00eancia nos gastos, para que a gente possa utilizar o que sobrar nas pol\u00edticas p\u00fablicas, na educa\u00e7\u00e3o, na sa\u00fade, na habita\u00e7\u00e3o e em todas as outras \u00e1reas que nossa cidade necessita\u201d, completou.<br \/>\nRepresentando a C\u00e2mara Municipal, o vereador Nestor Leonel parabenizou o secret\u00e1rio Fernando, o Cons\u00f3rcio Barretos Inteligente e a prefeita Paula, destacando as benfeitorias realizadas com a revitaliza\u00e7\u00e3o da Pra\u00e7a da Primavera. \u201cIsso \u00e9 gest\u00e3o, \u00e9 capacidade, \u00e9 pensar na nossa popula\u00e7\u00e3o. Voc\u00ea est\u00e1 fazendo uma gest\u00e3o direcionada n\u00e3o somente ao bem-estar das crian\u00e7as, mas de toda a popula\u00e7\u00e3o. Ent\u00e3o voc\u00ea est\u00e1 de parab\u00e9ns\u201d, enfatizou se referindo a prefeita Paula.<\/p>\n","protected":false},"excerpt":{"rendered":"<p>A Est\u00e2ncia Tur\u00edstica de Barretos amanheceu mais conectada nesta quinta-feira,<\/p>\n","protected":false},"author":2,"featured_media":95447,"comment_status":"open","ping_status":"open","sticky":false,"template":"","format":"standard","meta":{"footnotes":""},"categories":[14,25],"tags":[],"class_list":["post-95445","post","type-post","status-publish","format-standard","has-post-thumbnail","hentry","category-barretos","category-cidades"],"yoast_head":"<!-- This site is optimized with the Yoast SEO plugin v27.4 - https:\/\/yoast.com\/product\/yoast-seo-wordpress\/ -->\n<title>Prefeitura entrega o primeiro ponto de Wi-Fi Livre de Barretos<\/title>\n<meta name=\"description\" content=\"A Est\u00e2ncia Tur\u00edstica de Barretos amanheceu mais conectada nesta quinta-feira, 21 de setembro, com a entrega do primeiro ponto de\" \/>\n<meta name=\"robots\" content=\"index, follow, max-snippet:-1, max-image-preview:large, max-video-preview:-1\" \/>\n<link rel=\"canonical\" href=\"https:\/\/regiaonews.net.br\/2022\/2023\/09\/21\/prefeitura-entrega-o-primeiro-ponto-de-wi-fi-livre-de-barretos\/\" \/>\n<meta property=\"og:locale\" content=\"pt_BR\" \/>\n<meta property=\"og:type\" content=\"article\" \/>\n<meta property=\"og:title\" content=\"Prefeitura entrega o primeiro ponto de Wi-Fi Livre de Barretos\" \/>\n<meta property=\"og:description\" content=\"A Est\u00e2ncia Tur\u00edstica de Barretos amanheceu mais conectada nesta quinta-feira, 21 de setembro, com a entrega do primeiro ponto de\" \/>\n<meta property=\"og:url\" content=\"https:\/\/regiaonews.net.br\/2022\/2023\/09\/21\/prefeitura-entrega-o-primeiro-ponto-de-wi-fi-livre-de-barretos\/\" \/>\n<meta property=\"og:site_name\" content=\"Regi\u00e3o News\" \/>\n<meta property=\"article:published_time\" content=\"2023-09-21T20:13:26+00:00\" \/>\n<meta property=\"og:image\" content=\"https:\/\/regiaonews.net.br\/2022\/wp-content\/uploads\/2023\/09\/cb1c10fd-b7cf-495c-b3e8-3d470eee7057.jpg\" \/>\n\t<meta property=\"og:image:width\" content=\"1592\" \/>\n\t<meta property=\"og:image:height\" content=\"1060\" \/>\n\t<meta property=\"og:image:type\" content=\"image\/jpeg\" \/>\n<meta name=\"author\" content=\"Roberto\" \/>\n<meta name=\"twitter:card\" content=\"summary_large_image\" \/>\n<meta name=\"twitter:label1\" content=\"Escrito por\" \/>\n\t<meta name=\"twitter:data1\" content=\"Roberto\" \/>\n\t<meta name=\"twitter:label2\" content=\"Est. tempo de leitura\" \/>\n\t<meta name=\"twitter:data2\" content=\"4 minutos\" \/>\n<script type=\"application\/ld+json\" class=\"yoast-schema-graph\">{\"@context\":\"https:\\\/\\\/schema.org\",\"@graph\":[{\"@type\":\"Article\",\"@id\":\"https:\\\/\\\/regiaonews.net.br\\\/2022\\\/2023\\\/09\\\/21\\\/prefeitura-entrega-o-primeiro-ponto-de-wi-fi-livre-de-barretos\\\/#article\",\"isPartOf\":{\"@id\":\"https:\\\/\\\/regiaonews.net.br\\\/2022\\\/2023\\\/09\\\/21\\\/prefeitura-entrega-o-primeiro-ponto-de-wi-fi-livre-de-barretos\\\/\"},\"author\":{\"name\":\"Roberto\",\"@id\":\"https:\\\/\\\/regiaonews.net.br\\\/2022\\\/#\\\/schema\\\/person\\\/2d205a608a5aa97ac279d7a5e6d89ad8\"},\"headline\":\"Prefeitura entrega o primeiro ponto de Wi-Fi Livre de Barretos\",\"datePublished\":\"2023-09-21T20:13:26+00:00\",\"mainEntityOfPage\":{\"@id\":\"https:\\\/\\\/regiaonews.net.br\\\/2022\\\/2023\\\/09\\\/21\\\/prefeitura-entrega-o-primeiro-ponto-de-wi-fi-livre-de-barretos\\\/\"},\"wordCount\":770,\"commentCount\":0,\"publisher\":{\"@id\":\"https:\\\/\\\/regiaonews.net.br\\\/2022\\\/#organization\"},\"image\":{\"@id\":\"https:\\\/\\\/regiaonews.net.br\\\/2022\\\/2023\\\/09\\\/21\\\/prefeitura-entrega-o-primeiro-ponto-de-wi-fi-livre-de-barretos\\\/#primaryimage\"},\"thumbnailUrl\":\"https:\\\/\\\/regiaonews.net.br\\\/2022\\\/wp-content\\\/uploads\\\/2023\\\/09\\\/cb1c10fd-b7cf-495c-b3e8-3d470eee7057.jpg\",\"articleSection\":[\"Barretos\",\"Cidades\"],\"inLanguage\":\"pt-BR\",\"potentialAction\":[{\"@type\":\"CommentAction\",\"name\":\"Comment\",\"target\":[\"https:\\\/\\\/regiaonews.net.br\\\/2022\\\/2023\\\/09\\\/21\\\/prefeitura-entrega-o-primeiro-ponto-de-wi-fi-livre-de-barretos\\\/#respond\"]}]},{\"@type\":\"WebPage\",\"@id\":\"https:\\\/\\\/regiaonews.net.br\\\/2022\\\/2023\\\/09\\\/21\\\/prefeitura-entrega-o-primeiro-ponto-de-wi-fi-livre-de-barretos\\\/\",\"url\":\"https:\\\/\\\/regiaonews.net.br\\\/2022\\\/2023\\\/09\\\/21\\\/prefeitura-entrega-o-primeiro-ponto-de-wi-fi-livre-de-barretos\\\/\",\"name\":\"Prefeitura entrega o primeiro ponto de Wi-Fi Livre de Barretos\",\"isPartOf\":{\"@id\":\"https:\\\/\\\/regiaonews.net.br\\\/2022\\\/#website\"},\"primaryImageOfPage\":{\"@id\":\"https:\\\/\\\/regiaonews.net.br\\\/2022\\\/2023\\\/09\\\/21\\\/prefeitura-entrega-o-primeiro-ponto-de-wi-fi-livre-de-barretos\\\/#primaryimage\"},\"image\":{\"@id\":\"https:\\\/\\\/regiaonews.net.br\\\/2022\\\/2023\\\/09\\\/21\\\/prefeitura-entrega-o-primeiro-ponto-de-wi-fi-livre-de-barretos\\\/#primaryimage\"},\"thumbnailUrl\":\"https:\\\/\\\/regiaonews.net.br\\\/2022\\\/wp-content\\\/uploads\\\/2023\\\/09\\\/cb1c10fd-b7cf-495c-b3e8-3d470eee7057.jpg\",\"datePublished\":\"2023-09-21T20:13:26+00:00\",\"description\":\"A Est\u00e2ncia Tur\u00edstica de Barretos amanheceu mais conectada nesta quinta-feira, 21 de setembro, com a entrega do primeiro ponto de\",\"breadcrumb\":{\"@id\":\"https:\\\/\\\/regiaonews.net.br\\\/2022\\\/2023\\\/09\\\/21\\\/prefeitura-entrega-o-primeiro-ponto-de-wi-fi-livre-de-barretos\\\/#breadcrumb\"},\"inLanguage\":\"pt-BR\",\"potentialAction\":[{\"@type\":\"ReadAction\",\"target\":[\"https:\\\/\\\/regiaonews.net.br\\\/2022\\\/2023\\\/09\\\/21\\\/prefeitura-entrega-o-primeiro-ponto-de-wi-fi-livre-de-barretos\\\/\"]}]},{\"@type\":\"ImageObject\",\"inLanguage\":\"pt-BR\",\"@id\":\"https:\\\/\\\/regiaonews.net.br\\\/2022\\\/2023\\\/09\\\/21\\\/prefeitura-entrega-o-primeiro-ponto-de-wi-fi-livre-de-barretos\\\/#primaryimage\",\"url\":\"https:\\\/\\\/regiaonews.net.br\\\/2022\\\/wp-content\\\/uploads\\\/2023\\\/09\\\/cb1c10fd-b7cf-495c-b3e8-3d470eee7057.jpg\",\"contentUrl\":\"https:\\\/\\\/regiaonews.net.br\\\/2022\\\/wp-content\\\/uploads\\\/2023\\\/09\\\/cb1c10fd-b7cf-495c-b3e8-3d470eee7057.jpg\",\"width\":1592,\"height\":1060},{\"@type\":\"BreadcrumbList\",\"@id\":\"https:\\\/\\\/regiaonews.net.br\\\/2022\\\/2023\\\/09\\\/21\\\/prefeitura-entrega-o-primeiro-ponto-de-wi-fi-livre-de-barretos\\\/#breadcrumb\",\"itemListElement\":[{\"@type\":\"ListItem\",\"position\":1,\"name\":\"In\u00edcio\",\"item\":\"https:\\\/\\\/regiaonews.net.br\\\/2022\\\/\"},{\"@type\":\"ListItem\",\"position\":2,\"name\":\"Prefeitura entrega o primeiro ponto de Wi-Fi Livre de Barretos\"}]},{\"@type\":\"WebSite\",\"@id\":\"https:\\\/\\\/regiaonews.net.br\\\/2022\\\/#website\",\"url\":\"https:\\\/\\\/regiaonews.net.br\\\/2022\\\/\",\"name\":\"Regi\u00e3o News\",\"description\":\"Site de Not\u00edcias de Barretos e regi\u00e3o\",\"publisher\":{\"@id\":\"https:\\\/\\\/regiaonews.net.br\\\/2022\\\/#organization\"},\"potentialAction\":[{\"@type\":\"SearchAction\",\"target\":{\"@type\":\"EntryPoint\",\"urlTemplate\":\"https:\\\/\\\/regiaonews.net.br\\\/2022\\\/?s={search_term_string}\"},\"query-input\":{\"@type\":\"PropertyValueSpecification\",\"valueRequired\":true,\"valueName\":\"search_term_string\"}}],\"inLanguage\":\"pt-BR\"},{\"@type\":\"Organization\",\"@id\":\"https:\\\/\\\/regiaonews.net.br\\\/2022\\\/#organization\",\"name\":\"Regi\u00e3o News\",\"url\":\"https:\\\/\\\/regiaonews.net.br\\\/2022\\\/\",\"logo\":{\"@type\":\"ImageObject\",\"inLanguage\":\"pt-BR\",\"@id\":\"https:\\\/\\\/regiaonews.net.br\\\/2022\\\/#\\\/schema\\\/logo\\\/image\\\/\",\"url\":\"https:\\\/\\\/regiaonews.net.br\\\/2022\\\/wp-content\\\/uploads\\\/2026\\\/03\\\/regiao-13-anos-scaled.jpg\",\"contentUrl\":\"https:\\\/\\\/regiaonews.net.br\\\/2022\\\/wp-content\\\/uploads\\\/2026\\\/03\\\/regiao-13-anos-scaled.jpg\",\"width\":2560,\"height\":635,\"caption\":\"Regi\u00e3o News\"},\"image\":{\"@id\":\"https:\\\/\\\/regiaonews.net.br\\\/2022\\\/#\\\/schema\\\/logo\\\/image\\\/\"}},{\"@type\":\"Person\",\"@id\":\"https:\\\/\\\/regiaonews.net.br\\\/2022\\\/#\\\/schema\\\/person\\\/2d205a608a5aa97ac279d7a5e6d89ad8\",\"name\":\"Roberto\",\"image\":{\"@type\":\"ImageObject\",\"inLanguage\":\"pt-BR\",\"@id\":\"https:\\\/\\\/secure.gravatar.com\\\/avatar\\\/42749d8b712ff9d59ca93dc150494e5b55a44134482993f5baeb97e61b7ecc89?s=96&d=mm&r=g\",\"url\":\"https:\\\/\\\/secure.gravatar.com\\\/avatar\\\/42749d8b712ff9d59ca93dc150494e5b55a44134482993f5baeb97e61b7ecc89?s=96&d=mm&r=g\",\"contentUrl\":\"https:\\\/\\\/secure.gravatar.com\\\/avatar\\\/42749d8b712ff9d59ca93dc150494e5b55a44134482993f5baeb97e61b7ecc89?s=96&d=mm&r=g\",\"caption\":\"Roberto\"},\"url\":\"https:\\\/\\\/regiaonews.net.br\\\/2022\\\/author\\\/roberto\\\/\"}]}<\/script>\n<!-- \/ Yoast SEO plugin. -->","yoast_head_json":{"title":"Prefeitura entrega o primeiro ponto de Wi-Fi Livre de Barretos","description":"A Est\u00e2ncia Tur\u00edstica de Barretos amanheceu mais conectada nesta quinta-feira, 21 de setembro, com a entrega do primeiro ponto de","robots":{"index":"index","follow":"follow","max-snippet":"max-snippet:-1","max-image-preview":"max-image-preview:large","max-video-preview":"max-video-preview:-1"},"canonical":"https:\/\/regiaonews.net.br\/2022\/2023\/09\/21\/prefeitura-entrega-o-primeiro-ponto-de-wi-fi-livre-de-barretos\/","og_locale":"pt_BR","og_type":"article","og_title":"Prefeitura entrega o primeiro ponto de Wi-Fi Livre de Barretos","og_description":"A Est\u00e2ncia Tur\u00edstica de Barretos amanheceu mais conectada nesta quinta-feira, 21 de setembro, com a entrega do primeiro ponto de","og_url":"https:\/\/regiaonews.net.br\/2022\/2023\/09\/21\/prefeitura-entrega-o-primeiro-ponto-de-wi-fi-livre-de-barretos\/","og_site_name":"Regi\u00e3o News","article_published_time":"2023-09-21T20:13:26+00:00","og_image":[{"width":1592,"height":1060,"url":"https:\/\/regiaonews.net.br\/2022\/wp-content\/uploads\/2023\/09\/cb1c10fd-b7cf-495c-b3e8-3d470eee7057.jpg","type":"image\/jpeg"}],"author":"Roberto","twitter_card":"summary_large_image","twitter_misc":{"Escrito por":"Roberto","Est. tempo de leitura":"4 minutos"},"schema":{"@context":"https:\/\/schema.org","@graph":[{"@type":"Article","@id":"https:\/\/regiaonews.net.br\/2022\/2023\/09\/21\/prefeitura-entrega-o-primeiro-ponto-de-wi-fi-livre-de-barretos\/#article","isPartOf":{"@id":"https:\/\/regiaonews.net.br\/2022\/2023\/09\/21\/prefeitura-entrega-o-primeiro-ponto-de-wi-fi-livre-de-barretos\/"},"author":{"name":"Roberto","@id":"https:\/\/regiaonews.net.br\/2022\/#\/schema\/person\/2d205a608a5aa97ac279d7a5e6d89ad8"},"headline":"Prefeitura entrega o primeiro ponto de Wi-Fi Livre de Barretos","datePublished":"2023-09-21T20:13:26+00:00","mainEntityOfPage":{"@id":"https:\/\/regiaonews.net.br\/2022\/2023\/09\/21\/prefeitura-entrega-o-primeiro-ponto-de-wi-fi-livre-de-barretos\/"},"wordCount":770,"commentCount":0,"publisher":{"@id":"https:\/\/regiaonews.net.br\/2022\/#organization"},"image":{"@id":"https:\/\/regiaonews.net.br\/2022\/2023\/09\/21\/prefeitura-entrega-o-primeiro-ponto-de-wi-fi-livre-de-barretos\/#primaryimage"},"thumbnailUrl":"https:\/\/regiaonews.net.br\/2022\/wp-content\/uploads\/2023\/09\/cb1c10fd-b7cf-495c-b3e8-3d470eee7057.jpg","articleSection":["Barretos","Cidades"],"inLanguage":"pt-BR","potentialAction":[{"@type":"CommentAction","name":"Comment","target":["https:\/\/regiaonews.net.br\/2022\/2023\/09\/21\/prefeitura-entrega-o-primeiro-ponto-de-wi-fi-livre-de-barretos\/#respond"]}]},{"@type":"WebPage","@id":"https:\/\/regiaonews.net.br\/2022\/2023\/09\/21\/prefeitura-entrega-o-primeiro-ponto-de-wi-fi-livre-de-barretos\/","url":"https:\/\/regiaonews.net.br\/2022\/2023\/09\/21\/prefeitura-entrega-o-primeiro-ponto-de-wi-fi-livre-de-barretos\/","name":"Prefeitura entrega o primeiro ponto de Wi-Fi Livre de Barretos","isPartOf":{"@id":"https:\/\/regiaonews.net.br\/2022\/#website"},"primaryImageOfPage":{"@id":"https:\/\/regiaonews.net.br\/2022\/2023\/09\/21\/prefeitura-entrega-o-primeiro-ponto-de-wi-fi-livre-de-barretos\/#primaryimage"},"image":{"@id":"https:\/\/regiaonews.net.br\/2022\/2023\/09\/21\/prefeitura-entrega-o-primeiro-ponto-de-wi-fi-livre-de-barretos\/#primaryimage"},"thumbnailUrl":"https:\/\/regiaonews.net.br\/2022\/wp-content\/uploads\/2023\/09\/cb1c10fd-b7cf-495c-b3e8-3d470eee7057.jpg","datePublished":"2023-09-21T20:13:26+00:00","description":"A Est\u00e2ncia Tur\u00edstica de Barretos amanheceu mais conectada nesta quinta-feira, 21 de setembro, com a entrega do primeiro ponto de","breadcrumb":{"@id":"https:\/\/regiaonews.net.br\/2022\/2023\/09\/21\/prefeitura-entrega-o-primeiro-ponto-de-wi-fi-livre-de-barretos\/#breadcrumb"},"inLanguage":"pt-BR","potentialAction":[{"@type":"ReadAction","target":["https:\/\/regiaonews.net.br\/2022\/2023\/09\/21\/prefeitura-entrega-o-primeiro-ponto-de-wi-fi-livre-de-barretos\/"]}]},{"@type":"ImageObject","inLanguage":"pt-BR","@id":"https:\/\/regiaonews.net.br\/2022\/2023\/09\/21\/prefeitura-entrega-o-primeiro-ponto-de-wi-fi-livre-de-barretos\/#primaryimage","url":"https:\/\/regiaonews.net.br\/2022\/wp-content\/uploads\/2023\/09\/cb1c10fd-b7cf-495c-b3e8-3d470eee7057.jpg","contentUrl":"https:\/\/regiaonews.net.br\/2022\/wp-content\/uploads\/2023\/09\/cb1c10fd-b7cf-495c-b3e8-3d470eee7057.jpg","width":1592,"height":1060},{"@type":"BreadcrumbList","@id":"https:\/\/regiaonews.net.br\/2022\/2023\/09\/21\/prefeitura-entrega-o-primeiro-ponto-de-wi-fi-livre-de-barretos\/#breadcrumb","itemListElement":[{"@type":"ListItem","position":1,"name":"In\u00edcio","item":"https:\/\/regiaonews.net.br\/2022\/"},{"@type":"ListItem","position":2,"name":"Prefeitura entrega o primeiro ponto de Wi-Fi Livre de Barretos"}]},{"@type":"WebSite","@id":"https:\/\/regiaonews.net.br\/2022\/#website","url":"https:\/\/regiaonews.net.br\/2022\/","name":"Regi\u00e3o News","description":"Site de Not\u00edcias de Barretos e regi\u00e3o","publisher":{"@id":"https:\/\/regiaonews.net.br\/2022\/#organization"},"potentialAction":[{"@type":"SearchAction","target":{"@type":"EntryPoint","urlTemplate":"https:\/\/regiaonews.net.br\/2022\/?s={search_term_string}"},"query-input":{"@type":"PropertyValueSpecification","valueRequired":true,"valueName":"search_term_string"}}],"inLanguage":"pt-BR"},{"@type":"Organization","@id":"https:\/\/regiaonews.net.br\/2022\/#organization","name":"Regi\u00e3o News","url":"https:\/\/regiaonews.net.br\/2022\/","logo":{"@type":"ImageObject","inLanguage":"pt-BR","@id":"https:\/\/regiaonews.net.br\/2022\/#\/schema\/logo\/image\/","url":"https:\/\/regiaonews.net.br\/2022\/wp-content\/uploads\/2026\/03\/regiao-13-anos-scaled.jpg","contentUrl":"https:\/\/regiaonews.net.br\/2022\/wp-content\/uploads\/2026\/03\/regiao-13-anos-scaled.jpg","width":2560,"height":635,"caption":"Regi\u00e3o News"},"image":{"@id":"https:\/\/regiaonews.net.br\/2022\/#\/schema\/logo\/image\/"}},{"@type":"Person","@id":"https:\/\/regiaonews.net.br\/2022\/#\/schema\/person\/2d205a608a5aa97ac279d7a5e6d89ad8","name":"Roberto","image":{"@type":"ImageObject","inLanguage":"pt-BR","@id":"https:\/\/secure.gravatar.com\/avatar\/42749d8b712ff9d59ca93dc150494e5b55a44134482993f5baeb97e61b7ecc89?s=96&d=mm&r=g","url":"https:\/\/secure.gravatar.com\/avatar\/42749d8b712ff9d59ca93dc150494e5b55a44134482993f5baeb97e61b7ecc89?s=96&d=mm&r=g","contentUrl":"https:\/\/secure.gravatar.com\/avatar\/42749d8b712ff9d59ca93dc150494e5b55a44134482993f5baeb97e61b7ecc89?s=96&d=mm&r=g","caption":"Roberto"},"url":"https:\/\/regiaonews.net.br\/2022\/author\/roberto\/"}]}},"publishpress_future_action":{"enabled":false,"date":"2026-05-04 19:13:20","action":"change-status","newStatus":"draft","terms":[],"taxonomy":"category","extraData":[]},"publishpress_future_workflow_manual_trigger":{"enabledWorkflows":[]},"_links":{"self":[{"href":"https:\/\/regiaonews.net.br\/2022\/wp-json\/wp\/v2\/posts\/95445","targetHints":{"allow":["GET"]}}],"collection":[{"href":"https:\/\/regiaonews.net.br\/2022\/wp-json\/wp\/v2\/posts"}],"about":[{"href":"https:\/\/regiaonews.net.br\/2022\/wp-json\/wp\/v2\/types\/post"}],"author":[{"embeddable":true,"href":"https:\/\/regiaonews.net.br\/2022\/wp-json\/wp\/v2\/users\/2"}],"replies":[{"embeddable":true,"href":"https:\/\/regiaonews.net.br\/2022\/wp-json\/wp\/v2\/comments?post=95445"}],"version-history":[{"count":1,"href":"https:\/\/regiaonews.net.br\/2022\/wp-json\/wp\/v2\/posts\/95445\/revisions"}],"predecessor-version":[{"id":95448,"href":"https:\/\/regiaonews.net.br\/2022\/wp-json\/wp\/v2\/posts\/95445\/revisions\/95448"}],"wp:featuredmedia":[{"embeddable":true,"href":"https:\/\/regiaonews.net.br\/2022\/wp-json\/wp\/v2\/media\/95447"}],"wp:attachment":[{"href":"https:\/\/regiaonews.net.br\/2022\/wp-json\/wp\/v2\/media?parent=95445"}],"wp:term":[{"taxonomy":"category","embeddable":true,"href":"https:\/\/regiaonews.net.br\/2022\/wp-json\/wp\/v2\/categories?post=95445"},{"taxonomy":"post_tag","embeddable":true,"href":"https:\/\/regiaonews.net.br\/2022\/wp-json\/wp\/v2\/tags?post=95445"}],"curies":[{"name":"wp","href":"https:\/\/api.w.org\/{rel}","templated":true}]}}