{"id":95442,"date":"2023-09-21T15:00:04","date_gmt":"2023-09-21T18:00:04","guid":{"rendered":"https:\/\/regiaonews.net.br\/2022\/?p=95442"},"modified":"2023-09-21T15:00:04","modified_gmt":"2023-09-21T18:00:04","slug":"inclusao-e-dedicacao-policiais-cegos-se-destacam-no-atendimento-a-moradores-no-197-da-policia-civil","status":"publish","type":"post","link":"https:\/\/regiaonews.net.br\/2022\/2023\/09\/21\/inclusao-e-dedicacao-policiais-cegos-se-destacam-no-atendimento-a-moradores-no-197-da-policia-civil\/","title":{"rendered":"Inclus\u00e3o e dedica\u00e7\u00e3o: policiais cegos se destacam no atendimento a moradores no 197 da Pol\u00edcia Civil"},"content":{"rendered":"<div>\n<h3 class=\"titulopreto ng-binding\" style=\"text-align: center;\">No dia Dia Nacional de Luta da Pessoa com Defici\u00eancia, a SSP destaca a hist\u00f3ria de policiais civis que se dedicam a ajudar a popula\u00e7\u00e3o.<\/h3>\n<\/div>\n<div id=\"notCorpo\" class=\"ng-binding\">\n<div>\u00c9 no Pal\u00e1cio da Pol\u00edcia, localizado no centro de S\u00e3o Paulo, que funciona o Centro de Comunica\u00e7\u00f5es da Pol\u00edcia Civil (Cepol). \u00c9 para l\u00e1 que Geraldo, Humberto e Terezinha, policiais cegos, e Francisco, que tem a vis\u00e3o de um olho comprometida, v\u00e3o todos os dias para atenderem a popula\u00e7\u00e3o, atrav\u00e9s do n\u00famero 197, no Pol\u00edcia Civil Informa\u00e7\u00f5es (PCI).<\/div>\n<div><\/div>\n<div>\u201cAqui, atendemos a uma diversidade enorme de ocorr\u00eancias\u201d, explica Humberto Saraiva, que j\u00e1 dedicou 35 dos seus 66 anos \u00e0 pol\u00edcia. Formado em letras, antes de decidir se tornar agente de telecomunica\u00e7\u00e3o, ele lecionava e trabalhava na \u00e1rea da sa\u00fade. \u201cConversamos com muitas pessoas em situa\u00e7\u00f5es de vulnerabilidade e muitas vezes, al\u00e9m da orienta\u00e7\u00e3o, elas precisam ser ouvidas\u201d, conta.<\/div>\n<div><\/div>\n<div>O servi\u00e7o 197 da Pol\u00edcia Civil presta um atendimento humanizado, voltado a dar orienta\u00e7\u00f5es gerais a pessoas que de algum modo precisam de ajuda. \u201cO intuito \u00e9 auxiliar que necessita de apoio na \u00e1rea policial, como, por exemplo, saber qual a delegacia mais pr\u00f3xima. No entanto, vamos muito al\u00e9m disso. A gente faz um trabalho de cunho social, pois temos a sensibilidade de ouvir e acalmar as pessoas que ligam desesperadas precisando de alguma orienta\u00e7\u00e3o\u201d, enfatiza Geraldo, de 65, tamb\u00e9m agente de telecomunica\u00e7\u00f5es, com 31 anos de carreira.<\/div>\n<div><\/div>\n<div>Ambos ingressaram na pol\u00edcia entre o final da d\u00e9cada de 80 e o in\u00edcio da de 90, com uma prova feita em braile. Com a tecnologia da \u00e9poca, que hoje pode ser considerada por alguns ultrapassada, desempenhavam um excelente trabalho na corpora\u00e7\u00e3o. Humberto atuou de forma exemplar nas chamadas cabines, que prestam apoio \u00e0s viaturas durante ocorr\u00eancias. Toda vez que era acionado, ele usava um dispositivo chamado reglete para anotar em braile informa\u00e7\u00f5es passadas pelos colegas policiais que estavam na rua.<\/div>\n<div><\/div>\n<div>\u201cA viatura chamava e eu pegava a reglete, colocava um papel, a puls\u00e3o, que \u00e9 tipo um estilete, e escrevia o que o colega passava via r\u00e1dio\u201d, explica ele, sendo logo em seguida elogiado por Geraldo. \u201cAs anota\u00e7\u00f5es precisam ser feitas bem r\u00e1pidas e de forma correta, e nisso ele era excelente. Uma informa\u00e7\u00e3o errada pode fazer um grande estrago. Um r\u00e1dio transmissor na m\u00e3o, \u00e0s vezes, \u00e9 mais importante que uma arma\u201d, destaca o amigo.<\/div>\n<\/div>\n<div>\n<div>Antes de entrar na pol\u00edcia, Geraldo se formou em direito e, al\u00e9m de advogar, tamb\u00e9m trabalhava na sa\u00fade. A carreira tomou outro rumo, por\u00e9m, ap\u00f3s perceber que na pol\u00edcia ele poderia exercer conhecimentos de uma \u00e1rea pela qual era apaixonado. \u201cEu era muito fan\u00e1tico por radioamadorismo\u201d. Ele e os colegas ainda dominavam a datilografia, \u201crequisito fundamental para ingressar na carreira\u201d.<\/div>\n<div><\/div>\n<div>Os dois policiais acompanharam na pr\u00e1tica a evolu\u00e7\u00e3o da tecnologia e, segundo o doutor Maur\u00edcio Correali, delegado titular do Cepol, possuem um repert\u00f3rio vasto na \u00e1rea das telecomunica\u00e7\u00f5es. \u201cEles t\u00eam um conhecimento fundamental para manter a comunica\u00e7\u00e3o em caso de alguma crise. Se n\u00e3o conseguirmos mais nos comunicar por telefone ou mensagens, por exemplo, eles entram em uma frequ\u00eancia de r\u00e1dio e falam por c\u00f3digo morse\u201d, explica.<\/div>\n<div><\/div>\n<div>Hoje, no 197, a bagagem que carregam \u00e9 valiosa e reconhecida. \u201cAqui eles est\u00e3o em condi\u00e7\u00e3o de igualdade com todos. Com as adapta\u00e7\u00f5es de acessibilidade, eles circulam em qualquer posi\u00e7\u00e3o no \u00e2mbito das telecomunica\u00e7\u00f5es, est\u00e3o plenos e aptos\u201d, destaca o delegado.<\/div>\n<div>\n<div>O setor, que passou por uma ampla reforma e foi recentemente reinaugurado, possui indica\u00e7\u00f5es nas portas em braile e faixas guias. \u201cAgora eu n\u00e3o erro mais a portas\u201d, brinca Humberto, sorrindo. \u201cIsso \u00e9 uma prova inequ\u00edvoca da humanidade, do acolhimento e do reconhecimento do nosso trabalho\u201d, relata Geraldo, que compartilha o mesmo sentimento com o colega. \u201cNuca tive nenhum problema de falta de apoio, de colabora\u00e7\u00e3o\u201d, completa Humberto.<\/div>\n<\/div>\n<\/div>\n<div><\/div>\n<div>\n<div>Francisco, que j\u00e1 estava no 197 quando Humberto, Geraldo e Terezinha chegaram, foi o respons\u00e1vel por ensinar o servi\u00e7o. \u201cEles tiveram muita facilidade de conversar, de orientar de acolher nas liga\u00e7\u00f5es. Somos procurados por pessoas que est\u00e3o fragilizadas e eles as atendem de maneira excelente. Eles s\u00e3o o 197\u201d, define o auxiliar de papiloscopista, que, devido a um deslocamento de retina, perdeu a vis\u00e3o de um dos olhos.<\/div>\n<div><\/div>\n<div>O PCI, que hoje adota a metodologia desenvolvida na especializa\u00e7\u00e3o de Comunica\u00e7\u00e3o P\u00fablica Governamental, da Escola de Comunica\u00e7\u00f5es e Artes da Universidade de S\u00e3o Paulo (USP), hoje procura pessoas volunt\u00e1rias para atenderem no 197.<\/div>\n<\/div>\n","protected":false},"excerpt":{"rendered":"<p>No dia Dia Nacional de Luta da Pessoa com Defici\u00eancia,<\/p>\n","protected":false},"author":2,"featured_media":95443,"comment_status":"open","ping_status":"open","sticky":false,"template":"","format":"standard","meta":{"footnotes":""},"categories":[7,23],"tags":[],"class_list":["post-95442","post","type-post","status-publish","format-standard","has-post-thumbnail","hentry","category-estado-de-sao-paulo","category-policia"],"yoast_head":"<!-- This site is optimized with the Yoast SEO plugin v27.4 - https:\/\/yoast.com\/product\/yoast-seo-wordpress\/ -->\n<title>Inclus\u00e3o e dedica\u00e7\u00e3o: policiais cegos se destacam no atendimento a moradores no 197 da Pol\u00edcia Civil - Regi\u00e3o News<\/title>\n<meta name=\"robots\" content=\"index, follow, max-snippet:-1, max-image-preview:large, max-video-preview:-1\" \/>\n<link rel=\"canonical\" href=\"https:\/\/regiaonews.net.br\/2022\/2023\/09\/21\/inclusao-e-dedicacao-policiais-cegos-se-destacam-no-atendimento-a-moradores-no-197-da-policia-civil\/\" \/>\n<meta property=\"og:locale\" content=\"pt_BR\" \/>\n<meta property=\"og:type\" content=\"article\" \/>\n<meta property=\"og:title\" content=\"Inclus\u00e3o e dedica\u00e7\u00e3o: policiais cegos se destacam no atendimento a moradores no 197 da Pol\u00edcia Civil - Regi\u00e3o News\" \/>\n<meta property=\"og:description\" content=\"No dia Dia Nacional de Luta da Pessoa com Defici\u00eancia,\" \/>\n<meta property=\"og:url\" content=\"https:\/\/regiaonews.net.br\/2022\/2023\/09\/21\/inclusao-e-dedicacao-policiais-cegos-se-destacam-no-atendimento-a-moradores-no-197-da-policia-civil\/\" \/>\n<meta property=\"og:site_name\" content=\"Regi\u00e3o News\" \/>\n<meta property=\"article:published_time\" content=\"2023-09-21T18:00:04+00:00\" \/>\n<meta property=\"og:image\" content=\"https:\/\/regiaonews.net.br\/2022\/wp-content\/uploads\/2023\/09\/00051426.jpeg\" \/>\n\t<meta property=\"og:image:width\" content=\"800\" \/>\n\t<meta property=\"og:image:height\" content=\"600\" \/>\n\t<meta property=\"og:image:type\" content=\"image\/jpeg\" \/>\n<meta name=\"author\" content=\"Roberto\" \/>\n<meta name=\"twitter:card\" content=\"summary_large_image\" \/>\n<meta name=\"twitter:label1\" content=\"Escrito por\" \/>\n\t<meta name=\"twitter:data1\" content=\"Roberto\" \/>\n\t<meta name=\"twitter:label2\" content=\"Est. tempo de leitura\" \/>\n\t<meta name=\"twitter:data2\" content=\"5 minutos\" \/>\n<script type=\"application\/ld+json\" class=\"yoast-schema-graph\">{\"@context\":\"https:\\\/\\\/schema.org\",\"@graph\":[{\"@type\":\"Article\",\"@id\":\"https:\\\/\\\/regiaonews.net.br\\\/2022\\\/2023\\\/09\\\/21\\\/inclusao-e-dedicacao-policiais-cegos-se-destacam-no-atendimento-a-moradores-no-197-da-policia-civil\\\/#article\",\"isPartOf\":{\"@id\":\"https:\\\/\\\/regiaonews.net.br\\\/2022\\\/2023\\\/09\\\/21\\\/inclusao-e-dedicacao-policiais-cegos-se-destacam-no-atendimento-a-moradores-no-197-da-policia-civil\\\/\"},\"author\":{\"name\":\"Roberto\",\"@id\":\"https:\\\/\\\/regiaonews.net.br\\\/2022\\\/#\\\/schema\\\/person\\\/2d205a608a5aa97ac279d7a5e6d89ad8\"},\"headline\":\"Inclus\u00e3o e dedica\u00e7\u00e3o: policiais cegos se destacam no atendimento a moradores no 197 da Pol\u00edcia Civil\",\"datePublished\":\"2023-09-21T18:00:04+00:00\",\"mainEntityOfPage\":{\"@id\":\"https:\\\/\\\/regiaonews.net.br\\\/2022\\\/2023\\\/09\\\/21\\\/inclusao-e-dedicacao-policiais-cegos-se-destacam-no-atendimento-a-moradores-no-197-da-policia-civil\\\/\"},\"wordCount\":807,\"commentCount\":0,\"publisher\":{\"@id\":\"https:\\\/\\\/regiaonews.net.br\\\/2022\\\/#organization\"},\"image\":{\"@id\":\"https:\\\/\\\/regiaonews.net.br\\\/2022\\\/2023\\\/09\\\/21\\\/inclusao-e-dedicacao-policiais-cegos-se-destacam-no-atendimento-a-moradores-no-197-da-policia-civil\\\/#primaryimage\"},\"thumbnailUrl\":\"https:\\\/\\\/regiaonews.net.br\\\/2022\\\/wp-content\\\/uploads\\\/2023\\\/09\\\/00051426.jpeg\",\"articleSection\":[\"Estado de S\u00e3o Paulo\",\"Policia\"],\"inLanguage\":\"pt-BR\",\"potentialAction\":[{\"@type\":\"CommentAction\",\"name\":\"Comment\",\"target\":[\"https:\\\/\\\/regiaonews.net.br\\\/2022\\\/2023\\\/09\\\/21\\\/inclusao-e-dedicacao-policiais-cegos-se-destacam-no-atendimento-a-moradores-no-197-da-policia-civil\\\/#respond\"]}]},{\"@type\":\"WebPage\",\"@id\":\"https:\\\/\\\/regiaonews.net.br\\\/2022\\\/2023\\\/09\\\/21\\\/inclusao-e-dedicacao-policiais-cegos-se-destacam-no-atendimento-a-moradores-no-197-da-policia-civil\\\/\",\"url\":\"https:\\\/\\\/regiaonews.net.br\\\/2022\\\/2023\\\/09\\\/21\\\/inclusao-e-dedicacao-policiais-cegos-se-destacam-no-atendimento-a-moradores-no-197-da-policia-civil\\\/\",\"name\":\"Inclus\u00e3o e dedica\u00e7\u00e3o: policiais cegos se destacam no atendimento a moradores no 197 da Pol\u00edcia Civil - Regi\u00e3o News\",\"isPartOf\":{\"@id\":\"https:\\\/\\\/regiaonews.net.br\\\/2022\\\/#website\"},\"primaryImageOfPage\":{\"@id\":\"https:\\\/\\\/regiaonews.net.br\\\/2022\\\/2023\\\/09\\\/21\\\/inclusao-e-dedicacao-policiais-cegos-se-destacam-no-atendimento-a-moradores-no-197-da-policia-civil\\\/#primaryimage\"},\"image\":{\"@id\":\"https:\\\/\\\/regiaonews.net.br\\\/2022\\\/2023\\\/09\\\/21\\\/inclusao-e-dedicacao-policiais-cegos-se-destacam-no-atendimento-a-moradores-no-197-da-policia-civil\\\/#primaryimage\"},\"thumbnailUrl\":\"https:\\\/\\\/regiaonews.net.br\\\/2022\\\/wp-content\\\/uploads\\\/2023\\\/09\\\/00051426.jpeg\",\"datePublished\":\"2023-09-21T18:00:04+00:00\",\"breadcrumb\":{\"@id\":\"https:\\\/\\\/regiaonews.net.br\\\/2022\\\/2023\\\/09\\\/21\\\/inclusao-e-dedicacao-policiais-cegos-se-destacam-no-atendimento-a-moradores-no-197-da-policia-civil\\\/#breadcrumb\"},\"inLanguage\":\"pt-BR\",\"potentialAction\":[{\"@type\":\"ReadAction\",\"target\":[\"https:\\\/\\\/regiaonews.net.br\\\/2022\\\/2023\\\/09\\\/21\\\/inclusao-e-dedicacao-policiais-cegos-se-destacam-no-atendimento-a-moradores-no-197-da-policia-civil\\\/\"]}]},{\"@type\":\"ImageObject\",\"inLanguage\":\"pt-BR\",\"@id\":\"https:\\\/\\\/regiaonews.net.br\\\/2022\\\/2023\\\/09\\\/21\\\/inclusao-e-dedicacao-policiais-cegos-se-destacam-no-atendimento-a-moradores-no-197-da-policia-civil\\\/#primaryimage\",\"url\":\"https:\\\/\\\/regiaonews.net.br\\\/2022\\\/wp-content\\\/uploads\\\/2023\\\/09\\\/00051426.jpeg\",\"contentUrl\":\"https:\\\/\\\/regiaonews.net.br\\\/2022\\\/wp-content\\\/uploads\\\/2023\\\/09\\\/00051426.jpeg\",\"width\":800,\"height\":600},{\"@type\":\"BreadcrumbList\",\"@id\":\"https:\\\/\\\/regiaonews.net.br\\\/2022\\\/2023\\\/09\\\/21\\\/inclusao-e-dedicacao-policiais-cegos-se-destacam-no-atendimento-a-moradores-no-197-da-policia-civil\\\/#breadcrumb\",\"itemListElement\":[{\"@type\":\"ListItem\",\"position\":1,\"name\":\"In\u00edcio\",\"item\":\"https:\\\/\\\/regiaonews.net.br\\\/2022\\\/\"},{\"@type\":\"ListItem\",\"position\":2,\"name\":\"Inclus\u00e3o e dedica\u00e7\u00e3o: policiais cegos se destacam no atendimento a moradores no 197 da Pol\u00edcia Civil\"}]},{\"@type\":\"WebSite\",\"@id\":\"https:\\\/\\\/regiaonews.net.br\\\/2022\\\/#website\",\"url\":\"https:\\\/\\\/regiaonews.net.br\\\/2022\\\/\",\"name\":\"Regi\u00e3o News\",\"description\":\"Site de Not\u00edcias de Barretos e regi\u00e3o\",\"publisher\":{\"@id\":\"https:\\\/\\\/regiaonews.net.br\\\/2022\\\/#organization\"},\"potentialAction\":[{\"@type\":\"SearchAction\",\"target\":{\"@type\":\"EntryPoint\",\"urlTemplate\":\"https:\\\/\\\/regiaonews.net.br\\\/2022\\\/?s={search_term_string}\"},\"query-input\":{\"@type\":\"PropertyValueSpecification\",\"valueRequired\":true,\"valueName\":\"search_term_string\"}}],\"inLanguage\":\"pt-BR\"},{\"@type\":\"Organization\",\"@id\":\"https:\\\/\\\/regiaonews.net.br\\\/2022\\\/#organization\",\"name\":\"Regi\u00e3o News\",\"url\":\"https:\\\/\\\/regiaonews.net.br\\\/2022\\\/\",\"logo\":{\"@type\":\"ImageObject\",\"inLanguage\":\"pt-BR\",\"@id\":\"https:\\\/\\\/regiaonews.net.br\\\/2022\\\/#\\\/schema\\\/logo\\\/image\\\/\",\"url\":\"https:\\\/\\\/regiaonews.net.br\\\/2022\\\/wp-content\\\/uploads\\\/2026\\\/03\\\/regiao-13-anos-scaled.jpg\",\"contentUrl\":\"https:\\\/\\\/regiaonews.net.br\\\/2022\\\/wp-content\\\/uploads\\\/2026\\\/03\\\/regiao-13-anos-scaled.jpg\",\"width\":2560,\"height\":635,\"caption\":\"Regi\u00e3o News\"},\"image\":{\"@id\":\"https:\\\/\\\/regiaonews.net.br\\\/2022\\\/#\\\/schema\\\/logo\\\/image\\\/\"}},{\"@type\":\"Person\",\"@id\":\"https:\\\/\\\/regiaonews.net.br\\\/2022\\\/#\\\/schema\\\/person\\\/2d205a608a5aa97ac279d7a5e6d89ad8\",\"name\":\"Roberto\",\"image\":{\"@type\":\"ImageObject\",\"inLanguage\":\"pt-BR\",\"@id\":\"https:\\\/\\\/secure.gravatar.com\\\/avatar\\\/42749d8b712ff9d59ca93dc150494e5b55a44134482993f5baeb97e61b7ecc89?s=96&d=mm&r=g\",\"url\":\"https:\\\/\\\/secure.gravatar.com\\\/avatar\\\/42749d8b712ff9d59ca93dc150494e5b55a44134482993f5baeb97e61b7ecc89?s=96&d=mm&r=g\",\"contentUrl\":\"https:\\\/\\\/secure.gravatar.com\\\/avatar\\\/42749d8b712ff9d59ca93dc150494e5b55a44134482993f5baeb97e61b7ecc89?s=96&d=mm&r=g\",\"caption\":\"Roberto\"},\"url\":\"https:\\\/\\\/regiaonews.net.br\\\/2022\\\/author\\\/roberto\\\/\"}]}<\/script>\n<!-- \/ Yoast SEO plugin. -->","yoast_head_json":{"title":"Inclus\u00e3o e dedica\u00e7\u00e3o: policiais cegos se destacam no atendimento a moradores no 197 da Pol\u00edcia Civil - Regi\u00e3o News","robots":{"index":"index","follow":"follow","max-snippet":"max-snippet:-1","max-image-preview":"max-image-preview:large","max-video-preview":"max-video-preview:-1"},"canonical":"https:\/\/regiaonews.net.br\/2022\/2023\/09\/21\/inclusao-e-dedicacao-policiais-cegos-se-destacam-no-atendimento-a-moradores-no-197-da-policia-civil\/","og_locale":"pt_BR","og_type":"article","og_title":"Inclus\u00e3o e dedica\u00e7\u00e3o: policiais cegos se destacam no atendimento a moradores no 197 da Pol\u00edcia Civil - Regi\u00e3o News","og_description":"No dia Dia Nacional de Luta da Pessoa com Defici\u00eancia,","og_url":"https:\/\/regiaonews.net.br\/2022\/2023\/09\/21\/inclusao-e-dedicacao-policiais-cegos-se-destacam-no-atendimento-a-moradores-no-197-da-policia-civil\/","og_site_name":"Regi\u00e3o News","article_published_time":"2023-09-21T18:00:04+00:00","og_image":[{"width":800,"height":600,"url":"https:\/\/regiaonews.net.br\/2022\/wp-content\/uploads\/2023\/09\/00051426.jpeg","type":"image\/jpeg"}],"author":"Roberto","twitter_card":"summary_large_image","twitter_misc":{"Escrito por":"Roberto","Est. tempo de leitura":"5 minutos"},"schema":{"@context":"https:\/\/schema.org","@graph":[{"@type":"Article","@id":"https:\/\/regiaonews.net.br\/2022\/2023\/09\/21\/inclusao-e-dedicacao-policiais-cegos-se-destacam-no-atendimento-a-moradores-no-197-da-policia-civil\/#article","isPartOf":{"@id":"https:\/\/regiaonews.net.br\/2022\/2023\/09\/21\/inclusao-e-dedicacao-policiais-cegos-se-destacam-no-atendimento-a-moradores-no-197-da-policia-civil\/"},"author":{"name":"Roberto","@id":"https:\/\/regiaonews.net.br\/2022\/#\/schema\/person\/2d205a608a5aa97ac279d7a5e6d89ad8"},"headline":"Inclus\u00e3o e dedica\u00e7\u00e3o: policiais cegos se destacam no atendimento a moradores no 197 da Pol\u00edcia Civil","datePublished":"2023-09-21T18:00:04+00:00","mainEntityOfPage":{"@id":"https:\/\/regiaonews.net.br\/2022\/2023\/09\/21\/inclusao-e-dedicacao-policiais-cegos-se-destacam-no-atendimento-a-moradores-no-197-da-policia-civil\/"},"wordCount":807,"commentCount":0,"publisher":{"@id":"https:\/\/regiaonews.net.br\/2022\/#organization"},"image":{"@id":"https:\/\/regiaonews.net.br\/2022\/2023\/09\/21\/inclusao-e-dedicacao-policiais-cegos-se-destacam-no-atendimento-a-moradores-no-197-da-policia-civil\/#primaryimage"},"thumbnailUrl":"https:\/\/regiaonews.net.br\/2022\/wp-content\/uploads\/2023\/09\/00051426.jpeg","articleSection":["Estado de S\u00e3o Paulo","Policia"],"inLanguage":"pt-BR","potentialAction":[{"@type":"CommentAction","name":"Comment","target":["https:\/\/regiaonews.net.br\/2022\/2023\/09\/21\/inclusao-e-dedicacao-policiais-cegos-se-destacam-no-atendimento-a-moradores-no-197-da-policia-civil\/#respond"]}]},{"@type":"WebPage","@id":"https:\/\/regiaonews.net.br\/2022\/2023\/09\/21\/inclusao-e-dedicacao-policiais-cegos-se-destacam-no-atendimento-a-moradores-no-197-da-policia-civil\/","url":"https:\/\/regiaonews.net.br\/2022\/2023\/09\/21\/inclusao-e-dedicacao-policiais-cegos-se-destacam-no-atendimento-a-moradores-no-197-da-policia-civil\/","name":"Inclus\u00e3o e dedica\u00e7\u00e3o: policiais cegos se destacam no atendimento a moradores no 197 da Pol\u00edcia Civil - Regi\u00e3o News","isPartOf":{"@id":"https:\/\/regiaonews.net.br\/2022\/#website"},"primaryImageOfPage":{"@id":"https:\/\/regiaonews.net.br\/2022\/2023\/09\/21\/inclusao-e-dedicacao-policiais-cegos-se-destacam-no-atendimento-a-moradores-no-197-da-policia-civil\/#primaryimage"},"image":{"@id":"https:\/\/regiaonews.net.br\/2022\/2023\/09\/21\/inclusao-e-dedicacao-policiais-cegos-se-destacam-no-atendimento-a-moradores-no-197-da-policia-civil\/#primaryimage"},"thumbnailUrl":"https:\/\/regiaonews.net.br\/2022\/wp-content\/uploads\/2023\/09\/00051426.jpeg","datePublished":"2023-09-21T18:00:04+00:00","breadcrumb":{"@id":"https:\/\/regiaonews.net.br\/2022\/2023\/09\/21\/inclusao-e-dedicacao-policiais-cegos-se-destacam-no-atendimento-a-moradores-no-197-da-policia-civil\/#breadcrumb"},"inLanguage":"pt-BR","potentialAction":[{"@type":"ReadAction","target":["https:\/\/regiaonews.net.br\/2022\/2023\/09\/21\/inclusao-e-dedicacao-policiais-cegos-se-destacam-no-atendimento-a-moradores-no-197-da-policia-civil\/"]}]},{"@type":"ImageObject","inLanguage":"pt-BR","@id":"https:\/\/regiaonews.net.br\/2022\/2023\/09\/21\/inclusao-e-dedicacao-policiais-cegos-se-destacam-no-atendimento-a-moradores-no-197-da-policia-civil\/#primaryimage","url":"https:\/\/regiaonews.net.br\/2022\/wp-content\/uploads\/2023\/09\/00051426.jpeg","contentUrl":"https:\/\/regiaonews.net.br\/2022\/wp-content\/uploads\/2023\/09\/00051426.jpeg","width":800,"height":600},{"@type":"BreadcrumbList","@id":"https:\/\/regiaonews.net.br\/2022\/2023\/09\/21\/inclusao-e-dedicacao-policiais-cegos-se-destacam-no-atendimento-a-moradores-no-197-da-policia-civil\/#breadcrumb","itemListElement":[{"@type":"ListItem","position":1,"name":"In\u00edcio","item":"https:\/\/regiaonews.net.br\/2022\/"},{"@type":"ListItem","position":2,"name":"Inclus\u00e3o e dedica\u00e7\u00e3o: policiais cegos se destacam no atendimento a moradores no 197 da Pol\u00edcia Civil"}]},{"@type":"WebSite","@id":"https:\/\/regiaonews.net.br\/2022\/#website","url":"https:\/\/regiaonews.net.br\/2022\/","name":"Regi\u00e3o News","description":"Site de Not\u00edcias de Barretos e regi\u00e3o","publisher":{"@id":"https:\/\/regiaonews.net.br\/2022\/#organization"},"potentialAction":[{"@type":"SearchAction","target":{"@type":"EntryPoint","urlTemplate":"https:\/\/regiaonews.net.br\/2022\/?s={search_term_string}"},"query-input":{"@type":"PropertyValueSpecification","valueRequired":true,"valueName":"search_term_string"}}],"inLanguage":"pt-BR"},{"@type":"Organization","@id":"https:\/\/regiaonews.net.br\/2022\/#organization","name":"Regi\u00e3o News","url":"https:\/\/regiaonews.net.br\/2022\/","logo":{"@type":"ImageObject","inLanguage":"pt-BR","@id":"https:\/\/regiaonews.net.br\/2022\/#\/schema\/logo\/image\/","url":"https:\/\/regiaonews.net.br\/2022\/wp-content\/uploads\/2026\/03\/regiao-13-anos-scaled.jpg","contentUrl":"https:\/\/regiaonews.net.br\/2022\/wp-content\/uploads\/2026\/03\/regiao-13-anos-scaled.jpg","width":2560,"height":635,"caption":"Regi\u00e3o News"},"image":{"@id":"https:\/\/regiaonews.net.br\/2022\/#\/schema\/logo\/image\/"}},{"@type":"Person","@id":"https:\/\/regiaonews.net.br\/2022\/#\/schema\/person\/2d205a608a5aa97ac279d7a5e6d89ad8","name":"Roberto","image":{"@type":"ImageObject","inLanguage":"pt-BR","@id":"https:\/\/secure.gravatar.com\/avatar\/42749d8b712ff9d59ca93dc150494e5b55a44134482993f5baeb97e61b7ecc89?s=96&d=mm&r=g","url":"https:\/\/secure.gravatar.com\/avatar\/42749d8b712ff9d59ca93dc150494e5b55a44134482993f5baeb97e61b7ecc89?s=96&d=mm&r=g","contentUrl":"https:\/\/secure.gravatar.com\/avatar\/42749d8b712ff9d59ca93dc150494e5b55a44134482993f5baeb97e61b7ecc89?s=96&d=mm&r=g","caption":"Roberto"},"url":"https:\/\/regiaonews.net.br\/2022\/author\/roberto\/"}]}},"publishpress_future_action":{"enabled":false,"date":"2026-05-04 17:27:29","action":"change-status","newStatus":"draft","terms":[],"taxonomy":"category","extraData":[]},"publishpress_future_workflow_manual_trigger":{"enabledWorkflows":[]},"_links":{"self":[{"href":"https:\/\/regiaonews.net.br\/2022\/wp-json\/wp\/v2\/posts\/95442","targetHints":{"allow":["GET"]}}],"collection":[{"href":"https:\/\/regiaonews.net.br\/2022\/wp-json\/wp\/v2\/posts"}],"about":[{"href":"https:\/\/regiaonews.net.br\/2022\/wp-json\/wp\/v2\/types\/post"}],"author":[{"embeddable":true,"href":"https:\/\/regiaonews.net.br\/2022\/wp-json\/wp\/v2\/users\/2"}],"replies":[{"embeddable":true,"href":"https:\/\/regiaonews.net.br\/2022\/wp-json\/wp\/v2\/comments?post=95442"}],"version-history":[{"count":1,"href":"https:\/\/regiaonews.net.br\/2022\/wp-json\/wp\/v2\/posts\/95442\/revisions"}],"predecessor-version":[{"id":95444,"href":"https:\/\/regiaonews.net.br\/2022\/wp-json\/wp\/v2\/posts\/95442\/revisions\/95444"}],"wp:featuredmedia":[{"embeddable":true,"href":"https:\/\/regiaonews.net.br\/2022\/wp-json\/wp\/v2\/media\/95443"}],"wp:attachment":[{"href":"https:\/\/regiaonews.net.br\/2022\/wp-json\/wp\/v2\/media?parent=95442"}],"wp:term":[{"taxonomy":"category","embeddable":true,"href":"https:\/\/regiaonews.net.br\/2022\/wp-json\/wp\/v2\/categories?post=95442"},{"taxonomy":"post_tag","embeddable":true,"href":"https:\/\/regiaonews.net.br\/2022\/wp-json\/wp\/v2\/tags?post=95442"}],"curies":[{"name":"wp","href":"https:\/\/api.w.org\/{rel}","templated":true}]}}