{"id":95439,"date":"2023-09-21T14:58:16","date_gmt":"2023-09-21T17:58:16","guid":{"rendered":"https:\/\/regiaonews.net.br\/2022\/?p=95439"},"modified":"2023-09-21T14:58:16","modified_gmt":"2023-09-21T17:58:16","slug":"cavalaria-oferece-aulas-de-equoterapia-para-estimular-desenvolvimento-de-pessoas-com-deficiencia","status":"publish","type":"post","link":"https:\/\/regiaonews.net.br\/2022\/2023\/09\/21\/cavalaria-oferece-aulas-de-equoterapia-para-estimular-desenvolvimento-de-pessoas-com-deficiencia\/","title":{"rendered":"Cavalaria oferece aulas de equoterapia para estimular desenvolvimento de pessoas com defici\u00eancia"},"content":{"rendered":"<div>\n<h3 class=\"titulopreto ng-binding\" style=\"text-align: center;\">Aulas trazem benef\u00edcios f\u00edsicos e psicol\u00f3gicos aos pacientes.<\/h3>\n<\/div>\n<div id=\"notCorpo\" class=\"ng-binding\">\n<div>Ana Margarida sai todas as quartas-feiras de sua casa, no Ja\u00e7an\u00e3, na zona norte, e vai at\u00e9 o centro da capital para fazer uma atividade que ama: andar a cavalo nas aulas de equoterapia do Regimento de Pol\u00edcia Montada 9 de Julho. Ela nasceu aos cinco meses, e, por conta da prematuridade, foi diagnosticada com paralisia cerebral, que afetou os movimentos do corpo da cintura para baixo.<\/div>\n<div><\/div>\n<div>Desde ent\u00e3o, h\u00e1 44 anos, ela faz v\u00e1rios tipos de fisioterapia para n\u00e3o atrofiar os m\u00fasculos e continuar andando, o que faz hoje com a ajuda de um andador. No entanto, de todos os tratamentos que j\u00e1 fez ao longo da vida, segundo ela, nenhum se compara \u00e0 equoterapia.<\/div>\n<div><\/div>\n<div>&#8220;\u00c9 o mais completo, porque s\u00f3 de voc\u00ea estar sentada no cavalo j\u00e1 se movimenta. Al\u00e9m de mexer no equil\u00edbrio, \u00e9 sensorial, voc\u00ea percebe tudo que est\u00e1 acontecendo \u00e0 sua volta. D\u00e1 um resultado muito bom&#8221;, conta.<\/div>\n<div><\/div>\n<div>A equoterapia \u00e9 um m\u00e9todo terap\u00eautico e educacional que usa o movimento do cavalo para estimular o desenvolvimento neuropsicomotor de pessoas com defici\u00eancia. Ou seja, o animal faz o paciente trabalhar diversas \u00e1reas do corpo que geralmente n\u00e3o consegue no dia a dia.<\/div>\n<div><\/div>\n<div>&#8220;O cavalo simula o andar humano, e isso ativa as sinapses e os neurotransmissores, fazendo com que essa \u00e1rea do c\u00e9rebro que n\u00e3o era trabalhada seja ativada. Ele tem um movimento tridimensional &#8211; para cima e para baixo, para frente e para tr\u00e1s, para um lado e outro &#8211; e consegue proporcionar, independentemente da vontade da pessoa, a ativa\u00e7\u00e3o muscular, seja de relaxamento ou contra\u00e7\u00e3o&#8221;, explica o capit\u00e3o PM Reis, respons\u00e1vel pelo setor da equoterapia no Regimento.<\/div>\n<\/div>\n<div>\n<div>Com meia hora de sess\u00e3o toda vez por semana, Ana sente melhoras significativas na qualidade de vida: &#8220;A minha postura melhorou muito, agora eu ando mais reta. E a minha lombar tamb\u00e9m d\u00f3i menos&#8221;, relata. Ela pratica o m\u00e9todo h\u00e1 20 anos e, desde 2006, faz as aulas no Regimento.<\/div>\n<div><\/div>\n<div>Al\u00e9m do cavalo, que \u00e9 o principal ativador do processo, o tratamento tamb\u00e9m conta com o condutor do animal, um psic\u00f3logo e um fisioterapeuta. Rafael Maia, que trabalha h\u00e1 5 anos no Regimento pela Associa\u00e7\u00e3o dos Policiais Militares com defici\u00eancia do Estado de S\u00e3o Paulo (Apmdfesp), conta porque considera o tratamento t\u00e3o especial.<\/div>\n<div><\/div>\n<div>&#8220;A sintonia do paciente com o cavalo transforma a quest\u00e3o temperamental. Eles saem com mais disposi\u00e7\u00e3o, mais felizes. Com 30 minutos em cima do cavalo, s\u00f3 a passada do animal, faz o paciente contrair involuntariamente 3.500 m\u00fasculos&#8221;, explica.<\/div>\n<div><\/div>\n<div><b>Controle da hiperatividade<\/b><\/div>\n<div><\/div>\n<div>A melhora pelo tratamento tamb\u00e9m \u00e9 notada pela m\u00e3e do L\u00e9o, de apenas 3 anos. Ele tem autismo n\u00edvel 1 e transtorno de hiperatividade, o que faz com que fique muito agitado e n\u00e3o tenha controle dos movimentos. Por\u00e9m, desde que come\u00e7ou a fazer equoterapia, isso mudou.<\/div>\n<div><\/div>\n<div>&#8220;Desde que come\u00e7ou, ele tem se tornado algu\u00e9m com mais capacidade de sentir, de entender as coisas e, principalmente, de se acalmar. Antes do tratamento ele era muito agitado e n\u00e3o conseguia entender o seu pr\u00f3prio limite. Com o tratamento ele percebe o quanto \u00e9 importante se acalmar para poder subir no cavalo e estar concentrado no animal para tratar ele com carinho&#8221;, diz a m\u00e3e, Evelyn Ferlin.<\/div>\n<\/div>\n<div>\n<div>Os cavalos usados na equoterapia s\u00e3o mansos e d\u00f3ceis, escolhidos a dedo para cada tipo de paciente. Al\u00e9m de melhorar a sa\u00fade, o animal tamb\u00e9m trabalha aspectos da \u00e1rea afetiva e emocional, como medo, tristeza, alegria, empenho e coragem. &#8220;Parece que o cavalo sente que voc\u00ea est\u00e1 ali e quer te ajudar. Ele se entrega mesmo para voc\u00ea&#8221;, conta Ana.<\/div>\n<div><\/div>\n<div>O trabalho na \u00e1rea da sa\u00fade e social da equoterapia no Regimento de Cavalaria 9 de Julho acontece de segunda a quinta, das 14h \u00e0s 17h. Com seis meses de dura\u00e7\u00e3o, \u00e9 voltado para policiais militares, familiares de policiais e tamb\u00e9m para o p\u00fablico geral.<\/div>\n<div><\/div>\n<div>Os interessados em praticar podem mandar um e-mail para equoterapia@policiamilitar.sp.gov.br. As vagas s\u00e3o limitadas e o paciente precisa ser aprovado pela junta m\u00e9dica do Regimento.<\/div>\n<\/div>\n","protected":false},"excerpt":{"rendered":"<p>Aulas trazem benef\u00edcios f\u00edsicos e psicol\u00f3gicos aos pacientes. Ana Margarida<\/p>\n","protected":false},"author":2,"featured_media":95440,"comment_status":"open","ping_status":"open","sticky":false,"template":"","format":"standard","meta":{"footnotes":""},"categories":[7,3],"tags":[],"class_list":["post-95439","post","type-post","status-publish","format-standard","has-post-thumbnail","hentry","category-estado-de-sao-paulo","category-geral"],"yoast_head":"<!-- This site is optimized with the Yoast SEO plugin v27.4 - https:\/\/yoast.com\/product\/yoast-seo-wordpress\/ -->\n<title>Cavalaria oferece aulas de equoterapia para estimular desenvolvimento de pessoas com defici\u00eancia - Regi\u00e3o News<\/title>\n<meta name=\"robots\" content=\"index, follow, max-snippet:-1, max-image-preview:large, max-video-preview:-1\" \/>\n<link rel=\"canonical\" href=\"https:\/\/regiaonews.net.br\/2022\/2023\/09\/21\/cavalaria-oferece-aulas-de-equoterapia-para-estimular-desenvolvimento-de-pessoas-com-deficiencia\/\" \/>\n<meta property=\"og:locale\" content=\"pt_BR\" \/>\n<meta property=\"og:type\" content=\"article\" \/>\n<meta property=\"og:title\" content=\"Cavalaria oferece aulas de equoterapia para estimular desenvolvimento de pessoas com defici\u00eancia - Regi\u00e3o News\" \/>\n<meta property=\"og:description\" content=\"Aulas trazem benef\u00edcios f\u00edsicos e psicol\u00f3gicos aos pacientes. Ana Margarida\" \/>\n<meta property=\"og:url\" content=\"https:\/\/regiaonews.net.br\/2022\/2023\/09\/21\/cavalaria-oferece-aulas-de-equoterapia-para-estimular-desenvolvimento-de-pessoas-com-deficiencia\/\" \/>\n<meta property=\"og:site_name\" content=\"Regi\u00e3o News\" \/>\n<meta property=\"article:published_time\" content=\"2023-09-21T17:58:16+00:00\" \/>\n<meta property=\"og:image\" content=\"https:\/\/regiaonews.net.br\/2022\/wp-content\/uploads\/2023\/09\/00051421.jpeg\" \/>\n\t<meta property=\"og:image:width\" content=\"800\" \/>\n\t<meta property=\"og:image:height\" content=\"463\" \/>\n\t<meta property=\"og:image:type\" content=\"image\/jpeg\" \/>\n<meta name=\"author\" content=\"Roberto\" \/>\n<meta name=\"twitter:card\" content=\"summary_large_image\" \/>\n<meta name=\"twitter:label1\" content=\"Escrito por\" \/>\n\t<meta name=\"twitter:data1\" content=\"Roberto\" \/>\n\t<meta name=\"twitter:label2\" content=\"Est. tempo de leitura\" \/>\n\t<meta name=\"twitter:data2\" content=\"4 minutos\" \/>\n<script type=\"application\/ld+json\" class=\"yoast-schema-graph\">{\"@context\":\"https:\\\/\\\/schema.org\",\"@graph\":[{\"@type\":\"Article\",\"@id\":\"https:\\\/\\\/regiaonews.net.br\\\/2022\\\/2023\\\/09\\\/21\\\/cavalaria-oferece-aulas-de-equoterapia-para-estimular-desenvolvimento-de-pessoas-com-deficiencia\\\/#article\",\"isPartOf\":{\"@id\":\"https:\\\/\\\/regiaonews.net.br\\\/2022\\\/2023\\\/09\\\/21\\\/cavalaria-oferece-aulas-de-equoterapia-para-estimular-desenvolvimento-de-pessoas-com-deficiencia\\\/\"},\"author\":{\"name\":\"Roberto\",\"@id\":\"https:\\\/\\\/regiaonews.net.br\\\/2022\\\/#\\\/schema\\\/person\\\/2d205a608a5aa97ac279d7a5e6d89ad8\"},\"headline\":\"Cavalaria oferece aulas de equoterapia para estimular desenvolvimento de pessoas com defici\u00eancia\",\"datePublished\":\"2023-09-21T17:58:16+00:00\",\"mainEntityOfPage\":{\"@id\":\"https:\\\/\\\/regiaonews.net.br\\\/2022\\\/2023\\\/09\\\/21\\\/cavalaria-oferece-aulas-de-equoterapia-para-estimular-desenvolvimento-de-pessoas-com-deficiencia\\\/\"},\"wordCount\":727,\"commentCount\":0,\"publisher\":{\"@id\":\"https:\\\/\\\/regiaonews.net.br\\\/2022\\\/#organization\"},\"image\":{\"@id\":\"https:\\\/\\\/regiaonews.net.br\\\/2022\\\/2023\\\/09\\\/21\\\/cavalaria-oferece-aulas-de-equoterapia-para-estimular-desenvolvimento-de-pessoas-com-deficiencia\\\/#primaryimage\"},\"thumbnailUrl\":\"https:\\\/\\\/regiaonews.net.br\\\/2022\\\/wp-content\\\/uploads\\\/2023\\\/09\\\/00051421.jpeg\",\"articleSection\":[\"Estado de S\u00e3o Paulo\",\"Geral\"],\"inLanguage\":\"pt-BR\",\"potentialAction\":[{\"@type\":\"CommentAction\",\"name\":\"Comment\",\"target\":[\"https:\\\/\\\/regiaonews.net.br\\\/2022\\\/2023\\\/09\\\/21\\\/cavalaria-oferece-aulas-de-equoterapia-para-estimular-desenvolvimento-de-pessoas-com-deficiencia\\\/#respond\"]}]},{\"@type\":\"WebPage\",\"@id\":\"https:\\\/\\\/regiaonews.net.br\\\/2022\\\/2023\\\/09\\\/21\\\/cavalaria-oferece-aulas-de-equoterapia-para-estimular-desenvolvimento-de-pessoas-com-deficiencia\\\/\",\"url\":\"https:\\\/\\\/regiaonews.net.br\\\/2022\\\/2023\\\/09\\\/21\\\/cavalaria-oferece-aulas-de-equoterapia-para-estimular-desenvolvimento-de-pessoas-com-deficiencia\\\/\",\"name\":\"Cavalaria oferece aulas de equoterapia para estimular desenvolvimento de pessoas com defici\u00eancia - Regi\u00e3o News\",\"isPartOf\":{\"@id\":\"https:\\\/\\\/regiaonews.net.br\\\/2022\\\/#website\"},\"primaryImageOfPage\":{\"@id\":\"https:\\\/\\\/regiaonews.net.br\\\/2022\\\/2023\\\/09\\\/21\\\/cavalaria-oferece-aulas-de-equoterapia-para-estimular-desenvolvimento-de-pessoas-com-deficiencia\\\/#primaryimage\"},\"image\":{\"@id\":\"https:\\\/\\\/regiaonews.net.br\\\/2022\\\/2023\\\/09\\\/21\\\/cavalaria-oferece-aulas-de-equoterapia-para-estimular-desenvolvimento-de-pessoas-com-deficiencia\\\/#primaryimage\"},\"thumbnailUrl\":\"https:\\\/\\\/regiaonews.net.br\\\/2022\\\/wp-content\\\/uploads\\\/2023\\\/09\\\/00051421.jpeg\",\"datePublished\":\"2023-09-21T17:58:16+00:00\",\"breadcrumb\":{\"@id\":\"https:\\\/\\\/regiaonews.net.br\\\/2022\\\/2023\\\/09\\\/21\\\/cavalaria-oferece-aulas-de-equoterapia-para-estimular-desenvolvimento-de-pessoas-com-deficiencia\\\/#breadcrumb\"},\"inLanguage\":\"pt-BR\",\"potentialAction\":[{\"@type\":\"ReadAction\",\"target\":[\"https:\\\/\\\/regiaonews.net.br\\\/2022\\\/2023\\\/09\\\/21\\\/cavalaria-oferece-aulas-de-equoterapia-para-estimular-desenvolvimento-de-pessoas-com-deficiencia\\\/\"]}]},{\"@type\":\"ImageObject\",\"inLanguage\":\"pt-BR\",\"@id\":\"https:\\\/\\\/regiaonews.net.br\\\/2022\\\/2023\\\/09\\\/21\\\/cavalaria-oferece-aulas-de-equoterapia-para-estimular-desenvolvimento-de-pessoas-com-deficiencia\\\/#primaryimage\",\"url\":\"https:\\\/\\\/regiaonews.net.br\\\/2022\\\/wp-content\\\/uploads\\\/2023\\\/09\\\/00051421.jpeg\",\"contentUrl\":\"https:\\\/\\\/regiaonews.net.br\\\/2022\\\/wp-content\\\/uploads\\\/2023\\\/09\\\/00051421.jpeg\",\"width\":800,\"height\":463},{\"@type\":\"BreadcrumbList\",\"@id\":\"https:\\\/\\\/regiaonews.net.br\\\/2022\\\/2023\\\/09\\\/21\\\/cavalaria-oferece-aulas-de-equoterapia-para-estimular-desenvolvimento-de-pessoas-com-deficiencia\\\/#breadcrumb\",\"itemListElement\":[{\"@type\":\"ListItem\",\"position\":1,\"name\":\"In\u00edcio\",\"item\":\"https:\\\/\\\/regiaonews.net.br\\\/2022\\\/\"},{\"@type\":\"ListItem\",\"position\":2,\"name\":\"Cavalaria oferece aulas de equoterapia para estimular desenvolvimento de pessoas com defici\u00eancia\"}]},{\"@type\":\"WebSite\",\"@id\":\"https:\\\/\\\/regiaonews.net.br\\\/2022\\\/#website\",\"url\":\"https:\\\/\\\/regiaonews.net.br\\\/2022\\\/\",\"name\":\"Regi\u00e3o News\",\"description\":\"Site de Not\u00edcias de Barretos e regi\u00e3o\",\"publisher\":{\"@id\":\"https:\\\/\\\/regiaonews.net.br\\\/2022\\\/#organization\"},\"potentialAction\":[{\"@type\":\"SearchAction\",\"target\":{\"@type\":\"EntryPoint\",\"urlTemplate\":\"https:\\\/\\\/regiaonews.net.br\\\/2022\\\/?s={search_term_string}\"},\"query-input\":{\"@type\":\"PropertyValueSpecification\",\"valueRequired\":true,\"valueName\":\"search_term_string\"}}],\"inLanguage\":\"pt-BR\"},{\"@type\":\"Organization\",\"@id\":\"https:\\\/\\\/regiaonews.net.br\\\/2022\\\/#organization\",\"name\":\"Regi\u00e3o News\",\"url\":\"https:\\\/\\\/regiaonews.net.br\\\/2022\\\/\",\"logo\":{\"@type\":\"ImageObject\",\"inLanguage\":\"pt-BR\",\"@id\":\"https:\\\/\\\/regiaonews.net.br\\\/2022\\\/#\\\/schema\\\/logo\\\/image\\\/\",\"url\":\"https:\\\/\\\/regiaonews.net.br\\\/2022\\\/wp-content\\\/uploads\\\/2026\\\/03\\\/regiao-13-anos-scaled.jpg\",\"contentUrl\":\"https:\\\/\\\/regiaonews.net.br\\\/2022\\\/wp-content\\\/uploads\\\/2026\\\/03\\\/regiao-13-anos-scaled.jpg\",\"width\":2560,\"height\":635,\"caption\":\"Regi\u00e3o News\"},\"image\":{\"@id\":\"https:\\\/\\\/regiaonews.net.br\\\/2022\\\/#\\\/schema\\\/logo\\\/image\\\/\"}},{\"@type\":\"Person\",\"@id\":\"https:\\\/\\\/regiaonews.net.br\\\/2022\\\/#\\\/schema\\\/person\\\/2d205a608a5aa97ac279d7a5e6d89ad8\",\"name\":\"Roberto\",\"image\":{\"@type\":\"ImageObject\",\"inLanguage\":\"pt-BR\",\"@id\":\"https:\\\/\\\/secure.gravatar.com\\\/avatar\\\/42749d8b712ff9d59ca93dc150494e5b55a44134482993f5baeb97e61b7ecc89?s=96&d=mm&r=g\",\"url\":\"https:\\\/\\\/secure.gravatar.com\\\/avatar\\\/42749d8b712ff9d59ca93dc150494e5b55a44134482993f5baeb97e61b7ecc89?s=96&d=mm&r=g\",\"contentUrl\":\"https:\\\/\\\/secure.gravatar.com\\\/avatar\\\/42749d8b712ff9d59ca93dc150494e5b55a44134482993f5baeb97e61b7ecc89?s=96&d=mm&r=g\",\"caption\":\"Roberto\"},\"url\":\"https:\\\/\\\/regiaonews.net.br\\\/2022\\\/author\\\/roberto\\\/\"}]}<\/script>\n<!-- \/ Yoast SEO plugin. -->","yoast_head_json":{"title":"Cavalaria oferece aulas de equoterapia para estimular desenvolvimento de pessoas com defici\u00eancia - Regi\u00e3o News","robots":{"index":"index","follow":"follow","max-snippet":"max-snippet:-1","max-image-preview":"max-image-preview:large","max-video-preview":"max-video-preview:-1"},"canonical":"https:\/\/regiaonews.net.br\/2022\/2023\/09\/21\/cavalaria-oferece-aulas-de-equoterapia-para-estimular-desenvolvimento-de-pessoas-com-deficiencia\/","og_locale":"pt_BR","og_type":"article","og_title":"Cavalaria oferece aulas de equoterapia para estimular desenvolvimento de pessoas com defici\u00eancia - Regi\u00e3o News","og_description":"Aulas trazem benef\u00edcios f\u00edsicos e psicol\u00f3gicos aos pacientes. Ana Margarida","og_url":"https:\/\/regiaonews.net.br\/2022\/2023\/09\/21\/cavalaria-oferece-aulas-de-equoterapia-para-estimular-desenvolvimento-de-pessoas-com-deficiencia\/","og_site_name":"Regi\u00e3o News","article_published_time":"2023-09-21T17:58:16+00:00","og_image":[{"width":800,"height":463,"url":"https:\/\/regiaonews.net.br\/2022\/wp-content\/uploads\/2023\/09\/00051421.jpeg","type":"image\/jpeg"}],"author":"Roberto","twitter_card":"summary_large_image","twitter_misc":{"Escrito por":"Roberto","Est. tempo de leitura":"4 minutos"},"schema":{"@context":"https:\/\/schema.org","@graph":[{"@type":"Article","@id":"https:\/\/regiaonews.net.br\/2022\/2023\/09\/21\/cavalaria-oferece-aulas-de-equoterapia-para-estimular-desenvolvimento-de-pessoas-com-deficiencia\/#article","isPartOf":{"@id":"https:\/\/regiaonews.net.br\/2022\/2023\/09\/21\/cavalaria-oferece-aulas-de-equoterapia-para-estimular-desenvolvimento-de-pessoas-com-deficiencia\/"},"author":{"name":"Roberto","@id":"https:\/\/regiaonews.net.br\/2022\/#\/schema\/person\/2d205a608a5aa97ac279d7a5e6d89ad8"},"headline":"Cavalaria oferece aulas de equoterapia para estimular desenvolvimento de pessoas com defici\u00eancia","datePublished":"2023-09-21T17:58:16+00:00","mainEntityOfPage":{"@id":"https:\/\/regiaonews.net.br\/2022\/2023\/09\/21\/cavalaria-oferece-aulas-de-equoterapia-para-estimular-desenvolvimento-de-pessoas-com-deficiencia\/"},"wordCount":727,"commentCount":0,"publisher":{"@id":"https:\/\/regiaonews.net.br\/2022\/#organization"},"image":{"@id":"https:\/\/regiaonews.net.br\/2022\/2023\/09\/21\/cavalaria-oferece-aulas-de-equoterapia-para-estimular-desenvolvimento-de-pessoas-com-deficiencia\/#primaryimage"},"thumbnailUrl":"https:\/\/regiaonews.net.br\/2022\/wp-content\/uploads\/2023\/09\/00051421.jpeg","articleSection":["Estado de S\u00e3o Paulo","Geral"],"inLanguage":"pt-BR","potentialAction":[{"@type":"CommentAction","name":"Comment","target":["https:\/\/regiaonews.net.br\/2022\/2023\/09\/21\/cavalaria-oferece-aulas-de-equoterapia-para-estimular-desenvolvimento-de-pessoas-com-deficiencia\/#respond"]}]},{"@type":"WebPage","@id":"https:\/\/regiaonews.net.br\/2022\/2023\/09\/21\/cavalaria-oferece-aulas-de-equoterapia-para-estimular-desenvolvimento-de-pessoas-com-deficiencia\/","url":"https:\/\/regiaonews.net.br\/2022\/2023\/09\/21\/cavalaria-oferece-aulas-de-equoterapia-para-estimular-desenvolvimento-de-pessoas-com-deficiencia\/","name":"Cavalaria oferece aulas de equoterapia para estimular desenvolvimento de pessoas com defici\u00eancia - Regi\u00e3o News","isPartOf":{"@id":"https:\/\/regiaonews.net.br\/2022\/#website"},"primaryImageOfPage":{"@id":"https:\/\/regiaonews.net.br\/2022\/2023\/09\/21\/cavalaria-oferece-aulas-de-equoterapia-para-estimular-desenvolvimento-de-pessoas-com-deficiencia\/#primaryimage"},"image":{"@id":"https:\/\/regiaonews.net.br\/2022\/2023\/09\/21\/cavalaria-oferece-aulas-de-equoterapia-para-estimular-desenvolvimento-de-pessoas-com-deficiencia\/#primaryimage"},"thumbnailUrl":"https:\/\/regiaonews.net.br\/2022\/wp-content\/uploads\/2023\/09\/00051421.jpeg","datePublished":"2023-09-21T17:58:16+00:00","breadcrumb":{"@id":"https:\/\/regiaonews.net.br\/2022\/2023\/09\/21\/cavalaria-oferece-aulas-de-equoterapia-para-estimular-desenvolvimento-de-pessoas-com-deficiencia\/#breadcrumb"},"inLanguage":"pt-BR","potentialAction":[{"@type":"ReadAction","target":["https:\/\/regiaonews.net.br\/2022\/2023\/09\/21\/cavalaria-oferece-aulas-de-equoterapia-para-estimular-desenvolvimento-de-pessoas-com-deficiencia\/"]}]},{"@type":"ImageObject","inLanguage":"pt-BR","@id":"https:\/\/regiaonews.net.br\/2022\/2023\/09\/21\/cavalaria-oferece-aulas-de-equoterapia-para-estimular-desenvolvimento-de-pessoas-com-deficiencia\/#primaryimage","url":"https:\/\/regiaonews.net.br\/2022\/wp-content\/uploads\/2023\/09\/00051421.jpeg","contentUrl":"https:\/\/regiaonews.net.br\/2022\/wp-content\/uploads\/2023\/09\/00051421.jpeg","width":800,"height":463},{"@type":"BreadcrumbList","@id":"https:\/\/regiaonews.net.br\/2022\/2023\/09\/21\/cavalaria-oferece-aulas-de-equoterapia-para-estimular-desenvolvimento-de-pessoas-com-deficiencia\/#breadcrumb","itemListElement":[{"@type":"ListItem","position":1,"name":"In\u00edcio","item":"https:\/\/regiaonews.net.br\/2022\/"},{"@type":"ListItem","position":2,"name":"Cavalaria oferece aulas de equoterapia para estimular desenvolvimento de pessoas com defici\u00eancia"}]},{"@type":"WebSite","@id":"https:\/\/regiaonews.net.br\/2022\/#website","url":"https:\/\/regiaonews.net.br\/2022\/","name":"Regi\u00e3o News","description":"Site de Not\u00edcias de Barretos e regi\u00e3o","publisher":{"@id":"https:\/\/regiaonews.net.br\/2022\/#organization"},"potentialAction":[{"@type":"SearchAction","target":{"@type":"EntryPoint","urlTemplate":"https:\/\/regiaonews.net.br\/2022\/?s={search_term_string}"},"query-input":{"@type":"PropertyValueSpecification","valueRequired":true,"valueName":"search_term_string"}}],"inLanguage":"pt-BR"},{"@type":"Organization","@id":"https:\/\/regiaonews.net.br\/2022\/#organization","name":"Regi\u00e3o News","url":"https:\/\/regiaonews.net.br\/2022\/","logo":{"@type":"ImageObject","inLanguage":"pt-BR","@id":"https:\/\/regiaonews.net.br\/2022\/#\/schema\/logo\/image\/","url":"https:\/\/regiaonews.net.br\/2022\/wp-content\/uploads\/2026\/03\/regiao-13-anos-scaled.jpg","contentUrl":"https:\/\/regiaonews.net.br\/2022\/wp-content\/uploads\/2026\/03\/regiao-13-anos-scaled.jpg","width":2560,"height":635,"caption":"Regi\u00e3o News"},"image":{"@id":"https:\/\/regiaonews.net.br\/2022\/#\/schema\/logo\/image\/"}},{"@type":"Person","@id":"https:\/\/regiaonews.net.br\/2022\/#\/schema\/person\/2d205a608a5aa97ac279d7a5e6d89ad8","name":"Roberto","image":{"@type":"ImageObject","inLanguage":"pt-BR","@id":"https:\/\/secure.gravatar.com\/avatar\/42749d8b712ff9d59ca93dc150494e5b55a44134482993f5baeb97e61b7ecc89?s=96&d=mm&r=g","url":"https:\/\/secure.gravatar.com\/avatar\/42749d8b712ff9d59ca93dc150494e5b55a44134482993f5baeb97e61b7ecc89?s=96&d=mm&r=g","contentUrl":"https:\/\/secure.gravatar.com\/avatar\/42749d8b712ff9d59ca93dc150494e5b55a44134482993f5baeb97e61b7ecc89?s=96&d=mm&r=g","caption":"Roberto"},"url":"https:\/\/regiaonews.net.br\/2022\/author\/roberto\/"}]}},"publishpress_future_action":{"enabled":false,"date":"2026-05-04 19:12:51","action":"change-status","newStatus":"draft","terms":[],"taxonomy":"category","extraData":[]},"publishpress_future_workflow_manual_trigger":{"enabledWorkflows":[]},"_links":{"self":[{"href":"https:\/\/regiaonews.net.br\/2022\/wp-json\/wp\/v2\/posts\/95439","targetHints":{"allow":["GET"]}}],"collection":[{"href":"https:\/\/regiaonews.net.br\/2022\/wp-json\/wp\/v2\/posts"}],"about":[{"href":"https:\/\/regiaonews.net.br\/2022\/wp-json\/wp\/v2\/types\/post"}],"author":[{"embeddable":true,"href":"https:\/\/regiaonews.net.br\/2022\/wp-json\/wp\/v2\/users\/2"}],"replies":[{"embeddable":true,"href":"https:\/\/regiaonews.net.br\/2022\/wp-json\/wp\/v2\/comments?post=95439"}],"version-history":[{"count":1,"href":"https:\/\/regiaonews.net.br\/2022\/wp-json\/wp\/v2\/posts\/95439\/revisions"}],"predecessor-version":[{"id":95441,"href":"https:\/\/regiaonews.net.br\/2022\/wp-json\/wp\/v2\/posts\/95439\/revisions\/95441"}],"wp:featuredmedia":[{"embeddable":true,"href":"https:\/\/regiaonews.net.br\/2022\/wp-json\/wp\/v2\/media\/95440"}],"wp:attachment":[{"href":"https:\/\/regiaonews.net.br\/2022\/wp-json\/wp\/v2\/media?parent=95439"}],"wp:term":[{"taxonomy":"category","embeddable":true,"href":"https:\/\/regiaonews.net.br\/2022\/wp-json\/wp\/v2\/categories?post=95439"},{"taxonomy":"post_tag","embeddable":true,"href":"https:\/\/regiaonews.net.br\/2022\/wp-json\/wp\/v2\/tags?post=95439"}],"curies":[{"name":"wp","href":"https:\/\/api.w.org\/{rel}","templated":true}]}}