{"id":95425,"date":"2023-09-21T10:27:32","date_gmt":"2023-09-21T13:27:32","guid":{"rendered":"https:\/\/regiaonews.net.br\/2022\/?p=95425"},"modified":"2023-09-21T10:27:32","modified_gmt":"2023-09-21T13:27:32","slug":"secretaria-municipal-de-saude-realiza-reuniao-busca-ativa-2023-contra-tuberculose","status":"publish","type":"post","link":"https:\/\/regiaonews.net.br\/2022\/2023\/09\/21\/secretaria-municipal-de-saude-realiza-reuniao-busca-ativa-2023-contra-tuberculose\/","title":{"rendered":"Secretaria Municipal de Sa\u00fade realiza reuni\u00e3o \u201cBusca Ativa 2023\u201d contra tuberculose"},"content":{"rendered":"<div class=\"xdj266r x11i5rnm xat24cr x1mh8g0r x1vvkbs x126k92a\">\n<div dir=\"auto\">A Prefeitura de Bebedouro, por meio da Secretaria Municipal de Sa\u00fade (SMS), realizou na ter\u00e7a-feira (19\/09), uma reuni\u00e3o com representantes da sociedade civil, com intuito de promover a divulga\u00e7\u00e3o dos problemas causados pela Tuberculose.<\/div>\n<\/div>\n<div class=\"x11i5rnm xat24cr x1mh8g0r x1vvkbs xtlvy1s x126k92a\">\n<div dir=\"auto\">A a\u00e7\u00e3o tem como tema, \u201cBusca Ativa 2023\u201d, com intuito de interromper a transmiss\u00e3o da Tuberculose. O Minist\u00e9rio da Sa\u00fade recomenda que a\u00e7\u00e3o deve ser realizada por todos os servi\u00e7os de sa\u00fade, promovendo a identifica\u00e7\u00e3o dos Sistemas Respirat\u00f3rios. Para a identifica\u00e7\u00e3o da Tuberculose, \u00e9 feita uma an\u00e1lise laboratorial, atrav\u00e9s de coleta de secre\u00e7\u00e3o que s\u00e3o levadas ao laborat\u00f3rio e, o resultado revela se a pessoa est\u00e1 ou n\u00e3o com a doen\u00e7a.<\/div>\n<\/div>\n<div class=\"x11i5rnm xat24cr x1mh8g0r x1vvkbs xtlvy1s x126k92a\">\n<div dir=\"auto\">Tuberculose \u2013 A doen\u00e7a \u00e9 transmitida pelo ar, atinge principalmente os pulm\u00f5es e pode levar \u00e0 morte. Entre os sintomas est\u00e3o tosse, por mais de uma semana, febre, cansa\u00e7o, dor no peito, falta de apetite e, nos casos mais graves, presen\u00e7a de sangue no catarro.<\/div>\n<\/div>\n<div class=\"x11i5rnm xat24cr x1mh8g0r x1vvkbs xtlvy1s x126k92a\">\n<div dir=\"auto\">As Unidades B\u00e1sicas de Sa\u00fade, servi\u00e7os de visitas domiciliares, hospitais, Unidades do Sistema Prisionais (SAP), albergues e locais onde vivem pessoas de rua, s\u00e3o alvos para que os profissionais da sa\u00fade realizem a \u201cBusca Ativa\u201d, identificando se h\u00e1 a doen\u00e7a.<\/div>\n<\/div>\n<div class=\"x11i5rnm xat24cr x1mh8g0r x1vvkbs xtlvy1s x126k92a\">\n<div dir=\"auto\">Participaram da reuni\u00e3o, os representantes do Centro Dia Idoso, CAPS, Ambulat\u00f3rio da Sa\u00fade Mental, Rotary Clube de Bebedouro, Par\u00f3quia de Santo Ant\u00f4nio de Sant&#8217;Anna Galv\u00e3o, Educand\u00e1rio, Centro POP, e Vila Vicentina.<\/div>\n<\/div>\n","protected":false},"excerpt":{"rendered":"<p>A Prefeitura de Bebedouro, por meio da Secretaria Municipal de<\/p>\n","protected":false},"author":2,"featured_media":95426,"comment_status":"open","ping_status":"open","sticky":false,"template":"","format":"standard","meta":{"footnotes":""},"categories":[4,3],"tags":[],"class_list":["post-95425","post","type-post","status-publish","format-standard","has-post-thumbnail","hentry","category-bebedouro","category-geral"],"yoast_head":"<!-- This site is optimized with the Yoast SEO plugin v27.4 - https:\/\/yoast.com\/product\/yoast-seo-wordpress\/ -->\n<title>Secretaria Municipal de Sa\u00fade realiza reuni\u00e3o \u201cBusca Ativa 2023\u201d contra tuberculose - Regi\u00e3o News<\/title>\n<meta name=\"robots\" content=\"index, follow, max-snippet:-1, max-image-preview:large, max-video-preview:-1\" \/>\n<link rel=\"canonical\" href=\"https:\/\/regiaonews.net.br\/2022\/2023\/09\/21\/secretaria-municipal-de-saude-realiza-reuniao-busca-ativa-2023-contra-tuberculose\/\" \/>\n<meta property=\"og:locale\" content=\"pt_BR\" \/>\n<meta property=\"og:type\" content=\"article\" \/>\n<meta property=\"og:title\" content=\"Secretaria Municipal de Sa\u00fade realiza reuni\u00e3o \u201cBusca Ativa 2023\u201d contra tuberculose - Regi\u00e3o News\" \/>\n<meta property=\"og:description\" content=\"A Prefeitura de Bebedouro, por meio da Secretaria Municipal de\" \/>\n<meta property=\"og:url\" content=\"https:\/\/regiaonews.net.br\/2022\/2023\/09\/21\/secretaria-municipal-de-saude-realiza-reuniao-busca-ativa-2023-contra-tuberculose\/\" \/>\n<meta property=\"og:site_name\" content=\"Regi\u00e3o News\" \/>\n<meta property=\"article:published_time\" content=\"2023-09-21T13:27:32+00:00\" \/>\n<meta property=\"og:image\" content=\"https:\/\/regiaonews.net.br\/2022\/wp-content\/uploads\/2023\/09\/381182843_683436017151572_4618588987223596299_n.jpg\" \/>\n\t<meta property=\"og:image:width\" content=\"600\" \/>\n\t<meta property=\"og:image:height\" content=\"450\" \/>\n\t<meta property=\"og:image:type\" content=\"image\/jpeg\" \/>\n<meta name=\"author\" content=\"Roberto\" \/>\n<meta name=\"twitter:card\" content=\"summary_large_image\" \/>\n<meta name=\"twitter:label1\" content=\"Escrito por\" \/>\n\t<meta name=\"twitter:data1\" content=\"Roberto\" \/>\n\t<meta name=\"twitter:label2\" content=\"Est. tempo de leitura\" \/>\n\t<meta name=\"twitter:data2\" content=\"2 minutos\" \/>\n<script type=\"application\/ld+json\" class=\"yoast-schema-graph\">{\"@context\":\"https:\\\/\\\/schema.org\",\"@graph\":[{\"@type\":\"Article\",\"@id\":\"https:\\\/\\\/regiaonews.net.br\\\/2022\\\/2023\\\/09\\\/21\\\/secretaria-municipal-de-saude-realiza-reuniao-busca-ativa-2023-contra-tuberculose\\\/#article\",\"isPartOf\":{\"@id\":\"https:\\\/\\\/regiaonews.net.br\\\/2022\\\/2023\\\/09\\\/21\\\/secretaria-municipal-de-saude-realiza-reuniao-busca-ativa-2023-contra-tuberculose\\\/\"},\"author\":{\"name\":\"Roberto\",\"@id\":\"https:\\\/\\\/regiaonews.net.br\\\/2022\\\/#\\\/schema\\\/person\\\/2d205a608a5aa97ac279d7a5e6d89ad8\"},\"headline\":\"Secretaria Municipal de Sa\u00fade realiza reuni\u00e3o \u201cBusca Ativa 2023\u201d contra tuberculose\",\"datePublished\":\"2023-09-21T13:27:32+00:00\",\"mainEntityOfPage\":{\"@id\":\"https:\\\/\\\/regiaonews.net.br\\\/2022\\\/2023\\\/09\\\/21\\\/secretaria-municipal-de-saude-realiza-reuniao-busca-ativa-2023-contra-tuberculose\\\/\"},\"wordCount\":267,\"commentCount\":0,\"publisher\":{\"@id\":\"https:\\\/\\\/regiaonews.net.br\\\/2022\\\/#organization\"},\"image\":{\"@id\":\"https:\\\/\\\/regiaonews.net.br\\\/2022\\\/2023\\\/09\\\/21\\\/secretaria-municipal-de-saude-realiza-reuniao-busca-ativa-2023-contra-tuberculose\\\/#primaryimage\"},\"thumbnailUrl\":\"https:\\\/\\\/regiaonews.net.br\\\/2022\\\/wp-content\\\/uploads\\\/2023\\\/09\\\/381182843_683436017151572_4618588987223596299_n.jpg\",\"articleSection\":[\"Bebedouro\",\"Geral\"],\"inLanguage\":\"pt-BR\",\"potentialAction\":[{\"@type\":\"CommentAction\",\"name\":\"Comment\",\"target\":[\"https:\\\/\\\/regiaonews.net.br\\\/2022\\\/2023\\\/09\\\/21\\\/secretaria-municipal-de-saude-realiza-reuniao-busca-ativa-2023-contra-tuberculose\\\/#respond\"]}]},{\"@type\":\"WebPage\",\"@id\":\"https:\\\/\\\/regiaonews.net.br\\\/2022\\\/2023\\\/09\\\/21\\\/secretaria-municipal-de-saude-realiza-reuniao-busca-ativa-2023-contra-tuberculose\\\/\",\"url\":\"https:\\\/\\\/regiaonews.net.br\\\/2022\\\/2023\\\/09\\\/21\\\/secretaria-municipal-de-saude-realiza-reuniao-busca-ativa-2023-contra-tuberculose\\\/\",\"name\":\"Secretaria Municipal de Sa\u00fade realiza reuni\u00e3o \u201cBusca Ativa 2023\u201d contra tuberculose - Regi\u00e3o News\",\"isPartOf\":{\"@id\":\"https:\\\/\\\/regiaonews.net.br\\\/2022\\\/#website\"},\"primaryImageOfPage\":{\"@id\":\"https:\\\/\\\/regiaonews.net.br\\\/2022\\\/2023\\\/09\\\/21\\\/secretaria-municipal-de-saude-realiza-reuniao-busca-ativa-2023-contra-tuberculose\\\/#primaryimage\"},\"image\":{\"@id\":\"https:\\\/\\\/regiaonews.net.br\\\/2022\\\/2023\\\/09\\\/21\\\/secretaria-municipal-de-saude-realiza-reuniao-busca-ativa-2023-contra-tuberculose\\\/#primaryimage\"},\"thumbnailUrl\":\"https:\\\/\\\/regiaonews.net.br\\\/2022\\\/wp-content\\\/uploads\\\/2023\\\/09\\\/381182843_683436017151572_4618588987223596299_n.jpg\",\"datePublished\":\"2023-09-21T13:27:32+00:00\",\"breadcrumb\":{\"@id\":\"https:\\\/\\\/regiaonews.net.br\\\/2022\\\/2023\\\/09\\\/21\\\/secretaria-municipal-de-saude-realiza-reuniao-busca-ativa-2023-contra-tuberculose\\\/#breadcrumb\"},\"inLanguage\":\"pt-BR\",\"potentialAction\":[{\"@type\":\"ReadAction\",\"target\":[\"https:\\\/\\\/regiaonews.net.br\\\/2022\\\/2023\\\/09\\\/21\\\/secretaria-municipal-de-saude-realiza-reuniao-busca-ativa-2023-contra-tuberculose\\\/\"]}]},{\"@type\":\"ImageObject\",\"inLanguage\":\"pt-BR\",\"@id\":\"https:\\\/\\\/regiaonews.net.br\\\/2022\\\/2023\\\/09\\\/21\\\/secretaria-municipal-de-saude-realiza-reuniao-busca-ativa-2023-contra-tuberculose\\\/#primaryimage\",\"url\":\"https:\\\/\\\/regiaonews.net.br\\\/2022\\\/wp-content\\\/uploads\\\/2023\\\/09\\\/381182843_683436017151572_4618588987223596299_n.jpg\",\"contentUrl\":\"https:\\\/\\\/regiaonews.net.br\\\/2022\\\/wp-content\\\/uploads\\\/2023\\\/09\\\/381182843_683436017151572_4618588987223596299_n.jpg\",\"width\":600,\"height\":450},{\"@type\":\"BreadcrumbList\",\"@id\":\"https:\\\/\\\/regiaonews.net.br\\\/2022\\\/2023\\\/09\\\/21\\\/secretaria-municipal-de-saude-realiza-reuniao-busca-ativa-2023-contra-tuberculose\\\/#breadcrumb\",\"itemListElement\":[{\"@type\":\"ListItem\",\"position\":1,\"name\":\"In\u00edcio\",\"item\":\"https:\\\/\\\/regiaonews.net.br\\\/2022\\\/\"},{\"@type\":\"ListItem\",\"position\":2,\"name\":\"Secretaria Municipal de Sa\u00fade realiza reuni\u00e3o \u201cBusca Ativa 2023\u201d contra tuberculose\"}]},{\"@type\":\"WebSite\",\"@id\":\"https:\\\/\\\/regiaonews.net.br\\\/2022\\\/#website\",\"url\":\"https:\\\/\\\/regiaonews.net.br\\\/2022\\\/\",\"name\":\"Regi\u00e3o News\",\"description\":\"Site de Not\u00edcias de Barretos e regi\u00e3o\",\"publisher\":{\"@id\":\"https:\\\/\\\/regiaonews.net.br\\\/2022\\\/#organization\"},\"potentialAction\":[{\"@type\":\"SearchAction\",\"target\":{\"@type\":\"EntryPoint\",\"urlTemplate\":\"https:\\\/\\\/regiaonews.net.br\\\/2022\\\/?s={search_term_string}\"},\"query-input\":{\"@type\":\"PropertyValueSpecification\",\"valueRequired\":true,\"valueName\":\"search_term_string\"}}],\"inLanguage\":\"pt-BR\"},{\"@type\":\"Organization\",\"@id\":\"https:\\\/\\\/regiaonews.net.br\\\/2022\\\/#organization\",\"name\":\"Regi\u00e3o News\",\"url\":\"https:\\\/\\\/regiaonews.net.br\\\/2022\\\/\",\"logo\":{\"@type\":\"ImageObject\",\"inLanguage\":\"pt-BR\",\"@id\":\"https:\\\/\\\/regiaonews.net.br\\\/2022\\\/#\\\/schema\\\/logo\\\/image\\\/\",\"url\":\"https:\\\/\\\/regiaonews.net.br\\\/2022\\\/wp-content\\\/uploads\\\/2026\\\/03\\\/regiao-13-anos-scaled.jpg\",\"contentUrl\":\"https:\\\/\\\/regiaonews.net.br\\\/2022\\\/wp-content\\\/uploads\\\/2026\\\/03\\\/regiao-13-anos-scaled.jpg\",\"width\":2560,\"height\":635,\"caption\":\"Regi\u00e3o News\"},\"image\":{\"@id\":\"https:\\\/\\\/regiaonews.net.br\\\/2022\\\/#\\\/schema\\\/logo\\\/image\\\/\"}},{\"@type\":\"Person\",\"@id\":\"https:\\\/\\\/regiaonews.net.br\\\/2022\\\/#\\\/schema\\\/person\\\/2d205a608a5aa97ac279d7a5e6d89ad8\",\"name\":\"Roberto\",\"image\":{\"@type\":\"ImageObject\",\"inLanguage\":\"pt-BR\",\"@id\":\"https:\\\/\\\/secure.gravatar.com\\\/avatar\\\/42749d8b712ff9d59ca93dc150494e5b55a44134482993f5baeb97e61b7ecc89?s=96&d=mm&r=g\",\"url\":\"https:\\\/\\\/secure.gravatar.com\\\/avatar\\\/42749d8b712ff9d59ca93dc150494e5b55a44134482993f5baeb97e61b7ecc89?s=96&d=mm&r=g\",\"contentUrl\":\"https:\\\/\\\/secure.gravatar.com\\\/avatar\\\/42749d8b712ff9d59ca93dc150494e5b55a44134482993f5baeb97e61b7ecc89?s=96&d=mm&r=g\",\"caption\":\"Roberto\"},\"url\":\"https:\\\/\\\/regiaonews.net.br\\\/2022\\\/author\\\/roberto\\\/\"}]}<\/script>\n<!-- \/ Yoast SEO plugin. -->","yoast_head_json":{"title":"Secretaria Municipal de Sa\u00fade realiza reuni\u00e3o \u201cBusca Ativa 2023\u201d contra tuberculose - Regi\u00e3o News","robots":{"index":"index","follow":"follow","max-snippet":"max-snippet:-1","max-image-preview":"max-image-preview:large","max-video-preview":"max-video-preview:-1"},"canonical":"https:\/\/regiaonews.net.br\/2022\/2023\/09\/21\/secretaria-municipal-de-saude-realiza-reuniao-busca-ativa-2023-contra-tuberculose\/","og_locale":"pt_BR","og_type":"article","og_title":"Secretaria Municipal de Sa\u00fade realiza reuni\u00e3o \u201cBusca Ativa 2023\u201d contra tuberculose - Regi\u00e3o News","og_description":"A Prefeitura de Bebedouro, por meio da Secretaria Municipal de","og_url":"https:\/\/regiaonews.net.br\/2022\/2023\/09\/21\/secretaria-municipal-de-saude-realiza-reuniao-busca-ativa-2023-contra-tuberculose\/","og_site_name":"Regi\u00e3o News","article_published_time":"2023-09-21T13:27:32+00:00","og_image":[{"width":600,"height":450,"url":"https:\/\/regiaonews.net.br\/2022\/wp-content\/uploads\/2023\/09\/381182843_683436017151572_4618588987223596299_n.jpg","type":"image\/jpeg"}],"author":"Roberto","twitter_card":"summary_large_image","twitter_misc":{"Escrito por":"Roberto","Est. tempo de leitura":"2 minutos"},"schema":{"@context":"https:\/\/schema.org","@graph":[{"@type":"Article","@id":"https:\/\/regiaonews.net.br\/2022\/2023\/09\/21\/secretaria-municipal-de-saude-realiza-reuniao-busca-ativa-2023-contra-tuberculose\/#article","isPartOf":{"@id":"https:\/\/regiaonews.net.br\/2022\/2023\/09\/21\/secretaria-municipal-de-saude-realiza-reuniao-busca-ativa-2023-contra-tuberculose\/"},"author":{"name":"Roberto","@id":"https:\/\/regiaonews.net.br\/2022\/#\/schema\/person\/2d205a608a5aa97ac279d7a5e6d89ad8"},"headline":"Secretaria Municipal de Sa\u00fade realiza reuni\u00e3o \u201cBusca Ativa 2023\u201d contra tuberculose","datePublished":"2023-09-21T13:27:32+00:00","mainEntityOfPage":{"@id":"https:\/\/regiaonews.net.br\/2022\/2023\/09\/21\/secretaria-municipal-de-saude-realiza-reuniao-busca-ativa-2023-contra-tuberculose\/"},"wordCount":267,"commentCount":0,"publisher":{"@id":"https:\/\/regiaonews.net.br\/2022\/#organization"},"image":{"@id":"https:\/\/regiaonews.net.br\/2022\/2023\/09\/21\/secretaria-municipal-de-saude-realiza-reuniao-busca-ativa-2023-contra-tuberculose\/#primaryimage"},"thumbnailUrl":"https:\/\/regiaonews.net.br\/2022\/wp-content\/uploads\/2023\/09\/381182843_683436017151572_4618588987223596299_n.jpg","articleSection":["Bebedouro","Geral"],"inLanguage":"pt-BR","potentialAction":[{"@type":"CommentAction","name":"Comment","target":["https:\/\/regiaonews.net.br\/2022\/2023\/09\/21\/secretaria-municipal-de-saude-realiza-reuniao-busca-ativa-2023-contra-tuberculose\/#respond"]}]},{"@type":"WebPage","@id":"https:\/\/regiaonews.net.br\/2022\/2023\/09\/21\/secretaria-municipal-de-saude-realiza-reuniao-busca-ativa-2023-contra-tuberculose\/","url":"https:\/\/regiaonews.net.br\/2022\/2023\/09\/21\/secretaria-municipal-de-saude-realiza-reuniao-busca-ativa-2023-contra-tuberculose\/","name":"Secretaria Municipal de Sa\u00fade realiza reuni\u00e3o \u201cBusca Ativa 2023\u201d contra tuberculose - Regi\u00e3o News","isPartOf":{"@id":"https:\/\/regiaonews.net.br\/2022\/#website"},"primaryImageOfPage":{"@id":"https:\/\/regiaonews.net.br\/2022\/2023\/09\/21\/secretaria-municipal-de-saude-realiza-reuniao-busca-ativa-2023-contra-tuberculose\/#primaryimage"},"image":{"@id":"https:\/\/regiaonews.net.br\/2022\/2023\/09\/21\/secretaria-municipal-de-saude-realiza-reuniao-busca-ativa-2023-contra-tuberculose\/#primaryimage"},"thumbnailUrl":"https:\/\/regiaonews.net.br\/2022\/wp-content\/uploads\/2023\/09\/381182843_683436017151572_4618588987223596299_n.jpg","datePublished":"2023-09-21T13:27:32+00:00","breadcrumb":{"@id":"https:\/\/regiaonews.net.br\/2022\/2023\/09\/21\/secretaria-municipal-de-saude-realiza-reuniao-busca-ativa-2023-contra-tuberculose\/#breadcrumb"},"inLanguage":"pt-BR","potentialAction":[{"@type":"ReadAction","target":["https:\/\/regiaonews.net.br\/2022\/2023\/09\/21\/secretaria-municipal-de-saude-realiza-reuniao-busca-ativa-2023-contra-tuberculose\/"]}]},{"@type":"ImageObject","inLanguage":"pt-BR","@id":"https:\/\/regiaonews.net.br\/2022\/2023\/09\/21\/secretaria-municipal-de-saude-realiza-reuniao-busca-ativa-2023-contra-tuberculose\/#primaryimage","url":"https:\/\/regiaonews.net.br\/2022\/wp-content\/uploads\/2023\/09\/381182843_683436017151572_4618588987223596299_n.jpg","contentUrl":"https:\/\/regiaonews.net.br\/2022\/wp-content\/uploads\/2023\/09\/381182843_683436017151572_4618588987223596299_n.jpg","width":600,"height":450},{"@type":"BreadcrumbList","@id":"https:\/\/regiaonews.net.br\/2022\/2023\/09\/21\/secretaria-municipal-de-saude-realiza-reuniao-busca-ativa-2023-contra-tuberculose\/#breadcrumb","itemListElement":[{"@type":"ListItem","position":1,"name":"In\u00edcio","item":"https:\/\/regiaonews.net.br\/2022\/"},{"@type":"ListItem","position":2,"name":"Secretaria Municipal de Sa\u00fade realiza reuni\u00e3o \u201cBusca Ativa 2023\u201d contra tuberculose"}]},{"@type":"WebSite","@id":"https:\/\/regiaonews.net.br\/2022\/#website","url":"https:\/\/regiaonews.net.br\/2022\/","name":"Regi\u00e3o News","description":"Site de Not\u00edcias de Barretos e regi\u00e3o","publisher":{"@id":"https:\/\/regiaonews.net.br\/2022\/#organization"},"potentialAction":[{"@type":"SearchAction","target":{"@type":"EntryPoint","urlTemplate":"https:\/\/regiaonews.net.br\/2022\/?s={search_term_string}"},"query-input":{"@type":"PropertyValueSpecification","valueRequired":true,"valueName":"search_term_string"}}],"inLanguage":"pt-BR"},{"@type":"Organization","@id":"https:\/\/regiaonews.net.br\/2022\/#organization","name":"Regi\u00e3o News","url":"https:\/\/regiaonews.net.br\/2022\/","logo":{"@type":"ImageObject","inLanguage":"pt-BR","@id":"https:\/\/regiaonews.net.br\/2022\/#\/schema\/logo\/image\/","url":"https:\/\/regiaonews.net.br\/2022\/wp-content\/uploads\/2026\/03\/regiao-13-anos-scaled.jpg","contentUrl":"https:\/\/regiaonews.net.br\/2022\/wp-content\/uploads\/2026\/03\/regiao-13-anos-scaled.jpg","width":2560,"height":635,"caption":"Regi\u00e3o News"},"image":{"@id":"https:\/\/regiaonews.net.br\/2022\/#\/schema\/logo\/image\/"}},{"@type":"Person","@id":"https:\/\/regiaonews.net.br\/2022\/#\/schema\/person\/2d205a608a5aa97ac279d7a5e6d89ad8","name":"Roberto","image":{"@type":"ImageObject","inLanguage":"pt-BR","@id":"https:\/\/secure.gravatar.com\/avatar\/42749d8b712ff9d59ca93dc150494e5b55a44134482993f5baeb97e61b7ecc89?s=96&d=mm&r=g","url":"https:\/\/secure.gravatar.com\/avatar\/42749d8b712ff9d59ca93dc150494e5b55a44134482993f5baeb97e61b7ecc89?s=96&d=mm&r=g","contentUrl":"https:\/\/secure.gravatar.com\/avatar\/42749d8b712ff9d59ca93dc150494e5b55a44134482993f5baeb97e61b7ecc89?s=96&d=mm&r=g","caption":"Roberto"},"url":"https:\/\/regiaonews.net.br\/2022\/author\/roberto\/"}]}},"publishpress_future_action":{"enabled":false,"date":"2026-05-05 01:37:13","action":"change-status","newStatus":"draft","terms":[],"taxonomy":"category","extraData":[]},"publishpress_future_workflow_manual_trigger":{"enabledWorkflows":[]},"_links":{"self":[{"href":"https:\/\/regiaonews.net.br\/2022\/wp-json\/wp\/v2\/posts\/95425","targetHints":{"allow":["GET"]}}],"collection":[{"href":"https:\/\/regiaonews.net.br\/2022\/wp-json\/wp\/v2\/posts"}],"about":[{"href":"https:\/\/regiaonews.net.br\/2022\/wp-json\/wp\/v2\/types\/post"}],"author":[{"embeddable":true,"href":"https:\/\/regiaonews.net.br\/2022\/wp-json\/wp\/v2\/users\/2"}],"replies":[{"embeddable":true,"href":"https:\/\/regiaonews.net.br\/2022\/wp-json\/wp\/v2\/comments?post=95425"}],"version-history":[{"count":1,"href":"https:\/\/regiaonews.net.br\/2022\/wp-json\/wp\/v2\/posts\/95425\/revisions"}],"predecessor-version":[{"id":95427,"href":"https:\/\/regiaonews.net.br\/2022\/wp-json\/wp\/v2\/posts\/95425\/revisions\/95427"}],"wp:featuredmedia":[{"embeddable":true,"href":"https:\/\/regiaonews.net.br\/2022\/wp-json\/wp\/v2\/media\/95426"}],"wp:attachment":[{"href":"https:\/\/regiaonews.net.br\/2022\/wp-json\/wp\/v2\/media?parent=95425"}],"wp:term":[{"taxonomy":"category","embeddable":true,"href":"https:\/\/regiaonews.net.br\/2022\/wp-json\/wp\/v2\/categories?post=95425"},{"taxonomy":"post_tag","embeddable":true,"href":"https:\/\/regiaonews.net.br\/2022\/wp-json\/wp\/v2\/tags?post=95425"}],"curies":[{"name":"wp","href":"https:\/\/api.w.org\/{rel}","templated":true}]}}