{"id":95394,"date":"2023-09-20T22:36:24","date_gmt":"2023-09-21T01:36:24","guid":{"rendered":"https:\/\/regiaonews.net.br\/2022\/?p=95394"},"modified":"2023-09-21T06:44:53","modified_gmt":"2023-09-21T09:44:53","slug":"conselho-adia-eleicao-ate-arbitral-da-fpf-e-inicia-planejamento-do-bec-para-temporada-2024","status":"publish","type":"post","link":"https:\/\/regiaonews.net.br\/2022\/2023\/09\/20\/conselho-adia-eleicao-ate-arbitral-da-fpf-e-inicia-planejamento-do-bec-para-temporada-2024\/","title":{"rendered":"Conselho adia elei\u00e7\u00e3o at\u00e9 arbitral da FPF e inicia planejamento do BEC para temporada 2024"},"content":{"rendered":"<p>Em reuni\u00e3o realizada na noite desta quarta-feira (20), os conselheiros do Barretos Esporte Clube estiveram reunidos na secretaria do est\u00e1dio do Fortaleza, onde esteve na pauta a elei\u00e7\u00e3o da nova Diretoria Executiva\u00a0 e outros assuntos apresentados pelos 12 conselheiros presentes, pensando no planejamento para a temporada 2024.<\/p>\n<p>No encontro, segundo o presidente do Conselho Deliberativo do BEC, Giovane Ferreira Cruz,\u00a0 ficou decidido que n\u00e3o definir a diretoria neste momento, devido a defini\u00e7\u00e3o de como ser\u00e1 o novo\u00a0 Campeonato Paulista que a Federa\u00e7\u00e3o Paulista est\u00e1 criando.\u00a0 \u00a0&#8220;A partir desta defini\u00e7\u00e3o do Campeonato, a gente consegue definir a estrat\u00e9gia e em contrapartida, nos temos uma diretoria em exerc\u00edcio at\u00e9 o dia 31 de dezembro que vai cumprir\u00a0 o mandato e n\u00e3o podemos paralisar as atividades do BEC neste per\u00edodo de elei\u00e7\u00e3o&#8221;, explicou Giovane.<\/p>\n<p>Os conselheiros tamb\u00e9m definiram que assim que for lan\u00e7ado o Conselho Arbitral da FPF, o Conselho Deliberativo do BEC volta a se reunir em at\u00e9 sete dias, para a defini\u00e7\u00e3o da Diretoria Executiva do clube. &#8220;O planejamento financeiro do clube continua, com o conselho ativo e a diretoria em parceria, para desenvolver o plano comercial em busca de empresas parceiras. Independente do Campeonato que for n\u00e3o iremos encerrar as atividades do BEC. Independente de quem seja, teremos o Barretos sim. O BEC tem 62 anos de hist\u00f3ria e nunca pediu licen\u00e7a da Federa\u00e7\u00e3o Paulista e n\u00e3o vai ser dessa vez que o clube ir\u00e1 ficar de fora&#8221;, afirmou<\/p>\n","protected":false},"excerpt":{"rendered":"<p>Em reuni\u00e3o realizada na noite desta quarta-feira (20), os conselheiros<\/p>\n","protected":false},"author":2,"featured_media":95397,"comment_status":"open","ping_status":"open","sticky":false,"template":"","format":"standard","meta":{"footnotes":""},"categories":[14,21],"tags":[],"class_list":["post-95394","post","type-post","status-publish","format-standard","has-post-thumbnail","hentry","category-barretos","category-esporte"],"yoast_head":"<!-- This site is optimized with the Yoast SEO plugin v27.4 - https:\/\/yoast.com\/product\/yoast-seo-wordpress\/ -->\n<title>Conselho adia elei\u00e7\u00e3o at\u00e9 Arbitral da FPF e inicia<\/title>\n<meta name=\"description\" content=\"Em reuni\u00e3o realizada na noite desta quarta-feira (20), os conselheiros do Barretos Esporte Clube estiveram reunidos na secretaria do\" \/>\n<meta name=\"robots\" content=\"index, follow, max-snippet:-1, max-image-preview:large, max-video-preview:-1\" \/>\n<link rel=\"canonical\" href=\"https:\/\/regiaonews.net.br\/2022\/2023\/09\/20\/conselho-adia-eleicao-ate-arbitral-da-fpf-e-inicia-planejamento-do-bec-para-temporada-2024\/\" \/>\n<meta property=\"og:locale\" content=\"pt_BR\" \/>\n<meta property=\"og:type\" content=\"article\" \/>\n<meta property=\"og:title\" content=\"Conselho adia elei\u00e7\u00e3o at\u00e9 Arbitral da FPF e inicia\" \/>\n<meta property=\"og:description\" content=\"Em reuni\u00e3o realizada na noite desta quarta-feira (20), os conselheiros do Barretos Esporte Clube estiveram reunidos na secretaria do\" \/>\n<meta property=\"og:url\" content=\"https:\/\/regiaonews.net.br\/2022\/2023\/09\/20\/conselho-adia-eleicao-ate-arbitral-da-fpf-e-inicia-planejamento-do-bec-para-temporada-2024\/\" \/>\n<meta property=\"og:site_name\" content=\"Regi\u00e3o News\" \/>\n<meta property=\"article:published_time\" content=\"2023-09-21T01:36:24+00:00\" \/>\n<meta property=\"article:modified_time\" content=\"2023-09-21T09:44:53+00:00\" \/>\n<meta property=\"og:image\" content=\"https:\/\/regiaonews.net.br\/2022\/wp-content\/uploads\/2023\/09\/WhatsApp-Image-2023-09-20-at-22.29.48.jpeg\" \/>\n\t<meta property=\"og:image:width\" content=\"1600\" \/>\n\t<meta property=\"og:image:height\" content=\"1200\" \/>\n\t<meta property=\"og:image:type\" content=\"image\/jpeg\" \/>\n<meta name=\"author\" content=\"Roberto\" \/>\n<meta name=\"twitter:card\" content=\"summary_large_image\" \/>\n<meta name=\"twitter:label1\" content=\"Escrito por\" \/>\n\t<meta name=\"twitter:data1\" content=\"Roberto\" \/>\n\t<meta name=\"twitter:label2\" content=\"Est. tempo de leitura\" \/>\n\t<meta name=\"twitter:data2\" content=\"2 minutos\" \/>\n<script type=\"application\/ld+json\" class=\"yoast-schema-graph\">{\"@context\":\"https:\\\/\\\/schema.org\",\"@graph\":[{\"@type\":\"Article\",\"@id\":\"https:\\\/\\\/regiaonews.net.br\\\/2022\\\/2023\\\/09\\\/20\\\/conselho-adia-eleicao-ate-arbitral-da-fpf-e-inicia-planejamento-do-bec-para-temporada-2024\\\/#article\",\"isPartOf\":{\"@id\":\"https:\\\/\\\/regiaonews.net.br\\\/2022\\\/2023\\\/09\\\/20\\\/conselho-adia-eleicao-ate-arbitral-da-fpf-e-inicia-planejamento-do-bec-para-temporada-2024\\\/\"},\"author\":{\"name\":\"Roberto\",\"@id\":\"https:\\\/\\\/regiaonews.net.br\\\/2022\\\/#\\\/schema\\\/person\\\/2d205a608a5aa97ac279d7a5e6d89ad8\"},\"headline\":\"Conselho adia elei\u00e7\u00e3o at\u00e9 arbitral da FPF e inicia planejamento do BEC para temporada 2024\",\"datePublished\":\"2023-09-21T01:36:24+00:00\",\"dateModified\":\"2023-09-21T09:44:53+00:00\",\"mainEntityOfPage\":{\"@id\":\"https:\\\/\\\/regiaonews.net.br\\\/2022\\\/2023\\\/09\\\/20\\\/conselho-adia-eleicao-ate-arbitral-da-fpf-e-inicia-planejamento-do-bec-para-temporada-2024\\\/\"},\"wordCount\":269,\"commentCount\":0,\"publisher\":{\"@id\":\"https:\\\/\\\/regiaonews.net.br\\\/2022\\\/#organization\"},\"image\":{\"@id\":\"https:\\\/\\\/regiaonews.net.br\\\/2022\\\/2023\\\/09\\\/20\\\/conselho-adia-eleicao-ate-arbitral-da-fpf-e-inicia-planejamento-do-bec-para-temporada-2024\\\/#primaryimage\"},\"thumbnailUrl\":\"https:\\\/\\\/regiaonews.net.br\\\/2022\\\/wp-content\\\/uploads\\\/2023\\\/09\\\/WhatsApp-Image-2023-09-20-at-22.29.48.jpeg\",\"articleSection\":[\"Barretos\",\"Esporte\"],\"inLanguage\":\"pt-BR\",\"potentialAction\":[{\"@type\":\"CommentAction\",\"name\":\"Comment\",\"target\":[\"https:\\\/\\\/regiaonews.net.br\\\/2022\\\/2023\\\/09\\\/20\\\/conselho-adia-eleicao-ate-arbitral-da-fpf-e-inicia-planejamento-do-bec-para-temporada-2024\\\/#respond\"]}]},{\"@type\":\"WebPage\",\"@id\":\"https:\\\/\\\/regiaonews.net.br\\\/2022\\\/2023\\\/09\\\/20\\\/conselho-adia-eleicao-ate-arbitral-da-fpf-e-inicia-planejamento-do-bec-para-temporada-2024\\\/\",\"url\":\"https:\\\/\\\/regiaonews.net.br\\\/2022\\\/2023\\\/09\\\/20\\\/conselho-adia-eleicao-ate-arbitral-da-fpf-e-inicia-planejamento-do-bec-para-temporada-2024\\\/\",\"name\":\"Conselho adia elei\u00e7\u00e3o at\u00e9 Arbitral da FPF e inicia\",\"isPartOf\":{\"@id\":\"https:\\\/\\\/regiaonews.net.br\\\/2022\\\/#website\"},\"primaryImageOfPage\":{\"@id\":\"https:\\\/\\\/regiaonews.net.br\\\/2022\\\/2023\\\/09\\\/20\\\/conselho-adia-eleicao-ate-arbitral-da-fpf-e-inicia-planejamento-do-bec-para-temporada-2024\\\/#primaryimage\"},\"image\":{\"@id\":\"https:\\\/\\\/regiaonews.net.br\\\/2022\\\/2023\\\/09\\\/20\\\/conselho-adia-eleicao-ate-arbitral-da-fpf-e-inicia-planejamento-do-bec-para-temporada-2024\\\/#primaryimage\"},\"thumbnailUrl\":\"https:\\\/\\\/regiaonews.net.br\\\/2022\\\/wp-content\\\/uploads\\\/2023\\\/09\\\/WhatsApp-Image-2023-09-20-at-22.29.48.jpeg\",\"datePublished\":\"2023-09-21T01:36:24+00:00\",\"dateModified\":\"2023-09-21T09:44:53+00:00\",\"description\":\"Em reuni\u00e3o realizada na noite desta quarta-feira (20), os conselheiros do Barretos Esporte Clube estiveram reunidos na secretaria do\",\"breadcrumb\":{\"@id\":\"https:\\\/\\\/regiaonews.net.br\\\/2022\\\/2023\\\/09\\\/20\\\/conselho-adia-eleicao-ate-arbitral-da-fpf-e-inicia-planejamento-do-bec-para-temporada-2024\\\/#breadcrumb\"},\"inLanguage\":\"pt-BR\",\"potentialAction\":[{\"@type\":\"ReadAction\",\"target\":[\"https:\\\/\\\/regiaonews.net.br\\\/2022\\\/2023\\\/09\\\/20\\\/conselho-adia-eleicao-ate-arbitral-da-fpf-e-inicia-planejamento-do-bec-para-temporada-2024\\\/\"]}]},{\"@type\":\"ImageObject\",\"inLanguage\":\"pt-BR\",\"@id\":\"https:\\\/\\\/regiaonews.net.br\\\/2022\\\/2023\\\/09\\\/20\\\/conselho-adia-eleicao-ate-arbitral-da-fpf-e-inicia-planejamento-do-bec-para-temporada-2024\\\/#primaryimage\",\"url\":\"https:\\\/\\\/regiaonews.net.br\\\/2022\\\/wp-content\\\/uploads\\\/2023\\\/09\\\/WhatsApp-Image-2023-09-20-at-22.29.48.jpeg\",\"contentUrl\":\"https:\\\/\\\/regiaonews.net.br\\\/2022\\\/wp-content\\\/uploads\\\/2023\\\/09\\\/WhatsApp-Image-2023-09-20-at-22.29.48.jpeg\",\"width\":1600,\"height\":1200},{\"@type\":\"BreadcrumbList\",\"@id\":\"https:\\\/\\\/regiaonews.net.br\\\/2022\\\/2023\\\/09\\\/20\\\/conselho-adia-eleicao-ate-arbitral-da-fpf-e-inicia-planejamento-do-bec-para-temporada-2024\\\/#breadcrumb\",\"itemListElement\":[{\"@type\":\"ListItem\",\"position\":1,\"name\":\"In\u00edcio\",\"item\":\"https:\\\/\\\/regiaonews.net.br\\\/2022\\\/\"},{\"@type\":\"ListItem\",\"position\":2,\"name\":\"Conselho adia elei\u00e7\u00e3o at\u00e9 arbitral da FPF e inicia planejamento do BEC para temporada 2024\"}]},{\"@type\":\"WebSite\",\"@id\":\"https:\\\/\\\/regiaonews.net.br\\\/2022\\\/#website\",\"url\":\"https:\\\/\\\/regiaonews.net.br\\\/2022\\\/\",\"name\":\"Regi\u00e3o News\",\"description\":\"Site de Not\u00edcias de Barretos e regi\u00e3o\",\"publisher\":{\"@id\":\"https:\\\/\\\/regiaonews.net.br\\\/2022\\\/#organization\"},\"potentialAction\":[{\"@type\":\"SearchAction\",\"target\":{\"@type\":\"EntryPoint\",\"urlTemplate\":\"https:\\\/\\\/regiaonews.net.br\\\/2022\\\/?s={search_term_string}\"},\"query-input\":{\"@type\":\"PropertyValueSpecification\",\"valueRequired\":true,\"valueName\":\"search_term_string\"}}],\"inLanguage\":\"pt-BR\"},{\"@type\":\"Organization\",\"@id\":\"https:\\\/\\\/regiaonews.net.br\\\/2022\\\/#organization\",\"name\":\"Regi\u00e3o News\",\"url\":\"https:\\\/\\\/regiaonews.net.br\\\/2022\\\/\",\"logo\":{\"@type\":\"ImageObject\",\"inLanguage\":\"pt-BR\",\"@id\":\"https:\\\/\\\/regiaonews.net.br\\\/2022\\\/#\\\/schema\\\/logo\\\/image\\\/\",\"url\":\"https:\\\/\\\/regiaonews.net.br\\\/2022\\\/wp-content\\\/uploads\\\/2026\\\/03\\\/regiao-13-anos-scaled.jpg\",\"contentUrl\":\"https:\\\/\\\/regiaonews.net.br\\\/2022\\\/wp-content\\\/uploads\\\/2026\\\/03\\\/regiao-13-anos-scaled.jpg\",\"width\":2560,\"height\":635,\"caption\":\"Regi\u00e3o News\"},\"image\":{\"@id\":\"https:\\\/\\\/regiaonews.net.br\\\/2022\\\/#\\\/schema\\\/logo\\\/image\\\/\"}},{\"@type\":\"Person\",\"@id\":\"https:\\\/\\\/regiaonews.net.br\\\/2022\\\/#\\\/schema\\\/person\\\/2d205a608a5aa97ac279d7a5e6d89ad8\",\"name\":\"Roberto\",\"image\":{\"@type\":\"ImageObject\",\"inLanguage\":\"pt-BR\",\"@id\":\"https:\\\/\\\/secure.gravatar.com\\\/avatar\\\/42749d8b712ff9d59ca93dc150494e5b55a44134482993f5baeb97e61b7ecc89?s=96&d=mm&r=g\",\"url\":\"https:\\\/\\\/secure.gravatar.com\\\/avatar\\\/42749d8b712ff9d59ca93dc150494e5b55a44134482993f5baeb97e61b7ecc89?s=96&d=mm&r=g\",\"contentUrl\":\"https:\\\/\\\/secure.gravatar.com\\\/avatar\\\/42749d8b712ff9d59ca93dc150494e5b55a44134482993f5baeb97e61b7ecc89?s=96&d=mm&r=g\",\"caption\":\"Roberto\"},\"url\":\"https:\\\/\\\/regiaonews.net.br\\\/2022\\\/author\\\/roberto\\\/\"}]}<\/script>\n<!-- \/ Yoast SEO plugin. -->","yoast_head_json":{"title":"Conselho adia elei\u00e7\u00e3o at\u00e9 Arbitral da FPF e inicia","description":"Em reuni\u00e3o realizada na noite desta quarta-feira (20), os conselheiros do Barretos Esporte Clube estiveram reunidos na secretaria do","robots":{"index":"index","follow":"follow","max-snippet":"max-snippet:-1","max-image-preview":"max-image-preview:large","max-video-preview":"max-video-preview:-1"},"canonical":"https:\/\/regiaonews.net.br\/2022\/2023\/09\/20\/conselho-adia-eleicao-ate-arbitral-da-fpf-e-inicia-planejamento-do-bec-para-temporada-2024\/","og_locale":"pt_BR","og_type":"article","og_title":"Conselho adia elei\u00e7\u00e3o at\u00e9 Arbitral da FPF e inicia","og_description":"Em reuni\u00e3o realizada na noite desta quarta-feira (20), os conselheiros do Barretos Esporte Clube estiveram reunidos na secretaria do","og_url":"https:\/\/regiaonews.net.br\/2022\/2023\/09\/20\/conselho-adia-eleicao-ate-arbitral-da-fpf-e-inicia-planejamento-do-bec-para-temporada-2024\/","og_site_name":"Regi\u00e3o News","article_published_time":"2023-09-21T01:36:24+00:00","article_modified_time":"2023-09-21T09:44:53+00:00","og_image":[{"width":1600,"height":1200,"url":"https:\/\/regiaonews.net.br\/2022\/wp-content\/uploads\/2023\/09\/WhatsApp-Image-2023-09-20-at-22.29.48.jpeg","type":"image\/jpeg"}],"author":"Roberto","twitter_card":"summary_large_image","twitter_misc":{"Escrito por":"Roberto","Est. tempo de leitura":"2 minutos"},"schema":{"@context":"https:\/\/schema.org","@graph":[{"@type":"Article","@id":"https:\/\/regiaonews.net.br\/2022\/2023\/09\/20\/conselho-adia-eleicao-ate-arbitral-da-fpf-e-inicia-planejamento-do-bec-para-temporada-2024\/#article","isPartOf":{"@id":"https:\/\/regiaonews.net.br\/2022\/2023\/09\/20\/conselho-adia-eleicao-ate-arbitral-da-fpf-e-inicia-planejamento-do-bec-para-temporada-2024\/"},"author":{"name":"Roberto","@id":"https:\/\/regiaonews.net.br\/2022\/#\/schema\/person\/2d205a608a5aa97ac279d7a5e6d89ad8"},"headline":"Conselho adia elei\u00e7\u00e3o at\u00e9 arbitral da FPF e inicia planejamento do BEC para temporada 2024","datePublished":"2023-09-21T01:36:24+00:00","dateModified":"2023-09-21T09:44:53+00:00","mainEntityOfPage":{"@id":"https:\/\/regiaonews.net.br\/2022\/2023\/09\/20\/conselho-adia-eleicao-ate-arbitral-da-fpf-e-inicia-planejamento-do-bec-para-temporada-2024\/"},"wordCount":269,"commentCount":0,"publisher":{"@id":"https:\/\/regiaonews.net.br\/2022\/#organization"},"image":{"@id":"https:\/\/regiaonews.net.br\/2022\/2023\/09\/20\/conselho-adia-eleicao-ate-arbitral-da-fpf-e-inicia-planejamento-do-bec-para-temporada-2024\/#primaryimage"},"thumbnailUrl":"https:\/\/regiaonews.net.br\/2022\/wp-content\/uploads\/2023\/09\/WhatsApp-Image-2023-09-20-at-22.29.48.jpeg","articleSection":["Barretos","Esporte"],"inLanguage":"pt-BR","potentialAction":[{"@type":"CommentAction","name":"Comment","target":["https:\/\/regiaonews.net.br\/2022\/2023\/09\/20\/conselho-adia-eleicao-ate-arbitral-da-fpf-e-inicia-planejamento-do-bec-para-temporada-2024\/#respond"]}]},{"@type":"WebPage","@id":"https:\/\/regiaonews.net.br\/2022\/2023\/09\/20\/conselho-adia-eleicao-ate-arbitral-da-fpf-e-inicia-planejamento-do-bec-para-temporada-2024\/","url":"https:\/\/regiaonews.net.br\/2022\/2023\/09\/20\/conselho-adia-eleicao-ate-arbitral-da-fpf-e-inicia-planejamento-do-bec-para-temporada-2024\/","name":"Conselho adia elei\u00e7\u00e3o at\u00e9 Arbitral da FPF e inicia","isPartOf":{"@id":"https:\/\/regiaonews.net.br\/2022\/#website"},"primaryImageOfPage":{"@id":"https:\/\/regiaonews.net.br\/2022\/2023\/09\/20\/conselho-adia-eleicao-ate-arbitral-da-fpf-e-inicia-planejamento-do-bec-para-temporada-2024\/#primaryimage"},"image":{"@id":"https:\/\/regiaonews.net.br\/2022\/2023\/09\/20\/conselho-adia-eleicao-ate-arbitral-da-fpf-e-inicia-planejamento-do-bec-para-temporada-2024\/#primaryimage"},"thumbnailUrl":"https:\/\/regiaonews.net.br\/2022\/wp-content\/uploads\/2023\/09\/WhatsApp-Image-2023-09-20-at-22.29.48.jpeg","datePublished":"2023-09-21T01:36:24+00:00","dateModified":"2023-09-21T09:44:53+00:00","description":"Em reuni\u00e3o realizada na noite desta quarta-feira (20), os conselheiros do Barretos Esporte Clube estiveram reunidos na secretaria do","breadcrumb":{"@id":"https:\/\/regiaonews.net.br\/2022\/2023\/09\/20\/conselho-adia-eleicao-ate-arbitral-da-fpf-e-inicia-planejamento-do-bec-para-temporada-2024\/#breadcrumb"},"inLanguage":"pt-BR","potentialAction":[{"@type":"ReadAction","target":["https:\/\/regiaonews.net.br\/2022\/2023\/09\/20\/conselho-adia-eleicao-ate-arbitral-da-fpf-e-inicia-planejamento-do-bec-para-temporada-2024\/"]}]},{"@type":"ImageObject","inLanguage":"pt-BR","@id":"https:\/\/regiaonews.net.br\/2022\/2023\/09\/20\/conselho-adia-eleicao-ate-arbitral-da-fpf-e-inicia-planejamento-do-bec-para-temporada-2024\/#primaryimage","url":"https:\/\/regiaonews.net.br\/2022\/wp-content\/uploads\/2023\/09\/WhatsApp-Image-2023-09-20-at-22.29.48.jpeg","contentUrl":"https:\/\/regiaonews.net.br\/2022\/wp-content\/uploads\/2023\/09\/WhatsApp-Image-2023-09-20-at-22.29.48.jpeg","width":1600,"height":1200},{"@type":"BreadcrumbList","@id":"https:\/\/regiaonews.net.br\/2022\/2023\/09\/20\/conselho-adia-eleicao-ate-arbitral-da-fpf-e-inicia-planejamento-do-bec-para-temporada-2024\/#breadcrumb","itemListElement":[{"@type":"ListItem","position":1,"name":"In\u00edcio","item":"https:\/\/regiaonews.net.br\/2022\/"},{"@type":"ListItem","position":2,"name":"Conselho adia elei\u00e7\u00e3o at\u00e9 arbitral da FPF e inicia planejamento do BEC para temporada 2024"}]},{"@type":"WebSite","@id":"https:\/\/regiaonews.net.br\/2022\/#website","url":"https:\/\/regiaonews.net.br\/2022\/","name":"Regi\u00e3o News","description":"Site de Not\u00edcias de Barretos e regi\u00e3o","publisher":{"@id":"https:\/\/regiaonews.net.br\/2022\/#organization"},"potentialAction":[{"@type":"SearchAction","target":{"@type":"EntryPoint","urlTemplate":"https:\/\/regiaonews.net.br\/2022\/?s={search_term_string}"},"query-input":{"@type":"PropertyValueSpecification","valueRequired":true,"valueName":"search_term_string"}}],"inLanguage":"pt-BR"},{"@type":"Organization","@id":"https:\/\/regiaonews.net.br\/2022\/#organization","name":"Regi\u00e3o News","url":"https:\/\/regiaonews.net.br\/2022\/","logo":{"@type":"ImageObject","inLanguage":"pt-BR","@id":"https:\/\/regiaonews.net.br\/2022\/#\/schema\/logo\/image\/","url":"https:\/\/regiaonews.net.br\/2022\/wp-content\/uploads\/2026\/03\/regiao-13-anos-scaled.jpg","contentUrl":"https:\/\/regiaonews.net.br\/2022\/wp-content\/uploads\/2026\/03\/regiao-13-anos-scaled.jpg","width":2560,"height":635,"caption":"Regi\u00e3o News"},"image":{"@id":"https:\/\/regiaonews.net.br\/2022\/#\/schema\/logo\/image\/"}},{"@type":"Person","@id":"https:\/\/regiaonews.net.br\/2022\/#\/schema\/person\/2d205a608a5aa97ac279d7a5e6d89ad8","name":"Roberto","image":{"@type":"ImageObject","inLanguage":"pt-BR","@id":"https:\/\/secure.gravatar.com\/avatar\/42749d8b712ff9d59ca93dc150494e5b55a44134482993f5baeb97e61b7ecc89?s=96&d=mm&r=g","url":"https:\/\/secure.gravatar.com\/avatar\/42749d8b712ff9d59ca93dc150494e5b55a44134482993f5baeb97e61b7ecc89?s=96&d=mm&r=g","contentUrl":"https:\/\/secure.gravatar.com\/avatar\/42749d8b712ff9d59ca93dc150494e5b55a44134482993f5baeb97e61b7ecc89?s=96&d=mm&r=g","caption":"Roberto"},"url":"https:\/\/regiaonews.net.br\/2022\/author\/roberto\/"}]}},"publishpress_future_action":{"enabled":false,"date":"2026-05-04 19:13:10","action":"change-status","newStatus":"draft","terms":[],"taxonomy":"category","extraData":[]},"publishpress_future_workflow_manual_trigger":{"enabledWorkflows":[]},"_links":{"self":[{"href":"https:\/\/regiaonews.net.br\/2022\/wp-json\/wp\/v2\/posts\/95394","targetHints":{"allow":["GET"]}}],"collection":[{"href":"https:\/\/regiaonews.net.br\/2022\/wp-json\/wp\/v2\/posts"}],"about":[{"href":"https:\/\/regiaonews.net.br\/2022\/wp-json\/wp\/v2\/types\/post"}],"author":[{"embeddable":true,"href":"https:\/\/regiaonews.net.br\/2022\/wp-json\/wp\/v2\/users\/2"}],"replies":[{"embeddable":true,"href":"https:\/\/regiaonews.net.br\/2022\/wp-json\/wp\/v2\/comments?post=95394"}],"version-history":[{"count":4,"href":"https:\/\/regiaonews.net.br\/2022\/wp-json\/wp\/v2\/posts\/95394\/revisions"}],"predecessor-version":[{"id":95407,"href":"https:\/\/regiaonews.net.br\/2022\/wp-json\/wp\/v2\/posts\/95394\/revisions\/95407"}],"wp:featuredmedia":[{"embeddable":true,"href":"https:\/\/regiaonews.net.br\/2022\/wp-json\/wp\/v2\/media\/95397"}],"wp:attachment":[{"href":"https:\/\/regiaonews.net.br\/2022\/wp-json\/wp\/v2\/media?parent=95394"}],"wp:term":[{"taxonomy":"category","embeddable":true,"href":"https:\/\/regiaonews.net.br\/2022\/wp-json\/wp\/v2\/categories?post=95394"},{"taxonomy":"post_tag","embeddable":true,"href":"https:\/\/regiaonews.net.br\/2022\/wp-json\/wp\/v2\/tags?post=95394"}],"curies":[{"name":"wp","href":"https:\/\/api.w.org\/{rel}","templated":true}]}}