{"id":95384,"date":"2023-09-20T19:11:21","date_gmt":"2023-09-20T22:11:21","guid":{"rendered":"https:\/\/regiaonews.net.br\/2022\/?p=95384"},"modified":"2023-09-20T19:12:14","modified_gmt":"2023-09-20T22:12:14","slug":"ribeirao-preto-recebe-festival-de-hip-hop-em-novembro","status":"publish","type":"post","link":"https:\/\/regiaonews.net.br\/2022\/2023\/09\/20\/ribeirao-preto-recebe-festival-de-hip-hop-em-novembro\/","title":{"rendered":"Ribeir\u00e3o Preto recebe festival de Hip Hop em novembro"},"content":{"rendered":"<p>O RIB HOP quer promover a cultura popular das ruas, que se manifesta atrav\u00e9s da m\u00fasica, grafite e dan\u00e7a, em um evento que reunir\u00e1 todas as vertentes desse movimento<\/p>\n<p>A express\u00e3o hip hop pode ser traduzida como balan\u00e7ar dos quadris, mas a g\u00edria hip em ingl\u00eas quer dizer &#8220;o que est\u00e1 na moda, acontecendo neste momento&#8221;, e hop, movimento de dan\u00e7a.<\/p>\n<p>A cultura urbana do Hip Hop surgiu na periferia de Nova York, entre as comunidades caribenhas, afro-americanas e latino-americanas na d\u00e9cada de 70, quando o contexto social era marcado pela viol\u00eancia e criminalidade nos bairros afastados. Os jovens encontraram na m\u00fasica, poesia, dan\u00e7a e pintura alternativas de lazer comunit\u00e1rio, mas tamb\u00e9m uma forma de expressar sua realidade, indigna\u00e7\u00e3o, contesta\u00e7\u00e3o e constru\u00e7\u00e3o de autoestima. Dos EUA a cultura se espalhou pelo mundo e no Brasil \u00e9 um dos movimentos que mais crescem na \u00faltima d\u00e9cada, ganhando espa\u00e7o n\u00e3o s\u00f3 nas r\u00e1dios e streamings, mas tamb\u00e9m nos festivais de m\u00fasica, casas noturnas e eventos.<\/p>\n<p>Desta forma, a Usina Universit\u00e1ria, organizadora do Bloco Calif\u00f3rnia e do Forr\u00f3 da Lua Cheia, decidiu promover um festival em Ribeir\u00e3o Preto que apresente toda esta pluralidade para o p\u00fablico. O RIB HOP acontecer\u00e1 no dia 18 de novembro, no Espa\u00e7o Santa Uzina, \u00e0s 20h.<\/p>\n<p><a href=\"https:\/\/regiaonews.net.br\/2022\/wp-content\/uploads\/2023\/09\/WhatsApp-Image-2023-09-20-at-16.41.50.jpeg\"><img loading=\"lazy\" decoding=\"async\" class=\"alignnone size-medium wp-image-95385\" src=\"https:\/\/regiaonews.net.br\/2022\/wp-content\/uploads\/2023\/09\/WhatsApp-Image-2023-09-20-at-16.41.50-300x200.jpeg\" alt=\"\" width=\"300\" height=\"200\" srcset=\"https:\/\/regiaonews.net.br\/2022\/wp-content\/uploads\/2023\/09\/WhatsApp-Image-2023-09-20-at-16.41.50-300x200.jpeg 300w, https:\/\/regiaonews.net.br\/2022\/wp-content\/uploads\/2023\/09\/WhatsApp-Image-2023-09-20-at-16.41.50-1024x683.jpeg 1024w, https:\/\/regiaonews.net.br\/2022\/wp-content\/uploads\/2023\/09\/WhatsApp-Image-2023-09-20-at-16.41.50-768x512.jpeg 768w, https:\/\/regiaonews.net.br\/2022\/wp-content\/uploads\/2023\/09\/WhatsApp-Image-2023-09-20-at-16.41.50-250x167.jpeg 250w, https:\/\/regiaonews.net.br\/2022\/wp-content\/uploads\/2023\/09\/WhatsApp-Image-2023-09-20-at-16.41.50-900x600.jpeg 900w, https:\/\/regiaonews.net.br\/2022\/wp-content\/uploads\/2023\/09\/WhatsApp-Image-2023-09-20-at-16.41.50.jpeg 1404w\" sizes=\"auto, (max-width: 300px) 100vw, 300px\" \/><\/a><\/p>\n<p>O evento j\u00e1 nasce grande diante da for\u00e7a que o Hip Hop tem em Ribeir\u00e3o Preto e regi\u00e3o. Um dos momentos mais aguardados ser\u00e1 o encontro entre os MCs de Ribeir\u00e3o Preto X Batalha da Norte, um dos movimentos mais respeitados da cena nacional com 283 mil seguidores nas redes e mais de 40 milh\u00f5es de visualiza\u00e7\u00f5es no YouTube. Os selecionados para esta grande final passar\u00e3o por seletivas com batalhas j\u00e1 existentes na cidade, sendo elas: Batalha da ART, Batalha da UBS, Batalha da Central, Batalha da Banks, Sangue na 7, Batalha Elite, Batalha Nova Era e Batalha da Lua.<\/p>\n<p>Quem vencer a grande batalha final no Rib Hop receber\u00e1 uma premia\u00e7\u00e3o em dinheiro.<\/p>\n<p>A entrada para as seletivas \u00e9 gratuita. Para o festival, os ingressos est\u00e3o \u00e0 venda por R\uff0480 inteira, R\uff0440 meia estudante e R\uff0450 meia social da pista. J\u00e1 para o camarote, R\uff04200 meia estudante, R\uff04210 meia solid\u00e1ria e R\uff04400 inteira. A venda ocorre exclusivamente pelo site https:\/\/blacktag.com.br\/<\/p>\n<p>Seletivas j\u00e1 t\u00eam data<br \/>\nAinda em setembro tem in\u00edcio as seletivas nas tradicionais batalhas da cidade. S\u00e3o elas: Batalha da ART &#8211; 27\/09 \u00e0s 19h na Pra\u00e7a dos Trabalhadores; Batalha da UBS &#8211; 10\/10 \u00e0s 19h na Pra\u00e7a do Jap\u00e3o; Batalha da Central &#8211; 17\/10 \u00e0s 19h na pra\u00e7a da Catedral Metropolitana; Batalha da Banks &#8211; 18\/10 \u00e0s 19h na Rua Jo\u00e3o Mobiglia, 325; Batalha Sangue na 7 &#8211; 19\/10 \u00e0s 19h30 na Pra\u00e7a 7 de Setembro; Batalha Elite &#8211; 22\/10 \u00e0s 15h na Pra\u00e7a Dr. Camilo M\u00e9rcio Xavier (Pra\u00e7a do Geraldo); Batalha Nova Era &#8211; 26\/10 \u00e0s 19h30 na Pra\u00e7a XV de Novembro e Batalha da Lua &#8211; 27\/10 \u00e0s 19h30 na Pra\u00e7a Lu\u00eds de Cam\u00f5es.<\/p>\n<p>O que s\u00e3o as batalhas?<br \/>\nS\u00e3o encontros entre MCs que improvisam rimas em uma esp\u00e9cie de &#8216;duelo&#8217;, \u00e0 capela, atrav\u00e9s do beatbox ou com o aux\u00edlio de um DJ soltando o beat (a batida que ser\u00e1 usada para os MCs criarem as rimas). Em Ribeir\u00e3o Preto existem mais de 10 grupos que se manifestam atrav\u00e9s das batalhas de rimas pelas pra\u00e7as e espa\u00e7os culturais da cidade.<\/p>\n<p>SERVI\u00c7O:<br \/>\nRIB HOP: 18 de novembro<br \/>\nLocal: Espa\u00e7o Santa Uzina &#8211; Rod. M\u00e1rio Doneg\u00e1, Km 2 &#8211; Ribeir\u00e3o Preto<br \/>\nHor\u00e1rio: \u00e0s 20h<br \/>\nINGRESSOS: est\u00e3o \u00e0 venda atrav\u00e9s do site https:\/\/blacktag.com.br\/eventos\/15944\/rib-hop-geral<\/p>\n<p>PISTA<br \/>\nMeia Estudante &#8211; R\uff0440<br \/>\nMeia Solid\u00e1ria &#8211; R\uff0450<br \/>\nInteira &#8211; R\uff0480<\/p>\n<p>CAMAROTE OPEN BAR<br \/>\nMeia Estudante &#8211; R\uff04200<br \/>\nMeia Solid\u00e1ria &#8211; R\uff04210<br \/>\nInteira &#8211; R\uff04400<\/p>\n","protected":false},"excerpt":{"rendered":"<p>O RIB HOP quer promover a cultura popular das ruas,<\/p>\n","protected":false},"author":2,"featured_media":95385,"comment_status":"open","ping_status":"open","sticky":false,"template":"","format":"standard","meta":{"footnotes":""},"categories":[25,32],"tags":[],"class_list":["post-95384","post","type-post","status-publish","format-standard","has-post-thumbnail","hentry","category-cidades","category-ribeirao-preto"],"yoast_head":"<!-- This site is optimized with the Yoast SEO plugin v27.4 - https:\/\/yoast.com\/product\/yoast-seo-wordpress\/ -->\n<title>Ribeir\u00e3o Preto recebe festival de Hip Hop em novembro - Regi\u00e3o News<\/title>\n<meta name=\"robots\" content=\"index, follow, max-snippet:-1, max-image-preview:large, max-video-preview:-1\" \/>\n<link rel=\"canonical\" href=\"https:\/\/regiaonews.net.br\/2022\/2023\/09\/20\/ribeirao-preto-recebe-festival-de-hip-hop-em-novembro\/\" \/>\n<meta property=\"og:locale\" content=\"pt_BR\" \/>\n<meta property=\"og:type\" content=\"article\" \/>\n<meta property=\"og:title\" content=\"Ribeir\u00e3o Preto recebe festival de Hip Hop em novembro - Regi\u00e3o News\" \/>\n<meta property=\"og:description\" content=\"O RIB HOP quer promover a cultura popular das ruas,\" \/>\n<meta property=\"og:url\" content=\"https:\/\/regiaonews.net.br\/2022\/2023\/09\/20\/ribeirao-preto-recebe-festival-de-hip-hop-em-novembro\/\" \/>\n<meta property=\"og:site_name\" content=\"Regi\u00e3o News\" \/>\n<meta property=\"article:published_time\" content=\"2023-09-20T22:11:21+00:00\" \/>\n<meta property=\"article:modified_time\" content=\"2023-09-20T22:12:14+00:00\" \/>\n<meta property=\"og:image\" content=\"https:\/\/regiaonews.net.br\/2022\/wp-content\/uploads\/2023\/09\/WhatsApp-Image-2023-09-20-at-16.41.50.jpeg\" \/>\n\t<meta property=\"og:image:width\" content=\"1404\" \/>\n\t<meta property=\"og:image:height\" content=\"936\" \/>\n\t<meta property=\"og:image:type\" content=\"image\/jpeg\" \/>\n<meta name=\"author\" content=\"Roberto\" \/>\n<meta name=\"twitter:card\" content=\"summary_large_image\" \/>\n<meta name=\"twitter:label1\" content=\"Escrito por\" \/>\n\t<meta name=\"twitter:data1\" content=\"Roberto\" \/>\n\t<meta name=\"twitter:label2\" content=\"Est. tempo de leitura\" \/>\n\t<meta name=\"twitter:data2\" content=\"4 minutos\" \/>\n<script type=\"application\/ld+json\" class=\"yoast-schema-graph\">{\"@context\":\"https:\\\/\\\/schema.org\",\"@graph\":[{\"@type\":\"Article\",\"@id\":\"https:\\\/\\\/regiaonews.net.br\\\/2022\\\/2023\\\/09\\\/20\\\/ribeirao-preto-recebe-festival-de-hip-hop-em-novembro\\\/#article\",\"isPartOf\":{\"@id\":\"https:\\\/\\\/regiaonews.net.br\\\/2022\\\/2023\\\/09\\\/20\\\/ribeirao-preto-recebe-festival-de-hip-hop-em-novembro\\\/\"},\"author\":{\"name\":\"Roberto\",\"@id\":\"https:\\\/\\\/regiaonews.net.br\\\/2022\\\/#\\\/schema\\\/person\\\/2d205a608a5aa97ac279d7a5e6d89ad8\"},\"headline\":\"Ribeir\u00e3o Preto recebe festival de Hip Hop em novembro\",\"datePublished\":\"2023-09-20T22:11:21+00:00\",\"dateModified\":\"2023-09-20T22:12:14+00:00\",\"mainEntityOfPage\":{\"@id\":\"https:\\\/\\\/regiaonews.net.br\\\/2022\\\/2023\\\/09\\\/20\\\/ribeirao-preto-recebe-festival-de-hip-hop-em-novembro\\\/\"},\"wordCount\":674,\"commentCount\":0,\"publisher\":{\"@id\":\"https:\\\/\\\/regiaonews.net.br\\\/2022\\\/#organization\"},\"image\":{\"@id\":\"https:\\\/\\\/regiaonews.net.br\\\/2022\\\/2023\\\/09\\\/20\\\/ribeirao-preto-recebe-festival-de-hip-hop-em-novembro\\\/#primaryimage\"},\"thumbnailUrl\":\"https:\\\/\\\/regiaonews.net.br\\\/2022\\\/wp-content\\\/uploads\\\/2023\\\/09\\\/WhatsApp-Image-2023-09-20-at-16.41.50.jpeg\",\"articleSection\":[\"Cidades\",\"Ribeir\u00e3o Preto\"],\"inLanguage\":\"pt-BR\",\"potentialAction\":[{\"@type\":\"CommentAction\",\"name\":\"Comment\",\"target\":[\"https:\\\/\\\/regiaonews.net.br\\\/2022\\\/2023\\\/09\\\/20\\\/ribeirao-preto-recebe-festival-de-hip-hop-em-novembro\\\/#respond\"]}]},{\"@type\":\"WebPage\",\"@id\":\"https:\\\/\\\/regiaonews.net.br\\\/2022\\\/2023\\\/09\\\/20\\\/ribeirao-preto-recebe-festival-de-hip-hop-em-novembro\\\/\",\"url\":\"https:\\\/\\\/regiaonews.net.br\\\/2022\\\/2023\\\/09\\\/20\\\/ribeirao-preto-recebe-festival-de-hip-hop-em-novembro\\\/\",\"name\":\"Ribeir\u00e3o Preto recebe festival de Hip Hop em novembro - Regi\u00e3o News\",\"isPartOf\":{\"@id\":\"https:\\\/\\\/regiaonews.net.br\\\/2022\\\/#website\"},\"primaryImageOfPage\":{\"@id\":\"https:\\\/\\\/regiaonews.net.br\\\/2022\\\/2023\\\/09\\\/20\\\/ribeirao-preto-recebe-festival-de-hip-hop-em-novembro\\\/#primaryimage\"},\"image\":{\"@id\":\"https:\\\/\\\/regiaonews.net.br\\\/2022\\\/2023\\\/09\\\/20\\\/ribeirao-preto-recebe-festival-de-hip-hop-em-novembro\\\/#primaryimage\"},\"thumbnailUrl\":\"https:\\\/\\\/regiaonews.net.br\\\/2022\\\/wp-content\\\/uploads\\\/2023\\\/09\\\/WhatsApp-Image-2023-09-20-at-16.41.50.jpeg\",\"datePublished\":\"2023-09-20T22:11:21+00:00\",\"dateModified\":\"2023-09-20T22:12:14+00:00\",\"breadcrumb\":{\"@id\":\"https:\\\/\\\/regiaonews.net.br\\\/2022\\\/2023\\\/09\\\/20\\\/ribeirao-preto-recebe-festival-de-hip-hop-em-novembro\\\/#breadcrumb\"},\"inLanguage\":\"pt-BR\",\"potentialAction\":[{\"@type\":\"ReadAction\",\"target\":[\"https:\\\/\\\/regiaonews.net.br\\\/2022\\\/2023\\\/09\\\/20\\\/ribeirao-preto-recebe-festival-de-hip-hop-em-novembro\\\/\"]}]},{\"@type\":\"ImageObject\",\"inLanguage\":\"pt-BR\",\"@id\":\"https:\\\/\\\/regiaonews.net.br\\\/2022\\\/2023\\\/09\\\/20\\\/ribeirao-preto-recebe-festival-de-hip-hop-em-novembro\\\/#primaryimage\",\"url\":\"https:\\\/\\\/regiaonews.net.br\\\/2022\\\/wp-content\\\/uploads\\\/2023\\\/09\\\/WhatsApp-Image-2023-09-20-at-16.41.50.jpeg\",\"contentUrl\":\"https:\\\/\\\/regiaonews.net.br\\\/2022\\\/wp-content\\\/uploads\\\/2023\\\/09\\\/WhatsApp-Image-2023-09-20-at-16.41.50.jpeg\",\"width\":1404,\"height\":936},{\"@type\":\"BreadcrumbList\",\"@id\":\"https:\\\/\\\/regiaonews.net.br\\\/2022\\\/2023\\\/09\\\/20\\\/ribeirao-preto-recebe-festival-de-hip-hop-em-novembro\\\/#breadcrumb\",\"itemListElement\":[{\"@type\":\"ListItem\",\"position\":1,\"name\":\"In\u00edcio\",\"item\":\"https:\\\/\\\/regiaonews.net.br\\\/2022\\\/\"},{\"@type\":\"ListItem\",\"position\":2,\"name\":\"Ribeir\u00e3o Preto recebe festival de Hip Hop em novembro\"}]},{\"@type\":\"WebSite\",\"@id\":\"https:\\\/\\\/regiaonews.net.br\\\/2022\\\/#website\",\"url\":\"https:\\\/\\\/regiaonews.net.br\\\/2022\\\/\",\"name\":\"Regi\u00e3o News\",\"description\":\"Site de Not\u00edcias de Barretos e regi\u00e3o\",\"publisher\":{\"@id\":\"https:\\\/\\\/regiaonews.net.br\\\/2022\\\/#organization\"},\"potentialAction\":[{\"@type\":\"SearchAction\",\"target\":{\"@type\":\"EntryPoint\",\"urlTemplate\":\"https:\\\/\\\/regiaonews.net.br\\\/2022\\\/?s={search_term_string}\"},\"query-input\":{\"@type\":\"PropertyValueSpecification\",\"valueRequired\":true,\"valueName\":\"search_term_string\"}}],\"inLanguage\":\"pt-BR\"},{\"@type\":\"Organization\",\"@id\":\"https:\\\/\\\/regiaonews.net.br\\\/2022\\\/#organization\",\"name\":\"Regi\u00e3o News\",\"url\":\"https:\\\/\\\/regiaonews.net.br\\\/2022\\\/\",\"logo\":{\"@type\":\"ImageObject\",\"inLanguage\":\"pt-BR\",\"@id\":\"https:\\\/\\\/regiaonews.net.br\\\/2022\\\/#\\\/schema\\\/logo\\\/image\\\/\",\"url\":\"https:\\\/\\\/regiaonews.net.br\\\/2022\\\/wp-content\\\/uploads\\\/2026\\\/03\\\/regiao-13-anos-scaled.jpg\",\"contentUrl\":\"https:\\\/\\\/regiaonews.net.br\\\/2022\\\/wp-content\\\/uploads\\\/2026\\\/03\\\/regiao-13-anos-scaled.jpg\",\"width\":2560,\"height\":635,\"caption\":\"Regi\u00e3o News\"},\"image\":{\"@id\":\"https:\\\/\\\/regiaonews.net.br\\\/2022\\\/#\\\/schema\\\/logo\\\/image\\\/\"}},{\"@type\":\"Person\",\"@id\":\"https:\\\/\\\/regiaonews.net.br\\\/2022\\\/#\\\/schema\\\/person\\\/2d205a608a5aa97ac279d7a5e6d89ad8\",\"name\":\"Roberto\",\"image\":{\"@type\":\"ImageObject\",\"inLanguage\":\"pt-BR\",\"@id\":\"https:\\\/\\\/secure.gravatar.com\\\/avatar\\\/42749d8b712ff9d59ca93dc150494e5b55a44134482993f5baeb97e61b7ecc89?s=96&d=mm&r=g\",\"url\":\"https:\\\/\\\/secure.gravatar.com\\\/avatar\\\/42749d8b712ff9d59ca93dc150494e5b55a44134482993f5baeb97e61b7ecc89?s=96&d=mm&r=g\",\"contentUrl\":\"https:\\\/\\\/secure.gravatar.com\\\/avatar\\\/42749d8b712ff9d59ca93dc150494e5b55a44134482993f5baeb97e61b7ecc89?s=96&d=mm&r=g\",\"caption\":\"Roberto\"},\"url\":\"https:\\\/\\\/regiaonews.net.br\\\/2022\\\/author\\\/roberto\\\/\"}]}<\/script>\n<!-- \/ Yoast SEO plugin. -->","yoast_head_json":{"title":"Ribeir\u00e3o Preto recebe festival de Hip Hop em novembro - Regi\u00e3o News","robots":{"index":"index","follow":"follow","max-snippet":"max-snippet:-1","max-image-preview":"max-image-preview:large","max-video-preview":"max-video-preview:-1"},"canonical":"https:\/\/regiaonews.net.br\/2022\/2023\/09\/20\/ribeirao-preto-recebe-festival-de-hip-hop-em-novembro\/","og_locale":"pt_BR","og_type":"article","og_title":"Ribeir\u00e3o Preto recebe festival de Hip Hop em novembro - Regi\u00e3o News","og_description":"O RIB HOP quer promover a cultura popular das ruas,","og_url":"https:\/\/regiaonews.net.br\/2022\/2023\/09\/20\/ribeirao-preto-recebe-festival-de-hip-hop-em-novembro\/","og_site_name":"Regi\u00e3o News","article_published_time":"2023-09-20T22:11:21+00:00","article_modified_time":"2023-09-20T22:12:14+00:00","og_image":[{"width":1404,"height":936,"url":"https:\/\/regiaonews.net.br\/2022\/wp-content\/uploads\/2023\/09\/WhatsApp-Image-2023-09-20-at-16.41.50.jpeg","type":"image\/jpeg"}],"author":"Roberto","twitter_card":"summary_large_image","twitter_misc":{"Escrito por":"Roberto","Est. tempo de leitura":"4 minutos"},"schema":{"@context":"https:\/\/schema.org","@graph":[{"@type":"Article","@id":"https:\/\/regiaonews.net.br\/2022\/2023\/09\/20\/ribeirao-preto-recebe-festival-de-hip-hop-em-novembro\/#article","isPartOf":{"@id":"https:\/\/regiaonews.net.br\/2022\/2023\/09\/20\/ribeirao-preto-recebe-festival-de-hip-hop-em-novembro\/"},"author":{"name":"Roberto","@id":"https:\/\/regiaonews.net.br\/2022\/#\/schema\/person\/2d205a608a5aa97ac279d7a5e6d89ad8"},"headline":"Ribeir\u00e3o Preto recebe festival de Hip Hop em novembro","datePublished":"2023-09-20T22:11:21+00:00","dateModified":"2023-09-20T22:12:14+00:00","mainEntityOfPage":{"@id":"https:\/\/regiaonews.net.br\/2022\/2023\/09\/20\/ribeirao-preto-recebe-festival-de-hip-hop-em-novembro\/"},"wordCount":674,"commentCount":0,"publisher":{"@id":"https:\/\/regiaonews.net.br\/2022\/#organization"},"image":{"@id":"https:\/\/regiaonews.net.br\/2022\/2023\/09\/20\/ribeirao-preto-recebe-festival-de-hip-hop-em-novembro\/#primaryimage"},"thumbnailUrl":"https:\/\/regiaonews.net.br\/2022\/wp-content\/uploads\/2023\/09\/WhatsApp-Image-2023-09-20-at-16.41.50.jpeg","articleSection":["Cidades","Ribeir\u00e3o Preto"],"inLanguage":"pt-BR","potentialAction":[{"@type":"CommentAction","name":"Comment","target":["https:\/\/regiaonews.net.br\/2022\/2023\/09\/20\/ribeirao-preto-recebe-festival-de-hip-hop-em-novembro\/#respond"]}]},{"@type":"WebPage","@id":"https:\/\/regiaonews.net.br\/2022\/2023\/09\/20\/ribeirao-preto-recebe-festival-de-hip-hop-em-novembro\/","url":"https:\/\/regiaonews.net.br\/2022\/2023\/09\/20\/ribeirao-preto-recebe-festival-de-hip-hop-em-novembro\/","name":"Ribeir\u00e3o Preto recebe festival de Hip Hop em novembro - Regi\u00e3o News","isPartOf":{"@id":"https:\/\/regiaonews.net.br\/2022\/#website"},"primaryImageOfPage":{"@id":"https:\/\/regiaonews.net.br\/2022\/2023\/09\/20\/ribeirao-preto-recebe-festival-de-hip-hop-em-novembro\/#primaryimage"},"image":{"@id":"https:\/\/regiaonews.net.br\/2022\/2023\/09\/20\/ribeirao-preto-recebe-festival-de-hip-hop-em-novembro\/#primaryimage"},"thumbnailUrl":"https:\/\/regiaonews.net.br\/2022\/wp-content\/uploads\/2023\/09\/WhatsApp-Image-2023-09-20-at-16.41.50.jpeg","datePublished":"2023-09-20T22:11:21+00:00","dateModified":"2023-09-20T22:12:14+00:00","breadcrumb":{"@id":"https:\/\/regiaonews.net.br\/2022\/2023\/09\/20\/ribeirao-preto-recebe-festival-de-hip-hop-em-novembro\/#breadcrumb"},"inLanguage":"pt-BR","potentialAction":[{"@type":"ReadAction","target":["https:\/\/regiaonews.net.br\/2022\/2023\/09\/20\/ribeirao-preto-recebe-festival-de-hip-hop-em-novembro\/"]}]},{"@type":"ImageObject","inLanguage":"pt-BR","@id":"https:\/\/regiaonews.net.br\/2022\/2023\/09\/20\/ribeirao-preto-recebe-festival-de-hip-hop-em-novembro\/#primaryimage","url":"https:\/\/regiaonews.net.br\/2022\/wp-content\/uploads\/2023\/09\/WhatsApp-Image-2023-09-20-at-16.41.50.jpeg","contentUrl":"https:\/\/regiaonews.net.br\/2022\/wp-content\/uploads\/2023\/09\/WhatsApp-Image-2023-09-20-at-16.41.50.jpeg","width":1404,"height":936},{"@type":"BreadcrumbList","@id":"https:\/\/regiaonews.net.br\/2022\/2023\/09\/20\/ribeirao-preto-recebe-festival-de-hip-hop-em-novembro\/#breadcrumb","itemListElement":[{"@type":"ListItem","position":1,"name":"In\u00edcio","item":"https:\/\/regiaonews.net.br\/2022\/"},{"@type":"ListItem","position":2,"name":"Ribeir\u00e3o Preto recebe festival de Hip Hop em novembro"}]},{"@type":"WebSite","@id":"https:\/\/regiaonews.net.br\/2022\/#website","url":"https:\/\/regiaonews.net.br\/2022\/","name":"Regi\u00e3o News","description":"Site de Not\u00edcias de Barretos e regi\u00e3o","publisher":{"@id":"https:\/\/regiaonews.net.br\/2022\/#organization"},"potentialAction":[{"@type":"SearchAction","target":{"@type":"EntryPoint","urlTemplate":"https:\/\/regiaonews.net.br\/2022\/?s={search_term_string}"},"query-input":{"@type":"PropertyValueSpecification","valueRequired":true,"valueName":"search_term_string"}}],"inLanguage":"pt-BR"},{"@type":"Organization","@id":"https:\/\/regiaonews.net.br\/2022\/#organization","name":"Regi\u00e3o News","url":"https:\/\/regiaonews.net.br\/2022\/","logo":{"@type":"ImageObject","inLanguage":"pt-BR","@id":"https:\/\/regiaonews.net.br\/2022\/#\/schema\/logo\/image\/","url":"https:\/\/regiaonews.net.br\/2022\/wp-content\/uploads\/2026\/03\/regiao-13-anos-scaled.jpg","contentUrl":"https:\/\/regiaonews.net.br\/2022\/wp-content\/uploads\/2026\/03\/regiao-13-anos-scaled.jpg","width":2560,"height":635,"caption":"Regi\u00e3o News"},"image":{"@id":"https:\/\/regiaonews.net.br\/2022\/#\/schema\/logo\/image\/"}},{"@type":"Person","@id":"https:\/\/regiaonews.net.br\/2022\/#\/schema\/person\/2d205a608a5aa97ac279d7a5e6d89ad8","name":"Roberto","image":{"@type":"ImageObject","inLanguage":"pt-BR","@id":"https:\/\/secure.gravatar.com\/avatar\/42749d8b712ff9d59ca93dc150494e5b55a44134482993f5baeb97e61b7ecc89?s=96&d=mm&r=g","url":"https:\/\/secure.gravatar.com\/avatar\/42749d8b712ff9d59ca93dc150494e5b55a44134482993f5baeb97e61b7ecc89?s=96&d=mm&r=g","contentUrl":"https:\/\/secure.gravatar.com\/avatar\/42749d8b712ff9d59ca93dc150494e5b55a44134482993f5baeb97e61b7ecc89?s=96&d=mm&r=g","caption":"Roberto"},"url":"https:\/\/regiaonews.net.br\/2022\/author\/roberto\/"}]}},"publishpress_future_action":{"enabled":false,"date":"2026-05-04 22:26:22","action":"change-status","newStatus":"draft","terms":[],"taxonomy":"category","extraData":[]},"publishpress_future_workflow_manual_trigger":{"enabledWorkflows":[]},"_links":{"self":[{"href":"https:\/\/regiaonews.net.br\/2022\/wp-json\/wp\/v2\/posts\/95384","targetHints":{"allow":["GET"]}}],"collection":[{"href":"https:\/\/regiaonews.net.br\/2022\/wp-json\/wp\/v2\/posts"}],"about":[{"href":"https:\/\/regiaonews.net.br\/2022\/wp-json\/wp\/v2\/types\/post"}],"author":[{"embeddable":true,"href":"https:\/\/regiaonews.net.br\/2022\/wp-json\/wp\/v2\/users\/2"}],"replies":[{"embeddable":true,"href":"https:\/\/regiaonews.net.br\/2022\/wp-json\/wp\/v2\/comments?post=95384"}],"version-history":[{"count":2,"href":"https:\/\/regiaonews.net.br\/2022\/wp-json\/wp\/v2\/posts\/95384\/revisions"}],"predecessor-version":[{"id":95387,"href":"https:\/\/regiaonews.net.br\/2022\/wp-json\/wp\/v2\/posts\/95384\/revisions\/95387"}],"wp:featuredmedia":[{"embeddable":true,"href":"https:\/\/regiaonews.net.br\/2022\/wp-json\/wp\/v2\/media\/95385"}],"wp:attachment":[{"href":"https:\/\/regiaonews.net.br\/2022\/wp-json\/wp\/v2\/media?parent=95384"}],"wp:term":[{"taxonomy":"category","embeddable":true,"href":"https:\/\/regiaonews.net.br\/2022\/wp-json\/wp\/v2\/categories?post=95384"},{"taxonomy":"post_tag","embeddable":true,"href":"https:\/\/regiaonews.net.br\/2022\/wp-json\/wp\/v2\/tags?post=95384"}],"curies":[{"name":"wp","href":"https:\/\/api.w.org\/{rel}","templated":true}]}}