{"id":95330,"date":"2023-09-19T20:23:00","date_gmt":"2023-09-19T23:23:00","guid":{"rendered":"https:\/\/regiaonews.net.br\/2022\/?p=95330"},"modified":"2023-09-19T20:23:00","modified_gmt":"2023-09-19T23:23:00","slug":"ddms-vao-ter-acesso-a-monitoramento-de-agressores","status":"publish","type":"post","link":"https:\/\/regiaonews.net.br\/2022\/2023\/09\/19\/ddms-vao-ter-acesso-a-monitoramento-de-agressores\/","title":{"rendered":"DDMs v\u00e3o ter acesso a monitoramento de agressores"},"content":{"rendered":"<div>\n<h1 class=\"chapeu2 ng-binding\"><\/h1>\n<h2 class=\"titulopreto ng-binding\">Em uma semana, 11 infratores receberam tornozeleira eletr\u00f4nica em audi\u00eancia de cust\u00f3dia<\/h2>\n<p><center><\/p>\n<h2 class=\"titulopreto ng-binding\"><\/h2>\n<p><\/center><\/div>\n<div id=\"notCorpo\" class=\"ng-binding\">\n<div>O projeto pioneiro de monitoramento para casos de viol\u00eancia dom\u00e9stica tamb\u00e9m vai contar com o monitoramento das Delegacias de Defesa da Mulher (DDM). As unidades especializadas ter\u00e3o acesso integral ao sistema, coordenado pelo Centro Integrado de Comando e Controle (CICC).<\/div>\n<div><\/div>\n<div>O an\u00fancio foi feito nesta ter\u00e7a-feira (19), durante o lan\u00e7amento da Frente Parlamentar para fortalecimento, valoriza\u00e7\u00e3o e aprimoramento da legisla\u00e7\u00e3o a favor das DDMs, realizado hoje na Assembleia Legislativa de S\u00e3o Paulo (Alesp).<\/div>\n<div><\/div>\n<div>A resolu\u00e7\u00e3o regulamentando o projeto foi assinada hoje pelo secret\u00e1rio da Seguran\u00e7a P\u00fablica, Guilherme Derrite. A publica\u00e7\u00e3o ser\u00e1 feita amanh\u00e3 no Di\u00e1rio Oficial do Estado (DOE). A medida institui o projeto piloto, que come\u00e7ou a funcionar na capital paulista na segunda-feira (11), para monitoramento de infratores por meio de tornozeleira eletr\u00f4nica nos casos de viol\u00eancia dom\u00e9stica e familiar.<\/div>\n<div><\/div>\n<div>O monitoramento de agressores soltos em audi\u00eancias de cust\u00f3dia \u00e9 fruto de um termo de coopera\u00e7\u00e3o entre a Secretaria da Seguran\u00e7a P\u00fablica (SSP) e o Tribunal de Justi\u00e7a de S\u00e3o Paulo (TJ-SP). \u201cA prote\u00e7\u00e3o das mulheres na nossa gest\u00e3o \u00e9 prioridade\u201d, afirmou o secret\u00e1rio Derrite.<\/div>\n<div><\/div>\n<div>Com uma semana de funcionamento, 11 infratores receberam tornozeleira eletr\u00f4nica por decis\u00e3o da Justi\u00e7a, depois de serem soltos em audi\u00eancia de cust\u00f3dia. Desse total, cinco foram com base na Lei Maria da Penha. Um deles acabou preso na sexta-feira (15), pela Pol\u00edcia Militar, ap\u00f3s ter se aproximado da casa da v\u00edtima, descumprindo a decis\u00e3o judicial.<\/div>\n<div><\/div>\n<div>O CICC \u00e9 respons\u00e1vel tamb\u00e9m pela gest\u00e3o de todo o processo. O Centro de Opera\u00e7\u00f5es da Pol\u00edcia Militar (Copom) recebe os alertas do CICC e monitora em tempo real todo o agressor que possuir tornozeleira eletr\u00f4nica. Em caso de descumprimento de ordem judicial ao se aproximar da v\u00edtima, uma viatura \u00e9 direcionada ao local que o infrator est\u00e1.<\/div>\n<div><\/div>\n<div><b>Avan\u00e7os para a prote\u00e7\u00e3o da mulher<\/b><\/div>\n<div><\/div>\n<div>No evento realizado na Alesp, o secret\u00e1rio Guilherme Derrite ainda anunciou outras medidas que est\u00e3o sendo implantadas pela gest\u00e3o no \u00e2mbito da seguran\u00e7a p\u00fablica.<\/div>\n<div><\/div>\n<div>Atualmente, S\u00e3o Paulo possui 11 DDMs que funcionam 24 horas. A inten\u00e7\u00e3o da SSP \u00e9 de que todos os munic\u00edpios sede de Deinter tenham uma unidade exclusiva para atendimento aos casos de viol\u00eancia dom\u00e9stica funcionando em tempo integral. A proposta deve ser implementada at\u00e9 dezembro de 2024.<\/div>\n<div><\/div>\n<div>Outra medida que auxiliar\u00e1 nos trabalhos das DDMs ser\u00e1 a disponibiliza\u00e7\u00e3o do atendimento por videoconfer\u00eancia nas 77 unidades do Estado. Isso ser\u00e1 poss\u00edvel com a recomposi\u00e7\u00e3o do efetivo da Pol\u00edcia Civil, com previs\u00e3o para funcionamento a partir de abril do pr\u00f3ximo ano.<\/div>\n<div><\/div>\n<div>\u201cPara n\u00f3s a valoriza\u00e7\u00e3o do trabalho policial \u00e9 fundamental. Al\u00e9m disso, queremos, tamb\u00e9m, priorizar o principal: que s\u00e3o as mulheres v\u00edtimas dos agressores\u201d, afirmou Derrite.<\/div>\n<\/div>\n","protected":false},"excerpt":{"rendered":"<p>Em uma semana, 11 infratores receberam tornozeleira eletr\u00f4nica em audi\u00eancia<\/p>\n","protected":false},"author":2,"featured_media":95331,"comment_status":"open","ping_status":"open","sticky":false,"template":"","format":"standard","meta":{"footnotes":""},"categories":[7,23],"tags":[],"class_list":["post-95330","post","type-post","status-publish","format-standard","has-post-thumbnail","hentry","category-estado-de-sao-paulo","category-policia"],"yoast_head":"<!-- This site is optimized with the Yoast SEO plugin v27.4 - https:\/\/yoast.com\/product\/yoast-seo-wordpress\/ -->\n<title>DDMs v\u00e3o ter acesso a monitoramento de agressores - Regi\u00e3o News<\/title>\n<meta name=\"robots\" content=\"index, follow, max-snippet:-1, max-image-preview:large, max-video-preview:-1\" \/>\n<link rel=\"canonical\" href=\"https:\/\/regiaonews.net.br\/2022\/2023\/09\/19\/ddms-vao-ter-acesso-a-monitoramento-de-agressores\/\" \/>\n<meta property=\"og:locale\" content=\"pt_BR\" \/>\n<meta property=\"og:type\" content=\"article\" \/>\n<meta property=\"og:title\" content=\"DDMs v\u00e3o ter acesso a monitoramento de agressores - Regi\u00e3o News\" \/>\n<meta property=\"og:description\" content=\"Em uma semana, 11 infratores receberam tornozeleira eletr\u00f4nica em audi\u00eancia\" \/>\n<meta property=\"og:url\" content=\"https:\/\/regiaonews.net.br\/2022\/2023\/09\/19\/ddms-vao-ter-acesso-a-monitoramento-de-agressores\/\" \/>\n<meta property=\"og:site_name\" content=\"Regi\u00e3o News\" \/>\n<meta property=\"article:published_time\" content=\"2023-09-19T23:23:00+00:00\" \/>\n<meta property=\"og:image\" content=\"https:\/\/regiaonews.net.br\/2022\/wp-content\/uploads\/2023\/09\/00051406.jpg\" \/>\n\t<meta property=\"og:image:width\" content=\"800\" \/>\n\t<meta property=\"og:image:height\" content=\"533\" \/>\n\t<meta property=\"og:image:type\" content=\"image\/jpeg\" \/>\n<meta name=\"author\" content=\"Roberto\" \/>\n<meta name=\"twitter:card\" content=\"summary_large_image\" \/>\n<meta name=\"twitter:label1\" content=\"Escrito por\" \/>\n\t<meta name=\"twitter:data1\" content=\"Roberto\" \/>\n\t<meta name=\"twitter:label2\" content=\"Est. tempo de leitura\" \/>\n\t<meta name=\"twitter:data2\" content=\"3 minutos\" \/>\n<script type=\"application\/ld+json\" class=\"yoast-schema-graph\">{\"@context\":\"https:\\\/\\\/schema.org\",\"@graph\":[{\"@type\":\"Article\",\"@id\":\"https:\\\/\\\/regiaonews.net.br\\\/2022\\\/2023\\\/09\\\/19\\\/ddms-vao-ter-acesso-a-monitoramento-de-agressores\\\/#article\",\"isPartOf\":{\"@id\":\"https:\\\/\\\/regiaonews.net.br\\\/2022\\\/2023\\\/09\\\/19\\\/ddms-vao-ter-acesso-a-monitoramento-de-agressores\\\/\"},\"author\":{\"name\":\"Roberto\",\"@id\":\"https:\\\/\\\/regiaonews.net.br\\\/2022\\\/#\\\/schema\\\/person\\\/2d205a608a5aa97ac279d7a5e6d89ad8\"},\"headline\":\"DDMs v\u00e3o ter acesso a monitoramento de agressores\",\"datePublished\":\"2023-09-19T23:23:00+00:00\",\"mainEntityOfPage\":{\"@id\":\"https:\\\/\\\/regiaonews.net.br\\\/2022\\\/2023\\\/09\\\/19\\\/ddms-vao-ter-acesso-a-monitoramento-de-agressores\\\/\"},\"wordCount\":513,\"commentCount\":0,\"publisher\":{\"@id\":\"https:\\\/\\\/regiaonews.net.br\\\/2022\\\/#organization\"},\"image\":{\"@id\":\"https:\\\/\\\/regiaonews.net.br\\\/2022\\\/2023\\\/09\\\/19\\\/ddms-vao-ter-acesso-a-monitoramento-de-agressores\\\/#primaryimage\"},\"thumbnailUrl\":\"https:\\\/\\\/regiaonews.net.br\\\/2022\\\/wp-content\\\/uploads\\\/2023\\\/09\\\/00051406.jpg\",\"articleSection\":[\"Estado de S\u00e3o Paulo\",\"Policia\"],\"inLanguage\":\"pt-BR\",\"potentialAction\":[{\"@type\":\"CommentAction\",\"name\":\"Comment\",\"target\":[\"https:\\\/\\\/regiaonews.net.br\\\/2022\\\/2023\\\/09\\\/19\\\/ddms-vao-ter-acesso-a-monitoramento-de-agressores\\\/#respond\"]}]},{\"@type\":\"WebPage\",\"@id\":\"https:\\\/\\\/regiaonews.net.br\\\/2022\\\/2023\\\/09\\\/19\\\/ddms-vao-ter-acesso-a-monitoramento-de-agressores\\\/\",\"url\":\"https:\\\/\\\/regiaonews.net.br\\\/2022\\\/2023\\\/09\\\/19\\\/ddms-vao-ter-acesso-a-monitoramento-de-agressores\\\/\",\"name\":\"DDMs v\u00e3o ter acesso a monitoramento de agressores - Regi\u00e3o News\",\"isPartOf\":{\"@id\":\"https:\\\/\\\/regiaonews.net.br\\\/2022\\\/#website\"},\"primaryImageOfPage\":{\"@id\":\"https:\\\/\\\/regiaonews.net.br\\\/2022\\\/2023\\\/09\\\/19\\\/ddms-vao-ter-acesso-a-monitoramento-de-agressores\\\/#primaryimage\"},\"image\":{\"@id\":\"https:\\\/\\\/regiaonews.net.br\\\/2022\\\/2023\\\/09\\\/19\\\/ddms-vao-ter-acesso-a-monitoramento-de-agressores\\\/#primaryimage\"},\"thumbnailUrl\":\"https:\\\/\\\/regiaonews.net.br\\\/2022\\\/wp-content\\\/uploads\\\/2023\\\/09\\\/00051406.jpg\",\"datePublished\":\"2023-09-19T23:23:00+00:00\",\"breadcrumb\":{\"@id\":\"https:\\\/\\\/regiaonews.net.br\\\/2022\\\/2023\\\/09\\\/19\\\/ddms-vao-ter-acesso-a-monitoramento-de-agressores\\\/#breadcrumb\"},\"inLanguage\":\"pt-BR\",\"potentialAction\":[{\"@type\":\"ReadAction\",\"target\":[\"https:\\\/\\\/regiaonews.net.br\\\/2022\\\/2023\\\/09\\\/19\\\/ddms-vao-ter-acesso-a-monitoramento-de-agressores\\\/\"]}]},{\"@type\":\"ImageObject\",\"inLanguage\":\"pt-BR\",\"@id\":\"https:\\\/\\\/regiaonews.net.br\\\/2022\\\/2023\\\/09\\\/19\\\/ddms-vao-ter-acesso-a-monitoramento-de-agressores\\\/#primaryimage\",\"url\":\"https:\\\/\\\/regiaonews.net.br\\\/2022\\\/wp-content\\\/uploads\\\/2023\\\/09\\\/00051406.jpg\",\"contentUrl\":\"https:\\\/\\\/regiaonews.net.br\\\/2022\\\/wp-content\\\/uploads\\\/2023\\\/09\\\/00051406.jpg\",\"width\":800,\"height\":533},{\"@type\":\"BreadcrumbList\",\"@id\":\"https:\\\/\\\/regiaonews.net.br\\\/2022\\\/2023\\\/09\\\/19\\\/ddms-vao-ter-acesso-a-monitoramento-de-agressores\\\/#breadcrumb\",\"itemListElement\":[{\"@type\":\"ListItem\",\"position\":1,\"name\":\"In\u00edcio\",\"item\":\"https:\\\/\\\/regiaonews.net.br\\\/2022\\\/\"},{\"@type\":\"ListItem\",\"position\":2,\"name\":\"DDMs v\u00e3o ter acesso a monitoramento de agressores\"}]},{\"@type\":\"WebSite\",\"@id\":\"https:\\\/\\\/regiaonews.net.br\\\/2022\\\/#website\",\"url\":\"https:\\\/\\\/regiaonews.net.br\\\/2022\\\/\",\"name\":\"Regi\u00e3o News\",\"description\":\"Site de Not\u00edcias de Barretos e regi\u00e3o\",\"publisher\":{\"@id\":\"https:\\\/\\\/regiaonews.net.br\\\/2022\\\/#organization\"},\"potentialAction\":[{\"@type\":\"SearchAction\",\"target\":{\"@type\":\"EntryPoint\",\"urlTemplate\":\"https:\\\/\\\/regiaonews.net.br\\\/2022\\\/?s={search_term_string}\"},\"query-input\":{\"@type\":\"PropertyValueSpecification\",\"valueRequired\":true,\"valueName\":\"search_term_string\"}}],\"inLanguage\":\"pt-BR\"},{\"@type\":\"Organization\",\"@id\":\"https:\\\/\\\/regiaonews.net.br\\\/2022\\\/#organization\",\"name\":\"Regi\u00e3o News\",\"url\":\"https:\\\/\\\/regiaonews.net.br\\\/2022\\\/\",\"logo\":{\"@type\":\"ImageObject\",\"inLanguage\":\"pt-BR\",\"@id\":\"https:\\\/\\\/regiaonews.net.br\\\/2022\\\/#\\\/schema\\\/logo\\\/image\\\/\",\"url\":\"https:\\\/\\\/regiaonews.net.br\\\/2022\\\/wp-content\\\/uploads\\\/2026\\\/03\\\/regiao-13-anos-scaled.jpg\",\"contentUrl\":\"https:\\\/\\\/regiaonews.net.br\\\/2022\\\/wp-content\\\/uploads\\\/2026\\\/03\\\/regiao-13-anos-scaled.jpg\",\"width\":2560,\"height\":635,\"caption\":\"Regi\u00e3o News\"},\"image\":{\"@id\":\"https:\\\/\\\/regiaonews.net.br\\\/2022\\\/#\\\/schema\\\/logo\\\/image\\\/\"}},{\"@type\":\"Person\",\"@id\":\"https:\\\/\\\/regiaonews.net.br\\\/2022\\\/#\\\/schema\\\/person\\\/2d205a608a5aa97ac279d7a5e6d89ad8\",\"name\":\"Roberto\",\"image\":{\"@type\":\"ImageObject\",\"inLanguage\":\"pt-BR\",\"@id\":\"https:\\\/\\\/secure.gravatar.com\\\/avatar\\\/42749d8b712ff9d59ca93dc150494e5b55a44134482993f5baeb97e61b7ecc89?s=96&d=mm&r=g\",\"url\":\"https:\\\/\\\/secure.gravatar.com\\\/avatar\\\/42749d8b712ff9d59ca93dc150494e5b55a44134482993f5baeb97e61b7ecc89?s=96&d=mm&r=g\",\"contentUrl\":\"https:\\\/\\\/secure.gravatar.com\\\/avatar\\\/42749d8b712ff9d59ca93dc150494e5b55a44134482993f5baeb97e61b7ecc89?s=96&d=mm&r=g\",\"caption\":\"Roberto\"},\"url\":\"https:\\\/\\\/regiaonews.net.br\\\/2022\\\/author\\\/roberto\\\/\"}]}<\/script>\n<!-- \/ Yoast SEO plugin. -->","yoast_head_json":{"title":"DDMs v\u00e3o ter acesso a monitoramento de agressores - Regi\u00e3o News","robots":{"index":"index","follow":"follow","max-snippet":"max-snippet:-1","max-image-preview":"max-image-preview:large","max-video-preview":"max-video-preview:-1"},"canonical":"https:\/\/regiaonews.net.br\/2022\/2023\/09\/19\/ddms-vao-ter-acesso-a-monitoramento-de-agressores\/","og_locale":"pt_BR","og_type":"article","og_title":"DDMs v\u00e3o ter acesso a monitoramento de agressores - Regi\u00e3o News","og_description":"Em uma semana, 11 infratores receberam tornozeleira eletr\u00f4nica em audi\u00eancia","og_url":"https:\/\/regiaonews.net.br\/2022\/2023\/09\/19\/ddms-vao-ter-acesso-a-monitoramento-de-agressores\/","og_site_name":"Regi\u00e3o News","article_published_time":"2023-09-19T23:23:00+00:00","og_image":[{"width":800,"height":533,"url":"https:\/\/regiaonews.net.br\/2022\/wp-content\/uploads\/2023\/09\/00051406.jpg","type":"image\/jpeg"}],"author":"Roberto","twitter_card":"summary_large_image","twitter_misc":{"Escrito por":"Roberto","Est. tempo de leitura":"3 minutos"},"schema":{"@context":"https:\/\/schema.org","@graph":[{"@type":"Article","@id":"https:\/\/regiaonews.net.br\/2022\/2023\/09\/19\/ddms-vao-ter-acesso-a-monitoramento-de-agressores\/#article","isPartOf":{"@id":"https:\/\/regiaonews.net.br\/2022\/2023\/09\/19\/ddms-vao-ter-acesso-a-monitoramento-de-agressores\/"},"author":{"name":"Roberto","@id":"https:\/\/regiaonews.net.br\/2022\/#\/schema\/person\/2d205a608a5aa97ac279d7a5e6d89ad8"},"headline":"DDMs v\u00e3o ter acesso a monitoramento de agressores","datePublished":"2023-09-19T23:23:00+00:00","mainEntityOfPage":{"@id":"https:\/\/regiaonews.net.br\/2022\/2023\/09\/19\/ddms-vao-ter-acesso-a-monitoramento-de-agressores\/"},"wordCount":513,"commentCount":0,"publisher":{"@id":"https:\/\/regiaonews.net.br\/2022\/#organization"},"image":{"@id":"https:\/\/regiaonews.net.br\/2022\/2023\/09\/19\/ddms-vao-ter-acesso-a-monitoramento-de-agressores\/#primaryimage"},"thumbnailUrl":"https:\/\/regiaonews.net.br\/2022\/wp-content\/uploads\/2023\/09\/00051406.jpg","articleSection":["Estado de S\u00e3o Paulo","Policia"],"inLanguage":"pt-BR","potentialAction":[{"@type":"CommentAction","name":"Comment","target":["https:\/\/regiaonews.net.br\/2022\/2023\/09\/19\/ddms-vao-ter-acesso-a-monitoramento-de-agressores\/#respond"]}]},{"@type":"WebPage","@id":"https:\/\/regiaonews.net.br\/2022\/2023\/09\/19\/ddms-vao-ter-acesso-a-monitoramento-de-agressores\/","url":"https:\/\/regiaonews.net.br\/2022\/2023\/09\/19\/ddms-vao-ter-acesso-a-monitoramento-de-agressores\/","name":"DDMs v\u00e3o ter acesso a monitoramento de agressores - Regi\u00e3o News","isPartOf":{"@id":"https:\/\/regiaonews.net.br\/2022\/#website"},"primaryImageOfPage":{"@id":"https:\/\/regiaonews.net.br\/2022\/2023\/09\/19\/ddms-vao-ter-acesso-a-monitoramento-de-agressores\/#primaryimage"},"image":{"@id":"https:\/\/regiaonews.net.br\/2022\/2023\/09\/19\/ddms-vao-ter-acesso-a-monitoramento-de-agressores\/#primaryimage"},"thumbnailUrl":"https:\/\/regiaonews.net.br\/2022\/wp-content\/uploads\/2023\/09\/00051406.jpg","datePublished":"2023-09-19T23:23:00+00:00","breadcrumb":{"@id":"https:\/\/regiaonews.net.br\/2022\/2023\/09\/19\/ddms-vao-ter-acesso-a-monitoramento-de-agressores\/#breadcrumb"},"inLanguage":"pt-BR","potentialAction":[{"@type":"ReadAction","target":["https:\/\/regiaonews.net.br\/2022\/2023\/09\/19\/ddms-vao-ter-acesso-a-monitoramento-de-agressores\/"]}]},{"@type":"ImageObject","inLanguage":"pt-BR","@id":"https:\/\/regiaonews.net.br\/2022\/2023\/09\/19\/ddms-vao-ter-acesso-a-monitoramento-de-agressores\/#primaryimage","url":"https:\/\/regiaonews.net.br\/2022\/wp-content\/uploads\/2023\/09\/00051406.jpg","contentUrl":"https:\/\/regiaonews.net.br\/2022\/wp-content\/uploads\/2023\/09\/00051406.jpg","width":800,"height":533},{"@type":"BreadcrumbList","@id":"https:\/\/regiaonews.net.br\/2022\/2023\/09\/19\/ddms-vao-ter-acesso-a-monitoramento-de-agressores\/#breadcrumb","itemListElement":[{"@type":"ListItem","position":1,"name":"In\u00edcio","item":"https:\/\/regiaonews.net.br\/2022\/"},{"@type":"ListItem","position":2,"name":"DDMs v\u00e3o ter acesso a monitoramento de agressores"}]},{"@type":"WebSite","@id":"https:\/\/regiaonews.net.br\/2022\/#website","url":"https:\/\/regiaonews.net.br\/2022\/","name":"Regi\u00e3o News","description":"Site de Not\u00edcias de Barretos e regi\u00e3o","publisher":{"@id":"https:\/\/regiaonews.net.br\/2022\/#organization"},"potentialAction":[{"@type":"SearchAction","target":{"@type":"EntryPoint","urlTemplate":"https:\/\/regiaonews.net.br\/2022\/?s={search_term_string}"},"query-input":{"@type":"PropertyValueSpecification","valueRequired":true,"valueName":"search_term_string"}}],"inLanguage":"pt-BR"},{"@type":"Organization","@id":"https:\/\/regiaonews.net.br\/2022\/#organization","name":"Regi\u00e3o News","url":"https:\/\/regiaonews.net.br\/2022\/","logo":{"@type":"ImageObject","inLanguage":"pt-BR","@id":"https:\/\/regiaonews.net.br\/2022\/#\/schema\/logo\/image\/","url":"https:\/\/regiaonews.net.br\/2022\/wp-content\/uploads\/2026\/03\/regiao-13-anos-scaled.jpg","contentUrl":"https:\/\/regiaonews.net.br\/2022\/wp-content\/uploads\/2026\/03\/regiao-13-anos-scaled.jpg","width":2560,"height":635,"caption":"Regi\u00e3o News"},"image":{"@id":"https:\/\/regiaonews.net.br\/2022\/#\/schema\/logo\/image\/"}},{"@type":"Person","@id":"https:\/\/regiaonews.net.br\/2022\/#\/schema\/person\/2d205a608a5aa97ac279d7a5e6d89ad8","name":"Roberto","image":{"@type":"ImageObject","inLanguage":"pt-BR","@id":"https:\/\/secure.gravatar.com\/avatar\/42749d8b712ff9d59ca93dc150494e5b55a44134482993f5baeb97e61b7ecc89?s=96&d=mm&r=g","url":"https:\/\/secure.gravatar.com\/avatar\/42749d8b712ff9d59ca93dc150494e5b55a44134482993f5baeb97e61b7ecc89?s=96&d=mm&r=g","contentUrl":"https:\/\/secure.gravatar.com\/avatar\/42749d8b712ff9d59ca93dc150494e5b55a44134482993f5baeb97e61b7ecc89?s=96&d=mm&r=g","caption":"Roberto"},"url":"https:\/\/regiaonews.net.br\/2022\/author\/roberto\/"}]}},"publishpress_future_action":{"enabled":false,"date":"2026-05-03 02:51:32","action":"change-status","newStatus":"draft","terms":[],"taxonomy":"category","extraData":[]},"publishpress_future_workflow_manual_trigger":{"enabledWorkflows":[]},"_links":{"self":[{"href":"https:\/\/regiaonews.net.br\/2022\/wp-json\/wp\/v2\/posts\/95330","targetHints":{"allow":["GET"]}}],"collection":[{"href":"https:\/\/regiaonews.net.br\/2022\/wp-json\/wp\/v2\/posts"}],"about":[{"href":"https:\/\/regiaonews.net.br\/2022\/wp-json\/wp\/v2\/types\/post"}],"author":[{"embeddable":true,"href":"https:\/\/regiaonews.net.br\/2022\/wp-json\/wp\/v2\/users\/2"}],"replies":[{"embeddable":true,"href":"https:\/\/regiaonews.net.br\/2022\/wp-json\/wp\/v2\/comments?post=95330"}],"version-history":[{"count":1,"href":"https:\/\/regiaonews.net.br\/2022\/wp-json\/wp\/v2\/posts\/95330\/revisions"}],"predecessor-version":[{"id":95332,"href":"https:\/\/regiaonews.net.br\/2022\/wp-json\/wp\/v2\/posts\/95330\/revisions\/95332"}],"wp:featuredmedia":[{"embeddable":true,"href":"https:\/\/regiaonews.net.br\/2022\/wp-json\/wp\/v2\/media\/95331"}],"wp:attachment":[{"href":"https:\/\/regiaonews.net.br\/2022\/wp-json\/wp\/v2\/media?parent=95330"}],"wp:term":[{"taxonomy":"category","embeddable":true,"href":"https:\/\/regiaonews.net.br\/2022\/wp-json\/wp\/v2\/categories?post=95330"},{"taxonomy":"post_tag","embeddable":true,"href":"https:\/\/regiaonews.net.br\/2022\/wp-json\/wp\/v2\/tags?post=95330"}],"curies":[{"name":"wp","href":"https:\/\/api.w.org\/{rel}","templated":true}]}}