{"id":95321,"date":"2023-09-19T19:42:14","date_gmt":"2023-09-19T22:42:14","guid":{"rendered":"https:\/\/regiaonews.net.br\/2022\/?p=95321"},"modified":"2023-09-19T19:44:10","modified_gmt":"2023-09-19T22:44:10","slug":"inscricoes-continuam-abertas-para-5a-edicao-da-corrida-do-rio-das-pedras-run","status":"publish","type":"post","link":"https:\/\/regiaonews.net.br\/2022\/2023\/09\/19\/inscricoes-continuam-abertas-para-5a-edicao-da-corrida-do-rio-das-pedras-run\/","title":{"rendered":"Inscri\u00e7\u00f5es continuam abertas para 5\u00aa edi\u00e7\u00e3o da Corrida do &#8220;Rio das Pedras Run\u201d"},"content":{"rendered":"<table role=\"presentation\" border=\"0\" width=\"100%\" cellspacing=\"0\" cellpadding=\"0\">\n<tbody>\n<tr>\n<td align=\"left\"><\/td>\n<\/tr>\n<tr>\n<td align=\"left\">\n<div>\n<p><em>As taxas de ades\u00f5es para os corredores s\u00f3cios e visitantes s\u00e3o de R$ 50 e R$80, respectivamente<\/em><\/p>\n<\/div>\n<\/td>\n<\/tr>\n<tr>\n<td align=\"left\">\n<div>\n<p>Atletas e equipes de corredores de Barretos e regi\u00e3o realizam inscri\u00e7\u00f5es para a quinta edi\u00e7\u00e3o do &#8220;Rio das Pedras Run\u201d, na sede central do clube, localizada na rua 16, n\u00ba 850, regi\u00e3o central da cidade. As ades\u00f5es\u00a0podem ser realizadas at\u00e9 o dia 8 de outubro, data do evento esportivo, mas no dia n\u00e3o ter\u00e1 direito ao kit.<\/p>\n<p>A quinta edi\u00e7\u00e3o da corrida acontece na sede de campo do RioDas.<\/p>\n<p>Antecipadamente o s\u00f3cio \u00e9 R$ 50 e d\u00e1 direito a um kit composto por uma camiseta, a numera\u00e7\u00e3o e a medalha de participa\u00e7\u00e3o. Para o corredor visitante, o pre\u00e7o \u00e9 R$ 80, tamb\u00e9m incluso o kit com a camiseta, numera\u00e7\u00e3o, medalha de participa\u00e7\u00e3o e o passaporte do RioDas.\u00a0Ap\u00f3s o pagamento, os kits podem ser retirados na academia do clube, localizada ao lado da sede central.<\/p>\n<p>A corrida acontece nas modalidades 5 quil\u00f4metros e 10 quil\u00f4metros, al\u00e9m da caminhada de 2,5 quil\u00f4metros, para categorias masculino, feminino e 200 metros para o p\u00fablico infantil. Somente s\u00f3cios do Rio das Pedras podem participar da corrida de 5 quil\u00f4metros e da caminhada de 2,5 quil\u00f4metros.<\/p>\n<p>Os percursos da corrida de 5 quil\u00f4metros e da caminhada de 2,5 quil\u00f4metros s\u00e3o dentro da sede de campo do Clube, e o de 10 quil\u00f4metros come\u00e7a dentro do RioDas e, em seguida, invade a Estrada H\u00e9lio Ribeiro, seguindo at\u00e9 o Parque do Pe\u00e3o, contornando a rotat\u00f3ria e depois voltando ao Clube.<\/p>\n<p>Os tr\u00eas primeiros colocados na modalidade 10 quil\u00f4metros receber\u00e3o, respectivamente, os pr\u00eamios de R$ 1 mil, R$ 600 e R$ 300, tanto na categoria feminina quanto masculina. Na corrida de 5 quil\u00f4metros os tr\u00eas primeiros lugares recebem R$ 300, R$ 200 e R$ 100, respectivamente, masculino e feminino.<\/p>\n<p>Os s\u00f3cios do Clube que optarem pela modalidade caminhada ir\u00e3o participar do sorteio de tr\u00eas hospedagens em chal\u00e9s no Rio das Pedras. Os pequenos poder\u00e3o participar da corrida infantil e do circuito de atividades f\u00edsicas, no campo 1, localizado dentro da sede de campo do Rio das Pedras.<\/p>\n<p>No encerramento da corrida acontece o show com o \u201cGrupo de Pagode\u201d. Para mais informa\u00e7\u00f5es da quinta edi\u00e7\u00e3o do &#8220;Rio das Pedras Run&#8221;, os contatos telef\u00f4nicos s\u00e3o (17) 3322-7099 ou (17) 98213-0033.<\/p>\n<\/div>\n<\/td>\n<\/tr>\n<\/tbody>\n<\/table>\n","protected":false},"excerpt":{"rendered":"<p>As taxas de ades\u00f5es para os corredores s\u00f3cios e visitantes<\/p>\n","protected":false},"author":2,"featured_media":95323,"comment_status":"open","ping_status":"open","sticky":false,"template":"","format":"standard","meta":{"footnotes":""},"categories":[14,25],"tags":[],"class_list":["post-95321","post","type-post","status-publish","format-standard","has-post-thumbnail","hentry","category-barretos","category-cidades"],"yoast_head":"<!-- This site is optimized with the Yoast SEO plugin v27.4 - https:\/\/yoast.com\/product\/yoast-seo-wordpress\/ -->\n<title>Inscri\u00e7\u00f5es continuam abertas para 5\u00aa edi\u00e7\u00e3o da Corrida do &quot;Rio das Pedras Run\u201d - Regi\u00e3o News<\/title>\n<meta name=\"robots\" content=\"index, follow, max-snippet:-1, max-image-preview:large, max-video-preview:-1\" \/>\n<link rel=\"canonical\" href=\"https:\/\/regiaonews.net.br\/2022\/2023\/09\/19\/inscricoes-continuam-abertas-para-5a-edicao-da-corrida-do-rio-das-pedras-run\/\" \/>\n<meta property=\"og:locale\" content=\"pt_BR\" \/>\n<meta property=\"og:type\" content=\"article\" \/>\n<meta property=\"og:title\" content=\"Inscri\u00e7\u00f5es continuam abertas para 5\u00aa edi\u00e7\u00e3o da Corrida do &quot;Rio das Pedras Run\u201d - Regi\u00e3o News\" \/>\n<meta property=\"og:description\" content=\"As taxas de ades\u00f5es para os corredores s\u00f3cios e visitantes\" \/>\n<meta property=\"og:url\" content=\"https:\/\/regiaonews.net.br\/2022\/2023\/09\/19\/inscricoes-continuam-abertas-para-5a-edicao-da-corrida-do-rio-das-pedras-run\/\" \/>\n<meta property=\"og:site_name\" content=\"Regi\u00e3o News\" \/>\n<meta property=\"article:published_time\" content=\"2023-09-19T22:42:14+00:00\" \/>\n<meta property=\"article:modified_time\" content=\"2023-09-19T22:44:10+00:00\" \/>\n<meta property=\"og:image\" content=\"https:\/\/regiaonews.net.br\/2022\/wp-content\/uploads\/2023\/09\/thumb_galeria.jpg\" \/>\n\t<meta property=\"og:image:width\" content=\"860\" \/>\n\t<meta property=\"og:image:height\" content=\"500\" \/>\n\t<meta property=\"og:image:type\" content=\"image\/jpeg\" \/>\n<meta name=\"author\" content=\"Roberto\" \/>\n<meta name=\"twitter:card\" content=\"summary_large_image\" \/>\n<meta name=\"twitter:label1\" content=\"Escrito por\" \/>\n\t<meta name=\"twitter:data1\" content=\"Roberto\" \/>\n\t<meta name=\"twitter:label2\" content=\"Est. tempo de leitura\" \/>\n\t<meta name=\"twitter:data2\" content=\"3 minutos\" \/>\n<script type=\"application\/ld+json\" class=\"yoast-schema-graph\">{\"@context\":\"https:\\\/\\\/schema.org\",\"@graph\":[{\"@type\":\"Article\",\"@id\":\"https:\\\/\\\/regiaonews.net.br\\\/2022\\\/2023\\\/09\\\/19\\\/inscricoes-continuam-abertas-para-5a-edicao-da-corrida-do-rio-das-pedras-run\\\/#article\",\"isPartOf\":{\"@id\":\"https:\\\/\\\/regiaonews.net.br\\\/2022\\\/2023\\\/09\\\/19\\\/inscricoes-continuam-abertas-para-5a-edicao-da-corrida-do-rio-das-pedras-run\\\/\"},\"author\":{\"name\":\"Roberto\",\"@id\":\"https:\\\/\\\/regiaonews.net.br\\\/2022\\\/#\\\/schema\\\/person\\\/2d205a608a5aa97ac279d7a5e6d89ad8\"},\"headline\":\"Inscri\u00e7\u00f5es continuam abertas para 5\u00aa edi\u00e7\u00e3o da Corrida do &#8220;Rio das Pedras Run\u201d\",\"datePublished\":\"2023-09-19T22:42:14+00:00\",\"dateModified\":\"2023-09-19T22:44:10+00:00\",\"mainEntityOfPage\":{\"@id\":\"https:\\\/\\\/regiaonews.net.br\\\/2022\\\/2023\\\/09\\\/19\\\/inscricoes-continuam-abertas-para-5a-edicao-da-corrida-do-rio-das-pedras-run\\\/\"},\"wordCount\":415,\"commentCount\":0,\"publisher\":{\"@id\":\"https:\\\/\\\/regiaonews.net.br\\\/2022\\\/#organization\"},\"image\":{\"@id\":\"https:\\\/\\\/regiaonews.net.br\\\/2022\\\/2023\\\/09\\\/19\\\/inscricoes-continuam-abertas-para-5a-edicao-da-corrida-do-rio-das-pedras-run\\\/#primaryimage\"},\"thumbnailUrl\":\"https:\\\/\\\/regiaonews.net.br\\\/2022\\\/wp-content\\\/uploads\\\/2023\\\/09\\\/thumb_galeria.jpg\",\"articleSection\":[\"Barretos\",\"Cidades\"],\"inLanguage\":\"pt-BR\",\"potentialAction\":[{\"@type\":\"CommentAction\",\"name\":\"Comment\",\"target\":[\"https:\\\/\\\/regiaonews.net.br\\\/2022\\\/2023\\\/09\\\/19\\\/inscricoes-continuam-abertas-para-5a-edicao-da-corrida-do-rio-das-pedras-run\\\/#respond\"]}]},{\"@type\":\"WebPage\",\"@id\":\"https:\\\/\\\/regiaonews.net.br\\\/2022\\\/2023\\\/09\\\/19\\\/inscricoes-continuam-abertas-para-5a-edicao-da-corrida-do-rio-das-pedras-run\\\/\",\"url\":\"https:\\\/\\\/regiaonews.net.br\\\/2022\\\/2023\\\/09\\\/19\\\/inscricoes-continuam-abertas-para-5a-edicao-da-corrida-do-rio-das-pedras-run\\\/\",\"name\":\"Inscri\u00e7\u00f5es continuam abertas para 5\u00aa edi\u00e7\u00e3o da Corrida do \\\"Rio das Pedras Run\u201d - Regi\u00e3o News\",\"isPartOf\":{\"@id\":\"https:\\\/\\\/regiaonews.net.br\\\/2022\\\/#website\"},\"primaryImageOfPage\":{\"@id\":\"https:\\\/\\\/regiaonews.net.br\\\/2022\\\/2023\\\/09\\\/19\\\/inscricoes-continuam-abertas-para-5a-edicao-da-corrida-do-rio-das-pedras-run\\\/#primaryimage\"},\"image\":{\"@id\":\"https:\\\/\\\/regiaonews.net.br\\\/2022\\\/2023\\\/09\\\/19\\\/inscricoes-continuam-abertas-para-5a-edicao-da-corrida-do-rio-das-pedras-run\\\/#primaryimage\"},\"thumbnailUrl\":\"https:\\\/\\\/regiaonews.net.br\\\/2022\\\/wp-content\\\/uploads\\\/2023\\\/09\\\/thumb_galeria.jpg\",\"datePublished\":\"2023-09-19T22:42:14+00:00\",\"dateModified\":\"2023-09-19T22:44:10+00:00\",\"breadcrumb\":{\"@id\":\"https:\\\/\\\/regiaonews.net.br\\\/2022\\\/2023\\\/09\\\/19\\\/inscricoes-continuam-abertas-para-5a-edicao-da-corrida-do-rio-das-pedras-run\\\/#breadcrumb\"},\"inLanguage\":\"pt-BR\",\"potentialAction\":[{\"@type\":\"ReadAction\",\"target\":[\"https:\\\/\\\/regiaonews.net.br\\\/2022\\\/2023\\\/09\\\/19\\\/inscricoes-continuam-abertas-para-5a-edicao-da-corrida-do-rio-das-pedras-run\\\/\"]}]},{\"@type\":\"ImageObject\",\"inLanguage\":\"pt-BR\",\"@id\":\"https:\\\/\\\/regiaonews.net.br\\\/2022\\\/2023\\\/09\\\/19\\\/inscricoes-continuam-abertas-para-5a-edicao-da-corrida-do-rio-das-pedras-run\\\/#primaryimage\",\"url\":\"https:\\\/\\\/regiaonews.net.br\\\/2022\\\/wp-content\\\/uploads\\\/2023\\\/09\\\/thumb_galeria.jpg\",\"contentUrl\":\"https:\\\/\\\/regiaonews.net.br\\\/2022\\\/wp-content\\\/uploads\\\/2023\\\/09\\\/thumb_galeria.jpg\",\"width\":860,\"height\":500},{\"@type\":\"BreadcrumbList\",\"@id\":\"https:\\\/\\\/regiaonews.net.br\\\/2022\\\/2023\\\/09\\\/19\\\/inscricoes-continuam-abertas-para-5a-edicao-da-corrida-do-rio-das-pedras-run\\\/#breadcrumb\",\"itemListElement\":[{\"@type\":\"ListItem\",\"position\":1,\"name\":\"In\u00edcio\",\"item\":\"https:\\\/\\\/regiaonews.net.br\\\/2022\\\/\"},{\"@type\":\"ListItem\",\"position\":2,\"name\":\"Inscri\u00e7\u00f5es continuam abertas para 5\u00aa edi\u00e7\u00e3o da Corrida do &#8220;Rio das Pedras Run\u201d\"}]},{\"@type\":\"WebSite\",\"@id\":\"https:\\\/\\\/regiaonews.net.br\\\/2022\\\/#website\",\"url\":\"https:\\\/\\\/regiaonews.net.br\\\/2022\\\/\",\"name\":\"Regi\u00e3o News\",\"description\":\"Site de Not\u00edcias de Barretos e regi\u00e3o\",\"publisher\":{\"@id\":\"https:\\\/\\\/regiaonews.net.br\\\/2022\\\/#organization\"},\"potentialAction\":[{\"@type\":\"SearchAction\",\"target\":{\"@type\":\"EntryPoint\",\"urlTemplate\":\"https:\\\/\\\/regiaonews.net.br\\\/2022\\\/?s={search_term_string}\"},\"query-input\":{\"@type\":\"PropertyValueSpecification\",\"valueRequired\":true,\"valueName\":\"search_term_string\"}}],\"inLanguage\":\"pt-BR\"},{\"@type\":\"Organization\",\"@id\":\"https:\\\/\\\/regiaonews.net.br\\\/2022\\\/#organization\",\"name\":\"Regi\u00e3o News\",\"url\":\"https:\\\/\\\/regiaonews.net.br\\\/2022\\\/\",\"logo\":{\"@type\":\"ImageObject\",\"inLanguage\":\"pt-BR\",\"@id\":\"https:\\\/\\\/regiaonews.net.br\\\/2022\\\/#\\\/schema\\\/logo\\\/image\\\/\",\"url\":\"https:\\\/\\\/regiaonews.net.br\\\/2022\\\/wp-content\\\/uploads\\\/2026\\\/03\\\/regiao-13-anos-scaled.jpg\",\"contentUrl\":\"https:\\\/\\\/regiaonews.net.br\\\/2022\\\/wp-content\\\/uploads\\\/2026\\\/03\\\/regiao-13-anos-scaled.jpg\",\"width\":2560,\"height\":635,\"caption\":\"Regi\u00e3o News\"},\"image\":{\"@id\":\"https:\\\/\\\/regiaonews.net.br\\\/2022\\\/#\\\/schema\\\/logo\\\/image\\\/\"}},{\"@type\":\"Person\",\"@id\":\"https:\\\/\\\/regiaonews.net.br\\\/2022\\\/#\\\/schema\\\/person\\\/2d205a608a5aa97ac279d7a5e6d89ad8\",\"name\":\"Roberto\",\"image\":{\"@type\":\"ImageObject\",\"inLanguage\":\"pt-BR\",\"@id\":\"https:\\\/\\\/secure.gravatar.com\\\/avatar\\\/42749d8b712ff9d59ca93dc150494e5b55a44134482993f5baeb97e61b7ecc89?s=96&d=mm&r=g\",\"url\":\"https:\\\/\\\/secure.gravatar.com\\\/avatar\\\/42749d8b712ff9d59ca93dc150494e5b55a44134482993f5baeb97e61b7ecc89?s=96&d=mm&r=g\",\"contentUrl\":\"https:\\\/\\\/secure.gravatar.com\\\/avatar\\\/42749d8b712ff9d59ca93dc150494e5b55a44134482993f5baeb97e61b7ecc89?s=96&d=mm&r=g\",\"caption\":\"Roberto\"},\"url\":\"https:\\\/\\\/regiaonews.net.br\\\/2022\\\/author\\\/roberto\\\/\"}]}<\/script>\n<!-- \/ Yoast SEO plugin. -->","yoast_head_json":{"title":"Inscri\u00e7\u00f5es continuam abertas para 5\u00aa edi\u00e7\u00e3o da Corrida do \"Rio das Pedras Run\u201d - Regi\u00e3o News","robots":{"index":"index","follow":"follow","max-snippet":"max-snippet:-1","max-image-preview":"max-image-preview:large","max-video-preview":"max-video-preview:-1"},"canonical":"https:\/\/regiaonews.net.br\/2022\/2023\/09\/19\/inscricoes-continuam-abertas-para-5a-edicao-da-corrida-do-rio-das-pedras-run\/","og_locale":"pt_BR","og_type":"article","og_title":"Inscri\u00e7\u00f5es continuam abertas para 5\u00aa edi\u00e7\u00e3o da Corrida do \"Rio das Pedras Run\u201d - Regi\u00e3o News","og_description":"As taxas de ades\u00f5es para os corredores s\u00f3cios e visitantes","og_url":"https:\/\/regiaonews.net.br\/2022\/2023\/09\/19\/inscricoes-continuam-abertas-para-5a-edicao-da-corrida-do-rio-das-pedras-run\/","og_site_name":"Regi\u00e3o News","article_published_time":"2023-09-19T22:42:14+00:00","article_modified_time":"2023-09-19T22:44:10+00:00","og_image":[{"width":860,"height":500,"url":"https:\/\/regiaonews.net.br\/2022\/wp-content\/uploads\/2023\/09\/thumb_galeria.jpg","type":"image\/jpeg"}],"author":"Roberto","twitter_card":"summary_large_image","twitter_misc":{"Escrito por":"Roberto","Est. tempo de leitura":"3 minutos"},"schema":{"@context":"https:\/\/schema.org","@graph":[{"@type":"Article","@id":"https:\/\/regiaonews.net.br\/2022\/2023\/09\/19\/inscricoes-continuam-abertas-para-5a-edicao-da-corrida-do-rio-das-pedras-run\/#article","isPartOf":{"@id":"https:\/\/regiaonews.net.br\/2022\/2023\/09\/19\/inscricoes-continuam-abertas-para-5a-edicao-da-corrida-do-rio-das-pedras-run\/"},"author":{"name":"Roberto","@id":"https:\/\/regiaonews.net.br\/2022\/#\/schema\/person\/2d205a608a5aa97ac279d7a5e6d89ad8"},"headline":"Inscri\u00e7\u00f5es continuam abertas para 5\u00aa edi\u00e7\u00e3o da Corrida do &#8220;Rio das Pedras Run\u201d","datePublished":"2023-09-19T22:42:14+00:00","dateModified":"2023-09-19T22:44:10+00:00","mainEntityOfPage":{"@id":"https:\/\/regiaonews.net.br\/2022\/2023\/09\/19\/inscricoes-continuam-abertas-para-5a-edicao-da-corrida-do-rio-das-pedras-run\/"},"wordCount":415,"commentCount":0,"publisher":{"@id":"https:\/\/regiaonews.net.br\/2022\/#organization"},"image":{"@id":"https:\/\/regiaonews.net.br\/2022\/2023\/09\/19\/inscricoes-continuam-abertas-para-5a-edicao-da-corrida-do-rio-das-pedras-run\/#primaryimage"},"thumbnailUrl":"https:\/\/regiaonews.net.br\/2022\/wp-content\/uploads\/2023\/09\/thumb_galeria.jpg","articleSection":["Barretos","Cidades"],"inLanguage":"pt-BR","potentialAction":[{"@type":"CommentAction","name":"Comment","target":["https:\/\/regiaonews.net.br\/2022\/2023\/09\/19\/inscricoes-continuam-abertas-para-5a-edicao-da-corrida-do-rio-das-pedras-run\/#respond"]}]},{"@type":"WebPage","@id":"https:\/\/regiaonews.net.br\/2022\/2023\/09\/19\/inscricoes-continuam-abertas-para-5a-edicao-da-corrida-do-rio-das-pedras-run\/","url":"https:\/\/regiaonews.net.br\/2022\/2023\/09\/19\/inscricoes-continuam-abertas-para-5a-edicao-da-corrida-do-rio-das-pedras-run\/","name":"Inscri\u00e7\u00f5es continuam abertas para 5\u00aa edi\u00e7\u00e3o da Corrida do \"Rio das Pedras Run\u201d - Regi\u00e3o News","isPartOf":{"@id":"https:\/\/regiaonews.net.br\/2022\/#website"},"primaryImageOfPage":{"@id":"https:\/\/regiaonews.net.br\/2022\/2023\/09\/19\/inscricoes-continuam-abertas-para-5a-edicao-da-corrida-do-rio-das-pedras-run\/#primaryimage"},"image":{"@id":"https:\/\/regiaonews.net.br\/2022\/2023\/09\/19\/inscricoes-continuam-abertas-para-5a-edicao-da-corrida-do-rio-das-pedras-run\/#primaryimage"},"thumbnailUrl":"https:\/\/regiaonews.net.br\/2022\/wp-content\/uploads\/2023\/09\/thumb_galeria.jpg","datePublished":"2023-09-19T22:42:14+00:00","dateModified":"2023-09-19T22:44:10+00:00","breadcrumb":{"@id":"https:\/\/regiaonews.net.br\/2022\/2023\/09\/19\/inscricoes-continuam-abertas-para-5a-edicao-da-corrida-do-rio-das-pedras-run\/#breadcrumb"},"inLanguage":"pt-BR","potentialAction":[{"@type":"ReadAction","target":["https:\/\/regiaonews.net.br\/2022\/2023\/09\/19\/inscricoes-continuam-abertas-para-5a-edicao-da-corrida-do-rio-das-pedras-run\/"]}]},{"@type":"ImageObject","inLanguage":"pt-BR","@id":"https:\/\/regiaonews.net.br\/2022\/2023\/09\/19\/inscricoes-continuam-abertas-para-5a-edicao-da-corrida-do-rio-das-pedras-run\/#primaryimage","url":"https:\/\/regiaonews.net.br\/2022\/wp-content\/uploads\/2023\/09\/thumb_galeria.jpg","contentUrl":"https:\/\/regiaonews.net.br\/2022\/wp-content\/uploads\/2023\/09\/thumb_galeria.jpg","width":860,"height":500},{"@type":"BreadcrumbList","@id":"https:\/\/regiaonews.net.br\/2022\/2023\/09\/19\/inscricoes-continuam-abertas-para-5a-edicao-da-corrida-do-rio-das-pedras-run\/#breadcrumb","itemListElement":[{"@type":"ListItem","position":1,"name":"In\u00edcio","item":"https:\/\/regiaonews.net.br\/2022\/"},{"@type":"ListItem","position":2,"name":"Inscri\u00e7\u00f5es continuam abertas para 5\u00aa edi\u00e7\u00e3o da Corrida do &#8220;Rio das Pedras Run\u201d"}]},{"@type":"WebSite","@id":"https:\/\/regiaonews.net.br\/2022\/#website","url":"https:\/\/regiaonews.net.br\/2022\/","name":"Regi\u00e3o News","description":"Site de Not\u00edcias de Barretos e regi\u00e3o","publisher":{"@id":"https:\/\/regiaonews.net.br\/2022\/#organization"},"potentialAction":[{"@type":"SearchAction","target":{"@type":"EntryPoint","urlTemplate":"https:\/\/regiaonews.net.br\/2022\/?s={search_term_string}"},"query-input":{"@type":"PropertyValueSpecification","valueRequired":true,"valueName":"search_term_string"}}],"inLanguage":"pt-BR"},{"@type":"Organization","@id":"https:\/\/regiaonews.net.br\/2022\/#organization","name":"Regi\u00e3o News","url":"https:\/\/regiaonews.net.br\/2022\/","logo":{"@type":"ImageObject","inLanguage":"pt-BR","@id":"https:\/\/regiaonews.net.br\/2022\/#\/schema\/logo\/image\/","url":"https:\/\/regiaonews.net.br\/2022\/wp-content\/uploads\/2026\/03\/regiao-13-anos-scaled.jpg","contentUrl":"https:\/\/regiaonews.net.br\/2022\/wp-content\/uploads\/2026\/03\/regiao-13-anos-scaled.jpg","width":2560,"height":635,"caption":"Regi\u00e3o News"},"image":{"@id":"https:\/\/regiaonews.net.br\/2022\/#\/schema\/logo\/image\/"}},{"@type":"Person","@id":"https:\/\/regiaonews.net.br\/2022\/#\/schema\/person\/2d205a608a5aa97ac279d7a5e6d89ad8","name":"Roberto","image":{"@type":"ImageObject","inLanguage":"pt-BR","@id":"https:\/\/secure.gravatar.com\/avatar\/42749d8b712ff9d59ca93dc150494e5b55a44134482993f5baeb97e61b7ecc89?s=96&d=mm&r=g","url":"https:\/\/secure.gravatar.com\/avatar\/42749d8b712ff9d59ca93dc150494e5b55a44134482993f5baeb97e61b7ecc89?s=96&d=mm&r=g","contentUrl":"https:\/\/secure.gravatar.com\/avatar\/42749d8b712ff9d59ca93dc150494e5b55a44134482993f5baeb97e61b7ecc89?s=96&d=mm&r=g","caption":"Roberto"},"url":"https:\/\/regiaonews.net.br\/2022\/author\/roberto\/"}]}},"publishpress_future_action":{"enabled":false,"date":"2026-05-03 09:21:26","action":"change-status","newStatus":"draft","terms":[],"taxonomy":"category","extraData":[]},"publishpress_future_workflow_manual_trigger":{"enabledWorkflows":[]},"_links":{"self":[{"href":"https:\/\/regiaonews.net.br\/2022\/wp-json\/wp\/v2\/posts\/95321","targetHints":{"allow":["GET"]}}],"collection":[{"href":"https:\/\/regiaonews.net.br\/2022\/wp-json\/wp\/v2\/posts"}],"about":[{"href":"https:\/\/regiaonews.net.br\/2022\/wp-json\/wp\/v2\/types\/post"}],"author":[{"embeddable":true,"href":"https:\/\/regiaonews.net.br\/2022\/wp-json\/wp\/v2\/users\/2"}],"replies":[{"embeddable":true,"href":"https:\/\/regiaonews.net.br\/2022\/wp-json\/wp\/v2\/comments?post=95321"}],"version-history":[{"count":1,"href":"https:\/\/regiaonews.net.br\/2022\/wp-json\/wp\/v2\/posts\/95321\/revisions"}],"predecessor-version":[{"id":95322,"href":"https:\/\/regiaonews.net.br\/2022\/wp-json\/wp\/v2\/posts\/95321\/revisions\/95322"}],"wp:featuredmedia":[{"embeddable":true,"href":"https:\/\/regiaonews.net.br\/2022\/wp-json\/wp\/v2\/media\/95323"}],"wp:attachment":[{"href":"https:\/\/regiaonews.net.br\/2022\/wp-json\/wp\/v2\/media?parent=95321"}],"wp:term":[{"taxonomy":"category","embeddable":true,"href":"https:\/\/regiaonews.net.br\/2022\/wp-json\/wp\/v2\/categories?post=95321"},{"taxonomy":"post_tag","embeddable":true,"href":"https:\/\/regiaonews.net.br\/2022\/wp-json\/wp\/v2\/tags?post=95321"}],"curies":[{"name":"wp","href":"https:\/\/api.w.org\/{rel}","templated":true}]}}