{"id":95318,"date":"2023-09-19T19:31:32","date_gmt":"2023-09-19T22:31:32","guid":{"rendered":"https:\/\/regiaonews.net.br\/2022\/?p=95318"},"modified":"2023-09-19T19:31:32","modified_gmt":"2023-09-19T22:31:32","slug":"dia-da-arvore-sera-celebrado-com-distribuicao-de-mudas-no-north-shopping-barretos","status":"publish","type":"post","link":"https:\/\/regiaonews.net.br\/2022\/2023\/09\/19\/dia-da-arvore-sera-celebrado-com-distribuicao-de-mudas-no-north-shopping-barretos\/","title":{"rendered":"Dia da \u00c1rvore ser\u00e1 celebrado com distribui\u00e7\u00e3o de mudas no\u00a0North Shopping Barretos"},"content":{"rendered":"<table role=\"presentation\" border=\"0\" width=\"100%\" cellspacing=\"0\" cellpadding=\"0\">\n<tbody>\n<tr>\n<td align=\"left\">&nbsp;<\/td>\n<\/tr>\n<tr>\n<td align=\"left\">\n<div>\n<p><em>As\u00a0mudas de \u00e1rvores nativas, de sombra e frut\u00edferas poder\u00e3o ser retiradas gratuitamente<\/em><\/p>\n<\/div>\n<\/td>\n<\/tr>\n<tr>\n<td align=\"left\">\n<div>\n<p>Nesta quinta-feira, 21 de setembro,\u00a0\u00e9 comemorado o \u201cDia da \u00c1rvore\u201d e para celebrar a data ser\u00e1\u00a0distribu\u00eddo \u00e0 popula\u00e7\u00e3o mudas de \u00e1rvores de sombra, frut\u00edferas e nativas.\u00a0A a\u00e7\u00e3o\u00a0\u00e9 uma realiza\u00e7\u00e3o do centro de compras barretense\u00a0em parceria com a Secretaria Municipal de Agricultura e Meio Ambiente da Est\u00e2ncia Tur\u00edstica de Barretos\u00a0tem como objetivo conscientizar as pessoas sobre esse importante e valioso recurso natural.<\/p>\n<p>De acordo especialistas da \u00e1rea, a muda de uma \u00e1rvore auxilia a qualidade do ar, reduz a temperatura do ambiente, pois retiram o di\u00f3xido de carbono, assim proporcionando a melhoria da respira\u00e7\u00e3o de todos, protege o solo, \u00e9\u00a0abrigo para diversas esp\u00e9cies de animais, al\u00e9m de diminuir o ru\u00eddo da polui\u00e7\u00e3o sonora.<\/p>\n<\/div>\n<\/td>\n<\/tr>\n<\/tbody>\n<\/table>\n","protected":false},"excerpt":{"rendered":"<p>&nbsp; As\u00a0mudas de \u00e1rvores nativas, de sombra e frut\u00edferas poder\u00e3o<\/p>\n","protected":false},"author":2,"featured_media":95319,"comment_status":"open","ping_status":"open","sticky":false,"template":"","format":"standard","meta":{"footnotes":""},"categories":[14,25],"tags":[],"class_list":["post-95318","post","type-post","status-publish","format-standard","has-post-thumbnail","hentry","category-barretos","category-cidades"],"yoast_head":"<!-- This site is optimized with the Yoast SEO plugin v27.4 - https:\/\/yoast.com\/product\/yoast-seo-wordpress\/ -->\n<title>Dia da \u00c1rvore ser\u00e1 celebrado com distribui\u00e7\u00e3o de mudas no\u00a0North Shopping Barretos - Regi\u00e3o News<\/title>\n<meta name=\"robots\" content=\"index, follow, max-snippet:-1, max-image-preview:large, max-video-preview:-1\" \/>\n<link rel=\"canonical\" href=\"https:\/\/regiaonews.net.br\/2022\/2023\/09\/19\/dia-da-arvore-sera-celebrado-com-distribuicao-de-mudas-no-north-shopping-barretos\/\" \/>\n<meta property=\"og:locale\" content=\"pt_BR\" \/>\n<meta property=\"og:type\" content=\"article\" \/>\n<meta property=\"og:title\" content=\"Dia da \u00c1rvore ser\u00e1 celebrado com distribui\u00e7\u00e3o de mudas no\u00a0North Shopping Barretos - Regi\u00e3o News\" \/>\n<meta property=\"og:description\" content=\"&nbsp; As\u00a0mudas de \u00e1rvores nativas, de sombra e frut\u00edferas poder\u00e3o\" \/>\n<meta property=\"og:url\" content=\"https:\/\/regiaonews.net.br\/2022\/2023\/09\/19\/dia-da-arvore-sera-celebrado-com-distribuicao-de-mudas-no-north-shopping-barretos\/\" \/>\n<meta property=\"og:site_name\" content=\"Regi\u00e3o News\" \/>\n<meta property=\"article:published_time\" content=\"2023-09-19T22:31:32+00:00\" \/>\n<meta property=\"og:image\" content=\"https:\/\/regiaonews.net.br\/2022\/wp-content\/uploads\/2023\/09\/cc8d3906-db97-426e-a1b4-bb38e990b243.jpeg\" \/>\n\t<meta property=\"og:image:width\" content=\"1080\" \/>\n\t<meta property=\"og:image:height\" content=\"1080\" \/>\n\t<meta property=\"og:image:type\" content=\"image\/jpeg\" \/>\n<meta name=\"author\" content=\"Roberto\" \/>\n<meta name=\"twitter:card\" content=\"summary_large_image\" \/>\n<meta name=\"twitter:label1\" content=\"Escrito por\" \/>\n\t<meta name=\"twitter:data1\" content=\"Roberto\" \/>\n\t<meta name=\"twitter:label2\" content=\"Est. tempo de leitura\" \/>\n\t<meta name=\"twitter:data2\" content=\"1 minuto\" \/>\n<script type=\"application\/ld+json\" class=\"yoast-schema-graph\">{\"@context\":\"https:\\\/\\\/schema.org\",\"@graph\":[{\"@type\":\"Article\",\"@id\":\"https:\\\/\\\/regiaonews.net.br\\\/2022\\\/2023\\\/09\\\/19\\\/dia-da-arvore-sera-celebrado-com-distribuicao-de-mudas-no-north-shopping-barretos\\\/#article\",\"isPartOf\":{\"@id\":\"https:\\\/\\\/regiaonews.net.br\\\/2022\\\/2023\\\/09\\\/19\\\/dia-da-arvore-sera-celebrado-com-distribuicao-de-mudas-no-north-shopping-barretos\\\/\"},\"author\":{\"name\":\"Roberto\",\"@id\":\"https:\\\/\\\/regiaonews.net.br\\\/2022\\\/#\\\/schema\\\/person\\\/2d205a608a5aa97ac279d7a5e6d89ad8\"},\"headline\":\"Dia da \u00c1rvore ser\u00e1 celebrado com distribui\u00e7\u00e3o de mudas no\u00a0North Shopping Barretos\",\"datePublished\":\"2023-09-19T22:31:32+00:00\",\"mainEntityOfPage\":{\"@id\":\"https:\\\/\\\/regiaonews.net.br\\\/2022\\\/2023\\\/09\\\/19\\\/dia-da-arvore-sera-celebrado-com-distribuicao-de-mudas-no-north-shopping-barretos\\\/\"},\"wordCount\":157,\"commentCount\":0,\"publisher\":{\"@id\":\"https:\\\/\\\/regiaonews.net.br\\\/2022\\\/#organization\"},\"image\":{\"@id\":\"https:\\\/\\\/regiaonews.net.br\\\/2022\\\/2023\\\/09\\\/19\\\/dia-da-arvore-sera-celebrado-com-distribuicao-de-mudas-no-north-shopping-barretos\\\/#primaryimage\"},\"thumbnailUrl\":\"https:\\\/\\\/regiaonews.net.br\\\/2022\\\/wp-content\\\/uploads\\\/2023\\\/09\\\/cc8d3906-db97-426e-a1b4-bb38e990b243.jpeg\",\"articleSection\":[\"Barretos\",\"Cidades\"],\"inLanguage\":\"pt-BR\",\"potentialAction\":[{\"@type\":\"CommentAction\",\"name\":\"Comment\",\"target\":[\"https:\\\/\\\/regiaonews.net.br\\\/2022\\\/2023\\\/09\\\/19\\\/dia-da-arvore-sera-celebrado-com-distribuicao-de-mudas-no-north-shopping-barretos\\\/#respond\"]}]},{\"@type\":\"WebPage\",\"@id\":\"https:\\\/\\\/regiaonews.net.br\\\/2022\\\/2023\\\/09\\\/19\\\/dia-da-arvore-sera-celebrado-com-distribuicao-de-mudas-no-north-shopping-barretos\\\/\",\"url\":\"https:\\\/\\\/regiaonews.net.br\\\/2022\\\/2023\\\/09\\\/19\\\/dia-da-arvore-sera-celebrado-com-distribuicao-de-mudas-no-north-shopping-barretos\\\/\",\"name\":\"Dia da \u00c1rvore ser\u00e1 celebrado com distribui\u00e7\u00e3o de mudas no\u00a0North Shopping Barretos - Regi\u00e3o News\",\"isPartOf\":{\"@id\":\"https:\\\/\\\/regiaonews.net.br\\\/2022\\\/#website\"},\"primaryImageOfPage\":{\"@id\":\"https:\\\/\\\/regiaonews.net.br\\\/2022\\\/2023\\\/09\\\/19\\\/dia-da-arvore-sera-celebrado-com-distribuicao-de-mudas-no-north-shopping-barretos\\\/#primaryimage\"},\"image\":{\"@id\":\"https:\\\/\\\/regiaonews.net.br\\\/2022\\\/2023\\\/09\\\/19\\\/dia-da-arvore-sera-celebrado-com-distribuicao-de-mudas-no-north-shopping-barretos\\\/#primaryimage\"},\"thumbnailUrl\":\"https:\\\/\\\/regiaonews.net.br\\\/2022\\\/wp-content\\\/uploads\\\/2023\\\/09\\\/cc8d3906-db97-426e-a1b4-bb38e990b243.jpeg\",\"datePublished\":\"2023-09-19T22:31:32+00:00\",\"breadcrumb\":{\"@id\":\"https:\\\/\\\/regiaonews.net.br\\\/2022\\\/2023\\\/09\\\/19\\\/dia-da-arvore-sera-celebrado-com-distribuicao-de-mudas-no-north-shopping-barretos\\\/#breadcrumb\"},\"inLanguage\":\"pt-BR\",\"potentialAction\":[{\"@type\":\"ReadAction\",\"target\":[\"https:\\\/\\\/regiaonews.net.br\\\/2022\\\/2023\\\/09\\\/19\\\/dia-da-arvore-sera-celebrado-com-distribuicao-de-mudas-no-north-shopping-barretos\\\/\"]}]},{\"@type\":\"ImageObject\",\"inLanguage\":\"pt-BR\",\"@id\":\"https:\\\/\\\/regiaonews.net.br\\\/2022\\\/2023\\\/09\\\/19\\\/dia-da-arvore-sera-celebrado-com-distribuicao-de-mudas-no-north-shopping-barretos\\\/#primaryimage\",\"url\":\"https:\\\/\\\/regiaonews.net.br\\\/2022\\\/wp-content\\\/uploads\\\/2023\\\/09\\\/cc8d3906-db97-426e-a1b4-bb38e990b243.jpeg\",\"contentUrl\":\"https:\\\/\\\/regiaonews.net.br\\\/2022\\\/wp-content\\\/uploads\\\/2023\\\/09\\\/cc8d3906-db97-426e-a1b4-bb38e990b243.jpeg\",\"width\":1080,\"height\":1080},{\"@type\":\"BreadcrumbList\",\"@id\":\"https:\\\/\\\/regiaonews.net.br\\\/2022\\\/2023\\\/09\\\/19\\\/dia-da-arvore-sera-celebrado-com-distribuicao-de-mudas-no-north-shopping-barretos\\\/#breadcrumb\",\"itemListElement\":[{\"@type\":\"ListItem\",\"position\":1,\"name\":\"In\u00edcio\",\"item\":\"https:\\\/\\\/regiaonews.net.br\\\/2022\\\/\"},{\"@type\":\"ListItem\",\"position\":2,\"name\":\"Dia da \u00c1rvore ser\u00e1 celebrado com distribui\u00e7\u00e3o de mudas no\u00a0North Shopping Barretos\"}]},{\"@type\":\"WebSite\",\"@id\":\"https:\\\/\\\/regiaonews.net.br\\\/2022\\\/#website\",\"url\":\"https:\\\/\\\/regiaonews.net.br\\\/2022\\\/\",\"name\":\"Regi\u00e3o News\",\"description\":\"Site de Not\u00edcias de Barretos e regi\u00e3o\",\"publisher\":{\"@id\":\"https:\\\/\\\/regiaonews.net.br\\\/2022\\\/#organization\"},\"potentialAction\":[{\"@type\":\"SearchAction\",\"target\":{\"@type\":\"EntryPoint\",\"urlTemplate\":\"https:\\\/\\\/regiaonews.net.br\\\/2022\\\/?s={search_term_string}\"},\"query-input\":{\"@type\":\"PropertyValueSpecification\",\"valueRequired\":true,\"valueName\":\"search_term_string\"}}],\"inLanguage\":\"pt-BR\"},{\"@type\":\"Organization\",\"@id\":\"https:\\\/\\\/regiaonews.net.br\\\/2022\\\/#organization\",\"name\":\"Regi\u00e3o News\",\"url\":\"https:\\\/\\\/regiaonews.net.br\\\/2022\\\/\",\"logo\":{\"@type\":\"ImageObject\",\"inLanguage\":\"pt-BR\",\"@id\":\"https:\\\/\\\/regiaonews.net.br\\\/2022\\\/#\\\/schema\\\/logo\\\/image\\\/\",\"url\":\"https:\\\/\\\/regiaonews.net.br\\\/2022\\\/wp-content\\\/uploads\\\/2026\\\/03\\\/regiao-13-anos-scaled.jpg\",\"contentUrl\":\"https:\\\/\\\/regiaonews.net.br\\\/2022\\\/wp-content\\\/uploads\\\/2026\\\/03\\\/regiao-13-anos-scaled.jpg\",\"width\":2560,\"height\":635,\"caption\":\"Regi\u00e3o News\"},\"image\":{\"@id\":\"https:\\\/\\\/regiaonews.net.br\\\/2022\\\/#\\\/schema\\\/logo\\\/image\\\/\"}},{\"@type\":\"Person\",\"@id\":\"https:\\\/\\\/regiaonews.net.br\\\/2022\\\/#\\\/schema\\\/person\\\/2d205a608a5aa97ac279d7a5e6d89ad8\",\"name\":\"Roberto\",\"image\":{\"@type\":\"ImageObject\",\"inLanguage\":\"pt-BR\",\"@id\":\"https:\\\/\\\/secure.gravatar.com\\\/avatar\\\/42749d8b712ff9d59ca93dc150494e5b55a44134482993f5baeb97e61b7ecc89?s=96&d=mm&r=g\",\"url\":\"https:\\\/\\\/secure.gravatar.com\\\/avatar\\\/42749d8b712ff9d59ca93dc150494e5b55a44134482993f5baeb97e61b7ecc89?s=96&d=mm&r=g\",\"contentUrl\":\"https:\\\/\\\/secure.gravatar.com\\\/avatar\\\/42749d8b712ff9d59ca93dc150494e5b55a44134482993f5baeb97e61b7ecc89?s=96&d=mm&r=g\",\"caption\":\"Roberto\"},\"url\":\"https:\\\/\\\/regiaonews.net.br\\\/2022\\\/author\\\/roberto\\\/\"}]}<\/script>\n<!-- \/ Yoast SEO plugin. -->","yoast_head_json":{"title":"Dia da \u00c1rvore ser\u00e1 celebrado com distribui\u00e7\u00e3o de mudas no\u00a0North Shopping Barretos - Regi\u00e3o News","robots":{"index":"index","follow":"follow","max-snippet":"max-snippet:-1","max-image-preview":"max-image-preview:large","max-video-preview":"max-video-preview:-1"},"canonical":"https:\/\/regiaonews.net.br\/2022\/2023\/09\/19\/dia-da-arvore-sera-celebrado-com-distribuicao-de-mudas-no-north-shopping-barretos\/","og_locale":"pt_BR","og_type":"article","og_title":"Dia da \u00c1rvore ser\u00e1 celebrado com distribui\u00e7\u00e3o de mudas no\u00a0North Shopping Barretos - Regi\u00e3o News","og_description":"&nbsp; As\u00a0mudas de \u00e1rvores nativas, de sombra e frut\u00edferas poder\u00e3o","og_url":"https:\/\/regiaonews.net.br\/2022\/2023\/09\/19\/dia-da-arvore-sera-celebrado-com-distribuicao-de-mudas-no-north-shopping-barretos\/","og_site_name":"Regi\u00e3o News","article_published_time":"2023-09-19T22:31:32+00:00","og_image":[{"width":1080,"height":1080,"url":"https:\/\/regiaonews.net.br\/2022\/wp-content\/uploads\/2023\/09\/cc8d3906-db97-426e-a1b4-bb38e990b243.jpeg","type":"image\/jpeg"}],"author":"Roberto","twitter_card":"summary_large_image","twitter_misc":{"Escrito por":"Roberto","Est. tempo de leitura":"1 minuto"},"schema":{"@context":"https:\/\/schema.org","@graph":[{"@type":"Article","@id":"https:\/\/regiaonews.net.br\/2022\/2023\/09\/19\/dia-da-arvore-sera-celebrado-com-distribuicao-de-mudas-no-north-shopping-barretos\/#article","isPartOf":{"@id":"https:\/\/regiaonews.net.br\/2022\/2023\/09\/19\/dia-da-arvore-sera-celebrado-com-distribuicao-de-mudas-no-north-shopping-barretos\/"},"author":{"name":"Roberto","@id":"https:\/\/regiaonews.net.br\/2022\/#\/schema\/person\/2d205a608a5aa97ac279d7a5e6d89ad8"},"headline":"Dia da \u00c1rvore ser\u00e1 celebrado com distribui\u00e7\u00e3o de mudas no\u00a0North Shopping Barretos","datePublished":"2023-09-19T22:31:32+00:00","mainEntityOfPage":{"@id":"https:\/\/regiaonews.net.br\/2022\/2023\/09\/19\/dia-da-arvore-sera-celebrado-com-distribuicao-de-mudas-no-north-shopping-barretos\/"},"wordCount":157,"commentCount":0,"publisher":{"@id":"https:\/\/regiaonews.net.br\/2022\/#organization"},"image":{"@id":"https:\/\/regiaonews.net.br\/2022\/2023\/09\/19\/dia-da-arvore-sera-celebrado-com-distribuicao-de-mudas-no-north-shopping-barretos\/#primaryimage"},"thumbnailUrl":"https:\/\/regiaonews.net.br\/2022\/wp-content\/uploads\/2023\/09\/cc8d3906-db97-426e-a1b4-bb38e990b243.jpeg","articleSection":["Barretos","Cidades"],"inLanguage":"pt-BR","potentialAction":[{"@type":"CommentAction","name":"Comment","target":["https:\/\/regiaonews.net.br\/2022\/2023\/09\/19\/dia-da-arvore-sera-celebrado-com-distribuicao-de-mudas-no-north-shopping-barretos\/#respond"]}]},{"@type":"WebPage","@id":"https:\/\/regiaonews.net.br\/2022\/2023\/09\/19\/dia-da-arvore-sera-celebrado-com-distribuicao-de-mudas-no-north-shopping-barretos\/","url":"https:\/\/regiaonews.net.br\/2022\/2023\/09\/19\/dia-da-arvore-sera-celebrado-com-distribuicao-de-mudas-no-north-shopping-barretos\/","name":"Dia da \u00c1rvore ser\u00e1 celebrado com distribui\u00e7\u00e3o de mudas no\u00a0North Shopping Barretos - Regi\u00e3o News","isPartOf":{"@id":"https:\/\/regiaonews.net.br\/2022\/#website"},"primaryImageOfPage":{"@id":"https:\/\/regiaonews.net.br\/2022\/2023\/09\/19\/dia-da-arvore-sera-celebrado-com-distribuicao-de-mudas-no-north-shopping-barretos\/#primaryimage"},"image":{"@id":"https:\/\/regiaonews.net.br\/2022\/2023\/09\/19\/dia-da-arvore-sera-celebrado-com-distribuicao-de-mudas-no-north-shopping-barretos\/#primaryimage"},"thumbnailUrl":"https:\/\/regiaonews.net.br\/2022\/wp-content\/uploads\/2023\/09\/cc8d3906-db97-426e-a1b4-bb38e990b243.jpeg","datePublished":"2023-09-19T22:31:32+00:00","breadcrumb":{"@id":"https:\/\/regiaonews.net.br\/2022\/2023\/09\/19\/dia-da-arvore-sera-celebrado-com-distribuicao-de-mudas-no-north-shopping-barretos\/#breadcrumb"},"inLanguage":"pt-BR","potentialAction":[{"@type":"ReadAction","target":["https:\/\/regiaonews.net.br\/2022\/2023\/09\/19\/dia-da-arvore-sera-celebrado-com-distribuicao-de-mudas-no-north-shopping-barretos\/"]}]},{"@type":"ImageObject","inLanguage":"pt-BR","@id":"https:\/\/regiaonews.net.br\/2022\/2023\/09\/19\/dia-da-arvore-sera-celebrado-com-distribuicao-de-mudas-no-north-shopping-barretos\/#primaryimage","url":"https:\/\/regiaonews.net.br\/2022\/wp-content\/uploads\/2023\/09\/cc8d3906-db97-426e-a1b4-bb38e990b243.jpeg","contentUrl":"https:\/\/regiaonews.net.br\/2022\/wp-content\/uploads\/2023\/09\/cc8d3906-db97-426e-a1b4-bb38e990b243.jpeg","width":1080,"height":1080},{"@type":"BreadcrumbList","@id":"https:\/\/regiaonews.net.br\/2022\/2023\/09\/19\/dia-da-arvore-sera-celebrado-com-distribuicao-de-mudas-no-north-shopping-barretos\/#breadcrumb","itemListElement":[{"@type":"ListItem","position":1,"name":"In\u00edcio","item":"https:\/\/regiaonews.net.br\/2022\/"},{"@type":"ListItem","position":2,"name":"Dia da \u00c1rvore ser\u00e1 celebrado com distribui\u00e7\u00e3o de mudas no\u00a0North Shopping Barretos"}]},{"@type":"WebSite","@id":"https:\/\/regiaonews.net.br\/2022\/#website","url":"https:\/\/regiaonews.net.br\/2022\/","name":"Regi\u00e3o News","description":"Site de Not\u00edcias de Barretos e regi\u00e3o","publisher":{"@id":"https:\/\/regiaonews.net.br\/2022\/#organization"},"potentialAction":[{"@type":"SearchAction","target":{"@type":"EntryPoint","urlTemplate":"https:\/\/regiaonews.net.br\/2022\/?s={search_term_string}"},"query-input":{"@type":"PropertyValueSpecification","valueRequired":true,"valueName":"search_term_string"}}],"inLanguage":"pt-BR"},{"@type":"Organization","@id":"https:\/\/regiaonews.net.br\/2022\/#organization","name":"Regi\u00e3o News","url":"https:\/\/regiaonews.net.br\/2022\/","logo":{"@type":"ImageObject","inLanguage":"pt-BR","@id":"https:\/\/regiaonews.net.br\/2022\/#\/schema\/logo\/image\/","url":"https:\/\/regiaonews.net.br\/2022\/wp-content\/uploads\/2026\/03\/regiao-13-anos-scaled.jpg","contentUrl":"https:\/\/regiaonews.net.br\/2022\/wp-content\/uploads\/2026\/03\/regiao-13-anos-scaled.jpg","width":2560,"height":635,"caption":"Regi\u00e3o News"},"image":{"@id":"https:\/\/regiaonews.net.br\/2022\/#\/schema\/logo\/image\/"}},{"@type":"Person","@id":"https:\/\/regiaonews.net.br\/2022\/#\/schema\/person\/2d205a608a5aa97ac279d7a5e6d89ad8","name":"Roberto","image":{"@type":"ImageObject","inLanguage":"pt-BR","@id":"https:\/\/secure.gravatar.com\/avatar\/42749d8b712ff9d59ca93dc150494e5b55a44134482993f5baeb97e61b7ecc89?s=96&d=mm&r=g","url":"https:\/\/secure.gravatar.com\/avatar\/42749d8b712ff9d59ca93dc150494e5b55a44134482993f5baeb97e61b7ecc89?s=96&d=mm&r=g","contentUrl":"https:\/\/secure.gravatar.com\/avatar\/42749d8b712ff9d59ca93dc150494e5b55a44134482993f5baeb97e61b7ecc89?s=96&d=mm&r=g","caption":"Roberto"},"url":"https:\/\/regiaonews.net.br\/2022\/author\/roberto\/"}]}},"publishpress_future_action":{"enabled":false,"date":"2026-05-03 09:22:55","action":"change-status","newStatus":"draft","terms":[],"taxonomy":"category","extraData":[]},"publishpress_future_workflow_manual_trigger":{"enabledWorkflows":[]},"_links":{"self":[{"href":"https:\/\/regiaonews.net.br\/2022\/wp-json\/wp\/v2\/posts\/95318","targetHints":{"allow":["GET"]}}],"collection":[{"href":"https:\/\/regiaonews.net.br\/2022\/wp-json\/wp\/v2\/posts"}],"about":[{"href":"https:\/\/regiaonews.net.br\/2022\/wp-json\/wp\/v2\/types\/post"}],"author":[{"embeddable":true,"href":"https:\/\/regiaonews.net.br\/2022\/wp-json\/wp\/v2\/users\/2"}],"replies":[{"embeddable":true,"href":"https:\/\/regiaonews.net.br\/2022\/wp-json\/wp\/v2\/comments?post=95318"}],"version-history":[{"count":1,"href":"https:\/\/regiaonews.net.br\/2022\/wp-json\/wp\/v2\/posts\/95318\/revisions"}],"predecessor-version":[{"id":95320,"href":"https:\/\/regiaonews.net.br\/2022\/wp-json\/wp\/v2\/posts\/95318\/revisions\/95320"}],"wp:featuredmedia":[{"embeddable":true,"href":"https:\/\/regiaonews.net.br\/2022\/wp-json\/wp\/v2\/media\/95319"}],"wp:attachment":[{"href":"https:\/\/regiaonews.net.br\/2022\/wp-json\/wp\/v2\/media?parent=95318"}],"wp:term":[{"taxonomy":"category","embeddable":true,"href":"https:\/\/regiaonews.net.br\/2022\/wp-json\/wp\/v2\/categories?post=95318"},{"taxonomy":"post_tag","embeddable":true,"href":"https:\/\/regiaonews.net.br\/2022\/wp-json\/wp\/v2\/tags?post=95318"}],"curies":[{"name":"wp","href":"https:\/\/api.w.org\/{rel}","templated":true}]}}