{"id":95312,"date":"2023-09-19T17:51:39","date_gmt":"2023-09-19T20:51:39","guid":{"rendered":"https:\/\/regiaonews.net.br\/2022\/?p=95312"},"modified":"2023-09-19T17:51:39","modified_gmt":"2023-09-19T20:51:39","slug":"grupo-ep-estreia-ep-agro-primeiro-projeto-multiplataforma-sobre-agro-da-empresa","status":"publish","type":"post","link":"https:\/\/regiaonews.net.br\/2022\/2023\/09\/19\/grupo-ep-estreia-ep-agro-primeiro-projeto-multiplataforma-sobre-agro-da-empresa\/","title":{"rendered":"Grupo EP estreia EP Agro, primeiro projeto multiplataforma sobre agro da empresa"},"content":{"rendered":"<h3 style=\"text-align: center;\">Nova marca contempla produ\u00e7\u00e3o de conte\u00fado em formatos para a EPTV, CBN, portais Globoplay, Tudo EP, acidade on e redes sociais; Projeto conta tamb\u00e9m com novas modalidades de patroc\u00ednio.<\/h3>\n<p>Com EP Agro, as manh\u00e3s de s\u00e1bado da EPTV, emissora do Grupo EP e afiliada da Rede Globo no interior de S\u00e3o Paulo e no sul de Minas Gerais, contam com uma nova programa\u00e7\u00e3o. No dia 23 de setembro estreia o EP Agro na TV, \u00e0s 7h00, e a nova marca faz parte do primeiro projeto do Grupo EP que contempla a vertical de agroneg\u00f3cio, com a cria\u00e7\u00e3o de conte\u00fado em todas as plataformas da empresa, na TV (EPTV), r\u00e1dio (CBN Ribeir\u00e3o e Campinas), portais (<em>Globoplay, Tudo EP, acidade on<\/em>) e redes sociais. O projeto valoriza a for\u00e7a do agroneg\u00f3cio nas regi\u00f5es de cobertura da emissora \u2013 no interior de S\u00e3o Paulo, nas regi\u00f5es de Campinas, Ribeir\u00e3o Preto, regi\u00e3o central do estado de S\u00e3o Paulo e na regi\u00e3o do sul de Minas \u2013 e tem o objetivo de mostrar um agroneg\u00f3cio para al\u00e9m do campo. Sucesso no mercado publicit\u00e1rio, o programa j\u00e1 estreia com as cotas de patroc\u00ednio negociadas e novos formatos comerciais.<\/p>\n<p>Richard Aguiar, diretor de Programa\u00e7\u00e3o e M\u00eddias Digitais do Grupo EP, ressalta o ineditismo do formato do produto, cujo conte\u00fado \u00e9 voltado totalmente para a vertical de agro, envolvendo outras marcas do conglomerado de m\u00eddia e com o objetivo de alcan\u00e7ar diferentes perfis de p\u00fablicos. \u201cEntendemos que a nossa especialidade \u00e9 a produ\u00e7\u00e3o de conte\u00fado de qualidade, em todos os formatos e, por isso, o EP Agro tamb\u00e9m est\u00e1 presente nas r\u00e1dios CBN de Campinas e Ribeir\u00e3o Preto, com um programa complementar aos s\u00e1bados, \u00e0s 9h30, trazendo um bate-papo com especialistas sobre o tema do epis\u00f3dio exibido pela EPTV. Ele possui, ainda, seu espa\u00e7o de not\u00edcias reservado em seu pr\u00f3prio portal, na plataforma\u00a0<a href=\"http:\/\/redeglobo.com\/\" target=\"_blank\" rel=\"noopener\" data-saferedirecturl=\"https:\/\/www.google.com\/url?q=http:\/\/redeglobo.com&amp;source=gmail&amp;ust=1695242904296000&amp;usg=AOvVaw0pCwQj-9k2ySSgt_H6YEsS\">redeglobo.com<\/a>\u00a0e redes sociais\u201d.<\/p>\n<p>Segundo o diretor, o programa foi constru\u00eddo a partir de pesquisas sobre o setor e a converg\u00eancia entre as m\u00eddias. \u201cN\u00f3s levamos a r\u00e1dio para dentro da TV, com o giro de not\u00edcias da semana diretamente da reda\u00e7\u00e3o da CBN. Tamb\u00e9m integramos o \u2018Play no Agro\u2019, que \u00e9 um conte\u00fado que nasceu nas redes sociais com a Luisa Nogueira, para trazer informa\u00e7\u00f5es e conte\u00fado principalmente sobre o sul de Minas. Conseguimos transitar entre os formatos mantendo a ess\u00eancia do nosso DNA e acrescentamos modernidade ao nosso jeito de produzir\u201d, diz Richard.<\/p>\n<p>O Grupo EP est\u00e1 presente em uma importante regi\u00e3o para o agroneg\u00f3cio brasileiro, que abrange desde a produ\u00e7\u00e3o, com empresas expoentes na \u00e1rea e principais eventos do setor, at\u00e9 a pesquisa, com a presen\u00e7a de institutos e universidades com tecnologia de ponta. Fabiana Teixeira, gerente de Entretenimento da EPTV, conta que o programa nasceu do entendimento de que \u00e9 preciso olhar para o agroneg\u00f3cio da regi\u00e3o para al\u00e9m do rural. \u201cPara isso, vamos trazer curiosidades sobre o assunto, contar hist\u00f3rias de pessoas, fam\u00edlias e lugares, mostrar iniciativas de pequenos e grandes produtores. Falamos sobre inova\u00e7\u00e3o e tecnologia, mas sempre com um olhar bastante humano, voltado para essas hist\u00f3rias\u201d, explica.<\/p>\n<p>Com a leveza de um programa de infotenimento, que mistura informa\u00e7\u00e3o de credibilidade com entretenimento, o EP Agro tamb\u00e9m aborda temas como sucess\u00e3o familiar, presen\u00e7a feminina no setor, mercado de trabalho e meteorologia. \u201cContamos com a parceria de influenciadores da regi\u00e3o que s\u00e3o especialistas em agroneg\u00f3cio para participar de conte\u00fados do programa e produzir quadros junto de nossos jornalistas\u201d, adianta a gerente.<\/p>\n<p>O EP Agro ser\u00e1 apresentado pelo jornalista Marcelo Ferri, que vai mostrar a nova realidade do agro, sua pujan\u00e7a, tecnologia, hist\u00f3rias e sustentabilidade.\u00a0\u201c\u00c9 um programa sobre agro diferente do que o p\u00fablico est\u00e1 acostumado porque\u00a0n\u00e3o temos est\u00fadio e a cada epis\u00f3dio estaremos em um local diferente, mostrando v\u00e1rias faces do setor que alavanca a economia do pa\u00eds&#8221;. Ele conta que o conte\u00fado, que ter\u00e1 um formato de infotenimento, tem o apoio de especialistas e consultores do setor, mantendo a credibilidade j\u00e1 conhecida do Grupo EP. &#8220;Estamos sempre em contato com os produtores, meteorologistas, especialistas e consultores que nos apoiam e participam dos programas. Tudo isso para trazer informa\u00e7\u00e3o e entretenimento em um programa completo sobre o setor. Apesar de falar sobre o segmento, as pessoas que n\u00e3o atuam diretamente na \u00e1rea v\u00e3o se interessar pelos temas\u201d, acrescenta o apresentador.<\/p>\n<p><strong>Oportunidades para as marcas<\/strong><\/p>\n<p>Sucesso no mercado, o novo programa estreia com novas possibilidades de formatos comerciais e com as cotas comercializadas, de diversas empresas ligadas ao setor ou que querem se relacionar com o p\u00fablico-alvo: Sicoob Cocred, Copercana, Vittia, UNIFEOB e Caf\u00e9 Brasil Fertilizantes.<\/p>\n<p>Andr\u00e9 Otaviano, diretor de Marketing do Grupo EP, destaca que o projeto in\u00e9dito EP Agro alinha o interesse da audi\u00eancia com o interesse de neg\u00f3cios, atendendo a uma demanda do mercado, e, por isso, foi recebido com tanta ader\u00eancia. \u201cA nova forma de construir projetos na empresa, que chamamos de vertical, est\u00e1 alinhada com a jornada do nosso p\u00fablico, que consome todos os canais e marcas do Grupo EP ao longo da sua rotina, estreitando relacionamento entre as marcas e pessoas&#8221;.<\/p>\n<p>Dentre as novidades de oportunidades comerciais est\u00e3o a possibilidade de as marcas estarem presentes tamb\u00e9m nos conte\u00fados de cota\u00e7\u00f5es dos produtos agr\u00edcolas. &#8220;Para as marcas interessadas no EP Agro, temos oportunidades como patroc\u00ednio de quadros e de presta\u00e7\u00e3o de servi\u00e7os, tanto na EPTV quanto na CBN e portais, a\u00e7\u00e3o de conte\u00fado, merchandising, intervalo comercial e a\u00e7\u00f5es de comercial ao vivo nos eventos da regi\u00e3o. Tamb\u00e9m estamos abertos a construir oportunidades junto do mercado, conforme sua necessidade\u201d, diz o diretor.<\/p>\n<p>Vin\u00edcius Zelante G\u00f3es, diretor de Neg\u00f3cios do Grupo EP, afirma que o programa \u00e9 ideal para marcas que querem falar com o p\u00fablico do agro. \u201cO agroneg\u00f3cio \u00e9 uma das principais alavancas do PIB nacional e estamos em uma regi\u00e3o onde ele \u00e9 muito forte. \u00c9 um segmento representativo e por isso h\u00e1 essa demanda do p\u00fablico e do mercado sobre o assunto. Ent\u00e3o, o EP Agro j\u00e1 nasce sendo um sucesso comercial, seja pela demanda, seja porque conseguimos desenvolver um produto pensado em um formato 360o, em todos os detalhes\u201d.<\/p>\n","protected":false},"excerpt":{"rendered":"<p>Nova marca contempla produ\u00e7\u00e3o de conte\u00fado em formatos para a<\/p>\n","protected":false},"author":2,"featured_media":95313,"comment_status":"open","ping_status":"open","sticky":false,"template":"","format":"standard","meta":{"footnotes":""},"categories":[24,3],"tags":[],"class_list":["post-95312","post","type-post","status-publish","format-standard","has-post-thumbnail","hentry","category-brasil","category-geral"],"yoast_head":"<!-- This site is optimized with the Yoast SEO plugin v27.4 - https:\/\/yoast.com\/product\/yoast-seo-wordpress\/ -->\n<title>Grupo EP estreia EP Agro, primeiro projeto multiplataforma sobre agro da empresa - Regi\u00e3o News<\/title>\n<meta name=\"robots\" content=\"index, follow, max-snippet:-1, max-image-preview:large, max-video-preview:-1\" \/>\n<link rel=\"canonical\" href=\"https:\/\/regiaonews.net.br\/2022\/2023\/09\/19\/grupo-ep-estreia-ep-agro-primeiro-projeto-multiplataforma-sobre-agro-da-empresa\/\" \/>\n<meta property=\"og:locale\" content=\"pt_BR\" \/>\n<meta property=\"og:type\" content=\"article\" \/>\n<meta property=\"og:title\" content=\"Grupo EP estreia EP Agro, primeiro projeto multiplataforma sobre agro da empresa - Regi\u00e3o News\" \/>\n<meta property=\"og:description\" content=\"Nova marca contempla produ\u00e7\u00e3o de conte\u00fado em formatos para a\" \/>\n<meta property=\"og:url\" content=\"https:\/\/regiaonews.net.br\/2022\/2023\/09\/19\/grupo-ep-estreia-ep-agro-primeiro-projeto-multiplataforma-sobre-agro-da-empresa\/\" \/>\n<meta property=\"og:site_name\" content=\"Regi\u00e3o News\" \/>\n<meta property=\"article:published_time\" content=\"2023-09-19T20:51:39+00:00\" \/>\n<meta property=\"og:image\" content=\"https:\/\/regiaonews.net.br\/2022\/wp-content\/uploads\/2023\/09\/unnamed-1-scaled.jpg\" \/>\n\t<meta property=\"og:image:width\" content=\"2560\" \/>\n\t<meta property=\"og:image:height\" content=\"1707\" \/>\n\t<meta property=\"og:image:type\" content=\"image\/jpeg\" \/>\n<meta name=\"author\" content=\"Roberto\" \/>\n<meta name=\"twitter:card\" content=\"summary_large_image\" \/>\n<meta name=\"twitter:label1\" content=\"Escrito por\" \/>\n\t<meta name=\"twitter:data1\" content=\"Roberto\" \/>\n\t<meta name=\"twitter:label2\" content=\"Est. tempo de leitura\" \/>\n\t<meta name=\"twitter:data2\" content=\"6 minutos\" \/>\n<script type=\"application\/ld+json\" class=\"yoast-schema-graph\">{\"@context\":\"https:\\\/\\\/schema.org\",\"@graph\":[{\"@type\":\"Article\",\"@id\":\"https:\\\/\\\/regiaonews.net.br\\\/2022\\\/2023\\\/09\\\/19\\\/grupo-ep-estreia-ep-agro-primeiro-projeto-multiplataforma-sobre-agro-da-empresa\\\/#article\",\"isPartOf\":{\"@id\":\"https:\\\/\\\/regiaonews.net.br\\\/2022\\\/2023\\\/09\\\/19\\\/grupo-ep-estreia-ep-agro-primeiro-projeto-multiplataforma-sobre-agro-da-empresa\\\/\"},\"author\":{\"name\":\"Roberto\",\"@id\":\"https:\\\/\\\/regiaonews.net.br\\\/2022\\\/#\\\/schema\\\/person\\\/2d205a608a5aa97ac279d7a5e6d89ad8\"},\"headline\":\"Grupo EP estreia EP Agro, primeiro projeto multiplataforma sobre agro da empresa\",\"datePublished\":\"2023-09-19T20:51:39+00:00\",\"mainEntityOfPage\":{\"@id\":\"https:\\\/\\\/regiaonews.net.br\\\/2022\\\/2023\\\/09\\\/19\\\/grupo-ep-estreia-ep-agro-primeiro-projeto-multiplataforma-sobre-agro-da-empresa\\\/\"},\"wordCount\":1121,\"commentCount\":0,\"publisher\":{\"@id\":\"https:\\\/\\\/regiaonews.net.br\\\/2022\\\/#organization\"},\"image\":{\"@id\":\"https:\\\/\\\/regiaonews.net.br\\\/2022\\\/2023\\\/09\\\/19\\\/grupo-ep-estreia-ep-agro-primeiro-projeto-multiplataforma-sobre-agro-da-empresa\\\/#primaryimage\"},\"thumbnailUrl\":\"https:\\\/\\\/regiaonews.net.br\\\/2022\\\/wp-content\\\/uploads\\\/2023\\\/09\\\/unnamed-1-scaled.jpg\",\"articleSection\":[\"Brasil\",\"Geral\"],\"inLanguage\":\"pt-BR\",\"potentialAction\":[{\"@type\":\"CommentAction\",\"name\":\"Comment\",\"target\":[\"https:\\\/\\\/regiaonews.net.br\\\/2022\\\/2023\\\/09\\\/19\\\/grupo-ep-estreia-ep-agro-primeiro-projeto-multiplataforma-sobre-agro-da-empresa\\\/#respond\"]}]},{\"@type\":\"WebPage\",\"@id\":\"https:\\\/\\\/regiaonews.net.br\\\/2022\\\/2023\\\/09\\\/19\\\/grupo-ep-estreia-ep-agro-primeiro-projeto-multiplataforma-sobre-agro-da-empresa\\\/\",\"url\":\"https:\\\/\\\/regiaonews.net.br\\\/2022\\\/2023\\\/09\\\/19\\\/grupo-ep-estreia-ep-agro-primeiro-projeto-multiplataforma-sobre-agro-da-empresa\\\/\",\"name\":\"Grupo EP estreia EP Agro, primeiro projeto multiplataforma sobre agro da empresa - Regi\u00e3o News\",\"isPartOf\":{\"@id\":\"https:\\\/\\\/regiaonews.net.br\\\/2022\\\/#website\"},\"primaryImageOfPage\":{\"@id\":\"https:\\\/\\\/regiaonews.net.br\\\/2022\\\/2023\\\/09\\\/19\\\/grupo-ep-estreia-ep-agro-primeiro-projeto-multiplataforma-sobre-agro-da-empresa\\\/#primaryimage\"},\"image\":{\"@id\":\"https:\\\/\\\/regiaonews.net.br\\\/2022\\\/2023\\\/09\\\/19\\\/grupo-ep-estreia-ep-agro-primeiro-projeto-multiplataforma-sobre-agro-da-empresa\\\/#primaryimage\"},\"thumbnailUrl\":\"https:\\\/\\\/regiaonews.net.br\\\/2022\\\/wp-content\\\/uploads\\\/2023\\\/09\\\/unnamed-1-scaled.jpg\",\"datePublished\":\"2023-09-19T20:51:39+00:00\",\"breadcrumb\":{\"@id\":\"https:\\\/\\\/regiaonews.net.br\\\/2022\\\/2023\\\/09\\\/19\\\/grupo-ep-estreia-ep-agro-primeiro-projeto-multiplataforma-sobre-agro-da-empresa\\\/#breadcrumb\"},\"inLanguage\":\"pt-BR\",\"potentialAction\":[{\"@type\":\"ReadAction\",\"target\":[\"https:\\\/\\\/regiaonews.net.br\\\/2022\\\/2023\\\/09\\\/19\\\/grupo-ep-estreia-ep-agro-primeiro-projeto-multiplataforma-sobre-agro-da-empresa\\\/\"]}]},{\"@type\":\"ImageObject\",\"inLanguage\":\"pt-BR\",\"@id\":\"https:\\\/\\\/regiaonews.net.br\\\/2022\\\/2023\\\/09\\\/19\\\/grupo-ep-estreia-ep-agro-primeiro-projeto-multiplataforma-sobre-agro-da-empresa\\\/#primaryimage\",\"url\":\"https:\\\/\\\/regiaonews.net.br\\\/2022\\\/wp-content\\\/uploads\\\/2023\\\/09\\\/unnamed-1-scaled.jpg\",\"contentUrl\":\"https:\\\/\\\/regiaonews.net.br\\\/2022\\\/wp-content\\\/uploads\\\/2023\\\/09\\\/unnamed-1-scaled.jpg\",\"width\":2560,\"height\":1707},{\"@type\":\"BreadcrumbList\",\"@id\":\"https:\\\/\\\/regiaonews.net.br\\\/2022\\\/2023\\\/09\\\/19\\\/grupo-ep-estreia-ep-agro-primeiro-projeto-multiplataforma-sobre-agro-da-empresa\\\/#breadcrumb\",\"itemListElement\":[{\"@type\":\"ListItem\",\"position\":1,\"name\":\"In\u00edcio\",\"item\":\"https:\\\/\\\/regiaonews.net.br\\\/2022\\\/\"},{\"@type\":\"ListItem\",\"position\":2,\"name\":\"Grupo EP estreia EP Agro, primeiro projeto multiplataforma sobre agro da empresa\"}]},{\"@type\":\"WebSite\",\"@id\":\"https:\\\/\\\/regiaonews.net.br\\\/2022\\\/#website\",\"url\":\"https:\\\/\\\/regiaonews.net.br\\\/2022\\\/\",\"name\":\"Regi\u00e3o News\",\"description\":\"Site de Not\u00edcias de Barretos e regi\u00e3o\",\"publisher\":{\"@id\":\"https:\\\/\\\/regiaonews.net.br\\\/2022\\\/#organization\"},\"potentialAction\":[{\"@type\":\"SearchAction\",\"target\":{\"@type\":\"EntryPoint\",\"urlTemplate\":\"https:\\\/\\\/regiaonews.net.br\\\/2022\\\/?s={search_term_string}\"},\"query-input\":{\"@type\":\"PropertyValueSpecification\",\"valueRequired\":true,\"valueName\":\"search_term_string\"}}],\"inLanguage\":\"pt-BR\"},{\"@type\":\"Organization\",\"@id\":\"https:\\\/\\\/regiaonews.net.br\\\/2022\\\/#organization\",\"name\":\"Regi\u00e3o News\",\"url\":\"https:\\\/\\\/regiaonews.net.br\\\/2022\\\/\",\"logo\":{\"@type\":\"ImageObject\",\"inLanguage\":\"pt-BR\",\"@id\":\"https:\\\/\\\/regiaonews.net.br\\\/2022\\\/#\\\/schema\\\/logo\\\/image\\\/\",\"url\":\"https:\\\/\\\/regiaonews.net.br\\\/2022\\\/wp-content\\\/uploads\\\/2026\\\/03\\\/regiao-13-anos-scaled.jpg\",\"contentUrl\":\"https:\\\/\\\/regiaonews.net.br\\\/2022\\\/wp-content\\\/uploads\\\/2026\\\/03\\\/regiao-13-anos-scaled.jpg\",\"width\":2560,\"height\":635,\"caption\":\"Regi\u00e3o News\"},\"image\":{\"@id\":\"https:\\\/\\\/regiaonews.net.br\\\/2022\\\/#\\\/schema\\\/logo\\\/image\\\/\"}},{\"@type\":\"Person\",\"@id\":\"https:\\\/\\\/regiaonews.net.br\\\/2022\\\/#\\\/schema\\\/person\\\/2d205a608a5aa97ac279d7a5e6d89ad8\",\"name\":\"Roberto\",\"image\":{\"@type\":\"ImageObject\",\"inLanguage\":\"pt-BR\",\"@id\":\"https:\\\/\\\/secure.gravatar.com\\\/avatar\\\/42749d8b712ff9d59ca93dc150494e5b55a44134482993f5baeb97e61b7ecc89?s=96&d=mm&r=g\",\"url\":\"https:\\\/\\\/secure.gravatar.com\\\/avatar\\\/42749d8b712ff9d59ca93dc150494e5b55a44134482993f5baeb97e61b7ecc89?s=96&d=mm&r=g\",\"contentUrl\":\"https:\\\/\\\/secure.gravatar.com\\\/avatar\\\/42749d8b712ff9d59ca93dc150494e5b55a44134482993f5baeb97e61b7ecc89?s=96&d=mm&r=g\",\"caption\":\"Roberto\"},\"url\":\"https:\\\/\\\/regiaonews.net.br\\\/2022\\\/author\\\/roberto\\\/\"}]}<\/script>\n<!-- \/ Yoast SEO plugin. -->","yoast_head_json":{"title":"Grupo EP estreia EP Agro, primeiro projeto multiplataforma sobre agro da empresa - Regi\u00e3o News","robots":{"index":"index","follow":"follow","max-snippet":"max-snippet:-1","max-image-preview":"max-image-preview:large","max-video-preview":"max-video-preview:-1"},"canonical":"https:\/\/regiaonews.net.br\/2022\/2023\/09\/19\/grupo-ep-estreia-ep-agro-primeiro-projeto-multiplataforma-sobre-agro-da-empresa\/","og_locale":"pt_BR","og_type":"article","og_title":"Grupo EP estreia EP Agro, primeiro projeto multiplataforma sobre agro da empresa - Regi\u00e3o News","og_description":"Nova marca contempla produ\u00e7\u00e3o de conte\u00fado em formatos para a","og_url":"https:\/\/regiaonews.net.br\/2022\/2023\/09\/19\/grupo-ep-estreia-ep-agro-primeiro-projeto-multiplataforma-sobre-agro-da-empresa\/","og_site_name":"Regi\u00e3o News","article_published_time":"2023-09-19T20:51:39+00:00","og_image":[{"width":2560,"height":1707,"url":"https:\/\/regiaonews.net.br\/2022\/wp-content\/uploads\/2023\/09\/unnamed-1-scaled.jpg","type":"image\/jpeg"}],"author":"Roberto","twitter_card":"summary_large_image","twitter_misc":{"Escrito por":"Roberto","Est. tempo de leitura":"6 minutos"},"schema":{"@context":"https:\/\/schema.org","@graph":[{"@type":"Article","@id":"https:\/\/regiaonews.net.br\/2022\/2023\/09\/19\/grupo-ep-estreia-ep-agro-primeiro-projeto-multiplataforma-sobre-agro-da-empresa\/#article","isPartOf":{"@id":"https:\/\/regiaonews.net.br\/2022\/2023\/09\/19\/grupo-ep-estreia-ep-agro-primeiro-projeto-multiplataforma-sobre-agro-da-empresa\/"},"author":{"name":"Roberto","@id":"https:\/\/regiaonews.net.br\/2022\/#\/schema\/person\/2d205a608a5aa97ac279d7a5e6d89ad8"},"headline":"Grupo EP estreia EP Agro, primeiro projeto multiplataforma sobre agro da empresa","datePublished":"2023-09-19T20:51:39+00:00","mainEntityOfPage":{"@id":"https:\/\/regiaonews.net.br\/2022\/2023\/09\/19\/grupo-ep-estreia-ep-agro-primeiro-projeto-multiplataforma-sobre-agro-da-empresa\/"},"wordCount":1121,"commentCount":0,"publisher":{"@id":"https:\/\/regiaonews.net.br\/2022\/#organization"},"image":{"@id":"https:\/\/regiaonews.net.br\/2022\/2023\/09\/19\/grupo-ep-estreia-ep-agro-primeiro-projeto-multiplataforma-sobre-agro-da-empresa\/#primaryimage"},"thumbnailUrl":"https:\/\/regiaonews.net.br\/2022\/wp-content\/uploads\/2023\/09\/unnamed-1-scaled.jpg","articleSection":["Brasil","Geral"],"inLanguage":"pt-BR","potentialAction":[{"@type":"CommentAction","name":"Comment","target":["https:\/\/regiaonews.net.br\/2022\/2023\/09\/19\/grupo-ep-estreia-ep-agro-primeiro-projeto-multiplataforma-sobre-agro-da-empresa\/#respond"]}]},{"@type":"WebPage","@id":"https:\/\/regiaonews.net.br\/2022\/2023\/09\/19\/grupo-ep-estreia-ep-agro-primeiro-projeto-multiplataforma-sobre-agro-da-empresa\/","url":"https:\/\/regiaonews.net.br\/2022\/2023\/09\/19\/grupo-ep-estreia-ep-agro-primeiro-projeto-multiplataforma-sobre-agro-da-empresa\/","name":"Grupo EP estreia EP Agro, primeiro projeto multiplataforma sobre agro da empresa - Regi\u00e3o News","isPartOf":{"@id":"https:\/\/regiaonews.net.br\/2022\/#website"},"primaryImageOfPage":{"@id":"https:\/\/regiaonews.net.br\/2022\/2023\/09\/19\/grupo-ep-estreia-ep-agro-primeiro-projeto-multiplataforma-sobre-agro-da-empresa\/#primaryimage"},"image":{"@id":"https:\/\/regiaonews.net.br\/2022\/2023\/09\/19\/grupo-ep-estreia-ep-agro-primeiro-projeto-multiplataforma-sobre-agro-da-empresa\/#primaryimage"},"thumbnailUrl":"https:\/\/regiaonews.net.br\/2022\/wp-content\/uploads\/2023\/09\/unnamed-1-scaled.jpg","datePublished":"2023-09-19T20:51:39+00:00","breadcrumb":{"@id":"https:\/\/regiaonews.net.br\/2022\/2023\/09\/19\/grupo-ep-estreia-ep-agro-primeiro-projeto-multiplataforma-sobre-agro-da-empresa\/#breadcrumb"},"inLanguage":"pt-BR","potentialAction":[{"@type":"ReadAction","target":["https:\/\/regiaonews.net.br\/2022\/2023\/09\/19\/grupo-ep-estreia-ep-agro-primeiro-projeto-multiplataforma-sobre-agro-da-empresa\/"]}]},{"@type":"ImageObject","inLanguage":"pt-BR","@id":"https:\/\/regiaonews.net.br\/2022\/2023\/09\/19\/grupo-ep-estreia-ep-agro-primeiro-projeto-multiplataforma-sobre-agro-da-empresa\/#primaryimage","url":"https:\/\/regiaonews.net.br\/2022\/wp-content\/uploads\/2023\/09\/unnamed-1-scaled.jpg","contentUrl":"https:\/\/regiaonews.net.br\/2022\/wp-content\/uploads\/2023\/09\/unnamed-1-scaled.jpg","width":2560,"height":1707},{"@type":"BreadcrumbList","@id":"https:\/\/regiaonews.net.br\/2022\/2023\/09\/19\/grupo-ep-estreia-ep-agro-primeiro-projeto-multiplataforma-sobre-agro-da-empresa\/#breadcrumb","itemListElement":[{"@type":"ListItem","position":1,"name":"In\u00edcio","item":"https:\/\/regiaonews.net.br\/2022\/"},{"@type":"ListItem","position":2,"name":"Grupo EP estreia EP Agro, primeiro projeto multiplataforma sobre agro da empresa"}]},{"@type":"WebSite","@id":"https:\/\/regiaonews.net.br\/2022\/#website","url":"https:\/\/regiaonews.net.br\/2022\/","name":"Regi\u00e3o News","description":"Site de Not\u00edcias de Barretos e regi\u00e3o","publisher":{"@id":"https:\/\/regiaonews.net.br\/2022\/#organization"},"potentialAction":[{"@type":"SearchAction","target":{"@type":"EntryPoint","urlTemplate":"https:\/\/regiaonews.net.br\/2022\/?s={search_term_string}"},"query-input":{"@type":"PropertyValueSpecification","valueRequired":true,"valueName":"search_term_string"}}],"inLanguage":"pt-BR"},{"@type":"Organization","@id":"https:\/\/regiaonews.net.br\/2022\/#organization","name":"Regi\u00e3o News","url":"https:\/\/regiaonews.net.br\/2022\/","logo":{"@type":"ImageObject","inLanguage":"pt-BR","@id":"https:\/\/regiaonews.net.br\/2022\/#\/schema\/logo\/image\/","url":"https:\/\/regiaonews.net.br\/2022\/wp-content\/uploads\/2026\/03\/regiao-13-anos-scaled.jpg","contentUrl":"https:\/\/regiaonews.net.br\/2022\/wp-content\/uploads\/2026\/03\/regiao-13-anos-scaled.jpg","width":2560,"height":635,"caption":"Regi\u00e3o News"},"image":{"@id":"https:\/\/regiaonews.net.br\/2022\/#\/schema\/logo\/image\/"}},{"@type":"Person","@id":"https:\/\/regiaonews.net.br\/2022\/#\/schema\/person\/2d205a608a5aa97ac279d7a5e6d89ad8","name":"Roberto","image":{"@type":"ImageObject","inLanguage":"pt-BR","@id":"https:\/\/secure.gravatar.com\/avatar\/42749d8b712ff9d59ca93dc150494e5b55a44134482993f5baeb97e61b7ecc89?s=96&d=mm&r=g","url":"https:\/\/secure.gravatar.com\/avatar\/42749d8b712ff9d59ca93dc150494e5b55a44134482993f5baeb97e61b7ecc89?s=96&d=mm&r=g","contentUrl":"https:\/\/secure.gravatar.com\/avatar\/42749d8b712ff9d59ca93dc150494e5b55a44134482993f5baeb97e61b7ecc89?s=96&d=mm&r=g","caption":"Roberto"},"url":"https:\/\/regiaonews.net.br\/2022\/author\/roberto\/"}]}},"publishpress_future_action":{"enabled":false,"date":"2026-05-03 14:11:14","action":"change-status","newStatus":"draft","terms":[],"taxonomy":"category","extraData":[]},"publishpress_future_workflow_manual_trigger":{"enabledWorkflows":[]},"_links":{"self":[{"href":"https:\/\/regiaonews.net.br\/2022\/wp-json\/wp\/v2\/posts\/95312","targetHints":{"allow":["GET"]}}],"collection":[{"href":"https:\/\/regiaonews.net.br\/2022\/wp-json\/wp\/v2\/posts"}],"about":[{"href":"https:\/\/regiaonews.net.br\/2022\/wp-json\/wp\/v2\/types\/post"}],"author":[{"embeddable":true,"href":"https:\/\/regiaonews.net.br\/2022\/wp-json\/wp\/v2\/users\/2"}],"replies":[{"embeddable":true,"href":"https:\/\/regiaonews.net.br\/2022\/wp-json\/wp\/v2\/comments?post=95312"}],"version-history":[{"count":1,"href":"https:\/\/regiaonews.net.br\/2022\/wp-json\/wp\/v2\/posts\/95312\/revisions"}],"predecessor-version":[{"id":95314,"href":"https:\/\/regiaonews.net.br\/2022\/wp-json\/wp\/v2\/posts\/95312\/revisions\/95314"}],"wp:featuredmedia":[{"embeddable":true,"href":"https:\/\/regiaonews.net.br\/2022\/wp-json\/wp\/v2\/media\/95313"}],"wp:attachment":[{"href":"https:\/\/regiaonews.net.br\/2022\/wp-json\/wp\/v2\/media?parent=95312"}],"wp:term":[{"taxonomy":"category","embeddable":true,"href":"https:\/\/regiaonews.net.br\/2022\/wp-json\/wp\/v2\/categories?post=95312"},{"taxonomy":"post_tag","embeddable":true,"href":"https:\/\/regiaonews.net.br\/2022\/wp-json\/wp\/v2\/tags?post=95312"}],"curies":[{"name":"wp","href":"https:\/\/api.w.org\/{rel}","templated":true}]}}