{"id":95308,"date":"2023-09-19T17:40:39","date_gmt":"2023-09-19T20:40:39","guid":{"rendered":"https:\/\/regiaonews.net.br\/2022\/?p=95308"},"modified":"2023-09-19T17:40:39","modified_gmt":"2023-09-19T20:40:39","slug":"escola-do-vida-nova-sera-local-de-votacao-nas-eleicoes-2024-informa-justica-eleitoral","status":"publish","type":"post","link":"https:\/\/regiaonews.net.br\/2022\/2023\/09\/19\/escola-do-vida-nova-sera-local-de-votacao-nas-eleicoes-2024-informa-justica-eleitoral\/","title":{"rendered":"Escola do Vida Nova ser\u00e1 local de vota\u00e7\u00e3o nas elei\u00e7\u00f5es 2024,  informa Justi\u00e7a Eleitoral"},"content":{"rendered":"<p>O Cart\u00f3rio Eleitoral de Barretos divulgou que a Escola Municipal Professora Ivone Diniz Junqueira, localizada na Avenida VN 5 5 &#8211; Irlandino Netto Sandoval, no Conjunto Habitacional Vida Nova, em Barretos, passar\u00e1 a ter local de vota\u00e7\u00e3o nas elei\u00e7\u00f5es municipais de 2024. Segundo a chefe do Cart\u00f3rio Eleitoral, Alessandra Tamarozi, os eleitores interessados podem j\u00e1 fazer a transfer\u00eancia para o novo local, de forma presencial das 11h \u00e0s 17h na sede do Cart\u00f3rio Eleitoral ou pelo site no endere\u00e7o:\u00a0<a id=\"LPlnk531136\" href=\"https:\/\/www.tse.jus.br\/servicos-eleitorais\/autoatendimento-eleitoral#\/atendimento-eleitor\" target=\"_blank\" rel=\"noopener noreferrer\" data-auth=\"NotApplicable\" data-linkindex=\"0\">https:\/\/www.tse.jus.br\/servicos-eleitorais\/autoatendimento-eleitoral#\/atendimento-eleitor<\/a><\/p>\n<p>&nbsp;<\/p>\n<p>&nbsp;<\/p>\n","protected":false},"excerpt":{"rendered":"<p>O Cart\u00f3rio Eleitoral de Barretos divulgou que a Escola Municipal<\/p>\n","protected":false},"author":2,"featured_media":73917,"comment_status":"open","ping_status":"open","sticky":false,"template":"","format":"standard","meta":{"footnotes":""},"categories":[14,25],"tags":[],"class_list":["post-95308","post","type-post","status-publish","format-standard","has-post-thumbnail","hentry","category-barretos","category-cidades"],"yoast_head":"<!-- This site is optimized with the Yoast SEO plugin v27.4 - https:\/\/yoast.com\/product\/yoast-seo-wordpress\/ -->\n<title>Escola do Vida Nova ser\u00e1 local de vota\u00e7\u00e3o nas elei\u00e7\u00f5es 2024<\/title>\n<meta name=\"description\" content=\"O Cart\u00f3rio Eleitoral de Barretos divulgou que a Escola Municipal Professora Ivone Diniz Junqueira, localizada na Avenida VN 5 5\" \/>\n<meta name=\"robots\" content=\"index, follow, max-snippet:-1, max-image-preview:large, max-video-preview:-1\" \/>\n<link rel=\"canonical\" href=\"https:\/\/regiaonews.net.br\/2022\/2023\/09\/19\/escola-do-vida-nova-sera-local-de-votacao-nas-eleicoes-2024-informa-justica-eleitoral\/\" \/>\n<meta property=\"og:locale\" content=\"pt_BR\" \/>\n<meta property=\"og:type\" content=\"article\" \/>\n<meta property=\"og:title\" content=\"Escola do Vida Nova ser\u00e1 local de vota\u00e7\u00e3o nas elei\u00e7\u00f5es 2024\" \/>\n<meta property=\"og:description\" content=\"O Cart\u00f3rio Eleitoral de Barretos divulgou que a Escola Municipal Professora Ivone Diniz Junqueira, localizada na Avenida VN 5 5\" \/>\n<meta property=\"og:url\" content=\"https:\/\/regiaonews.net.br\/2022\/2023\/09\/19\/escola-do-vida-nova-sera-local-de-votacao-nas-eleicoes-2024-informa-justica-eleitoral\/\" \/>\n<meta property=\"og:site_name\" content=\"Regi\u00e3o News\" \/>\n<meta property=\"article:published_time\" content=\"2023-09-19T20:40:39+00:00\" \/>\n<meta property=\"og:image\" content=\"https:\/\/regiaonews.net.br\/2022\/wp-content\/uploads\/2022\/06\/WhatsApp-Image-2022-06-24-at-11.53.37.jpeg\" \/>\n\t<meta property=\"og:image:width\" content=\"650\" \/>\n\t<meta property=\"og:image:height\" content=\"450\" \/>\n\t<meta property=\"og:image:type\" content=\"image\/jpeg\" \/>\n<meta name=\"author\" content=\"Roberto\" \/>\n<meta name=\"twitter:card\" content=\"summary_large_image\" \/>\n<meta name=\"twitter:label1\" content=\"Escrito por\" \/>\n\t<meta name=\"twitter:data1\" content=\"Roberto\" \/>\n\t<meta name=\"twitter:label2\" content=\"Est. tempo de leitura\" \/>\n\t<meta name=\"twitter:data2\" content=\"1 minuto\" \/>\n<script type=\"application\/ld+json\" class=\"yoast-schema-graph\">{\"@context\":\"https:\\\/\\\/schema.org\",\"@graph\":[{\"@type\":\"Article\",\"@id\":\"https:\\\/\\\/regiaonews.net.br\\\/2022\\\/2023\\\/09\\\/19\\\/escola-do-vida-nova-sera-local-de-votacao-nas-eleicoes-2024-informa-justica-eleitoral\\\/#article\",\"isPartOf\":{\"@id\":\"https:\\\/\\\/regiaonews.net.br\\\/2022\\\/2023\\\/09\\\/19\\\/escola-do-vida-nova-sera-local-de-votacao-nas-eleicoes-2024-informa-justica-eleitoral\\\/\"},\"author\":{\"name\":\"Roberto\",\"@id\":\"https:\\\/\\\/regiaonews.net.br\\\/2022\\\/#\\\/schema\\\/person\\\/2d205a608a5aa97ac279d7a5e6d89ad8\"},\"headline\":\"Escola do Vida Nova ser\u00e1 local de vota\u00e7\u00e3o nas elei\u00e7\u00f5es 2024, informa Justi\u00e7a Eleitoral\",\"datePublished\":\"2023-09-19T20:40:39+00:00\",\"mainEntityOfPage\":{\"@id\":\"https:\\\/\\\/regiaonews.net.br\\\/2022\\\/2023\\\/09\\\/19\\\/escola-do-vida-nova-sera-local-de-votacao-nas-eleicoes-2024-informa-justica-eleitoral\\\/\"},\"wordCount\":109,\"commentCount\":0,\"publisher\":{\"@id\":\"https:\\\/\\\/regiaonews.net.br\\\/2022\\\/#organization\"},\"image\":{\"@id\":\"https:\\\/\\\/regiaonews.net.br\\\/2022\\\/2023\\\/09\\\/19\\\/escola-do-vida-nova-sera-local-de-votacao-nas-eleicoes-2024-informa-justica-eleitoral\\\/#primaryimage\"},\"thumbnailUrl\":\"https:\\\/\\\/regiaonews.net.br\\\/2022\\\/wp-content\\\/uploads\\\/2022\\\/06\\\/WhatsApp-Image-2022-06-24-at-11.53.37.jpeg\",\"articleSection\":[\"Barretos\",\"Cidades\"],\"inLanguage\":\"pt-BR\",\"potentialAction\":[{\"@type\":\"CommentAction\",\"name\":\"Comment\",\"target\":[\"https:\\\/\\\/regiaonews.net.br\\\/2022\\\/2023\\\/09\\\/19\\\/escola-do-vida-nova-sera-local-de-votacao-nas-eleicoes-2024-informa-justica-eleitoral\\\/#respond\"]}]},{\"@type\":\"WebPage\",\"@id\":\"https:\\\/\\\/regiaonews.net.br\\\/2022\\\/2023\\\/09\\\/19\\\/escola-do-vida-nova-sera-local-de-votacao-nas-eleicoes-2024-informa-justica-eleitoral\\\/\",\"url\":\"https:\\\/\\\/regiaonews.net.br\\\/2022\\\/2023\\\/09\\\/19\\\/escola-do-vida-nova-sera-local-de-votacao-nas-eleicoes-2024-informa-justica-eleitoral\\\/\",\"name\":\"Escola do Vida Nova ser\u00e1 local de vota\u00e7\u00e3o nas elei\u00e7\u00f5es 2024\",\"isPartOf\":{\"@id\":\"https:\\\/\\\/regiaonews.net.br\\\/2022\\\/#website\"},\"primaryImageOfPage\":{\"@id\":\"https:\\\/\\\/regiaonews.net.br\\\/2022\\\/2023\\\/09\\\/19\\\/escola-do-vida-nova-sera-local-de-votacao-nas-eleicoes-2024-informa-justica-eleitoral\\\/#primaryimage\"},\"image\":{\"@id\":\"https:\\\/\\\/regiaonews.net.br\\\/2022\\\/2023\\\/09\\\/19\\\/escola-do-vida-nova-sera-local-de-votacao-nas-eleicoes-2024-informa-justica-eleitoral\\\/#primaryimage\"},\"thumbnailUrl\":\"https:\\\/\\\/regiaonews.net.br\\\/2022\\\/wp-content\\\/uploads\\\/2022\\\/06\\\/WhatsApp-Image-2022-06-24-at-11.53.37.jpeg\",\"datePublished\":\"2023-09-19T20:40:39+00:00\",\"description\":\"O Cart\u00f3rio Eleitoral de Barretos divulgou que a Escola Municipal Professora Ivone Diniz Junqueira, localizada na Avenida VN 5 5\",\"breadcrumb\":{\"@id\":\"https:\\\/\\\/regiaonews.net.br\\\/2022\\\/2023\\\/09\\\/19\\\/escola-do-vida-nova-sera-local-de-votacao-nas-eleicoes-2024-informa-justica-eleitoral\\\/#breadcrumb\"},\"inLanguage\":\"pt-BR\",\"potentialAction\":[{\"@type\":\"ReadAction\",\"target\":[\"https:\\\/\\\/regiaonews.net.br\\\/2022\\\/2023\\\/09\\\/19\\\/escola-do-vida-nova-sera-local-de-votacao-nas-eleicoes-2024-informa-justica-eleitoral\\\/\"]}]},{\"@type\":\"ImageObject\",\"inLanguage\":\"pt-BR\",\"@id\":\"https:\\\/\\\/regiaonews.net.br\\\/2022\\\/2023\\\/09\\\/19\\\/escola-do-vida-nova-sera-local-de-votacao-nas-eleicoes-2024-informa-justica-eleitoral\\\/#primaryimage\",\"url\":\"https:\\\/\\\/regiaonews.net.br\\\/2022\\\/wp-content\\\/uploads\\\/2022\\\/06\\\/WhatsApp-Image-2022-06-24-at-11.53.37.jpeg\",\"contentUrl\":\"https:\\\/\\\/regiaonews.net.br\\\/2022\\\/wp-content\\\/uploads\\\/2022\\\/06\\\/WhatsApp-Image-2022-06-24-at-11.53.37.jpeg\",\"width\":650,\"height\":450,\"caption\":\"Alessandra Tamarozi, chefe do Cart\u00f3rio Eleitoral\"},{\"@type\":\"BreadcrumbList\",\"@id\":\"https:\\\/\\\/regiaonews.net.br\\\/2022\\\/2023\\\/09\\\/19\\\/escola-do-vida-nova-sera-local-de-votacao-nas-eleicoes-2024-informa-justica-eleitoral\\\/#breadcrumb\",\"itemListElement\":[{\"@type\":\"ListItem\",\"position\":1,\"name\":\"In\u00edcio\",\"item\":\"https:\\\/\\\/regiaonews.net.br\\\/2022\\\/\"},{\"@type\":\"ListItem\",\"position\":2,\"name\":\"Escola do Vida Nova ser\u00e1 local de vota\u00e7\u00e3o nas elei\u00e7\u00f5es 2024, informa Justi\u00e7a Eleitoral\"}]},{\"@type\":\"WebSite\",\"@id\":\"https:\\\/\\\/regiaonews.net.br\\\/2022\\\/#website\",\"url\":\"https:\\\/\\\/regiaonews.net.br\\\/2022\\\/\",\"name\":\"Regi\u00e3o News\",\"description\":\"Site de Not\u00edcias de Barretos e regi\u00e3o\",\"publisher\":{\"@id\":\"https:\\\/\\\/regiaonews.net.br\\\/2022\\\/#organization\"},\"potentialAction\":[{\"@type\":\"SearchAction\",\"target\":{\"@type\":\"EntryPoint\",\"urlTemplate\":\"https:\\\/\\\/regiaonews.net.br\\\/2022\\\/?s={search_term_string}\"},\"query-input\":{\"@type\":\"PropertyValueSpecification\",\"valueRequired\":true,\"valueName\":\"search_term_string\"}}],\"inLanguage\":\"pt-BR\"},{\"@type\":\"Organization\",\"@id\":\"https:\\\/\\\/regiaonews.net.br\\\/2022\\\/#organization\",\"name\":\"Regi\u00e3o News\",\"url\":\"https:\\\/\\\/regiaonews.net.br\\\/2022\\\/\",\"logo\":{\"@type\":\"ImageObject\",\"inLanguage\":\"pt-BR\",\"@id\":\"https:\\\/\\\/regiaonews.net.br\\\/2022\\\/#\\\/schema\\\/logo\\\/image\\\/\",\"url\":\"https:\\\/\\\/regiaonews.net.br\\\/2022\\\/wp-content\\\/uploads\\\/2026\\\/03\\\/regiao-13-anos-scaled.jpg\",\"contentUrl\":\"https:\\\/\\\/regiaonews.net.br\\\/2022\\\/wp-content\\\/uploads\\\/2026\\\/03\\\/regiao-13-anos-scaled.jpg\",\"width\":2560,\"height\":635,\"caption\":\"Regi\u00e3o News\"},\"image\":{\"@id\":\"https:\\\/\\\/regiaonews.net.br\\\/2022\\\/#\\\/schema\\\/logo\\\/image\\\/\"}},{\"@type\":\"Person\",\"@id\":\"https:\\\/\\\/regiaonews.net.br\\\/2022\\\/#\\\/schema\\\/person\\\/2d205a608a5aa97ac279d7a5e6d89ad8\",\"name\":\"Roberto\",\"image\":{\"@type\":\"ImageObject\",\"inLanguage\":\"pt-BR\",\"@id\":\"https:\\\/\\\/secure.gravatar.com\\\/avatar\\\/42749d8b712ff9d59ca93dc150494e5b55a44134482993f5baeb97e61b7ecc89?s=96&d=mm&r=g\",\"url\":\"https:\\\/\\\/secure.gravatar.com\\\/avatar\\\/42749d8b712ff9d59ca93dc150494e5b55a44134482993f5baeb97e61b7ecc89?s=96&d=mm&r=g\",\"contentUrl\":\"https:\\\/\\\/secure.gravatar.com\\\/avatar\\\/42749d8b712ff9d59ca93dc150494e5b55a44134482993f5baeb97e61b7ecc89?s=96&d=mm&r=g\",\"caption\":\"Roberto\"},\"url\":\"https:\\\/\\\/regiaonews.net.br\\\/2022\\\/author\\\/roberto\\\/\"}]}<\/script>\n<!-- \/ Yoast SEO plugin. -->","yoast_head_json":{"title":"Escola do Vida Nova ser\u00e1 local de vota\u00e7\u00e3o nas elei\u00e7\u00f5es 2024","description":"O Cart\u00f3rio Eleitoral de Barretos divulgou que a Escola Municipal Professora Ivone Diniz Junqueira, localizada na Avenida VN 5 5","robots":{"index":"index","follow":"follow","max-snippet":"max-snippet:-1","max-image-preview":"max-image-preview:large","max-video-preview":"max-video-preview:-1"},"canonical":"https:\/\/regiaonews.net.br\/2022\/2023\/09\/19\/escola-do-vida-nova-sera-local-de-votacao-nas-eleicoes-2024-informa-justica-eleitoral\/","og_locale":"pt_BR","og_type":"article","og_title":"Escola do Vida Nova ser\u00e1 local de vota\u00e7\u00e3o nas elei\u00e7\u00f5es 2024","og_description":"O Cart\u00f3rio Eleitoral de Barretos divulgou que a Escola Municipal Professora Ivone Diniz Junqueira, localizada na Avenida VN 5 5","og_url":"https:\/\/regiaonews.net.br\/2022\/2023\/09\/19\/escola-do-vida-nova-sera-local-de-votacao-nas-eleicoes-2024-informa-justica-eleitoral\/","og_site_name":"Regi\u00e3o News","article_published_time":"2023-09-19T20:40:39+00:00","og_image":[{"width":650,"height":450,"url":"https:\/\/regiaonews.net.br\/2022\/wp-content\/uploads\/2022\/06\/WhatsApp-Image-2022-06-24-at-11.53.37.jpeg","type":"image\/jpeg"}],"author":"Roberto","twitter_card":"summary_large_image","twitter_misc":{"Escrito por":"Roberto","Est. tempo de leitura":"1 minuto"},"schema":{"@context":"https:\/\/schema.org","@graph":[{"@type":"Article","@id":"https:\/\/regiaonews.net.br\/2022\/2023\/09\/19\/escola-do-vida-nova-sera-local-de-votacao-nas-eleicoes-2024-informa-justica-eleitoral\/#article","isPartOf":{"@id":"https:\/\/regiaonews.net.br\/2022\/2023\/09\/19\/escola-do-vida-nova-sera-local-de-votacao-nas-eleicoes-2024-informa-justica-eleitoral\/"},"author":{"name":"Roberto","@id":"https:\/\/regiaonews.net.br\/2022\/#\/schema\/person\/2d205a608a5aa97ac279d7a5e6d89ad8"},"headline":"Escola do Vida Nova ser\u00e1 local de vota\u00e7\u00e3o nas elei\u00e7\u00f5es 2024, informa Justi\u00e7a Eleitoral","datePublished":"2023-09-19T20:40:39+00:00","mainEntityOfPage":{"@id":"https:\/\/regiaonews.net.br\/2022\/2023\/09\/19\/escola-do-vida-nova-sera-local-de-votacao-nas-eleicoes-2024-informa-justica-eleitoral\/"},"wordCount":109,"commentCount":0,"publisher":{"@id":"https:\/\/regiaonews.net.br\/2022\/#organization"},"image":{"@id":"https:\/\/regiaonews.net.br\/2022\/2023\/09\/19\/escola-do-vida-nova-sera-local-de-votacao-nas-eleicoes-2024-informa-justica-eleitoral\/#primaryimage"},"thumbnailUrl":"https:\/\/regiaonews.net.br\/2022\/wp-content\/uploads\/2022\/06\/WhatsApp-Image-2022-06-24-at-11.53.37.jpeg","articleSection":["Barretos","Cidades"],"inLanguage":"pt-BR","potentialAction":[{"@type":"CommentAction","name":"Comment","target":["https:\/\/regiaonews.net.br\/2022\/2023\/09\/19\/escola-do-vida-nova-sera-local-de-votacao-nas-eleicoes-2024-informa-justica-eleitoral\/#respond"]}]},{"@type":"WebPage","@id":"https:\/\/regiaonews.net.br\/2022\/2023\/09\/19\/escola-do-vida-nova-sera-local-de-votacao-nas-eleicoes-2024-informa-justica-eleitoral\/","url":"https:\/\/regiaonews.net.br\/2022\/2023\/09\/19\/escola-do-vida-nova-sera-local-de-votacao-nas-eleicoes-2024-informa-justica-eleitoral\/","name":"Escola do Vida Nova ser\u00e1 local de vota\u00e7\u00e3o nas elei\u00e7\u00f5es 2024","isPartOf":{"@id":"https:\/\/regiaonews.net.br\/2022\/#website"},"primaryImageOfPage":{"@id":"https:\/\/regiaonews.net.br\/2022\/2023\/09\/19\/escola-do-vida-nova-sera-local-de-votacao-nas-eleicoes-2024-informa-justica-eleitoral\/#primaryimage"},"image":{"@id":"https:\/\/regiaonews.net.br\/2022\/2023\/09\/19\/escola-do-vida-nova-sera-local-de-votacao-nas-eleicoes-2024-informa-justica-eleitoral\/#primaryimage"},"thumbnailUrl":"https:\/\/regiaonews.net.br\/2022\/wp-content\/uploads\/2022\/06\/WhatsApp-Image-2022-06-24-at-11.53.37.jpeg","datePublished":"2023-09-19T20:40:39+00:00","description":"O Cart\u00f3rio Eleitoral de Barretos divulgou que a Escola Municipal Professora Ivone Diniz Junqueira, localizada na Avenida VN 5 5","breadcrumb":{"@id":"https:\/\/regiaonews.net.br\/2022\/2023\/09\/19\/escola-do-vida-nova-sera-local-de-votacao-nas-eleicoes-2024-informa-justica-eleitoral\/#breadcrumb"},"inLanguage":"pt-BR","potentialAction":[{"@type":"ReadAction","target":["https:\/\/regiaonews.net.br\/2022\/2023\/09\/19\/escola-do-vida-nova-sera-local-de-votacao-nas-eleicoes-2024-informa-justica-eleitoral\/"]}]},{"@type":"ImageObject","inLanguage":"pt-BR","@id":"https:\/\/regiaonews.net.br\/2022\/2023\/09\/19\/escola-do-vida-nova-sera-local-de-votacao-nas-eleicoes-2024-informa-justica-eleitoral\/#primaryimage","url":"https:\/\/regiaonews.net.br\/2022\/wp-content\/uploads\/2022\/06\/WhatsApp-Image-2022-06-24-at-11.53.37.jpeg","contentUrl":"https:\/\/regiaonews.net.br\/2022\/wp-content\/uploads\/2022\/06\/WhatsApp-Image-2022-06-24-at-11.53.37.jpeg","width":650,"height":450,"caption":"Alessandra Tamarozi, chefe do Cart\u00f3rio Eleitoral"},{"@type":"BreadcrumbList","@id":"https:\/\/regiaonews.net.br\/2022\/2023\/09\/19\/escola-do-vida-nova-sera-local-de-votacao-nas-eleicoes-2024-informa-justica-eleitoral\/#breadcrumb","itemListElement":[{"@type":"ListItem","position":1,"name":"In\u00edcio","item":"https:\/\/regiaonews.net.br\/2022\/"},{"@type":"ListItem","position":2,"name":"Escola do Vida Nova ser\u00e1 local de vota\u00e7\u00e3o nas elei\u00e7\u00f5es 2024, informa Justi\u00e7a Eleitoral"}]},{"@type":"WebSite","@id":"https:\/\/regiaonews.net.br\/2022\/#website","url":"https:\/\/regiaonews.net.br\/2022\/","name":"Regi\u00e3o News","description":"Site de Not\u00edcias de Barretos e regi\u00e3o","publisher":{"@id":"https:\/\/regiaonews.net.br\/2022\/#organization"},"potentialAction":[{"@type":"SearchAction","target":{"@type":"EntryPoint","urlTemplate":"https:\/\/regiaonews.net.br\/2022\/?s={search_term_string}"},"query-input":{"@type":"PropertyValueSpecification","valueRequired":true,"valueName":"search_term_string"}}],"inLanguage":"pt-BR"},{"@type":"Organization","@id":"https:\/\/regiaonews.net.br\/2022\/#organization","name":"Regi\u00e3o News","url":"https:\/\/regiaonews.net.br\/2022\/","logo":{"@type":"ImageObject","inLanguage":"pt-BR","@id":"https:\/\/regiaonews.net.br\/2022\/#\/schema\/logo\/image\/","url":"https:\/\/regiaonews.net.br\/2022\/wp-content\/uploads\/2026\/03\/regiao-13-anos-scaled.jpg","contentUrl":"https:\/\/regiaonews.net.br\/2022\/wp-content\/uploads\/2026\/03\/regiao-13-anos-scaled.jpg","width":2560,"height":635,"caption":"Regi\u00e3o News"},"image":{"@id":"https:\/\/regiaonews.net.br\/2022\/#\/schema\/logo\/image\/"}},{"@type":"Person","@id":"https:\/\/regiaonews.net.br\/2022\/#\/schema\/person\/2d205a608a5aa97ac279d7a5e6d89ad8","name":"Roberto","image":{"@type":"ImageObject","inLanguage":"pt-BR","@id":"https:\/\/secure.gravatar.com\/avatar\/42749d8b712ff9d59ca93dc150494e5b55a44134482993f5baeb97e61b7ecc89?s=96&d=mm&r=g","url":"https:\/\/secure.gravatar.com\/avatar\/42749d8b712ff9d59ca93dc150494e5b55a44134482993f5baeb97e61b7ecc89?s=96&d=mm&r=g","contentUrl":"https:\/\/secure.gravatar.com\/avatar\/42749d8b712ff9d59ca93dc150494e5b55a44134482993f5baeb97e61b7ecc89?s=96&d=mm&r=g","caption":"Roberto"},"url":"https:\/\/regiaonews.net.br\/2022\/author\/roberto\/"}]}},"publishpress_future_action":{"enabled":false,"date":"2026-05-03 14:19:46","action":"change-status","newStatus":"draft","terms":[],"taxonomy":"category","extraData":[]},"publishpress_future_workflow_manual_trigger":{"enabledWorkflows":[]},"_links":{"self":[{"href":"https:\/\/regiaonews.net.br\/2022\/wp-json\/wp\/v2\/posts\/95308","targetHints":{"allow":["GET"]}}],"collection":[{"href":"https:\/\/regiaonews.net.br\/2022\/wp-json\/wp\/v2\/posts"}],"about":[{"href":"https:\/\/regiaonews.net.br\/2022\/wp-json\/wp\/v2\/types\/post"}],"author":[{"embeddable":true,"href":"https:\/\/regiaonews.net.br\/2022\/wp-json\/wp\/v2\/users\/2"}],"replies":[{"embeddable":true,"href":"https:\/\/regiaonews.net.br\/2022\/wp-json\/wp\/v2\/comments?post=95308"}],"version-history":[{"count":1,"href":"https:\/\/regiaonews.net.br\/2022\/wp-json\/wp\/v2\/posts\/95308\/revisions"}],"predecessor-version":[{"id":95309,"href":"https:\/\/regiaonews.net.br\/2022\/wp-json\/wp\/v2\/posts\/95308\/revisions\/95309"}],"wp:featuredmedia":[{"embeddable":true,"href":"https:\/\/regiaonews.net.br\/2022\/wp-json\/wp\/v2\/media\/73917"}],"wp:attachment":[{"href":"https:\/\/regiaonews.net.br\/2022\/wp-json\/wp\/v2\/media?parent=95308"}],"wp:term":[{"taxonomy":"category","embeddable":true,"href":"https:\/\/regiaonews.net.br\/2022\/wp-json\/wp\/v2\/categories?post=95308"},{"taxonomy":"post_tag","embeddable":true,"href":"https:\/\/regiaonews.net.br\/2022\/wp-json\/wp\/v2\/tags?post=95308"}],"curies":[{"name":"wp","href":"https:\/\/api.w.org\/{rel}","templated":true}]}}