{"id":95305,"date":"2023-09-19T16:26:16","date_gmt":"2023-09-19T19:26:16","guid":{"rendered":"https:\/\/regiaonews.net.br\/2022\/?p=95305"},"modified":"2023-09-19T17:42:48","modified_gmt":"2023-09-19T20:42:48","slug":"diego-figueiredo-apresenta-a-turne-a-historia-do-violao-brasileiro-com-show-gratuito-nesta-sexta-no-gremio-literario-e-recreativo-de-barretos","status":"publish","type":"post","link":"https:\/\/regiaonews.net.br\/2022\/2023\/09\/19\/diego-figueiredo-apresenta-a-turne-a-historia-do-violao-brasileiro-com-show-gratuito-nesta-sexta-no-gremio-literario-e-recreativo-de-barretos\/","title":{"rendered":"Diego Figueiredo apresenta a turn\u00ea \u2018A hist\u00f3ria do viol\u00e3o brasileiro\u2019  no Gr\u00eamio Liter\u00e1rio e Recreativo de Barretos"},"content":{"rendered":"<p style=\"text-align: center;\">O renomado m\u00fasico, com carreira internacional, ministra ainda workshop na EM \u201cProfessor Fausto Lex\u201d e faz show especial na Funda\u00e7\u00e3o LVF &#8211; Lugar de Viver Feliz de Barretos.<\/p>\n<p><em>\u00a0<\/em>Diego Figueiredo, considerado g\u00eanio do viol\u00e3o e da guitarra e um dos maiores instrumentistas no cen\u00e1rio mundial atual &#8211; sendo indicado ao Grammy Awards 2019, na categoria de melhor arranjo &#8211; apresenta em <strong>Barretos (SP)<\/strong> a turn\u00ea \u201cA hist\u00f3ria do viol\u00e3o brasileiro\u201d com <strong>show gratuito nesta sexta-feira (22\/09), \u00e0s 20h, no Gr\u00eamio Liter\u00e1rio e Recreativo<\/strong>. A agenda do m\u00fasico na cidade est\u00e1 cheia: ele far\u00e1 uma apresenta\u00e7\u00e3o especial e intimista na Funda\u00e7\u00e3o LVF e um workshop na EM \u201cProfessor Fausto Lex\u201d, compartilhando com os alunos as suas t\u00e9cnicas e estilo pr\u00f3prio que abriu as portas para o mundo.<\/p>\n<p>Com 30 CDs e 3 DVDs lan\u00e7ados, al\u00e9m de shows em mais de 60 pa\u00edses, Diego Figueiredo apresenta a m\u00fasica instrumental brasileira, com foco na import\u00e2ncia do viol\u00e3o, cronologicamente \u00e0 hist\u00f3ria de seus grandes representantes como Dilermando Reis, Baden Powell, Luis Bonf\u00e1, Bola Sete, Paulinho Nogueira e Laurindo Almeida. O show traz ainda um repert\u00f3rio autoral de bossa nova, jazz e blues, e tamb\u00e9m m\u00fasicas conhecidas do grande p\u00fablico, de mestres como Tom Jobim, Villa-Lobos e Vinicius de Moraes, al\u00e9m de obras cl\u00e1ssicas do cancioneiro popular como Luiz Gonzaga.<\/p>\n<p>Radicado nos EUA, o m\u00fasico desembarca de uma turn\u00ea pela Groenl\u00e2ndia e Canad\u00e1, direto para o show em Barretos, uma das cidades contempladas com o projeto \u201cA hist\u00f3ria do viol\u00e3o brasileiro\u201d. No palco, ele estar\u00e1 acompanhado dos renomados m\u00fasicos Marc\u00edlio Garcetti (percuss\u00e3o) e Alexandre Martins (teclado).<\/p>\n<p>Diego \u00e9 reconhecido por sua maneira \u00fanica de tocar, extremamente virtuosa, moderna e inovadora, unindo a m\u00fasica brasileira ao jazz. \u201cA m\u00fasica instrumental brasileira \u00e9 riqu\u00edssima e talvez seja nosso maior patrim\u00f4nio. No exterior, \u00e9 o g\u00eanero que mais nos representa, por isso, neste projeto, vamos priorizar a excel\u00eancia musical oferecendo ao p\u00fablico um show de n\u00edvel internacional, ressaltando a m\u00fasica instrumental em sua ess\u00eancia e mais alta relev\u00e2ncia\u201d, diz o m\u00fasico.<\/p>\n<p>O projeto \u201cA hist\u00f3ria do viol\u00e3o brasileiro\u201d tem como objetivo democratizar a m\u00fasica e a cultura, formar plateia, fomentar a m\u00fasica instrumental e construir perspectivas de amplia\u00e7\u00e3o e valoriza\u00e7\u00e3o do instrumentista brasileiro. Por isso, na sexta-feira (22\/09), \u00e0s 15h20, Diego realiza um workshop gratuito com os alunos da EM \u201cProfessor Fausto Lex\u201d (Avenida Jo\u00e3o Cavaline, 700 &#8211; Benedito Realindo Correa).<\/p>\n<p>\u201cNo encontro vou abordar a hist\u00f3ria e o resgate do viol\u00e3o brasileiro, passando por todas as suas vertentes, e a import\u00e2ncia do viol\u00e3o no cen\u00e1rio nacional como instrumento de socializa\u00e7\u00e3o e desenvolvimento humano. Vamos discutir ainda o tema sobre \u2018ser poss\u00edvel viver de m\u00fasica instrumental no Brasil\u2019\u201d, explica Diego Figueiredo.<\/p>\n<p>Antes, \u00e0s 14h, Diego e os m\u00fasicos fazem uma apresenta\u00e7\u00e3o especial na Funda\u00e7\u00e3o LVF &#8211; Lugar de Viver Feliz de Barretos (Rua Jer\u00f4nimo Alves Pereira, 500 &#8211; Jardim Universit\u00e1rio). \u201cVamos levar um pouco de alegria e boa m\u00fasica para os idosos, que necessitam de todo carinho e aten\u00e7\u00e3o\u201d, ressalta o m\u00fasico.<\/p>\n<p>Premiado pelo ProAC, com realiza\u00e7\u00e3o da Secretaria de Cultura e Economia Criativa e do Governo do Estado de S\u00e3o Paulo, o projeto conta com o apoio da Prefeitura Municipal de Barretos, por meio da Secretaria de Cultura e da Orquestra Sinf\u00f4nica Municipal. A turn\u00ea contempla oito cidades do interior do estado de S\u00e3o Paulo: Franca, Ribeir\u00e3o Preto, Campinas, S\u00e3o Joaquim da Barra, Piracicaba, Americana, Barretos e Brodowski.<\/p>\n<p>&nbsp;<\/p>\n<p>&nbsp;<\/p>\n<p>&nbsp;<\/p>\n","protected":false},"excerpt":{"rendered":"<p>O renomado m\u00fasico, com carreira internacional, ministra ainda workshop na<\/p>\n","protected":false},"author":2,"featured_media":95306,"comment_status":"open","ping_status":"open","sticky":false,"template":"","format":"standard","meta":{"footnotes":""},"categories":[14,25,1],"tags":[],"class_list":["post-95305","post","type-post","status-publish","format-standard","has-post-thumbnail","hentry","category-barretos","category-cidades","category-indefinido"],"yoast_head":"<!-- This site is optimized with the Yoast SEO plugin v27.4 - https:\/\/yoast.com\/product\/yoast-seo-wordpress\/ -->\n<title>Diego Figueiredo apresenta a turn\u00ea \u2018A hist\u00f3ria do viol\u00e3o brasileiro\u2019 no Gr\u00eamio Liter\u00e1rio e Recreativo de Barretos - Regi\u00e3o News<\/title>\n<meta name=\"robots\" content=\"index, follow, max-snippet:-1, max-image-preview:large, max-video-preview:-1\" \/>\n<link rel=\"canonical\" href=\"https:\/\/regiaonews.net.br\/2022\/2023\/09\/19\/diego-figueiredo-apresenta-a-turne-a-historia-do-violao-brasileiro-com-show-gratuito-nesta-sexta-no-gremio-literario-e-recreativo-de-barretos\/\" \/>\n<meta property=\"og:locale\" content=\"pt_BR\" \/>\n<meta property=\"og:type\" content=\"article\" \/>\n<meta property=\"og:title\" content=\"Diego Figueiredo apresenta a turn\u00ea \u2018A hist\u00f3ria do viol\u00e3o brasileiro\u2019 no Gr\u00eamio Liter\u00e1rio e Recreativo de Barretos - Regi\u00e3o News\" \/>\n<meta property=\"og:description\" content=\"O renomado m\u00fasico, com carreira internacional, ministra ainda workshop na\" \/>\n<meta property=\"og:url\" content=\"https:\/\/regiaonews.net.br\/2022\/2023\/09\/19\/diego-figueiredo-apresenta-a-turne-a-historia-do-violao-brasileiro-com-show-gratuito-nesta-sexta-no-gremio-literario-e-recreativo-de-barretos\/\" \/>\n<meta property=\"og:site_name\" content=\"Regi\u00e3o News\" \/>\n<meta property=\"article:published_time\" content=\"2023-09-19T19:26:16+00:00\" \/>\n<meta property=\"article:modified_time\" content=\"2023-09-19T20:42:48+00:00\" \/>\n<meta property=\"og:image\" content=\"https:\/\/regiaonews.net.br\/2022\/wp-content\/uploads\/2023\/09\/DiegoFigueiredo_Foto_JoaoHenriqueSteffen02.jpg\" \/>\n\t<meta property=\"og:image:width\" content=\"960\" \/>\n\t<meta property=\"og:image:height\" content=\"588\" \/>\n\t<meta property=\"og:image:type\" content=\"image\/jpeg\" \/>\n<meta name=\"author\" content=\"Roberto\" \/>\n<meta name=\"twitter:card\" content=\"summary_large_image\" \/>\n<meta name=\"twitter:label1\" content=\"Escrito por\" \/>\n\t<meta name=\"twitter:data1\" content=\"Roberto\" \/>\n\t<meta name=\"twitter:label2\" content=\"Est. tempo de leitura\" \/>\n\t<meta name=\"twitter:data2\" content=\"4 minutos\" \/>\n<script type=\"application\/ld+json\" class=\"yoast-schema-graph\">{\"@context\":\"https:\\\/\\\/schema.org\",\"@graph\":[{\"@type\":\"Article\",\"@id\":\"https:\\\/\\\/regiaonews.net.br\\\/2022\\\/2023\\\/09\\\/19\\\/diego-figueiredo-apresenta-a-turne-a-historia-do-violao-brasileiro-com-show-gratuito-nesta-sexta-no-gremio-literario-e-recreativo-de-barretos\\\/#article\",\"isPartOf\":{\"@id\":\"https:\\\/\\\/regiaonews.net.br\\\/2022\\\/2023\\\/09\\\/19\\\/diego-figueiredo-apresenta-a-turne-a-historia-do-violao-brasileiro-com-show-gratuito-nesta-sexta-no-gremio-literario-e-recreativo-de-barretos\\\/\"},\"author\":{\"name\":\"Roberto\",\"@id\":\"https:\\\/\\\/regiaonews.net.br\\\/2022\\\/#\\\/schema\\\/person\\\/2d205a608a5aa97ac279d7a5e6d89ad8\"},\"headline\":\"Diego Figueiredo apresenta a turn\u00ea \u2018A hist\u00f3ria do viol\u00e3o brasileiro\u2019 no Gr\u00eamio Liter\u00e1rio e Recreativo de Barretos\",\"datePublished\":\"2023-09-19T19:26:16+00:00\",\"dateModified\":\"2023-09-19T20:42:48+00:00\",\"mainEntityOfPage\":{\"@id\":\"https:\\\/\\\/regiaonews.net.br\\\/2022\\\/2023\\\/09\\\/19\\\/diego-figueiredo-apresenta-a-turne-a-historia-do-violao-brasileiro-com-show-gratuito-nesta-sexta-no-gremio-literario-e-recreativo-de-barretos\\\/\"},\"wordCount\":648,\"commentCount\":0,\"publisher\":{\"@id\":\"https:\\\/\\\/regiaonews.net.br\\\/2022\\\/#organization\"},\"image\":{\"@id\":\"https:\\\/\\\/regiaonews.net.br\\\/2022\\\/2023\\\/09\\\/19\\\/diego-figueiredo-apresenta-a-turne-a-historia-do-violao-brasileiro-com-show-gratuito-nesta-sexta-no-gremio-literario-e-recreativo-de-barretos\\\/#primaryimage\"},\"thumbnailUrl\":\"https:\\\/\\\/regiaonews.net.br\\\/2022\\\/wp-content\\\/uploads\\\/2023\\\/09\\\/DiegoFigueiredo_Foto_JoaoHenriqueSteffen02.jpg\",\"articleSection\":[\"Barretos\",\"Cidades\",\"Indefinido\"],\"inLanguage\":\"pt-BR\",\"potentialAction\":[{\"@type\":\"CommentAction\",\"name\":\"Comment\",\"target\":[\"https:\\\/\\\/regiaonews.net.br\\\/2022\\\/2023\\\/09\\\/19\\\/diego-figueiredo-apresenta-a-turne-a-historia-do-violao-brasileiro-com-show-gratuito-nesta-sexta-no-gremio-literario-e-recreativo-de-barretos\\\/#respond\"]}]},{\"@type\":\"WebPage\",\"@id\":\"https:\\\/\\\/regiaonews.net.br\\\/2022\\\/2023\\\/09\\\/19\\\/diego-figueiredo-apresenta-a-turne-a-historia-do-violao-brasileiro-com-show-gratuito-nesta-sexta-no-gremio-literario-e-recreativo-de-barretos\\\/\",\"url\":\"https:\\\/\\\/regiaonews.net.br\\\/2022\\\/2023\\\/09\\\/19\\\/diego-figueiredo-apresenta-a-turne-a-historia-do-violao-brasileiro-com-show-gratuito-nesta-sexta-no-gremio-literario-e-recreativo-de-barretos\\\/\",\"name\":\"Diego Figueiredo apresenta a turn\u00ea \u2018A hist\u00f3ria do viol\u00e3o brasileiro\u2019 no Gr\u00eamio Liter\u00e1rio e Recreativo de Barretos - Regi\u00e3o News\",\"isPartOf\":{\"@id\":\"https:\\\/\\\/regiaonews.net.br\\\/2022\\\/#website\"},\"primaryImageOfPage\":{\"@id\":\"https:\\\/\\\/regiaonews.net.br\\\/2022\\\/2023\\\/09\\\/19\\\/diego-figueiredo-apresenta-a-turne-a-historia-do-violao-brasileiro-com-show-gratuito-nesta-sexta-no-gremio-literario-e-recreativo-de-barretos\\\/#primaryimage\"},\"image\":{\"@id\":\"https:\\\/\\\/regiaonews.net.br\\\/2022\\\/2023\\\/09\\\/19\\\/diego-figueiredo-apresenta-a-turne-a-historia-do-violao-brasileiro-com-show-gratuito-nesta-sexta-no-gremio-literario-e-recreativo-de-barretos\\\/#primaryimage\"},\"thumbnailUrl\":\"https:\\\/\\\/regiaonews.net.br\\\/2022\\\/wp-content\\\/uploads\\\/2023\\\/09\\\/DiegoFigueiredo_Foto_JoaoHenriqueSteffen02.jpg\",\"datePublished\":\"2023-09-19T19:26:16+00:00\",\"dateModified\":\"2023-09-19T20:42:48+00:00\",\"breadcrumb\":{\"@id\":\"https:\\\/\\\/regiaonews.net.br\\\/2022\\\/2023\\\/09\\\/19\\\/diego-figueiredo-apresenta-a-turne-a-historia-do-violao-brasileiro-com-show-gratuito-nesta-sexta-no-gremio-literario-e-recreativo-de-barretos\\\/#breadcrumb\"},\"inLanguage\":\"pt-BR\",\"potentialAction\":[{\"@type\":\"ReadAction\",\"target\":[\"https:\\\/\\\/regiaonews.net.br\\\/2022\\\/2023\\\/09\\\/19\\\/diego-figueiredo-apresenta-a-turne-a-historia-do-violao-brasileiro-com-show-gratuito-nesta-sexta-no-gremio-literario-e-recreativo-de-barretos\\\/\"]}]},{\"@type\":\"ImageObject\",\"inLanguage\":\"pt-BR\",\"@id\":\"https:\\\/\\\/regiaonews.net.br\\\/2022\\\/2023\\\/09\\\/19\\\/diego-figueiredo-apresenta-a-turne-a-historia-do-violao-brasileiro-com-show-gratuito-nesta-sexta-no-gremio-literario-e-recreativo-de-barretos\\\/#primaryimage\",\"url\":\"https:\\\/\\\/regiaonews.net.br\\\/2022\\\/wp-content\\\/uploads\\\/2023\\\/09\\\/DiegoFigueiredo_Foto_JoaoHenriqueSteffen02.jpg\",\"contentUrl\":\"https:\\\/\\\/regiaonews.net.br\\\/2022\\\/wp-content\\\/uploads\\\/2023\\\/09\\\/DiegoFigueiredo_Foto_JoaoHenriqueSteffen02.jpg\",\"width\":960,\"height\":588},{\"@type\":\"BreadcrumbList\",\"@id\":\"https:\\\/\\\/regiaonews.net.br\\\/2022\\\/2023\\\/09\\\/19\\\/diego-figueiredo-apresenta-a-turne-a-historia-do-violao-brasileiro-com-show-gratuito-nesta-sexta-no-gremio-literario-e-recreativo-de-barretos\\\/#breadcrumb\",\"itemListElement\":[{\"@type\":\"ListItem\",\"position\":1,\"name\":\"In\u00edcio\",\"item\":\"https:\\\/\\\/regiaonews.net.br\\\/2022\\\/\"},{\"@type\":\"ListItem\",\"position\":2,\"name\":\"Diego Figueiredo apresenta a turn\u00ea \u2018A hist\u00f3ria do viol\u00e3o brasileiro\u2019 no Gr\u00eamio Liter\u00e1rio e Recreativo de Barretos\"}]},{\"@type\":\"WebSite\",\"@id\":\"https:\\\/\\\/regiaonews.net.br\\\/2022\\\/#website\",\"url\":\"https:\\\/\\\/regiaonews.net.br\\\/2022\\\/\",\"name\":\"Regi\u00e3o News\",\"description\":\"Site de Not\u00edcias de Barretos e regi\u00e3o\",\"publisher\":{\"@id\":\"https:\\\/\\\/regiaonews.net.br\\\/2022\\\/#organization\"},\"potentialAction\":[{\"@type\":\"SearchAction\",\"target\":{\"@type\":\"EntryPoint\",\"urlTemplate\":\"https:\\\/\\\/regiaonews.net.br\\\/2022\\\/?s={search_term_string}\"},\"query-input\":{\"@type\":\"PropertyValueSpecification\",\"valueRequired\":true,\"valueName\":\"search_term_string\"}}],\"inLanguage\":\"pt-BR\"},{\"@type\":\"Organization\",\"@id\":\"https:\\\/\\\/regiaonews.net.br\\\/2022\\\/#organization\",\"name\":\"Regi\u00e3o News\",\"url\":\"https:\\\/\\\/regiaonews.net.br\\\/2022\\\/\",\"logo\":{\"@type\":\"ImageObject\",\"inLanguage\":\"pt-BR\",\"@id\":\"https:\\\/\\\/regiaonews.net.br\\\/2022\\\/#\\\/schema\\\/logo\\\/image\\\/\",\"url\":\"https:\\\/\\\/regiaonews.net.br\\\/2022\\\/wp-content\\\/uploads\\\/2026\\\/03\\\/regiao-13-anos-scaled.jpg\",\"contentUrl\":\"https:\\\/\\\/regiaonews.net.br\\\/2022\\\/wp-content\\\/uploads\\\/2026\\\/03\\\/regiao-13-anos-scaled.jpg\",\"width\":2560,\"height\":635,\"caption\":\"Regi\u00e3o News\"},\"image\":{\"@id\":\"https:\\\/\\\/regiaonews.net.br\\\/2022\\\/#\\\/schema\\\/logo\\\/image\\\/\"}},{\"@type\":\"Person\",\"@id\":\"https:\\\/\\\/regiaonews.net.br\\\/2022\\\/#\\\/schema\\\/person\\\/2d205a608a5aa97ac279d7a5e6d89ad8\",\"name\":\"Roberto\",\"image\":{\"@type\":\"ImageObject\",\"inLanguage\":\"pt-BR\",\"@id\":\"https:\\\/\\\/secure.gravatar.com\\\/avatar\\\/42749d8b712ff9d59ca93dc150494e5b55a44134482993f5baeb97e61b7ecc89?s=96&d=mm&r=g\",\"url\":\"https:\\\/\\\/secure.gravatar.com\\\/avatar\\\/42749d8b712ff9d59ca93dc150494e5b55a44134482993f5baeb97e61b7ecc89?s=96&d=mm&r=g\",\"contentUrl\":\"https:\\\/\\\/secure.gravatar.com\\\/avatar\\\/42749d8b712ff9d59ca93dc150494e5b55a44134482993f5baeb97e61b7ecc89?s=96&d=mm&r=g\",\"caption\":\"Roberto\"},\"url\":\"https:\\\/\\\/regiaonews.net.br\\\/2022\\\/author\\\/roberto\\\/\"}]}<\/script>\n<!-- \/ Yoast SEO plugin. -->","yoast_head_json":{"title":"Diego Figueiredo apresenta a turn\u00ea \u2018A hist\u00f3ria do viol\u00e3o brasileiro\u2019 no Gr\u00eamio Liter\u00e1rio e Recreativo de Barretos - Regi\u00e3o News","robots":{"index":"index","follow":"follow","max-snippet":"max-snippet:-1","max-image-preview":"max-image-preview:large","max-video-preview":"max-video-preview:-1"},"canonical":"https:\/\/regiaonews.net.br\/2022\/2023\/09\/19\/diego-figueiredo-apresenta-a-turne-a-historia-do-violao-brasileiro-com-show-gratuito-nesta-sexta-no-gremio-literario-e-recreativo-de-barretos\/","og_locale":"pt_BR","og_type":"article","og_title":"Diego Figueiredo apresenta a turn\u00ea \u2018A hist\u00f3ria do viol\u00e3o brasileiro\u2019 no Gr\u00eamio Liter\u00e1rio e Recreativo de Barretos - Regi\u00e3o News","og_description":"O renomado m\u00fasico, com carreira internacional, ministra ainda workshop na","og_url":"https:\/\/regiaonews.net.br\/2022\/2023\/09\/19\/diego-figueiredo-apresenta-a-turne-a-historia-do-violao-brasileiro-com-show-gratuito-nesta-sexta-no-gremio-literario-e-recreativo-de-barretos\/","og_site_name":"Regi\u00e3o News","article_published_time":"2023-09-19T19:26:16+00:00","article_modified_time":"2023-09-19T20:42:48+00:00","og_image":[{"width":960,"height":588,"url":"https:\/\/regiaonews.net.br\/2022\/wp-content\/uploads\/2023\/09\/DiegoFigueiredo_Foto_JoaoHenriqueSteffen02.jpg","type":"image\/jpeg"}],"author":"Roberto","twitter_card":"summary_large_image","twitter_misc":{"Escrito por":"Roberto","Est. tempo de leitura":"4 minutos"},"schema":{"@context":"https:\/\/schema.org","@graph":[{"@type":"Article","@id":"https:\/\/regiaonews.net.br\/2022\/2023\/09\/19\/diego-figueiredo-apresenta-a-turne-a-historia-do-violao-brasileiro-com-show-gratuito-nesta-sexta-no-gremio-literario-e-recreativo-de-barretos\/#article","isPartOf":{"@id":"https:\/\/regiaonews.net.br\/2022\/2023\/09\/19\/diego-figueiredo-apresenta-a-turne-a-historia-do-violao-brasileiro-com-show-gratuito-nesta-sexta-no-gremio-literario-e-recreativo-de-barretos\/"},"author":{"name":"Roberto","@id":"https:\/\/regiaonews.net.br\/2022\/#\/schema\/person\/2d205a608a5aa97ac279d7a5e6d89ad8"},"headline":"Diego Figueiredo apresenta a turn\u00ea \u2018A hist\u00f3ria do viol\u00e3o brasileiro\u2019 no Gr\u00eamio Liter\u00e1rio e Recreativo de Barretos","datePublished":"2023-09-19T19:26:16+00:00","dateModified":"2023-09-19T20:42:48+00:00","mainEntityOfPage":{"@id":"https:\/\/regiaonews.net.br\/2022\/2023\/09\/19\/diego-figueiredo-apresenta-a-turne-a-historia-do-violao-brasileiro-com-show-gratuito-nesta-sexta-no-gremio-literario-e-recreativo-de-barretos\/"},"wordCount":648,"commentCount":0,"publisher":{"@id":"https:\/\/regiaonews.net.br\/2022\/#organization"},"image":{"@id":"https:\/\/regiaonews.net.br\/2022\/2023\/09\/19\/diego-figueiredo-apresenta-a-turne-a-historia-do-violao-brasileiro-com-show-gratuito-nesta-sexta-no-gremio-literario-e-recreativo-de-barretos\/#primaryimage"},"thumbnailUrl":"https:\/\/regiaonews.net.br\/2022\/wp-content\/uploads\/2023\/09\/DiegoFigueiredo_Foto_JoaoHenriqueSteffen02.jpg","articleSection":["Barretos","Cidades","Indefinido"],"inLanguage":"pt-BR","potentialAction":[{"@type":"CommentAction","name":"Comment","target":["https:\/\/regiaonews.net.br\/2022\/2023\/09\/19\/diego-figueiredo-apresenta-a-turne-a-historia-do-violao-brasileiro-com-show-gratuito-nesta-sexta-no-gremio-literario-e-recreativo-de-barretos\/#respond"]}]},{"@type":"WebPage","@id":"https:\/\/regiaonews.net.br\/2022\/2023\/09\/19\/diego-figueiredo-apresenta-a-turne-a-historia-do-violao-brasileiro-com-show-gratuito-nesta-sexta-no-gremio-literario-e-recreativo-de-barretos\/","url":"https:\/\/regiaonews.net.br\/2022\/2023\/09\/19\/diego-figueiredo-apresenta-a-turne-a-historia-do-violao-brasileiro-com-show-gratuito-nesta-sexta-no-gremio-literario-e-recreativo-de-barretos\/","name":"Diego Figueiredo apresenta a turn\u00ea \u2018A hist\u00f3ria do viol\u00e3o brasileiro\u2019 no Gr\u00eamio Liter\u00e1rio e Recreativo de Barretos - Regi\u00e3o News","isPartOf":{"@id":"https:\/\/regiaonews.net.br\/2022\/#website"},"primaryImageOfPage":{"@id":"https:\/\/regiaonews.net.br\/2022\/2023\/09\/19\/diego-figueiredo-apresenta-a-turne-a-historia-do-violao-brasileiro-com-show-gratuito-nesta-sexta-no-gremio-literario-e-recreativo-de-barretos\/#primaryimage"},"image":{"@id":"https:\/\/regiaonews.net.br\/2022\/2023\/09\/19\/diego-figueiredo-apresenta-a-turne-a-historia-do-violao-brasileiro-com-show-gratuito-nesta-sexta-no-gremio-literario-e-recreativo-de-barretos\/#primaryimage"},"thumbnailUrl":"https:\/\/regiaonews.net.br\/2022\/wp-content\/uploads\/2023\/09\/DiegoFigueiredo_Foto_JoaoHenriqueSteffen02.jpg","datePublished":"2023-09-19T19:26:16+00:00","dateModified":"2023-09-19T20:42:48+00:00","breadcrumb":{"@id":"https:\/\/regiaonews.net.br\/2022\/2023\/09\/19\/diego-figueiredo-apresenta-a-turne-a-historia-do-violao-brasileiro-com-show-gratuito-nesta-sexta-no-gremio-literario-e-recreativo-de-barretos\/#breadcrumb"},"inLanguage":"pt-BR","potentialAction":[{"@type":"ReadAction","target":["https:\/\/regiaonews.net.br\/2022\/2023\/09\/19\/diego-figueiredo-apresenta-a-turne-a-historia-do-violao-brasileiro-com-show-gratuito-nesta-sexta-no-gremio-literario-e-recreativo-de-barretos\/"]}]},{"@type":"ImageObject","inLanguage":"pt-BR","@id":"https:\/\/regiaonews.net.br\/2022\/2023\/09\/19\/diego-figueiredo-apresenta-a-turne-a-historia-do-violao-brasileiro-com-show-gratuito-nesta-sexta-no-gremio-literario-e-recreativo-de-barretos\/#primaryimage","url":"https:\/\/regiaonews.net.br\/2022\/wp-content\/uploads\/2023\/09\/DiegoFigueiredo_Foto_JoaoHenriqueSteffen02.jpg","contentUrl":"https:\/\/regiaonews.net.br\/2022\/wp-content\/uploads\/2023\/09\/DiegoFigueiredo_Foto_JoaoHenriqueSteffen02.jpg","width":960,"height":588},{"@type":"BreadcrumbList","@id":"https:\/\/regiaonews.net.br\/2022\/2023\/09\/19\/diego-figueiredo-apresenta-a-turne-a-historia-do-violao-brasileiro-com-show-gratuito-nesta-sexta-no-gremio-literario-e-recreativo-de-barretos\/#breadcrumb","itemListElement":[{"@type":"ListItem","position":1,"name":"In\u00edcio","item":"https:\/\/regiaonews.net.br\/2022\/"},{"@type":"ListItem","position":2,"name":"Diego Figueiredo apresenta a turn\u00ea \u2018A hist\u00f3ria do viol\u00e3o brasileiro\u2019 no Gr\u00eamio Liter\u00e1rio e Recreativo de Barretos"}]},{"@type":"WebSite","@id":"https:\/\/regiaonews.net.br\/2022\/#website","url":"https:\/\/regiaonews.net.br\/2022\/","name":"Regi\u00e3o News","description":"Site de Not\u00edcias de Barretos e regi\u00e3o","publisher":{"@id":"https:\/\/regiaonews.net.br\/2022\/#organization"},"potentialAction":[{"@type":"SearchAction","target":{"@type":"EntryPoint","urlTemplate":"https:\/\/regiaonews.net.br\/2022\/?s={search_term_string}"},"query-input":{"@type":"PropertyValueSpecification","valueRequired":true,"valueName":"search_term_string"}}],"inLanguage":"pt-BR"},{"@type":"Organization","@id":"https:\/\/regiaonews.net.br\/2022\/#organization","name":"Regi\u00e3o News","url":"https:\/\/regiaonews.net.br\/2022\/","logo":{"@type":"ImageObject","inLanguage":"pt-BR","@id":"https:\/\/regiaonews.net.br\/2022\/#\/schema\/logo\/image\/","url":"https:\/\/regiaonews.net.br\/2022\/wp-content\/uploads\/2026\/03\/regiao-13-anos-scaled.jpg","contentUrl":"https:\/\/regiaonews.net.br\/2022\/wp-content\/uploads\/2026\/03\/regiao-13-anos-scaled.jpg","width":2560,"height":635,"caption":"Regi\u00e3o News"},"image":{"@id":"https:\/\/regiaonews.net.br\/2022\/#\/schema\/logo\/image\/"}},{"@type":"Person","@id":"https:\/\/regiaonews.net.br\/2022\/#\/schema\/person\/2d205a608a5aa97ac279d7a5e6d89ad8","name":"Roberto","image":{"@type":"ImageObject","inLanguage":"pt-BR","@id":"https:\/\/secure.gravatar.com\/avatar\/42749d8b712ff9d59ca93dc150494e5b55a44134482993f5baeb97e61b7ecc89?s=96&d=mm&r=g","url":"https:\/\/secure.gravatar.com\/avatar\/42749d8b712ff9d59ca93dc150494e5b55a44134482993f5baeb97e61b7ecc89?s=96&d=mm&r=g","contentUrl":"https:\/\/secure.gravatar.com\/avatar\/42749d8b712ff9d59ca93dc150494e5b55a44134482993f5baeb97e61b7ecc89?s=96&d=mm&r=g","caption":"Roberto"},"url":"https:\/\/regiaonews.net.br\/2022\/author\/roberto\/"}]}},"publishpress_future_action":{"enabled":false,"date":"2026-05-03 16:05:26","action":"change-status","newStatus":"draft","terms":[],"taxonomy":"category","extraData":[]},"publishpress_future_workflow_manual_trigger":{"enabledWorkflows":[]},"_links":{"self":[{"href":"https:\/\/regiaonews.net.br\/2022\/wp-json\/wp\/v2\/posts\/95305","targetHints":{"allow":["GET"]}}],"collection":[{"href":"https:\/\/regiaonews.net.br\/2022\/wp-json\/wp\/v2\/posts"}],"about":[{"href":"https:\/\/regiaonews.net.br\/2022\/wp-json\/wp\/v2\/types\/post"}],"author":[{"embeddable":true,"href":"https:\/\/regiaonews.net.br\/2022\/wp-json\/wp\/v2\/users\/2"}],"replies":[{"embeddable":true,"href":"https:\/\/regiaonews.net.br\/2022\/wp-json\/wp\/v2\/comments?post=95305"}],"version-history":[{"count":3,"href":"https:\/\/regiaonews.net.br\/2022\/wp-json\/wp\/v2\/posts\/95305\/revisions"}],"predecessor-version":[{"id":95311,"href":"https:\/\/regiaonews.net.br\/2022\/wp-json\/wp\/v2\/posts\/95305\/revisions\/95311"}],"wp:featuredmedia":[{"embeddable":true,"href":"https:\/\/regiaonews.net.br\/2022\/wp-json\/wp\/v2\/media\/95306"}],"wp:attachment":[{"href":"https:\/\/regiaonews.net.br\/2022\/wp-json\/wp\/v2\/media?parent=95305"}],"wp:term":[{"taxonomy":"category","embeddable":true,"href":"https:\/\/regiaonews.net.br\/2022\/wp-json\/wp\/v2\/categories?post=95305"},{"taxonomy":"post_tag","embeddable":true,"href":"https:\/\/regiaonews.net.br\/2022\/wp-json\/wp\/v2\/tags?post=95305"}],"curies":[{"name":"wp","href":"https:\/\/api.w.org\/{rel}","templated":true}]}}