{"id":95302,"date":"2023-09-19T12:54:14","date_gmt":"2023-09-19T15:54:14","guid":{"rendered":"https:\/\/regiaonews.net.br\/2022\/?p=95302"},"modified":"2023-09-19T12:54:14","modified_gmt":"2023-09-19T15:54:14","slug":"novo-reservatorio-de-termoacumulacao-no-barretos-country-park-resort-armazenara-ate-32-milhoes-de-litros-de-agua-quente","status":"publish","type":"post","link":"https:\/\/regiaonews.net.br\/2022\/2023\/09\/19\/novo-reservatorio-de-termoacumulacao-no-barretos-country-park-resort-armazenara-ate-32-milhoes-de-litros-de-agua-quente\/","title":{"rendered":"Novo reservat\u00f3rio de termoacumula\u00e7\u00e3o no Barretos Country Park &#038; Resort armazenar\u00e1 at\u00e9 3,2 milh\u00f5es de litros de \u00e1gua quente"},"content":{"rendered":"<h3 style=\"text-align: center;\">Obra sem precedentes no interior paulista deve entrar em opera\u00e7\u00e3o ainda este ano, gerando economia de energia e impacto ambiental positivo.<\/h3>\n<p>Barretos, 19 de setembro de 2023 &#8211; O Barretos Country Park &amp; Resort, maior parque aqu\u00e1tico tem\u00e1tico de estilo country no Brasil, est\u00e1 construindo um inovador reservat\u00f3rio de termoacumula\u00e7\u00e3o com capacidade de armazenar 3,2 milh\u00f5es de litros de \u00e1gua quente. Pioneiro na regi\u00e3o, o reservat\u00f3rio promover\u00e1 tanto economia energ\u00e9tica, quanto impacto ambiental positivo.<\/p>\n<p>Com inaugura\u00e7\u00e3o planejada para este ano, o projeto singular est\u00e1 definindo um novo padr\u00e3o para parques no estado de S\u00e3o Paulo. Ao longo dos pr\u00f3ximos cinco anos, o sistema ir\u00e1 atender todas as piscinas espalhadas pelos mais de 200 mil metros quadrados do complexo, iniciando com o novo espa\u00e7o infantil &#8211; Kids Acqua Ville &#8211; que tem previs\u00e3o de entrega para dezembro.<\/p>\n<p>O principal objetivo do reservat\u00f3rio de termoacumula\u00e7\u00e3o \u00e9 armazenar a \u00e1gua termal extra\u00edda do po\u00e7o profundo localizado dentro do complexo. Essa \u00e1gua \u00e9 retirada do len\u00e7ol fre\u00e1tico a quase 1.000 metros de profundidade e chega \u00e0 superf\u00edcie naturalmente em altas temperaturas.<\/p>\n<p>\u201cQuando as piscinas tiverem demanda de aquecimento, a \u00e1gua do reservat\u00f3rio far\u00e1 a estabiliza\u00e7\u00e3o da temperatura por meio de trocadores de calor por indu\u00e7\u00e3o, economizando energia el\u00e9trica e o mais importante: preservando a fonte natural de \u00e1gua, evitando a explora\u00e7\u00e3o excessiva do po\u00e7o\u201d, explica Bruno Ferrare, gerente de engenharia do GR Group, grupo que administra o complexo hoteleiro e de lazer no interior paulista.<\/p>\n<p>A \u00e1gua no reservat\u00f3rio fica acumulada a 53 graus, garantindo controle eficiente da temperatura das piscinas e assegurando que a \u00e1gua seja mantida sempre aquecida, de forma controlada, oscilando entre 28 e 35 graus. \u201cImportante frisar que a \u00e1gua do reservat\u00f3rio n\u00e3o entrar\u00e1 em contato com a que est\u00e1 na piscina. Sensores e controles autom\u00e1ticos ser\u00e3o utilizados para monitorar o reservat\u00f3rio e ajustar o sistema de aquecimento, conforme necess\u00e1rio, para garantir que a \u00e1gua permane\u00e7a na temperatura desejada de forma sempre controlada, proporcionando maior conforto para nossos clientes\u201d.<\/p>\n<p>Segundo Filipe Rezende, vice-presidente de Constru\u00e7\u00e3o, Experi\u00eancia e Hotelaria do GR Group, \u201co impacto \u00e9 positivo no \u00e2mbito ambiental, j\u00e1 que economiza recursos naturais para a gera\u00e7\u00e3o de energia t\u00e9rmica, reutilizando a \u00e1gua em m\u00faltiplas etapas durante o processo de aquecimento, o que resulta em um consumo menor de \u00e1gua ap\u00f3s a interliga\u00e7\u00e3o completa do sistema. Todas as piscinas do parque aqu\u00e1tico ser\u00e3o atendidas pelo reservat\u00f3rio. Outro ponto \u00e9 a filtragem otimizada da \u00e1gua e o tratamento qu\u00edmico adequado. Assim, com o novo sistema, o complexo ter\u00e1 economia de energia el\u00e9trica e redu\u00e7\u00e3o dos custos de manuten\u00e7\u00e3o\u201d.<\/p>\n<p>Winston Rezende, founder do GR Group, afirma que o reservat\u00f3rio de termoacumula\u00e7\u00e3o de \u00e1gua do Barretos Country representa um passo importante na agenda ESG do grupo, que vem ganhando mais tra\u00e7\u00e3o desde o ano passado, com o reposicionamento da marca.<\/p>\n<p>\u201cEstou muito feliz. Estamos concretizando um sonho com esse projeto, que \u00e9 hist\u00f3rico do ponto de vista ambiental, reaproveitando de forma inteligente os recursos naturais. Al\u00e9m de pol\u00edticas de meio ambiente, de responsabilidade social e de governan\u00e7a, as pr\u00e1ticas ESG que estamos trazendo para dentro do grupo tamb\u00e9m impactam positivamente nos neg\u00f3cios\u201d, afirma Winston Rezende.<\/p>\n<p>O Masterplan do complexo aqu\u00e1tico do Barretos Country Park &amp; Resort prev\u00ea 25 piscinas, com 8.800 m\u00b2 de l\u00e2mina de \u00e1gua em todo o complexo, o que equivalente a 9,8 milh\u00f5es de metros m\u00b3 de \u00e1gua. Em cinco anos, o reservat\u00f3rio dever\u00e1 atender 100% do parque\u00a0aqu\u00e1tico.<\/p>\n","protected":false},"excerpt":{"rendered":"<p>Obra sem precedentes no interior paulista deve entrar em opera\u00e7\u00e3o<\/p>\n","protected":false},"author":2,"featured_media":95303,"comment_status":"open","ping_status":"open","sticky":false,"template":"","format":"standard","meta":{"footnotes":""},"categories":[14,3],"tags":[],"class_list":["post-95302","post","type-post","status-publish","format-standard","has-post-thumbnail","hentry","category-barretos","category-geral"],"yoast_head":"<!-- This site is optimized with the Yoast SEO plugin v27.4 - https:\/\/yoast.com\/product\/yoast-seo-wordpress\/ -->\n<title>Novo reservat\u00f3rio de termoacumula\u00e7\u00e3o no Barretos Country Park &amp; Resort armazenar\u00e1 at\u00e9 3,2 milh\u00f5es de litros de \u00e1gua quente - Regi\u00e3o News<\/title>\n<meta name=\"robots\" content=\"index, follow, max-snippet:-1, max-image-preview:large, max-video-preview:-1\" \/>\n<link rel=\"canonical\" href=\"https:\/\/regiaonews.net.br\/2022\/2023\/09\/19\/novo-reservatorio-de-termoacumulacao-no-barretos-country-park-resort-armazenara-ate-32-milhoes-de-litros-de-agua-quente\/\" \/>\n<meta property=\"og:locale\" content=\"pt_BR\" \/>\n<meta property=\"og:type\" content=\"article\" \/>\n<meta property=\"og:title\" content=\"Novo reservat\u00f3rio de termoacumula\u00e7\u00e3o no Barretos Country Park &amp; Resort armazenar\u00e1 at\u00e9 3,2 milh\u00f5es de litros de \u00e1gua quente - Regi\u00e3o News\" \/>\n<meta property=\"og:description\" content=\"Obra sem precedentes no interior paulista deve entrar em opera\u00e7\u00e3o\" \/>\n<meta property=\"og:url\" content=\"https:\/\/regiaonews.net.br\/2022\/2023\/09\/19\/novo-reservatorio-de-termoacumulacao-no-barretos-country-park-resort-armazenara-ate-32-milhoes-de-litros-de-agua-quente\/\" \/>\n<meta property=\"og:site_name\" content=\"Regi\u00e3o News\" \/>\n<meta property=\"article:published_time\" content=\"2023-09-19T15:54:14+00:00\" \/>\n<meta property=\"og:image\" content=\"https:\/\/regiaonews.net.br\/2022\/wp-content\/uploads\/2023\/09\/Imagem-do-WhatsApp-de-2023-09-19-as-11.02.18.jpg\" \/>\n\t<meta property=\"og:image:width\" content=\"1200\" \/>\n\t<meta property=\"og:image:height\" content=\"900\" \/>\n\t<meta property=\"og:image:type\" content=\"image\/jpeg\" \/>\n<meta name=\"author\" content=\"Roberto\" \/>\n<meta name=\"twitter:card\" content=\"summary_large_image\" \/>\n<meta name=\"twitter:label1\" content=\"Escrito por\" \/>\n\t<meta name=\"twitter:data1\" content=\"Roberto\" \/>\n\t<meta name=\"twitter:label2\" content=\"Est. tempo de leitura\" \/>\n\t<meta name=\"twitter:data2\" content=\"4 minutos\" \/>\n<script type=\"application\/ld+json\" class=\"yoast-schema-graph\">{\"@context\":\"https:\\\/\\\/schema.org\",\"@graph\":[{\"@type\":\"Article\",\"@id\":\"https:\\\/\\\/regiaonews.net.br\\\/2022\\\/2023\\\/09\\\/19\\\/novo-reservatorio-de-termoacumulacao-no-barretos-country-park-resort-armazenara-ate-32-milhoes-de-litros-de-agua-quente\\\/#article\",\"isPartOf\":{\"@id\":\"https:\\\/\\\/regiaonews.net.br\\\/2022\\\/2023\\\/09\\\/19\\\/novo-reservatorio-de-termoacumulacao-no-barretos-country-park-resort-armazenara-ate-32-milhoes-de-litros-de-agua-quente\\\/\"},\"author\":{\"name\":\"Roberto\",\"@id\":\"https:\\\/\\\/regiaonews.net.br\\\/2022\\\/#\\\/schema\\\/person\\\/2d205a608a5aa97ac279d7a5e6d89ad8\"},\"headline\":\"Novo reservat\u00f3rio de termoacumula\u00e7\u00e3o no Barretos Country Park &#038; Resort armazenar\u00e1 at\u00e9 3,2 milh\u00f5es de litros de \u00e1gua quente\",\"datePublished\":\"2023-09-19T15:54:14+00:00\",\"mainEntityOfPage\":{\"@id\":\"https:\\\/\\\/regiaonews.net.br\\\/2022\\\/2023\\\/09\\\/19\\\/novo-reservatorio-de-termoacumulacao-no-barretos-country-park-resort-armazenara-ate-32-milhoes-de-litros-de-agua-quente\\\/\"},\"wordCount\":635,\"commentCount\":0,\"publisher\":{\"@id\":\"https:\\\/\\\/regiaonews.net.br\\\/2022\\\/#organization\"},\"image\":{\"@id\":\"https:\\\/\\\/regiaonews.net.br\\\/2022\\\/2023\\\/09\\\/19\\\/novo-reservatorio-de-termoacumulacao-no-barretos-country-park-resort-armazenara-ate-32-milhoes-de-litros-de-agua-quente\\\/#primaryimage\"},\"thumbnailUrl\":\"https:\\\/\\\/regiaonews.net.br\\\/2022\\\/wp-content\\\/uploads\\\/2023\\\/09\\\/Imagem-do-WhatsApp-de-2023-09-19-as-11.02.18.jpg\",\"articleSection\":[\"Barretos\",\"Geral\"],\"inLanguage\":\"pt-BR\",\"potentialAction\":[{\"@type\":\"CommentAction\",\"name\":\"Comment\",\"target\":[\"https:\\\/\\\/regiaonews.net.br\\\/2022\\\/2023\\\/09\\\/19\\\/novo-reservatorio-de-termoacumulacao-no-barretos-country-park-resort-armazenara-ate-32-milhoes-de-litros-de-agua-quente\\\/#respond\"]}]},{\"@type\":\"WebPage\",\"@id\":\"https:\\\/\\\/regiaonews.net.br\\\/2022\\\/2023\\\/09\\\/19\\\/novo-reservatorio-de-termoacumulacao-no-barretos-country-park-resort-armazenara-ate-32-milhoes-de-litros-de-agua-quente\\\/\",\"url\":\"https:\\\/\\\/regiaonews.net.br\\\/2022\\\/2023\\\/09\\\/19\\\/novo-reservatorio-de-termoacumulacao-no-barretos-country-park-resort-armazenara-ate-32-milhoes-de-litros-de-agua-quente\\\/\",\"name\":\"Novo reservat\u00f3rio de termoacumula\u00e7\u00e3o no Barretos Country Park & Resort armazenar\u00e1 at\u00e9 3,2 milh\u00f5es de litros de \u00e1gua quente - Regi\u00e3o News\",\"isPartOf\":{\"@id\":\"https:\\\/\\\/regiaonews.net.br\\\/2022\\\/#website\"},\"primaryImageOfPage\":{\"@id\":\"https:\\\/\\\/regiaonews.net.br\\\/2022\\\/2023\\\/09\\\/19\\\/novo-reservatorio-de-termoacumulacao-no-barretos-country-park-resort-armazenara-ate-32-milhoes-de-litros-de-agua-quente\\\/#primaryimage\"},\"image\":{\"@id\":\"https:\\\/\\\/regiaonews.net.br\\\/2022\\\/2023\\\/09\\\/19\\\/novo-reservatorio-de-termoacumulacao-no-barretos-country-park-resort-armazenara-ate-32-milhoes-de-litros-de-agua-quente\\\/#primaryimage\"},\"thumbnailUrl\":\"https:\\\/\\\/regiaonews.net.br\\\/2022\\\/wp-content\\\/uploads\\\/2023\\\/09\\\/Imagem-do-WhatsApp-de-2023-09-19-as-11.02.18.jpg\",\"datePublished\":\"2023-09-19T15:54:14+00:00\",\"breadcrumb\":{\"@id\":\"https:\\\/\\\/regiaonews.net.br\\\/2022\\\/2023\\\/09\\\/19\\\/novo-reservatorio-de-termoacumulacao-no-barretos-country-park-resort-armazenara-ate-32-milhoes-de-litros-de-agua-quente\\\/#breadcrumb\"},\"inLanguage\":\"pt-BR\",\"potentialAction\":[{\"@type\":\"ReadAction\",\"target\":[\"https:\\\/\\\/regiaonews.net.br\\\/2022\\\/2023\\\/09\\\/19\\\/novo-reservatorio-de-termoacumulacao-no-barretos-country-park-resort-armazenara-ate-32-milhoes-de-litros-de-agua-quente\\\/\"]}]},{\"@type\":\"ImageObject\",\"inLanguage\":\"pt-BR\",\"@id\":\"https:\\\/\\\/regiaonews.net.br\\\/2022\\\/2023\\\/09\\\/19\\\/novo-reservatorio-de-termoacumulacao-no-barretos-country-park-resort-armazenara-ate-32-milhoes-de-litros-de-agua-quente\\\/#primaryimage\",\"url\":\"https:\\\/\\\/regiaonews.net.br\\\/2022\\\/wp-content\\\/uploads\\\/2023\\\/09\\\/Imagem-do-WhatsApp-de-2023-09-19-as-11.02.18.jpg\",\"contentUrl\":\"https:\\\/\\\/regiaonews.net.br\\\/2022\\\/wp-content\\\/uploads\\\/2023\\\/09\\\/Imagem-do-WhatsApp-de-2023-09-19-as-11.02.18.jpg\",\"width\":1200,\"height\":900},{\"@type\":\"BreadcrumbList\",\"@id\":\"https:\\\/\\\/regiaonews.net.br\\\/2022\\\/2023\\\/09\\\/19\\\/novo-reservatorio-de-termoacumulacao-no-barretos-country-park-resort-armazenara-ate-32-milhoes-de-litros-de-agua-quente\\\/#breadcrumb\",\"itemListElement\":[{\"@type\":\"ListItem\",\"position\":1,\"name\":\"In\u00edcio\",\"item\":\"https:\\\/\\\/regiaonews.net.br\\\/2022\\\/\"},{\"@type\":\"ListItem\",\"position\":2,\"name\":\"Novo reservat\u00f3rio de termoacumula\u00e7\u00e3o no Barretos Country Park &#038; Resort armazenar\u00e1 at\u00e9 3,2 milh\u00f5es de litros de \u00e1gua quente\"}]},{\"@type\":\"WebSite\",\"@id\":\"https:\\\/\\\/regiaonews.net.br\\\/2022\\\/#website\",\"url\":\"https:\\\/\\\/regiaonews.net.br\\\/2022\\\/\",\"name\":\"Regi\u00e3o News\",\"description\":\"Site de Not\u00edcias de Barretos e regi\u00e3o\",\"publisher\":{\"@id\":\"https:\\\/\\\/regiaonews.net.br\\\/2022\\\/#organization\"},\"potentialAction\":[{\"@type\":\"SearchAction\",\"target\":{\"@type\":\"EntryPoint\",\"urlTemplate\":\"https:\\\/\\\/regiaonews.net.br\\\/2022\\\/?s={search_term_string}\"},\"query-input\":{\"@type\":\"PropertyValueSpecification\",\"valueRequired\":true,\"valueName\":\"search_term_string\"}}],\"inLanguage\":\"pt-BR\"},{\"@type\":\"Organization\",\"@id\":\"https:\\\/\\\/regiaonews.net.br\\\/2022\\\/#organization\",\"name\":\"Regi\u00e3o News\",\"url\":\"https:\\\/\\\/regiaonews.net.br\\\/2022\\\/\",\"logo\":{\"@type\":\"ImageObject\",\"inLanguage\":\"pt-BR\",\"@id\":\"https:\\\/\\\/regiaonews.net.br\\\/2022\\\/#\\\/schema\\\/logo\\\/image\\\/\",\"url\":\"https:\\\/\\\/regiaonews.net.br\\\/2022\\\/wp-content\\\/uploads\\\/2026\\\/03\\\/regiao-13-anos-scaled.jpg\",\"contentUrl\":\"https:\\\/\\\/regiaonews.net.br\\\/2022\\\/wp-content\\\/uploads\\\/2026\\\/03\\\/regiao-13-anos-scaled.jpg\",\"width\":2560,\"height\":635,\"caption\":\"Regi\u00e3o News\"},\"image\":{\"@id\":\"https:\\\/\\\/regiaonews.net.br\\\/2022\\\/#\\\/schema\\\/logo\\\/image\\\/\"}},{\"@type\":\"Person\",\"@id\":\"https:\\\/\\\/regiaonews.net.br\\\/2022\\\/#\\\/schema\\\/person\\\/2d205a608a5aa97ac279d7a5e6d89ad8\",\"name\":\"Roberto\",\"image\":{\"@type\":\"ImageObject\",\"inLanguage\":\"pt-BR\",\"@id\":\"https:\\\/\\\/secure.gravatar.com\\\/avatar\\\/42749d8b712ff9d59ca93dc150494e5b55a44134482993f5baeb97e61b7ecc89?s=96&d=mm&r=g\",\"url\":\"https:\\\/\\\/secure.gravatar.com\\\/avatar\\\/42749d8b712ff9d59ca93dc150494e5b55a44134482993f5baeb97e61b7ecc89?s=96&d=mm&r=g\",\"contentUrl\":\"https:\\\/\\\/secure.gravatar.com\\\/avatar\\\/42749d8b712ff9d59ca93dc150494e5b55a44134482993f5baeb97e61b7ecc89?s=96&d=mm&r=g\",\"caption\":\"Roberto\"},\"url\":\"https:\\\/\\\/regiaonews.net.br\\\/2022\\\/author\\\/roberto\\\/\"}]}<\/script>\n<!-- \/ Yoast SEO plugin. -->","yoast_head_json":{"title":"Novo reservat\u00f3rio de termoacumula\u00e7\u00e3o no Barretos Country Park & Resort armazenar\u00e1 at\u00e9 3,2 milh\u00f5es de litros de \u00e1gua quente - Regi\u00e3o News","robots":{"index":"index","follow":"follow","max-snippet":"max-snippet:-1","max-image-preview":"max-image-preview:large","max-video-preview":"max-video-preview:-1"},"canonical":"https:\/\/regiaonews.net.br\/2022\/2023\/09\/19\/novo-reservatorio-de-termoacumulacao-no-barretos-country-park-resort-armazenara-ate-32-milhoes-de-litros-de-agua-quente\/","og_locale":"pt_BR","og_type":"article","og_title":"Novo reservat\u00f3rio de termoacumula\u00e7\u00e3o no Barretos Country Park & Resort armazenar\u00e1 at\u00e9 3,2 milh\u00f5es de litros de \u00e1gua quente - Regi\u00e3o News","og_description":"Obra sem precedentes no interior paulista deve entrar em opera\u00e7\u00e3o","og_url":"https:\/\/regiaonews.net.br\/2022\/2023\/09\/19\/novo-reservatorio-de-termoacumulacao-no-barretos-country-park-resort-armazenara-ate-32-milhoes-de-litros-de-agua-quente\/","og_site_name":"Regi\u00e3o News","article_published_time":"2023-09-19T15:54:14+00:00","og_image":[{"width":1200,"height":900,"url":"https:\/\/regiaonews.net.br\/2022\/wp-content\/uploads\/2023\/09\/Imagem-do-WhatsApp-de-2023-09-19-as-11.02.18.jpg","type":"image\/jpeg"}],"author":"Roberto","twitter_card":"summary_large_image","twitter_misc":{"Escrito por":"Roberto","Est. tempo de leitura":"4 minutos"},"schema":{"@context":"https:\/\/schema.org","@graph":[{"@type":"Article","@id":"https:\/\/regiaonews.net.br\/2022\/2023\/09\/19\/novo-reservatorio-de-termoacumulacao-no-barretos-country-park-resort-armazenara-ate-32-milhoes-de-litros-de-agua-quente\/#article","isPartOf":{"@id":"https:\/\/regiaonews.net.br\/2022\/2023\/09\/19\/novo-reservatorio-de-termoacumulacao-no-barretos-country-park-resort-armazenara-ate-32-milhoes-de-litros-de-agua-quente\/"},"author":{"name":"Roberto","@id":"https:\/\/regiaonews.net.br\/2022\/#\/schema\/person\/2d205a608a5aa97ac279d7a5e6d89ad8"},"headline":"Novo reservat\u00f3rio de termoacumula\u00e7\u00e3o no Barretos Country Park &#038; Resort armazenar\u00e1 at\u00e9 3,2 milh\u00f5es de litros de \u00e1gua quente","datePublished":"2023-09-19T15:54:14+00:00","mainEntityOfPage":{"@id":"https:\/\/regiaonews.net.br\/2022\/2023\/09\/19\/novo-reservatorio-de-termoacumulacao-no-barretos-country-park-resort-armazenara-ate-32-milhoes-de-litros-de-agua-quente\/"},"wordCount":635,"commentCount":0,"publisher":{"@id":"https:\/\/regiaonews.net.br\/2022\/#organization"},"image":{"@id":"https:\/\/regiaonews.net.br\/2022\/2023\/09\/19\/novo-reservatorio-de-termoacumulacao-no-barretos-country-park-resort-armazenara-ate-32-milhoes-de-litros-de-agua-quente\/#primaryimage"},"thumbnailUrl":"https:\/\/regiaonews.net.br\/2022\/wp-content\/uploads\/2023\/09\/Imagem-do-WhatsApp-de-2023-09-19-as-11.02.18.jpg","articleSection":["Barretos","Geral"],"inLanguage":"pt-BR","potentialAction":[{"@type":"CommentAction","name":"Comment","target":["https:\/\/regiaonews.net.br\/2022\/2023\/09\/19\/novo-reservatorio-de-termoacumulacao-no-barretos-country-park-resort-armazenara-ate-32-milhoes-de-litros-de-agua-quente\/#respond"]}]},{"@type":"WebPage","@id":"https:\/\/regiaonews.net.br\/2022\/2023\/09\/19\/novo-reservatorio-de-termoacumulacao-no-barretos-country-park-resort-armazenara-ate-32-milhoes-de-litros-de-agua-quente\/","url":"https:\/\/regiaonews.net.br\/2022\/2023\/09\/19\/novo-reservatorio-de-termoacumulacao-no-barretos-country-park-resort-armazenara-ate-32-milhoes-de-litros-de-agua-quente\/","name":"Novo reservat\u00f3rio de termoacumula\u00e7\u00e3o no Barretos Country Park & Resort armazenar\u00e1 at\u00e9 3,2 milh\u00f5es de litros de \u00e1gua quente - Regi\u00e3o News","isPartOf":{"@id":"https:\/\/regiaonews.net.br\/2022\/#website"},"primaryImageOfPage":{"@id":"https:\/\/regiaonews.net.br\/2022\/2023\/09\/19\/novo-reservatorio-de-termoacumulacao-no-barretos-country-park-resort-armazenara-ate-32-milhoes-de-litros-de-agua-quente\/#primaryimage"},"image":{"@id":"https:\/\/regiaonews.net.br\/2022\/2023\/09\/19\/novo-reservatorio-de-termoacumulacao-no-barretos-country-park-resort-armazenara-ate-32-milhoes-de-litros-de-agua-quente\/#primaryimage"},"thumbnailUrl":"https:\/\/regiaonews.net.br\/2022\/wp-content\/uploads\/2023\/09\/Imagem-do-WhatsApp-de-2023-09-19-as-11.02.18.jpg","datePublished":"2023-09-19T15:54:14+00:00","breadcrumb":{"@id":"https:\/\/regiaonews.net.br\/2022\/2023\/09\/19\/novo-reservatorio-de-termoacumulacao-no-barretos-country-park-resort-armazenara-ate-32-milhoes-de-litros-de-agua-quente\/#breadcrumb"},"inLanguage":"pt-BR","potentialAction":[{"@type":"ReadAction","target":["https:\/\/regiaonews.net.br\/2022\/2023\/09\/19\/novo-reservatorio-de-termoacumulacao-no-barretos-country-park-resort-armazenara-ate-32-milhoes-de-litros-de-agua-quente\/"]}]},{"@type":"ImageObject","inLanguage":"pt-BR","@id":"https:\/\/regiaonews.net.br\/2022\/2023\/09\/19\/novo-reservatorio-de-termoacumulacao-no-barretos-country-park-resort-armazenara-ate-32-milhoes-de-litros-de-agua-quente\/#primaryimage","url":"https:\/\/regiaonews.net.br\/2022\/wp-content\/uploads\/2023\/09\/Imagem-do-WhatsApp-de-2023-09-19-as-11.02.18.jpg","contentUrl":"https:\/\/regiaonews.net.br\/2022\/wp-content\/uploads\/2023\/09\/Imagem-do-WhatsApp-de-2023-09-19-as-11.02.18.jpg","width":1200,"height":900},{"@type":"BreadcrumbList","@id":"https:\/\/regiaonews.net.br\/2022\/2023\/09\/19\/novo-reservatorio-de-termoacumulacao-no-barretos-country-park-resort-armazenara-ate-32-milhoes-de-litros-de-agua-quente\/#breadcrumb","itemListElement":[{"@type":"ListItem","position":1,"name":"In\u00edcio","item":"https:\/\/regiaonews.net.br\/2022\/"},{"@type":"ListItem","position":2,"name":"Novo reservat\u00f3rio de termoacumula\u00e7\u00e3o no Barretos Country Park &#038; Resort armazenar\u00e1 at\u00e9 3,2 milh\u00f5es de litros de \u00e1gua quente"}]},{"@type":"WebSite","@id":"https:\/\/regiaonews.net.br\/2022\/#website","url":"https:\/\/regiaonews.net.br\/2022\/","name":"Regi\u00e3o News","description":"Site de Not\u00edcias de Barretos e regi\u00e3o","publisher":{"@id":"https:\/\/regiaonews.net.br\/2022\/#organization"},"potentialAction":[{"@type":"SearchAction","target":{"@type":"EntryPoint","urlTemplate":"https:\/\/regiaonews.net.br\/2022\/?s={search_term_string}"},"query-input":{"@type":"PropertyValueSpecification","valueRequired":true,"valueName":"search_term_string"}}],"inLanguage":"pt-BR"},{"@type":"Organization","@id":"https:\/\/regiaonews.net.br\/2022\/#organization","name":"Regi\u00e3o News","url":"https:\/\/regiaonews.net.br\/2022\/","logo":{"@type":"ImageObject","inLanguage":"pt-BR","@id":"https:\/\/regiaonews.net.br\/2022\/#\/schema\/logo\/image\/","url":"https:\/\/regiaonews.net.br\/2022\/wp-content\/uploads\/2026\/03\/regiao-13-anos-scaled.jpg","contentUrl":"https:\/\/regiaonews.net.br\/2022\/wp-content\/uploads\/2026\/03\/regiao-13-anos-scaled.jpg","width":2560,"height":635,"caption":"Regi\u00e3o News"},"image":{"@id":"https:\/\/regiaonews.net.br\/2022\/#\/schema\/logo\/image\/"}},{"@type":"Person","@id":"https:\/\/regiaonews.net.br\/2022\/#\/schema\/person\/2d205a608a5aa97ac279d7a5e6d89ad8","name":"Roberto","image":{"@type":"ImageObject","inLanguage":"pt-BR","@id":"https:\/\/secure.gravatar.com\/avatar\/42749d8b712ff9d59ca93dc150494e5b55a44134482993f5baeb97e61b7ecc89?s=96&d=mm&r=g","url":"https:\/\/secure.gravatar.com\/avatar\/42749d8b712ff9d59ca93dc150494e5b55a44134482993f5baeb97e61b7ecc89?s=96&d=mm&r=g","contentUrl":"https:\/\/secure.gravatar.com\/avatar\/42749d8b712ff9d59ca93dc150494e5b55a44134482993f5baeb97e61b7ecc89?s=96&d=mm&r=g","caption":"Roberto"},"url":"https:\/\/regiaonews.net.br\/2022\/author\/roberto\/"}]}},"publishpress_future_action":{"enabled":false,"date":"2026-05-03 18:04:36","action":"change-status","newStatus":"draft","terms":[],"taxonomy":"category","extraData":[]},"publishpress_future_workflow_manual_trigger":{"enabledWorkflows":[]},"_links":{"self":[{"href":"https:\/\/regiaonews.net.br\/2022\/wp-json\/wp\/v2\/posts\/95302","targetHints":{"allow":["GET"]}}],"collection":[{"href":"https:\/\/regiaonews.net.br\/2022\/wp-json\/wp\/v2\/posts"}],"about":[{"href":"https:\/\/regiaonews.net.br\/2022\/wp-json\/wp\/v2\/types\/post"}],"author":[{"embeddable":true,"href":"https:\/\/regiaonews.net.br\/2022\/wp-json\/wp\/v2\/users\/2"}],"replies":[{"embeddable":true,"href":"https:\/\/regiaonews.net.br\/2022\/wp-json\/wp\/v2\/comments?post=95302"}],"version-history":[{"count":1,"href":"https:\/\/regiaonews.net.br\/2022\/wp-json\/wp\/v2\/posts\/95302\/revisions"}],"predecessor-version":[{"id":95304,"href":"https:\/\/regiaonews.net.br\/2022\/wp-json\/wp\/v2\/posts\/95302\/revisions\/95304"}],"wp:featuredmedia":[{"embeddable":true,"href":"https:\/\/regiaonews.net.br\/2022\/wp-json\/wp\/v2\/media\/95303"}],"wp:attachment":[{"href":"https:\/\/regiaonews.net.br\/2022\/wp-json\/wp\/v2\/media?parent=95302"}],"wp:term":[{"taxonomy":"category","embeddable":true,"href":"https:\/\/regiaonews.net.br\/2022\/wp-json\/wp\/v2\/categories?post=95302"},{"taxonomy":"post_tag","embeddable":true,"href":"https:\/\/regiaonews.net.br\/2022\/wp-json\/wp\/v2\/tags?post=95302"}],"curies":[{"name":"wp","href":"https:\/\/api.w.org\/{rel}","templated":true}]}}