{"id":95202,"date":"2023-09-17T13:24:08","date_gmt":"2023-09-17T16:24:08","guid":{"rendered":"https:\/\/regiaonews.net.br\/2022\/?p=95202"},"modified":"2023-09-17T13:24:08","modified_gmt":"2023-09-17T16:24:08","slug":"taxa-de-empregabilidade-para-formados-em-ciencias-contabeis-chega-a-quase-95-segundo-ipea","status":"publish","type":"post","link":"https:\/\/regiaonews.net.br\/2022\/2023\/09\/17\/taxa-de-empregabilidade-para-formados-em-ciencias-contabeis-chega-a-quase-95-segundo-ipea\/","title":{"rendered":"Taxa de empregabilidade para formados em Ci\u00eancias Cont\u00e1beis chega a quase 95%, segundo IPEA\u00a0"},"content":{"rendered":"<p>Ci\u00eancias Cont\u00e1beis \u00e9 uma das \u00e1reas com maior \u00edndice de contrata\u00e7\u00e3o no mercado de trabalho e no UNIFEB (Centro Universit\u00e1rio da Funda\u00e7\u00e3o Educacional de Barretos) o curso tem alto grau de excel\u00eancia e se destaca entre os melhores do Brasil.<\/p>\n<p>Segundo dados recentes do IPEA (Instituto de Pesquisa Econ\u00f4mica Aplicada), a taxa de empregabilidade dos formados no segmento \u00e9 de 93,8%. O coordenador do curso de Ci\u00eancias Cont\u00e1beis do UNIFEB, Prof. Esp. Paulo Buzati, ressalta que\u00a0no cen\u00e1rio regional, a cada cinco ofertas de vagas que recebe, tr\u00eas s\u00e3o para\u00a0Contabilidade. \u201cS\u00e3o oportunidades em\u00a0escrit\u00f3rios cont\u00e1beis, empresas de auditoria, usinas, bancos, cooperativas, entidades na \u00e1rea de sa\u00fade,\u00a0como o Hospital de Amor,\u00a0e empresas de pequeno, m\u00e9dio e grande porte, ou seja, independente do cen\u00e1rio econ\u00f4mico o aluno sempre tem oportunidades,\u00a0j\u00e1 que a Contabilidade \u00e9 fundamental para o sucesso de qualquer empreendimento\u201d, disse o coordenador, tamb\u00e9m destacando que no\u00a0cen\u00e1rio digital tem surgido oportunidades em escrit\u00f3rios 100% remotos,\u00a0onde o\u00a0profissional\u00a0pode trabalhar home office, inclusive com o\u00a0processo seletivo e capacita\u00e7\u00e3o\u00a0no formato\u00a0on-line.<\/p>\n<p>Para Buzati, num\u00a0mundo de incertezas, a profiss\u00e3o cont\u00e1bil continua se destacando por sua contribui\u00e7\u00e3o no cen\u00e1rio econ\u00f4mico como um todo, fornecendo informa\u00e7\u00f5es financeiras e orienta\u00e7\u00e3o estrat\u00e9gica para a tomada de decis\u00e3o.\u00a0\u201cEm uma realidade de dados, informa\u00e7\u00f5es e especula\u00e7\u00e3o \u00e9 necess\u00e1rio ser o mais assertivo poss\u00edvel, afinal,\u00a0estamos tratando de valores financeiros e somente um profissional qualificado consegue atender essa demanda. O contador continua sendo parte da estrutura b\u00e1sica de qualquer empresa ou organiza\u00e7\u00e3o, sejam elas p\u00fablicas ou privadas. Ainda sobre esse boom do mercado financeiro e de capitais,\u00a0o que seria deles sem o assessoramento de um profissional cont\u00e1bil atualizado e alinhado aos cen\u00e1rios?\u201d, enfatiza.<\/p>\n<p>No\u00a0UNIFEB, o\u00a0curso\u00a0de Ci\u00eancias Cont\u00e1beis\u00a0conta com professores\u00a0de ampla\u00a0experi\u00eancia na \u00e1rea, que transmitem ao aluno a viv\u00eancia pr\u00e1tica alinhada \u00e0 teoria. \u201cEssa metodologia gera mais\u00a0qualidade e propriedade nas linhas de ensino, al\u00e9m de apresentar aos estudantes quais s\u00e3o as \u00e1reas que atualmente est\u00e3o em alta na carreira, estimulando-os e orientando\u00a0sobre\u00a0as compet\u00eancias exigidas em cada uma delas. Al\u00e9m disso, nosso curso\u00a0continua na posi\u00e7\u00e3o de \u00fanico na regi\u00e3o com conceito Enade 5 e listado entre os 10 melhores do pa\u00eds\u201d, destaca o coordenador.<\/p>\n<p>Entre as\u00a0principais caracter\u00edsticas que um profissional de Ci\u00eancias Cont\u00e1beis deve ter, Buzati lembra que sempre ser\u00e3o demandadas as compet\u00eancias e forma\u00e7\u00f5es t\u00e9cnicas &#8211; chamadas\u00a0de\u00a0hard skills, mas tamb\u00e9m as habilidades comportamentais &#8211;\u00a0soft skills.\u00a0\u201cPara um futuro profissional de Ci\u00eancias Cont\u00e1beis, as principais caracter\u00edsticas que devem ser levadas em considera\u00e7\u00e3o s\u00e3o: ter perfil anal\u00edtico com vis\u00e3o expandida pensando sempre fora da caixa; boa comunica\u00e7\u00e3o; entender que \u00e9 uma carreira de aprendizado e atualiza\u00e7\u00e3o constante alinhada ao estilo\u00a0lifelong learning;\u00a0comprometimento com o cliente\u00a0e ao mesmo tempo consci\u00eancia de dono, j\u00e1 que \u00e9 o respons\u00e1vel pelo patrim\u00f4nio alheio; conhecimento e habilidade em tecnologia, visto que a profiss\u00e3o n\u00e3o perde mais tempo com trabalhos\u00a0manuais e, sim, analisando dados e tra\u00e7ando estrat\u00e9gias de como melhor utiliz\u00e1-los e,\u00a0claro, um pouquinho de paci\u00eancia. Brincar e entender os n\u00fameros \u00e9 m\u00e1gico\u201d, ressalta.<\/p>\n<p>Ainda segundo o coordenador de Ci\u00eancias Cont\u00e1beis do UNIFEB, o\u00a0Censo do MEC (2022)\u00a0mostra que o curso \u00e9 o 4\u00ba colocado na lista com o maior n\u00famero de concluintes (em n\u00fameros exatos: 52.797 alunos).\u00a0\u201cOs n\u00fameros do mercado de trabalho tamb\u00e9m n\u00e3o mentem. Basta dar o primeiro passo, acreditar e entender que com dedica\u00e7\u00e3o e um bom planejamento \u00e9 poss\u00edvel alcan\u00e7ar voos gratificantes e oferecer contribui\u00e7\u00f5es significativas &#8211; grifos meus, j\u00e1 que sou profissional formado na \u00e1rea h\u00e1 mais de 10 anos\u201d, disse.<\/p>\n<p>Quem tiver interesse em ingressar no curso de Ci\u00eancias Cont\u00e1beis do UNIFEB pode fazer a inscri\u00e7\u00e3o para o Vestibular 2024 pelo site\u00a0<a href=\"http:\/\/www.vestibular.unifeb.edu.br\/\" data-linkindex=\"0\">www.vestibular.unifeb.edu.br<\/a>. \u201cNosso curso est\u00e1 dispon\u00edvel com uma grade voltada para o est\u00edmulo e desenvolvimento de compet\u00eancias\u00a0a fim de\u00a0incentivar os alunos\u00a0sobre o\u00a0quanto essa profiss\u00e3o pode fazer diferen\u00e7a n\u00e3o s\u00f3 em suas\u00a0vidas, mas tamb\u00e9m para a sociedade e o meio em que est\u00e3o\u00a0inseridos\u201d, finalizou Buzati.<\/p>\n<p>&nbsp;<\/p>\n<p data-ogsb=\"white\"><em><span data-ogsc=\"black\">Outras informa\u00e7\u00f5es podem ser obtidas pelo site\u00a0do\u00a0<\/span><\/em><span data-ogsc=\"black\"><a href=\"http:\/\/www.unifeb.edu.br\/\" data-linkindex=\"1\"><em>UNIFEB<\/em><\/a><\/span><em><span data-ogsc=\"black\">\u00a0e aproveite para seguir o Centro Universit\u00e1rio pelas redes sociais:\u00a0<\/span><\/em><span data-ogsc=\"black\">\u00a0\u00a0\u00a0\u00a0\u00a0\u00a0 \u00a0 \u00a0 \u00a0 \u00a0 \u00a0 \u00a0 \u00a0\u00a0\u00a0\u00a0\u00a0\u00a0\u00a0\u00a0\u00a0\u00a0\u00a0\u00a0\u00a0\u00a0\u00a0\u00a0\u00a0\u00a0\u00a0\u00a0\u00a0\u00a0\u00a0\u00a0\u00a0\u00a0\u00a0\u00a0\u00a0\u00a0\u00a0\u00a0\u00a0\u00a0<\/span><span data-ogsc=\"black\">\u00a0<\/span><span data-ogsc=\"black\">\u00a0\u00a0\u00a0\u00a0\u00a0<\/span><span data-ogsc=\"black\">\u00a0<\/span><span data-ogsc=\"black\">\u00a0\u00a0\u00a0<\/span><span data-ogsc=\"black\">\u00a0\u00a0\u00a0\u00a0\u00a0\u00a0<\/span><span data-ogsc=\"black\">\u00a0\u00a0\u00a0\u00a0\u00a0<\/span><span data-ogsc=\"black\">\u00a0\u00a0\u00a0\u00a0\u00a0\u00a0\u00a0\u00a0\u00a0\u00a0\u00a0\u00a0\u00a0<\/span><\/p>\n<ul>\n<li data-ogsb=\"white\"><strong><span data-ogsc=\"black\">Instagram<\/span><\/strong><span data-ogsc=\"black\">: @unifeb_barretos\u00a0\u00a0\u00a0\u00a0\u00a0\u00a0\u00a0\u00a0\u00a0\u00a0\u00a0\u00a0\u00a0\u00a0\u00a0\u00a0\u00a0\u00a0\u00a0\u00a0\u00a0\u00a0\u00a0\u00a0\u00a0\u00a0\u00a0\u00a0\u00a0\u00a0\u00a0\u00a0\u00a0\u00a0\u00a0\u00a0\u00a0\u00a0\u00a0\u00a0\u00a0\u00a0\u00a0\u00a0\u00a0\u00a0\u00a0\u00a0<\/span><span data-ogsc=\"black\">\u00a0<\/span><span data-ogsc=\"black\">\u00a0\u00a0\u00a0\u00a0\u00a0<\/span><span data-ogsc=\"black\">\u00a0<\/span><span data-ogsc=\"black\">\u00a0\u00a0\u00a0<\/span><span data-ogsc=\"black\">\u00a0\u00a0\u00a0\u00a0\u00a0\u00a0<\/span><span data-ogsc=\"black\">\u00a0\u00a0\u00a0\u00a0\u00a0<\/span><span data-ogsc=\"black\">\u00a0\u00a0\u00a0\u00a0\u00a0\u00a0\u00a0\u00a0\u00a0\u00a0\u00a0\u00a0\u00a0<\/span><\/li>\n<li data-ogsb=\"white\"><strong><span data-ogsc=\"black\">Facebook<\/span><\/strong><span data-ogsc=\"black\">:\u00a0UnifebBarretos\u00a0\u00a0\u00a0\u00a0\u00a0\u00a0\u00a0\u00a0\u00a0\u00a0\u00a0\u00a0\u00a0\u00a0\u00a0\u00a0\u00a0\u00a0\u00a0\u00a0\u00a0\u00a0\u00a0\u00a0\u00a0\u00a0\u00a0\u00a0\u00a0\u00a0\u00a0\u00a0\u00a0\u00a0\u00a0\u00a0\u00a0\u00a0\u00a0\u00a0\u00a0\u00a0\u00a0\u00a0\u00a0\u00a0\u00a0<\/span><span data-ogsc=\"black\">\u00a0<\/span><span data-ogsc=\"black\">\u00a0\u00a0\u00a0\u00a0\u00a0<\/span><span data-ogsc=\"black\">\u00a0<\/span><span data-ogsc=\"black\">\u00a0\u00a0\u00a0<\/span><span data-ogsc=\"black\">\u00a0\u00a0\u00a0\u00a0\u00a0\u00a0<\/span><span data-ogsc=\"black\">\u00a0\u00a0\u00a0\u00a0\u00a0<\/span><span data-ogsc=\"black\">\u00a0\u00a0\u00a0\u00a0\u00a0\u00a0\u00a0\u00a0\u00a0\u00a0\u00a0\u00a0\u00a0<\/span><\/li>\n<li data-ogsb=\"white\"><strong><span data-ogsc=\"black\">Twitter<\/span><\/strong><span data-ogsc=\"black\">: @Unifeb_Barretos\u00a0\u00a0\u00a0\u00a0\u00a0\u00a0\u00a0\u00a0\u00a0\u00a0\u00a0\u00a0\u00a0\u00a0\u00a0\u00a0\u00a0\u00a0\u00a0\u00a0\u00a0\u00a0\u00a0\u00a0\u00a0\u00a0\u00a0\u00a0\u00a0\u00a0\u00a0\u00a0\u00a0\u00a0\u00a0\u00a0\u00a0\u00a0\u00a0\u00a0\u00a0\u00a0\u00a0\u00a0\u00a0\u00a0\u00a0\u00a0<\/span><span data-ogsc=\"black\">\u00a0<\/span><span data-ogsc=\"black\">\u00a0\u00a0\u00a0\u00a0\u00a0<\/span><span data-ogsc=\"black\">\u00a0<\/span><span data-ogsc=\"black\">\u00a0\u00a0\u00a0<\/span><span data-ogsc=\"black\">\u00a0\u00a0\u00a0\u00a0\u00a0\u00a0<\/span><span data-ogsc=\"black\">\u00a0\u00a0\u00a0\u00a0\u00a0<\/span><span data-ogsc=\"black\">\u00a0\u00a0\u00a0\u00a0\u00a0\u00a0\u00a0\u00a0\u00a0\u00a0\u00a0\u00a0\u00a0<\/span><\/li>\n<li data-ogsb=\"white\"><strong><span data-ogsc=\"black\">TikTok<\/span><\/strong><span data-ogsc=\"black\">:\u00a0unifeb.barretos\u00a0\u00a0\u00a0\u00a0\u00a0\u00a0\u00a0\u00a0\u00a0\u00a0\u00a0\u00a0\u00a0\u00a0\u00a0\u00a0\u00a0\u00a0\u00a0\u00a0\u00a0\u00a0\u00a0\u00a0\u00a0\u00a0\u00a0\u00a0\u00a0\u00a0\u00a0\u00a0\u00a0\u00a0\u00a0\u00a0\u00a0\u00a0\u00a0\u00a0\u00a0\u00a0\u00a0\u00a0\u00a0\u00a0\u00a0\u00a0<\/span><span data-ogsc=\"black\">\u00a0<\/span><span data-ogsc=\"black\">\u00a0\u00a0\u00a0\u00a0\u00a0<\/span><span data-ogsc=\"black\">\u00a0<\/span><span data-ogsc=\"black\">\u00a0\u00a0\u00a0<\/span><span data-ogsc=\"black\">\u00a0\u00a0\u00a0\u00a0\u00a0\u00a0<\/span><span data-ogsc=\"black\">\u00a0\u00a0\u00a0\u00a0\u00a0<\/span><span data-ogsc=\"black\">\u00a0\u00a0\u00a0\u00a0\u00a0\u00a0\u00a0\u00a0\u00a0\u00a0\u00a0\u00a0\u00a0<\/span><\/li>\n<\/ul>\n<table data-ogsb=\"rgb(255, 255, 255)\">\n<tbody>\n<tr>\n<td><\/td>\n<td colspan=\"1\"><\/td>\n<\/tr>\n<\/tbody>\n<\/table>\n","protected":false},"excerpt":{"rendered":"<p>Ci\u00eancias Cont\u00e1beis \u00e9 uma das \u00e1reas com maior \u00edndice de<\/p>\n","protected":false},"author":2,"featured_media":95203,"comment_status":"open","ping_status":"open","sticky":false,"template":"","format":"standard","meta":{"footnotes":""},"categories":[14,25],"tags":[],"class_list":["post-95202","post","type-post","status-publish","format-standard","has-post-thumbnail","hentry","category-barretos","category-cidades"],"yoast_head":"<!-- This site is optimized with the Yoast SEO plugin v27.4 - https:\/\/yoast.com\/product\/yoast-seo-wordpress\/ -->\n<title>Taxa de empregabilidade para formados<\/title>\n<meta name=\"robots\" content=\"index, follow, max-snippet:-1, max-image-preview:large, max-video-preview:-1\" \/>\n<link rel=\"canonical\" href=\"https:\/\/regiaonews.net.br\/2022\/2023\/09\/17\/taxa-de-empregabilidade-para-formados-em-ciencias-contabeis-chega-a-quase-95-segundo-ipea\/\" \/>\n<meta property=\"og:locale\" content=\"pt_BR\" \/>\n<meta property=\"og:type\" content=\"article\" \/>\n<meta property=\"og:title\" content=\"Taxa de empregabilidade para formados\" \/>\n<meta property=\"og:description\" content=\"Ci\u00eancias Cont\u00e1beis \u00e9 uma das \u00e1reas com maior \u00edndice de\" \/>\n<meta property=\"og:url\" content=\"https:\/\/regiaonews.net.br\/2022\/2023\/09\/17\/taxa-de-empregabilidade-para-formados-em-ciencias-contabeis-chega-a-quase-95-segundo-ipea\/\" \/>\n<meta property=\"og:site_name\" content=\"Regi\u00e3o News\" \/>\n<meta property=\"article:published_time\" content=\"2023-09-17T16:24:08+00:00\" \/>\n<meta property=\"og:image\" content=\"https:\/\/regiaonews.net.br\/2022\/wp-content\/uploads\/2023\/09\/Coordenador-de-Ciencias-Contabeis-Prof.-Esp.-Paulo-Buzati-scaled.jpg\" \/>\n\t<meta property=\"og:image:width\" content=\"2560\" \/>\n\t<meta property=\"og:image:height\" content=\"1920\" \/>\n\t<meta property=\"og:image:type\" content=\"image\/jpeg\" \/>\n<meta name=\"author\" content=\"Roberto\" \/>\n<meta name=\"twitter:card\" content=\"summary_large_image\" \/>\n<meta name=\"twitter:label1\" content=\"Escrito por\" \/>\n\t<meta name=\"twitter:data1\" content=\"Roberto\" \/>\n\t<meta name=\"twitter:label2\" content=\"Est. tempo de leitura\" \/>\n\t<meta name=\"twitter:data2\" content=\"4 minutos\" \/>\n<script type=\"application\/ld+json\" class=\"yoast-schema-graph\">{\"@context\":\"https:\\\/\\\/schema.org\",\"@graph\":[{\"@type\":\"Article\",\"@id\":\"https:\\\/\\\/regiaonews.net.br\\\/2022\\\/2023\\\/09\\\/17\\\/taxa-de-empregabilidade-para-formados-em-ciencias-contabeis-chega-a-quase-95-segundo-ipea\\\/#article\",\"isPartOf\":{\"@id\":\"https:\\\/\\\/regiaonews.net.br\\\/2022\\\/2023\\\/09\\\/17\\\/taxa-de-empregabilidade-para-formados-em-ciencias-contabeis-chega-a-quase-95-segundo-ipea\\\/\"},\"author\":{\"name\":\"Roberto\",\"@id\":\"https:\\\/\\\/regiaonews.net.br\\\/2022\\\/#\\\/schema\\\/person\\\/2d205a608a5aa97ac279d7a5e6d89ad8\"},\"headline\":\"Taxa de empregabilidade para formados em Ci\u00eancias Cont\u00e1beis chega a quase 95%, segundo IPEA\u00a0\",\"datePublished\":\"2023-09-17T16:24:08+00:00\",\"mainEntityOfPage\":{\"@id\":\"https:\\\/\\\/regiaonews.net.br\\\/2022\\\/2023\\\/09\\\/17\\\/taxa-de-empregabilidade-para-formados-em-ciencias-contabeis-chega-a-quase-95-segundo-ipea\\\/\"},\"wordCount\":805,\"commentCount\":0,\"publisher\":{\"@id\":\"https:\\\/\\\/regiaonews.net.br\\\/2022\\\/#organization\"},\"image\":{\"@id\":\"https:\\\/\\\/regiaonews.net.br\\\/2022\\\/2023\\\/09\\\/17\\\/taxa-de-empregabilidade-para-formados-em-ciencias-contabeis-chega-a-quase-95-segundo-ipea\\\/#primaryimage\"},\"thumbnailUrl\":\"https:\\\/\\\/regiaonews.net.br\\\/2022\\\/wp-content\\\/uploads\\\/2023\\\/09\\\/Coordenador-de-Ciencias-Contabeis-Prof.-Esp.-Paulo-Buzati-scaled.jpg\",\"articleSection\":[\"Barretos\",\"Cidades\"],\"inLanguage\":\"pt-BR\",\"potentialAction\":[{\"@type\":\"CommentAction\",\"name\":\"Comment\",\"target\":[\"https:\\\/\\\/regiaonews.net.br\\\/2022\\\/2023\\\/09\\\/17\\\/taxa-de-empregabilidade-para-formados-em-ciencias-contabeis-chega-a-quase-95-segundo-ipea\\\/#respond\"]}]},{\"@type\":\"WebPage\",\"@id\":\"https:\\\/\\\/regiaonews.net.br\\\/2022\\\/2023\\\/09\\\/17\\\/taxa-de-empregabilidade-para-formados-em-ciencias-contabeis-chega-a-quase-95-segundo-ipea\\\/\",\"url\":\"https:\\\/\\\/regiaonews.net.br\\\/2022\\\/2023\\\/09\\\/17\\\/taxa-de-empregabilidade-para-formados-em-ciencias-contabeis-chega-a-quase-95-segundo-ipea\\\/\",\"name\":\"Taxa de empregabilidade para formados\",\"isPartOf\":{\"@id\":\"https:\\\/\\\/regiaonews.net.br\\\/2022\\\/#website\"},\"primaryImageOfPage\":{\"@id\":\"https:\\\/\\\/regiaonews.net.br\\\/2022\\\/2023\\\/09\\\/17\\\/taxa-de-empregabilidade-para-formados-em-ciencias-contabeis-chega-a-quase-95-segundo-ipea\\\/#primaryimage\"},\"image\":{\"@id\":\"https:\\\/\\\/regiaonews.net.br\\\/2022\\\/2023\\\/09\\\/17\\\/taxa-de-empregabilidade-para-formados-em-ciencias-contabeis-chega-a-quase-95-segundo-ipea\\\/#primaryimage\"},\"thumbnailUrl\":\"https:\\\/\\\/regiaonews.net.br\\\/2022\\\/wp-content\\\/uploads\\\/2023\\\/09\\\/Coordenador-de-Ciencias-Contabeis-Prof.-Esp.-Paulo-Buzati-scaled.jpg\",\"datePublished\":\"2023-09-17T16:24:08+00:00\",\"breadcrumb\":{\"@id\":\"https:\\\/\\\/regiaonews.net.br\\\/2022\\\/2023\\\/09\\\/17\\\/taxa-de-empregabilidade-para-formados-em-ciencias-contabeis-chega-a-quase-95-segundo-ipea\\\/#breadcrumb\"},\"inLanguage\":\"pt-BR\",\"potentialAction\":[{\"@type\":\"ReadAction\",\"target\":[\"https:\\\/\\\/regiaonews.net.br\\\/2022\\\/2023\\\/09\\\/17\\\/taxa-de-empregabilidade-para-formados-em-ciencias-contabeis-chega-a-quase-95-segundo-ipea\\\/\"]}]},{\"@type\":\"ImageObject\",\"inLanguage\":\"pt-BR\",\"@id\":\"https:\\\/\\\/regiaonews.net.br\\\/2022\\\/2023\\\/09\\\/17\\\/taxa-de-empregabilidade-para-formados-em-ciencias-contabeis-chega-a-quase-95-segundo-ipea\\\/#primaryimage\",\"url\":\"https:\\\/\\\/regiaonews.net.br\\\/2022\\\/wp-content\\\/uploads\\\/2023\\\/09\\\/Coordenador-de-Ciencias-Contabeis-Prof.-Esp.-Paulo-Buzati-scaled.jpg\",\"contentUrl\":\"https:\\\/\\\/regiaonews.net.br\\\/2022\\\/wp-content\\\/uploads\\\/2023\\\/09\\\/Coordenador-de-Ciencias-Contabeis-Prof.-Esp.-Paulo-Buzati-scaled.jpg\",\"width\":2560,\"height\":1920},{\"@type\":\"BreadcrumbList\",\"@id\":\"https:\\\/\\\/regiaonews.net.br\\\/2022\\\/2023\\\/09\\\/17\\\/taxa-de-empregabilidade-para-formados-em-ciencias-contabeis-chega-a-quase-95-segundo-ipea\\\/#breadcrumb\",\"itemListElement\":[{\"@type\":\"ListItem\",\"position\":1,\"name\":\"In\u00edcio\",\"item\":\"https:\\\/\\\/regiaonews.net.br\\\/2022\\\/\"},{\"@type\":\"ListItem\",\"position\":2,\"name\":\"Taxa de empregabilidade para formados em Ci\u00eancias Cont\u00e1beis chega a quase 95%, segundo IPEA\u00a0\"}]},{\"@type\":\"WebSite\",\"@id\":\"https:\\\/\\\/regiaonews.net.br\\\/2022\\\/#website\",\"url\":\"https:\\\/\\\/regiaonews.net.br\\\/2022\\\/\",\"name\":\"Regi\u00e3o News\",\"description\":\"Site de Not\u00edcias de Barretos e regi\u00e3o\",\"publisher\":{\"@id\":\"https:\\\/\\\/regiaonews.net.br\\\/2022\\\/#organization\"},\"potentialAction\":[{\"@type\":\"SearchAction\",\"target\":{\"@type\":\"EntryPoint\",\"urlTemplate\":\"https:\\\/\\\/regiaonews.net.br\\\/2022\\\/?s={search_term_string}\"},\"query-input\":{\"@type\":\"PropertyValueSpecification\",\"valueRequired\":true,\"valueName\":\"search_term_string\"}}],\"inLanguage\":\"pt-BR\"},{\"@type\":\"Organization\",\"@id\":\"https:\\\/\\\/regiaonews.net.br\\\/2022\\\/#organization\",\"name\":\"Regi\u00e3o News\",\"url\":\"https:\\\/\\\/regiaonews.net.br\\\/2022\\\/\",\"logo\":{\"@type\":\"ImageObject\",\"inLanguage\":\"pt-BR\",\"@id\":\"https:\\\/\\\/regiaonews.net.br\\\/2022\\\/#\\\/schema\\\/logo\\\/image\\\/\",\"url\":\"https:\\\/\\\/regiaonews.net.br\\\/2022\\\/wp-content\\\/uploads\\\/2026\\\/03\\\/regiao-13-anos-scaled.jpg\",\"contentUrl\":\"https:\\\/\\\/regiaonews.net.br\\\/2022\\\/wp-content\\\/uploads\\\/2026\\\/03\\\/regiao-13-anos-scaled.jpg\",\"width\":2560,\"height\":635,\"caption\":\"Regi\u00e3o News\"},\"image\":{\"@id\":\"https:\\\/\\\/regiaonews.net.br\\\/2022\\\/#\\\/schema\\\/logo\\\/image\\\/\"}},{\"@type\":\"Person\",\"@id\":\"https:\\\/\\\/regiaonews.net.br\\\/2022\\\/#\\\/schema\\\/person\\\/2d205a608a5aa97ac279d7a5e6d89ad8\",\"name\":\"Roberto\",\"image\":{\"@type\":\"ImageObject\",\"inLanguage\":\"pt-BR\",\"@id\":\"https:\\\/\\\/secure.gravatar.com\\\/avatar\\\/42749d8b712ff9d59ca93dc150494e5b55a44134482993f5baeb97e61b7ecc89?s=96&d=mm&r=g\",\"url\":\"https:\\\/\\\/secure.gravatar.com\\\/avatar\\\/42749d8b712ff9d59ca93dc150494e5b55a44134482993f5baeb97e61b7ecc89?s=96&d=mm&r=g\",\"contentUrl\":\"https:\\\/\\\/secure.gravatar.com\\\/avatar\\\/42749d8b712ff9d59ca93dc150494e5b55a44134482993f5baeb97e61b7ecc89?s=96&d=mm&r=g\",\"caption\":\"Roberto\"},\"url\":\"https:\\\/\\\/regiaonews.net.br\\\/2022\\\/author\\\/roberto\\\/\"}]}<\/script>\n<!-- \/ Yoast SEO plugin. -->","yoast_head_json":{"title":"Taxa de empregabilidade para formados","robots":{"index":"index","follow":"follow","max-snippet":"max-snippet:-1","max-image-preview":"max-image-preview:large","max-video-preview":"max-video-preview:-1"},"canonical":"https:\/\/regiaonews.net.br\/2022\/2023\/09\/17\/taxa-de-empregabilidade-para-formados-em-ciencias-contabeis-chega-a-quase-95-segundo-ipea\/","og_locale":"pt_BR","og_type":"article","og_title":"Taxa de empregabilidade para formados","og_description":"Ci\u00eancias Cont\u00e1beis \u00e9 uma das \u00e1reas com maior \u00edndice de","og_url":"https:\/\/regiaonews.net.br\/2022\/2023\/09\/17\/taxa-de-empregabilidade-para-formados-em-ciencias-contabeis-chega-a-quase-95-segundo-ipea\/","og_site_name":"Regi\u00e3o News","article_published_time":"2023-09-17T16:24:08+00:00","og_image":[{"width":2560,"height":1920,"url":"https:\/\/regiaonews.net.br\/2022\/wp-content\/uploads\/2023\/09\/Coordenador-de-Ciencias-Contabeis-Prof.-Esp.-Paulo-Buzati-scaled.jpg","type":"image\/jpeg"}],"author":"Roberto","twitter_card":"summary_large_image","twitter_misc":{"Escrito por":"Roberto","Est. tempo de leitura":"4 minutos"},"schema":{"@context":"https:\/\/schema.org","@graph":[{"@type":"Article","@id":"https:\/\/regiaonews.net.br\/2022\/2023\/09\/17\/taxa-de-empregabilidade-para-formados-em-ciencias-contabeis-chega-a-quase-95-segundo-ipea\/#article","isPartOf":{"@id":"https:\/\/regiaonews.net.br\/2022\/2023\/09\/17\/taxa-de-empregabilidade-para-formados-em-ciencias-contabeis-chega-a-quase-95-segundo-ipea\/"},"author":{"name":"Roberto","@id":"https:\/\/regiaonews.net.br\/2022\/#\/schema\/person\/2d205a608a5aa97ac279d7a5e6d89ad8"},"headline":"Taxa de empregabilidade para formados em Ci\u00eancias Cont\u00e1beis chega a quase 95%, segundo IPEA\u00a0","datePublished":"2023-09-17T16:24:08+00:00","mainEntityOfPage":{"@id":"https:\/\/regiaonews.net.br\/2022\/2023\/09\/17\/taxa-de-empregabilidade-para-formados-em-ciencias-contabeis-chega-a-quase-95-segundo-ipea\/"},"wordCount":805,"commentCount":0,"publisher":{"@id":"https:\/\/regiaonews.net.br\/2022\/#organization"},"image":{"@id":"https:\/\/regiaonews.net.br\/2022\/2023\/09\/17\/taxa-de-empregabilidade-para-formados-em-ciencias-contabeis-chega-a-quase-95-segundo-ipea\/#primaryimage"},"thumbnailUrl":"https:\/\/regiaonews.net.br\/2022\/wp-content\/uploads\/2023\/09\/Coordenador-de-Ciencias-Contabeis-Prof.-Esp.-Paulo-Buzati-scaled.jpg","articleSection":["Barretos","Cidades"],"inLanguage":"pt-BR","potentialAction":[{"@type":"CommentAction","name":"Comment","target":["https:\/\/regiaonews.net.br\/2022\/2023\/09\/17\/taxa-de-empregabilidade-para-formados-em-ciencias-contabeis-chega-a-quase-95-segundo-ipea\/#respond"]}]},{"@type":"WebPage","@id":"https:\/\/regiaonews.net.br\/2022\/2023\/09\/17\/taxa-de-empregabilidade-para-formados-em-ciencias-contabeis-chega-a-quase-95-segundo-ipea\/","url":"https:\/\/regiaonews.net.br\/2022\/2023\/09\/17\/taxa-de-empregabilidade-para-formados-em-ciencias-contabeis-chega-a-quase-95-segundo-ipea\/","name":"Taxa de empregabilidade para formados","isPartOf":{"@id":"https:\/\/regiaonews.net.br\/2022\/#website"},"primaryImageOfPage":{"@id":"https:\/\/regiaonews.net.br\/2022\/2023\/09\/17\/taxa-de-empregabilidade-para-formados-em-ciencias-contabeis-chega-a-quase-95-segundo-ipea\/#primaryimage"},"image":{"@id":"https:\/\/regiaonews.net.br\/2022\/2023\/09\/17\/taxa-de-empregabilidade-para-formados-em-ciencias-contabeis-chega-a-quase-95-segundo-ipea\/#primaryimage"},"thumbnailUrl":"https:\/\/regiaonews.net.br\/2022\/wp-content\/uploads\/2023\/09\/Coordenador-de-Ciencias-Contabeis-Prof.-Esp.-Paulo-Buzati-scaled.jpg","datePublished":"2023-09-17T16:24:08+00:00","breadcrumb":{"@id":"https:\/\/regiaonews.net.br\/2022\/2023\/09\/17\/taxa-de-empregabilidade-para-formados-em-ciencias-contabeis-chega-a-quase-95-segundo-ipea\/#breadcrumb"},"inLanguage":"pt-BR","potentialAction":[{"@type":"ReadAction","target":["https:\/\/regiaonews.net.br\/2022\/2023\/09\/17\/taxa-de-empregabilidade-para-formados-em-ciencias-contabeis-chega-a-quase-95-segundo-ipea\/"]}]},{"@type":"ImageObject","inLanguage":"pt-BR","@id":"https:\/\/regiaonews.net.br\/2022\/2023\/09\/17\/taxa-de-empregabilidade-para-formados-em-ciencias-contabeis-chega-a-quase-95-segundo-ipea\/#primaryimage","url":"https:\/\/regiaonews.net.br\/2022\/wp-content\/uploads\/2023\/09\/Coordenador-de-Ciencias-Contabeis-Prof.-Esp.-Paulo-Buzati-scaled.jpg","contentUrl":"https:\/\/regiaonews.net.br\/2022\/wp-content\/uploads\/2023\/09\/Coordenador-de-Ciencias-Contabeis-Prof.-Esp.-Paulo-Buzati-scaled.jpg","width":2560,"height":1920},{"@type":"BreadcrumbList","@id":"https:\/\/regiaonews.net.br\/2022\/2023\/09\/17\/taxa-de-empregabilidade-para-formados-em-ciencias-contabeis-chega-a-quase-95-segundo-ipea\/#breadcrumb","itemListElement":[{"@type":"ListItem","position":1,"name":"In\u00edcio","item":"https:\/\/regiaonews.net.br\/2022\/"},{"@type":"ListItem","position":2,"name":"Taxa de empregabilidade para formados em Ci\u00eancias Cont\u00e1beis chega a quase 95%, segundo IPEA\u00a0"}]},{"@type":"WebSite","@id":"https:\/\/regiaonews.net.br\/2022\/#website","url":"https:\/\/regiaonews.net.br\/2022\/","name":"Regi\u00e3o News","description":"Site de Not\u00edcias de Barretos e regi\u00e3o","publisher":{"@id":"https:\/\/regiaonews.net.br\/2022\/#organization"},"potentialAction":[{"@type":"SearchAction","target":{"@type":"EntryPoint","urlTemplate":"https:\/\/regiaonews.net.br\/2022\/?s={search_term_string}"},"query-input":{"@type":"PropertyValueSpecification","valueRequired":true,"valueName":"search_term_string"}}],"inLanguage":"pt-BR"},{"@type":"Organization","@id":"https:\/\/regiaonews.net.br\/2022\/#organization","name":"Regi\u00e3o News","url":"https:\/\/regiaonews.net.br\/2022\/","logo":{"@type":"ImageObject","inLanguage":"pt-BR","@id":"https:\/\/regiaonews.net.br\/2022\/#\/schema\/logo\/image\/","url":"https:\/\/regiaonews.net.br\/2022\/wp-content\/uploads\/2026\/03\/regiao-13-anos-scaled.jpg","contentUrl":"https:\/\/regiaonews.net.br\/2022\/wp-content\/uploads\/2026\/03\/regiao-13-anos-scaled.jpg","width":2560,"height":635,"caption":"Regi\u00e3o News"},"image":{"@id":"https:\/\/regiaonews.net.br\/2022\/#\/schema\/logo\/image\/"}},{"@type":"Person","@id":"https:\/\/regiaonews.net.br\/2022\/#\/schema\/person\/2d205a608a5aa97ac279d7a5e6d89ad8","name":"Roberto","image":{"@type":"ImageObject","inLanguage":"pt-BR","@id":"https:\/\/secure.gravatar.com\/avatar\/42749d8b712ff9d59ca93dc150494e5b55a44134482993f5baeb97e61b7ecc89?s=96&d=mm&r=g","url":"https:\/\/secure.gravatar.com\/avatar\/42749d8b712ff9d59ca93dc150494e5b55a44134482993f5baeb97e61b7ecc89?s=96&d=mm&r=g","contentUrl":"https:\/\/secure.gravatar.com\/avatar\/42749d8b712ff9d59ca93dc150494e5b55a44134482993f5baeb97e61b7ecc89?s=96&d=mm&r=g","caption":"Roberto"},"url":"https:\/\/regiaonews.net.br\/2022\/author\/roberto\/"}]}},"publishpress_future_action":{"enabled":false,"date":"2026-05-03 04:14:35","action":"change-status","newStatus":"draft","terms":[],"taxonomy":"category","extraData":[]},"publishpress_future_workflow_manual_trigger":{"enabledWorkflows":[]},"_links":{"self":[{"href":"https:\/\/regiaonews.net.br\/2022\/wp-json\/wp\/v2\/posts\/95202","targetHints":{"allow":["GET"]}}],"collection":[{"href":"https:\/\/regiaonews.net.br\/2022\/wp-json\/wp\/v2\/posts"}],"about":[{"href":"https:\/\/regiaonews.net.br\/2022\/wp-json\/wp\/v2\/types\/post"}],"author":[{"embeddable":true,"href":"https:\/\/regiaonews.net.br\/2022\/wp-json\/wp\/v2\/users\/2"}],"replies":[{"embeddable":true,"href":"https:\/\/regiaonews.net.br\/2022\/wp-json\/wp\/v2\/comments?post=95202"}],"version-history":[{"count":1,"href":"https:\/\/regiaonews.net.br\/2022\/wp-json\/wp\/v2\/posts\/95202\/revisions"}],"predecessor-version":[{"id":95204,"href":"https:\/\/regiaonews.net.br\/2022\/wp-json\/wp\/v2\/posts\/95202\/revisions\/95204"}],"wp:featuredmedia":[{"embeddable":true,"href":"https:\/\/regiaonews.net.br\/2022\/wp-json\/wp\/v2\/media\/95203"}],"wp:attachment":[{"href":"https:\/\/regiaonews.net.br\/2022\/wp-json\/wp\/v2\/media?parent=95202"}],"wp:term":[{"taxonomy":"category","embeddable":true,"href":"https:\/\/regiaonews.net.br\/2022\/wp-json\/wp\/v2\/categories?post=95202"},{"taxonomy":"post_tag","embeddable":true,"href":"https:\/\/regiaonews.net.br\/2022\/wp-json\/wp\/v2\/tags?post=95202"}],"curies":[{"name":"wp","href":"https:\/\/api.w.org\/{rel}","templated":true}]}}