{"id":95081,"date":"2023-09-14T20:07:23","date_gmt":"2023-09-14T23:07:23","guid":{"rendered":"https:\/\/regiaonews.net.br\/2022\/?p=95081"},"modified":"2023-09-14T20:07:23","modified_gmt":"2023-09-14T23:07:23","slug":"resgate-e-ac35-em-acoes-simultaneas-na-cracolandia-policia-civil-prende-11-pessoas-em-dois-dias","status":"publish","type":"post","link":"https:\/\/regiaonews.net.br\/2022\/2023\/09\/14\/resgate-e-ac35-em-acoes-simultaneas-na-cracolandia-policia-civil-prende-11-pessoas-em-dois-dias\/","title":{"rendered":"Resgate e AC35: em a\u00e7\u00f5es simult\u00e2neas na Cracol\u00e2ndia, Pol\u00edcia Civil prende 11 pessoas em dois dias"},"content":{"rendered":"<div>\n<h1 class=\"chapeu2 ng-binding\"><\/h1>\n<h2 class=\"titulopreto ng-binding\">As opera\u00e7\u00f5es tiveram o apoio da PM e da GCM; foram apreendidos mais de R$ 22,8 mil em esp\u00e9cie, mais de 1.4 mil por\u00e7\u00f5es de drogas e uma pistola<\/h2>\n<p><center><\/p>\n<h2 class=\"titulopreto ng-binding\"><\/h2>\n<p><\/center><\/div>\n<div id=\"notCorpo\" class=\"ng-binding\">\n<div>A Pol\u00edcia Civil prendeu 11 pessoas durante as opera\u00e7\u00f5es AC35 e Resgate, realizadas simultaneamente na regi\u00e3o da Cracol\u00e2ndia, com o apoio da Pol\u00edcia Militar e da Guarda Civil Municipal. As pris\u00f5es, que aconteceram entre quarta (13) e quinta-feira (14) ap\u00f3s investiga\u00e7\u00f5es policiais, foram realizadas por associa\u00e7\u00e3o, tr\u00e1fico de drogas, tentativa de homic\u00eddios e porte ilegal de arma.<\/div>\n<div><\/div>\n<div>Durante a opera\u00e7\u00e3o Resgate, os policiais identificaram dois homens envolvidos com o tr\u00e1fico de drogas na regi\u00e3o da Cracol\u00e2ndia e solicitaram \u00e0 Justi\u00e7a a pris\u00e3o tempor\u00e1ria da dupla, que foi concedida. Al\u00e9m disso, as apura\u00e7\u00f5es tamb\u00e9m mostraram que uma comunidade pr\u00f3xima \u00e0s cenas abertas de uso funcionava como um local importante para a log\u00edstica de distribui\u00e7\u00e3o das drogas no centro de S\u00e3o Paulo.<\/div>\n<div><\/div>\n<div>Na primeira fase, deflagrada nesta quarta-feira (14), um dos principais alvos foi encontrado. Com ele foi encontrada uma arma de fogo e um celular roubado, raz\u00e3o pela qual foi preso em flagrante por porte ilegal de arma e recepta\u00e7\u00e3o. Tamb\u00e9m foi localizada uma \u201ccasa bomba\u201d em Po\u00e1, na Grande S\u00e3o Paulo, onde foram apreendidas diversas por\u00e7\u00f5es de maconha, coca\u00edna, crack e K9, todas j\u00e1 embaladas para venda, bem como cadernos de anota\u00e7\u00f5es de tr\u00e1fico.<\/div>\n<div><\/div>\n<div>J\u00e1 na segunda fase, realizada nesta quinta-feira (14), os policiais localizaram dois hot\u00e9is usados como esconderijos por uma dupla de traficantes que atuava na regi\u00e3o central de S\u00e3o Paulo. Ambos foram presos em flagrante e por\u00e7\u00f5es de drogas tamb\u00e9m foram apreendidas nos locais.\u00a0 Um terceiro homem tamb\u00e9m foi detido por porte ilegal de arma de fogo. Ao todo, quatro mandados de busca e apreens\u00e3o foram cumpridos.<\/div>\n<div><\/div>\n<div>Ao todo, foram apreendidos R$ 21 mil em esp\u00e9cie, 378 pedras de crack, 228 por\u00e7\u00f5es de coca\u00edna, 212 por\u00e7\u00f5es de K9, 192 por\u00e7\u00f5es de maconha, todas j\u00e1 embaladas para venda, al\u00e9m de 1 tijolo de maconha, 5 balan\u00e7as de pesagem, 7 celulares e 1 pistola calibre 9 mm.<\/div>\n<div><\/div>\n<div>Agora, as investiga\u00e7\u00f5es continuam para localizar e prender o segundo alvo da investiga\u00e7\u00e3o.<\/div>\n<div><\/div>\n<div><b>Opera\u00e7\u00e3o AC35<\/b><\/div>\n<div><\/div>\n<div>Os policiais civis ainda realizaram nesta quinta-feira (14) a Opera\u00e7\u00e3o AC35 e prenderam oito pessoas associa\u00e7\u00e3o e tr\u00e1fico de drogas, sendo tr\u00eas deles tamb\u00e9m indiciados por tentativa de homic\u00eddio. Nela, o trabalho de intelig\u00eancia policial tem o objetivo de identificar e prender os traficantes que atuam no fluxo de usu\u00e1rios.<\/div>\n<div><\/div>\n<div>Os policiais ainda flagraram 15 condenados descumprido medidas cautelares impostas pelo poder Judici\u00e1rio e localizaram duas pessoas sobre as quais constavam queixas de desaparecimento.<\/div>\n<div><\/div>\n<div>Os agentes ainda apreenderam\u00a0 R$ 1,8 mil de dinheiro em esp\u00e9cie, al\u00e9m de 419 pedras de crack j\u00e1 embaladas para venda, diversas por\u00e7\u00f5es de outras drogas, como maconha e k9, al\u00e9m de utens\u00edlios usados no preparo do entorpecente, como faca, estilete e balan\u00e7a de pesagem. Perucas usadas pelos criminosos para se disfar\u00e7ar no meio do fluxo de usu\u00e1rios tamb\u00e9m foram encontradas.<\/div>\n<div><\/div>\n<div>A a\u00e7\u00e3o, que teve in\u00edcio no final de julho e monitora o fluxo das cenas abertas de uso no centro de S\u00e3o Paulo, j\u00e1 tinha realizado a pris\u00e3o de 47 pessoas at\u00e9 a \u00faltima semana de agosto e apreendido 4,2 quilos de drogas, entre maconha, crack e coca\u00edna.<\/div>\n<\/div>\n","protected":false},"excerpt":{"rendered":"<p>As opera\u00e7\u00f5es tiveram o apoio da PM e da GCM;<\/p>\n","protected":false},"author":2,"featured_media":87970,"comment_status":"open","ping_status":"open","sticky":false,"template":"","format":"standard","meta":{"footnotes":""},"categories":[23,29],"tags":[],"class_list":["post-95081","post","type-post","status-publish","format-standard","has-post-thumbnail","hentry","category-policia","category-sao-paulo"],"yoast_head":"<!-- This site is optimized with the Yoast SEO plugin v27.4 - https:\/\/yoast.com\/product\/yoast-seo-wordpress\/ -->\n<title>Resgate e AC35: em a\u00e7\u00f5es simult\u00e2neas na Cracol\u00e2ndia, Pol\u00edcia Civil prende 11 pessoas em dois dias - Regi\u00e3o News<\/title>\n<meta name=\"robots\" content=\"index, follow, max-snippet:-1, max-image-preview:large, max-video-preview:-1\" \/>\n<link rel=\"canonical\" href=\"https:\/\/regiaonews.net.br\/2022\/2023\/09\/14\/resgate-e-ac35-em-acoes-simultaneas-na-cracolandia-policia-civil-prende-11-pessoas-em-dois-dias\/\" \/>\n<meta property=\"og:locale\" content=\"pt_BR\" \/>\n<meta property=\"og:type\" content=\"article\" \/>\n<meta property=\"og:title\" content=\"Resgate e AC35: em a\u00e7\u00f5es simult\u00e2neas na Cracol\u00e2ndia, Pol\u00edcia Civil prende 11 pessoas em dois dias - Regi\u00e3o News\" \/>\n<meta property=\"og:description\" content=\"As opera\u00e7\u00f5es tiveram o apoio da PM e da GCM;\" \/>\n<meta property=\"og:url\" content=\"https:\/\/regiaonews.net.br\/2022\/2023\/09\/14\/resgate-e-ac35-em-acoes-simultaneas-na-cracolandia-policia-civil-prende-11-pessoas-em-dois-dias\/\" \/>\n<meta property=\"og:site_name\" content=\"Regi\u00e3o News\" \/>\n<meta property=\"article:published_time\" content=\"2023-09-14T23:07:23+00:00\" \/>\n<meta property=\"og:image\" content=\"https:\/\/regiaonews.net.br\/2022\/wp-content\/uploads\/2023\/05\/Policia-Civil-Guaira.jpeg\" \/>\n\t<meta property=\"og:image:width\" content=\"1600\" \/>\n\t<meta property=\"og:image:height\" content=\"1201\" \/>\n\t<meta property=\"og:image:type\" content=\"image\/jpeg\" \/>\n<meta name=\"author\" content=\"Roberto\" \/>\n<meta name=\"twitter:card\" content=\"summary_large_image\" \/>\n<meta name=\"twitter:label1\" content=\"Escrito por\" \/>\n\t<meta name=\"twitter:data1\" content=\"Roberto\" \/>\n\t<meta name=\"twitter:label2\" content=\"Est. tempo de leitura\" \/>\n\t<meta name=\"twitter:data2\" content=\"3 minutos\" \/>\n<script type=\"application\/ld+json\" class=\"yoast-schema-graph\">{\"@context\":\"https:\\\/\\\/schema.org\",\"@graph\":[{\"@type\":\"Article\",\"@id\":\"https:\\\/\\\/regiaonews.net.br\\\/2022\\\/2023\\\/09\\\/14\\\/resgate-e-ac35-em-acoes-simultaneas-na-cracolandia-policia-civil-prende-11-pessoas-em-dois-dias\\\/#article\",\"isPartOf\":{\"@id\":\"https:\\\/\\\/regiaonews.net.br\\\/2022\\\/2023\\\/09\\\/14\\\/resgate-e-ac35-em-acoes-simultaneas-na-cracolandia-policia-civil-prende-11-pessoas-em-dois-dias\\\/\"},\"author\":{\"name\":\"Roberto\",\"@id\":\"https:\\\/\\\/regiaonews.net.br\\\/2022\\\/#\\\/schema\\\/person\\\/2d205a608a5aa97ac279d7a5e6d89ad8\"},\"headline\":\"Resgate e AC35: em a\u00e7\u00f5es simult\u00e2neas na Cracol\u00e2ndia, Pol\u00edcia Civil prende 11 pessoas em dois dias\",\"datePublished\":\"2023-09-14T23:07:23+00:00\",\"mainEntityOfPage\":{\"@id\":\"https:\\\/\\\/regiaonews.net.br\\\/2022\\\/2023\\\/09\\\/14\\\/resgate-e-ac35-em-acoes-simultaneas-na-cracolandia-policia-civil-prende-11-pessoas-em-dois-dias\\\/\"},\"wordCount\":606,\"commentCount\":0,\"publisher\":{\"@id\":\"https:\\\/\\\/regiaonews.net.br\\\/2022\\\/#organization\"},\"image\":{\"@id\":\"https:\\\/\\\/regiaonews.net.br\\\/2022\\\/2023\\\/09\\\/14\\\/resgate-e-ac35-em-acoes-simultaneas-na-cracolandia-policia-civil-prende-11-pessoas-em-dois-dias\\\/#primaryimage\"},\"thumbnailUrl\":\"https:\\\/\\\/regiaonews.net.br\\\/2022\\\/wp-content\\\/uploads\\\/2023\\\/05\\\/Policia-Civil-Guaira.jpeg\",\"articleSection\":[\"Policia\",\"S\u00e3o Paulo\"],\"inLanguage\":\"pt-BR\",\"potentialAction\":[{\"@type\":\"CommentAction\",\"name\":\"Comment\",\"target\":[\"https:\\\/\\\/regiaonews.net.br\\\/2022\\\/2023\\\/09\\\/14\\\/resgate-e-ac35-em-acoes-simultaneas-na-cracolandia-policia-civil-prende-11-pessoas-em-dois-dias\\\/#respond\"]}]},{\"@type\":\"WebPage\",\"@id\":\"https:\\\/\\\/regiaonews.net.br\\\/2022\\\/2023\\\/09\\\/14\\\/resgate-e-ac35-em-acoes-simultaneas-na-cracolandia-policia-civil-prende-11-pessoas-em-dois-dias\\\/\",\"url\":\"https:\\\/\\\/regiaonews.net.br\\\/2022\\\/2023\\\/09\\\/14\\\/resgate-e-ac35-em-acoes-simultaneas-na-cracolandia-policia-civil-prende-11-pessoas-em-dois-dias\\\/\",\"name\":\"Resgate e AC35: em a\u00e7\u00f5es simult\u00e2neas na Cracol\u00e2ndia, Pol\u00edcia Civil prende 11 pessoas em dois dias - Regi\u00e3o News\",\"isPartOf\":{\"@id\":\"https:\\\/\\\/regiaonews.net.br\\\/2022\\\/#website\"},\"primaryImageOfPage\":{\"@id\":\"https:\\\/\\\/regiaonews.net.br\\\/2022\\\/2023\\\/09\\\/14\\\/resgate-e-ac35-em-acoes-simultaneas-na-cracolandia-policia-civil-prende-11-pessoas-em-dois-dias\\\/#primaryimage\"},\"image\":{\"@id\":\"https:\\\/\\\/regiaonews.net.br\\\/2022\\\/2023\\\/09\\\/14\\\/resgate-e-ac35-em-acoes-simultaneas-na-cracolandia-policia-civil-prende-11-pessoas-em-dois-dias\\\/#primaryimage\"},\"thumbnailUrl\":\"https:\\\/\\\/regiaonews.net.br\\\/2022\\\/wp-content\\\/uploads\\\/2023\\\/05\\\/Policia-Civil-Guaira.jpeg\",\"datePublished\":\"2023-09-14T23:07:23+00:00\",\"breadcrumb\":{\"@id\":\"https:\\\/\\\/regiaonews.net.br\\\/2022\\\/2023\\\/09\\\/14\\\/resgate-e-ac35-em-acoes-simultaneas-na-cracolandia-policia-civil-prende-11-pessoas-em-dois-dias\\\/#breadcrumb\"},\"inLanguage\":\"pt-BR\",\"potentialAction\":[{\"@type\":\"ReadAction\",\"target\":[\"https:\\\/\\\/regiaonews.net.br\\\/2022\\\/2023\\\/09\\\/14\\\/resgate-e-ac35-em-acoes-simultaneas-na-cracolandia-policia-civil-prende-11-pessoas-em-dois-dias\\\/\"]}]},{\"@type\":\"ImageObject\",\"inLanguage\":\"pt-BR\",\"@id\":\"https:\\\/\\\/regiaonews.net.br\\\/2022\\\/2023\\\/09\\\/14\\\/resgate-e-ac35-em-acoes-simultaneas-na-cracolandia-policia-civil-prende-11-pessoas-em-dois-dias\\\/#primaryimage\",\"url\":\"https:\\\/\\\/regiaonews.net.br\\\/2022\\\/wp-content\\\/uploads\\\/2023\\\/05\\\/Policia-Civil-Guaira.jpeg\",\"contentUrl\":\"https:\\\/\\\/regiaonews.net.br\\\/2022\\\/wp-content\\\/uploads\\\/2023\\\/05\\\/Policia-Civil-Guaira.jpeg\",\"width\":1600,\"height\":1201},{\"@type\":\"BreadcrumbList\",\"@id\":\"https:\\\/\\\/regiaonews.net.br\\\/2022\\\/2023\\\/09\\\/14\\\/resgate-e-ac35-em-acoes-simultaneas-na-cracolandia-policia-civil-prende-11-pessoas-em-dois-dias\\\/#breadcrumb\",\"itemListElement\":[{\"@type\":\"ListItem\",\"position\":1,\"name\":\"In\u00edcio\",\"item\":\"https:\\\/\\\/regiaonews.net.br\\\/2022\\\/\"},{\"@type\":\"ListItem\",\"position\":2,\"name\":\"Resgate e AC35: em a\u00e7\u00f5es simult\u00e2neas na Cracol\u00e2ndia, Pol\u00edcia Civil prende 11 pessoas em dois dias\"}]},{\"@type\":\"WebSite\",\"@id\":\"https:\\\/\\\/regiaonews.net.br\\\/2022\\\/#website\",\"url\":\"https:\\\/\\\/regiaonews.net.br\\\/2022\\\/\",\"name\":\"Regi\u00e3o News\",\"description\":\"Site de Not\u00edcias de Barretos e regi\u00e3o\",\"publisher\":{\"@id\":\"https:\\\/\\\/regiaonews.net.br\\\/2022\\\/#organization\"},\"potentialAction\":[{\"@type\":\"SearchAction\",\"target\":{\"@type\":\"EntryPoint\",\"urlTemplate\":\"https:\\\/\\\/regiaonews.net.br\\\/2022\\\/?s={search_term_string}\"},\"query-input\":{\"@type\":\"PropertyValueSpecification\",\"valueRequired\":true,\"valueName\":\"search_term_string\"}}],\"inLanguage\":\"pt-BR\"},{\"@type\":\"Organization\",\"@id\":\"https:\\\/\\\/regiaonews.net.br\\\/2022\\\/#organization\",\"name\":\"Regi\u00e3o News\",\"url\":\"https:\\\/\\\/regiaonews.net.br\\\/2022\\\/\",\"logo\":{\"@type\":\"ImageObject\",\"inLanguage\":\"pt-BR\",\"@id\":\"https:\\\/\\\/regiaonews.net.br\\\/2022\\\/#\\\/schema\\\/logo\\\/image\\\/\",\"url\":\"https:\\\/\\\/regiaonews.net.br\\\/2022\\\/wp-content\\\/uploads\\\/2026\\\/03\\\/regiao-13-anos-scaled.jpg\",\"contentUrl\":\"https:\\\/\\\/regiaonews.net.br\\\/2022\\\/wp-content\\\/uploads\\\/2026\\\/03\\\/regiao-13-anos-scaled.jpg\",\"width\":2560,\"height\":635,\"caption\":\"Regi\u00e3o News\"},\"image\":{\"@id\":\"https:\\\/\\\/regiaonews.net.br\\\/2022\\\/#\\\/schema\\\/logo\\\/image\\\/\"}},{\"@type\":\"Person\",\"@id\":\"https:\\\/\\\/regiaonews.net.br\\\/2022\\\/#\\\/schema\\\/person\\\/2d205a608a5aa97ac279d7a5e6d89ad8\",\"name\":\"Roberto\",\"image\":{\"@type\":\"ImageObject\",\"inLanguage\":\"pt-BR\",\"@id\":\"https:\\\/\\\/secure.gravatar.com\\\/avatar\\\/42749d8b712ff9d59ca93dc150494e5b55a44134482993f5baeb97e61b7ecc89?s=96&d=mm&r=g\",\"url\":\"https:\\\/\\\/secure.gravatar.com\\\/avatar\\\/42749d8b712ff9d59ca93dc150494e5b55a44134482993f5baeb97e61b7ecc89?s=96&d=mm&r=g\",\"contentUrl\":\"https:\\\/\\\/secure.gravatar.com\\\/avatar\\\/42749d8b712ff9d59ca93dc150494e5b55a44134482993f5baeb97e61b7ecc89?s=96&d=mm&r=g\",\"caption\":\"Roberto\"},\"url\":\"https:\\\/\\\/regiaonews.net.br\\\/2022\\\/author\\\/roberto\\\/\"}]}<\/script>\n<!-- \/ Yoast SEO plugin. -->","yoast_head_json":{"title":"Resgate e AC35: em a\u00e7\u00f5es simult\u00e2neas na Cracol\u00e2ndia, Pol\u00edcia Civil prende 11 pessoas em dois dias - Regi\u00e3o News","robots":{"index":"index","follow":"follow","max-snippet":"max-snippet:-1","max-image-preview":"max-image-preview:large","max-video-preview":"max-video-preview:-1"},"canonical":"https:\/\/regiaonews.net.br\/2022\/2023\/09\/14\/resgate-e-ac35-em-acoes-simultaneas-na-cracolandia-policia-civil-prende-11-pessoas-em-dois-dias\/","og_locale":"pt_BR","og_type":"article","og_title":"Resgate e AC35: em a\u00e7\u00f5es simult\u00e2neas na Cracol\u00e2ndia, Pol\u00edcia Civil prende 11 pessoas em dois dias - Regi\u00e3o News","og_description":"As opera\u00e7\u00f5es tiveram o apoio da PM e da GCM;","og_url":"https:\/\/regiaonews.net.br\/2022\/2023\/09\/14\/resgate-e-ac35-em-acoes-simultaneas-na-cracolandia-policia-civil-prende-11-pessoas-em-dois-dias\/","og_site_name":"Regi\u00e3o News","article_published_time":"2023-09-14T23:07:23+00:00","og_image":[{"width":1600,"height":1201,"url":"https:\/\/regiaonews.net.br\/2022\/wp-content\/uploads\/2023\/05\/Policia-Civil-Guaira.jpeg","type":"image\/jpeg"}],"author":"Roberto","twitter_card":"summary_large_image","twitter_misc":{"Escrito por":"Roberto","Est. tempo de leitura":"3 minutos"},"schema":{"@context":"https:\/\/schema.org","@graph":[{"@type":"Article","@id":"https:\/\/regiaonews.net.br\/2022\/2023\/09\/14\/resgate-e-ac35-em-acoes-simultaneas-na-cracolandia-policia-civil-prende-11-pessoas-em-dois-dias\/#article","isPartOf":{"@id":"https:\/\/regiaonews.net.br\/2022\/2023\/09\/14\/resgate-e-ac35-em-acoes-simultaneas-na-cracolandia-policia-civil-prende-11-pessoas-em-dois-dias\/"},"author":{"name":"Roberto","@id":"https:\/\/regiaonews.net.br\/2022\/#\/schema\/person\/2d205a608a5aa97ac279d7a5e6d89ad8"},"headline":"Resgate e AC35: em a\u00e7\u00f5es simult\u00e2neas na Cracol\u00e2ndia, Pol\u00edcia Civil prende 11 pessoas em dois dias","datePublished":"2023-09-14T23:07:23+00:00","mainEntityOfPage":{"@id":"https:\/\/regiaonews.net.br\/2022\/2023\/09\/14\/resgate-e-ac35-em-acoes-simultaneas-na-cracolandia-policia-civil-prende-11-pessoas-em-dois-dias\/"},"wordCount":606,"commentCount":0,"publisher":{"@id":"https:\/\/regiaonews.net.br\/2022\/#organization"},"image":{"@id":"https:\/\/regiaonews.net.br\/2022\/2023\/09\/14\/resgate-e-ac35-em-acoes-simultaneas-na-cracolandia-policia-civil-prende-11-pessoas-em-dois-dias\/#primaryimage"},"thumbnailUrl":"https:\/\/regiaonews.net.br\/2022\/wp-content\/uploads\/2023\/05\/Policia-Civil-Guaira.jpeg","articleSection":["Policia","S\u00e3o Paulo"],"inLanguage":"pt-BR","potentialAction":[{"@type":"CommentAction","name":"Comment","target":["https:\/\/regiaonews.net.br\/2022\/2023\/09\/14\/resgate-e-ac35-em-acoes-simultaneas-na-cracolandia-policia-civil-prende-11-pessoas-em-dois-dias\/#respond"]}]},{"@type":"WebPage","@id":"https:\/\/regiaonews.net.br\/2022\/2023\/09\/14\/resgate-e-ac35-em-acoes-simultaneas-na-cracolandia-policia-civil-prende-11-pessoas-em-dois-dias\/","url":"https:\/\/regiaonews.net.br\/2022\/2023\/09\/14\/resgate-e-ac35-em-acoes-simultaneas-na-cracolandia-policia-civil-prende-11-pessoas-em-dois-dias\/","name":"Resgate e AC35: em a\u00e7\u00f5es simult\u00e2neas na Cracol\u00e2ndia, Pol\u00edcia Civil prende 11 pessoas em dois dias - Regi\u00e3o News","isPartOf":{"@id":"https:\/\/regiaonews.net.br\/2022\/#website"},"primaryImageOfPage":{"@id":"https:\/\/regiaonews.net.br\/2022\/2023\/09\/14\/resgate-e-ac35-em-acoes-simultaneas-na-cracolandia-policia-civil-prende-11-pessoas-em-dois-dias\/#primaryimage"},"image":{"@id":"https:\/\/regiaonews.net.br\/2022\/2023\/09\/14\/resgate-e-ac35-em-acoes-simultaneas-na-cracolandia-policia-civil-prende-11-pessoas-em-dois-dias\/#primaryimage"},"thumbnailUrl":"https:\/\/regiaonews.net.br\/2022\/wp-content\/uploads\/2023\/05\/Policia-Civil-Guaira.jpeg","datePublished":"2023-09-14T23:07:23+00:00","breadcrumb":{"@id":"https:\/\/regiaonews.net.br\/2022\/2023\/09\/14\/resgate-e-ac35-em-acoes-simultaneas-na-cracolandia-policia-civil-prende-11-pessoas-em-dois-dias\/#breadcrumb"},"inLanguage":"pt-BR","potentialAction":[{"@type":"ReadAction","target":["https:\/\/regiaonews.net.br\/2022\/2023\/09\/14\/resgate-e-ac35-em-acoes-simultaneas-na-cracolandia-policia-civil-prende-11-pessoas-em-dois-dias\/"]}]},{"@type":"ImageObject","inLanguage":"pt-BR","@id":"https:\/\/regiaonews.net.br\/2022\/2023\/09\/14\/resgate-e-ac35-em-acoes-simultaneas-na-cracolandia-policia-civil-prende-11-pessoas-em-dois-dias\/#primaryimage","url":"https:\/\/regiaonews.net.br\/2022\/wp-content\/uploads\/2023\/05\/Policia-Civil-Guaira.jpeg","contentUrl":"https:\/\/regiaonews.net.br\/2022\/wp-content\/uploads\/2023\/05\/Policia-Civil-Guaira.jpeg","width":1600,"height":1201},{"@type":"BreadcrumbList","@id":"https:\/\/regiaonews.net.br\/2022\/2023\/09\/14\/resgate-e-ac35-em-acoes-simultaneas-na-cracolandia-policia-civil-prende-11-pessoas-em-dois-dias\/#breadcrumb","itemListElement":[{"@type":"ListItem","position":1,"name":"In\u00edcio","item":"https:\/\/regiaonews.net.br\/2022\/"},{"@type":"ListItem","position":2,"name":"Resgate e AC35: em a\u00e7\u00f5es simult\u00e2neas na Cracol\u00e2ndia, Pol\u00edcia Civil prende 11 pessoas em dois dias"}]},{"@type":"WebSite","@id":"https:\/\/regiaonews.net.br\/2022\/#website","url":"https:\/\/regiaonews.net.br\/2022\/","name":"Regi\u00e3o News","description":"Site de Not\u00edcias de Barretos e regi\u00e3o","publisher":{"@id":"https:\/\/regiaonews.net.br\/2022\/#organization"},"potentialAction":[{"@type":"SearchAction","target":{"@type":"EntryPoint","urlTemplate":"https:\/\/regiaonews.net.br\/2022\/?s={search_term_string}"},"query-input":{"@type":"PropertyValueSpecification","valueRequired":true,"valueName":"search_term_string"}}],"inLanguage":"pt-BR"},{"@type":"Organization","@id":"https:\/\/regiaonews.net.br\/2022\/#organization","name":"Regi\u00e3o News","url":"https:\/\/regiaonews.net.br\/2022\/","logo":{"@type":"ImageObject","inLanguage":"pt-BR","@id":"https:\/\/regiaonews.net.br\/2022\/#\/schema\/logo\/image\/","url":"https:\/\/regiaonews.net.br\/2022\/wp-content\/uploads\/2026\/03\/regiao-13-anos-scaled.jpg","contentUrl":"https:\/\/regiaonews.net.br\/2022\/wp-content\/uploads\/2026\/03\/regiao-13-anos-scaled.jpg","width":2560,"height":635,"caption":"Regi\u00e3o News"},"image":{"@id":"https:\/\/regiaonews.net.br\/2022\/#\/schema\/logo\/image\/"}},{"@type":"Person","@id":"https:\/\/regiaonews.net.br\/2022\/#\/schema\/person\/2d205a608a5aa97ac279d7a5e6d89ad8","name":"Roberto","image":{"@type":"ImageObject","inLanguage":"pt-BR","@id":"https:\/\/secure.gravatar.com\/avatar\/42749d8b712ff9d59ca93dc150494e5b55a44134482993f5baeb97e61b7ecc89?s=96&d=mm&r=g","url":"https:\/\/secure.gravatar.com\/avatar\/42749d8b712ff9d59ca93dc150494e5b55a44134482993f5baeb97e61b7ecc89?s=96&d=mm&r=g","contentUrl":"https:\/\/secure.gravatar.com\/avatar\/42749d8b712ff9d59ca93dc150494e5b55a44134482993f5baeb97e61b7ecc89?s=96&d=mm&r=g","caption":"Roberto"},"url":"https:\/\/regiaonews.net.br\/2022\/author\/roberto\/"}]}},"publishpress_future_action":{"enabled":false,"date":"2026-05-04 19:13:23","action":"change-status","newStatus":"draft","terms":[],"taxonomy":"category","extraData":[]},"publishpress_future_workflow_manual_trigger":{"enabledWorkflows":[]},"_links":{"self":[{"href":"https:\/\/regiaonews.net.br\/2022\/wp-json\/wp\/v2\/posts\/95081","targetHints":{"allow":["GET"]}}],"collection":[{"href":"https:\/\/regiaonews.net.br\/2022\/wp-json\/wp\/v2\/posts"}],"about":[{"href":"https:\/\/regiaonews.net.br\/2022\/wp-json\/wp\/v2\/types\/post"}],"author":[{"embeddable":true,"href":"https:\/\/regiaonews.net.br\/2022\/wp-json\/wp\/v2\/users\/2"}],"replies":[{"embeddable":true,"href":"https:\/\/regiaonews.net.br\/2022\/wp-json\/wp\/v2\/comments?post=95081"}],"version-history":[{"count":1,"href":"https:\/\/regiaonews.net.br\/2022\/wp-json\/wp\/v2\/posts\/95081\/revisions"}],"predecessor-version":[{"id":95082,"href":"https:\/\/regiaonews.net.br\/2022\/wp-json\/wp\/v2\/posts\/95081\/revisions\/95082"}],"wp:featuredmedia":[{"embeddable":true,"href":"https:\/\/regiaonews.net.br\/2022\/wp-json\/wp\/v2\/media\/87970"}],"wp:attachment":[{"href":"https:\/\/regiaonews.net.br\/2022\/wp-json\/wp\/v2\/media?parent=95081"}],"wp:term":[{"taxonomy":"category","embeddable":true,"href":"https:\/\/regiaonews.net.br\/2022\/wp-json\/wp\/v2\/categories?post=95081"},{"taxonomy":"post_tag","embeddable":true,"href":"https:\/\/regiaonews.net.br\/2022\/wp-json\/wp\/v2\/tags?post=95081"}],"curies":[{"name":"wp","href":"https:\/\/api.w.org\/{rel}","templated":true}]}}