{"id":95077,"date":"2023-09-14T20:02:09","date_gmt":"2023-09-14T23:02:09","guid":{"rendered":"https:\/\/regiaonews.net.br\/2022\/?p=95077"},"modified":"2023-09-14T20:03:04","modified_gmt":"2023-09-14T23:03:04","slug":"95077estancia-turistica-de-barretos-integra-ciclo-de-cultura-tradicional","status":"publish","type":"post","link":"https:\/\/regiaonews.net.br\/2022\/2023\/09\/14\/95077estancia-turistica-de-barretos-integra-ciclo-de-cultura-tradicional\/","title":{"rendered":"Est\u00e2ncia Tur\u00edstica de Barretos integra Ciclo de Cultura Tradicional 2023"},"content":{"rendered":"<p>Programa\u00e7\u00e3o ser\u00e1 realizada neste s\u00e1bado, 16, na Esta\u00e7\u00e3o Cultural e tem entrada GRATUITA<\/p>\n<p>A Est\u00e2ncia Tur\u00edstica de Barretos recebe no pr\u00f3ximo s\u00e1bado, 16 de setembro, etapa do Ciclo de Cultura Tradicional 2023 com diversas a\u00e7\u00f5es e tradi\u00e7\u00f5es da cultura caipira: apresenta\u00e7\u00e3o do Catira Espora de Prata, show com o violeiro Ivan Vilela , e filme-conversa, que inclui mostra do curta-metragem \u201c O Som da Tradi\u00e7\u00e3o\u201d e bate-papo sobre o v\u00eddeo. A programa\u00e7\u00e3o ocorre na Esta\u00e7\u00e3o Cultural \u201cPlacidino Alves Gon\u00e7alves\u201d a partir das 18h. A entrada \u00e9 GRATUITA.<br \/>\nO Ciclo de Cultura Tradicional \u00e9 um evento que gira em torno das tradi\u00e7\u00f5es caipiras, ind\u00edgenas, afro-brasileiras, cai\u00e7aras e migrantes, por meio de sess\u00f5es comentadas de document\u00e1rios, acompanhadas por apresenta\u00e7\u00f5es das culturas populares.<br \/>\nDesde 2019, a cada edi\u00e7\u00e3o, o projeto convida diferentes realizadores audiovisuais \u2013 ligados aos temas, tradi\u00e7\u00f5es e\/ou territ\u00f3rios abordados \u2013 para a cria\u00e7\u00e3o de document\u00e1rios de curta-metragem com argumentos provocados pela proposta do Ciclo de explorar conex\u00f5es entre passado, presente e futuro. A contempla\u00e7\u00e3o dos munic\u00edpios \u00e9 realizada mediante elabora\u00e7\u00e3o e aprova\u00e7\u00e3o de projetos.<br \/>\nA programa\u00e7\u00e3o \u00e9 realizada pelo Governo do Estado de S\u00e3o Paulo, por meio da Secretaria da Cultura, Economia e Ind\u00fastria Criativas, Poiesis e Oficinas Culturais, em conjunto com a Prefeitura da Est\u00e2ncia Tur\u00edstica de Barretos.<br \/>\nO secret\u00e1rio municipal de Cultura, Rog\u00e9rio Teod\u00f3sio, explica que Barretos foi contemplada mediante a aprova\u00e7\u00e3o de projeto escrito pela pasta e que a iniciativa exalta as tradi\u00e7\u00f5es locais e promove um debate acerca da cultura local. \u201cElaboramos o projeto embasados nas nossas tradi\u00e7\u00f5es. A contempla\u00e7\u00e3o \u00e9 motivo de orgulho e mostra a seriedade do nosso trabalho. O Ciclo Tradicional \u00e9 um evento que fortalece nossa cultura e nos estimula a refletir sobre nossas ra\u00edzes e tradi\u00e7\u00f5es. \u00c9 uma oportunidade de conhecimento e aprendizado\u201d, afirma.<br \/>\nConfira a Programa\u00e7\u00e3o:<br \/>\n18h \u2013 Catira Espora de Prata<br \/>\n18h30 \u2013 Catira 25 de Agosto<br \/>\nCatira Espora de Prata e Catira 25 de agosto, grupos barretenses tradicionais, apresentam esse sapateado entrela\u00e7ado \u00e0s palmas, d\u00e3o o ritmo \u00e0 viola e formam os passos dessa dan\u00e7a.<\/p>\n<p>19h \u2013 Filme-conversa<br \/>\nExibi\u00e7\u00e3o do curta-metragem \u201cO Som da Tradi\u00e7\u00e3o\u201d, dirigido por Gui Diniz, propriet\u00e1rio da DG Social Media. A obra conta a hist\u00f3ria de um dos principais grupos de catira do Brasil, o Catira 25 de Agosto, com causos e imagens de sua funda\u00e7\u00e3o at\u00e9 os dias atuais.<br \/>\nAp\u00f3s a exibi\u00e7\u00e3o, haver\u00e1 o bate-papo com o diretor Gui Diniz; com Carlos An\u00e9sio da Silva, um dos fundadores do Catira 25 de Agosto, e Francisco Santana Junior, fundador do grupo Catira Espora de Prata; com media\u00e7\u00e3o de Sueli Fernandes, mestre em An\u00e1lise de Discurso.<\/p>\n<p>20h30 \u2013 Show com Ivan Vilela<br \/>\nIvan Vilela \u00e9 violonista de dez cordas e no show de viola caipira apresenta composi\u00e7\u00f5es produzidas em v\u00e1rios momentos de sua trajet\u00f3ria, com destaque para os premiados \u00e1lbuns \u201cPaisagens\u201d (1998) e \u201cDez Cordas\u201d (2007)<\/p>\n<p>Servi\u00e7o:<br \/>\nT\u00edtulo: Ciclo de Cultura Tradicional<br \/>\nLocal: Esta\u00e7\u00e3o Cultural \u201cPlacidino Alves Gon\u00e7alves\u201d<br \/>\nEndere\u00e7o: Pra\u00e7a Conselheiro Ant\u00f4nio Prado, 555, Fortaleza &#8211; Barretos\/SP<br \/>\nData: 16 de setembro de 2023<br \/>\nHor\u00e1rio: A partir das 18h<\/p>\n","protected":false},"excerpt":{"rendered":"<p>Programa\u00e7\u00e3o ser\u00e1 realizada neste s\u00e1bado, 16, na Esta\u00e7\u00e3o Cultural e<\/p>\n","protected":false},"author":2,"featured_media":95078,"comment_status":"open","ping_status":"open","sticky":false,"template":"","format":"standard","meta":{"footnotes":""},"categories":[14,25],"tags":[],"class_list":["post-95077","post","type-post","status-publish","format-standard","has-post-thumbnail","hentry","category-barretos","category-cidades"],"yoast_head":"<!-- This site is optimized with the Yoast SEO plugin v27.4 - https:\/\/yoast.com\/product\/yoast-seo-wordpress\/ -->\n<title>Est\u00e2ncia Tur\u00edstica de Barretos integra Ciclo de Cultura Tradicional 2023 - Regi\u00e3o News<\/title>\n<meta name=\"robots\" content=\"index, follow, max-snippet:-1, max-image-preview:large, max-video-preview:-1\" \/>\n<link rel=\"canonical\" href=\"https:\/\/regiaonews.net.br\/2022\/2023\/09\/14\/95077estancia-turistica-de-barretos-integra-ciclo-de-cultura-tradicional\/\" \/>\n<meta property=\"og:locale\" content=\"pt_BR\" \/>\n<meta property=\"og:type\" content=\"article\" \/>\n<meta property=\"og:title\" content=\"Est\u00e2ncia Tur\u00edstica de Barretos integra Ciclo de Cultura Tradicional 2023 - Regi\u00e3o News\" \/>\n<meta property=\"og:description\" content=\"Programa\u00e7\u00e3o ser\u00e1 realizada neste s\u00e1bado, 16, na Esta\u00e7\u00e3o Cultural e\" \/>\n<meta property=\"og:url\" content=\"https:\/\/regiaonews.net.br\/2022\/2023\/09\/14\/95077estancia-turistica-de-barretos-integra-ciclo-de-cultura-tradicional\/\" \/>\n<meta property=\"og:site_name\" content=\"Regi\u00e3o News\" \/>\n<meta property=\"article:published_time\" content=\"2023-09-14T23:02:09+00:00\" \/>\n<meta property=\"article:modified_time\" content=\"2023-09-14T23:03:04+00:00\" \/>\n<meta property=\"og:image\" content=\"https:\/\/regiaonews.net.br\/2022\/wp-content\/uploads\/2023\/09\/WhatsApp-Image-2023-09-14-at-17.02.26.jpeg\" \/>\n\t<meta property=\"og:image:width\" content=\"1080\" \/>\n\t<meta property=\"og:image:height\" content=\"1080\" \/>\n\t<meta property=\"og:image:type\" content=\"image\/jpeg\" \/>\n<meta name=\"author\" content=\"Roberto\" \/>\n<meta name=\"twitter:card\" content=\"summary_large_image\" \/>\n<meta name=\"twitter:label1\" content=\"Escrito por\" \/>\n\t<meta name=\"twitter:data1\" content=\"Roberto\" \/>\n\t<meta name=\"twitter:label2\" content=\"Est. tempo de leitura\" \/>\n\t<meta name=\"twitter:data2\" content=\"3 minutos\" \/>\n<script type=\"application\/ld+json\" class=\"yoast-schema-graph\">{\"@context\":\"https:\\\/\\\/schema.org\",\"@graph\":[{\"@type\":\"Article\",\"@id\":\"https:\\\/\\\/regiaonews.net.br\\\/2022\\\/2023\\\/09\\\/14\\\/95077estancia-turistica-de-barretos-integra-ciclo-de-cultura-tradicional\\\/#article\",\"isPartOf\":{\"@id\":\"https:\\\/\\\/regiaonews.net.br\\\/2022\\\/2023\\\/09\\\/14\\\/95077estancia-turistica-de-barretos-integra-ciclo-de-cultura-tradicional\\\/\"},\"author\":{\"name\":\"Roberto\",\"@id\":\"https:\\\/\\\/regiaonews.net.br\\\/2022\\\/#\\\/schema\\\/person\\\/2d205a608a5aa97ac279d7a5e6d89ad8\"},\"headline\":\"Est\u00e2ncia Tur\u00edstica de Barretos integra Ciclo de Cultura Tradicional 2023\",\"datePublished\":\"2023-09-14T23:02:09+00:00\",\"dateModified\":\"2023-09-14T23:03:04+00:00\",\"mainEntityOfPage\":{\"@id\":\"https:\\\/\\\/regiaonews.net.br\\\/2022\\\/2023\\\/09\\\/14\\\/95077estancia-turistica-de-barretos-integra-ciclo-de-cultura-tradicional\\\/\"},\"wordCount\":556,\"commentCount\":0,\"publisher\":{\"@id\":\"https:\\\/\\\/regiaonews.net.br\\\/2022\\\/#organization\"},\"image\":{\"@id\":\"https:\\\/\\\/regiaonews.net.br\\\/2022\\\/2023\\\/09\\\/14\\\/95077estancia-turistica-de-barretos-integra-ciclo-de-cultura-tradicional\\\/#primaryimage\"},\"thumbnailUrl\":\"https:\\\/\\\/regiaonews.net.br\\\/2022\\\/wp-content\\\/uploads\\\/2023\\\/09\\\/WhatsApp-Image-2023-09-14-at-17.02.26.jpeg\",\"articleSection\":[\"Barretos\",\"Cidades\"],\"inLanguage\":\"pt-BR\",\"potentialAction\":[{\"@type\":\"CommentAction\",\"name\":\"Comment\",\"target\":[\"https:\\\/\\\/regiaonews.net.br\\\/2022\\\/2023\\\/09\\\/14\\\/95077estancia-turistica-de-barretos-integra-ciclo-de-cultura-tradicional\\\/#respond\"]}]},{\"@type\":\"WebPage\",\"@id\":\"https:\\\/\\\/regiaonews.net.br\\\/2022\\\/2023\\\/09\\\/14\\\/95077estancia-turistica-de-barretos-integra-ciclo-de-cultura-tradicional\\\/\",\"url\":\"https:\\\/\\\/regiaonews.net.br\\\/2022\\\/2023\\\/09\\\/14\\\/95077estancia-turistica-de-barretos-integra-ciclo-de-cultura-tradicional\\\/\",\"name\":\"Est\u00e2ncia Tur\u00edstica de Barretos integra Ciclo de Cultura Tradicional 2023 - Regi\u00e3o News\",\"isPartOf\":{\"@id\":\"https:\\\/\\\/regiaonews.net.br\\\/2022\\\/#website\"},\"primaryImageOfPage\":{\"@id\":\"https:\\\/\\\/regiaonews.net.br\\\/2022\\\/2023\\\/09\\\/14\\\/95077estancia-turistica-de-barretos-integra-ciclo-de-cultura-tradicional\\\/#primaryimage\"},\"image\":{\"@id\":\"https:\\\/\\\/regiaonews.net.br\\\/2022\\\/2023\\\/09\\\/14\\\/95077estancia-turistica-de-barretos-integra-ciclo-de-cultura-tradicional\\\/#primaryimage\"},\"thumbnailUrl\":\"https:\\\/\\\/regiaonews.net.br\\\/2022\\\/wp-content\\\/uploads\\\/2023\\\/09\\\/WhatsApp-Image-2023-09-14-at-17.02.26.jpeg\",\"datePublished\":\"2023-09-14T23:02:09+00:00\",\"dateModified\":\"2023-09-14T23:03:04+00:00\",\"breadcrumb\":{\"@id\":\"https:\\\/\\\/regiaonews.net.br\\\/2022\\\/2023\\\/09\\\/14\\\/95077estancia-turistica-de-barretos-integra-ciclo-de-cultura-tradicional\\\/#breadcrumb\"},\"inLanguage\":\"pt-BR\",\"potentialAction\":[{\"@type\":\"ReadAction\",\"target\":[\"https:\\\/\\\/regiaonews.net.br\\\/2022\\\/2023\\\/09\\\/14\\\/95077estancia-turistica-de-barretos-integra-ciclo-de-cultura-tradicional\\\/\"]}]},{\"@type\":\"ImageObject\",\"inLanguage\":\"pt-BR\",\"@id\":\"https:\\\/\\\/regiaonews.net.br\\\/2022\\\/2023\\\/09\\\/14\\\/95077estancia-turistica-de-barretos-integra-ciclo-de-cultura-tradicional\\\/#primaryimage\",\"url\":\"https:\\\/\\\/regiaonews.net.br\\\/2022\\\/wp-content\\\/uploads\\\/2023\\\/09\\\/WhatsApp-Image-2023-09-14-at-17.02.26.jpeg\",\"contentUrl\":\"https:\\\/\\\/regiaonews.net.br\\\/2022\\\/wp-content\\\/uploads\\\/2023\\\/09\\\/WhatsApp-Image-2023-09-14-at-17.02.26.jpeg\",\"width\":1080,\"height\":1080},{\"@type\":\"BreadcrumbList\",\"@id\":\"https:\\\/\\\/regiaonews.net.br\\\/2022\\\/2023\\\/09\\\/14\\\/95077estancia-turistica-de-barretos-integra-ciclo-de-cultura-tradicional\\\/#breadcrumb\",\"itemListElement\":[{\"@type\":\"ListItem\",\"position\":1,\"name\":\"In\u00edcio\",\"item\":\"https:\\\/\\\/regiaonews.net.br\\\/2022\\\/\"},{\"@type\":\"ListItem\",\"position\":2,\"name\":\"Est\u00e2ncia Tur\u00edstica de Barretos integra Ciclo de Cultura Tradicional 2023\"}]},{\"@type\":\"WebSite\",\"@id\":\"https:\\\/\\\/regiaonews.net.br\\\/2022\\\/#website\",\"url\":\"https:\\\/\\\/regiaonews.net.br\\\/2022\\\/\",\"name\":\"Regi\u00e3o News\",\"description\":\"Site de Not\u00edcias de Barretos e regi\u00e3o\",\"publisher\":{\"@id\":\"https:\\\/\\\/regiaonews.net.br\\\/2022\\\/#organization\"},\"potentialAction\":[{\"@type\":\"SearchAction\",\"target\":{\"@type\":\"EntryPoint\",\"urlTemplate\":\"https:\\\/\\\/regiaonews.net.br\\\/2022\\\/?s={search_term_string}\"},\"query-input\":{\"@type\":\"PropertyValueSpecification\",\"valueRequired\":true,\"valueName\":\"search_term_string\"}}],\"inLanguage\":\"pt-BR\"},{\"@type\":\"Organization\",\"@id\":\"https:\\\/\\\/regiaonews.net.br\\\/2022\\\/#organization\",\"name\":\"Regi\u00e3o News\",\"url\":\"https:\\\/\\\/regiaonews.net.br\\\/2022\\\/\",\"logo\":{\"@type\":\"ImageObject\",\"inLanguage\":\"pt-BR\",\"@id\":\"https:\\\/\\\/regiaonews.net.br\\\/2022\\\/#\\\/schema\\\/logo\\\/image\\\/\",\"url\":\"https:\\\/\\\/regiaonews.net.br\\\/2022\\\/wp-content\\\/uploads\\\/2026\\\/03\\\/regiao-13-anos-scaled.jpg\",\"contentUrl\":\"https:\\\/\\\/regiaonews.net.br\\\/2022\\\/wp-content\\\/uploads\\\/2026\\\/03\\\/regiao-13-anos-scaled.jpg\",\"width\":2560,\"height\":635,\"caption\":\"Regi\u00e3o News\"},\"image\":{\"@id\":\"https:\\\/\\\/regiaonews.net.br\\\/2022\\\/#\\\/schema\\\/logo\\\/image\\\/\"}},{\"@type\":\"Person\",\"@id\":\"https:\\\/\\\/regiaonews.net.br\\\/2022\\\/#\\\/schema\\\/person\\\/2d205a608a5aa97ac279d7a5e6d89ad8\",\"name\":\"Roberto\",\"image\":{\"@type\":\"ImageObject\",\"inLanguage\":\"pt-BR\",\"@id\":\"https:\\\/\\\/secure.gravatar.com\\\/avatar\\\/42749d8b712ff9d59ca93dc150494e5b55a44134482993f5baeb97e61b7ecc89?s=96&d=mm&r=g\",\"url\":\"https:\\\/\\\/secure.gravatar.com\\\/avatar\\\/42749d8b712ff9d59ca93dc150494e5b55a44134482993f5baeb97e61b7ecc89?s=96&d=mm&r=g\",\"contentUrl\":\"https:\\\/\\\/secure.gravatar.com\\\/avatar\\\/42749d8b712ff9d59ca93dc150494e5b55a44134482993f5baeb97e61b7ecc89?s=96&d=mm&r=g\",\"caption\":\"Roberto\"},\"url\":\"https:\\\/\\\/regiaonews.net.br\\\/2022\\\/author\\\/roberto\\\/\"}]}<\/script>\n<!-- \/ Yoast SEO plugin. -->","yoast_head_json":{"title":"Est\u00e2ncia Tur\u00edstica de Barretos integra Ciclo de Cultura Tradicional 2023 - Regi\u00e3o News","robots":{"index":"index","follow":"follow","max-snippet":"max-snippet:-1","max-image-preview":"max-image-preview:large","max-video-preview":"max-video-preview:-1"},"canonical":"https:\/\/regiaonews.net.br\/2022\/2023\/09\/14\/95077estancia-turistica-de-barretos-integra-ciclo-de-cultura-tradicional\/","og_locale":"pt_BR","og_type":"article","og_title":"Est\u00e2ncia Tur\u00edstica de Barretos integra Ciclo de Cultura Tradicional 2023 - Regi\u00e3o News","og_description":"Programa\u00e7\u00e3o ser\u00e1 realizada neste s\u00e1bado, 16, na Esta\u00e7\u00e3o Cultural e","og_url":"https:\/\/regiaonews.net.br\/2022\/2023\/09\/14\/95077estancia-turistica-de-barretos-integra-ciclo-de-cultura-tradicional\/","og_site_name":"Regi\u00e3o News","article_published_time":"2023-09-14T23:02:09+00:00","article_modified_time":"2023-09-14T23:03:04+00:00","og_image":[{"width":1080,"height":1080,"url":"https:\/\/regiaonews.net.br\/2022\/wp-content\/uploads\/2023\/09\/WhatsApp-Image-2023-09-14-at-17.02.26.jpeg","type":"image\/jpeg"}],"author":"Roberto","twitter_card":"summary_large_image","twitter_misc":{"Escrito por":"Roberto","Est. tempo de leitura":"3 minutos"},"schema":{"@context":"https:\/\/schema.org","@graph":[{"@type":"Article","@id":"https:\/\/regiaonews.net.br\/2022\/2023\/09\/14\/95077estancia-turistica-de-barretos-integra-ciclo-de-cultura-tradicional\/#article","isPartOf":{"@id":"https:\/\/regiaonews.net.br\/2022\/2023\/09\/14\/95077estancia-turistica-de-barretos-integra-ciclo-de-cultura-tradicional\/"},"author":{"name":"Roberto","@id":"https:\/\/regiaonews.net.br\/2022\/#\/schema\/person\/2d205a608a5aa97ac279d7a5e6d89ad8"},"headline":"Est\u00e2ncia Tur\u00edstica de Barretos integra Ciclo de Cultura Tradicional 2023","datePublished":"2023-09-14T23:02:09+00:00","dateModified":"2023-09-14T23:03:04+00:00","mainEntityOfPage":{"@id":"https:\/\/regiaonews.net.br\/2022\/2023\/09\/14\/95077estancia-turistica-de-barretos-integra-ciclo-de-cultura-tradicional\/"},"wordCount":556,"commentCount":0,"publisher":{"@id":"https:\/\/regiaonews.net.br\/2022\/#organization"},"image":{"@id":"https:\/\/regiaonews.net.br\/2022\/2023\/09\/14\/95077estancia-turistica-de-barretos-integra-ciclo-de-cultura-tradicional\/#primaryimage"},"thumbnailUrl":"https:\/\/regiaonews.net.br\/2022\/wp-content\/uploads\/2023\/09\/WhatsApp-Image-2023-09-14-at-17.02.26.jpeg","articleSection":["Barretos","Cidades"],"inLanguage":"pt-BR","potentialAction":[{"@type":"CommentAction","name":"Comment","target":["https:\/\/regiaonews.net.br\/2022\/2023\/09\/14\/95077estancia-turistica-de-barretos-integra-ciclo-de-cultura-tradicional\/#respond"]}]},{"@type":"WebPage","@id":"https:\/\/regiaonews.net.br\/2022\/2023\/09\/14\/95077estancia-turistica-de-barretos-integra-ciclo-de-cultura-tradicional\/","url":"https:\/\/regiaonews.net.br\/2022\/2023\/09\/14\/95077estancia-turistica-de-barretos-integra-ciclo-de-cultura-tradicional\/","name":"Est\u00e2ncia Tur\u00edstica de Barretos integra Ciclo de Cultura Tradicional 2023 - Regi\u00e3o News","isPartOf":{"@id":"https:\/\/regiaonews.net.br\/2022\/#website"},"primaryImageOfPage":{"@id":"https:\/\/regiaonews.net.br\/2022\/2023\/09\/14\/95077estancia-turistica-de-barretos-integra-ciclo-de-cultura-tradicional\/#primaryimage"},"image":{"@id":"https:\/\/regiaonews.net.br\/2022\/2023\/09\/14\/95077estancia-turistica-de-barretos-integra-ciclo-de-cultura-tradicional\/#primaryimage"},"thumbnailUrl":"https:\/\/regiaonews.net.br\/2022\/wp-content\/uploads\/2023\/09\/WhatsApp-Image-2023-09-14-at-17.02.26.jpeg","datePublished":"2023-09-14T23:02:09+00:00","dateModified":"2023-09-14T23:03:04+00:00","breadcrumb":{"@id":"https:\/\/regiaonews.net.br\/2022\/2023\/09\/14\/95077estancia-turistica-de-barretos-integra-ciclo-de-cultura-tradicional\/#breadcrumb"},"inLanguage":"pt-BR","potentialAction":[{"@type":"ReadAction","target":["https:\/\/regiaonews.net.br\/2022\/2023\/09\/14\/95077estancia-turistica-de-barretos-integra-ciclo-de-cultura-tradicional\/"]}]},{"@type":"ImageObject","inLanguage":"pt-BR","@id":"https:\/\/regiaonews.net.br\/2022\/2023\/09\/14\/95077estancia-turistica-de-barretos-integra-ciclo-de-cultura-tradicional\/#primaryimage","url":"https:\/\/regiaonews.net.br\/2022\/wp-content\/uploads\/2023\/09\/WhatsApp-Image-2023-09-14-at-17.02.26.jpeg","contentUrl":"https:\/\/regiaonews.net.br\/2022\/wp-content\/uploads\/2023\/09\/WhatsApp-Image-2023-09-14-at-17.02.26.jpeg","width":1080,"height":1080},{"@type":"BreadcrumbList","@id":"https:\/\/regiaonews.net.br\/2022\/2023\/09\/14\/95077estancia-turistica-de-barretos-integra-ciclo-de-cultura-tradicional\/#breadcrumb","itemListElement":[{"@type":"ListItem","position":1,"name":"In\u00edcio","item":"https:\/\/regiaonews.net.br\/2022\/"},{"@type":"ListItem","position":2,"name":"Est\u00e2ncia Tur\u00edstica de Barretos integra Ciclo de Cultura Tradicional 2023"}]},{"@type":"WebSite","@id":"https:\/\/regiaonews.net.br\/2022\/#website","url":"https:\/\/regiaonews.net.br\/2022\/","name":"Regi\u00e3o News","description":"Site de Not\u00edcias de Barretos e regi\u00e3o","publisher":{"@id":"https:\/\/regiaonews.net.br\/2022\/#organization"},"potentialAction":[{"@type":"SearchAction","target":{"@type":"EntryPoint","urlTemplate":"https:\/\/regiaonews.net.br\/2022\/?s={search_term_string}"},"query-input":{"@type":"PropertyValueSpecification","valueRequired":true,"valueName":"search_term_string"}}],"inLanguage":"pt-BR"},{"@type":"Organization","@id":"https:\/\/regiaonews.net.br\/2022\/#organization","name":"Regi\u00e3o News","url":"https:\/\/regiaonews.net.br\/2022\/","logo":{"@type":"ImageObject","inLanguage":"pt-BR","@id":"https:\/\/regiaonews.net.br\/2022\/#\/schema\/logo\/image\/","url":"https:\/\/regiaonews.net.br\/2022\/wp-content\/uploads\/2026\/03\/regiao-13-anos-scaled.jpg","contentUrl":"https:\/\/regiaonews.net.br\/2022\/wp-content\/uploads\/2026\/03\/regiao-13-anos-scaled.jpg","width":2560,"height":635,"caption":"Regi\u00e3o News"},"image":{"@id":"https:\/\/regiaonews.net.br\/2022\/#\/schema\/logo\/image\/"}},{"@type":"Person","@id":"https:\/\/regiaonews.net.br\/2022\/#\/schema\/person\/2d205a608a5aa97ac279d7a5e6d89ad8","name":"Roberto","image":{"@type":"ImageObject","inLanguage":"pt-BR","@id":"https:\/\/secure.gravatar.com\/avatar\/42749d8b712ff9d59ca93dc150494e5b55a44134482993f5baeb97e61b7ecc89?s=96&d=mm&r=g","url":"https:\/\/secure.gravatar.com\/avatar\/42749d8b712ff9d59ca93dc150494e5b55a44134482993f5baeb97e61b7ecc89?s=96&d=mm&r=g","contentUrl":"https:\/\/secure.gravatar.com\/avatar\/42749d8b712ff9d59ca93dc150494e5b55a44134482993f5baeb97e61b7ecc89?s=96&d=mm&r=g","caption":"Roberto"},"url":"https:\/\/regiaonews.net.br\/2022\/author\/roberto\/"}]}},"publishpress_future_action":{"enabled":false,"date":"2026-05-04 20:47:44","action":"change-status","newStatus":"draft","terms":[],"taxonomy":"category","extraData":[]},"publishpress_future_workflow_manual_trigger":{"enabledWorkflows":[]},"_links":{"self":[{"href":"https:\/\/regiaonews.net.br\/2022\/wp-json\/wp\/v2\/posts\/95077","targetHints":{"allow":["GET"]}}],"collection":[{"href":"https:\/\/regiaonews.net.br\/2022\/wp-json\/wp\/v2\/posts"}],"about":[{"href":"https:\/\/regiaonews.net.br\/2022\/wp-json\/wp\/v2\/types\/post"}],"author":[{"embeddable":true,"href":"https:\/\/regiaonews.net.br\/2022\/wp-json\/wp\/v2\/users\/2"}],"replies":[{"embeddable":true,"href":"https:\/\/regiaonews.net.br\/2022\/wp-json\/wp\/v2\/comments?post=95077"}],"version-history":[{"count":2,"href":"https:\/\/regiaonews.net.br\/2022\/wp-json\/wp\/v2\/posts\/95077\/revisions"}],"predecessor-version":[{"id":95080,"href":"https:\/\/regiaonews.net.br\/2022\/wp-json\/wp\/v2\/posts\/95077\/revisions\/95080"}],"wp:featuredmedia":[{"embeddable":true,"href":"https:\/\/regiaonews.net.br\/2022\/wp-json\/wp\/v2\/media\/95078"}],"wp:attachment":[{"href":"https:\/\/regiaonews.net.br\/2022\/wp-json\/wp\/v2\/media?parent=95077"}],"wp:term":[{"taxonomy":"category","embeddable":true,"href":"https:\/\/regiaonews.net.br\/2022\/wp-json\/wp\/v2\/categories?post=95077"},{"taxonomy":"post_tag","embeddable":true,"href":"https:\/\/regiaonews.net.br\/2022\/wp-json\/wp\/v2\/tags?post=95077"}],"curies":[{"name":"wp","href":"https:\/\/api.w.org\/{rel}","templated":true}]}}