{"id":95069,"date":"2023-09-14T17:17:11","date_gmt":"2023-09-14T20:17:11","guid":{"rendered":"https:\/\/regiaonews.net.br\/2022\/?p=95069"},"modified":"2023-09-14T17:17:11","modified_gmt":"2023-09-14T20:17:11","slug":"colina-celebrou-os-201-anos-da-independencia-do-brasil-com-diversas-atividades","status":"publish","type":"post","link":"https:\/\/regiaonews.net.br\/2022\/2023\/09\/14\/colina-celebrou-os-201-anos-da-independencia-do-brasil-com-diversas-atividades\/","title":{"rendered":"Colina celebrou os 201 anos da Independ\u00eancia do Brasil com diversas atividades"},"content":{"rendered":"<header class=\"post-header\">\n<div data-grid=\"\">\n<p class=\"post-date\">\n<p class=\"post-share noPrint\">\n<\/div>\n<\/header>\n<div class=\"post-image\"><img decoding=\"async\" src=\"https:\/\/ecrie.com.br\/sistema\/conteudos\/imagem\/m_62_0_4_14092023083638.jpg\" alt=\"Prefeitura de Colina celebrou os 201 anos de Independ\u00eancia do Brasil\" \/><\/div>\n<div class=\"post-content\">\n<article class=\"post-text\">A Prefeitura Municipal de Colina comemorou os 201 anos de Independ\u00eancia do Brasil na \u00faltima quinta-feira, dia 7 de setembro, na Pra\u00e7a do Museu Municipal. O patriotismo foi evidenciado pelo ato c\u00edvico e o 9\u00ba.\u00a0Passeio Cicl\u00edstico da Independ\u00eancia, que contou com uma super premia\u00e7\u00e3o\u00a0de 12 bikes e mais outros pr\u00eamios, e coloriu a cidade de verde e amarelo.<\/p>\n<p>A comemora\u00e7\u00e3o teve in\u00edcio \u00e0s 8h30 com a realiza\u00e7\u00e3o de ato c\u00edvico que compreendeu a execu\u00e7\u00e3o dos Hinos Nacional, da Independ\u00eancia e Municipal, atividade prevista no Calend\u00e1rio Escolar com a participa\u00e7\u00e3o de todas as equipes escolares da Rede Municipal de Ensino.<\/p>\n<p>Na sequ\u00eancia, aconteceu o 9\u00ba. Passeio Cicl\u00edstico da Independ\u00eancia, que contou com expressiva participa\u00e7\u00e3o da fam\u00edlia colinense e premiou oito categorias; uma multid\u00e3o de ciclistas de todas as idades integrou o passeio com sa\u00edda e chegada do Museu Municipal, percorrendo v\u00e1rias ruas da cidade.<\/p>\n<p>A Pra\u00e7a do Museu Municipal foi colorida pelas cores \u201cverde e amarelo\u201d \/ \u201cazul e branco\u201d; o mascote \u201cJango\u201d foi fotografado por muitas crian\u00e7as, participando ativamente da comemora\u00e7\u00e3o, e a participa\u00e7\u00e3o da equipe Drag\u00e3o Branco de Le\u00e3o Chin\u00eas de Colina completou o entretenimento do p\u00fablico presente at\u00e9 o momento da largada do passeio. Na chegada do Passeio, foram premiados ciclistas nas oito categorias abaixo:<\/p>\n<p><strong>Categoria I<\/strong>\u00a0\u2013 Grupo de Ciclistas uniformizados mais numeroso pedalando:<\/p>\n<p><strong>1\u00ba lugar &#8211;\u00a0Escola T\u00e9cnica Agropecu\u00e1ria Municipal \u201cS\u00e3o Francisco de Assis\u201d,<\/strong>\u00a0premiada com 1 Bike Aro 26 patrocinada pela Concession\u00e1ria de Rodovias TEBE + 1 Bike Aro 26 ofertada pela Agropecu\u00e1ria Bandeirantes.<\/p>\n<p><strong>2\u00ba lugar &#8211;\u00a0Turma do Pedal,\u00a0<\/strong>premiada com 1 Bike Aro 26 patrocinada pela\u00a0 Concession\u00e1ria de Rodovias TEBE\u00a0 e a<strong>\u00a0EMEF \u201cLamounier de Andrade\u201d,\u00a0<\/strong>premiada por sorteio com 1 Bike Aro 26 oferecida pela Agropecu\u00e1ria 3I.<\/p>\n<p><strong>Categoria II \u2013<\/strong>\u00a0Ciclista mais idosa pedalando: senhora Maria de Lourdes Alves de Belo, 77 anos, premiada com 1 Vale Por\u00e7\u00e3o Mista (Patrocinador Tia Marta Lanches) + 1 Assinatura Semestral do Jornal O Colinense (Patrocinador Felice &amp; Felice S\/C Ltda.).<\/p>\n<p><strong>Categoria III<\/strong>\u00a0\u2013 Ciclista mais idoso pedalando: senhor Osvaldo Moreira (Pel\u00e9), 74 anos, premiado com 1 Vale Por\u00e7\u00e3o Mista (Patrocinador Tia Marta Lanches) + 1 Assinatura Semestral do Jornal O Colinense (Patrocinador Felice &amp; Felice S\/C Ltda.).<\/p>\n<p><strong>Categoria IV<\/strong>\u00a0\u2013 Ciclista mais jovem feminino pedalando: Laissa Silva Martins, 4 anos, contemplado com 1 Vale Almo\u00e7o para duas pessoas (Patrocinador Restaurante Sabor no Prato).<\/p>\n<p><strong>Categoria V\u00a0<\/strong>\u2013 Ciclista mais jovem masculino pedalando: Bento Piai O. dos Santos, 5 anos, que recebeu 1 Vale Almo\u00e7o para duas pessoas (Patrocinador Restaurante Sabor no Prato).<\/p>\n<p><strong>Categoria VI<\/strong>\u00a0\u2013 Ciclista mais jovem feminino em cadeirinha acoplada a bike do respons\u00e1vel pedalando: Luiza Carvalho S. Cruz, 1 ano e 3 meses, premiada com 1 Cesta de Chocolates (Patrocinador Sant\u00e9 Cacau).<\/p>\n<p><strong>Categoria VII<\/strong>\u00a0\u2013 Ciclista mais jovem masculino em cadeirinha acoplada a bike do respons\u00e1vel pedalando: Bento A. Pedroso Picelli, 7 meses, contemplado com 1 Cesta de Chocolates (Patrocinador Sant\u00e9 Cacau).<\/p>\n<p><strong>Categoria VIII<\/strong>\u00a0\u2013 Conjunto Ciclista e Bike melhor ornamentados pedalando:<\/p>\n<p><strong>1\u00ba lugar &#8211; Robert Braian Tapia, 12 anos, recebeu\u00a0<\/strong>1 Bike Aro 29 (Patrocinador Bicicletaria do Xande) e sorteou uma 1 bike Aro 26 para a\u00a0<strong>EMEF \u201cProf\u00aa. Suzel Polizelli Milani\u201d (Patrocinador Bortolo Retifica de Motores)<\/strong>.<\/p>\n<p><strong>2\u00ba lugar &#8211;\u00a0Rafael Foresto Vilar, 10 anos, foi premiado com\u00a0<\/strong>1 Bike Aro 26 (Patrocinador Tome Leve Supermercados) e sorteou 1 bike Aro 26\u00a0 para a\u00a0<strong>EMEF \u201cAnt\u00f4nio Daher\u201d (Patrocinador\u00a0<\/strong>Guilherme Sanches Paro\/GSP Construtora).<\/p>\n<p><strong>3\u00ba lugar &#8211;\u00a0Eder Henrique de Queiros, 8 anos,\u00a0<\/strong>ganhou 1 Bike Aro 26 (Patrocinador Danilo Calhas) e sorteou 1 bike Aro 26 para a\u00a0<strong>\u00a0EMEF \u201cHenrique Ernesto Paro\u201d (Patrocinador\u00a0<\/strong>Dream Energia Ltda.).<\/p>\n<p><strong>4\u00ba lugar &#8211;\u00a0Miguel M. Barbosa, 6 anos, foi contemplado com\u00a0<\/strong>1 Bike Aro 26 (Patrocinador Dream Energia ltda) e sorteou 1 bike Aro 26 para a\u00a0<strong>\u00a0EMEI \u201cAndr\u00e9 Garcia\u201d (<\/strong>Patrocinador BelCar Auto Pe\u00e7as e Auto Center do Lucas Caldeira).<\/p>\n<p><strong>5\u00ba lugar \u2013\u00a0Sara Cristina Oliveira Alfinete, 13 anos, foi contemplado com\u00a0<\/strong>1 Bolo (Patrocinador Dolce Li).<\/p>\n<p>O Prefeito Municipal de Colina, Dieb Taha, destacou a import\u00e2ncia das comemora\u00e7\u00f5es c\u00edvicas com a participa\u00e7\u00e3o de alunos, pais, comunidade escolar e popula\u00e7\u00e3o, fortalecendo ainda mais os v\u00ednculos familiares, de amor \u00e0 p\u00e1tria, e de respeito aos s\u00edmbolos que representam nosso pa\u00eds, formando uma gera\u00e7\u00e3o mais forte e consciente de seus deveres c\u00edvicos. \u201cAl\u00e9m de enaltecer a cidadania e homenagear a P\u00e1tria, os festejos incentivaram a pr\u00e1tica da atividade f\u00edsica e ofereceram lazer e divers\u00e3o \u00e0s fam\u00edlias de Colina e da regi\u00e3o\u201d.<\/p>\n<p>A Prefeitura de Colina agradece o apoio dos patrocinadores, que proporcionou essa super premia\u00e7\u00e3o de 12 bikes e mais outros pr\u00eamios, fundamental para abrilhantar a celebra\u00e7\u00e3o da Independ\u00eancia. Gratid\u00e3o \u00e0 Concession\u00e1ria de Rodovias TEBE; Agropecu\u00e1ria Bandeirantes; Agropecu\u00e1ria 3I; Tia Marta Lanches; Felice &amp; Felice S\/C Ltda.; Restaurante Sabor no Prato; Sant\u00e9 Cacau; Bicicletaria do Xande; Bortolo Retifica de Motores; Tome Leve Supermercados; Guilherme Sanches Paro\/GSP Construtora; Danilo Calhas; Dream Energia Ltda.; BelCar Auto Pe\u00e7as e Auto Center do Lucas Caldeira e Dolce Li.<\/p>\n<p><a href=\"https:\/\/regiaonews.net.br\/2022\/wp-content\/uploads\/2023\/09\/g_62_1_3_14092023083638.jpg\"><img loading=\"lazy\" decoding=\"async\" class=\"alignnone size-medium wp-image-95070\" src=\"https:\/\/regiaonews.net.br\/2022\/wp-content\/uploads\/2023\/09\/g_62_1_3_14092023083638-300x200.jpg\" alt=\"\" width=\"300\" height=\"200\" srcset=\"https:\/\/regiaonews.net.br\/2022\/wp-content\/uploads\/2023\/09\/g_62_1_3_14092023083638-300x200.jpg 300w, https:\/\/regiaonews.net.br\/2022\/wp-content\/uploads\/2023\/09\/g_62_1_3_14092023083638-1024x681.jpg 1024w, https:\/\/regiaonews.net.br\/2022\/wp-content\/uploads\/2023\/09\/g_62_1_3_14092023083638-768x511.jpg 768w, https:\/\/regiaonews.net.br\/2022\/wp-content\/uploads\/2023\/09\/g_62_1_3_14092023083638-1536x1022.jpg 1536w, https:\/\/regiaonews.net.br\/2022\/wp-content\/uploads\/2023\/09\/g_62_1_3_14092023083638-250x166.jpg 250w, https:\/\/regiaonews.net.br\/2022\/wp-content\/uploads\/2023\/09\/g_62_1_3_14092023083638-900x600.jpg 900w, https:\/\/regiaonews.net.br\/2022\/wp-content\/uploads\/2023\/09\/g_62_1_3_14092023083638.jpg 1920w\" sizes=\"auto, (max-width: 300px) 100vw, 300px\" \/><\/a> <a href=\"https:\/\/regiaonews.net.br\/2022\/wp-content\/uploads\/2023\/09\/g_62_2_2_14092023083638.jpg\"><img loading=\"lazy\" decoding=\"async\" class=\"alignnone size-medium wp-image-95071\" src=\"https:\/\/regiaonews.net.br\/2022\/wp-content\/uploads\/2023\/09\/g_62_2_2_14092023083638-300x200.jpg\" alt=\"\" width=\"300\" height=\"200\" srcset=\"https:\/\/regiaonews.net.br\/2022\/wp-content\/uploads\/2023\/09\/g_62_2_2_14092023083638-300x200.jpg 300w, https:\/\/regiaonews.net.br\/2022\/wp-content\/uploads\/2023\/09\/g_62_2_2_14092023083638-1024x681.jpg 1024w, https:\/\/regiaonews.net.br\/2022\/wp-content\/uploads\/2023\/09\/g_62_2_2_14092023083638-768x511.jpg 768w, https:\/\/regiaonews.net.br\/2022\/wp-content\/uploads\/2023\/09\/g_62_2_2_14092023083638-1536x1022.jpg 1536w, https:\/\/regiaonews.net.br\/2022\/wp-content\/uploads\/2023\/09\/g_62_2_2_14092023083638-250x166.jpg 250w, https:\/\/regiaonews.net.br\/2022\/wp-content\/uploads\/2023\/09\/g_62_2_2_14092023083638-900x600.jpg 900w, https:\/\/regiaonews.net.br\/2022\/wp-content\/uploads\/2023\/09\/g_62_2_2_14092023083638.jpg 1920w\" sizes=\"auto, (max-width: 300px) 100vw, 300px\" \/><\/a><\/p>\n<\/article>\n<\/div>\n","protected":false},"excerpt":{"rendered":"<p>A Prefeitura Municipal de Colina comemorou os 201 anos de<\/p>\n","protected":false},"author":2,"featured_media":95072,"comment_status":"open","ping_status":"open","sticky":false,"template":"","format":"standard","meta":{"footnotes":""},"categories":[25,5],"tags":[],"class_list":["post-95069","post","type-post","status-publish","format-standard","has-post-thumbnail","hentry","category-cidades","category-colina"],"yoast_head":"<!-- This site is optimized with the Yoast SEO plugin v27.4 - https:\/\/yoast.com\/product\/yoast-seo-wordpress\/ -->\n<title>Colina celebrou os 201 anos da Independ\u00eancia do Brasil<\/title>\n<meta name=\"description\" content=\"A Prefeitura Municipal de Colina comemorou os 201 anos de Independ\u00eancia do Brasil na \u00faltima quinta-feira, dia 7 de setembro, na Pra\u00e7a\" \/>\n<meta name=\"robots\" content=\"index, follow, max-snippet:-1, max-image-preview:large, max-video-preview:-1\" \/>\n<link rel=\"canonical\" href=\"https:\/\/regiaonews.net.br\/2022\/2023\/09\/14\/colina-celebrou-os-201-anos-da-independencia-do-brasil-com-diversas-atividades\/\" \/>\n<meta property=\"og:locale\" content=\"pt_BR\" \/>\n<meta property=\"og:type\" content=\"article\" \/>\n<meta property=\"og:title\" content=\"Colina celebrou os 201 anos da Independ\u00eancia do Brasil\" \/>\n<meta property=\"og:description\" content=\"A Prefeitura Municipal de Colina comemorou os 201 anos de Independ\u00eancia do Brasil na \u00faltima quinta-feira, dia 7 de setembro, na Pra\u00e7a\" \/>\n<meta property=\"og:url\" content=\"https:\/\/regiaonews.net.br\/2022\/2023\/09\/14\/colina-celebrou-os-201-anos-da-independencia-do-brasil-com-diversas-atividades\/\" \/>\n<meta property=\"og:site_name\" content=\"Regi\u00e3o News\" \/>\n<meta property=\"article:published_time\" content=\"2023-09-14T20:17:11+00:00\" \/>\n<meta property=\"og:image\" content=\"https:\/\/regiaonews.net.br\/2022\/wp-content\/uploads\/2023\/09\/g_62_2_2_14092023084359.jpg\" \/>\n\t<meta property=\"og:image:width\" content=\"1920\" \/>\n\t<meta property=\"og:image:height\" content=\"1277\" \/>\n\t<meta property=\"og:image:type\" content=\"image\/jpeg\" \/>\n<meta name=\"author\" content=\"Roberto\" \/>\n<meta name=\"twitter:card\" content=\"summary_large_image\" \/>\n<meta name=\"twitter:label1\" content=\"Escrito por\" \/>\n\t<meta name=\"twitter:data1\" content=\"Roberto\" \/>\n\t<meta name=\"twitter:label2\" content=\"Est. tempo de leitura\" \/>\n\t<meta name=\"twitter:data2\" content=\"5 minutos\" \/>\n<script type=\"application\/ld+json\" class=\"yoast-schema-graph\">{\"@context\":\"https:\\\/\\\/schema.org\",\"@graph\":[{\"@type\":\"Article\",\"@id\":\"https:\\\/\\\/regiaonews.net.br\\\/2022\\\/2023\\\/09\\\/14\\\/colina-celebrou-os-201-anos-da-independencia-do-brasil-com-diversas-atividades\\\/#article\",\"isPartOf\":{\"@id\":\"https:\\\/\\\/regiaonews.net.br\\\/2022\\\/2023\\\/09\\\/14\\\/colina-celebrou-os-201-anos-da-independencia-do-brasil-com-diversas-atividades\\\/\"},\"author\":{\"name\":\"Roberto\",\"@id\":\"https:\\\/\\\/regiaonews.net.br\\\/2022\\\/#\\\/schema\\\/person\\\/2d205a608a5aa97ac279d7a5e6d89ad8\"},\"headline\":\"Colina celebrou os 201 anos da Independ\u00eancia do Brasil com diversas atividades\",\"datePublished\":\"2023-09-14T20:17:11+00:00\",\"mainEntityOfPage\":{\"@id\":\"https:\\\/\\\/regiaonews.net.br\\\/2022\\\/2023\\\/09\\\/14\\\/colina-celebrou-os-201-anos-da-independencia-do-brasil-com-diversas-atividades\\\/\"},\"wordCount\":834,\"commentCount\":0,\"publisher\":{\"@id\":\"https:\\\/\\\/regiaonews.net.br\\\/2022\\\/#organization\"},\"image\":{\"@id\":\"https:\\\/\\\/regiaonews.net.br\\\/2022\\\/2023\\\/09\\\/14\\\/colina-celebrou-os-201-anos-da-independencia-do-brasil-com-diversas-atividades\\\/#primaryimage\"},\"thumbnailUrl\":\"https:\\\/\\\/regiaonews.net.br\\\/2022\\\/wp-content\\\/uploads\\\/2023\\\/09\\\/g_62_2_2_14092023084359.jpg\",\"articleSection\":[\"Cidades\",\"Colina\"],\"inLanguage\":\"pt-BR\",\"potentialAction\":[{\"@type\":\"CommentAction\",\"name\":\"Comment\",\"target\":[\"https:\\\/\\\/regiaonews.net.br\\\/2022\\\/2023\\\/09\\\/14\\\/colina-celebrou-os-201-anos-da-independencia-do-brasil-com-diversas-atividades\\\/#respond\"]}]},{\"@type\":\"WebPage\",\"@id\":\"https:\\\/\\\/regiaonews.net.br\\\/2022\\\/2023\\\/09\\\/14\\\/colina-celebrou-os-201-anos-da-independencia-do-brasil-com-diversas-atividades\\\/\",\"url\":\"https:\\\/\\\/regiaonews.net.br\\\/2022\\\/2023\\\/09\\\/14\\\/colina-celebrou-os-201-anos-da-independencia-do-brasil-com-diversas-atividades\\\/\",\"name\":\"Colina celebrou os 201 anos da Independ\u00eancia do Brasil\",\"isPartOf\":{\"@id\":\"https:\\\/\\\/regiaonews.net.br\\\/2022\\\/#website\"},\"primaryImageOfPage\":{\"@id\":\"https:\\\/\\\/regiaonews.net.br\\\/2022\\\/2023\\\/09\\\/14\\\/colina-celebrou-os-201-anos-da-independencia-do-brasil-com-diversas-atividades\\\/#primaryimage\"},\"image\":{\"@id\":\"https:\\\/\\\/regiaonews.net.br\\\/2022\\\/2023\\\/09\\\/14\\\/colina-celebrou-os-201-anos-da-independencia-do-brasil-com-diversas-atividades\\\/#primaryimage\"},\"thumbnailUrl\":\"https:\\\/\\\/regiaonews.net.br\\\/2022\\\/wp-content\\\/uploads\\\/2023\\\/09\\\/g_62_2_2_14092023084359.jpg\",\"datePublished\":\"2023-09-14T20:17:11+00:00\",\"description\":\"A Prefeitura Municipal de Colina comemorou os 201 anos de Independ\u00eancia do Brasil na \u00faltima quinta-feira, dia 7 de setembro, na Pra\u00e7a\",\"breadcrumb\":{\"@id\":\"https:\\\/\\\/regiaonews.net.br\\\/2022\\\/2023\\\/09\\\/14\\\/colina-celebrou-os-201-anos-da-independencia-do-brasil-com-diversas-atividades\\\/#breadcrumb\"},\"inLanguage\":\"pt-BR\",\"potentialAction\":[{\"@type\":\"ReadAction\",\"target\":[\"https:\\\/\\\/regiaonews.net.br\\\/2022\\\/2023\\\/09\\\/14\\\/colina-celebrou-os-201-anos-da-independencia-do-brasil-com-diversas-atividades\\\/\"]}]},{\"@type\":\"ImageObject\",\"inLanguage\":\"pt-BR\",\"@id\":\"https:\\\/\\\/regiaonews.net.br\\\/2022\\\/2023\\\/09\\\/14\\\/colina-celebrou-os-201-anos-da-independencia-do-brasil-com-diversas-atividades\\\/#primaryimage\",\"url\":\"https:\\\/\\\/regiaonews.net.br\\\/2022\\\/wp-content\\\/uploads\\\/2023\\\/09\\\/g_62_2_2_14092023084359.jpg\",\"contentUrl\":\"https:\\\/\\\/regiaonews.net.br\\\/2022\\\/wp-content\\\/uploads\\\/2023\\\/09\\\/g_62_2_2_14092023084359.jpg\",\"width\":1920,\"height\":1277},{\"@type\":\"BreadcrumbList\",\"@id\":\"https:\\\/\\\/regiaonews.net.br\\\/2022\\\/2023\\\/09\\\/14\\\/colina-celebrou-os-201-anos-da-independencia-do-brasil-com-diversas-atividades\\\/#breadcrumb\",\"itemListElement\":[{\"@type\":\"ListItem\",\"position\":1,\"name\":\"In\u00edcio\",\"item\":\"https:\\\/\\\/regiaonews.net.br\\\/2022\\\/\"},{\"@type\":\"ListItem\",\"position\":2,\"name\":\"Colina celebrou os 201 anos da Independ\u00eancia do Brasil com diversas atividades\"}]},{\"@type\":\"WebSite\",\"@id\":\"https:\\\/\\\/regiaonews.net.br\\\/2022\\\/#website\",\"url\":\"https:\\\/\\\/regiaonews.net.br\\\/2022\\\/\",\"name\":\"Regi\u00e3o News\",\"description\":\"Site de Not\u00edcias de Barretos e regi\u00e3o\",\"publisher\":{\"@id\":\"https:\\\/\\\/regiaonews.net.br\\\/2022\\\/#organization\"},\"potentialAction\":[{\"@type\":\"SearchAction\",\"target\":{\"@type\":\"EntryPoint\",\"urlTemplate\":\"https:\\\/\\\/regiaonews.net.br\\\/2022\\\/?s={search_term_string}\"},\"query-input\":{\"@type\":\"PropertyValueSpecification\",\"valueRequired\":true,\"valueName\":\"search_term_string\"}}],\"inLanguage\":\"pt-BR\"},{\"@type\":\"Organization\",\"@id\":\"https:\\\/\\\/regiaonews.net.br\\\/2022\\\/#organization\",\"name\":\"Regi\u00e3o News\",\"url\":\"https:\\\/\\\/regiaonews.net.br\\\/2022\\\/\",\"logo\":{\"@type\":\"ImageObject\",\"inLanguage\":\"pt-BR\",\"@id\":\"https:\\\/\\\/regiaonews.net.br\\\/2022\\\/#\\\/schema\\\/logo\\\/image\\\/\",\"url\":\"https:\\\/\\\/regiaonews.net.br\\\/2022\\\/wp-content\\\/uploads\\\/2026\\\/03\\\/regiao-13-anos-scaled.jpg\",\"contentUrl\":\"https:\\\/\\\/regiaonews.net.br\\\/2022\\\/wp-content\\\/uploads\\\/2026\\\/03\\\/regiao-13-anos-scaled.jpg\",\"width\":2560,\"height\":635,\"caption\":\"Regi\u00e3o News\"},\"image\":{\"@id\":\"https:\\\/\\\/regiaonews.net.br\\\/2022\\\/#\\\/schema\\\/logo\\\/image\\\/\"}},{\"@type\":\"Person\",\"@id\":\"https:\\\/\\\/regiaonews.net.br\\\/2022\\\/#\\\/schema\\\/person\\\/2d205a608a5aa97ac279d7a5e6d89ad8\",\"name\":\"Roberto\",\"image\":{\"@type\":\"ImageObject\",\"inLanguage\":\"pt-BR\",\"@id\":\"https:\\\/\\\/secure.gravatar.com\\\/avatar\\\/42749d8b712ff9d59ca93dc150494e5b55a44134482993f5baeb97e61b7ecc89?s=96&d=mm&r=g\",\"url\":\"https:\\\/\\\/secure.gravatar.com\\\/avatar\\\/42749d8b712ff9d59ca93dc150494e5b55a44134482993f5baeb97e61b7ecc89?s=96&d=mm&r=g\",\"contentUrl\":\"https:\\\/\\\/secure.gravatar.com\\\/avatar\\\/42749d8b712ff9d59ca93dc150494e5b55a44134482993f5baeb97e61b7ecc89?s=96&d=mm&r=g\",\"caption\":\"Roberto\"},\"url\":\"https:\\\/\\\/regiaonews.net.br\\\/2022\\\/author\\\/roberto\\\/\"}]}<\/script>\n<!-- \/ Yoast SEO plugin. -->","yoast_head_json":{"title":"Colina celebrou os 201 anos da Independ\u00eancia do Brasil","description":"A Prefeitura Municipal de Colina comemorou os 201 anos de Independ\u00eancia do Brasil na \u00faltima quinta-feira, dia 7 de setembro, na Pra\u00e7a","robots":{"index":"index","follow":"follow","max-snippet":"max-snippet:-1","max-image-preview":"max-image-preview:large","max-video-preview":"max-video-preview:-1"},"canonical":"https:\/\/regiaonews.net.br\/2022\/2023\/09\/14\/colina-celebrou-os-201-anos-da-independencia-do-brasil-com-diversas-atividades\/","og_locale":"pt_BR","og_type":"article","og_title":"Colina celebrou os 201 anos da Independ\u00eancia do Brasil","og_description":"A Prefeitura Municipal de Colina comemorou os 201 anos de Independ\u00eancia do Brasil na \u00faltima quinta-feira, dia 7 de setembro, na Pra\u00e7a","og_url":"https:\/\/regiaonews.net.br\/2022\/2023\/09\/14\/colina-celebrou-os-201-anos-da-independencia-do-brasil-com-diversas-atividades\/","og_site_name":"Regi\u00e3o News","article_published_time":"2023-09-14T20:17:11+00:00","og_image":[{"width":1920,"height":1277,"url":"https:\/\/regiaonews.net.br\/2022\/wp-content\/uploads\/2023\/09\/g_62_2_2_14092023084359.jpg","type":"image\/jpeg"}],"author":"Roberto","twitter_card":"summary_large_image","twitter_misc":{"Escrito por":"Roberto","Est. tempo de leitura":"5 minutos"},"schema":{"@context":"https:\/\/schema.org","@graph":[{"@type":"Article","@id":"https:\/\/regiaonews.net.br\/2022\/2023\/09\/14\/colina-celebrou-os-201-anos-da-independencia-do-brasil-com-diversas-atividades\/#article","isPartOf":{"@id":"https:\/\/regiaonews.net.br\/2022\/2023\/09\/14\/colina-celebrou-os-201-anos-da-independencia-do-brasil-com-diversas-atividades\/"},"author":{"name":"Roberto","@id":"https:\/\/regiaonews.net.br\/2022\/#\/schema\/person\/2d205a608a5aa97ac279d7a5e6d89ad8"},"headline":"Colina celebrou os 201 anos da Independ\u00eancia do Brasil com diversas atividades","datePublished":"2023-09-14T20:17:11+00:00","mainEntityOfPage":{"@id":"https:\/\/regiaonews.net.br\/2022\/2023\/09\/14\/colina-celebrou-os-201-anos-da-independencia-do-brasil-com-diversas-atividades\/"},"wordCount":834,"commentCount":0,"publisher":{"@id":"https:\/\/regiaonews.net.br\/2022\/#organization"},"image":{"@id":"https:\/\/regiaonews.net.br\/2022\/2023\/09\/14\/colina-celebrou-os-201-anos-da-independencia-do-brasil-com-diversas-atividades\/#primaryimage"},"thumbnailUrl":"https:\/\/regiaonews.net.br\/2022\/wp-content\/uploads\/2023\/09\/g_62_2_2_14092023084359.jpg","articleSection":["Cidades","Colina"],"inLanguage":"pt-BR","potentialAction":[{"@type":"CommentAction","name":"Comment","target":["https:\/\/regiaonews.net.br\/2022\/2023\/09\/14\/colina-celebrou-os-201-anos-da-independencia-do-brasil-com-diversas-atividades\/#respond"]}]},{"@type":"WebPage","@id":"https:\/\/regiaonews.net.br\/2022\/2023\/09\/14\/colina-celebrou-os-201-anos-da-independencia-do-brasil-com-diversas-atividades\/","url":"https:\/\/regiaonews.net.br\/2022\/2023\/09\/14\/colina-celebrou-os-201-anos-da-independencia-do-brasil-com-diversas-atividades\/","name":"Colina celebrou os 201 anos da Independ\u00eancia do Brasil","isPartOf":{"@id":"https:\/\/regiaonews.net.br\/2022\/#website"},"primaryImageOfPage":{"@id":"https:\/\/regiaonews.net.br\/2022\/2023\/09\/14\/colina-celebrou-os-201-anos-da-independencia-do-brasil-com-diversas-atividades\/#primaryimage"},"image":{"@id":"https:\/\/regiaonews.net.br\/2022\/2023\/09\/14\/colina-celebrou-os-201-anos-da-independencia-do-brasil-com-diversas-atividades\/#primaryimage"},"thumbnailUrl":"https:\/\/regiaonews.net.br\/2022\/wp-content\/uploads\/2023\/09\/g_62_2_2_14092023084359.jpg","datePublished":"2023-09-14T20:17:11+00:00","description":"A Prefeitura Municipal de Colina comemorou os 201 anos de Independ\u00eancia do Brasil na \u00faltima quinta-feira, dia 7 de setembro, na Pra\u00e7a","breadcrumb":{"@id":"https:\/\/regiaonews.net.br\/2022\/2023\/09\/14\/colina-celebrou-os-201-anos-da-independencia-do-brasil-com-diversas-atividades\/#breadcrumb"},"inLanguage":"pt-BR","potentialAction":[{"@type":"ReadAction","target":["https:\/\/regiaonews.net.br\/2022\/2023\/09\/14\/colina-celebrou-os-201-anos-da-independencia-do-brasil-com-diversas-atividades\/"]}]},{"@type":"ImageObject","inLanguage":"pt-BR","@id":"https:\/\/regiaonews.net.br\/2022\/2023\/09\/14\/colina-celebrou-os-201-anos-da-independencia-do-brasil-com-diversas-atividades\/#primaryimage","url":"https:\/\/regiaonews.net.br\/2022\/wp-content\/uploads\/2023\/09\/g_62_2_2_14092023084359.jpg","contentUrl":"https:\/\/regiaonews.net.br\/2022\/wp-content\/uploads\/2023\/09\/g_62_2_2_14092023084359.jpg","width":1920,"height":1277},{"@type":"BreadcrumbList","@id":"https:\/\/regiaonews.net.br\/2022\/2023\/09\/14\/colina-celebrou-os-201-anos-da-independencia-do-brasil-com-diversas-atividades\/#breadcrumb","itemListElement":[{"@type":"ListItem","position":1,"name":"In\u00edcio","item":"https:\/\/regiaonews.net.br\/2022\/"},{"@type":"ListItem","position":2,"name":"Colina celebrou os 201 anos da Independ\u00eancia do Brasil com diversas atividades"}]},{"@type":"WebSite","@id":"https:\/\/regiaonews.net.br\/2022\/#website","url":"https:\/\/regiaonews.net.br\/2022\/","name":"Regi\u00e3o News","description":"Site de Not\u00edcias de Barretos e regi\u00e3o","publisher":{"@id":"https:\/\/regiaonews.net.br\/2022\/#organization"},"potentialAction":[{"@type":"SearchAction","target":{"@type":"EntryPoint","urlTemplate":"https:\/\/regiaonews.net.br\/2022\/?s={search_term_string}"},"query-input":{"@type":"PropertyValueSpecification","valueRequired":true,"valueName":"search_term_string"}}],"inLanguage":"pt-BR"},{"@type":"Organization","@id":"https:\/\/regiaonews.net.br\/2022\/#organization","name":"Regi\u00e3o News","url":"https:\/\/regiaonews.net.br\/2022\/","logo":{"@type":"ImageObject","inLanguage":"pt-BR","@id":"https:\/\/regiaonews.net.br\/2022\/#\/schema\/logo\/image\/","url":"https:\/\/regiaonews.net.br\/2022\/wp-content\/uploads\/2026\/03\/regiao-13-anos-scaled.jpg","contentUrl":"https:\/\/regiaonews.net.br\/2022\/wp-content\/uploads\/2026\/03\/regiao-13-anos-scaled.jpg","width":2560,"height":635,"caption":"Regi\u00e3o News"},"image":{"@id":"https:\/\/regiaonews.net.br\/2022\/#\/schema\/logo\/image\/"}},{"@type":"Person","@id":"https:\/\/regiaonews.net.br\/2022\/#\/schema\/person\/2d205a608a5aa97ac279d7a5e6d89ad8","name":"Roberto","image":{"@type":"ImageObject","inLanguage":"pt-BR","@id":"https:\/\/secure.gravatar.com\/avatar\/42749d8b712ff9d59ca93dc150494e5b55a44134482993f5baeb97e61b7ecc89?s=96&d=mm&r=g","url":"https:\/\/secure.gravatar.com\/avatar\/42749d8b712ff9d59ca93dc150494e5b55a44134482993f5baeb97e61b7ecc89?s=96&d=mm&r=g","contentUrl":"https:\/\/secure.gravatar.com\/avatar\/42749d8b712ff9d59ca93dc150494e5b55a44134482993f5baeb97e61b7ecc89?s=96&d=mm&r=g","caption":"Roberto"},"url":"https:\/\/regiaonews.net.br\/2022\/author\/roberto\/"}]}},"publishpress_future_action":{"enabled":false,"date":"2026-05-05 01:36:25","action":"change-status","newStatus":"draft","terms":[],"taxonomy":"category","extraData":[]},"publishpress_future_workflow_manual_trigger":{"enabledWorkflows":[]},"_links":{"self":[{"href":"https:\/\/regiaonews.net.br\/2022\/wp-json\/wp\/v2\/posts\/95069","targetHints":{"allow":["GET"]}}],"collection":[{"href":"https:\/\/regiaonews.net.br\/2022\/wp-json\/wp\/v2\/posts"}],"about":[{"href":"https:\/\/regiaonews.net.br\/2022\/wp-json\/wp\/v2\/types\/post"}],"author":[{"embeddable":true,"href":"https:\/\/regiaonews.net.br\/2022\/wp-json\/wp\/v2\/users\/2"}],"replies":[{"embeddable":true,"href":"https:\/\/regiaonews.net.br\/2022\/wp-json\/wp\/v2\/comments?post=95069"}],"version-history":[{"count":1,"href":"https:\/\/regiaonews.net.br\/2022\/wp-json\/wp\/v2\/posts\/95069\/revisions"}],"predecessor-version":[{"id":95073,"href":"https:\/\/regiaonews.net.br\/2022\/wp-json\/wp\/v2\/posts\/95069\/revisions\/95073"}],"wp:featuredmedia":[{"embeddable":true,"href":"https:\/\/regiaonews.net.br\/2022\/wp-json\/wp\/v2\/media\/95072"}],"wp:attachment":[{"href":"https:\/\/regiaonews.net.br\/2022\/wp-json\/wp\/v2\/media?parent=95069"}],"wp:term":[{"taxonomy":"category","embeddable":true,"href":"https:\/\/regiaonews.net.br\/2022\/wp-json\/wp\/v2\/categories?post=95069"},{"taxonomy":"post_tag","embeddable":true,"href":"https:\/\/regiaonews.net.br\/2022\/wp-json\/wp\/v2\/tags?post=95069"}],"curies":[{"name":"wp","href":"https:\/\/api.w.org\/{rel}","templated":true}]}}