{"id":95066,"date":"2023-09-14T17:11:04","date_gmt":"2023-09-14T20:11:04","guid":{"rendered":"https:\/\/regiaonews.net.br\/2022\/?p=95066"},"modified":"2023-09-14T17:11:04","modified_gmt":"2023-09-14T20:11:04","slug":"saude-de-colina-realiza-segunda-fase-da-campanha-de-busca-ativa-de-casos-de-tuberculose","status":"publish","type":"post","link":"https:\/\/regiaonews.net.br\/2022\/2023\/09\/14\/saude-de-colina-realiza-segunda-fase-da-campanha-de-busca-ativa-de-casos-de-tuberculose\/","title":{"rendered":"Sa\u00fade de Colina realiza segunda fase da campanha de  busca ativa de casos de Tuberculose"},"content":{"rendered":"<div class=\"post-content\">\n<article class=\"post-text\">Com o\u00a0 prop\u00f3sito de diagnosticar e prevenir a tuberculose, a Prefeitura Municipal de Colina, por meio da Secretaria Municipal de Sa\u00fade, comunica que estar\u00e1 realizando a \u201cCampanha de Intensifica\u00e7\u00e3o de Busca Ativa de Casos de Tuberculose \u2013 2\u00ba fase\u201d, no per\u00edodo de 15 a 29 de setembro, por interm\u00e9dio da Vigil\u00e2ncia Epidemiol\u00f3gica.<\/p>\n<p>A tuberculose \u00e9 uma doen\u00e7a infecciosa causada pela bact\u00e9ria conhecida como bacilo de Kock. A transmiss\u00e3o \u00e9 de forma a\u00e9rea, ou seja, \u00e9 transmitida pelo ar por uma pessoa que esteja com a doen\u00e7a em situa\u00e7\u00f5es comuns, como falar, espirrar e, principalmente, tossir.<\/p>\n<p>Os sintomas da tuberculose s\u00e3o: Tosse persistente, Febre vespertina, Sudorese noturna, Emagrecimento e Cansa\u00e7o\/fadiga.<\/p>\n<p>A tosse \u00e9 o principal sintoma da Tuberculose Pulmonar, portanto, pessoas que apresentarem tosse h\u00e1 mais de tr\u00eas semanas, devem procurar o mais r\u00e1pido poss\u00edvel uma Unidade de Sa\u00fade para realizar o exame de escarro; que \u00e9 um exame simples e o resultado sai em torno de 5 a 7dias.<\/p>\n<p>O objetivo da Campanha \u00e9 a identifica\u00e7\u00e3o e investiga\u00e7\u00e3o do sintom\u00e1tico respirat\u00f3rio, resultando num aumento de detec\u00e7\u00e3o de casos de tuberculose. Espera-se que o maior n\u00famero de pessoas doentes recebam o tratamento precocemente, contribuindo para a redu\u00e7\u00e3o do cont\u00e1gio e \u00edndices de mortalidade da doen\u00e7a.<\/p>\n<p>Embora seja mortal, a tuberculose tem cura. O tratamento est\u00e1 dispon\u00edvel para todos e deve ser seguido severamente at\u00e9 o final.<\/p>\n<\/article>\n<\/div>\n","protected":false},"excerpt":{"rendered":"<p>Com o\u00a0 prop\u00f3sito de diagnosticar e prevenir a tuberculose, a<\/p>\n","protected":false},"author":2,"featured_media":95067,"comment_status":"open","ping_status":"open","sticky":false,"template":"","format":"standard","meta":{"footnotes":""},"categories":[25,5],"tags":[],"class_list":["post-95066","post","type-post","status-publish","format-standard","has-post-thumbnail","hentry","category-cidades","category-colina"],"yoast_head":"<!-- This site is optimized with the Yoast SEO plugin v27.4 - https:\/\/yoast.com\/product\/yoast-seo-wordpress\/ -->\n<title>Sa\u00fade de Colina realiza segunda fase da campanha de busca<\/title>\n<meta name=\"description\" content=\"Com o\u00a0 prop\u00f3sito de diagnosticar e prevenir a tuberculose, a Prefeitura Municipal de Colina, por meio da Secretaria Municipal de Sa\u00fade,\" \/>\n<meta name=\"robots\" content=\"index, follow, max-snippet:-1, max-image-preview:large, max-video-preview:-1\" \/>\n<link rel=\"canonical\" href=\"https:\/\/regiaonews.net.br\/2022\/2023\/09\/14\/saude-de-colina-realiza-segunda-fase-da-campanha-de-busca-ativa-de-casos-de-tuberculose\/\" \/>\n<meta property=\"og:locale\" content=\"pt_BR\" \/>\n<meta property=\"og:type\" content=\"article\" \/>\n<meta property=\"og:title\" content=\"Sa\u00fade de Colina realiza segunda fase da campanha de busca\" \/>\n<meta property=\"og:description\" content=\"Com o\u00a0 prop\u00f3sito de diagnosticar e prevenir a tuberculose, a Prefeitura Municipal de Colina, por meio da Secretaria Municipal de Sa\u00fade,\" \/>\n<meta property=\"og:url\" content=\"https:\/\/regiaonews.net.br\/2022\/2023\/09\/14\/saude-de-colina-realiza-segunda-fase-da-campanha-de-busca-ativa-de-casos-de-tuberculose\/\" \/>\n<meta property=\"og:site_name\" content=\"Regi\u00e3o News\" \/>\n<meta property=\"article:published_time\" content=\"2023-09-14T20:11:04+00:00\" \/>\n<meta property=\"og:image\" content=\"https:\/\/regiaonews.net.br\/2022\/wp-content\/uploads\/2023\/09\/Tuberculose.jpeg\" \/>\n\t<meta property=\"og:image:width\" content=\"770\" \/>\n\t<meta property=\"og:image:height\" content=\"416\" \/>\n\t<meta property=\"og:image:type\" content=\"image\/jpeg\" \/>\n<meta name=\"author\" content=\"Roberto\" \/>\n<meta name=\"twitter:card\" content=\"summary_large_image\" \/>\n<meta name=\"twitter:label1\" content=\"Escrito por\" \/>\n\t<meta name=\"twitter:data1\" content=\"Roberto\" \/>\n\t<meta name=\"twitter:label2\" content=\"Est. tempo de leitura\" \/>\n\t<meta name=\"twitter:data2\" content=\"2 minutos\" \/>\n<script type=\"application\/ld+json\" class=\"yoast-schema-graph\">{\"@context\":\"https:\\\/\\\/schema.org\",\"@graph\":[{\"@type\":\"Article\",\"@id\":\"https:\\\/\\\/regiaonews.net.br\\\/2022\\\/2023\\\/09\\\/14\\\/saude-de-colina-realiza-segunda-fase-da-campanha-de-busca-ativa-de-casos-de-tuberculose\\\/#article\",\"isPartOf\":{\"@id\":\"https:\\\/\\\/regiaonews.net.br\\\/2022\\\/2023\\\/09\\\/14\\\/saude-de-colina-realiza-segunda-fase-da-campanha-de-busca-ativa-de-casos-de-tuberculose\\\/\"},\"author\":{\"name\":\"Roberto\",\"@id\":\"https:\\\/\\\/regiaonews.net.br\\\/2022\\\/#\\\/schema\\\/person\\\/2d205a608a5aa97ac279d7a5e6d89ad8\"},\"headline\":\"Sa\u00fade de Colina realiza segunda fase da campanha de busca ativa de casos de Tuberculose\",\"datePublished\":\"2023-09-14T20:11:04+00:00\",\"mainEntityOfPage\":{\"@id\":\"https:\\\/\\\/regiaonews.net.br\\\/2022\\\/2023\\\/09\\\/14\\\/saude-de-colina-realiza-segunda-fase-da-campanha-de-busca-ativa-de-casos-de-tuberculose\\\/\"},\"wordCount\":260,\"commentCount\":0,\"publisher\":{\"@id\":\"https:\\\/\\\/regiaonews.net.br\\\/2022\\\/#organization\"},\"image\":{\"@id\":\"https:\\\/\\\/regiaonews.net.br\\\/2022\\\/2023\\\/09\\\/14\\\/saude-de-colina-realiza-segunda-fase-da-campanha-de-busca-ativa-de-casos-de-tuberculose\\\/#primaryimage\"},\"thumbnailUrl\":\"https:\\\/\\\/regiaonews.net.br\\\/2022\\\/wp-content\\\/uploads\\\/2023\\\/09\\\/Tuberculose.jpeg\",\"articleSection\":[\"Cidades\",\"Colina\"],\"inLanguage\":\"pt-BR\",\"potentialAction\":[{\"@type\":\"CommentAction\",\"name\":\"Comment\",\"target\":[\"https:\\\/\\\/regiaonews.net.br\\\/2022\\\/2023\\\/09\\\/14\\\/saude-de-colina-realiza-segunda-fase-da-campanha-de-busca-ativa-de-casos-de-tuberculose\\\/#respond\"]}]},{\"@type\":\"WebPage\",\"@id\":\"https:\\\/\\\/regiaonews.net.br\\\/2022\\\/2023\\\/09\\\/14\\\/saude-de-colina-realiza-segunda-fase-da-campanha-de-busca-ativa-de-casos-de-tuberculose\\\/\",\"url\":\"https:\\\/\\\/regiaonews.net.br\\\/2022\\\/2023\\\/09\\\/14\\\/saude-de-colina-realiza-segunda-fase-da-campanha-de-busca-ativa-de-casos-de-tuberculose\\\/\",\"name\":\"Sa\u00fade de Colina realiza segunda fase da campanha de busca\",\"isPartOf\":{\"@id\":\"https:\\\/\\\/regiaonews.net.br\\\/2022\\\/#website\"},\"primaryImageOfPage\":{\"@id\":\"https:\\\/\\\/regiaonews.net.br\\\/2022\\\/2023\\\/09\\\/14\\\/saude-de-colina-realiza-segunda-fase-da-campanha-de-busca-ativa-de-casos-de-tuberculose\\\/#primaryimage\"},\"image\":{\"@id\":\"https:\\\/\\\/regiaonews.net.br\\\/2022\\\/2023\\\/09\\\/14\\\/saude-de-colina-realiza-segunda-fase-da-campanha-de-busca-ativa-de-casos-de-tuberculose\\\/#primaryimage\"},\"thumbnailUrl\":\"https:\\\/\\\/regiaonews.net.br\\\/2022\\\/wp-content\\\/uploads\\\/2023\\\/09\\\/Tuberculose.jpeg\",\"datePublished\":\"2023-09-14T20:11:04+00:00\",\"description\":\"Com o\u00a0 prop\u00f3sito de diagnosticar e prevenir a tuberculose, a Prefeitura Municipal de Colina, por meio da Secretaria Municipal de Sa\u00fade,\",\"breadcrumb\":{\"@id\":\"https:\\\/\\\/regiaonews.net.br\\\/2022\\\/2023\\\/09\\\/14\\\/saude-de-colina-realiza-segunda-fase-da-campanha-de-busca-ativa-de-casos-de-tuberculose\\\/#breadcrumb\"},\"inLanguage\":\"pt-BR\",\"potentialAction\":[{\"@type\":\"ReadAction\",\"target\":[\"https:\\\/\\\/regiaonews.net.br\\\/2022\\\/2023\\\/09\\\/14\\\/saude-de-colina-realiza-segunda-fase-da-campanha-de-busca-ativa-de-casos-de-tuberculose\\\/\"]}]},{\"@type\":\"ImageObject\",\"inLanguage\":\"pt-BR\",\"@id\":\"https:\\\/\\\/regiaonews.net.br\\\/2022\\\/2023\\\/09\\\/14\\\/saude-de-colina-realiza-segunda-fase-da-campanha-de-busca-ativa-de-casos-de-tuberculose\\\/#primaryimage\",\"url\":\"https:\\\/\\\/regiaonews.net.br\\\/2022\\\/wp-content\\\/uploads\\\/2023\\\/09\\\/Tuberculose.jpeg\",\"contentUrl\":\"https:\\\/\\\/regiaonews.net.br\\\/2022\\\/wp-content\\\/uploads\\\/2023\\\/09\\\/Tuberculose.jpeg\",\"width\":770,\"height\":416},{\"@type\":\"BreadcrumbList\",\"@id\":\"https:\\\/\\\/regiaonews.net.br\\\/2022\\\/2023\\\/09\\\/14\\\/saude-de-colina-realiza-segunda-fase-da-campanha-de-busca-ativa-de-casos-de-tuberculose\\\/#breadcrumb\",\"itemListElement\":[{\"@type\":\"ListItem\",\"position\":1,\"name\":\"In\u00edcio\",\"item\":\"https:\\\/\\\/regiaonews.net.br\\\/2022\\\/\"},{\"@type\":\"ListItem\",\"position\":2,\"name\":\"Sa\u00fade de Colina realiza segunda fase da campanha de busca ativa de casos de Tuberculose\"}]},{\"@type\":\"WebSite\",\"@id\":\"https:\\\/\\\/regiaonews.net.br\\\/2022\\\/#website\",\"url\":\"https:\\\/\\\/regiaonews.net.br\\\/2022\\\/\",\"name\":\"Regi\u00e3o News\",\"description\":\"Site de Not\u00edcias de Barretos e regi\u00e3o\",\"publisher\":{\"@id\":\"https:\\\/\\\/regiaonews.net.br\\\/2022\\\/#organization\"},\"potentialAction\":[{\"@type\":\"SearchAction\",\"target\":{\"@type\":\"EntryPoint\",\"urlTemplate\":\"https:\\\/\\\/regiaonews.net.br\\\/2022\\\/?s={search_term_string}\"},\"query-input\":{\"@type\":\"PropertyValueSpecification\",\"valueRequired\":true,\"valueName\":\"search_term_string\"}}],\"inLanguage\":\"pt-BR\"},{\"@type\":\"Organization\",\"@id\":\"https:\\\/\\\/regiaonews.net.br\\\/2022\\\/#organization\",\"name\":\"Regi\u00e3o News\",\"url\":\"https:\\\/\\\/regiaonews.net.br\\\/2022\\\/\",\"logo\":{\"@type\":\"ImageObject\",\"inLanguage\":\"pt-BR\",\"@id\":\"https:\\\/\\\/regiaonews.net.br\\\/2022\\\/#\\\/schema\\\/logo\\\/image\\\/\",\"url\":\"https:\\\/\\\/regiaonews.net.br\\\/2022\\\/wp-content\\\/uploads\\\/2026\\\/03\\\/regiao-13-anos-scaled.jpg\",\"contentUrl\":\"https:\\\/\\\/regiaonews.net.br\\\/2022\\\/wp-content\\\/uploads\\\/2026\\\/03\\\/regiao-13-anos-scaled.jpg\",\"width\":2560,\"height\":635,\"caption\":\"Regi\u00e3o News\"},\"image\":{\"@id\":\"https:\\\/\\\/regiaonews.net.br\\\/2022\\\/#\\\/schema\\\/logo\\\/image\\\/\"}},{\"@type\":\"Person\",\"@id\":\"https:\\\/\\\/regiaonews.net.br\\\/2022\\\/#\\\/schema\\\/person\\\/2d205a608a5aa97ac279d7a5e6d89ad8\",\"name\":\"Roberto\",\"image\":{\"@type\":\"ImageObject\",\"inLanguage\":\"pt-BR\",\"@id\":\"https:\\\/\\\/secure.gravatar.com\\\/avatar\\\/42749d8b712ff9d59ca93dc150494e5b55a44134482993f5baeb97e61b7ecc89?s=96&d=mm&r=g\",\"url\":\"https:\\\/\\\/secure.gravatar.com\\\/avatar\\\/42749d8b712ff9d59ca93dc150494e5b55a44134482993f5baeb97e61b7ecc89?s=96&d=mm&r=g\",\"contentUrl\":\"https:\\\/\\\/secure.gravatar.com\\\/avatar\\\/42749d8b712ff9d59ca93dc150494e5b55a44134482993f5baeb97e61b7ecc89?s=96&d=mm&r=g\",\"caption\":\"Roberto\"},\"url\":\"https:\\\/\\\/regiaonews.net.br\\\/2022\\\/author\\\/roberto\\\/\"}]}<\/script>\n<!-- \/ Yoast SEO plugin. -->","yoast_head_json":{"title":"Sa\u00fade de Colina realiza segunda fase da campanha de busca","description":"Com o\u00a0 prop\u00f3sito de diagnosticar e prevenir a tuberculose, a Prefeitura Municipal de Colina, por meio da Secretaria Municipal de Sa\u00fade,","robots":{"index":"index","follow":"follow","max-snippet":"max-snippet:-1","max-image-preview":"max-image-preview:large","max-video-preview":"max-video-preview:-1"},"canonical":"https:\/\/regiaonews.net.br\/2022\/2023\/09\/14\/saude-de-colina-realiza-segunda-fase-da-campanha-de-busca-ativa-de-casos-de-tuberculose\/","og_locale":"pt_BR","og_type":"article","og_title":"Sa\u00fade de Colina realiza segunda fase da campanha de busca","og_description":"Com o\u00a0 prop\u00f3sito de diagnosticar e prevenir a tuberculose, a Prefeitura Municipal de Colina, por meio da Secretaria Municipal de Sa\u00fade,","og_url":"https:\/\/regiaonews.net.br\/2022\/2023\/09\/14\/saude-de-colina-realiza-segunda-fase-da-campanha-de-busca-ativa-de-casos-de-tuberculose\/","og_site_name":"Regi\u00e3o News","article_published_time":"2023-09-14T20:11:04+00:00","og_image":[{"width":770,"height":416,"url":"https:\/\/regiaonews.net.br\/2022\/wp-content\/uploads\/2023\/09\/Tuberculose.jpeg","type":"image\/jpeg"}],"author":"Roberto","twitter_card":"summary_large_image","twitter_misc":{"Escrito por":"Roberto","Est. tempo de leitura":"2 minutos"},"schema":{"@context":"https:\/\/schema.org","@graph":[{"@type":"Article","@id":"https:\/\/regiaonews.net.br\/2022\/2023\/09\/14\/saude-de-colina-realiza-segunda-fase-da-campanha-de-busca-ativa-de-casos-de-tuberculose\/#article","isPartOf":{"@id":"https:\/\/regiaonews.net.br\/2022\/2023\/09\/14\/saude-de-colina-realiza-segunda-fase-da-campanha-de-busca-ativa-de-casos-de-tuberculose\/"},"author":{"name":"Roberto","@id":"https:\/\/regiaonews.net.br\/2022\/#\/schema\/person\/2d205a608a5aa97ac279d7a5e6d89ad8"},"headline":"Sa\u00fade de Colina realiza segunda fase da campanha de busca ativa de casos de Tuberculose","datePublished":"2023-09-14T20:11:04+00:00","mainEntityOfPage":{"@id":"https:\/\/regiaonews.net.br\/2022\/2023\/09\/14\/saude-de-colina-realiza-segunda-fase-da-campanha-de-busca-ativa-de-casos-de-tuberculose\/"},"wordCount":260,"commentCount":0,"publisher":{"@id":"https:\/\/regiaonews.net.br\/2022\/#organization"},"image":{"@id":"https:\/\/regiaonews.net.br\/2022\/2023\/09\/14\/saude-de-colina-realiza-segunda-fase-da-campanha-de-busca-ativa-de-casos-de-tuberculose\/#primaryimage"},"thumbnailUrl":"https:\/\/regiaonews.net.br\/2022\/wp-content\/uploads\/2023\/09\/Tuberculose.jpeg","articleSection":["Cidades","Colina"],"inLanguage":"pt-BR","potentialAction":[{"@type":"CommentAction","name":"Comment","target":["https:\/\/regiaonews.net.br\/2022\/2023\/09\/14\/saude-de-colina-realiza-segunda-fase-da-campanha-de-busca-ativa-de-casos-de-tuberculose\/#respond"]}]},{"@type":"WebPage","@id":"https:\/\/regiaonews.net.br\/2022\/2023\/09\/14\/saude-de-colina-realiza-segunda-fase-da-campanha-de-busca-ativa-de-casos-de-tuberculose\/","url":"https:\/\/regiaonews.net.br\/2022\/2023\/09\/14\/saude-de-colina-realiza-segunda-fase-da-campanha-de-busca-ativa-de-casos-de-tuberculose\/","name":"Sa\u00fade de Colina realiza segunda fase da campanha de busca","isPartOf":{"@id":"https:\/\/regiaonews.net.br\/2022\/#website"},"primaryImageOfPage":{"@id":"https:\/\/regiaonews.net.br\/2022\/2023\/09\/14\/saude-de-colina-realiza-segunda-fase-da-campanha-de-busca-ativa-de-casos-de-tuberculose\/#primaryimage"},"image":{"@id":"https:\/\/regiaonews.net.br\/2022\/2023\/09\/14\/saude-de-colina-realiza-segunda-fase-da-campanha-de-busca-ativa-de-casos-de-tuberculose\/#primaryimage"},"thumbnailUrl":"https:\/\/regiaonews.net.br\/2022\/wp-content\/uploads\/2023\/09\/Tuberculose.jpeg","datePublished":"2023-09-14T20:11:04+00:00","description":"Com o\u00a0 prop\u00f3sito de diagnosticar e prevenir a tuberculose, a Prefeitura Municipal de Colina, por meio da Secretaria Municipal de Sa\u00fade,","breadcrumb":{"@id":"https:\/\/regiaonews.net.br\/2022\/2023\/09\/14\/saude-de-colina-realiza-segunda-fase-da-campanha-de-busca-ativa-de-casos-de-tuberculose\/#breadcrumb"},"inLanguage":"pt-BR","potentialAction":[{"@type":"ReadAction","target":["https:\/\/regiaonews.net.br\/2022\/2023\/09\/14\/saude-de-colina-realiza-segunda-fase-da-campanha-de-busca-ativa-de-casos-de-tuberculose\/"]}]},{"@type":"ImageObject","inLanguage":"pt-BR","@id":"https:\/\/regiaonews.net.br\/2022\/2023\/09\/14\/saude-de-colina-realiza-segunda-fase-da-campanha-de-busca-ativa-de-casos-de-tuberculose\/#primaryimage","url":"https:\/\/regiaonews.net.br\/2022\/wp-content\/uploads\/2023\/09\/Tuberculose.jpeg","contentUrl":"https:\/\/regiaonews.net.br\/2022\/wp-content\/uploads\/2023\/09\/Tuberculose.jpeg","width":770,"height":416},{"@type":"BreadcrumbList","@id":"https:\/\/regiaonews.net.br\/2022\/2023\/09\/14\/saude-de-colina-realiza-segunda-fase-da-campanha-de-busca-ativa-de-casos-de-tuberculose\/#breadcrumb","itemListElement":[{"@type":"ListItem","position":1,"name":"In\u00edcio","item":"https:\/\/regiaonews.net.br\/2022\/"},{"@type":"ListItem","position":2,"name":"Sa\u00fade de Colina realiza segunda fase da campanha de busca ativa de casos de Tuberculose"}]},{"@type":"WebSite","@id":"https:\/\/regiaonews.net.br\/2022\/#website","url":"https:\/\/regiaonews.net.br\/2022\/","name":"Regi\u00e3o News","description":"Site de Not\u00edcias de Barretos e regi\u00e3o","publisher":{"@id":"https:\/\/regiaonews.net.br\/2022\/#organization"},"potentialAction":[{"@type":"SearchAction","target":{"@type":"EntryPoint","urlTemplate":"https:\/\/regiaonews.net.br\/2022\/?s={search_term_string}"},"query-input":{"@type":"PropertyValueSpecification","valueRequired":true,"valueName":"search_term_string"}}],"inLanguage":"pt-BR"},{"@type":"Organization","@id":"https:\/\/regiaonews.net.br\/2022\/#organization","name":"Regi\u00e3o News","url":"https:\/\/regiaonews.net.br\/2022\/","logo":{"@type":"ImageObject","inLanguage":"pt-BR","@id":"https:\/\/regiaonews.net.br\/2022\/#\/schema\/logo\/image\/","url":"https:\/\/regiaonews.net.br\/2022\/wp-content\/uploads\/2026\/03\/regiao-13-anos-scaled.jpg","contentUrl":"https:\/\/regiaonews.net.br\/2022\/wp-content\/uploads\/2026\/03\/regiao-13-anos-scaled.jpg","width":2560,"height":635,"caption":"Regi\u00e3o News"},"image":{"@id":"https:\/\/regiaonews.net.br\/2022\/#\/schema\/logo\/image\/"}},{"@type":"Person","@id":"https:\/\/regiaonews.net.br\/2022\/#\/schema\/person\/2d205a608a5aa97ac279d7a5e6d89ad8","name":"Roberto","image":{"@type":"ImageObject","inLanguage":"pt-BR","@id":"https:\/\/secure.gravatar.com\/avatar\/42749d8b712ff9d59ca93dc150494e5b55a44134482993f5baeb97e61b7ecc89?s=96&d=mm&r=g","url":"https:\/\/secure.gravatar.com\/avatar\/42749d8b712ff9d59ca93dc150494e5b55a44134482993f5baeb97e61b7ecc89?s=96&d=mm&r=g","contentUrl":"https:\/\/secure.gravatar.com\/avatar\/42749d8b712ff9d59ca93dc150494e5b55a44134482993f5baeb97e61b7ecc89?s=96&d=mm&r=g","caption":"Roberto"},"url":"https:\/\/regiaonews.net.br\/2022\/author\/roberto\/"}]}},"publishpress_future_action":{"enabled":false,"date":"2026-05-05 00:11:28","action":"change-status","newStatus":"draft","terms":[],"taxonomy":"category","extraData":[]},"publishpress_future_workflow_manual_trigger":{"enabledWorkflows":[]},"_links":{"self":[{"href":"https:\/\/regiaonews.net.br\/2022\/wp-json\/wp\/v2\/posts\/95066","targetHints":{"allow":["GET"]}}],"collection":[{"href":"https:\/\/regiaonews.net.br\/2022\/wp-json\/wp\/v2\/posts"}],"about":[{"href":"https:\/\/regiaonews.net.br\/2022\/wp-json\/wp\/v2\/types\/post"}],"author":[{"embeddable":true,"href":"https:\/\/regiaonews.net.br\/2022\/wp-json\/wp\/v2\/users\/2"}],"replies":[{"embeddable":true,"href":"https:\/\/regiaonews.net.br\/2022\/wp-json\/wp\/v2\/comments?post=95066"}],"version-history":[{"count":1,"href":"https:\/\/regiaonews.net.br\/2022\/wp-json\/wp\/v2\/posts\/95066\/revisions"}],"predecessor-version":[{"id":95068,"href":"https:\/\/regiaonews.net.br\/2022\/wp-json\/wp\/v2\/posts\/95066\/revisions\/95068"}],"wp:featuredmedia":[{"embeddable":true,"href":"https:\/\/regiaonews.net.br\/2022\/wp-json\/wp\/v2\/media\/95067"}],"wp:attachment":[{"href":"https:\/\/regiaonews.net.br\/2022\/wp-json\/wp\/v2\/media?parent=95066"}],"wp:term":[{"taxonomy":"category","embeddable":true,"href":"https:\/\/regiaonews.net.br\/2022\/wp-json\/wp\/v2\/categories?post=95066"},{"taxonomy":"post_tag","embeddable":true,"href":"https:\/\/regiaonews.net.br\/2022\/wp-json\/wp\/v2\/tags?post=95066"}],"curies":[{"name":"wp","href":"https:\/\/api.w.org\/{rel}","templated":true}]}}