{"id":95047,"date":"2023-09-14T12:42:33","date_gmt":"2023-09-14T15:42:33","guid":{"rendered":"https:\/\/regiaonews.net.br\/2022\/?p=95047"},"modified":"2023-09-14T12:42:33","modified_gmt":"2023-09-14T15:42:33","slug":"comite-do-baixo-pardo-grande-delibera-medidas-estrategicas-para-a-gestao-sustentavel-da-bacia-hidrografica-em-reuniao-extraordinaria","status":"publish","type":"post","link":"https:\/\/regiaonews.net.br\/2022\/2023\/09\/14\/comite-do-baixo-pardo-grande-delibera-medidas-estrategicas-para-a-gestao-sustentavel-da-bacia-hidrografica-em-reuniao-extraordinaria\/","title":{"rendered":"Comit\u00ea do Baixo Pardo\/Grande delibera medidas estrat\u00e9gicas para a gest\u00e3o sustent\u00e1vel da Bacia Hidrogr\u00e1fica em Reuni\u00e3o Extraordin\u00e1ria"},"content":{"rendered":"<p>O Comit\u00ea de Bacia Hidrogr\u00e1fica do Baixo Pardo\/Grande (CBH-BPG) realizou a 42\u00aa Reuni\u00e3o Extraordin\u00e1ria nesta ter\u00e7a-feira, dia 12 de setembro, nas depend\u00eancias do UNIFEB para discutir pautas importantes.<\/p>\n<p>O primeiro ponto da pauta a ser discutida foi a leitura e aprova\u00e7\u00e3o da Ata da 51\u00aa Reuni\u00e3o Ordin\u00e1ria do CBH-BPG, sendo a mesma encaminhada anteriormente, demonstrando o compromisso do comit\u00ea com a transpar\u00eancia e o registro de suas atividades.<\/p>\n<p>Durante a reuni\u00e3o foi discutida e aprovada a Minuta de Delibera\u00e7\u00e3o CBH-BPG n.\u00ba 292\/2023, que prev\u00ea a atualiza\u00e7\u00e3o do Plano de A\u00e7\u00e3o e Programa de Investimento para o ano de 2023 da Bacia Hidrogr\u00e1fica do Baixo Pardo\/Grande (UGRHI 12). Essa atualiza\u00e7\u00e3o \u00e9 fundamental para garantir a gest\u00e3o sustent\u00e1vel dos recursos h\u00eddricos na regi\u00e3o, planejando as metas, a\u00e7\u00f5es e distribui\u00e7\u00e3o dos recursos do FEHIDRO para o ano de 2023, de acordo com as necessidades dos munic\u00edpios e principalmente da bacia.<\/p>\n<p>A reuni\u00e3o tamb\u00e9m deliberou sobre a Minuta de Delibera\u00e7\u00e3o CBH-BPG n.\u00ba 293\/2023, que indica as prioridades de investimento do Fundo Estadual de Recursos H\u00eddricos (FEHIDRO) para o ano de 2023. Essas prioridades visam aprimorar a infraestrutura h\u00eddrica e promover a conserva\u00e7\u00e3o dos recursos h\u00eddricos na bacia, distribuindo os recursos de investimento do FEHIDRO para os tomadores que deram entrada no processo em busca deste recurso para atender as necessidades de seu munic\u00edpio\/entidade.<\/p>\n<p>Foram abordados assuntos diversos de interesse para a comunidade e os membros do comit\u00ea, demonstrando a abertura para debater temas relevantes relacionados \u00e0 gest\u00e3o dos recursos h\u00eddricos da bacia, dentre elas a representatividade do CBH-BPG no 25\u00ba Encontro Nacional de Comit\u00eas de Bacia Hidrogr\u00e1fica que aconteceu de 20 a 25 de agosto em Natal (RN). Falou-se ainda sobre a premia\u00e7\u00e3o dos vencedores do Concurso Cultural de Desenhos que ser\u00e1 realizada no dia 21 de setembro com a apresenta\u00e7\u00e3o oficial dos mascotes de cada um dos 13 munic\u00edpios que comp\u00f5em o CBH-BPG.<\/p>\n<p>\u201cEsta reuni\u00e3o extraordin\u00e1ria demonstra o comprometimento de todos os envolvidos com a preserva\u00e7\u00e3o e o uso respons\u00e1vel dos recursos h\u00eddricos em nossa bacia. As delibera\u00e7\u00f5es desta reuni\u00e3o refor\u00e7am nosso compromisso com o futuro da regi\u00e3o em termos de recursos h\u00eddricos e meio ambiente&#8221;, expressou o presidente do CBH-BPG, Cal Ribeiro \u2013 prefeito de Viradouro.<\/p>\n<p>O CBH-BPG \u00e9 formado pelos munic\u00edpios de Altair, Barretos, Bebedouro, Colina, Col\u00f4mbia, Gua\u00edra, Guaraci, Ic\u00e9m, Jaborandi, Morro Agudo, Orl\u00e2ndia, Terra Roxa e Viradouro.<\/p>\n<p>www.sigrh.sp.gov.br\/cbhbpg\/apresentacao<\/p>\n","protected":false},"excerpt":{"rendered":"<p>O Comit\u00ea de Bacia Hidrogr\u00e1fica do Baixo Pardo\/Grande (CBH-BPG) realizou<\/p>\n","protected":false},"author":2,"featured_media":95048,"comment_status":"open","ping_status":"open","sticky":false,"template":"","format":"standard","meta":{"footnotes":""},"categories":[14,3],"tags":[],"class_list":["post-95047","post","type-post","status-publish","format-standard","has-post-thumbnail","hentry","category-barretos","category-geral"],"yoast_head":"<!-- This site is optimized with the Yoast SEO plugin v27.4 - https:\/\/yoast.com\/product\/yoast-seo-wordpress\/ -->\n<title>Comit\u00ea do Baixo Pardo\/Grande delibera medidas estrat\u00e9gicas para a gest\u00e3o sustent\u00e1vel da Bacia Hidrogr\u00e1fica em Reuni\u00e3o Extraordin\u00e1ria - Regi\u00e3o News<\/title>\n<meta name=\"robots\" content=\"index, follow, max-snippet:-1, max-image-preview:large, max-video-preview:-1\" \/>\n<link rel=\"canonical\" href=\"https:\/\/regiaonews.net.br\/2022\/2023\/09\/14\/comite-do-baixo-pardo-grande-delibera-medidas-estrategicas-para-a-gestao-sustentavel-da-bacia-hidrografica-em-reuniao-extraordinaria\/\" \/>\n<meta property=\"og:locale\" content=\"pt_BR\" \/>\n<meta property=\"og:type\" content=\"article\" \/>\n<meta property=\"og:title\" content=\"Comit\u00ea do Baixo Pardo\/Grande delibera medidas estrat\u00e9gicas para a gest\u00e3o sustent\u00e1vel da Bacia Hidrogr\u00e1fica em Reuni\u00e3o Extraordin\u00e1ria - Regi\u00e3o News\" \/>\n<meta property=\"og:description\" content=\"O Comit\u00ea de Bacia Hidrogr\u00e1fica do Baixo Pardo\/Grande (CBH-BPG) realizou\" \/>\n<meta property=\"og:url\" content=\"https:\/\/regiaonews.net.br\/2022\/2023\/09\/14\/comite-do-baixo-pardo-grande-delibera-medidas-estrategicas-para-a-gestao-sustentavel-da-bacia-hidrografica-em-reuniao-extraordinaria\/\" \/>\n<meta property=\"og:site_name\" content=\"Regi\u00e3o News\" \/>\n<meta property=\"article:published_time\" content=\"2023-09-14T15:42:33+00:00\" \/>\n<meta property=\"og:image\" content=\"https:\/\/regiaonews.net.br\/2022\/wp-content\/uploads\/2023\/09\/Imagem-do-WhatsApp-de-2023-09-14-as-11.36.24-1.jpg\" \/>\n\t<meta property=\"og:image:width\" content=\"1600\" \/>\n\t<meta property=\"og:image:height\" content=\"1066\" \/>\n\t<meta property=\"og:image:type\" content=\"image\/jpeg\" \/>\n<meta name=\"author\" content=\"Roberto\" \/>\n<meta name=\"twitter:card\" content=\"summary_large_image\" \/>\n<meta name=\"twitter:label1\" content=\"Escrito por\" \/>\n\t<meta name=\"twitter:data1\" content=\"Roberto\" \/>\n\t<meta name=\"twitter:label2\" content=\"Est. tempo de leitura\" \/>\n\t<meta name=\"twitter:data2\" content=\"3 minutos\" \/>\n<script type=\"application\/ld+json\" class=\"yoast-schema-graph\">{\"@context\":\"https:\\\/\\\/schema.org\",\"@graph\":[{\"@type\":\"Article\",\"@id\":\"https:\\\/\\\/regiaonews.net.br\\\/2022\\\/2023\\\/09\\\/14\\\/comite-do-baixo-pardo-grande-delibera-medidas-estrategicas-para-a-gestao-sustentavel-da-bacia-hidrografica-em-reuniao-extraordinaria\\\/#article\",\"isPartOf\":{\"@id\":\"https:\\\/\\\/regiaonews.net.br\\\/2022\\\/2023\\\/09\\\/14\\\/comite-do-baixo-pardo-grande-delibera-medidas-estrategicas-para-a-gestao-sustentavel-da-bacia-hidrografica-em-reuniao-extraordinaria\\\/\"},\"author\":{\"name\":\"Roberto\",\"@id\":\"https:\\\/\\\/regiaonews.net.br\\\/2022\\\/#\\\/schema\\\/person\\\/2d205a608a5aa97ac279d7a5e6d89ad8\"},\"headline\":\"Comit\u00ea do Baixo Pardo\\\/Grande delibera medidas estrat\u00e9gicas para a gest\u00e3o sustent\u00e1vel da Bacia Hidrogr\u00e1fica em Reuni\u00e3o Extraordin\u00e1ria\",\"datePublished\":\"2023-09-14T15:42:33+00:00\",\"mainEntityOfPage\":{\"@id\":\"https:\\\/\\\/regiaonews.net.br\\\/2022\\\/2023\\\/09\\\/14\\\/comite-do-baixo-pardo-grande-delibera-medidas-estrategicas-para-a-gestao-sustentavel-da-bacia-hidrografica-em-reuniao-extraordinaria\\\/\"},\"wordCount\":456,\"commentCount\":0,\"publisher\":{\"@id\":\"https:\\\/\\\/regiaonews.net.br\\\/2022\\\/#organization\"},\"image\":{\"@id\":\"https:\\\/\\\/regiaonews.net.br\\\/2022\\\/2023\\\/09\\\/14\\\/comite-do-baixo-pardo-grande-delibera-medidas-estrategicas-para-a-gestao-sustentavel-da-bacia-hidrografica-em-reuniao-extraordinaria\\\/#primaryimage\"},\"thumbnailUrl\":\"https:\\\/\\\/regiaonews.net.br\\\/2022\\\/wp-content\\\/uploads\\\/2023\\\/09\\\/Imagem-do-WhatsApp-de-2023-09-14-as-11.36.24-1.jpg\",\"articleSection\":[\"Barretos\",\"Geral\"],\"inLanguage\":\"pt-BR\",\"potentialAction\":[{\"@type\":\"CommentAction\",\"name\":\"Comment\",\"target\":[\"https:\\\/\\\/regiaonews.net.br\\\/2022\\\/2023\\\/09\\\/14\\\/comite-do-baixo-pardo-grande-delibera-medidas-estrategicas-para-a-gestao-sustentavel-da-bacia-hidrografica-em-reuniao-extraordinaria\\\/#respond\"]}]},{\"@type\":\"WebPage\",\"@id\":\"https:\\\/\\\/regiaonews.net.br\\\/2022\\\/2023\\\/09\\\/14\\\/comite-do-baixo-pardo-grande-delibera-medidas-estrategicas-para-a-gestao-sustentavel-da-bacia-hidrografica-em-reuniao-extraordinaria\\\/\",\"url\":\"https:\\\/\\\/regiaonews.net.br\\\/2022\\\/2023\\\/09\\\/14\\\/comite-do-baixo-pardo-grande-delibera-medidas-estrategicas-para-a-gestao-sustentavel-da-bacia-hidrografica-em-reuniao-extraordinaria\\\/\",\"name\":\"Comit\u00ea do Baixo Pardo\\\/Grande delibera medidas estrat\u00e9gicas para a gest\u00e3o sustent\u00e1vel da Bacia Hidrogr\u00e1fica em Reuni\u00e3o Extraordin\u00e1ria - Regi\u00e3o News\",\"isPartOf\":{\"@id\":\"https:\\\/\\\/regiaonews.net.br\\\/2022\\\/#website\"},\"primaryImageOfPage\":{\"@id\":\"https:\\\/\\\/regiaonews.net.br\\\/2022\\\/2023\\\/09\\\/14\\\/comite-do-baixo-pardo-grande-delibera-medidas-estrategicas-para-a-gestao-sustentavel-da-bacia-hidrografica-em-reuniao-extraordinaria\\\/#primaryimage\"},\"image\":{\"@id\":\"https:\\\/\\\/regiaonews.net.br\\\/2022\\\/2023\\\/09\\\/14\\\/comite-do-baixo-pardo-grande-delibera-medidas-estrategicas-para-a-gestao-sustentavel-da-bacia-hidrografica-em-reuniao-extraordinaria\\\/#primaryimage\"},\"thumbnailUrl\":\"https:\\\/\\\/regiaonews.net.br\\\/2022\\\/wp-content\\\/uploads\\\/2023\\\/09\\\/Imagem-do-WhatsApp-de-2023-09-14-as-11.36.24-1.jpg\",\"datePublished\":\"2023-09-14T15:42:33+00:00\",\"breadcrumb\":{\"@id\":\"https:\\\/\\\/regiaonews.net.br\\\/2022\\\/2023\\\/09\\\/14\\\/comite-do-baixo-pardo-grande-delibera-medidas-estrategicas-para-a-gestao-sustentavel-da-bacia-hidrografica-em-reuniao-extraordinaria\\\/#breadcrumb\"},\"inLanguage\":\"pt-BR\",\"potentialAction\":[{\"@type\":\"ReadAction\",\"target\":[\"https:\\\/\\\/regiaonews.net.br\\\/2022\\\/2023\\\/09\\\/14\\\/comite-do-baixo-pardo-grande-delibera-medidas-estrategicas-para-a-gestao-sustentavel-da-bacia-hidrografica-em-reuniao-extraordinaria\\\/\"]}]},{\"@type\":\"ImageObject\",\"inLanguage\":\"pt-BR\",\"@id\":\"https:\\\/\\\/regiaonews.net.br\\\/2022\\\/2023\\\/09\\\/14\\\/comite-do-baixo-pardo-grande-delibera-medidas-estrategicas-para-a-gestao-sustentavel-da-bacia-hidrografica-em-reuniao-extraordinaria\\\/#primaryimage\",\"url\":\"https:\\\/\\\/regiaonews.net.br\\\/2022\\\/wp-content\\\/uploads\\\/2023\\\/09\\\/Imagem-do-WhatsApp-de-2023-09-14-as-11.36.24-1.jpg\",\"contentUrl\":\"https:\\\/\\\/regiaonews.net.br\\\/2022\\\/wp-content\\\/uploads\\\/2023\\\/09\\\/Imagem-do-WhatsApp-de-2023-09-14-as-11.36.24-1.jpg\",\"width\":1600,\"height\":1066},{\"@type\":\"BreadcrumbList\",\"@id\":\"https:\\\/\\\/regiaonews.net.br\\\/2022\\\/2023\\\/09\\\/14\\\/comite-do-baixo-pardo-grande-delibera-medidas-estrategicas-para-a-gestao-sustentavel-da-bacia-hidrografica-em-reuniao-extraordinaria\\\/#breadcrumb\",\"itemListElement\":[{\"@type\":\"ListItem\",\"position\":1,\"name\":\"In\u00edcio\",\"item\":\"https:\\\/\\\/regiaonews.net.br\\\/2022\\\/\"},{\"@type\":\"ListItem\",\"position\":2,\"name\":\"Comit\u00ea do Baixo Pardo\\\/Grande delibera medidas estrat\u00e9gicas para a gest\u00e3o sustent\u00e1vel da Bacia Hidrogr\u00e1fica em Reuni\u00e3o Extraordin\u00e1ria\"}]},{\"@type\":\"WebSite\",\"@id\":\"https:\\\/\\\/regiaonews.net.br\\\/2022\\\/#website\",\"url\":\"https:\\\/\\\/regiaonews.net.br\\\/2022\\\/\",\"name\":\"Regi\u00e3o News\",\"description\":\"Site de Not\u00edcias de Barretos e regi\u00e3o\",\"publisher\":{\"@id\":\"https:\\\/\\\/regiaonews.net.br\\\/2022\\\/#organization\"},\"potentialAction\":[{\"@type\":\"SearchAction\",\"target\":{\"@type\":\"EntryPoint\",\"urlTemplate\":\"https:\\\/\\\/regiaonews.net.br\\\/2022\\\/?s={search_term_string}\"},\"query-input\":{\"@type\":\"PropertyValueSpecification\",\"valueRequired\":true,\"valueName\":\"search_term_string\"}}],\"inLanguage\":\"pt-BR\"},{\"@type\":\"Organization\",\"@id\":\"https:\\\/\\\/regiaonews.net.br\\\/2022\\\/#organization\",\"name\":\"Regi\u00e3o News\",\"url\":\"https:\\\/\\\/regiaonews.net.br\\\/2022\\\/\",\"logo\":{\"@type\":\"ImageObject\",\"inLanguage\":\"pt-BR\",\"@id\":\"https:\\\/\\\/regiaonews.net.br\\\/2022\\\/#\\\/schema\\\/logo\\\/image\\\/\",\"url\":\"https:\\\/\\\/regiaonews.net.br\\\/2022\\\/wp-content\\\/uploads\\\/2026\\\/03\\\/regiao-13-anos-scaled.jpg\",\"contentUrl\":\"https:\\\/\\\/regiaonews.net.br\\\/2022\\\/wp-content\\\/uploads\\\/2026\\\/03\\\/regiao-13-anos-scaled.jpg\",\"width\":2560,\"height\":635,\"caption\":\"Regi\u00e3o News\"},\"image\":{\"@id\":\"https:\\\/\\\/regiaonews.net.br\\\/2022\\\/#\\\/schema\\\/logo\\\/image\\\/\"}},{\"@type\":\"Person\",\"@id\":\"https:\\\/\\\/regiaonews.net.br\\\/2022\\\/#\\\/schema\\\/person\\\/2d205a608a5aa97ac279d7a5e6d89ad8\",\"name\":\"Roberto\",\"image\":{\"@type\":\"ImageObject\",\"inLanguage\":\"pt-BR\",\"@id\":\"https:\\\/\\\/secure.gravatar.com\\\/avatar\\\/42749d8b712ff9d59ca93dc150494e5b55a44134482993f5baeb97e61b7ecc89?s=96&d=mm&r=g\",\"url\":\"https:\\\/\\\/secure.gravatar.com\\\/avatar\\\/42749d8b712ff9d59ca93dc150494e5b55a44134482993f5baeb97e61b7ecc89?s=96&d=mm&r=g\",\"contentUrl\":\"https:\\\/\\\/secure.gravatar.com\\\/avatar\\\/42749d8b712ff9d59ca93dc150494e5b55a44134482993f5baeb97e61b7ecc89?s=96&d=mm&r=g\",\"caption\":\"Roberto\"},\"url\":\"https:\\\/\\\/regiaonews.net.br\\\/2022\\\/author\\\/roberto\\\/\"}]}<\/script>\n<!-- \/ Yoast SEO plugin. -->","yoast_head_json":{"title":"Comit\u00ea do Baixo Pardo\/Grande delibera medidas estrat\u00e9gicas para a gest\u00e3o sustent\u00e1vel da Bacia Hidrogr\u00e1fica em Reuni\u00e3o Extraordin\u00e1ria - Regi\u00e3o News","robots":{"index":"index","follow":"follow","max-snippet":"max-snippet:-1","max-image-preview":"max-image-preview:large","max-video-preview":"max-video-preview:-1"},"canonical":"https:\/\/regiaonews.net.br\/2022\/2023\/09\/14\/comite-do-baixo-pardo-grande-delibera-medidas-estrategicas-para-a-gestao-sustentavel-da-bacia-hidrografica-em-reuniao-extraordinaria\/","og_locale":"pt_BR","og_type":"article","og_title":"Comit\u00ea do Baixo Pardo\/Grande delibera medidas estrat\u00e9gicas para a gest\u00e3o sustent\u00e1vel da Bacia Hidrogr\u00e1fica em Reuni\u00e3o Extraordin\u00e1ria - Regi\u00e3o News","og_description":"O Comit\u00ea de Bacia Hidrogr\u00e1fica do Baixo Pardo\/Grande (CBH-BPG) realizou","og_url":"https:\/\/regiaonews.net.br\/2022\/2023\/09\/14\/comite-do-baixo-pardo-grande-delibera-medidas-estrategicas-para-a-gestao-sustentavel-da-bacia-hidrografica-em-reuniao-extraordinaria\/","og_site_name":"Regi\u00e3o News","article_published_time":"2023-09-14T15:42:33+00:00","og_image":[{"width":1600,"height":1066,"url":"https:\/\/regiaonews.net.br\/2022\/wp-content\/uploads\/2023\/09\/Imagem-do-WhatsApp-de-2023-09-14-as-11.36.24-1.jpg","type":"image\/jpeg"}],"author":"Roberto","twitter_card":"summary_large_image","twitter_misc":{"Escrito por":"Roberto","Est. tempo de leitura":"3 minutos"},"schema":{"@context":"https:\/\/schema.org","@graph":[{"@type":"Article","@id":"https:\/\/regiaonews.net.br\/2022\/2023\/09\/14\/comite-do-baixo-pardo-grande-delibera-medidas-estrategicas-para-a-gestao-sustentavel-da-bacia-hidrografica-em-reuniao-extraordinaria\/#article","isPartOf":{"@id":"https:\/\/regiaonews.net.br\/2022\/2023\/09\/14\/comite-do-baixo-pardo-grande-delibera-medidas-estrategicas-para-a-gestao-sustentavel-da-bacia-hidrografica-em-reuniao-extraordinaria\/"},"author":{"name":"Roberto","@id":"https:\/\/regiaonews.net.br\/2022\/#\/schema\/person\/2d205a608a5aa97ac279d7a5e6d89ad8"},"headline":"Comit\u00ea do Baixo Pardo\/Grande delibera medidas estrat\u00e9gicas para a gest\u00e3o sustent\u00e1vel da Bacia Hidrogr\u00e1fica em Reuni\u00e3o Extraordin\u00e1ria","datePublished":"2023-09-14T15:42:33+00:00","mainEntityOfPage":{"@id":"https:\/\/regiaonews.net.br\/2022\/2023\/09\/14\/comite-do-baixo-pardo-grande-delibera-medidas-estrategicas-para-a-gestao-sustentavel-da-bacia-hidrografica-em-reuniao-extraordinaria\/"},"wordCount":456,"commentCount":0,"publisher":{"@id":"https:\/\/regiaonews.net.br\/2022\/#organization"},"image":{"@id":"https:\/\/regiaonews.net.br\/2022\/2023\/09\/14\/comite-do-baixo-pardo-grande-delibera-medidas-estrategicas-para-a-gestao-sustentavel-da-bacia-hidrografica-em-reuniao-extraordinaria\/#primaryimage"},"thumbnailUrl":"https:\/\/regiaonews.net.br\/2022\/wp-content\/uploads\/2023\/09\/Imagem-do-WhatsApp-de-2023-09-14-as-11.36.24-1.jpg","articleSection":["Barretos","Geral"],"inLanguage":"pt-BR","potentialAction":[{"@type":"CommentAction","name":"Comment","target":["https:\/\/regiaonews.net.br\/2022\/2023\/09\/14\/comite-do-baixo-pardo-grande-delibera-medidas-estrategicas-para-a-gestao-sustentavel-da-bacia-hidrografica-em-reuniao-extraordinaria\/#respond"]}]},{"@type":"WebPage","@id":"https:\/\/regiaonews.net.br\/2022\/2023\/09\/14\/comite-do-baixo-pardo-grande-delibera-medidas-estrategicas-para-a-gestao-sustentavel-da-bacia-hidrografica-em-reuniao-extraordinaria\/","url":"https:\/\/regiaonews.net.br\/2022\/2023\/09\/14\/comite-do-baixo-pardo-grande-delibera-medidas-estrategicas-para-a-gestao-sustentavel-da-bacia-hidrografica-em-reuniao-extraordinaria\/","name":"Comit\u00ea do Baixo Pardo\/Grande delibera medidas estrat\u00e9gicas para a gest\u00e3o sustent\u00e1vel da Bacia Hidrogr\u00e1fica em Reuni\u00e3o Extraordin\u00e1ria - Regi\u00e3o News","isPartOf":{"@id":"https:\/\/regiaonews.net.br\/2022\/#website"},"primaryImageOfPage":{"@id":"https:\/\/regiaonews.net.br\/2022\/2023\/09\/14\/comite-do-baixo-pardo-grande-delibera-medidas-estrategicas-para-a-gestao-sustentavel-da-bacia-hidrografica-em-reuniao-extraordinaria\/#primaryimage"},"image":{"@id":"https:\/\/regiaonews.net.br\/2022\/2023\/09\/14\/comite-do-baixo-pardo-grande-delibera-medidas-estrategicas-para-a-gestao-sustentavel-da-bacia-hidrografica-em-reuniao-extraordinaria\/#primaryimage"},"thumbnailUrl":"https:\/\/regiaonews.net.br\/2022\/wp-content\/uploads\/2023\/09\/Imagem-do-WhatsApp-de-2023-09-14-as-11.36.24-1.jpg","datePublished":"2023-09-14T15:42:33+00:00","breadcrumb":{"@id":"https:\/\/regiaonews.net.br\/2022\/2023\/09\/14\/comite-do-baixo-pardo-grande-delibera-medidas-estrategicas-para-a-gestao-sustentavel-da-bacia-hidrografica-em-reuniao-extraordinaria\/#breadcrumb"},"inLanguage":"pt-BR","potentialAction":[{"@type":"ReadAction","target":["https:\/\/regiaonews.net.br\/2022\/2023\/09\/14\/comite-do-baixo-pardo-grande-delibera-medidas-estrategicas-para-a-gestao-sustentavel-da-bacia-hidrografica-em-reuniao-extraordinaria\/"]}]},{"@type":"ImageObject","inLanguage":"pt-BR","@id":"https:\/\/regiaonews.net.br\/2022\/2023\/09\/14\/comite-do-baixo-pardo-grande-delibera-medidas-estrategicas-para-a-gestao-sustentavel-da-bacia-hidrografica-em-reuniao-extraordinaria\/#primaryimage","url":"https:\/\/regiaonews.net.br\/2022\/wp-content\/uploads\/2023\/09\/Imagem-do-WhatsApp-de-2023-09-14-as-11.36.24-1.jpg","contentUrl":"https:\/\/regiaonews.net.br\/2022\/wp-content\/uploads\/2023\/09\/Imagem-do-WhatsApp-de-2023-09-14-as-11.36.24-1.jpg","width":1600,"height":1066},{"@type":"BreadcrumbList","@id":"https:\/\/regiaonews.net.br\/2022\/2023\/09\/14\/comite-do-baixo-pardo-grande-delibera-medidas-estrategicas-para-a-gestao-sustentavel-da-bacia-hidrografica-em-reuniao-extraordinaria\/#breadcrumb","itemListElement":[{"@type":"ListItem","position":1,"name":"In\u00edcio","item":"https:\/\/regiaonews.net.br\/2022\/"},{"@type":"ListItem","position":2,"name":"Comit\u00ea do Baixo Pardo\/Grande delibera medidas estrat\u00e9gicas para a gest\u00e3o sustent\u00e1vel da Bacia Hidrogr\u00e1fica em Reuni\u00e3o Extraordin\u00e1ria"}]},{"@type":"WebSite","@id":"https:\/\/regiaonews.net.br\/2022\/#website","url":"https:\/\/regiaonews.net.br\/2022\/","name":"Regi\u00e3o News","description":"Site de Not\u00edcias de Barretos e regi\u00e3o","publisher":{"@id":"https:\/\/regiaonews.net.br\/2022\/#organization"},"potentialAction":[{"@type":"SearchAction","target":{"@type":"EntryPoint","urlTemplate":"https:\/\/regiaonews.net.br\/2022\/?s={search_term_string}"},"query-input":{"@type":"PropertyValueSpecification","valueRequired":true,"valueName":"search_term_string"}}],"inLanguage":"pt-BR"},{"@type":"Organization","@id":"https:\/\/regiaonews.net.br\/2022\/#organization","name":"Regi\u00e3o News","url":"https:\/\/regiaonews.net.br\/2022\/","logo":{"@type":"ImageObject","inLanguage":"pt-BR","@id":"https:\/\/regiaonews.net.br\/2022\/#\/schema\/logo\/image\/","url":"https:\/\/regiaonews.net.br\/2022\/wp-content\/uploads\/2026\/03\/regiao-13-anos-scaled.jpg","contentUrl":"https:\/\/regiaonews.net.br\/2022\/wp-content\/uploads\/2026\/03\/regiao-13-anos-scaled.jpg","width":2560,"height":635,"caption":"Regi\u00e3o News"},"image":{"@id":"https:\/\/regiaonews.net.br\/2022\/#\/schema\/logo\/image\/"}},{"@type":"Person","@id":"https:\/\/regiaonews.net.br\/2022\/#\/schema\/person\/2d205a608a5aa97ac279d7a5e6d89ad8","name":"Roberto","image":{"@type":"ImageObject","inLanguage":"pt-BR","@id":"https:\/\/secure.gravatar.com\/avatar\/42749d8b712ff9d59ca93dc150494e5b55a44134482993f5baeb97e61b7ecc89?s=96&d=mm&r=g","url":"https:\/\/secure.gravatar.com\/avatar\/42749d8b712ff9d59ca93dc150494e5b55a44134482993f5baeb97e61b7ecc89?s=96&d=mm&r=g","contentUrl":"https:\/\/secure.gravatar.com\/avatar\/42749d8b712ff9d59ca93dc150494e5b55a44134482993f5baeb97e61b7ecc89?s=96&d=mm&r=g","caption":"Roberto"},"url":"https:\/\/regiaonews.net.br\/2022\/author\/roberto\/"}]}},"publishpress_future_action":{"enabled":false,"date":"2026-05-04 20:48:15","action":"change-status","newStatus":"draft","terms":[],"taxonomy":"category","extraData":[]},"publishpress_future_workflow_manual_trigger":{"enabledWorkflows":[]},"_links":{"self":[{"href":"https:\/\/regiaonews.net.br\/2022\/wp-json\/wp\/v2\/posts\/95047","targetHints":{"allow":["GET"]}}],"collection":[{"href":"https:\/\/regiaonews.net.br\/2022\/wp-json\/wp\/v2\/posts"}],"about":[{"href":"https:\/\/regiaonews.net.br\/2022\/wp-json\/wp\/v2\/types\/post"}],"author":[{"embeddable":true,"href":"https:\/\/regiaonews.net.br\/2022\/wp-json\/wp\/v2\/users\/2"}],"replies":[{"embeddable":true,"href":"https:\/\/regiaonews.net.br\/2022\/wp-json\/wp\/v2\/comments?post=95047"}],"version-history":[{"count":1,"href":"https:\/\/regiaonews.net.br\/2022\/wp-json\/wp\/v2\/posts\/95047\/revisions"}],"predecessor-version":[{"id":95049,"href":"https:\/\/regiaonews.net.br\/2022\/wp-json\/wp\/v2\/posts\/95047\/revisions\/95049"}],"wp:featuredmedia":[{"embeddable":true,"href":"https:\/\/regiaonews.net.br\/2022\/wp-json\/wp\/v2\/media\/95048"}],"wp:attachment":[{"href":"https:\/\/regiaonews.net.br\/2022\/wp-json\/wp\/v2\/media?parent=95047"}],"wp:term":[{"taxonomy":"category","embeddable":true,"href":"https:\/\/regiaonews.net.br\/2022\/wp-json\/wp\/v2\/categories?post=95047"},{"taxonomy":"post_tag","embeddable":true,"href":"https:\/\/regiaonews.net.br\/2022\/wp-json\/wp\/v2\/tags?post=95047"}],"curies":[{"name":"wp","href":"https:\/\/api.w.org\/{rel}","templated":true}]}}