{"id":95034,"date":"2023-09-13T21:22:39","date_gmt":"2023-09-14T00:22:39","guid":{"rendered":"https:\/\/regiaonews.net.br\/2022\/?p=95034"},"modified":"2023-09-13T21:22:39","modified_gmt":"2023-09-14T00:22:39","slug":"setembro-amarelo-profissionais-da-secretaria-de-assistencia-social-participam-de-palestra-sobre-prevencao-ao-suicidio","status":"publish","type":"post","link":"https:\/\/regiaonews.net.br\/2022\/2023\/09\/13\/setembro-amarelo-profissionais-da-secretaria-de-assistencia-social-participam-de-palestra-sobre-prevencao-ao-suicidio\/","title":{"rendered":"Setembro Amarelo: profissionais da Secretaria de Assist\u00eancia Social participam de palestra sobre preven\u00e7\u00e3o ao suic\u00eddio"},"content":{"rendered":"<p>&nbsp;<\/p>\n<p>Evento \u201cUma Vida Mais Amarelo\u201d ser\u00e1 realizado pela Faculdade Barretos, em a\u00e7\u00e3o conjunta com a Prefeitura, nesta quarta-feira, dia 13<\/p>\n<p>Assistentes sociais e psic\u00f3logos que atuam nos servi\u00e7os da Secretaria Municipal de Assist\u00eancia Social e Desenvolvimento Humano participam da palestra \u201cUma Vida Mais Amarelo\u201d, realizada pela Faculdade Barretos na quarta-feira, dia 13, dentro da programa\u00e7\u00e3o do m\u00eas de preven\u00e7\u00e3o ao suic\u00eddio \u2013 Setembro Amarelo.<\/p>\n<p>Na a\u00e7\u00e3o conjunta com a Prefeitura, estar\u00e3o presentes para conferir a palestra os profissionais que atuam nos Centros de Refer\u00eancia em Assist\u00eancia Social (CRAS), Centro de Refer\u00eancia Especializado em Assist\u00eancia Social (CREAS), Centros de Conviv\u00eancia da Pessoa Idosa (CCIs), Centro Dia Pessoa Idosa (CDI), Centro Refer\u00eancia de Atendimento \u00e0 Mulher (CRAM); na Casa Afro, Casa da Juventude, Casa dos Conselhos; na Coordenadoria de Pol\u00edticas P\u00fablicas da Pessoa com Defici\u00eancia e membros da gest\u00e3o da pasta, respons\u00e1veis pelo Planejamento, Prote\u00e7\u00e3o B\u00e1sica e Prote\u00e7\u00e3o Especial.<\/p>\n<p>Ao longo do m\u00eas, a\u00e7\u00f5es relativas ao Setembro Amarelo ser\u00e3o desenvolvidas nos encontros de rotina que s\u00e3o realizados nos servi\u00e7os vinculados \u00e0 pasta da Assist\u00eancia.<\/p>\n","protected":false},"excerpt":{"rendered":"<p>&nbsp; Evento \u201cUma Vida Mais Amarelo\u201d ser\u00e1 realizado pela Faculdade<\/p>\n","protected":false},"author":2,"featured_media":95035,"comment_status":"open","ping_status":"open","sticky":false,"template":"","format":"standard","meta":{"footnotes":""},"categories":[14,25],"tags":[],"class_list":["post-95034","post","type-post","status-publish","format-standard","has-post-thumbnail","hentry","category-barretos","category-cidades"],"yoast_head":"<!-- This site is optimized with the Yoast SEO plugin v27.4 - https:\/\/yoast.com\/product\/yoast-seo-wordpress\/ -->\n<title>Setembro Amarelo: profissionais da Secretaria de Assist\u00eancia Social participam de palestra sobre preven\u00e7\u00e3o ao suic\u00eddio - Regi\u00e3o News<\/title>\n<meta name=\"robots\" content=\"index, follow, max-snippet:-1, max-image-preview:large, max-video-preview:-1\" \/>\n<link rel=\"canonical\" href=\"https:\/\/regiaonews.net.br\/2022\/2023\/09\/13\/setembro-amarelo-profissionais-da-secretaria-de-assistencia-social-participam-de-palestra-sobre-prevencao-ao-suicidio\/\" \/>\n<meta property=\"og:locale\" content=\"pt_BR\" \/>\n<meta property=\"og:type\" content=\"article\" \/>\n<meta property=\"og:title\" content=\"Setembro Amarelo: profissionais da Secretaria de Assist\u00eancia Social participam de palestra sobre preven\u00e7\u00e3o ao suic\u00eddio - Regi\u00e3o News\" \/>\n<meta property=\"og:description\" content=\"&nbsp; Evento \u201cUma Vida Mais Amarelo\u201d ser\u00e1 realizado pela Faculdade\" \/>\n<meta property=\"og:url\" content=\"https:\/\/regiaonews.net.br\/2022\/2023\/09\/13\/setembro-amarelo-profissionais-da-secretaria-de-assistencia-social-participam-de-palestra-sobre-prevencao-ao-suicidio\/\" \/>\n<meta property=\"og:site_name\" content=\"Regi\u00e3o News\" \/>\n<meta property=\"article:published_time\" content=\"2023-09-14T00:22:39+00:00\" \/>\n<meta property=\"og:image\" content=\"https:\/\/regiaonews.net.br\/2022\/wp-content\/uploads\/2023\/09\/WhatsApp-Image-2023-09-13-at-21.21.12.jpeg\" \/>\n\t<meta property=\"og:image:width\" content=\"1200\" \/>\n\t<meta property=\"og:image:height\" content=\"675\" \/>\n\t<meta property=\"og:image:type\" content=\"image\/jpeg\" \/>\n<meta name=\"author\" content=\"Roberto\" \/>\n<meta name=\"twitter:card\" content=\"summary_large_image\" \/>\n<meta name=\"twitter:label1\" content=\"Escrito por\" \/>\n\t<meta name=\"twitter:data1\" content=\"Roberto\" \/>\n\t<meta name=\"twitter:label2\" content=\"Est. tempo de leitura\" \/>\n\t<meta name=\"twitter:data2\" content=\"1 minuto\" \/>\n<script type=\"application\/ld+json\" class=\"yoast-schema-graph\">{\"@context\":\"https:\\\/\\\/schema.org\",\"@graph\":[{\"@type\":\"Article\",\"@id\":\"https:\\\/\\\/regiaonews.net.br\\\/2022\\\/2023\\\/09\\\/13\\\/setembro-amarelo-profissionais-da-secretaria-de-assistencia-social-participam-de-palestra-sobre-prevencao-ao-suicidio\\\/#article\",\"isPartOf\":{\"@id\":\"https:\\\/\\\/regiaonews.net.br\\\/2022\\\/2023\\\/09\\\/13\\\/setembro-amarelo-profissionais-da-secretaria-de-assistencia-social-participam-de-palestra-sobre-prevencao-ao-suicidio\\\/\"},\"author\":{\"name\":\"Roberto\",\"@id\":\"https:\\\/\\\/regiaonews.net.br\\\/2022\\\/#\\\/schema\\\/person\\\/2d205a608a5aa97ac279d7a5e6d89ad8\"},\"headline\":\"Setembro Amarelo: profissionais da Secretaria de Assist\u00eancia Social participam de palestra sobre preven\u00e7\u00e3o ao suic\u00eddio\",\"datePublished\":\"2023-09-14T00:22:39+00:00\",\"mainEntityOfPage\":{\"@id\":\"https:\\\/\\\/regiaonews.net.br\\\/2022\\\/2023\\\/09\\\/13\\\/setembro-amarelo-profissionais-da-secretaria-de-assistencia-social-participam-de-palestra-sobre-prevencao-ao-suicidio\\\/\"},\"wordCount\":216,\"commentCount\":0,\"publisher\":{\"@id\":\"https:\\\/\\\/regiaonews.net.br\\\/2022\\\/#organization\"},\"image\":{\"@id\":\"https:\\\/\\\/regiaonews.net.br\\\/2022\\\/2023\\\/09\\\/13\\\/setembro-amarelo-profissionais-da-secretaria-de-assistencia-social-participam-de-palestra-sobre-prevencao-ao-suicidio\\\/#primaryimage\"},\"thumbnailUrl\":\"https:\\\/\\\/regiaonews.net.br\\\/2022\\\/wp-content\\\/uploads\\\/2023\\\/09\\\/WhatsApp-Image-2023-09-13-at-21.21.12.jpeg\",\"articleSection\":[\"Barretos\",\"Cidades\"],\"inLanguage\":\"pt-BR\",\"potentialAction\":[{\"@type\":\"CommentAction\",\"name\":\"Comment\",\"target\":[\"https:\\\/\\\/regiaonews.net.br\\\/2022\\\/2023\\\/09\\\/13\\\/setembro-amarelo-profissionais-da-secretaria-de-assistencia-social-participam-de-palestra-sobre-prevencao-ao-suicidio\\\/#respond\"]}]},{\"@type\":\"WebPage\",\"@id\":\"https:\\\/\\\/regiaonews.net.br\\\/2022\\\/2023\\\/09\\\/13\\\/setembro-amarelo-profissionais-da-secretaria-de-assistencia-social-participam-de-palestra-sobre-prevencao-ao-suicidio\\\/\",\"url\":\"https:\\\/\\\/regiaonews.net.br\\\/2022\\\/2023\\\/09\\\/13\\\/setembro-amarelo-profissionais-da-secretaria-de-assistencia-social-participam-de-palestra-sobre-prevencao-ao-suicidio\\\/\",\"name\":\"Setembro Amarelo: profissionais da Secretaria de Assist\u00eancia Social participam de palestra sobre preven\u00e7\u00e3o ao suic\u00eddio - Regi\u00e3o News\",\"isPartOf\":{\"@id\":\"https:\\\/\\\/regiaonews.net.br\\\/2022\\\/#website\"},\"primaryImageOfPage\":{\"@id\":\"https:\\\/\\\/regiaonews.net.br\\\/2022\\\/2023\\\/09\\\/13\\\/setembro-amarelo-profissionais-da-secretaria-de-assistencia-social-participam-de-palestra-sobre-prevencao-ao-suicidio\\\/#primaryimage\"},\"image\":{\"@id\":\"https:\\\/\\\/regiaonews.net.br\\\/2022\\\/2023\\\/09\\\/13\\\/setembro-amarelo-profissionais-da-secretaria-de-assistencia-social-participam-de-palestra-sobre-prevencao-ao-suicidio\\\/#primaryimage\"},\"thumbnailUrl\":\"https:\\\/\\\/regiaonews.net.br\\\/2022\\\/wp-content\\\/uploads\\\/2023\\\/09\\\/WhatsApp-Image-2023-09-13-at-21.21.12.jpeg\",\"datePublished\":\"2023-09-14T00:22:39+00:00\",\"breadcrumb\":{\"@id\":\"https:\\\/\\\/regiaonews.net.br\\\/2022\\\/2023\\\/09\\\/13\\\/setembro-amarelo-profissionais-da-secretaria-de-assistencia-social-participam-de-palestra-sobre-prevencao-ao-suicidio\\\/#breadcrumb\"},\"inLanguage\":\"pt-BR\",\"potentialAction\":[{\"@type\":\"ReadAction\",\"target\":[\"https:\\\/\\\/regiaonews.net.br\\\/2022\\\/2023\\\/09\\\/13\\\/setembro-amarelo-profissionais-da-secretaria-de-assistencia-social-participam-de-palestra-sobre-prevencao-ao-suicidio\\\/\"]}]},{\"@type\":\"ImageObject\",\"inLanguage\":\"pt-BR\",\"@id\":\"https:\\\/\\\/regiaonews.net.br\\\/2022\\\/2023\\\/09\\\/13\\\/setembro-amarelo-profissionais-da-secretaria-de-assistencia-social-participam-de-palestra-sobre-prevencao-ao-suicidio\\\/#primaryimage\",\"url\":\"https:\\\/\\\/regiaonews.net.br\\\/2022\\\/wp-content\\\/uploads\\\/2023\\\/09\\\/WhatsApp-Image-2023-09-13-at-21.21.12.jpeg\",\"contentUrl\":\"https:\\\/\\\/regiaonews.net.br\\\/2022\\\/wp-content\\\/uploads\\\/2023\\\/09\\\/WhatsApp-Image-2023-09-13-at-21.21.12.jpeg\",\"width\":1200,\"height\":675},{\"@type\":\"BreadcrumbList\",\"@id\":\"https:\\\/\\\/regiaonews.net.br\\\/2022\\\/2023\\\/09\\\/13\\\/setembro-amarelo-profissionais-da-secretaria-de-assistencia-social-participam-de-palestra-sobre-prevencao-ao-suicidio\\\/#breadcrumb\",\"itemListElement\":[{\"@type\":\"ListItem\",\"position\":1,\"name\":\"In\u00edcio\",\"item\":\"https:\\\/\\\/regiaonews.net.br\\\/2022\\\/\"},{\"@type\":\"ListItem\",\"position\":2,\"name\":\"Setembro Amarelo: profissionais da Secretaria de Assist\u00eancia Social participam de palestra sobre preven\u00e7\u00e3o ao suic\u00eddio\"}]},{\"@type\":\"WebSite\",\"@id\":\"https:\\\/\\\/regiaonews.net.br\\\/2022\\\/#website\",\"url\":\"https:\\\/\\\/regiaonews.net.br\\\/2022\\\/\",\"name\":\"Regi\u00e3o News\",\"description\":\"Site de Not\u00edcias de Barretos e regi\u00e3o\",\"publisher\":{\"@id\":\"https:\\\/\\\/regiaonews.net.br\\\/2022\\\/#organization\"},\"potentialAction\":[{\"@type\":\"SearchAction\",\"target\":{\"@type\":\"EntryPoint\",\"urlTemplate\":\"https:\\\/\\\/regiaonews.net.br\\\/2022\\\/?s={search_term_string}\"},\"query-input\":{\"@type\":\"PropertyValueSpecification\",\"valueRequired\":true,\"valueName\":\"search_term_string\"}}],\"inLanguage\":\"pt-BR\"},{\"@type\":\"Organization\",\"@id\":\"https:\\\/\\\/regiaonews.net.br\\\/2022\\\/#organization\",\"name\":\"Regi\u00e3o News\",\"url\":\"https:\\\/\\\/regiaonews.net.br\\\/2022\\\/\",\"logo\":{\"@type\":\"ImageObject\",\"inLanguage\":\"pt-BR\",\"@id\":\"https:\\\/\\\/regiaonews.net.br\\\/2022\\\/#\\\/schema\\\/logo\\\/image\\\/\",\"url\":\"https:\\\/\\\/regiaonews.net.br\\\/2022\\\/wp-content\\\/uploads\\\/2026\\\/03\\\/regiao-13-anos-scaled.jpg\",\"contentUrl\":\"https:\\\/\\\/regiaonews.net.br\\\/2022\\\/wp-content\\\/uploads\\\/2026\\\/03\\\/regiao-13-anos-scaled.jpg\",\"width\":2560,\"height\":635,\"caption\":\"Regi\u00e3o News\"},\"image\":{\"@id\":\"https:\\\/\\\/regiaonews.net.br\\\/2022\\\/#\\\/schema\\\/logo\\\/image\\\/\"}},{\"@type\":\"Person\",\"@id\":\"https:\\\/\\\/regiaonews.net.br\\\/2022\\\/#\\\/schema\\\/person\\\/2d205a608a5aa97ac279d7a5e6d89ad8\",\"name\":\"Roberto\",\"image\":{\"@type\":\"ImageObject\",\"inLanguage\":\"pt-BR\",\"@id\":\"https:\\\/\\\/secure.gravatar.com\\\/avatar\\\/42749d8b712ff9d59ca93dc150494e5b55a44134482993f5baeb97e61b7ecc89?s=96&d=mm&r=g\",\"url\":\"https:\\\/\\\/secure.gravatar.com\\\/avatar\\\/42749d8b712ff9d59ca93dc150494e5b55a44134482993f5baeb97e61b7ecc89?s=96&d=mm&r=g\",\"contentUrl\":\"https:\\\/\\\/secure.gravatar.com\\\/avatar\\\/42749d8b712ff9d59ca93dc150494e5b55a44134482993f5baeb97e61b7ecc89?s=96&d=mm&r=g\",\"caption\":\"Roberto\"},\"url\":\"https:\\\/\\\/regiaonews.net.br\\\/2022\\\/author\\\/roberto\\\/\"}]}<\/script>\n<!-- \/ Yoast SEO plugin. -->","yoast_head_json":{"title":"Setembro Amarelo: profissionais da Secretaria de Assist\u00eancia Social participam de palestra sobre preven\u00e7\u00e3o ao suic\u00eddio - Regi\u00e3o News","robots":{"index":"index","follow":"follow","max-snippet":"max-snippet:-1","max-image-preview":"max-image-preview:large","max-video-preview":"max-video-preview:-1"},"canonical":"https:\/\/regiaonews.net.br\/2022\/2023\/09\/13\/setembro-amarelo-profissionais-da-secretaria-de-assistencia-social-participam-de-palestra-sobre-prevencao-ao-suicidio\/","og_locale":"pt_BR","og_type":"article","og_title":"Setembro Amarelo: profissionais da Secretaria de Assist\u00eancia Social participam de palestra sobre preven\u00e7\u00e3o ao suic\u00eddio - Regi\u00e3o News","og_description":"&nbsp; Evento \u201cUma Vida Mais Amarelo\u201d ser\u00e1 realizado pela Faculdade","og_url":"https:\/\/regiaonews.net.br\/2022\/2023\/09\/13\/setembro-amarelo-profissionais-da-secretaria-de-assistencia-social-participam-de-palestra-sobre-prevencao-ao-suicidio\/","og_site_name":"Regi\u00e3o News","article_published_time":"2023-09-14T00:22:39+00:00","og_image":[{"width":1200,"height":675,"url":"https:\/\/regiaonews.net.br\/2022\/wp-content\/uploads\/2023\/09\/WhatsApp-Image-2023-09-13-at-21.21.12.jpeg","type":"image\/jpeg"}],"author":"Roberto","twitter_card":"summary_large_image","twitter_misc":{"Escrito por":"Roberto","Est. tempo de leitura":"1 minuto"},"schema":{"@context":"https:\/\/schema.org","@graph":[{"@type":"Article","@id":"https:\/\/regiaonews.net.br\/2022\/2023\/09\/13\/setembro-amarelo-profissionais-da-secretaria-de-assistencia-social-participam-de-palestra-sobre-prevencao-ao-suicidio\/#article","isPartOf":{"@id":"https:\/\/regiaonews.net.br\/2022\/2023\/09\/13\/setembro-amarelo-profissionais-da-secretaria-de-assistencia-social-participam-de-palestra-sobre-prevencao-ao-suicidio\/"},"author":{"name":"Roberto","@id":"https:\/\/regiaonews.net.br\/2022\/#\/schema\/person\/2d205a608a5aa97ac279d7a5e6d89ad8"},"headline":"Setembro Amarelo: profissionais da Secretaria de Assist\u00eancia Social participam de palestra sobre preven\u00e7\u00e3o ao suic\u00eddio","datePublished":"2023-09-14T00:22:39+00:00","mainEntityOfPage":{"@id":"https:\/\/regiaonews.net.br\/2022\/2023\/09\/13\/setembro-amarelo-profissionais-da-secretaria-de-assistencia-social-participam-de-palestra-sobre-prevencao-ao-suicidio\/"},"wordCount":216,"commentCount":0,"publisher":{"@id":"https:\/\/regiaonews.net.br\/2022\/#organization"},"image":{"@id":"https:\/\/regiaonews.net.br\/2022\/2023\/09\/13\/setembro-amarelo-profissionais-da-secretaria-de-assistencia-social-participam-de-palestra-sobre-prevencao-ao-suicidio\/#primaryimage"},"thumbnailUrl":"https:\/\/regiaonews.net.br\/2022\/wp-content\/uploads\/2023\/09\/WhatsApp-Image-2023-09-13-at-21.21.12.jpeg","articleSection":["Barretos","Cidades"],"inLanguage":"pt-BR","potentialAction":[{"@type":"CommentAction","name":"Comment","target":["https:\/\/regiaonews.net.br\/2022\/2023\/09\/13\/setembro-amarelo-profissionais-da-secretaria-de-assistencia-social-participam-de-palestra-sobre-prevencao-ao-suicidio\/#respond"]}]},{"@type":"WebPage","@id":"https:\/\/regiaonews.net.br\/2022\/2023\/09\/13\/setembro-amarelo-profissionais-da-secretaria-de-assistencia-social-participam-de-palestra-sobre-prevencao-ao-suicidio\/","url":"https:\/\/regiaonews.net.br\/2022\/2023\/09\/13\/setembro-amarelo-profissionais-da-secretaria-de-assistencia-social-participam-de-palestra-sobre-prevencao-ao-suicidio\/","name":"Setembro Amarelo: profissionais da Secretaria de Assist\u00eancia Social participam de palestra sobre preven\u00e7\u00e3o ao suic\u00eddio - Regi\u00e3o News","isPartOf":{"@id":"https:\/\/regiaonews.net.br\/2022\/#website"},"primaryImageOfPage":{"@id":"https:\/\/regiaonews.net.br\/2022\/2023\/09\/13\/setembro-amarelo-profissionais-da-secretaria-de-assistencia-social-participam-de-palestra-sobre-prevencao-ao-suicidio\/#primaryimage"},"image":{"@id":"https:\/\/regiaonews.net.br\/2022\/2023\/09\/13\/setembro-amarelo-profissionais-da-secretaria-de-assistencia-social-participam-de-palestra-sobre-prevencao-ao-suicidio\/#primaryimage"},"thumbnailUrl":"https:\/\/regiaonews.net.br\/2022\/wp-content\/uploads\/2023\/09\/WhatsApp-Image-2023-09-13-at-21.21.12.jpeg","datePublished":"2023-09-14T00:22:39+00:00","breadcrumb":{"@id":"https:\/\/regiaonews.net.br\/2022\/2023\/09\/13\/setembro-amarelo-profissionais-da-secretaria-de-assistencia-social-participam-de-palestra-sobre-prevencao-ao-suicidio\/#breadcrumb"},"inLanguage":"pt-BR","potentialAction":[{"@type":"ReadAction","target":["https:\/\/regiaonews.net.br\/2022\/2023\/09\/13\/setembro-amarelo-profissionais-da-secretaria-de-assistencia-social-participam-de-palestra-sobre-prevencao-ao-suicidio\/"]}]},{"@type":"ImageObject","inLanguage":"pt-BR","@id":"https:\/\/regiaonews.net.br\/2022\/2023\/09\/13\/setembro-amarelo-profissionais-da-secretaria-de-assistencia-social-participam-de-palestra-sobre-prevencao-ao-suicidio\/#primaryimage","url":"https:\/\/regiaonews.net.br\/2022\/wp-content\/uploads\/2023\/09\/WhatsApp-Image-2023-09-13-at-21.21.12.jpeg","contentUrl":"https:\/\/regiaonews.net.br\/2022\/wp-content\/uploads\/2023\/09\/WhatsApp-Image-2023-09-13-at-21.21.12.jpeg","width":1200,"height":675},{"@type":"BreadcrumbList","@id":"https:\/\/regiaonews.net.br\/2022\/2023\/09\/13\/setembro-amarelo-profissionais-da-secretaria-de-assistencia-social-participam-de-palestra-sobre-prevencao-ao-suicidio\/#breadcrumb","itemListElement":[{"@type":"ListItem","position":1,"name":"In\u00edcio","item":"https:\/\/regiaonews.net.br\/2022\/"},{"@type":"ListItem","position":2,"name":"Setembro Amarelo: profissionais da Secretaria de Assist\u00eancia Social participam de palestra sobre preven\u00e7\u00e3o ao suic\u00eddio"}]},{"@type":"WebSite","@id":"https:\/\/regiaonews.net.br\/2022\/#website","url":"https:\/\/regiaonews.net.br\/2022\/","name":"Regi\u00e3o News","description":"Site de Not\u00edcias de Barretos e regi\u00e3o","publisher":{"@id":"https:\/\/regiaonews.net.br\/2022\/#organization"},"potentialAction":[{"@type":"SearchAction","target":{"@type":"EntryPoint","urlTemplate":"https:\/\/regiaonews.net.br\/2022\/?s={search_term_string}"},"query-input":{"@type":"PropertyValueSpecification","valueRequired":true,"valueName":"search_term_string"}}],"inLanguage":"pt-BR"},{"@type":"Organization","@id":"https:\/\/regiaonews.net.br\/2022\/#organization","name":"Regi\u00e3o News","url":"https:\/\/regiaonews.net.br\/2022\/","logo":{"@type":"ImageObject","inLanguage":"pt-BR","@id":"https:\/\/regiaonews.net.br\/2022\/#\/schema\/logo\/image\/","url":"https:\/\/regiaonews.net.br\/2022\/wp-content\/uploads\/2026\/03\/regiao-13-anos-scaled.jpg","contentUrl":"https:\/\/regiaonews.net.br\/2022\/wp-content\/uploads\/2026\/03\/regiao-13-anos-scaled.jpg","width":2560,"height":635,"caption":"Regi\u00e3o News"},"image":{"@id":"https:\/\/regiaonews.net.br\/2022\/#\/schema\/logo\/image\/"}},{"@type":"Person","@id":"https:\/\/regiaonews.net.br\/2022\/#\/schema\/person\/2d205a608a5aa97ac279d7a5e6d89ad8","name":"Roberto","image":{"@type":"ImageObject","inLanguage":"pt-BR","@id":"https:\/\/secure.gravatar.com\/avatar\/42749d8b712ff9d59ca93dc150494e5b55a44134482993f5baeb97e61b7ecc89?s=96&d=mm&r=g","url":"https:\/\/secure.gravatar.com\/avatar\/42749d8b712ff9d59ca93dc150494e5b55a44134482993f5baeb97e61b7ecc89?s=96&d=mm&r=g","contentUrl":"https:\/\/secure.gravatar.com\/avatar\/42749d8b712ff9d59ca93dc150494e5b55a44134482993f5baeb97e61b7ecc89?s=96&d=mm&r=g","caption":"Roberto"},"url":"https:\/\/regiaonews.net.br\/2022\/author\/roberto\/"}]}},"publishpress_future_action":{"enabled":false,"date":"2026-05-04 20:48:15","action":"change-status","newStatus":"draft","terms":[],"taxonomy":"category","extraData":[]},"publishpress_future_workflow_manual_trigger":{"enabledWorkflows":[]},"_links":{"self":[{"href":"https:\/\/regiaonews.net.br\/2022\/wp-json\/wp\/v2\/posts\/95034","targetHints":{"allow":["GET"]}}],"collection":[{"href":"https:\/\/regiaonews.net.br\/2022\/wp-json\/wp\/v2\/posts"}],"about":[{"href":"https:\/\/regiaonews.net.br\/2022\/wp-json\/wp\/v2\/types\/post"}],"author":[{"embeddable":true,"href":"https:\/\/regiaonews.net.br\/2022\/wp-json\/wp\/v2\/users\/2"}],"replies":[{"embeddable":true,"href":"https:\/\/regiaonews.net.br\/2022\/wp-json\/wp\/v2\/comments?post=95034"}],"version-history":[{"count":1,"href":"https:\/\/regiaonews.net.br\/2022\/wp-json\/wp\/v2\/posts\/95034\/revisions"}],"predecessor-version":[{"id":95036,"href":"https:\/\/regiaonews.net.br\/2022\/wp-json\/wp\/v2\/posts\/95034\/revisions\/95036"}],"wp:featuredmedia":[{"embeddable":true,"href":"https:\/\/regiaonews.net.br\/2022\/wp-json\/wp\/v2\/media\/95035"}],"wp:attachment":[{"href":"https:\/\/regiaonews.net.br\/2022\/wp-json\/wp\/v2\/media?parent=95034"}],"wp:term":[{"taxonomy":"category","embeddable":true,"href":"https:\/\/regiaonews.net.br\/2022\/wp-json\/wp\/v2\/categories?post=95034"},{"taxonomy":"post_tag","embeddable":true,"href":"https:\/\/regiaonews.net.br\/2022\/wp-json\/wp\/v2\/tags?post=95034"}],"curies":[{"name":"wp","href":"https:\/\/api.w.org\/{rel}","templated":true}]}}