{"id":95030,"date":"2023-09-13T20:52:58","date_gmt":"2023-09-13T23:52:58","guid":{"rendered":"https:\/\/regiaonews.net.br\/2022\/?p=95030"},"modified":"2023-09-13T20:52:58","modified_gmt":"2023-09-13T23:52:58","slug":"encontro-discute-estrategias-no-enfrentamento-as-organizacoes-criminosas","status":"publish","type":"post","link":"https:\/\/regiaonews.net.br\/2022\/2023\/09\/13\/encontro-discute-estrategias-no-enfrentamento-as-organizacoes-criminosas\/","title":{"rendered":"Encontro discute estrat\u00e9gias no enfrentamento \u00e0s organiza\u00e7\u00f5es criminosas"},"content":{"rendered":"<div>\n<h1 class=\"chapeu2 ng-binding\"><\/h1>\n<h2 class=\"titulopreto ng-binding\">2\u00ba Semin\u00e1rio Banc\u00e1rio de Preven\u00e7\u00e3o e Repress\u00e3o ao Crime foi realizado em S\u00e3o Paulo<\/h2>\n<p><center><\/p>\n<h2 class=\"titulopreto ng-binding\"><\/h2>\n<p><\/center><\/div>\n<div id=\"notCorpo\" class=\"ng-binding\">\n<div>O 2\u00ba Semin\u00e1rio Banc\u00e1rio de Preven\u00e7\u00e3o e Repress\u00e3o ao Crime Organizado reuniu a c\u00fapula de seguran\u00e7a p\u00fablica de S\u00e3o Paulo e de outros Estados da federa\u00e7\u00e3o nesta quarta-feira (13). O evento, realizado pela Federa\u00e7\u00e3o Brasileira de Bancos (Febraban), discutiu estrat\u00e9gias de enfrentamento aos crimes banc\u00e1rios e \u00e0s fac\u00e7\u00f5es que atuam no pa\u00eds.<\/div>\n<div><\/div>\n<div>O painel \u201cEstrat\u00e9gia de Enfrentamento do Crime Organizado no Estado de S\u00e3o Paulo\u201d contou com a participa\u00e7\u00e3o do secret\u00e1rio da Seguran\u00e7a P\u00fablica, Guilherme Derrite, o comandante-geral da Pol\u00edcia Militar de S\u00e3o Paulo, coronel C\u00e1ssio de Freitas, e o delegado do Departamento Estadual de Investiga\u00e7\u00f5es Criminais (DEIC), F\u00e1bio Pinheiro Lopes.<\/div>\n<div><\/div>\n<div>O secret\u00e1rio Guilherme Derrite, que abriu o encontro, destacou que a agenda t\u00e1tica da Secretaria da Seguran\u00e7a P\u00fablica (SSP) \u00e9 atacar a log\u00edstica utilizada pelo crime e a lavagem de dinheiro. \u201cCabe a n\u00f3s, em termos de gest\u00e3o, desenvolver a\u00e7\u00f5es de pol\u00edticas p\u00fablicas para o enfrentamento dessas organiza\u00e7\u00f5es criminosas\u201d, ressaltou Derrite.<\/div>\n<div><\/div>\n<div>Um dos pontos abordados pelo secret\u00e1rio foi a cria\u00e7\u00e3o do SULMaSSP, grupo que re\u00fane os Estados de S\u00e3o Paulo, Santa Catarina, Rio Grande do Sul, Paran\u00e1 e Mato Grosso do Sul. A iniciativa tem como foco realizar opera\u00e7\u00f5es nas fronteiras e dividir informa\u00e7\u00f5es para combater o crime organizado. \u201cDemos andamento \u00e0 iniciativa que faz parte da nossa agenda t\u00e1tica para troca de informa\u00e7\u00f5es do nosso servi\u00e7o de intelig\u00eancia com os Centros Integrados de Comando para coibir o escoamento do mercado il\u00edcito\u201d.<\/div>\n<div><\/div>\n<div>Atualmente, 70% de toda droga que circula pelo pa\u00eds passa pelos Estados do sul e sudeste. As quadrilhas utilizam as rodovias e a infraestrutura aeroportu\u00e1ria a favor da log\u00edstica criminosa. \u201cEnt\u00e3o, n\u00f3s estamos atacando essa rede log\u00edstica, por isso, as apreens\u00f5es de entorpecentes est\u00e3o batendo recorde a cada m\u00eas no Estado de S\u00e3o Paulo\u201d, complementou o secret\u00e1rio. \u201cN\u00e3o tem outro jeito. Compete a n\u00f3s quebrar a cadeia log\u00edstica do crime, asfixiando financeiramente a organiza\u00e7\u00e3o criminosa. Em conjunto, atacar a lavagem de dinheiro\u201d, explicou.<\/div>\n<div><b>\u00a0<\/b><\/div>\n<div><b>Crimes contra o sistema banc\u00e1rio<\/b><\/div>\n<div><\/div>\n<div>O secret\u00e1rio ainda destacou as a\u00e7\u00f5es realizadas pelas for\u00e7as de seguran\u00e7a paulista para desarticular as quadrilhas que atacam e roubam institui\u00e7\u00f5es financeiras.<\/div>\n<div><\/div>\n<div>Em 2023, o Estado alcan\u00e7ou o menor n\u00famero de roubos a banco em 23 anos. Foram seis casos registrados, sendo quatro deles na capital paulista. De janeiro a julho, mais de 6,5 mil armas ilegais foram apreendidas, entre elas, 108 fuzis, em S\u00e3o Paulo.<\/div>\n<div><\/div>\n<div>O delegado do DEIC, F\u00e1bio Pinheiro Lopes, destacou a integra\u00e7\u00e3o entre as for\u00e7as de seguran\u00e7a no Estado e a iniciativa privada como fundamental para combater as quadrilhas que atuam nesse segmento. \u201cAs estrat\u00e9gias adotadas possibilitaram dar uma resposta grande e r\u00e1pida a esse tipo de crime\u201d, salientou.<\/div>\n<\/div>\n","protected":false},"excerpt":{"rendered":"<p>2\u00ba Semin\u00e1rio Banc\u00e1rio de Preven\u00e7\u00e3o e Repress\u00e3o ao Crime foi<\/p>\n","protected":false},"author":2,"featured_media":95031,"comment_status":"open","ping_status":"open","sticky":false,"template":"","format":"standard","meta":{"footnotes":""},"categories":[7,23],"tags":[],"class_list":["post-95030","post","type-post","status-publish","format-standard","has-post-thumbnail","hentry","category-estado-de-sao-paulo","category-policia"],"yoast_head":"<!-- This site is optimized with the Yoast SEO plugin v27.4 - https:\/\/yoast.com\/product\/yoast-seo-wordpress\/ -->\n<title>Encontro discute estrat\u00e9gias no enfrentamento \u00e0s organiza\u00e7\u00f5es criminosas - Regi\u00e3o News<\/title>\n<meta name=\"robots\" content=\"index, follow, max-snippet:-1, max-image-preview:large, max-video-preview:-1\" \/>\n<link rel=\"canonical\" href=\"https:\/\/regiaonews.net.br\/2022\/2023\/09\/13\/encontro-discute-estrategias-no-enfrentamento-as-organizacoes-criminosas\/\" \/>\n<meta property=\"og:locale\" content=\"pt_BR\" \/>\n<meta property=\"og:type\" content=\"article\" \/>\n<meta property=\"og:title\" content=\"Encontro discute estrat\u00e9gias no enfrentamento \u00e0s organiza\u00e7\u00f5es criminosas - Regi\u00e3o News\" \/>\n<meta property=\"og:description\" content=\"2\u00ba Semin\u00e1rio Banc\u00e1rio de Preven\u00e7\u00e3o e Repress\u00e3o ao Crime foi\" \/>\n<meta property=\"og:url\" content=\"https:\/\/regiaonews.net.br\/2022\/2023\/09\/13\/encontro-discute-estrategias-no-enfrentamento-as-organizacoes-criminosas\/\" \/>\n<meta property=\"og:site_name\" content=\"Regi\u00e3o News\" \/>\n<meta property=\"article:published_time\" content=\"2023-09-13T23:52:58+00:00\" \/>\n<meta property=\"og:image\" content=\"https:\/\/regiaonews.net.br\/2022\/wp-content\/uploads\/2023\/09\/00051335.jpg\" \/>\n\t<meta property=\"og:image:width\" content=\"800\" \/>\n\t<meta property=\"og:image:height\" content=\"533\" \/>\n\t<meta property=\"og:image:type\" content=\"image\/jpeg\" \/>\n<meta name=\"author\" content=\"Roberto\" \/>\n<meta name=\"twitter:card\" content=\"summary_large_image\" \/>\n<meta name=\"twitter:label1\" content=\"Escrito por\" \/>\n\t<meta name=\"twitter:data1\" content=\"Roberto\" \/>\n\t<meta name=\"twitter:label2\" content=\"Est. tempo de leitura\" \/>\n\t<meta name=\"twitter:data2\" content=\"3 minutos\" \/>\n<script type=\"application\/ld+json\" class=\"yoast-schema-graph\">{\"@context\":\"https:\\\/\\\/schema.org\",\"@graph\":[{\"@type\":\"Article\",\"@id\":\"https:\\\/\\\/regiaonews.net.br\\\/2022\\\/2023\\\/09\\\/13\\\/encontro-discute-estrategias-no-enfrentamento-as-organizacoes-criminosas\\\/#article\",\"isPartOf\":{\"@id\":\"https:\\\/\\\/regiaonews.net.br\\\/2022\\\/2023\\\/09\\\/13\\\/encontro-discute-estrategias-no-enfrentamento-as-organizacoes-criminosas\\\/\"},\"author\":{\"name\":\"Roberto\",\"@id\":\"https:\\\/\\\/regiaonews.net.br\\\/2022\\\/#\\\/schema\\\/person\\\/2d205a608a5aa97ac279d7a5e6d89ad8\"},\"headline\":\"Encontro discute estrat\u00e9gias no enfrentamento \u00e0s organiza\u00e7\u00f5es criminosas\",\"datePublished\":\"2023-09-13T23:52:58+00:00\",\"mainEntityOfPage\":{\"@id\":\"https:\\\/\\\/regiaonews.net.br\\\/2022\\\/2023\\\/09\\\/13\\\/encontro-discute-estrategias-no-enfrentamento-as-organizacoes-criminosas\\\/\"},\"wordCount\":530,\"commentCount\":0,\"publisher\":{\"@id\":\"https:\\\/\\\/regiaonews.net.br\\\/2022\\\/#organization\"},\"image\":{\"@id\":\"https:\\\/\\\/regiaonews.net.br\\\/2022\\\/2023\\\/09\\\/13\\\/encontro-discute-estrategias-no-enfrentamento-as-organizacoes-criminosas\\\/#primaryimage\"},\"thumbnailUrl\":\"https:\\\/\\\/regiaonews.net.br\\\/2022\\\/wp-content\\\/uploads\\\/2023\\\/09\\\/00051335.jpg\",\"articleSection\":[\"Estado de S\u00e3o Paulo\",\"Policia\"],\"inLanguage\":\"pt-BR\",\"potentialAction\":[{\"@type\":\"CommentAction\",\"name\":\"Comment\",\"target\":[\"https:\\\/\\\/regiaonews.net.br\\\/2022\\\/2023\\\/09\\\/13\\\/encontro-discute-estrategias-no-enfrentamento-as-organizacoes-criminosas\\\/#respond\"]}]},{\"@type\":\"WebPage\",\"@id\":\"https:\\\/\\\/regiaonews.net.br\\\/2022\\\/2023\\\/09\\\/13\\\/encontro-discute-estrategias-no-enfrentamento-as-organizacoes-criminosas\\\/\",\"url\":\"https:\\\/\\\/regiaonews.net.br\\\/2022\\\/2023\\\/09\\\/13\\\/encontro-discute-estrategias-no-enfrentamento-as-organizacoes-criminosas\\\/\",\"name\":\"Encontro discute estrat\u00e9gias no enfrentamento \u00e0s organiza\u00e7\u00f5es criminosas - Regi\u00e3o News\",\"isPartOf\":{\"@id\":\"https:\\\/\\\/regiaonews.net.br\\\/2022\\\/#website\"},\"primaryImageOfPage\":{\"@id\":\"https:\\\/\\\/regiaonews.net.br\\\/2022\\\/2023\\\/09\\\/13\\\/encontro-discute-estrategias-no-enfrentamento-as-organizacoes-criminosas\\\/#primaryimage\"},\"image\":{\"@id\":\"https:\\\/\\\/regiaonews.net.br\\\/2022\\\/2023\\\/09\\\/13\\\/encontro-discute-estrategias-no-enfrentamento-as-organizacoes-criminosas\\\/#primaryimage\"},\"thumbnailUrl\":\"https:\\\/\\\/regiaonews.net.br\\\/2022\\\/wp-content\\\/uploads\\\/2023\\\/09\\\/00051335.jpg\",\"datePublished\":\"2023-09-13T23:52:58+00:00\",\"breadcrumb\":{\"@id\":\"https:\\\/\\\/regiaonews.net.br\\\/2022\\\/2023\\\/09\\\/13\\\/encontro-discute-estrategias-no-enfrentamento-as-organizacoes-criminosas\\\/#breadcrumb\"},\"inLanguage\":\"pt-BR\",\"potentialAction\":[{\"@type\":\"ReadAction\",\"target\":[\"https:\\\/\\\/regiaonews.net.br\\\/2022\\\/2023\\\/09\\\/13\\\/encontro-discute-estrategias-no-enfrentamento-as-organizacoes-criminosas\\\/\"]}]},{\"@type\":\"ImageObject\",\"inLanguage\":\"pt-BR\",\"@id\":\"https:\\\/\\\/regiaonews.net.br\\\/2022\\\/2023\\\/09\\\/13\\\/encontro-discute-estrategias-no-enfrentamento-as-organizacoes-criminosas\\\/#primaryimage\",\"url\":\"https:\\\/\\\/regiaonews.net.br\\\/2022\\\/wp-content\\\/uploads\\\/2023\\\/09\\\/00051335.jpg\",\"contentUrl\":\"https:\\\/\\\/regiaonews.net.br\\\/2022\\\/wp-content\\\/uploads\\\/2023\\\/09\\\/00051335.jpg\",\"width\":800,\"height\":533},{\"@type\":\"BreadcrumbList\",\"@id\":\"https:\\\/\\\/regiaonews.net.br\\\/2022\\\/2023\\\/09\\\/13\\\/encontro-discute-estrategias-no-enfrentamento-as-organizacoes-criminosas\\\/#breadcrumb\",\"itemListElement\":[{\"@type\":\"ListItem\",\"position\":1,\"name\":\"In\u00edcio\",\"item\":\"https:\\\/\\\/regiaonews.net.br\\\/2022\\\/\"},{\"@type\":\"ListItem\",\"position\":2,\"name\":\"Encontro discute estrat\u00e9gias no enfrentamento \u00e0s organiza\u00e7\u00f5es criminosas\"}]},{\"@type\":\"WebSite\",\"@id\":\"https:\\\/\\\/regiaonews.net.br\\\/2022\\\/#website\",\"url\":\"https:\\\/\\\/regiaonews.net.br\\\/2022\\\/\",\"name\":\"Regi\u00e3o News\",\"description\":\"Site de Not\u00edcias de Barretos e regi\u00e3o\",\"publisher\":{\"@id\":\"https:\\\/\\\/regiaonews.net.br\\\/2022\\\/#organization\"},\"potentialAction\":[{\"@type\":\"SearchAction\",\"target\":{\"@type\":\"EntryPoint\",\"urlTemplate\":\"https:\\\/\\\/regiaonews.net.br\\\/2022\\\/?s={search_term_string}\"},\"query-input\":{\"@type\":\"PropertyValueSpecification\",\"valueRequired\":true,\"valueName\":\"search_term_string\"}}],\"inLanguage\":\"pt-BR\"},{\"@type\":\"Organization\",\"@id\":\"https:\\\/\\\/regiaonews.net.br\\\/2022\\\/#organization\",\"name\":\"Regi\u00e3o News\",\"url\":\"https:\\\/\\\/regiaonews.net.br\\\/2022\\\/\",\"logo\":{\"@type\":\"ImageObject\",\"inLanguage\":\"pt-BR\",\"@id\":\"https:\\\/\\\/regiaonews.net.br\\\/2022\\\/#\\\/schema\\\/logo\\\/image\\\/\",\"url\":\"https:\\\/\\\/regiaonews.net.br\\\/2022\\\/wp-content\\\/uploads\\\/2026\\\/03\\\/regiao-13-anos-scaled.jpg\",\"contentUrl\":\"https:\\\/\\\/regiaonews.net.br\\\/2022\\\/wp-content\\\/uploads\\\/2026\\\/03\\\/regiao-13-anos-scaled.jpg\",\"width\":2560,\"height\":635,\"caption\":\"Regi\u00e3o News\"},\"image\":{\"@id\":\"https:\\\/\\\/regiaonews.net.br\\\/2022\\\/#\\\/schema\\\/logo\\\/image\\\/\"}},{\"@type\":\"Person\",\"@id\":\"https:\\\/\\\/regiaonews.net.br\\\/2022\\\/#\\\/schema\\\/person\\\/2d205a608a5aa97ac279d7a5e6d89ad8\",\"name\":\"Roberto\",\"image\":{\"@type\":\"ImageObject\",\"inLanguage\":\"pt-BR\",\"@id\":\"https:\\\/\\\/secure.gravatar.com\\\/avatar\\\/42749d8b712ff9d59ca93dc150494e5b55a44134482993f5baeb97e61b7ecc89?s=96&d=mm&r=g\",\"url\":\"https:\\\/\\\/secure.gravatar.com\\\/avatar\\\/42749d8b712ff9d59ca93dc150494e5b55a44134482993f5baeb97e61b7ecc89?s=96&d=mm&r=g\",\"contentUrl\":\"https:\\\/\\\/secure.gravatar.com\\\/avatar\\\/42749d8b712ff9d59ca93dc150494e5b55a44134482993f5baeb97e61b7ecc89?s=96&d=mm&r=g\",\"caption\":\"Roberto\"},\"url\":\"https:\\\/\\\/regiaonews.net.br\\\/2022\\\/author\\\/roberto\\\/\"}]}<\/script>\n<!-- \/ Yoast SEO plugin. -->","yoast_head_json":{"title":"Encontro discute estrat\u00e9gias no enfrentamento \u00e0s organiza\u00e7\u00f5es criminosas - Regi\u00e3o News","robots":{"index":"index","follow":"follow","max-snippet":"max-snippet:-1","max-image-preview":"max-image-preview:large","max-video-preview":"max-video-preview:-1"},"canonical":"https:\/\/regiaonews.net.br\/2022\/2023\/09\/13\/encontro-discute-estrategias-no-enfrentamento-as-organizacoes-criminosas\/","og_locale":"pt_BR","og_type":"article","og_title":"Encontro discute estrat\u00e9gias no enfrentamento \u00e0s organiza\u00e7\u00f5es criminosas - Regi\u00e3o News","og_description":"2\u00ba Semin\u00e1rio Banc\u00e1rio de Preven\u00e7\u00e3o e Repress\u00e3o ao Crime foi","og_url":"https:\/\/regiaonews.net.br\/2022\/2023\/09\/13\/encontro-discute-estrategias-no-enfrentamento-as-organizacoes-criminosas\/","og_site_name":"Regi\u00e3o News","article_published_time":"2023-09-13T23:52:58+00:00","og_image":[{"width":800,"height":533,"url":"https:\/\/regiaonews.net.br\/2022\/wp-content\/uploads\/2023\/09\/00051335.jpg","type":"image\/jpeg"}],"author":"Roberto","twitter_card":"summary_large_image","twitter_misc":{"Escrito por":"Roberto","Est. tempo de leitura":"3 minutos"},"schema":{"@context":"https:\/\/schema.org","@graph":[{"@type":"Article","@id":"https:\/\/regiaonews.net.br\/2022\/2023\/09\/13\/encontro-discute-estrategias-no-enfrentamento-as-organizacoes-criminosas\/#article","isPartOf":{"@id":"https:\/\/regiaonews.net.br\/2022\/2023\/09\/13\/encontro-discute-estrategias-no-enfrentamento-as-organizacoes-criminosas\/"},"author":{"name":"Roberto","@id":"https:\/\/regiaonews.net.br\/2022\/#\/schema\/person\/2d205a608a5aa97ac279d7a5e6d89ad8"},"headline":"Encontro discute estrat\u00e9gias no enfrentamento \u00e0s organiza\u00e7\u00f5es criminosas","datePublished":"2023-09-13T23:52:58+00:00","mainEntityOfPage":{"@id":"https:\/\/regiaonews.net.br\/2022\/2023\/09\/13\/encontro-discute-estrategias-no-enfrentamento-as-organizacoes-criminosas\/"},"wordCount":530,"commentCount":0,"publisher":{"@id":"https:\/\/regiaonews.net.br\/2022\/#organization"},"image":{"@id":"https:\/\/regiaonews.net.br\/2022\/2023\/09\/13\/encontro-discute-estrategias-no-enfrentamento-as-organizacoes-criminosas\/#primaryimage"},"thumbnailUrl":"https:\/\/regiaonews.net.br\/2022\/wp-content\/uploads\/2023\/09\/00051335.jpg","articleSection":["Estado de S\u00e3o Paulo","Policia"],"inLanguage":"pt-BR","potentialAction":[{"@type":"CommentAction","name":"Comment","target":["https:\/\/regiaonews.net.br\/2022\/2023\/09\/13\/encontro-discute-estrategias-no-enfrentamento-as-organizacoes-criminosas\/#respond"]}]},{"@type":"WebPage","@id":"https:\/\/regiaonews.net.br\/2022\/2023\/09\/13\/encontro-discute-estrategias-no-enfrentamento-as-organizacoes-criminosas\/","url":"https:\/\/regiaonews.net.br\/2022\/2023\/09\/13\/encontro-discute-estrategias-no-enfrentamento-as-organizacoes-criminosas\/","name":"Encontro discute estrat\u00e9gias no enfrentamento \u00e0s organiza\u00e7\u00f5es criminosas - Regi\u00e3o News","isPartOf":{"@id":"https:\/\/regiaonews.net.br\/2022\/#website"},"primaryImageOfPage":{"@id":"https:\/\/regiaonews.net.br\/2022\/2023\/09\/13\/encontro-discute-estrategias-no-enfrentamento-as-organizacoes-criminosas\/#primaryimage"},"image":{"@id":"https:\/\/regiaonews.net.br\/2022\/2023\/09\/13\/encontro-discute-estrategias-no-enfrentamento-as-organizacoes-criminosas\/#primaryimage"},"thumbnailUrl":"https:\/\/regiaonews.net.br\/2022\/wp-content\/uploads\/2023\/09\/00051335.jpg","datePublished":"2023-09-13T23:52:58+00:00","breadcrumb":{"@id":"https:\/\/regiaonews.net.br\/2022\/2023\/09\/13\/encontro-discute-estrategias-no-enfrentamento-as-organizacoes-criminosas\/#breadcrumb"},"inLanguage":"pt-BR","potentialAction":[{"@type":"ReadAction","target":["https:\/\/regiaonews.net.br\/2022\/2023\/09\/13\/encontro-discute-estrategias-no-enfrentamento-as-organizacoes-criminosas\/"]}]},{"@type":"ImageObject","inLanguage":"pt-BR","@id":"https:\/\/regiaonews.net.br\/2022\/2023\/09\/13\/encontro-discute-estrategias-no-enfrentamento-as-organizacoes-criminosas\/#primaryimage","url":"https:\/\/regiaonews.net.br\/2022\/wp-content\/uploads\/2023\/09\/00051335.jpg","contentUrl":"https:\/\/regiaonews.net.br\/2022\/wp-content\/uploads\/2023\/09\/00051335.jpg","width":800,"height":533},{"@type":"BreadcrumbList","@id":"https:\/\/regiaonews.net.br\/2022\/2023\/09\/13\/encontro-discute-estrategias-no-enfrentamento-as-organizacoes-criminosas\/#breadcrumb","itemListElement":[{"@type":"ListItem","position":1,"name":"In\u00edcio","item":"https:\/\/regiaonews.net.br\/2022\/"},{"@type":"ListItem","position":2,"name":"Encontro discute estrat\u00e9gias no enfrentamento \u00e0s organiza\u00e7\u00f5es criminosas"}]},{"@type":"WebSite","@id":"https:\/\/regiaonews.net.br\/2022\/#website","url":"https:\/\/regiaonews.net.br\/2022\/","name":"Regi\u00e3o News","description":"Site de Not\u00edcias de Barretos e regi\u00e3o","publisher":{"@id":"https:\/\/regiaonews.net.br\/2022\/#organization"},"potentialAction":[{"@type":"SearchAction","target":{"@type":"EntryPoint","urlTemplate":"https:\/\/regiaonews.net.br\/2022\/?s={search_term_string}"},"query-input":{"@type":"PropertyValueSpecification","valueRequired":true,"valueName":"search_term_string"}}],"inLanguage":"pt-BR"},{"@type":"Organization","@id":"https:\/\/regiaonews.net.br\/2022\/#organization","name":"Regi\u00e3o News","url":"https:\/\/regiaonews.net.br\/2022\/","logo":{"@type":"ImageObject","inLanguage":"pt-BR","@id":"https:\/\/regiaonews.net.br\/2022\/#\/schema\/logo\/image\/","url":"https:\/\/regiaonews.net.br\/2022\/wp-content\/uploads\/2026\/03\/regiao-13-anos-scaled.jpg","contentUrl":"https:\/\/regiaonews.net.br\/2022\/wp-content\/uploads\/2026\/03\/regiao-13-anos-scaled.jpg","width":2560,"height":635,"caption":"Regi\u00e3o News"},"image":{"@id":"https:\/\/regiaonews.net.br\/2022\/#\/schema\/logo\/image\/"}},{"@type":"Person","@id":"https:\/\/regiaonews.net.br\/2022\/#\/schema\/person\/2d205a608a5aa97ac279d7a5e6d89ad8","name":"Roberto","image":{"@type":"ImageObject","inLanguage":"pt-BR","@id":"https:\/\/secure.gravatar.com\/avatar\/42749d8b712ff9d59ca93dc150494e5b55a44134482993f5baeb97e61b7ecc89?s=96&d=mm&r=g","url":"https:\/\/secure.gravatar.com\/avatar\/42749d8b712ff9d59ca93dc150494e5b55a44134482993f5baeb97e61b7ecc89?s=96&d=mm&r=g","contentUrl":"https:\/\/secure.gravatar.com\/avatar\/42749d8b712ff9d59ca93dc150494e5b55a44134482993f5baeb97e61b7ecc89?s=96&d=mm&r=g","caption":"Roberto"},"url":"https:\/\/regiaonews.net.br\/2022\/author\/roberto\/"}]}},"publishpress_future_action":{"enabled":false,"date":"2026-05-04 19:13:54","action":"change-status","newStatus":"draft","terms":[],"taxonomy":"category","extraData":[]},"publishpress_future_workflow_manual_trigger":{"enabledWorkflows":[]},"_links":{"self":[{"href":"https:\/\/regiaonews.net.br\/2022\/wp-json\/wp\/v2\/posts\/95030","targetHints":{"allow":["GET"]}}],"collection":[{"href":"https:\/\/regiaonews.net.br\/2022\/wp-json\/wp\/v2\/posts"}],"about":[{"href":"https:\/\/regiaonews.net.br\/2022\/wp-json\/wp\/v2\/types\/post"}],"author":[{"embeddable":true,"href":"https:\/\/regiaonews.net.br\/2022\/wp-json\/wp\/v2\/users\/2"}],"replies":[{"embeddable":true,"href":"https:\/\/regiaonews.net.br\/2022\/wp-json\/wp\/v2\/comments?post=95030"}],"version-history":[{"count":1,"href":"https:\/\/regiaonews.net.br\/2022\/wp-json\/wp\/v2\/posts\/95030\/revisions"}],"predecessor-version":[{"id":95032,"href":"https:\/\/regiaonews.net.br\/2022\/wp-json\/wp\/v2\/posts\/95030\/revisions\/95032"}],"wp:featuredmedia":[{"embeddable":true,"href":"https:\/\/regiaonews.net.br\/2022\/wp-json\/wp\/v2\/media\/95031"}],"wp:attachment":[{"href":"https:\/\/regiaonews.net.br\/2022\/wp-json\/wp\/v2\/media?parent=95030"}],"wp:term":[{"taxonomy":"category","embeddable":true,"href":"https:\/\/regiaonews.net.br\/2022\/wp-json\/wp\/v2\/categories?post=95030"},{"taxonomy":"post_tag","embeddable":true,"href":"https:\/\/regiaonews.net.br\/2022\/wp-json\/wp\/v2\/tags?post=95030"}],"curies":[{"name":"wp","href":"https:\/\/api.w.org\/{rel}","templated":true}]}}