{"id":95027,"date":"2023-09-13T20:50:44","date_gmt":"2023-09-13T23:50:44","guid":{"rendered":"https:\/\/regiaonews.net.br\/2022\/?p=95027"},"modified":"2023-09-13T20:50:44","modified_gmt":"2023-09-13T23:50:44","slug":"condenado-por-ameacar-a-ex-companheira-passar-a-ser-monitorado-com-tornozeleira-eletronica","status":"publish","type":"post","link":"https:\/\/regiaonews.net.br\/2022\/2023\/09\/13\/condenado-por-ameacar-a-ex-companheira-passar-a-ser-monitorado-com-tornozeleira-eletronica\/","title":{"rendered":"Condenado por amea\u00e7ar a ex-companheira passar a ser monitorado com tornozeleira eletr\u00f4nica"},"content":{"rendered":"<div>\n<h1 class=\"chapeu2 ng-binding\"><\/h1>\n<h2 class=\"titulopreto ng-binding\">Homem de 22 anos condenado por amea\u00e7a e inj\u00faria ser\u00e1 acompanhado em tempo real e n\u00e3o poder\u00e1 ter contato com a v\u00edtima<\/h2>\n<p><center><\/p>\n<h2 class=\"titulopreto ng-binding\"><\/h2>\n<p><\/center><\/div>\n<div id=\"notCorpo\" class=\"ng-binding\">\n<div>Em um expressivo avan\u00e7o na prote\u00e7\u00e3o das mulheres v\u00edtimas de viol\u00eancia, a coopera\u00e7\u00e3o entre a Secretaria de Seguran\u00e7a P\u00fablica e o Tribunal de Justi\u00e7a de S\u00e3o Paulo (TJ-SP) resultou no monitoramento por meio de tornozeleira eletr\u00f4nica do primeiro condenado por viol\u00eancia dom\u00e9stica. A medida foi determina em audi\u00eancia de cust\u00f3dia na \u00faltima ter\u00e7a-feira (12), um dia depois do acusado ter sido preso em flagrante no dia anterior pela Pol\u00edcia Militar nas proximidades da resid\u00eancia da v\u00edtima.<\/div>\n<div><\/div>\n<div>A partir de agora, o homem de 22 anos, condenado por amea\u00e7a e inj\u00faria, ter\u00e1 seus movimentos monitorados em tempo real pelas for\u00e7as de seguran\u00e7a do Estado, com a proibi\u00e7\u00e3o de contatar a v\u00edtima ou aproximar-se a menos de 300 metros dela. A ex-companheira, de 19 anos, relatou que tem uma filha com o acusado, de quem est\u00e1 separada h\u00e1 dois meses. Neste per\u00edodo, ela passou a ser amea\u00e7ada de morte por ele por meio de liga\u00e7\u00f5es, mensagens e at\u00e9 presencialmente.<\/div>\n<div><\/div>\n<div>&#8220;A possibilidade de monitorar um condenado por viol\u00eancia dom\u00e9stica \u00e9 um gigantesco avan\u00e7o no combate aos crimes contra a mulher. E o projeto de monitoramento com tornozeleiras eletr\u00f4nicas vai muito al\u00e9m. Queremos, com ele, diminuir a reincid\u00eancia criminal, que \u00e9 um dos grandes problemas no combate \u00e0 criminalidade&#8221;, afirma o secret\u00e1rio de Seguran\u00e7a P\u00fablica, Guilherme Derrite.<\/div>\n<div><\/div>\n<div>Desde segunda, outros dois acusados soltos em audi\u00eancias de cust\u00f3dia receberam tornozeleiras eletr\u00f4nicas. O primeiro foi condenado a 6 meses em regime aberto por embriaguez ao volante. O outro foi condenado a 2 anos em regime aberto por furto.<\/div>\n<div><\/div>\n<div>Projeto pioneiro<\/div>\n<div>O projeto de monitoramento com tornozeleira eletr\u00f4nica de criminosos soltos em audi\u00eancias de cust\u00f3dia \u00e9 fruto de um termo de coopera\u00e7\u00e3o entre a Secretaria da Seguran\u00e7a P\u00fablica e o Tribunal de Justi\u00e7a de S\u00e3o Paulo (TJ-SP).<\/div>\n<div><\/div>\n<div>Est\u00e3o dispon\u00edveis 200 tornozeleiras para serem usadas, a princ\u00edpio, em todas as pris\u00f5es registradas na capital, a crit\u00e9rio do juiz. A previs\u00e3o \u00e9 que o n\u00famero de tornozeleiras seja expandido gradualmente. A Administra\u00e7\u00e3o Penitenci\u00e1ria renovou a contrata\u00e7\u00e3o dos servi\u00e7os para 8 mil tornozeleiras, e a Seguran\u00e7a P\u00fablica est\u00e1 finalizando o edital da licita\u00e7\u00e3o que vai suprir a expans\u00e3o.<\/div>\n<\/div>\n","protected":false},"excerpt":{"rendered":"<p>Homem de 22 anos condenado por amea\u00e7a e inj\u00faria ser\u00e1<\/p>\n","protected":false},"author":2,"featured_media":95028,"comment_status":"open","ping_status":"open","sticky":false,"template":"","format":"standard","meta":{"footnotes":""},"categories":[7,23],"tags":[],"class_list":["post-95027","post","type-post","status-publish","format-standard","has-post-thumbnail","hentry","category-estado-de-sao-paulo","category-policia"],"yoast_head":"<!-- This site is optimized with the Yoast SEO plugin v27.4 - https:\/\/yoast.com\/product\/yoast-seo-wordpress\/ -->\n<title>Condenado por amea\u00e7ar a ex-companheira passar a ser monitorado com tornozeleira eletr\u00f4nica - Regi\u00e3o News<\/title>\n<meta name=\"robots\" content=\"index, follow, max-snippet:-1, max-image-preview:large, max-video-preview:-1\" \/>\n<link rel=\"canonical\" href=\"https:\/\/regiaonews.net.br\/2022\/2023\/09\/13\/condenado-por-ameacar-a-ex-companheira-passar-a-ser-monitorado-com-tornozeleira-eletronica\/\" \/>\n<meta property=\"og:locale\" content=\"pt_BR\" \/>\n<meta property=\"og:type\" content=\"article\" \/>\n<meta property=\"og:title\" content=\"Condenado por amea\u00e7ar a ex-companheira passar a ser monitorado com tornozeleira eletr\u00f4nica - Regi\u00e3o News\" \/>\n<meta property=\"og:description\" content=\"Homem de 22 anos condenado por amea\u00e7a e inj\u00faria ser\u00e1\" \/>\n<meta property=\"og:url\" content=\"https:\/\/regiaonews.net.br\/2022\/2023\/09\/13\/condenado-por-ameacar-a-ex-companheira-passar-a-ser-monitorado-com-tornozeleira-eletronica\/\" \/>\n<meta property=\"og:site_name\" content=\"Regi\u00e3o News\" \/>\n<meta property=\"article:published_time\" content=\"2023-09-13T23:50:44+00:00\" \/>\n<meta property=\"og:image\" content=\"https:\/\/regiaonews.net.br\/2022\/wp-content\/uploads\/2023\/09\/00051344.jpeg\" \/>\n\t<meta property=\"og:image:width\" content=\"800\" \/>\n\t<meta property=\"og:image:height\" content=\"435\" \/>\n\t<meta property=\"og:image:type\" content=\"image\/jpeg\" \/>\n<meta name=\"author\" content=\"Roberto\" \/>\n<meta name=\"twitter:card\" content=\"summary_large_image\" \/>\n<meta name=\"twitter:label1\" content=\"Escrito por\" \/>\n\t<meta name=\"twitter:data1\" content=\"Roberto\" \/>\n\t<meta name=\"twitter:label2\" content=\"Est. tempo de leitura\" \/>\n\t<meta name=\"twitter:data2\" content=\"3 minutos\" \/>\n<script type=\"application\/ld+json\" class=\"yoast-schema-graph\">{\"@context\":\"https:\\\/\\\/schema.org\",\"@graph\":[{\"@type\":\"Article\",\"@id\":\"https:\\\/\\\/regiaonews.net.br\\\/2022\\\/2023\\\/09\\\/13\\\/condenado-por-ameacar-a-ex-companheira-passar-a-ser-monitorado-com-tornozeleira-eletronica\\\/#article\",\"isPartOf\":{\"@id\":\"https:\\\/\\\/regiaonews.net.br\\\/2022\\\/2023\\\/09\\\/13\\\/condenado-por-ameacar-a-ex-companheira-passar-a-ser-monitorado-com-tornozeleira-eletronica\\\/\"},\"author\":{\"name\":\"Roberto\",\"@id\":\"https:\\\/\\\/regiaonews.net.br\\\/2022\\\/#\\\/schema\\\/person\\\/2d205a608a5aa97ac279d7a5e6d89ad8\"},\"headline\":\"Condenado por amea\u00e7ar a ex-companheira passar a ser monitorado com tornozeleira eletr\u00f4nica\",\"datePublished\":\"2023-09-13T23:50:44+00:00\",\"mainEntityOfPage\":{\"@id\":\"https:\\\/\\\/regiaonews.net.br\\\/2022\\\/2023\\\/09\\\/13\\\/condenado-por-ameacar-a-ex-companheira-passar-a-ser-monitorado-com-tornozeleira-eletronica\\\/\"},\"wordCount\":436,\"commentCount\":0,\"publisher\":{\"@id\":\"https:\\\/\\\/regiaonews.net.br\\\/2022\\\/#organization\"},\"image\":{\"@id\":\"https:\\\/\\\/regiaonews.net.br\\\/2022\\\/2023\\\/09\\\/13\\\/condenado-por-ameacar-a-ex-companheira-passar-a-ser-monitorado-com-tornozeleira-eletronica\\\/#primaryimage\"},\"thumbnailUrl\":\"https:\\\/\\\/regiaonews.net.br\\\/2022\\\/wp-content\\\/uploads\\\/2023\\\/09\\\/00051344.jpeg\",\"articleSection\":[\"Estado de S\u00e3o Paulo\",\"Policia\"],\"inLanguage\":\"pt-BR\",\"potentialAction\":[{\"@type\":\"CommentAction\",\"name\":\"Comment\",\"target\":[\"https:\\\/\\\/regiaonews.net.br\\\/2022\\\/2023\\\/09\\\/13\\\/condenado-por-ameacar-a-ex-companheira-passar-a-ser-monitorado-com-tornozeleira-eletronica\\\/#respond\"]}]},{\"@type\":\"WebPage\",\"@id\":\"https:\\\/\\\/regiaonews.net.br\\\/2022\\\/2023\\\/09\\\/13\\\/condenado-por-ameacar-a-ex-companheira-passar-a-ser-monitorado-com-tornozeleira-eletronica\\\/\",\"url\":\"https:\\\/\\\/regiaonews.net.br\\\/2022\\\/2023\\\/09\\\/13\\\/condenado-por-ameacar-a-ex-companheira-passar-a-ser-monitorado-com-tornozeleira-eletronica\\\/\",\"name\":\"Condenado por amea\u00e7ar a ex-companheira passar a ser monitorado com tornozeleira eletr\u00f4nica - Regi\u00e3o News\",\"isPartOf\":{\"@id\":\"https:\\\/\\\/regiaonews.net.br\\\/2022\\\/#website\"},\"primaryImageOfPage\":{\"@id\":\"https:\\\/\\\/regiaonews.net.br\\\/2022\\\/2023\\\/09\\\/13\\\/condenado-por-ameacar-a-ex-companheira-passar-a-ser-monitorado-com-tornozeleira-eletronica\\\/#primaryimage\"},\"image\":{\"@id\":\"https:\\\/\\\/regiaonews.net.br\\\/2022\\\/2023\\\/09\\\/13\\\/condenado-por-ameacar-a-ex-companheira-passar-a-ser-monitorado-com-tornozeleira-eletronica\\\/#primaryimage\"},\"thumbnailUrl\":\"https:\\\/\\\/regiaonews.net.br\\\/2022\\\/wp-content\\\/uploads\\\/2023\\\/09\\\/00051344.jpeg\",\"datePublished\":\"2023-09-13T23:50:44+00:00\",\"breadcrumb\":{\"@id\":\"https:\\\/\\\/regiaonews.net.br\\\/2022\\\/2023\\\/09\\\/13\\\/condenado-por-ameacar-a-ex-companheira-passar-a-ser-monitorado-com-tornozeleira-eletronica\\\/#breadcrumb\"},\"inLanguage\":\"pt-BR\",\"potentialAction\":[{\"@type\":\"ReadAction\",\"target\":[\"https:\\\/\\\/regiaonews.net.br\\\/2022\\\/2023\\\/09\\\/13\\\/condenado-por-ameacar-a-ex-companheira-passar-a-ser-monitorado-com-tornozeleira-eletronica\\\/\"]}]},{\"@type\":\"ImageObject\",\"inLanguage\":\"pt-BR\",\"@id\":\"https:\\\/\\\/regiaonews.net.br\\\/2022\\\/2023\\\/09\\\/13\\\/condenado-por-ameacar-a-ex-companheira-passar-a-ser-monitorado-com-tornozeleira-eletronica\\\/#primaryimage\",\"url\":\"https:\\\/\\\/regiaonews.net.br\\\/2022\\\/wp-content\\\/uploads\\\/2023\\\/09\\\/00051344.jpeg\",\"contentUrl\":\"https:\\\/\\\/regiaonews.net.br\\\/2022\\\/wp-content\\\/uploads\\\/2023\\\/09\\\/00051344.jpeg\",\"width\":800,\"height\":435},{\"@type\":\"BreadcrumbList\",\"@id\":\"https:\\\/\\\/regiaonews.net.br\\\/2022\\\/2023\\\/09\\\/13\\\/condenado-por-ameacar-a-ex-companheira-passar-a-ser-monitorado-com-tornozeleira-eletronica\\\/#breadcrumb\",\"itemListElement\":[{\"@type\":\"ListItem\",\"position\":1,\"name\":\"In\u00edcio\",\"item\":\"https:\\\/\\\/regiaonews.net.br\\\/2022\\\/\"},{\"@type\":\"ListItem\",\"position\":2,\"name\":\"Condenado por amea\u00e7ar a ex-companheira passar a ser monitorado com tornozeleira eletr\u00f4nica\"}]},{\"@type\":\"WebSite\",\"@id\":\"https:\\\/\\\/regiaonews.net.br\\\/2022\\\/#website\",\"url\":\"https:\\\/\\\/regiaonews.net.br\\\/2022\\\/\",\"name\":\"Regi\u00e3o News\",\"description\":\"Site de Not\u00edcias de Barretos e regi\u00e3o\",\"publisher\":{\"@id\":\"https:\\\/\\\/regiaonews.net.br\\\/2022\\\/#organization\"},\"potentialAction\":[{\"@type\":\"SearchAction\",\"target\":{\"@type\":\"EntryPoint\",\"urlTemplate\":\"https:\\\/\\\/regiaonews.net.br\\\/2022\\\/?s={search_term_string}\"},\"query-input\":{\"@type\":\"PropertyValueSpecification\",\"valueRequired\":true,\"valueName\":\"search_term_string\"}}],\"inLanguage\":\"pt-BR\"},{\"@type\":\"Organization\",\"@id\":\"https:\\\/\\\/regiaonews.net.br\\\/2022\\\/#organization\",\"name\":\"Regi\u00e3o News\",\"url\":\"https:\\\/\\\/regiaonews.net.br\\\/2022\\\/\",\"logo\":{\"@type\":\"ImageObject\",\"inLanguage\":\"pt-BR\",\"@id\":\"https:\\\/\\\/regiaonews.net.br\\\/2022\\\/#\\\/schema\\\/logo\\\/image\\\/\",\"url\":\"https:\\\/\\\/regiaonews.net.br\\\/2022\\\/wp-content\\\/uploads\\\/2026\\\/03\\\/regiao-13-anos-scaled.jpg\",\"contentUrl\":\"https:\\\/\\\/regiaonews.net.br\\\/2022\\\/wp-content\\\/uploads\\\/2026\\\/03\\\/regiao-13-anos-scaled.jpg\",\"width\":2560,\"height\":635,\"caption\":\"Regi\u00e3o News\"},\"image\":{\"@id\":\"https:\\\/\\\/regiaonews.net.br\\\/2022\\\/#\\\/schema\\\/logo\\\/image\\\/\"}},{\"@type\":\"Person\",\"@id\":\"https:\\\/\\\/regiaonews.net.br\\\/2022\\\/#\\\/schema\\\/person\\\/2d205a608a5aa97ac279d7a5e6d89ad8\",\"name\":\"Roberto\",\"image\":{\"@type\":\"ImageObject\",\"inLanguage\":\"pt-BR\",\"@id\":\"https:\\\/\\\/secure.gravatar.com\\\/avatar\\\/42749d8b712ff9d59ca93dc150494e5b55a44134482993f5baeb97e61b7ecc89?s=96&d=mm&r=g\",\"url\":\"https:\\\/\\\/secure.gravatar.com\\\/avatar\\\/42749d8b712ff9d59ca93dc150494e5b55a44134482993f5baeb97e61b7ecc89?s=96&d=mm&r=g\",\"contentUrl\":\"https:\\\/\\\/secure.gravatar.com\\\/avatar\\\/42749d8b712ff9d59ca93dc150494e5b55a44134482993f5baeb97e61b7ecc89?s=96&d=mm&r=g\",\"caption\":\"Roberto\"},\"url\":\"https:\\\/\\\/regiaonews.net.br\\\/2022\\\/author\\\/roberto\\\/\"}]}<\/script>\n<!-- \/ Yoast SEO plugin. -->","yoast_head_json":{"title":"Condenado por amea\u00e7ar a ex-companheira passar a ser monitorado com tornozeleira eletr\u00f4nica - Regi\u00e3o News","robots":{"index":"index","follow":"follow","max-snippet":"max-snippet:-1","max-image-preview":"max-image-preview:large","max-video-preview":"max-video-preview:-1"},"canonical":"https:\/\/regiaonews.net.br\/2022\/2023\/09\/13\/condenado-por-ameacar-a-ex-companheira-passar-a-ser-monitorado-com-tornozeleira-eletronica\/","og_locale":"pt_BR","og_type":"article","og_title":"Condenado por amea\u00e7ar a ex-companheira passar a ser monitorado com tornozeleira eletr\u00f4nica - Regi\u00e3o News","og_description":"Homem de 22 anos condenado por amea\u00e7a e inj\u00faria ser\u00e1","og_url":"https:\/\/regiaonews.net.br\/2022\/2023\/09\/13\/condenado-por-ameacar-a-ex-companheira-passar-a-ser-monitorado-com-tornozeleira-eletronica\/","og_site_name":"Regi\u00e3o News","article_published_time":"2023-09-13T23:50:44+00:00","og_image":[{"width":800,"height":435,"url":"https:\/\/regiaonews.net.br\/2022\/wp-content\/uploads\/2023\/09\/00051344.jpeg","type":"image\/jpeg"}],"author":"Roberto","twitter_card":"summary_large_image","twitter_misc":{"Escrito por":"Roberto","Est. tempo de leitura":"3 minutos"},"schema":{"@context":"https:\/\/schema.org","@graph":[{"@type":"Article","@id":"https:\/\/regiaonews.net.br\/2022\/2023\/09\/13\/condenado-por-ameacar-a-ex-companheira-passar-a-ser-monitorado-com-tornozeleira-eletronica\/#article","isPartOf":{"@id":"https:\/\/regiaonews.net.br\/2022\/2023\/09\/13\/condenado-por-ameacar-a-ex-companheira-passar-a-ser-monitorado-com-tornozeleira-eletronica\/"},"author":{"name":"Roberto","@id":"https:\/\/regiaonews.net.br\/2022\/#\/schema\/person\/2d205a608a5aa97ac279d7a5e6d89ad8"},"headline":"Condenado por amea\u00e7ar a ex-companheira passar a ser monitorado com tornozeleira eletr\u00f4nica","datePublished":"2023-09-13T23:50:44+00:00","mainEntityOfPage":{"@id":"https:\/\/regiaonews.net.br\/2022\/2023\/09\/13\/condenado-por-ameacar-a-ex-companheira-passar-a-ser-monitorado-com-tornozeleira-eletronica\/"},"wordCount":436,"commentCount":0,"publisher":{"@id":"https:\/\/regiaonews.net.br\/2022\/#organization"},"image":{"@id":"https:\/\/regiaonews.net.br\/2022\/2023\/09\/13\/condenado-por-ameacar-a-ex-companheira-passar-a-ser-monitorado-com-tornozeleira-eletronica\/#primaryimage"},"thumbnailUrl":"https:\/\/regiaonews.net.br\/2022\/wp-content\/uploads\/2023\/09\/00051344.jpeg","articleSection":["Estado de S\u00e3o Paulo","Policia"],"inLanguage":"pt-BR","potentialAction":[{"@type":"CommentAction","name":"Comment","target":["https:\/\/regiaonews.net.br\/2022\/2023\/09\/13\/condenado-por-ameacar-a-ex-companheira-passar-a-ser-monitorado-com-tornozeleira-eletronica\/#respond"]}]},{"@type":"WebPage","@id":"https:\/\/regiaonews.net.br\/2022\/2023\/09\/13\/condenado-por-ameacar-a-ex-companheira-passar-a-ser-monitorado-com-tornozeleira-eletronica\/","url":"https:\/\/regiaonews.net.br\/2022\/2023\/09\/13\/condenado-por-ameacar-a-ex-companheira-passar-a-ser-monitorado-com-tornozeleira-eletronica\/","name":"Condenado por amea\u00e7ar a ex-companheira passar a ser monitorado com tornozeleira eletr\u00f4nica - Regi\u00e3o News","isPartOf":{"@id":"https:\/\/regiaonews.net.br\/2022\/#website"},"primaryImageOfPage":{"@id":"https:\/\/regiaonews.net.br\/2022\/2023\/09\/13\/condenado-por-ameacar-a-ex-companheira-passar-a-ser-monitorado-com-tornozeleira-eletronica\/#primaryimage"},"image":{"@id":"https:\/\/regiaonews.net.br\/2022\/2023\/09\/13\/condenado-por-ameacar-a-ex-companheira-passar-a-ser-monitorado-com-tornozeleira-eletronica\/#primaryimage"},"thumbnailUrl":"https:\/\/regiaonews.net.br\/2022\/wp-content\/uploads\/2023\/09\/00051344.jpeg","datePublished":"2023-09-13T23:50:44+00:00","breadcrumb":{"@id":"https:\/\/regiaonews.net.br\/2022\/2023\/09\/13\/condenado-por-ameacar-a-ex-companheira-passar-a-ser-monitorado-com-tornozeleira-eletronica\/#breadcrumb"},"inLanguage":"pt-BR","potentialAction":[{"@type":"ReadAction","target":["https:\/\/regiaonews.net.br\/2022\/2023\/09\/13\/condenado-por-ameacar-a-ex-companheira-passar-a-ser-monitorado-com-tornozeleira-eletronica\/"]}]},{"@type":"ImageObject","inLanguage":"pt-BR","@id":"https:\/\/regiaonews.net.br\/2022\/2023\/09\/13\/condenado-por-ameacar-a-ex-companheira-passar-a-ser-monitorado-com-tornozeleira-eletronica\/#primaryimage","url":"https:\/\/regiaonews.net.br\/2022\/wp-content\/uploads\/2023\/09\/00051344.jpeg","contentUrl":"https:\/\/regiaonews.net.br\/2022\/wp-content\/uploads\/2023\/09\/00051344.jpeg","width":800,"height":435},{"@type":"BreadcrumbList","@id":"https:\/\/regiaonews.net.br\/2022\/2023\/09\/13\/condenado-por-ameacar-a-ex-companheira-passar-a-ser-monitorado-com-tornozeleira-eletronica\/#breadcrumb","itemListElement":[{"@type":"ListItem","position":1,"name":"In\u00edcio","item":"https:\/\/regiaonews.net.br\/2022\/"},{"@type":"ListItem","position":2,"name":"Condenado por amea\u00e7ar a ex-companheira passar a ser monitorado com tornozeleira eletr\u00f4nica"}]},{"@type":"WebSite","@id":"https:\/\/regiaonews.net.br\/2022\/#website","url":"https:\/\/regiaonews.net.br\/2022\/","name":"Regi\u00e3o News","description":"Site de Not\u00edcias de Barretos e regi\u00e3o","publisher":{"@id":"https:\/\/regiaonews.net.br\/2022\/#organization"},"potentialAction":[{"@type":"SearchAction","target":{"@type":"EntryPoint","urlTemplate":"https:\/\/regiaonews.net.br\/2022\/?s={search_term_string}"},"query-input":{"@type":"PropertyValueSpecification","valueRequired":true,"valueName":"search_term_string"}}],"inLanguage":"pt-BR"},{"@type":"Organization","@id":"https:\/\/regiaonews.net.br\/2022\/#organization","name":"Regi\u00e3o News","url":"https:\/\/regiaonews.net.br\/2022\/","logo":{"@type":"ImageObject","inLanguage":"pt-BR","@id":"https:\/\/regiaonews.net.br\/2022\/#\/schema\/logo\/image\/","url":"https:\/\/regiaonews.net.br\/2022\/wp-content\/uploads\/2026\/03\/regiao-13-anos-scaled.jpg","contentUrl":"https:\/\/regiaonews.net.br\/2022\/wp-content\/uploads\/2026\/03\/regiao-13-anos-scaled.jpg","width":2560,"height":635,"caption":"Regi\u00e3o News"},"image":{"@id":"https:\/\/regiaonews.net.br\/2022\/#\/schema\/logo\/image\/"}},{"@type":"Person","@id":"https:\/\/regiaonews.net.br\/2022\/#\/schema\/person\/2d205a608a5aa97ac279d7a5e6d89ad8","name":"Roberto","image":{"@type":"ImageObject","inLanguage":"pt-BR","@id":"https:\/\/secure.gravatar.com\/avatar\/42749d8b712ff9d59ca93dc150494e5b55a44134482993f5baeb97e61b7ecc89?s=96&d=mm&r=g","url":"https:\/\/secure.gravatar.com\/avatar\/42749d8b712ff9d59ca93dc150494e5b55a44134482993f5baeb97e61b7ecc89?s=96&d=mm&r=g","contentUrl":"https:\/\/secure.gravatar.com\/avatar\/42749d8b712ff9d59ca93dc150494e5b55a44134482993f5baeb97e61b7ecc89?s=96&d=mm&r=g","caption":"Roberto"},"url":"https:\/\/regiaonews.net.br\/2022\/author\/roberto\/"}]}},"publishpress_future_action":{"enabled":false,"date":"2026-05-04 19:13:23","action":"change-status","newStatus":"draft","terms":[],"taxonomy":"category","extraData":[]},"publishpress_future_workflow_manual_trigger":{"enabledWorkflows":[]},"_links":{"self":[{"href":"https:\/\/regiaonews.net.br\/2022\/wp-json\/wp\/v2\/posts\/95027","targetHints":{"allow":["GET"]}}],"collection":[{"href":"https:\/\/regiaonews.net.br\/2022\/wp-json\/wp\/v2\/posts"}],"about":[{"href":"https:\/\/regiaonews.net.br\/2022\/wp-json\/wp\/v2\/types\/post"}],"author":[{"embeddable":true,"href":"https:\/\/regiaonews.net.br\/2022\/wp-json\/wp\/v2\/users\/2"}],"replies":[{"embeddable":true,"href":"https:\/\/regiaonews.net.br\/2022\/wp-json\/wp\/v2\/comments?post=95027"}],"version-history":[{"count":1,"href":"https:\/\/regiaonews.net.br\/2022\/wp-json\/wp\/v2\/posts\/95027\/revisions"}],"predecessor-version":[{"id":95029,"href":"https:\/\/regiaonews.net.br\/2022\/wp-json\/wp\/v2\/posts\/95027\/revisions\/95029"}],"wp:featuredmedia":[{"embeddable":true,"href":"https:\/\/regiaonews.net.br\/2022\/wp-json\/wp\/v2\/media\/95028"}],"wp:attachment":[{"href":"https:\/\/regiaonews.net.br\/2022\/wp-json\/wp\/v2\/media?parent=95027"}],"wp:term":[{"taxonomy":"category","embeddable":true,"href":"https:\/\/regiaonews.net.br\/2022\/wp-json\/wp\/v2\/categories?post=95027"},{"taxonomy":"post_tag","embeddable":true,"href":"https:\/\/regiaonews.net.br\/2022\/wp-json\/wp\/v2\/tags?post=95027"}],"curies":[{"name":"wp","href":"https:\/\/api.w.org\/{rel}","templated":true}]}}