{"id":95019,"date":"2023-09-13T17:55:31","date_gmt":"2023-09-13T20:55:31","guid":{"rendered":"https:\/\/regiaonews.net.br\/2022\/?p=95019"},"modified":"2023-09-13T17:55:31","modified_gmt":"2023-09-13T20:55:31","slug":"governo-de-sp-sanciona-lei-que-obriga-bares-e-restaurantes-a-fornecer-agua-filtrada-de-graca-no-estado","status":"publish","type":"post","link":"https:\/\/regiaonews.net.br\/2022\/2023\/09\/13\/governo-de-sp-sanciona-lei-que-obriga-bares-e-restaurantes-a-fornecer-agua-filtrada-de-graca-no-estado\/","title":{"rendered":"Governo de SP sanciona lei que obriga bares e restaurantes a fornecer \u00e1gua filtrada de gra\u00e7a no estado"},"content":{"rendered":"<div class=\"title\" data-block-type=\"title\" data-block-id=\"0\">\n<h3 class=\"content-head__title\" style=\"text-align: center;\"><span style=\"font-size: 16px;\">Pelo texto, publicado no Di\u00e1rio Oficial desta quarta-feira (13), estabelecimentos dever\u00e3o deixar vis\u00edvel, seja no card\u00e1pio ou em cartazes, que a \u00e1gua pot\u00e1vel est\u00e1 dispon\u00edvel. Na capital, lei semelhante foi alvo de a\u00e7\u00e3o contr\u00e1ria de comerciantes e aguarda defini\u00e7\u00e3o do STF.<\/span><\/h3>\n<div id=\"chunk-50kuq\">\n<div class=\"mc-column content-text active-extra-styles \" data-block-type=\"unstyled\" data-block-weight=\"33\" data-block-id=\"3\">\n<p class=\"content-text__container \" data-track-category=\"Link no Texto\" data-track-links=\"\">O governador Tarc\u00edsio de Freitas (Republicanos) sancionou o projeto de lei que obriga bares, restaurantes, lanchonetes, padarias e estabelecimentos similares a oferecer \u00e1gua pot\u00e1vel de gra\u00e7a e \u00e0 vontade a seus clientes.<\/p>\n<\/div>\n<\/div>\n<div class=\"wall protected-content\">\n<div id=\"chunk-dco20\">\n<div class=\"mc-column content-text active-extra-styles \" data-block-type=\"unstyled\" data-block-weight=\"31\" data-block-id=\"4\">\n<p class=\"content-text__container \" data-track-category=\"Link no Texto\" data-track-links=\"\">A lei entra em vigor nesta quarta (13), data em foi publicada no Di\u00e1rio Oficial, mas a gest\u00e3o estadual ainda ir\u00e1 definir detalhes sobre a aplica\u00e7\u00e3o, san\u00e7\u00f5es e prazos aos estabelecimentos.<\/p>\n<\/div>\n<\/div>\n<div id=\"chunk-a9kl\">\n<div class=\"mc-column content-text active-extra-styles \" data-block-type=\"unstyled\" data-block-weight=\"19\" data-block-id=\"5\">\n<p class=\"content-text__container \" data-track-category=\"Link no Texto\" data-track-links=\"\">Pelo texto, os estabelecimentos dever\u00e3o deixar vis\u00edvel, seja no card\u00e1pio ou em cartazes, que a \u00e1gua pot\u00e1vel est\u00e1 dispon\u00edvel.<\/p>\n<\/div>\n<\/div>\n<div id=\"chunk-3tu2c\">\n<div class=\"mc-column content-text active-extra-styles \" data-block-type=\"unstyled\" data-block-weight=\"23\" data-block-id=\"6\">\n<p class=\"content-text__container \" data-track-category=\"Link no Texto\" data-track-links=\"\">O projeto de lei, de autoria do deputado \u00c1tila Jacomussi (Solidariedade), foi aprovado pelos deputados na Assembleia Legislativa no final de agosto.<\/p>\n<div id=\"chunk-22nm0\">\n<div class=\"mc-column content-text active-extra-styles \" data-block-type=\"unstyled\" data-block-weight=\"9\" data-block-id=\"9\">\n<p class=\"content-text__container \" data-track-category=\"Link no Texto\" data-track-links=\"\">A capital paulista tamb\u00e9m tem uma legisla\u00e7\u00e3o parecida.<\/p>\n<\/div>\n<\/div>\n<div id=\"chunk-1fpc8\">\n<div class=\"mc-column content-text active-extra-styles \" data-block-type=\"unstyled\" data-block-weight=\"47\" data-block-id=\"10\">\n<p class=\"content-text__container \" data-track-category=\"Link no Texto\" data-track-links=\"\">No entanto, bares e restaurantes de S\u00e3o Paulo associados \u00e0 Confedera\u00e7\u00e3o Nacional do Turismo (CNTur) entraram na Justi\u00e7a pedindo a revoga\u00e7\u00e3o da lei que obriga estabelecimentos a oferecer \u00e1gua filtrada gratuitamente, e a discuss\u00e3o est\u00e1 atualmente no Supremo Tribunal Federal (STF), no aguardo de an\u00e1lises de recursos.<\/p>\n<div id=\"chunk-1ba5k\">\n<div class=\"mc-column content-text active-extra-styles \" data-block-type=\"unstyled\" data-block-weight=\"26\" data-block-id=\"14\">\n<p class=\"content-text__container \" data-track-category=\"Link no Texto\" data-track-links=\"\">Bares e restaurantes de S\u00e3o Paulo associados \u00e0 Confedera\u00e7\u00e3o Nacional do Turismo (CNTur), entraram na Justi\u00e7a pedindo a revoga\u00e7\u00e3o da lei municipal em mar\u00e7o deste ano.<\/p>\n<\/div>\n<\/div>\n<div id=\"chunk-4pc5\">\n<div class=\"mc-column content-text active-extra-styles \" data-block-type=\"unstyled\" data-block-weight=\"51\" data-block-id=\"15\">\n<p class=\"content-text__container \" data-track-category=\"Link no Texto\" data-track-links=\"\">A lei foi\u00a0<a class=\"\" href=\"https:\/\/g1.globo.com\/sp\/sao-paulo\/noticia\/2020\/09\/10\/covas-sanciona-lei-que-obriga-bares-e-restaurantes-a-servirem-agua-filtrada-gratuitamente-em-sp.ghtml\">sancionada em setembro de 2020.\u00a0<\/a>Mas s\u00f3 entrou em vigor em setembro de 2021. O texto determinava que estabelecimentos deveriam incluir a oferta de \u00e1gua no card\u00e1pio, de modo vis\u00edvel, informando os consumidores que havia &#8220;\u00e1gua da casa&#8221;, e ela deveria ser dada ao cliente sempre que solicitada.<\/p>\n<\/div>\n<\/div>\n<div id=\"chunk-9acug\">\n<div class=\"mc-column content-text active-extra-styles \" data-block-type=\"unstyled\" data-block-weight=\"31\" data-block-id=\"16\">\n<p class=\"content-text__container \" data-track-category=\"Link no Texto\" data-track-links=\"\">Em nota, a CNtur informou que, em agosto de 2021, ajuizou uma a\u00e7\u00e3o contra a lei para diminuir os preju\u00edzos do setor, um dos mais afetados economicamente pela pandemia de Covid-19.<\/p>\n<div id=\"chunk-7cbcb\">\n<div class=\"mc-column content-text active-extra-styles \" data-block-type=\"unstyled\" data-block-weight=\"24\" data-block-id=\"19\">\n<p class=\"content-text__container \" data-track-category=\"Link no Texto\" data-track-links=\"\">Em junho de 2022, o Tribunal de Justi\u00e7a de S\u00e3o Paulo (TJ-SP) julgou a lei inconstitucional. A prefeitura da capital recorreu a decis\u00e3o.<\/p>\n<\/div>\n<\/div>\n<div id=\"chunk-4puda\">\n<div class=\"mc-column content-text active-extra-styles \" data-block-type=\"unstyled\" data-block-weight=\"16\" data-block-id=\"20\">\n<p class=\"content-text__container \" data-track-category=\"Link no Texto\" data-track-links=\"\">O TJ, ent\u00e3o, acatou e determinou o encaminhamento do processo ao Supremo Tribunal Federal (STF).<\/p>\n<\/div>\n<\/div>\n<div data-track-category=\"multicontent\" data-track-action=\"ultimo chunk conteudo\" data-track-noninteraction=\"false\" data-track-scroll=\"view\">\n<div id=\"chunk-9dcrq\">\n<div class=\"mc-column content-text active-extra-styles \" data-block-type=\"unstyled\" data-block-weight=\"18\" data-block-id=\"21\">\n<p class=\"content-text__container \" data-track-category=\"Link no Texto\" data-track-links=\"\">O processo foi encaminhado ao STF em fevereiro deste ano, e o relator \u00e9 o ministro Edson Fachin.<\/p>\n<\/div>\n<\/div>\n<\/div>\n<\/div>\n<\/div>\n<\/div>\n<\/div>\n<\/div>\n<\/div>\n<\/div>\n<\/div>\n","protected":false},"excerpt":{"rendered":"<p>Pelo texto, publicado no Di\u00e1rio Oficial desta quarta-feira (13), estabelecimentos<\/p>\n","protected":false},"author":2,"featured_media":95020,"comment_status":"open","ping_status":"open","sticky":false,"template":"","format":"standard","meta":{"footnotes":""},"categories":[24,3],"tags":[],"class_list":["post-95019","post","type-post","status-publish","format-standard","has-post-thumbnail","hentry","category-brasil","category-geral"],"yoast_head":"<!-- This site is optimized with the Yoast SEO plugin v27.4 - https:\/\/yoast.com\/product\/yoast-seo-wordpress\/ -->\n<title>Governo de SP sanciona lei que obriga bares e restaurantes a fornecer \u00e1gua filtrada de gra\u00e7a no estado - Regi\u00e3o News<\/title>\n<meta name=\"robots\" content=\"index, follow, max-snippet:-1, max-image-preview:large, max-video-preview:-1\" \/>\n<link rel=\"canonical\" href=\"https:\/\/regiaonews.net.br\/2022\/2023\/09\/13\/governo-de-sp-sanciona-lei-que-obriga-bares-e-restaurantes-a-fornecer-agua-filtrada-de-graca-no-estado\/\" \/>\n<meta property=\"og:locale\" content=\"pt_BR\" \/>\n<meta property=\"og:type\" content=\"article\" \/>\n<meta property=\"og:title\" content=\"Governo de SP sanciona lei que obriga bares e restaurantes a fornecer \u00e1gua filtrada de gra\u00e7a no estado - Regi\u00e3o News\" \/>\n<meta property=\"og:description\" content=\"Pelo texto, publicado no Di\u00e1rio Oficial desta quarta-feira (13), estabelecimentos\" \/>\n<meta property=\"og:url\" content=\"https:\/\/regiaonews.net.br\/2022\/2023\/09\/13\/governo-de-sp-sanciona-lei-que-obriga-bares-e-restaurantes-a-fornecer-agua-filtrada-de-graca-no-estado\/\" \/>\n<meta property=\"og:site_name\" content=\"Regi\u00e3o News\" \/>\n<meta property=\"article:published_time\" content=\"2023-09-13T20:55:31+00:00\" \/>\n<meta property=\"og:image\" content=\"https:\/\/regiaonews.net.br\/2022\/wp-content\/uploads\/2023\/09\/ss.png\" \/>\n\t<meta property=\"og:image:width\" content=\"633\" \/>\n\t<meta property=\"og:image:height\" content=\"357\" \/>\n\t<meta property=\"og:image:type\" content=\"image\/png\" \/>\n<meta name=\"author\" content=\"Roberto\" \/>\n<meta name=\"twitter:card\" content=\"summary_large_image\" \/>\n<meta name=\"twitter:label1\" content=\"Escrito por\" \/>\n\t<meta name=\"twitter:data1\" content=\"Roberto\" \/>\n\t<meta name=\"twitter:label2\" content=\"Est. tempo de leitura\" \/>\n\t<meta name=\"twitter:data2\" content=\"3 minutos\" \/>\n<script type=\"application\/ld+json\" class=\"yoast-schema-graph\">{\"@context\":\"https:\\\/\\\/schema.org\",\"@graph\":[{\"@type\":\"Article\",\"@id\":\"https:\\\/\\\/regiaonews.net.br\\\/2022\\\/2023\\\/09\\\/13\\\/governo-de-sp-sanciona-lei-que-obriga-bares-e-restaurantes-a-fornecer-agua-filtrada-de-graca-no-estado\\\/#article\",\"isPartOf\":{\"@id\":\"https:\\\/\\\/regiaonews.net.br\\\/2022\\\/2023\\\/09\\\/13\\\/governo-de-sp-sanciona-lei-que-obriga-bares-e-restaurantes-a-fornecer-agua-filtrada-de-graca-no-estado\\\/\"},\"author\":{\"name\":\"Roberto\",\"@id\":\"https:\\\/\\\/regiaonews.net.br\\\/2022\\\/#\\\/schema\\\/person\\\/2d205a608a5aa97ac279d7a5e6d89ad8\"},\"headline\":\"Governo de SP sanciona lei que obriga bares e restaurantes a fornecer \u00e1gua filtrada de gra\u00e7a no estado\",\"datePublished\":\"2023-09-13T20:55:31+00:00\",\"mainEntityOfPage\":{\"@id\":\"https:\\\/\\\/regiaonews.net.br\\\/2022\\\/2023\\\/09\\\/13\\\/governo-de-sp-sanciona-lei-que-obriga-bares-e-restaurantes-a-fornecer-agua-filtrada-de-graca-no-estado\\\/\"},\"wordCount\":415,\"commentCount\":0,\"publisher\":{\"@id\":\"https:\\\/\\\/regiaonews.net.br\\\/2022\\\/#organization\"},\"image\":{\"@id\":\"https:\\\/\\\/regiaonews.net.br\\\/2022\\\/2023\\\/09\\\/13\\\/governo-de-sp-sanciona-lei-que-obriga-bares-e-restaurantes-a-fornecer-agua-filtrada-de-graca-no-estado\\\/#primaryimage\"},\"thumbnailUrl\":\"https:\\\/\\\/regiaonews.net.br\\\/2022\\\/wp-content\\\/uploads\\\/2023\\\/09\\\/ss.png\",\"articleSection\":[\"Brasil\",\"Geral\"],\"inLanguage\":\"pt-BR\",\"potentialAction\":[{\"@type\":\"CommentAction\",\"name\":\"Comment\",\"target\":[\"https:\\\/\\\/regiaonews.net.br\\\/2022\\\/2023\\\/09\\\/13\\\/governo-de-sp-sanciona-lei-que-obriga-bares-e-restaurantes-a-fornecer-agua-filtrada-de-graca-no-estado\\\/#respond\"]}]},{\"@type\":\"WebPage\",\"@id\":\"https:\\\/\\\/regiaonews.net.br\\\/2022\\\/2023\\\/09\\\/13\\\/governo-de-sp-sanciona-lei-que-obriga-bares-e-restaurantes-a-fornecer-agua-filtrada-de-graca-no-estado\\\/\",\"url\":\"https:\\\/\\\/regiaonews.net.br\\\/2022\\\/2023\\\/09\\\/13\\\/governo-de-sp-sanciona-lei-que-obriga-bares-e-restaurantes-a-fornecer-agua-filtrada-de-graca-no-estado\\\/\",\"name\":\"Governo de SP sanciona lei que obriga bares e restaurantes a fornecer \u00e1gua filtrada de gra\u00e7a no estado - Regi\u00e3o News\",\"isPartOf\":{\"@id\":\"https:\\\/\\\/regiaonews.net.br\\\/2022\\\/#website\"},\"primaryImageOfPage\":{\"@id\":\"https:\\\/\\\/regiaonews.net.br\\\/2022\\\/2023\\\/09\\\/13\\\/governo-de-sp-sanciona-lei-que-obriga-bares-e-restaurantes-a-fornecer-agua-filtrada-de-graca-no-estado\\\/#primaryimage\"},\"image\":{\"@id\":\"https:\\\/\\\/regiaonews.net.br\\\/2022\\\/2023\\\/09\\\/13\\\/governo-de-sp-sanciona-lei-que-obriga-bares-e-restaurantes-a-fornecer-agua-filtrada-de-graca-no-estado\\\/#primaryimage\"},\"thumbnailUrl\":\"https:\\\/\\\/regiaonews.net.br\\\/2022\\\/wp-content\\\/uploads\\\/2023\\\/09\\\/ss.png\",\"datePublished\":\"2023-09-13T20:55:31+00:00\",\"breadcrumb\":{\"@id\":\"https:\\\/\\\/regiaonews.net.br\\\/2022\\\/2023\\\/09\\\/13\\\/governo-de-sp-sanciona-lei-que-obriga-bares-e-restaurantes-a-fornecer-agua-filtrada-de-graca-no-estado\\\/#breadcrumb\"},\"inLanguage\":\"pt-BR\",\"potentialAction\":[{\"@type\":\"ReadAction\",\"target\":[\"https:\\\/\\\/regiaonews.net.br\\\/2022\\\/2023\\\/09\\\/13\\\/governo-de-sp-sanciona-lei-que-obriga-bares-e-restaurantes-a-fornecer-agua-filtrada-de-graca-no-estado\\\/\"]}]},{\"@type\":\"ImageObject\",\"inLanguage\":\"pt-BR\",\"@id\":\"https:\\\/\\\/regiaonews.net.br\\\/2022\\\/2023\\\/09\\\/13\\\/governo-de-sp-sanciona-lei-que-obriga-bares-e-restaurantes-a-fornecer-agua-filtrada-de-graca-no-estado\\\/#primaryimage\",\"url\":\"https:\\\/\\\/regiaonews.net.br\\\/2022\\\/wp-content\\\/uploads\\\/2023\\\/09\\\/ss.png\",\"contentUrl\":\"https:\\\/\\\/regiaonews.net.br\\\/2022\\\/wp-content\\\/uploads\\\/2023\\\/09\\\/ss.png\",\"width\":633,\"height\":357},{\"@type\":\"BreadcrumbList\",\"@id\":\"https:\\\/\\\/regiaonews.net.br\\\/2022\\\/2023\\\/09\\\/13\\\/governo-de-sp-sanciona-lei-que-obriga-bares-e-restaurantes-a-fornecer-agua-filtrada-de-graca-no-estado\\\/#breadcrumb\",\"itemListElement\":[{\"@type\":\"ListItem\",\"position\":1,\"name\":\"In\u00edcio\",\"item\":\"https:\\\/\\\/regiaonews.net.br\\\/2022\\\/\"},{\"@type\":\"ListItem\",\"position\":2,\"name\":\"Governo de SP sanciona lei que obriga bares e restaurantes a fornecer \u00e1gua filtrada de gra\u00e7a no estado\"}]},{\"@type\":\"WebSite\",\"@id\":\"https:\\\/\\\/regiaonews.net.br\\\/2022\\\/#website\",\"url\":\"https:\\\/\\\/regiaonews.net.br\\\/2022\\\/\",\"name\":\"Regi\u00e3o News\",\"description\":\"Site de Not\u00edcias de Barretos e regi\u00e3o\",\"publisher\":{\"@id\":\"https:\\\/\\\/regiaonews.net.br\\\/2022\\\/#organization\"},\"potentialAction\":[{\"@type\":\"SearchAction\",\"target\":{\"@type\":\"EntryPoint\",\"urlTemplate\":\"https:\\\/\\\/regiaonews.net.br\\\/2022\\\/?s={search_term_string}\"},\"query-input\":{\"@type\":\"PropertyValueSpecification\",\"valueRequired\":true,\"valueName\":\"search_term_string\"}}],\"inLanguage\":\"pt-BR\"},{\"@type\":\"Organization\",\"@id\":\"https:\\\/\\\/regiaonews.net.br\\\/2022\\\/#organization\",\"name\":\"Regi\u00e3o News\",\"url\":\"https:\\\/\\\/regiaonews.net.br\\\/2022\\\/\",\"logo\":{\"@type\":\"ImageObject\",\"inLanguage\":\"pt-BR\",\"@id\":\"https:\\\/\\\/regiaonews.net.br\\\/2022\\\/#\\\/schema\\\/logo\\\/image\\\/\",\"url\":\"https:\\\/\\\/regiaonews.net.br\\\/2022\\\/wp-content\\\/uploads\\\/2026\\\/03\\\/regiao-13-anos-scaled.jpg\",\"contentUrl\":\"https:\\\/\\\/regiaonews.net.br\\\/2022\\\/wp-content\\\/uploads\\\/2026\\\/03\\\/regiao-13-anos-scaled.jpg\",\"width\":2560,\"height\":635,\"caption\":\"Regi\u00e3o News\"},\"image\":{\"@id\":\"https:\\\/\\\/regiaonews.net.br\\\/2022\\\/#\\\/schema\\\/logo\\\/image\\\/\"}},{\"@type\":\"Person\",\"@id\":\"https:\\\/\\\/regiaonews.net.br\\\/2022\\\/#\\\/schema\\\/person\\\/2d205a608a5aa97ac279d7a5e6d89ad8\",\"name\":\"Roberto\",\"image\":{\"@type\":\"ImageObject\",\"inLanguage\":\"pt-BR\",\"@id\":\"https:\\\/\\\/secure.gravatar.com\\\/avatar\\\/42749d8b712ff9d59ca93dc150494e5b55a44134482993f5baeb97e61b7ecc89?s=96&d=mm&r=g\",\"url\":\"https:\\\/\\\/secure.gravatar.com\\\/avatar\\\/42749d8b712ff9d59ca93dc150494e5b55a44134482993f5baeb97e61b7ecc89?s=96&d=mm&r=g\",\"contentUrl\":\"https:\\\/\\\/secure.gravatar.com\\\/avatar\\\/42749d8b712ff9d59ca93dc150494e5b55a44134482993f5baeb97e61b7ecc89?s=96&d=mm&r=g\",\"caption\":\"Roberto\"},\"url\":\"https:\\\/\\\/regiaonews.net.br\\\/2022\\\/author\\\/roberto\\\/\"}]}<\/script>\n<!-- \/ Yoast SEO plugin. -->","yoast_head_json":{"title":"Governo de SP sanciona lei que obriga bares e restaurantes a fornecer \u00e1gua filtrada de gra\u00e7a no estado - Regi\u00e3o News","robots":{"index":"index","follow":"follow","max-snippet":"max-snippet:-1","max-image-preview":"max-image-preview:large","max-video-preview":"max-video-preview:-1"},"canonical":"https:\/\/regiaonews.net.br\/2022\/2023\/09\/13\/governo-de-sp-sanciona-lei-que-obriga-bares-e-restaurantes-a-fornecer-agua-filtrada-de-graca-no-estado\/","og_locale":"pt_BR","og_type":"article","og_title":"Governo de SP sanciona lei que obriga bares e restaurantes a fornecer \u00e1gua filtrada de gra\u00e7a no estado - Regi\u00e3o News","og_description":"Pelo texto, publicado no Di\u00e1rio Oficial desta quarta-feira (13), estabelecimentos","og_url":"https:\/\/regiaonews.net.br\/2022\/2023\/09\/13\/governo-de-sp-sanciona-lei-que-obriga-bares-e-restaurantes-a-fornecer-agua-filtrada-de-graca-no-estado\/","og_site_name":"Regi\u00e3o News","article_published_time":"2023-09-13T20:55:31+00:00","og_image":[{"width":633,"height":357,"url":"https:\/\/regiaonews.net.br\/2022\/wp-content\/uploads\/2023\/09\/ss.png","type":"image\/png"}],"author":"Roberto","twitter_card":"summary_large_image","twitter_misc":{"Escrito por":"Roberto","Est. tempo de leitura":"3 minutos"},"schema":{"@context":"https:\/\/schema.org","@graph":[{"@type":"Article","@id":"https:\/\/regiaonews.net.br\/2022\/2023\/09\/13\/governo-de-sp-sanciona-lei-que-obriga-bares-e-restaurantes-a-fornecer-agua-filtrada-de-graca-no-estado\/#article","isPartOf":{"@id":"https:\/\/regiaonews.net.br\/2022\/2023\/09\/13\/governo-de-sp-sanciona-lei-que-obriga-bares-e-restaurantes-a-fornecer-agua-filtrada-de-graca-no-estado\/"},"author":{"name":"Roberto","@id":"https:\/\/regiaonews.net.br\/2022\/#\/schema\/person\/2d205a608a5aa97ac279d7a5e6d89ad8"},"headline":"Governo de SP sanciona lei que obriga bares e restaurantes a fornecer \u00e1gua filtrada de gra\u00e7a no estado","datePublished":"2023-09-13T20:55:31+00:00","mainEntityOfPage":{"@id":"https:\/\/regiaonews.net.br\/2022\/2023\/09\/13\/governo-de-sp-sanciona-lei-que-obriga-bares-e-restaurantes-a-fornecer-agua-filtrada-de-graca-no-estado\/"},"wordCount":415,"commentCount":0,"publisher":{"@id":"https:\/\/regiaonews.net.br\/2022\/#organization"},"image":{"@id":"https:\/\/regiaonews.net.br\/2022\/2023\/09\/13\/governo-de-sp-sanciona-lei-que-obriga-bares-e-restaurantes-a-fornecer-agua-filtrada-de-graca-no-estado\/#primaryimage"},"thumbnailUrl":"https:\/\/regiaonews.net.br\/2022\/wp-content\/uploads\/2023\/09\/ss.png","articleSection":["Brasil","Geral"],"inLanguage":"pt-BR","potentialAction":[{"@type":"CommentAction","name":"Comment","target":["https:\/\/regiaonews.net.br\/2022\/2023\/09\/13\/governo-de-sp-sanciona-lei-que-obriga-bares-e-restaurantes-a-fornecer-agua-filtrada-de-graca-no-estado\/#respond"]}]},{"@type":"WebPage","@id":"https:\/\/regiaonews.net.br\/2022\/2023\/09\/13\/governo-de-sp-sanciona-lei-que-obriga-bares-e-restaurantes-a-fornecer-agua-filtrada-de-graca-no-estado\/","url":"https:\/\/regiaonews.net.br\/2022\/2023\/09\/13\/governo-de-sp-sanciona-lei-que-obriga-bares-e-restaurantes-a-fornecer-agua-filtrada-de-graca-no-estado\/","name":"Governo de SP sanciona lei que obriga bares e restaurantes a fornecer \u00e1gua filtrada de gra\u00e7a no estado - Regi\u00e3o News","isPartOf":{"@id":"https:\/\/regiaonews.net.br\/2022\/#website"},"primaryImageOfPage":{"@id":"https:\/\/regiaonews.net.br\/2022\/2023\/09\/13\/governo-de-sp-sanciona-lei-que-obriga-bares-e-restaurantes-a-fornecer-agua-filtrada-de-graca-no-estado\/#primaryimage"},"image":{"@id":"https:\/\/regiaonews.net.br\/2022\/2023\/09\/13\/governo-de-sp-sanciona-lei-que-obriga-bares-e-restaurantes-a-fornecer-agua-filtrada-de-graca-no-estado\/#primaryimage"},"thumbnailUrl":"https:\/\/regiaonews.net.br\/2022\/wp-content\/uploads\/2023\/09\/ss.png","datePublished":"2023-09-13T20:55:31+00:00","breadcrumb":{"@id":"https:\/\/regiaonews.net.br\/2022\/2023\/09\/13\/governo-de-sp-sanciona-lei-que-obriga-bares-e-restaurantes-a-fornecer-agua-filtrada-de-graca-no-estado\/#breadcrumb"},"inLanguage":"pt-BR","potentialAction":[{"@type":"ReadAction","target":["https:\/\/regiaonews.net.br\/2022\/2023\/09\/13\/governo-de-sp-sanciona-lei-que-obriga-bares-e-restaurantes-a-fornecer-agua-filtrada-de-graca-no-estado\/"]}]},{"@type":"ImageObject","inLanguage":"pt-BR","@id":"https:\/\/regiaonews.net.br\/2022\/2023\/09\/13\/governo-de-sp-sanciona-lei-que-obriga-bares-e-restaurantes-a-fornecer-agua-filtrada-de-graca-no-estado\/#primaryimage","url":"https:\/\/regiaonews.net.br\/2022\/wp-content\/uploads\/2023\/09\/ss.png","contentUrl":"https:\/\/regiaonews.net.br\/2022\/wp-content\/uploads\/2023\/09\/ss.png","width":633,"height":357},{"@type":"BreadcrumbList","@id":"https:\/\/regiaonews.net.br\/2022\/2023\/09\/13\/governo-de-sp-sanciona-lei-que-obriga-bares-e-restaurantes-a-fornecer-agua-filtrada-de-graca-no-estado\/#breadcrumb","itemListElement":[{"@type":"ListItem","position":1,"name":"In\u00edcio","item":"https:\/\/regiaonews.net.br\/2022\/"},{"@type":"ListItem","position":2,"name":"Governo de SP sanciona lei que obriga bares e restaurantes a fornecer \u00e1gua filtrada de gra\u00e7a no estado"}]},{"@type":"WebSite","@id":"https:\/\/regiaonews.net.br\/2022\/#website","url":"https:\/\/regiaonews.net.br\/2022\/","name":"Regi\u00e3o News","description":"Site de Not\u00edcias de Barretos e regi\u00e3o","publisher":{"@id":"https:\/\/regiaonews.net.br\/2022\/#organization"},"potentialAction":[{"@type":"SearchAction","target":{"@type":"EntryPoint","urlTemplate":"https:\/\/regiaonews.net.br\/2022\/?s={search_term_string}"},"query-input":{"@type":"PropertyValueSpecification","valueRequired":true,"valueName":"search_term_string"}}],"inLanguage":"pt-BR"},{"@type":"Organization","@id":"https:\/\/regiaonews.net.br\/2022\/#organization","name":"Regi\u00e3o News","url":"https:\/\/regiaonews.net.br\/2022\/","logo":{"@type":"ImageObject","inLanguage":"pt-BR","@id":"https:\/\/regiaonews.net.br\/2022\/#\/schema\/logo\/image\/","url":"https:\/\/regiaonews.net.br\/2022\/wp-content\/uploads\/2026\/03\/regiao-13-anos-scaled.jpg","contentUrl":"https:\/\/regiaonews.net.br\/2022\/wp-content\/uploads\/2026\/03\/regiao-13-anos-scaled.jpg","width":2560,"height":635,"caption":"Regi\u00e3o News"},"image":{"@id":"https:\/\/regiaonews.net.br\/2022\/#\/schema\/logo\/image\/"}},{"@type":"Person","@id":"https:\/\/regiaonews.net.br\/2022\/#\/schema\/person\/2d205a608a5aa97ac279d7a5e6d89ad8","name":"Roberto","image":{"@type":"ImageObject","inLanguage":"pt-BR","@id":"https:\/\/secure.gravatar.com\/avatar\/42749d8b712ff9d59ca93dc150494e5b55a44134482993f5baeb97e61b7ecc89?s=96&d=mm&r=g","url":"https:\/\/secure.gravatar.com\/avatar\/42749d8b712ff9d59ca93dc150494e5b55a44134482993f5baeb97e61b7ecc89?s=96&d=mm&r=g","contentUrl":"https:\/\/secure.gravatar.com\/avatar\/42749d8b712ff9d59ca93dc150494e5b55a44134482993f5baeb97e61b7ecc89?s=96&d=mm&r=g","caption":"Roberto"},"url":"https:\/\/regiaonews.net.br\/2022\/author\/roberto\/"}]}},"publishpress_future_action":{"enabled":false,"date":"2026-05-04 23:59:02","action":"change-status","newStatus":"draft","terms":[],"taxonomy":"category","extraData":[]},"publishpress_future_workflow_manual_trigger":{"enabledWorkflows":[]},"_links":{"self":[{"href":"https:\/\/regiaonews.net.br\/2022\/wp-json\/wp\/v2\/posts\/95019","targetHints":{"allow":["GET"]}}],"collection":[{"href":"https:\/\/regiaonews.net.br\/2022\/wp-json\/wp\/v2\/posts"}],"about":[{"href":"https:\/\/regiaonews.net.br\/2022\/wp-json\/wp\/v2\/types\/post"}],"author":[{"embeddable":true,"href":"https:\/\/regiaonews.net.br\/2022\/wp-json\/wp\/v2\/users\/2"}],"replies":[{"embeddable":true,"href":"https:\/\/regiaonews.net.br\/2022\/wp-json\/wp\/v2\/comments?post=95019"}],"version-history":[{"count":2,"href":"https:\/\/regiaonews.net.br\/2022\/wp-json\/wp\/v2\/posts\/95019\/revisions"}],"predecessor-version":[{"id":95022,"href":"https:\/\/regiaonews.net.br\/2022\/wp-json\/wp\/v2\/posts\/95019\/revisions\/95022"}],"wp:featuredmedia":[{"embeddable":true,"href":"https:\/\/regiaonews.net.br\/2022\/wp-json\/wp\/v2\/media\/95020"}],"wp:attachment":[{"href":"https:\/\/regiaonews.net.br\/2022\/wp-json\/wp\/v2\/media?parent=95019"}],"wp:term":[{"taxonomy":"category","embeddable":true,"href":"https:\/\/regiaonews.net.br\/2022\/wp-json\/wp\/v2\/categories?post=95019"},{"taxonomy":"post_tag","embeddable":true,"href":"https:\/\/regiaonews.net.br\/2022\/wp-json\/wp\/v2\/tags?post=95019"}],"curies":[{"name":"wp","href":"https:\/\/api.w.org\/{rel}","templated":true}]}}