{"id":95003,"date":"2023-09-13T15:17:21","date_gmt":"2023-09-13T18:17:21","guid":{"rendered":"https:\/\/regiaonews.net.br\/2022\/?p=95003"},"modified":"2023-09-13T15:17:21","modified_gmt":"2023-09-13T18:17:21","slug":"oficina-animacel-sera-realizada-gratuitamente-em-barretos","status":"publish","type":"post","link":"https:\/\/regiaonews.net.br\/2022\/2023\/09\/13\/oficina-animacel-sera-realizada-gratuitamente-em-barretos\/","title":{"rendered":"Oficina Animacel ser\u00e1 realizada gratuitamente em Barretos"},"content":{"rendered":"<h3 style=\"text-align: center;\">A proposta da atividade \u00e9 capacitar os participantes na cria\u00e7\u00e3o de curtas em anima\u00e7\u00e3o utilizando o celular com aplicativo livre; inscri\u00e7\u00f5es j\u00e1 est\u00e3o abertas e n\u00famero de vagas \u00e9 limitado.<\/h3>\n<p>A Prefeitura da Est\u00e2ncia Tur\u00edstica de Barretos, por meio da Secretaria Municipal de Cultura e da parceria com o Instituto de Apoio \u00e0 Cultura, \u00e0 L\u00edngua e \u00e0 Literatura &#8211; POIESIS, promove a Oficina Animacel. Coordenado pela arte-educadora Eliana Ribeiro, o evento ser\u00e1 realizado nos dias 27 e 28 de setembro, quarta e quinta-feira, das 18h30 \u00e0s 22h30 no Centro de Esportes e Artes Unificadas (CEU) \u201cProf\u00aa. Eun\u00edce Esp\u00edndola\u201d.<\/p>\n<p>Para participar, \u00e9 necess\u00e1rio ter a partir de 16 anos de idade e entrar em contato pelo WhatsApp 17 99101-1055, realizando a inscri\u00e7\u00e3o com Sueli Fernandes. As vagas s\u00e3o limitadas e GRATUITAS.<\/p>\n<p>A proposta da atividade \u00e9 capacitar os participantes na cria\u00e7\u00e3o de curtas em anima\u00e7\u00e3o utilizando o celular com aplicativo livre. Os encontros ser\u00e3o pontuados nos conceitos da anima\u00e7\u00e3o tradicional, levando-se em considera\u00e7\u00e3o a t\u00e9cnica e principalmente a cria\u00e7\u00e3o art\u00edstica. O aprendizado da hist\u00f3ria da anima\u00e7\u00e3o e o debate sobre sua utiliza\u00e7\u00e3o abre uma nova vis\u00e3o sobre esta arte fascinante.<\/p>\n<p>Segundo o secret\u00e1rio municipal de Cultura, Rog\u00e9rio Teod\u00f3sio, a proposta busca dar continuidade ao processo de capacita\u00e7\u00e3o e de fomento ao desenvolvimento do audiovisual na cidade. \u201cQueremos promover e estimular ainda mais as a\u00e7\u00f5es de difus\u00e3o do audiovisual, algo que est\u00e1, cada vez mais, em constante crescimento e em atua\u00e7\u00e3o em diversas \u00e1reas\u201d, disse.<\/p>\n<p>&nbsp;<\/p>\n<p>MINICURR\u00cdCULO DA COORDENADORA<\/p>\n<p>Eliana Ribeiro \u00e9 graduada em Bacharelado e Licenciatura em Educa\u00e7\u00e3o Art\u00edstica com habilita\u00e7\u00e3o plena em Artes Pl\u00e1sticas pela UNICAMP (1992). Trabalha com dire\u00e7\u00e3o de arte, montagem e cen\u00e1rios de curtas e longas-metragens. Tamb\u00e9m realiza o\ufb01cinas de cinema de anima\u00e7\u00e3o desde 2007, ensinando v\u00e1rias t\u00e9cnicas como desenho animado, sombra chinesa, stop motion e pixilation.<\/p>\n<p>&nbsp;<\/p>\n<p>Servi\u00e7o:<\/p>\n<p>T\u00edtulo: Oficina Animacel<\/p>\n<p>Datas: 27 e 28\/9 \u2013 quarta e quinta-feira<\/p>\n<p>Hor\u00e1rios: 18h30 \u00e0s 22h30<\/p>\n<p>P\u00fablico: a aprtir de 16 anos<\/p>\n<p>Sele\u00e7\u00e3o: Por ordem de Inscri\u00e7\u00e3o<\/p>\n<p>Inscri\u00e7\u00f5es: por WhatsApp 17 99101-1055, com Sueli Fernandes<\/p>\n<p>Vagas: 20<\/p>\n<p>Local: CEU \u2013 Centro de Artes e Esportes Uni\ufb01cados<\/p>\n<p>Endere\u00e7o: Rua S\u00e3o Jos\u00e9, 803 &#8211; Jardim Universit\u00e1rio &#8211; Barretos\/SP<\/p>\n","protected":false},"excerpt":{"rendered":"<p>A proposta da atividade \u00e9 capacitar os participantes na cria\u00e7\u00e3o<\/p>\n","protected":false},"author":2,"featured_media":95005,"comment_status":"open","ping_status":"open","sticky":false,"template":"","format":"standard","meta":{"footnotes":""},"categories":[14,3],"tags":[],"class_list":["post-95003","post","type-post","status-publish","format-standard","has-post-thumbnail","hentry","category-barretos","category-geral"],"yoast_head":"<!-- This site is optimized with the Yoast SEO plugin v27.4 - https:\/\/yoast.com\/product\/yoast-seo-wordpress\/ -->\n<title>Oficina Animacel ser\u00e1 realizada gratuitamente em Barretos - Regi\u00e3o News<\/title>\n<meta name=\"robots\" content=\"index, follow, max-snippet:-1, max-image-preview:large, max-video-preview:-1\" \/>\n<link rel=\"canonical\" href=\"https:\/\/regiaonews.net.br\/2022\/2023\/09\/13\/oficina-animacel-sera-realizada-gratuitamente-em-barretos\/\" \/>\n<meta property=\"og:locale\" content=\"pt_BR\" \/>\n<meta property=\"og:type\" content=\"article\" \/>\n<meta property=\"og:title\" content=\"Oficina Animacel ser\u00e1 realizada gratuitamente em Barretos - Regi\u00e3o News\" \/>\n<meta property=\"og:description\" content=\"A proposta da atividade \u00e9 capacitar os participantes na cria\u00e7\u00e3o\" \/>\n<meta property=\"og:url\" content=\"https:\/\/regiaonews.net.br\/2022\/2023\/09\/13\/oficina-animacel-sera-realizada-gratuitamente-em-barretos\/\" \/>\n<meta property=\"og:site_name\" content=\"Regi\u00e3o News\" \/>\n<meta property=\"article:published_time\" content=\"2023-09-13T18:17:21+00:00\" \/>\n<meta property=\"og:image\" content=\"https:\/\/regiaonews.net.br\/2022\/wp-content\/uploads\/2023\/09\/Imagem-do-WhatsApp-de-2023-09-13-as-14.58.47.jpg\" \/>\n\t<meta property=\"og:image:width\" content=\"1080\" \/>\n\t<meta property=\"og:image:height\" content=\"1080\" \/>\n\t<meta property=\"og:image:type\" content=\"image\/jpeg\" \/>\n<meta name=\"author\" content=\"Roberto\" \/>\n<meta name=\"twitter:card\" content=\"summary_large_image\" \/>\n<meta name=\"twitter:label1\" content=\"Escrito por\" \/>\n\t<meta name=\"twitter:data1\" content=\"Roberto\" \/>\n\t<meta name=\"twitter:label2\" content=\"Est. tempo de leitura\" \/>\n\t<meta name=\"twitter:data2\" content=\"2 minutos\" \/>\n<script type=\"application\/ld+json\" class=\"yoast-schema-graph\">{\"@context\":\"https:\\\/\\\/schema.org\",\"@graph\":[{\"@type\":\"Article\",\"@id\":\"https:\\\/\\\/regiaonews.net.br\\\/2022\\\/2023\\\/09\\\/13\\\/oficina-animacel-sera-realizada-gratuitamente-em-barretos\\\/#article\",\"isPartOf\":{\"@id\":\"https:\\\/\\\/regiaonews.net.br\\\/2022\\\/2023\\\/09\\\/13\\\/oficina-animacel-sera-realizada-gratuitamente-em-barretos\\\/\"},\"author\":{\"name\":\"Roberto\",\"@id\":\"https:\\\/\\\/regiaonews.net.br\\\/2022\\\/#\\\/schema\\\/person\\\/2d205a608a5aa97ac279d7a5e6d89ad8\"},\"headline\":\"Oficina Animacel ser\u00e1 realizada gratuitamente em Barretos\",\"datePublished\":\"2023-09-13T18:17:21+00:00\",\"mainEntityOfPage\":{\"@id\":\"https:\\\/\\\/regiaonews.net.br\\\/2022\\\/2023\\\/09\\\/13\\\/oficina-animacel-sera-realizada-gratuitamente-em-barretos\\\/\"},\"wordCount\":399,\"commentCount\":0,\"publisher\":{\"@id\":\"https:\\\/\\\/regiaonews.net.br\\\/2022\\\/#organization\"},\"image\":{\"@id\":\"https:\\\/\\\/regiaonews.net.br\\\/2022\\\/2023\\\/09\\\/13\\\/oficina-animacel-sera-realizada-gratuitamente-em-barretos\\\/#primaryimage\"},\"thumbnailUrl\":\"https:\\\/\\\/regiaonews.net.br\\\/2022\\\/wp-content\\\/uploads\\\/2023\\\/09\\\/Imagem-do-WhatsApp-de-2023-09-13-as-14.58.47.jpg\",\"articleSection\":[\"Barretos\",\"Geral\"],\"inLanguage\":\"pt-BR\",\"potentialAction\":[{\"@type\":\"CommentAction\",\"name\":\"Comment\",\"target\":[\"https:\\\/\\\/regiaonews.net.br\\\/2022\\\/2023\\\/09\\\/13\\\/oficina-animacel-sera-realizada-gratuitamente-em-barretos\\\/#respond\"]}]},{\"@type\":\"WebPage\",\"@id\":\"https:\\\/\\\/regiaonews.net.br\\\/2022\\\/2023\\\/09\\\/13\\\/oficina-animacel-sera-realizada-gratuitamente-em-barretos\\\/\",\"url\":\"https:\\\/\\\/regiaonews.net.br\\\/2022\\\/2023\\\/09\\\/13\\\/oficina-animacel-sera-realizada-gratuitamente-em-barretos\\\/\",\"name\":\"Oficina Animacel ser\u00e1 realizada gratuitamente em Barretos - Regi\u00e3o News\",\"isPartOf\":{\"@id\":\"https:\\\/\\\/regiaonews.net.br\\\/2022\\\/#website\"},\"primaryImageOfPage\":{\"@id\":\"https:\\\/\\\/regiaonews.net.br\\\/2022\\\/2023\\\/09\\\/13\\\/oficina-animacel-sera-realizada-gratuitamente-em-barretos\\\/#primaryimage\"},\"image\":{\"@id\":\"https:\\\/\\\/regiaonews.net.br\\\/2022\\\/2023\\\/09\\\/13\\\/oficina-animacel-sera-realizada-gratuitamente-em-barretos\\\/#primaryimage\"},\"thumbnailUrl\":\"https:\\\/\\\/regiaonews.net.br\\\/2022\\\/wp-content\\\/uploads\\\/2023\\\/09\\\/Imagem-do-WhatsApp-de-2023-09-13-as-14.58.47.jpg\",\"datePublished\":\"2023-09-13T18:17:21+00:00\",\"breadcrumb\":{\"@id\":\"https:\\\/\\\/regiaonews.net.br\\\/2022\\\/2023\\\/09\\\/13\\\/oficina-animacel-sera-realizada-gratuitamente-em-barretos\\\/#breadcrumb\"},\"inLanguage\":\"pt-BR\",\"potentialAction\":[{\"@type\":\"ReadAction\",\"target\":[\"https:\\\/\\\/regiaonews.net.br\\\/2022\\\/2023\\\/09\\\/13\\\/oficina-animacel-sera-realizada-gratuitamente-em-barretos\\\/\"]}]},{\"@type\":\"ImageObject\",\"inLanguage\":\"pt-BR\",\"@id\":\"https:\\\/\\\/regiaonews.net.br\\\/2022\\\/2023\\\/09\\\/13\\\/oficina-animacel-sera-realizada-gratuitamente-em-barretos\\\/#primaryimage\",\"url\":\"https:\\\/\\\/regiaonews.net.br\\\/2022\\\/wp-content\\\/uploads\\\/2023\\\/09\\\/Imagem-do-WhatsApp-de-2023-09-13-as-14.58.47.jpg\",\"contentUrl\":\"https:\\\/\\\/regiaonews.net.br\\\/2022\\\/wp-content\\\/uploads\\\/2023\\\/09\\\/Imagem-do-WhatsApp-de-2023-09-13-as-14.58.47.jpg\",\"width\":1080,\"height\":1080},{\"@type\":\"BreadcrumbList\",\"@id\":\"https:\\\/\\\/regiaonews.net.br\\\/2022\\\/2023\\\/09\\\/13\\\/oficina-animacel-sera-realizada-gratuitamente-em-barretos\\\/#breadcrumb\",\"itemListElement\":[{\"@type\":\"ListItem\",\"position\":1,\"name\":\"In\u00edcio\",\"item\":\"https:\\\/\\\/regiaonews.net.br\\\/2022\\\/\"},{\"@type\":\"ListItem\",\"position\":2,\"name\":\"Oficina Animacel ser\u00e1 realizada gratuitamente em Barretos\"}]},{\"@type\":\"WebSite\",\"@id\":\"https:\\\/\\\/regiaonews.net.br\\\/2022\\\/#website\",\"url\":\"https:\\\/\\\/regiaonews.net.br\\\/2022\\\/\",\"name\":\"Regi\u00e3o News\",\"description\":\"Site de Not\u00edcias de Barretos e regi\u00e3o\",\"publisher\":{\"@id\":\"https:\\\/\\\/regiaonews.net.br\\\/2022\\\/#organization\"},\"potentialAction\":[{\"@type\":\"SearchAction\",\"target\":{\"@type\":\"EntryPoint\",\"urlTemplate\":\"https:\\\/\\\/regiaonews.net.br\\\/2022\\\/?s={search_term_string}\"},\"query-input\":{\"@type\":\"PropertyValueSpecification\",\"valueRequired\":true,\"valueName\":\"search_term_string\"}}],\"inLanguage\":\"pt-BR\"},{\"@type\":\"Organization\",\"@id\":\"https:\\\/\\\/regiaonews.net.br\\\/2022\\\/#organization\",\"name\":\"Regi\u00e3o News\",\"url\":\"https:\\\/\\\/regiaonews.net.br\\\/2022\\\/\",\"logo\":{\"@type\":\"ImageObject\",\"inLanguage\":\"pt-BR\",\"@id\":\"https:\\\/\\\/regiaonews.net.br\\\/2022\\\/#\\\/schema\\\/logo\\\/image\\\/\",\"url\":\"https:\\\/\\\/regiaonews.net.br\\\/2022\\\/wp-content\\\/uploads\\\/2026\\\/03\\\/regiao-13-anos-scaled.jpg\",\"contentUrl\":\"https:\\\/\\\/regiaonews.net.br\\\/2022\\\/wp-content\\\/uploads\\\/2026\\\/03\\\/regiao-13-anos-scaled.jpg\",\"width\":2560,\"height\":635,\"caption\":\"Regi\u00e3o News\"},\"image\":{\"@id\":\"https:\\\/\\\/regiaonews.net.br\\\/2022\\\/#\\\/schema\\\/logo\\\/image\\\/\"}},{\"@type\":\"Person\",\"@id\":\"https:\\\/\\\/regiaonews.net.br\\\/2022\\\/#\\\/schema\\\/person\\\/2d205a608a5aa97ac279d7a5e6d89ad8\",\"name\":\"Roberto\",\"image\":{\"@type\":\"ImageObject\",\"inLanguage\":\"pt-BR\",\"@id\":\"https:\\\/\\\/secure.gravatar.com\\\/avatar\\\/42749d8b712ff9d59ca93dc150494e5b55a44134482993f5baeb97e61b7ecc89?s=96&d=mm&r=g\",\"url\":\"https:\\\/\\\/secure.gravatar.com\\\/avatar\\\/42749d8b712ff9d59ca93dc150494e5b55a44134482993f5baeb97e61b7ecc89?s=96&d=mm&r=g\",\"contentUrl\":\"https:\\\/\\\/secure.gravatar.com\\\/avatar\\\/42749d8b712ff9d59ca93dc150494e5b55a44134482993f5baeb97e61b7ecc89?s=96&d=mm&r=g\",\"caption\":\"Roberto\"},\"url\":\"https:\\\/\\\/regiaonews.net.br\\\/2022\\\/author\\\/roberto\\\/\"}]}<\/script>\n<!-- \/ Yoast SEO plugin. -->","yoast_head_json":{"title":"Oficina Animacel ser\u00e1 realizada gratuitamente em Barretos - Regi\u00e3o News","robots":{"index":"index","follow":"follow","max-snippet":"max-snippet:-1","max-image-preview":"max-image-preview:large","max-video-preview":"max-video-preview:-1"},"canonical":"https:\/\/regiaonews.net.br\/2022\/2023\/09\/13\/oficina-animacel-sera-realizada-gratuitamente-em-barretos\/","og_locale":"pt_BR","og_type":"article","og_title":"Oficina Animacel ser\u00e1 realizada gratuitamente em Barretos - Regi\u00e3o News","og_description":"A proposta da atividade \u00e9 capacitar os participantes na cria\u00e7\u00e3o","og_url":"https:\/\/regiaonews.net.br\/2022\/2023\/09\/13\/oficina-animacel-sera-realizada-gratuitamente-em-barretos\/","og_site_name":"Regi\u00e3o News","article_published_time":"2023-09-13T18:17:21+00:00","og_image":[{"width":1080,"height":1080,"url":"https:\/\/regiaonews.net.br\/2022\/wp-content\/uploads\/2023\/09\/Imagem-do-WhatsApp-de-2023-09-13-as-14.58.47.jpg","type":"image\/jpeg"}],"author":"Roberto","twitter_card":"summary_large_image","twitter_misc":{"Escrito por":"Roberto","Est. tempo de leitura":"2 minutos"},"schema":{"@context":"https:\/\/schema.org","@graph":[{"@type":"Article","@id":"https:\/\/regiaonews.net.br\/2022\/2023\/09\/13\/oficina-animacel-sera-realizada-gratuitamente-em-barretos\/#article","isPartOf":{"@id":"https:\/\/regiaonews.net.br\/2022\/2023\/09\/13\/oficina-animacel-sera-realizada-gratuitamente-em-barretos\/"},"author":{"name":"Roberto","@id":"https:\/\/regiaonews.net.br\/2022\/#\/schema\/person\/2d205a608a5aa97ac279d7a5e6d89ad8"},"headline":"Oficina Animacel ser\u00e1 realizada gratuitamente em Barretos","datePublished":"2023-09-13T18:17:21+00:00","mainEntityOfPage":{"@id":"https:\/\/regiaonews.net.br\/2022\/2023\/09\/13\/oficina-animacel-sera-realizada-gratuitamente-em-barretos\/"},"wordCount":399,"commentCount":0,"publisher":{"@id":"https:\/\/regiaonews.net.br\/2022\/#organization"},"image":{"@id":"https:\/\/regiaonews.net.br\/2022\/2023\/09\/13\/oficina-animacel-sera-realizada-gratuitamente-em-barretos\/#primaryimage"},"thumbnailUrl":"https:\/\/regiaonews.net.br\/2022\/wp-content\/uploads\/2023\/09\/Imagem-do-WhatsApp-de-2023-09-13-as-14.58.47.jpg","articleSection":["Barretos","Geral"],"inLanguage":"pt-BR","potentialAction":[{"@type":"CommentAction","name":"Comment","target":["https:\/\/regiaonews.net.br\/2022\/2023\/09\/13\/oficina-animacel-sera-realizada-gratuitamente-em-barretos\/#respond"]}]},{"@type":"WebPage","@id":"https:\/\/regiaonews.net.br\/2022\/2023\/09\/13\/oficina-animacel-sera-realizada-gratuitamente-em-barretos\/","url":"https:\/\/regiaonews.net.br\/2022\/2023\/09\/13\/oficina-animacel-sera-realizada-gratuitamente-em-barretos\/","name":"Oficina Animacel ser\u00e1 realizada gratuitamente em Barretos - Regi\u00e3o News","isPartOf":{"@id":"https:\/\/regiaonews.net.br\/2022\/#website"},"primaryImageOfPage":{"@id":"https:\/\/regiaonews.net.br\/2022\/2023\/09\/13\/oficina-animacel-sera-realizada-gratuitamente-em-barretos\/#primaryimage"},"image":{"@id":"https:\/\/regiaonews.net.br\/2022\/2023\/09\/13\/oficina-animacel-sera-realizada-gratuitamente-em-barretos\/#primaryimage"},"thumbnailUrl":"https:\/\/regiaonews.net.br\/2022\/wp-content\/uploads\/2023\/09\/Imagem-do-WhatsApp-de-2023-09-13-as-14.58.47.jpg","datePublished":"2023-09-13T18:17:21+00:00","breadcrumb":{"@id":"https:\/\/regiaonews.net.br\/2022\/2023\/09\/13\/oficina-animacel-sera-realizada-gratuitamente-em-barretos\/#breadcrumb"},"inLanguage":"pt-BR","potentialAction":[{"@type":"ReadAction","target":["https:\/\/regiaonews.net.br\/2022\/2023\/09\/13\/oficina-animacel-sera-realizada-gratuitamente-em-barretos\/"]}]},{"@type":"ImageObject","inLanguage":"pt-BR","@id":"https:\/\/regiaonews.net.br\/2022\/2023\/09\/13\/oficina-animacel-sera-realizada-gratuitamente-em-barretos\/#primaryimage","url":"https:\/\/regiaonews.net.br\/2022\/wp-content\/uploads\/2023\/09\/Imagem-do-WhatsApp-de-2023-09-13-as-14.58.47.jpg","contentUrl":"https:\/\/regiaonews.net.br\/2022\/wp-content\/uploads\/2023\/09\/Imagem-do-WhatsApp-de-2023-09-13-as-14.58.47.jpg","width":1080,"height":1080},{"@type":"BreadcrumbList","@id":"https:\/\/regiaonews.net.br\/2022\/2023\/09\/13\/oficina-animacel-sera-realizada-gratuitamente-em-barretos\/#breadcrumb","itemListElement":[{"@type":"ListItem","position":1,"name":"In\u00edcio","item":"https:\/\/regiaonews.net.br\/2022\/"},{"@type":"ListItem","position":2,"name":"Oficina Animacel ser\u00e1 realizada gratuitamente em Barretos"}]},{"@type":"WebSite","@id":"https:\/\/regiaonews.net.br\/2022\/#website","url":"https:\/\/regiaonews.net.br\/2022\/","name":"Regi\u00e3o News","description":"Site de Not\u00edcias de Barretos e regi\u00e3o","publisher":{"@id":"https:\/\/regiaonews.net.br\/2022\/#organization"},"potentialAction":[{"@type":"SearchAction","target":{"@type":"EntryPoint","urlTemplate":"https:\/\/regiaonews.net.br\/2022\/?s={search_term_string}"},"query-input":{"@type":"PropertyValueSpecification","valueRequired":true,"valueName":"search_term_string"}}],"inLanguage":"pt-BR"},{"@type":"Organization","@id":"https:\/\/regiaonews.net.br\/2022\/#organization","name":"Regi\u00e3o News","url":"https:\/\/regiaonews.net.br\/2022\/","logo":{"@type":"ImageObject","inLanguage":"pt-BR","@id":"https:\/\/regiaonews.net.br\/2022\/#\/schema\/logo\/image\/","url":"https:\/\/regiaonews.net.br\/2022\/wp-content\/uploads\/2026\/03\/regiao-13-anos-scaled.jpg","contentUrl":"https:\/\/regiaonews.net.br\/2022\/wp-content\/uploads\/2026\/03\/regiao-13-anos-scaled.jpg","width":2560,"height":635,"caption":"Regi\u00e3o News"},"image":{"@id":"https:\/\/regiaonews.net.br\/2022\/#\/schema\/logo\/image\/"}},{"@type":"Person","@id":"https:\/\/regiaonews.net.br\/2022\/#\/schema\/person\/2d205a608a5aa97ac279d7a5e6d89ad8","name":"Roberto","image":{"@type":"ImageObject","inLanguage":"pt-BR","@id":"https:\/\/secure.gravatar.com\/avatar\/42749d8b712ff9d59ca93dc150494e5b55a44134482993f5baeb97e61b7ecc89?s=96&d=mm&r=g","url":"https:\/\/secure.gravatar.com\/avatar\/42749d8b712ff9d59ca93dc150494e5b55a44134482993f5baeb97e61b7ecc89?s=96&d=mm&r=g","contentUrl":"https:\/\/secure.gravatar.com\/avatar\/42749d8b712ff9d59ca93dc150494e5b55a44134482993f5baeb97e61b7ecc89?s=96&d=mm&r=g","caption":"Roberto"},"url":"https:\/\/regiaonews.net.br\/2022\/author\/roberto\/"}]}},"publishpress_future_action":{"enabled":false,"date":"2026-05-04 22:27:26","action":"change-status","newStatus":"draft","terms":[],"taxonomy":"category","extraData":[]},"publishpress_future_workflow_manual_trigger":{"enabledWorkflows":[]},"_links":{"self":[{"href":"https:\/\/regiaonews.net.br\/2022\/wp-json\/wp\/v2\/posts\/95003","targetHints":{"allow":["GET"]}}],"collection":[{"href":"https:\/\/regiaonews.net.br\/2022\/wp-json\/wp\/v2\/posts"}],"about":[{"href":"https:\/\/regiaonews.net.br\/2022\/wp-json\/wp\/v2\/types\/post"}],"author":[{"embeddable":true,"href":"https:\/\/regiaonews.net.br\/2022\/wp-json\/wp\/v2\/users\/2"}],"replies":[{"embeddable":true,"href":"https:\/\/regiaonews.net.br\/2022\/wp-json\/wp\/v2\/comments?post=95003"}],"version-history":[{"count":1,"href":"https:\/\/regiaonews.net.br\/2022\/wp-json\/wp\/v2\/posts\/95003\/revisions"}],"predecessor-version":[{"id":95006,"href":"https:\/\/regiaonews.net.br\/2022\/wp-json\/wp\/v2\/posts\/95003\/revisions\/95006"}],"wp:featuredmedia":[{"embeddable":true,"href":"https:\/\/regiaonews.net.br\/2022\/wp-json\/wp\/v2\/media\/95005"}],"wp:attachment":[{"href":"https:\/\/regiaonews.net.br\/2022\/wp-json\/wp\/v2\/media?parent=95003"}],"wp:term":[{"taxonomy":"category","embeddable":true,"href":"https:\/\/regiaonews.net.br\/2022\/wp-json\/wp\/v2\/categories?post=95003"},{"taxonomy":"post_tag","embeddable":true,"href":"https:\/\/regiaonews.net.br\/2022\/wp-json\/wp\/v2\/tags?post=95003"}],"curies":[{"name":"wp","href":"https:\/\/api.w.org\/{rel}","templated":true}]}}