{"id":95000,"date":"2023-09-13T15:16:36","date_gmt":"2023-09-13T18:16:36","guid":{"rendered":"https:\/\/regiaonews.net.br\/2022\/?p=95000"},"modified":"2023-09-13T15:16:36","modified_gmt":"2023-09-13T18:16:36","slug":"apresentacoes-de-capoeira-judo-e-percussao-dos-assistidos-da-apae-acontecem-no-north-shopping-nesta-sexta-15","status":"publish","type":"post","link":"https:\/\/regiaonews.net.br\/2022\/2023\/09\/13\/apresentacoes-de-capoeira-judo-e-percussao-dos-assistidos-da-apae-acontecem-no-north-shopping-nesta-sexta-15\/","title":{"rendered":"Apresenta\u00e7\u00f5es de capoeira, jud\u00f4 e percuss\u00e3o dos assistidos da APAE acontecem no North Shopping, nesta sexta, 15"},"content":{"rendered":"<h3 style=\"text-align: center;\">O evento tamb\u00e9m ser\u00e1 prestigiado por outras institui\u00e7\u00f5es da cidade.<\/h3>\n<p>Nesta sexta-feira, 15 de setembro, a partir das 13h, o North Shopping recebe apresenta\u00e7\u00f5es de capoeira, jud\u00f4 e percuss\u00e3o dos assistidos da institui\u00e7\u00e3o APAE &#8211; Associa\u00e7\u00e3o Pais Amigos Excepcionais de Barretos. O evento \u00e9 aberto ao p\u00fablico e acontece na Pra\u00e7a de Alimenta\u00e7\u00e3o do centro de compras.<\/p>\n<p>Segundo Adriano Caputo, do setor administrativo da APAE, as apresenta\u00e7\u00f5es s\u00e3o formas de inclus\u00e3o, mostrando para a cidade como as pessoas com defici\u00eancia podem desenvolver potencial em diferentes \u00e1reas. &#8220;De 27 a 31 de agosto foi a &#8216;Semana da pessoa com defici\u00eancia intelectual e m\u00faltipla\u2019 e agora com o &#8216;Setembro Verde\u2019, que \u00e9 o m\u00eas da pessoa com defici\u00eancia, por tudo isso, \u00e9 que queremos conscientizar a sociedade que estas pessoas tamb\u00e9m produzem, que elas trabalham em empresas, e est\u00e3o envolvidas com a cultura, tocam percuss\u00e3o, praticam modalidades como a capoeira e o jud\u00f4\u201d, explicou Adriano.<\/p>\n<p>Al\u00e9m dos participantes da APAE, a entidade convidou para prestigiar o evento as institui\u00e7\u00f5es ABAVIN &#8211; Associa\u00e7\u00e3o Barretense Vida Nova, Casa Transit\u00f3ria Andr\u00e9 Luiz e AMA &#8211; Associa\u00e7\u00e3o de Amigos do Autista.<\/p>\n<p>&#8220;O North Shopping acredita sobre a import\u00e2ncia de a\u00e7\u00f5es como esta, n\u00f3s sempre incentivamos eventos inclusivos com intuito de mostrar a sociedade em geral que todas as pessoas s\u00e3o especiais e capazes de ter e garantir o seu espa\u00e7o\u201d, enfatizou Melina Tamy, gerente de marketing do North Shopping Barretos.<\/p>\n<p>Servi\u00e7o:<br \/>\nO que: Apresenta\u00e7\u00f5es de capoeira, jud\u00f4 e percuss\u00e3o dos assistidos da APAE acontecem no North Shopping, nesta sexta, 15<br \/>\nData do concurso: 15 de setembro<br \/>\nHor\u00e1rio do concurso: a partir das 13h<br \/>\nLocal: Palco da Pra\u00e7a de Alimenta\u00e7\u00e3o do North Shopping Barretos<br \/>\nGratuito<\/p>\n","protected":false},"excerpt":{"rendered":"<p>O evento tamb\u00e9m ser\u00e1 prestigiado por outras institui\u00e7\u00f5es da cidade.<\/p>\n","protected":false},"author":2,"featured_media":95001,"comment_status":"open","ping_status":"open","sticky":false,"template":"","format":"standard","meta":{"footnotes":""},"categories":[14,3],"tags":[],"class_list":["post-95000","post","type-post","status-publish","format-standard","has-post-thumbnail","hentry","category-barretos","category-geral"],"yoast_head":"<!-- This site is optimized with the Yoast SEO plugin v27.4 - https:\/\/yoast.com\/product\/yoast-seo-wordpress\/ -->\n<title>Apresenta\u00e7\u00f5es de capoeira, jud\u00f4 e percuss\u00e3o dos assistidos da APAE acontecem no North Shopping, nesta sexta, 15 - Regi\u00e3o News<\/title>\n<meta name=\"robots\" content=\"index, follow, max-snippet:-1, max-image-preview:large, max-video-preview:-1\" \/>\n<link rel=\"canonical\" href=\"https:\/\/regiaonews.net.br\/2022\/2023\/09\/13\/apresentacoes-de-capoeira-judo-e-percussao-dos-assistidos-da-apae-acontecem-no-north-shopping-nesta-sexta-15\/\" \/>\n<meta property=\"og:locale\" content=\"pt_BR\" \/>\n<meta property=\"og:type\" content=\"article\" \/>\n<meta property=\"og:title\" content=\"Apresenta\u00e7\u00f5es de capoeira, jud\u00f4 e percuss\u00e3o dos assistidos da APAE acontecem no North Shopping, nesta sexta, 15 - Regi\u00e3o News\" \/>\n<meta property=\"og:description\" content=\"O evento tamb\u00e9m ser\u00e1 prestigiado por outras institui\u00e7\u00f5es da cidade.\" \/>\n<meta property=\"og:url\" content=\"https:\/\/regiaonews.net.br\/2022\/2023\/09\/13\/apresentacoes-de-capoeira-judo-e-percussao-dos-assistidos-da-apae-acontecem-no-north-shopping-nesta-sexta-15\/\" \/>\n<meta property=\"og:site_name\" content=\"Regi\u00e3o News\" \/>\n<meta property=\"article:published_time\" content=\"2023-09-13T18:16:36+00:00\" \/>\n<meta property=\"og:image\" content=\"https:\/\/regiaonews.net.br\/2022\/wp-content\/uploads\/2023\/09\/Imagem-do-WhatsApp-de-2023-09-13-as-13.29.18.jpg\" \/>\n\t<meta property=\"og:image:width\" content=\"1588\" \/>\n\t<meta property=\"og:image:height\" content=\"1587\" \/>\n\t<meta property=\"og:image:type\" content=\"image\/jpeg\" \/>\n<meta name=\"author\" content=\"Roberto\" \/>\n<meta name=\"twitter:card\" content=\"summary_large_image\" \/>\n<meta name=\"twitter:label1\" content=\"Escrito por\" \/>\n\t<meta name=\"twitter:data1\" content=\"Roberto\" \/>\n\t<meta name=\"twitter:label2\" content=\"Est. tempo de leitura\" \/>\n\t<meta name=\"twitter:data2\" content=\"2 minutos\" \/>\n<script type=\"application\/ld+json\" class=\"yoast-schema-graph\">{\"@context\":\"https:\\\/\\\/schema.org\",\"@graph\":[{\"@type\":\"Article\",\"@id\":\"https:\\\/\\\/regiaonews.net.br\\\/2022\\\/2023\\\/09\\\/13\\\/apresentacoes-de-capoeira-judo-e-percussao-dos-assistidos-da-apae-acontecem-no-north-shopping-nesta-sexta-15\\\/#article\",\"isPartOf\":{\"@id\":\"https:\\\/\\\/regiaonews.net.br\\\/2022\\\/2023\\\/09\\\/13\\\/apresentacoes-de-capoeira-judo-e-percussao-dos-assistidos-da-apae-acontecem-no-north-shopping-nesta-sexta-15\\\/\"},\"author\":{\"name\":\"Roberto\",\"@id\":\"https:\\\/\\\/regiaonews.net.br\\\/2022\\\/#\\\/schema\\\/person\\\/2d205a608a5aa97ac279d7a5e6d89ad8\"},\"headline\":\"Apresenta\u00e7\u00f5es de capoeira, jud\u00f4 e percuss\u00e3o dos assistidos da APAE acontecem no North Shopping, nesta sexta, 15\",\"datePublished\":\"2023-09-13T18:16:36+00:00\",\"mainEntityOfPage\":{\"@id\":\"https:\\\/\\\/regiaonews.net.br\\\/2022\\\/2023\\\/09\\\/13\\\/apresentacoes-de-capoeira-judo-e-percussao-dos-assistidos-da-apae-acontecem-no-north-shopping-nesta-sexta-15\\\/\"},\"wordCount\":324,\"commentCount\":0,\"publisher\":{\"@id\":\"https:\\\/\\\/regiaonews.net.br\\\/2022\\\/#organization\"},\"image\":{\"@id\":\"https:\\\/\\\/regiaonews.net.br\\\/2022\\\/2023\\\/09\\\/13\\\/apresentacoes-de-capoeira-judo-e-percussao-dos-assistidos-da-apae-acontecem-no-north-shopping-nesta-sexta-15\\\/#primaryimage\"},\"thumbnailUrl\":\"https:\\\/\\\/regiaonews.net.br\\\/2022\\\/wp-content\\\/uploads\\\/2023\\\/09\\\/Imagem-do-WhatsApp-de-2023-09-13-as-13.29.18.jpg\",\"articleSection\":[\"Barretos\",\"Geral\"],\"inLanguage\":\"pt-BR\",\"potentialAction\":[{\"@type\":\"CommentAction\",\"name\":\"Comment\",\"target\":[\"https:\\\/\\\/regiaonews.net.br\\\/2022\\\/2023\\\/09\\\/13\\\/apresentacoes-de-capoeira-judo-e-percussao-dos-assistidos-da-apae-acontecem-no-north-shopping-nesta-sexta-15\\\/#respond\"]}]},{\"@type\":\"WebPage\",\"@id\":\"https:\\\/\\\/regiaonews.net.br\\\/2022\\\/2023\\\/09\\\/13\\\/apresentacoes-de-capoeira-judo-e-percussao-dos-assistidos-da-apae-acontecem-no-north-shopping-nesta-sexta-15\\\/\",\"url\":\"https:\\\/\\\/regiaonews.net.br\\\/2022\\\/2023\\\/09\\\/13\\\/apresentacoes-de-capoeira-judo-e-percussao-dos-assistidos-da-apae-acontecem-no-north-shopping-nesta-sexta-15\\\/\",\"name\":\"Apresenta\u00e7\u00f5es de capoeira, jud\u00f4 e percuss\u00e3o dos assistidos da APAE acontecem no North Shopping, nesta sexta, 15 - Regi\u00e3o News\",\"isPartOf\":{\"@id\":\"https:\\\/\\\/regiaonews.net.br\\\/2022\\\/#website\"},\"primaryImageOfPage\":{\"@id\":\"https:\\\/\\\/regiaonews.net.br\\\/2022\\\/2023\\\/09\\\/13\\\/apresentacoes-de-capoeira-judo-e-percussao-dos-assistidos-da-apae-acontecem-no-north-shopping-nesta-sexta-15\\\/#primaryimage\"},\"image\":{\"@id\":\"https:\\\/\\\/regiaonews.net.br\\\/2022\\\/2023\\\/09\\\/13\\\/apresentacoes-de-capoeira-judo-e-percussao-dos-assistidos-da-apae-acontecem-no-north-shopping-nesta-sexta-15\\\/#primaryimage\"},\"thumbnailUrl\":\"https:\\\/\\\/regiaonews.net.br\\\/2022\\\/wp-content\\\/uploads\\\/2023\\\/09\\\/Imagem-do-WhatsApp-de-2023-09-13-as-13.29.18.jpg\",\"datePublished\":\"2023-09-13T18:16:36+00:00\",\"breadcrumb\":{\"@id\":\"https:\\\/\\\/regiaonews.net.br\\\/2022\\\/2023\\\/09\\\/13\\\/apresentacoes-de-capoeira-judo-e-percussao-dos-assistidos-da-apae-acontecem-no-north-shopping-nesta-sexta-15\\\/#breadcrumb\"},\"inLanguage\":\"pt-BR\",\"potentialAction\":[{\"@type\":\"ReadAction\",\"target\":[\"https:\\\/\\\/regiaonews.net.br\\\/2022\\\/2023\\\/09\\\/13\\\/apresentacoes-de-capoeira-judo-e-percussao-dos-assistidos-da-apae-acontecem-no-north-shopping-nesta-sexta-15\\\/\"]}]},{\"@type\":\"ImageObject\",\"inLanguage\":\"pt-BR\",\"@id\":\"https:\\\/\\\/regiaonews.net.br\\\/2022\\\/2023\\\/09\\\/13\\\/apresentacoes-de-capoeira-judo-e-percussao-dos-assistidos-da-apae-acontecem-no-north-shopping-nesta-sexta-15\\\/#primaryimage\",\"url\":\"https:\\\/\\\/regiaonews.net.br\\\/2022\\\/wp-content\\\/uploads\\\/2023\\\/09\\\/Imagem-do-WhatsApp-de-2023-09-13-as-13.29.18.jpg\",\"contentUrl\":\"https:\\\/\\\/regiaonews.net.br\\\/2022\\\/wp-content\\\/uploads\\\/2023\\\/09\\\/Imagem-do-WhatsApp-de-2023-09-13-as-13.29.18.jpg\",\"width\":1588,\"height\":1587},{\"@type\":\"BreadcrumbList\",\"@id\":\"https:\\\/\\\/regiaonews.net.br\\\/2022\\\/2023\\\/09\\\/13\\\/apresentacoes-de-capoeira-judo-e-percussao-dos-assistidos-da-apae-acontecem-no-north-shopping-nesta-sexta-15\\\/#breadcrumb\",\"itemListElement\":[{\"@type\":\"ListItem\",\"position\":1,\"name\":\"In\u00edcio\",\"item\":\"https:\\\/\\\/regiaonews.net.br\\\/2022\\\/\"},{\"@type\":\"ListItem\",\"position\":2,\"name\":\"Apresenta\u00e7\u00f5es de capoeira, jud\u00f4 e percuss\u00e3o dos assistidos da APAE acontecem no North Shopping, nesta sexta, 15\"}]},{\"@type\":\"WebSite\",\"@id\":\"https:\\\/\\\/regiaonews.net.br\\\/2022\\\/#website\",\"url\":\"https:\\\/\\\/regiaonews.net.br\\\/2022\\\/\",\"name\":\"Regi\u00e3o News\",\"description\":\"Site de Not\u00edcias de Barretos e regi\u00e3o\",\"publisher\":{\"@id\":\"https:\\\/\\\/regiaonews.net.br\\\/2022\\\/#organization\"},\"potentialAction\":[{\"@type\":\"SearchAction\",\"target\":{\"@type\":\"EntryPoint\",\"urlTemplate\":\"https:\\\/\\\/regiaonews.net.br\\\/2022\\\/?s={search_term_string}\"},\"query-input\":{\"@type\":\"PropertyValueSpecification\",\"valueRequired\":true,\"valueName\":\"search_term_string\"}}],\"inLanguage\":\"pt-BR\"},{\"@type\":\"Organization\",\"@id\":\"https:\\\/\\\/regiaonews.net.br\\\/2022\\\/#organization\",\"name\":\"Regi\u00e3o News\",\"url\":\"https:\\\/\\\/regiaonews.net.br\\\/2022\\\/\",\"logo\":{\"@type\":\"ImageObject\",\"inLanguage\":\"pt-BR\",\"@id\":\"https:\\\/\\\/regiaonews.net.br\\\/2022\\\/#\\\/schema\\\/logo\\\/image\\\/\",\"url\":\"https:\\\/\\\/regiaonews.net.br\\\/2022\\\/wp-content\\\/uploads\\\/2026\\\/03\\\/regiao-13-anos-scaled.jpg\",\"contentUrl\":\"https:\\\/\\\/regiaonews.net.br\\\/2022\\\/wp-content\\\/uploads\\\/2026\\\/03\\\/regiao-13-anos-scaled.jpg\",\"width\":2560,\"height\":635,\"caption\":\"Regi\u00e3o News\"},\"image\":{\"@id\":\"https:\\\/\\\/regiaonews.net.br\\\/2022\\\/#\\\/schema\\\/logo\\\/image\\\/\"}},{\"@type\":\"Person\",\"@id\":\"https:\\\/\\\/regiaonews.net.br\\\/2022\\\/#\\\/schema\\\/person\\\/2d205a608a5aa97ac279d7a5e6d89ad8\",\"name\":\"Roberto\",\"image\":{\"@type\":\"ImageObject\",\"inLanguage\":\"pt-BR\",\"@id\":\"https:\\\/\\\/secure.gravatar.com\\\/avatar\\\/42749d8b712ff9d59ca93dc150494e5b55a44134482993f5baeb97e61b7ecc89?s=96&d=mm&r=g\",\"url\":\"https:\\\/\\\/secure.gravatar.com\\\/avatar\\\/42749d8b712ff9d59ca93dc150494e5b55a44134482993f5baeb97e61b7ecc89?s=96&d=mm&r=g\",\"contentUrl\":\"https:\\\/\\\/secure.gravatar.com\\\/avatar\\\/42749d8b712ff9d59ca93dc150494e5b55a44134482993f5baeb97e61b7ecc89?s=96&d=mm&r=g\",\"caption\":\"Roberto\"},\"url\":\"https:\\\/\\\/regiaonews.net.br\\\/2022\\\/author\\\/roberto\\\/\"}]}<\/script>\n<!-- \/ Yoast SEO plugin. -->","yoast_head_json":{"title":"Apresenta\u00e7\u00f5es de capoeira, jud\u00f4 e percuss\u00e3o dos assistidos da APAE acontecem no North Shopping, nesta sexta, 15 - Regi\u00e3o News","robots":{"index":"index","follow":"follow","max-snippet":"max-snippet:-1","max-image-preview":"max-image-preview:large","max-video-preview":"max-video-preview:-1"},"canonical":"https:\/\/regiaonews.net.br\/2022\/2023\/09\/13\/apresentacoes-de-capoeira-judo-e-percussao-dos-assistidos-da-apae-acontecem-no-north-shopping-nesta-sexta-15\/","og_locale":"pt_BR","og_type":"article","og_title":"Apresenta\u00e7\u00f5es de capoeira, jud\u00f4 e percuss\u00e3o dos assistidos da APAE acontecem no North Shopping, nesta sexta, 15 - Regi\u00e3o News","og_description":"O evento tamb\u00e9m ser\u00e1 prestigiado por outras institui\u00e7\u00f5es da cidade.","og_url":"https:\/\/regiaonews.net.br\/2022\/2023\/09\/13\/apresentacoes-de-capoeira-judo-e-percussao-dos-assistidos-da-apae-acontecem-no-north-shopping-nesta-sexta-15\/","og_site_name":"Regi\u00e3o News","article_published_time":"2023-09-13T18:16:36+00:00","og_image":[{"width":1588,"height":1587,"url":"https:\/\/regiaonews.net.br\/2022\/wp-content\/uploads\/2023\/09\/Imagem-do-WhatsApp-de-2023-09-13-as-13.29.18.jpg","type":"image\/jpeg"}],"author":"Roberto","twitter_card":"summary_large_image","twitter_misc":{"Escrito por":"Roberto","Est. tempo de leitura":"2 minutos"},"schema":{"@context":"https:\/\/schema.org","@graph":[{"@type":"Article","@id":"https:\/\/regiaonews.net.br\/2022\/2023\/09\/13\/apresentacoes-de-capoeira-judo-e-percussao-dos-assistidos-da-apae-acontecem-no-north-shopping-nesta-sexta-15\/#article","isPartOf":{"@id":"https:\/\/regiaonews.net.br\/2022\/2023\/09\/13\/apresentacoes-de-capoeira-judo-e-percussao-dos-assistidos-da-apae-acontecem-no-north-shopping-nesta-sexta-15\/"},"author":{"name":"Roberto","@id":"https:\/\/regiaonews.net.br\/2022\/#\/schema\/person\/2d205a608a5aa97ac279d7a5e6d89ad8"},"headline":"Apresenta\u00e7\u00f5es de capoeira, jud\u00f4 e percuss\u00e3o dos assistidos da APAE acontecem no North Shopping, nesta sexta, 15","datePublished":"2023-09-13T18:16:36+00:00","mainEntityOfPage":{"@id":"https:\/\/regiaonews.net.br\/2022\/2023\/09\/13\/apresentacoes-de-capoeira-judo-e-percussao-dos-assistidos-da-apae-acontecem-no-north-shopping-nesta-sexta-15\/"},"wordCount":324,"commentCount":0,"publisher":{"@id":"https:\/\/regiaonews.net.br\/2022\/#organization"},"image":{"@id":"https:\/\/regiaonews.net.br\/2022\/2023\/09\/13\/apresentacoes-de-capoeira-judo-e-percussao-dos-assistidos-da-apae-acontecem-no-north-shopping-nesta-sexta-15\/#primaryimage"},"thumbnailUrl":"https:\/\/regiaonews.net.br\/2022\/wp-content\/uploads\/2023\/09\/Imagem-do-WhatsApp-de-2023-09-13-as-13.29.18.jpg","articleSection":["Barretos","Geral"],"inLanguage":"pt-BR","potentialAction":[{"@type":"CommentAction","name":"Comment","target":["https:\/\/regiaonews.net.br\/2022\/2023\/09\/13\/apresentacoes-de-capoeira-judo-e-percussao-dos-assistidos-da-apae-acontecem-no-north-shopping-nesta-sexta-15\/#respond"]}]},{"@type":"WebPage","@id":"https:\/\/regiaonews.net.br\/2022\/2023\/09\/13\/apresentacoes-de-capoeira-judo-e-percussao-dos-assistidos-da-apae-acontecem-no-north-shopping-nesta-sexta-15\/","url":"https:\/\/regiaonews.net.br\/2022\/2023\/09\/13\/apresentacoes-de-capoeira-judo-e-percussao-dos-assistidos-da-apae-acontecem-no-north-shopping-nesta-sexta-15\/","name":"Apresenta\u00e7\u00f5es de capoeira, jud\u00f4 e percuss\u00e3o dos assistidos da APAE acontecem no North Shopping, nesta sexta, 15 - Regi\u00e3o News","isPartOf":{"@id":"https:\/\/regiaonews.net.br\/2022\/#website"},"primaryImageOfPage":{"@id":"https:\/\/regiaonews.net.br\/2022\/2023\/09\/13\/apresentacoes-de-capoeira-judo-e-percussao-dos-assistidos-da-apae-acontecem-no-north-shopping-nesta-sexta-15\/#primaryimage"},"image":{"@id":"https:\/\/regiaonews.net.br\/2022\/2023\/09\/13\/apresentacoes-de-capoeira-judo-e-percussao-dos-assistidos-da-apae-acontecem-no-north-shopping-nesta-sexta-15\/#primaryimage"},"thumbnailUrl":"https:\/\/regiaonews.net.br\/2022\/wp-content\/uploads\/2023\/09\/Imagem-do-WhatsApp-de-2023-09-13-as-13.29.18.jpg","datePublished":"2023-09-13T18:16:36+00:00","breadcrumb":{"@id":"https:\/\/regiaonews.net.br\/2022\/2023\/09\/13\/apresentacoes-de-capoeira-judo-e-percussao-dos-assistidos-da-apae-acontecem-no-north-shopping-nesta-sexta-15\/#breadcrumb"},"inLanguage":"pt-BR","potentialAction":[{"@type":"ReadAction","target":["https:\/\/regiaonews.net.br\/2022\/2023\/09\/13\/apresentacoes-de-capoeira-judo-e-percussao-dos-assistidos-da-apae-acontecem-no-north-shopping-nesta-sexta-15\/"]}]},{"@type":"ImageObject","inLanguage":"pt-BR","@id":"https:\/\/regiaonews.net.br\/2022\/2023\/09\/13\/apresentacoes-de-capoeira-judo-e-percussao-dos-assistidos-da-apae-acontecem-no-north-shopping-nesta-sexta-15\/#primaryimage","url":"https:\/\/regiaonews.net.br\/2022\/wp-content\/uploads\/2023\/09\/Imagem-do-WhatsApp-de-2023-09-13-as-13.29.18.jpg","contentUrl":"https:\/\/regiaonews.net.br\/2022\/wp-content\/uploads\/2023\/09\/Imagem-do-WhatsApp-de-2023-09-13-as-13.29.18.jpg","width":1588,"height":1587},{"@type":"BreadcrumbList","@id":"https:\/\/regiaonews.net.br\/2022\/2023\/09\/13\/apresentacoes-de-capoeira-judo-e-percussao-dos-assistidos-da-apae-acontecem-no-north-shopping-nesta-sexta-15\/#breadcrumb","itemListElement":[{"@type":"ListItem","position":1,"name":"In\u00edcio","item":"https:\/\/regiaonews.net.br\/2022\/"},{"@type":"ListItem","position":2,"name":"Apresenta\u00e7\u00f5es de capoeira, jud\u00f4 e percuss\u00e3o dos assistidos da APAE acontecem no North Shopping, nesta sexta, 15"}]},{"@type":"WebSite","@id":"https:\/\/regiaonews.net.br\/2022\/#website","url":"https:\/\/regiaonews.net.br\/2022\/","name":"Regi\u00e3o News","description":"Site de Not\u00edcias de Barretos e regi\u00e3o","publisher":{"@id":"https:\/\/regiaonews.net.br\/2022\/#organization"},"potentialAction":[{"@type":"SearchAction","target":{"@type":"EntryPoint","urlTemplate":"https:\/\/regiaonews.net.br\/2022\/?s={search_term_string}"},"query-input":{"@type":"PropertyValueSpecification","valueRequired":true,"valueName":"search_term_string"}}],"inLanguage":"pt-BR"},{"@type":"Organization","@id":"https:\/\/regiaonews.net.br\/2022\/#organization","name":"Regi\u00e3o News","url":"https:\/\/regiaonews.net.br\/2022\/","logo":{"@type":"ImageObject","inLanguage":"pt-BR","@id":"https:\/\/regiaonews.net.br\/2022\/#\/schema\/logo\/image\/","url":"https:\/\/regiaonews.net.br\/2022\/wp-content\/uploads\/2026\/03\/regiao-13-anos-scaled.jpg","contentUrl":"https:\/\/regiaonews.net.br\/2022\/wp-content\/uploads\/2026\/03\/regiao-13-anos-scaled.jpg","width":2560,"height":635,"caption":"Regi\u00e3o News"},"image":{"@id":"https:\/\/regiaonews.net.br\/2022\/#\/schema\/logo\/image\/"}},{"@type":"Person","@id":"https:\/\/regiaonews.net.br\/2022\/#\/schema\/person\/2d205a608a5aa97ac279d7a5e6d89ad8","name":"Roberto","image":{"@type":"ImageObject","inLanguage":"pt-BR","@id":"https:\/\/secure.gravatar.com\/avatar\/42749d8b712ff9d59ca93dc150494e5b55a44134482993f5baeb97e61b7ecc89?s=96&d=mm&r=g","url":"https:\/\/secure.gravatar.com\/avatar\/42749d8b712ff9d59ca93dc150494e5b55a44134482993f5baeb97e61b7ecc89?s=96&d=mm&r=g","contentUrl":"https:\/\/secure.gravatar.com\/avatar\/42749d8b712ff9d59ca93dc150494e5b55a44134482993f5baeb97e61b7ecc89?s=96&d=mm&r=g","caption":"Roberto"},"url":"https:\/\/regiaonews.net.br\/2022\/author\/roberto\/"}]}},"publishpress_future_action":{"enabled":false,"date":"2026-05-04 20:48:58","action":"change-status","newStatus":"draft","terms":[],"taxonomy":"category","extraData":[]},"publishpress_future_workflow_manual_trigger":{"enabledWorkflows":[]},"_links":{"self":[{"href":"https:\/\/regiaonews.net.br\/2022\/wp-json\/wp\/v2\/posts\/95000","targetHints":{"allow":["GET"]}}],"collection":[{"href":"https:\/\/regiaonews.net.br\/2022\/wp-json\/wp\/v2\/posts"}],"about":[{"href":"https:\/\/regiaonews.net.br\/2022\/wp-json\/wp\/v2\/types\/post"}],"author":[{"embeddable":true,"href":"https:\/\/regiaonews.net.br\/2022\/wp-json\/wp\/v2\/users\/2"}],"replies":[{"embeddable":true,"href":"https:\/\/regiaonews.net.br\/2022\/wp-json\/wp\/v2\/comments?post=95000"}],"version-history":[{"count":1,"href":"https:\/\/regiaonews.net.br\/2022\/wp-json\/wp\/v2\/posts\/95000\/revisions"}],"predecessor-version":[{"id":95002,"href":"https:\/\/regiaonews.net.br\/2022\/wp-json\/wp\/v2\/posts\/95000\/revisions\/95002"}],"wp:featuredmedia":[{"embeddable":true,"href":"https:\/\/regiaonews.net.br\/2022\/wp-json\/wp\/v2\/media\/95001"}],"wp:attachment":[{"href":"https:\/\/regiaonews.net.br\/2022\/wp-json\/wp\/v2\/media?parent=95000"}],"wp:term":[{"taxonomy":"category","embeddable":true,"href":"https:\/\/regiaonews.net.br\/2022\/wp-json\/wp\/v2\/categories?post=95000"},{"taxonomy":"post_tag","embeddable":true,"href":"https:\/\/regiaonews.net.br\/2022\/wp-json\/wp\/v2\/tags?post=95000"}],"curies":[{"name":"wp","href":"https:\/\/api.w.org\/{rel}","templated":true}]}}