{"id":94996,"date":"2023-09-13T15:15:24","date_gmt":"2023-09-13T18:15:24","guid":{"rendered":"https:\/\/regiaonews.net.br\/2022\/?p=94996"},"modified":"2023-09-13T15:15:24","modified_gmt":"2023-09-13T18:15:24","slug":"brasileiro-foragido-nos-eua-e-capturado","status":"publish","type":"post","link":"https:\/\/regiaonews.net.br\/2022\/2023\/09\/13\/brasileiro-foragido-nos-eua-e-capturado\/","title":{"rendered":"Brasileiro foragido nos EUA \u00e9 capturado"},"content":{"rendered":"<div class=\"title\" data-block-type=\"title\" data-block-id=\"0\">\n<p class=\"content-head__title\" style=\"text-align: left;\"><span style=\"font-size: 16px;\">Danilo Cavalcante, condenado \u00e0 pris\u00e3o perp\u00e9tua por matar ex-namorada a facadas, fugiu de pres\u00eddio na Pensilv\u00e2nia h\u00e1 14 dias. Pol\u00edcia o encontrou embaixo de pilha de madeira com a ajuda de c\u00e2meras t\u00e9rmicas e c\u00e3es farejadores, em uma megaopera\u00e7\u00e3o com 500 policiais e FBI. Brasileiro escapou da pris\u00e3o escalando paredes.<\/span><\/p>\n<div id=\"chunk-4mpjc\">\n<div class=\"mc-column content-text active-extra-styles \" data-block-type=\"unstyled\" data-block-weight=\"27\" data-block-id=\"3\">\n<p class=\"content-text__container \" data-track-category=\"Link no Texto\" data-track-links=\"\">Danilo Cavalcante, o\u00a0<a class=\"\" href=\"https:\/\/g1.globo.com\/ma\/maranhao\/noticia\/2023\/09\/01\/brasileiro-condenado-a-prisao-perpetua-por-matar-ex-namorada-foge-da-cadeia-nos-eua.ghtml\">brasileiro condenado \u00e0 pris\u00e3o perp\u00e9tua que fugiu da cadeia nos Estados Unidos<\/a>, foi capturado nesta quarta-feira (13), anunciou a pol\u00edcia da Pensilv\u00e2nia.<\/p>\n<\/div>\n<\/div>\n<div class=\"wall protected-content\">\n<div id=\"chunk-43pvq\">\n<div class=\"mc-column content-text active-extra-styles\" data-block-type=\"raw\" data-block-weight=\"11\" data-block-id=\"4\">\n<p class=\"content-text__container\">A captura acontece no 14\u00ba dia das buscas, que envolveram<strong>\u00a0uma megaopera\u00e7\u00e3o com 500 policiais, participa\u00e7\u00e3o do FBI\u00a0<\/strong>e fechamento de escolas e parques. Mesmo assim, Cavalcante, que matou a facadas uma ex-namorada e escalou as paredes da pris\u00e3o para fugir,\u00a0<strong>conseguiu caminhar por 38 quil\u00f4metros, roubar uma van e um rifle e trocar tiros\u00a0<\/strong>com um morador (<em>leia mais detalhes abaixo<\/em>).<\/p>\n<div id=\"chunk-e6e67\">\n<div class=\"mc-column content-text active-extra-styles \" data-block-type=\"unstyled\" data-block-weight=\"26\" data-block-id=\"10\">\n<p class=\"content-text__container \" data-track-category=\"Link no Texto\" data-track-links=\"\">Danilo Cavalcante,\u00a0<a class=\"\" href=\"https:\/\/g1.globo.com\/ma\/maranhao\/noticia\/2023\/08\/23\/brasileiro-acusado-de-matar-a-facadas-a-ex-namorada-maranhense-e-condenado-a-prisao-perpetua-nos-eua.ghtml\">condenado por matar a ex-namorada D\u00e9bora Evangelista Brand\u00e3o<\/a>, estava foragido desde 31 de agosto, quando conseguiu escapar da pris\u00e3o escalando paredes\u00a0<em>(leia mais abaixo)<\/em>.<\/p>\n<\/div>\n<\/div>\n<div id=\"chunk-9gph4\">\n<div class=\"mc-column content-text active-extra-styles \" data-block-type=\"unstyled\" data-block-weight=\"46\" data-block-id=\"11\">\n<p class=\"content-text__container \" data-track-category=\"Link no Texto\" data-track-links=\"\">&#8220;A<strong>\u00a0captura de Cavalcante d\u00e1 fim ao pesadelo das duas \u00faltimas semanas<\/strong>, e agradecemos a cada um dos policiais regionais, estatuais e federais que sa\u00edram \u00e0s ruas em todas as condi\u00e7\u00f5es, dia e noite&#8221;, declarou a pol\u00edcia do condado de Chester, na Pensilv\u00e2nia, em comunicado.<\/p>\n<div id=\"chunk-4tlrk\">\n<div class=\"mc-column content-text active-extra-styles \" data-block-type=\"unstyled\" data-block-weight=\"12\" data-block-id=\"13\">\n<p class=\"content-text__container \" data-track-category=\"Link no Texto\" data-track-links=\"\">A opera\u00e7\u00e3o final de captura de Cavalcante ocorreu da seguinte maneira:<\/p>\n<\/div>\n<\/div>\n<div id=\"chunk-3kgiu\">\n<div class=\"mc-column content-text active-extra-styles\" data-block-type=\"raw\" data-block-weight=\"214\" data-block-id=\"14\">\n<p class=\"content-text__container\">\n<ul class=\"content-unordered-list\">\n<li><strong>Ningu\u00e9m ficou ferido\u00a0<\/strong>durante a a\u00e7\u00e3o, e<strong>\u00a0nenhum tiro foi disparado<\/strong>\u00a0&#8211; autoridades temiam a possibilidade de v\u00edtimas pelo fato de que o brasileiro estava armado (leia mais abaixo).<\/li>\n<li>Cavalcante foi preso pouco depois das 08h no hor\u00e1rio local (09h no hor\u00e1rio de Bras\u00edlia);<\/li>\n<li>Primeiro, durante a madrugada, o<strong>\u00a0alarme de um im\u00f3vel foi disparado<\/strong>. Policiais n\u00e3o encontraram nada, mas isso\u00a0<strong>levou a opera\u00e7\u00e3o a focar na \u00e1rea;<\/strong><\/li>\n<li><strong>C\u00e2meras t\u00e9rmicas de uma das aeronaves das buscas ent\u00e3o identificaram nesse local um ponto<\/strong>\u00a0onde se suspeitava que o brasileiro estava;<\/li>\n<li>Mas uma tempestade teve de interromper a opera\u00e7\u00e3o. Raios ca\u00edram no local, e as aeronaves tiveram de pousar;<\/li>\n<li>No in\u00edcio da manh\u00e3, a opera\u00e7\u00e3o foi retomada. Rapidamente,<strong>\u00a0homens em terra cercaram o local identificado pelas c\u00e2meras t\u00e9rmicas<\/strong>;<\/li>\n<li>L\u00e1, c\u00e3es de patrulha e policiais em terra confirmaram a hip\u00f3tese e\u00a0<strong>encontraram Cavalcante<\/strong>;<\/li>\n<li>Ele estava embaixo de uma pilha de madeira;<\/li>\n<li>Segundo a pol\u00edcia, o brasileiro\u00a0<strong>s\u00f3 se deu conta da presen\u00e7a policial quando j\u00e1 estava cercado<\/strong>;<\/li>\n<li>Cavalcante foi preso em uma \u00e1rea de floresta perto do South Coventry, onde se suspeitava que ele estava na ter\u00e7a.<\/li>\n<li>Durante a fuga, o<strong>\u00a0brasileiro costumava se mover durante a noite<\/strong>. &#8220;Ele s\u00f3 caminhava de dia se pressionado por nossas patrulhas&#8221;, disse o tenente-coronel George Bivens, que coordenou a opera\u00e7\u00e3o.<\/li>\n<\/ul>\n<\/div>\n<\/div>\n<\/div>\n<\/div>\n<\/div>\n<\/div>\n<\/div>\n<\/div>\n","protected":false},"excerpt":{"rendered":"<p>Danilo Cavalcante, condenado \u00e0 pris\u00e3o perp\u00e9tua por matar ex-namorada a<\/p>\n","protected":false},"author":2,"featured_media":94998,"comment_status":"open","ping_status":"open","sticky":false,"template":"","format":"standard","meta":{"footnotes":""},"categories":[3,23],"tags":[],"class_list":["post-94996","post","type-post","status-publish","format-standard","has-post-thumbnail","hentry","category-geral","category-policia"],"yoast_head":"<!-- This site is optimized with the Yoast SEO plugin v27.4 - https:\/\/yoast.com\/product\/yoast-seo-wordpress\/ -->\n<title>Brasileiro foragido nos EUA \u00e9 capturado - Regi\u00e3o News<\/title>\n<meta name=\"robots\" content=\"index, follow, max-snippet:-1, max-image-preview:large, max-video-preview:-1\" \/>\n<link rel=\"canonical\" href=\"https:\/\/regiaonews.net.br\/2022\/2023\/09\/13\/brasileiro-foragido-nos-eua-e-capturado\/\" \/>\n<meta property=\"og:locale\" content=\"pt_BR\" \/>\n<meta property=\"og:type\" content=\"article\" \/>\n<meta property=\"og:title\" content=\"Brasileiro foragido nos EUA \u00e9 capturado - Regi\u00e3o News\" \/>\n<meta property=\"og:description\" content=\"Danilo Cavalcante, condenado \u00e0 pris\u00e3o perp\u00e9tua por matar ex-namorada a\" \/>\n<meta property=\"og:url\" content=\"https:\/\/regiaonews.net.br\/2022\/2023\/09\/13\/brasileiro-foragido-nos-eua-e-capturado\/\" \/>\n<meta property=\"og:site_name\" content=\"Regi\u00e3o News\" \/>\n<meta property=\"article:published_time\" content=\"2023-09-13T18:15:24+00:00\" \/>\n<meta property=\"og:image\" content=\"https:\/\/regiaonews.net.br\/2022\/wp-content\/uploads\/2023\/09\/ww.png\" \/>\n\t<meta property=\"og:image:width\" content=\"976\" \/>\n\t<meta property=\"og:image:height\" content=\"496\" \/>\n\t<meta property=\"og:image:type\" content=\"image\/png\" \/>\n<meta name=\"author\" content=\"Roberto\" \/>\n<meta name=\"twitter:card\" content=\"summary_large_image\" \/>\n<meta name=\"twitter:label1\" content=\"Escrito por\" \/>\n\t<meta name=\"twitter:data1\" content=\"Roberto\" \/>\n\t<meta name=\"twitter:label2\" content=\"Est. tempo de leitura\" \/>\n\t<meta name=\"twitter:data2\" content=\"3 minutos\" \/>\n<script type=\"application\/ld+json\" class=\"yoast-schema-graph\">{\"@context\":\"https:\\\/\\\/schema.org\",\"@graph\":[{\"@type\":\"Article\",\"@id\":\"https:\\\/\\\/regiaonews.net.br\\\/2022\\\/2023\\\/09\\\/13\\\/brasileiro-foragido-nos-eua-e-capturado\\\/#article\",\"isPartOf\":{\"@id\":\"https:\\\/\\\/regiaonews.net.br\\\/2022\\\/2023\\\/09\\\/13\\\/brasileiro-foragido-nos-eua-e-capturado\\\/\"},\"author\":{\"name\":\"Roberto\",\"@id\":\"https:\\\/\\\/regiaonews.net.br\\\/2022\\\/#\\\/schema\\\/person\\\/2d205a608a5aa97ac279d7a5e6d89ad8\"},\"headline\":\"Brasileiro foragido nos EUA \u00e9 capturado\",\"datePublished\":\"2023-09-13T18:15:24+00:00\",\"mainEntityOfPage\":{\"@id\":\"https:\\\/\\\/regiaonews.net.br\\\/2022\\\/2023\\\/09\\\/13\\\/brasileiro-foragido-nos-eua-e-capturado\\\/\"},\"wordCount\":479,\"commentCount\":0,\"publisher\":{\"@id\":\"https:\\\/\\\/regiaonews.net.br\\\/2022\\\/#organization\"},\"image\":{\"@id\":\"https:\\\/\\\/regiaonews.net.br\\\/2022\\\/2023\\\/09\\\/13\\\/brasileiro-foragido-nos-eua-e-capturado\\\/#primaryimage\"},\"thumbnailUrl\":\"https:\\\/\\\/regiaonews.net.br\\\/2022\\\/wp-content\\\/uploads\\\/2023\\\/09\\\/ww.png\",\"articleSection\":[\"Geral\",\"Policia\"],\"inLanguage\":\"pt-BR\",\"potentialAction\":[{\"@type\":\"CommentAction\",\"name\":\"Comment\",\"target\":[\"https:\\\/\\\/regiaonews.net.br\\\/2022\\\/2023\\\/09\\\/13\\\/brasileiro-foragido-nos-eua-e-capturado\\\/#respond\"]}]},{\"@type\":\"WebPage\",\"@id\":\"https:\\\/\\\/regiaonews.net.br\\\/2022\\\/2023\\\/09\\\/13\\\/brasileiro-foragido-nos-eua-e-capturado\\\/\",\"url\":\"https:\\\/\\\/regiaonews.net.br\\\/2022\\\/2023\\\/09\\\/13\\\/brasileiro-foragido-nos-eua-e-capturado\\\/\",\"name\":\"Brasileiro foragido nos EUA \u00e9 capturado - Regi\u00e3o News\",\"isPartOf\":{\"@id\":\"https:\\\/\\\/regiaonews.net.br\\\/2022\\\/#website\"},\"primaryImageOfPage\":{\"@id\":\"https:\\\/\\\/regiaonews.net.br\\\/2022\\\/2023\\\/09\\\/13\\\/brasileiro-foragido-nos-eua-e-capturado\\\/#primaryimage\"},\"image\":{\"@id\":\"https:\\\/\\\/regiaonews.net.br\\\/2022\\\/2023\\\/09\\\/13\\\/brasileiro-foragido-nos-eua-e-capturado\\\/#primaryimage\"},\"thumbnailUrl\":\"https:\\\/\\\/regiaonews.net.br\\\/2022\\\/wp-content\\\/uploads\\\/2023\\\/09\\\/ww.png\",\"datePublished\":\"2023-09-13T18:15:24+00:00\",\"breadcrumb\":{\"@id\":\"https:\\\/\\\/regiaonews.net.br\\\/2022\\\/2023\\\/09\\\/13\\\/brasileiro-foragido-nos-eua-e-capturado\\\/#breadcrumb\"},\"inLanguage\":\"pt-BR\",\"potentialAction\":[{\"@type\":\"ReadAction\",\"target\":[\"https:\\\/\\\/regiaonews.net.br\\\/2022\\\/2023\\\/09\\\/13\\\/brasileiro-foragido-nos-eua-e-capturado\\\/\"]}]},{\"@type\":\"ImageObject\",\"inLanguage\":\"pt-BR\",\"@id\":\"https:\\\/\\\/regiaonews.net.br\\\/2022\\\/2023\\\/09\\\/13\\\/brasileiro-foragido-nos-eua-e-capturado\\\/#primaryimage\",\"url\":\"https:\\\/\\\/regiaonews.net.br\\\/2022\\\/wp-content\\\/uploads\\\/2023\\\/09\\\/ww.png\",\"contentUrl\":\"https:\\\/\\\/regiaonews.net.br\\\/2022\\\/wp-content\\\/uploads\\\/2023\\\/09\\\/ww.png\",\"width\":976,\"height\":496},{\"@type\":\"BreadcrumbList\",\"@id\":\"https:\\\/\\\/regiaonews.net.br\\\/2022\\\/2023\\\/09\\\/13\\\/brasileiro-foragido-nos-eua-e-capturado\\\/#breadcrumb\",\"itemListElement\":[{\"@type\":\"ListItem\",\"position\":1,\"name\":\"In\u00edcio\",\"item\":\"https:\\\/\\\/regiaonews.net.br\\\/2022\\\/\"},{\"@type\":\"ListItem\",\"position\":2,\"name\":\"Brasileiro foragido nos EUA \u00e9 capturado\"}]},{\"@type\":\"WebSite\",\"@id\":\"https:\\\/\\\/regiaonews.net.br\\\/2022\\\/#website\",\"url\":\"https:\\\/\\\/regiaonews.net.br\\\/2022\\\/\",\"name\":\"Regi\u00e3o News\",\"description\":\"Site de Not\u00edcias de Barretos e regi\u00e3o\",\"publisher\":{\"@id\":\"https:\\\/\\\/regiaonews.net.br\\\/2022\\\/#organization\"},\"potentialAction\":[{\"@type\":\"SearchAction\",\"target\":{\"@type\":\"EntryPoint\",\"urlTemplate\":\"https:\\\/\\\/regiaonews.net.br\\\/2022\\\/?s={search_term_string}\"},\"query-input\":{\"@type\":\"PropertyValueSpecification\",\"valueRequired\":true,\"valueName\":\"search_term_string\"}}],\"inLanguage\":\"pt-BR\"},{\"@type\":\"Organization\",\"@id\":\"https:\\\/\\\/regiaonews.net.br\\\/2022\\\/#organization\",\"name\":\"Regi\u00e3o News\",\"url\":\"https:\\\/\\\/regiaonews.net.br\\\/2022\\\/\",\"logo\":{\"@type\":\"ImageObject\",\"inLanguage\":\"pt-BR\",\"@id\":\"https:\\\/\\\/regiaonews.net.br\\\/2022\\\/#\\\/schema\\\/logo\\\/image\\\/\",\"url\":\"https:\\\/\\\/regiaonews.net.br\\\/2022\\\/wp-content\\\/uploads\\\/2026\\\/03\\\/regiao-13-anos-scaled.jpg\",\"contentUrl\":\"https:\\\/\\\/regiaonews.net.br\\\/2022\\\/wp-content\\\/uploads\\\/2026\\\/03\\\/regiao-13-anos-scaled.jpg\",\"width\":2560,\"height\":635,\"caption\":\"Regi\u00e3o News\"},\"image\":{\"@id\":\"https:\\\/\\\/regiaonews.net.br\\\/2022\\\/#\\\/schema\\\/logo\\\/image\\\/\"}},{\"@type\":\"Person\",\"@id\":\"https:\\\/\\\/regiaonews.net.br\\\/2022\\\/#\\\/schema\\\/person\\\/2d205a608a5aa97ac279d7a5e6d89ad8\",\"name\":\"Roberto\",\"image\":{\"@type\":\"ImageObject\",\"inLanguage\":\"pt-BR\",\"@id\":\"https:\\\/\\\/secure.gravatar.com\\\/avatar\\\/42749d8b712ff9d59ca93dc150494e5b55a44134482993f5baeb97e61b7ecc89?s=96&d=mm&r=g\",\"url\":\"https:\\\/\\\/secure.gravatar.com\\\/avatar\\\/42749d8b712ff9d59ca93dc150494e5b55a44134482993f5baeb97e61b7ecc89?s=96&d=mm&r=g\",\"contentUrl\":\"https:\\\/\\\/secure.gravatar.com\\\/avatar\\\/42749d8b712ff9d59ca93dc150494e5b55a44134482993f5baeb97e61b7ecc89?s=96&d=mm&r=g\",\"caption\":\"Roberto\"},\"url\":\"https:\\\/\\\/regiaonews.net.br\\\/2022\\\/author\\\/roberto\\\/\"}]}<\/script>\n<!-- \/ Yoast SEO plugin. -->","yoast_head_json":{"title":"Brasileiro foragido nos EUA \u00e9 capturado - Regi\u00e3o News","robots":{"index":"index","follow":"follow","max-snippet":"max-snippet:-1","max-image-preview":"max-image-preview:large","max-video-preview":"max-video-preview:-1"},"canonical":"https:\/\/regiaonews.net.br\/2022\/2023\/09\/13\/brasileiro-foragido-nos-eua-e-capturado\/","og_locale":"pt_BR","og_type":"article","og_title":"Brasileiro foragido nos EUA \u00e9 capturado - Regi\u00e3o News","og_description":"Danilo Cavalcante, condenado \u00e0 pris\u00e3o perp\u00e9tua por matar ex-namorada a","og_url":"https:\/\/regiaonews.net.br\/2022\/2023\/09\/13\/brasileiro-foragido-nos-eua-e-capturado\/","og_site_name":"Regi\u00e3o News","article_published_time":"2023-09-13T18:15:24+00:00","og_image":[{"width":976,"height":496,"url":"https:\/\/regiaonews.net.br\/2022\/wp-content\/uploads\/2023\/09\/ww.png","type":"image\/png"}],"author":"Roberto","twitter_card":"summary_large_image","twitter_misc":{"Escrito por":"Roberto","Est. tempo de leitura":"3 minutos"},"schema":{"@context":"https:\/\/schema.org","@graph":[{"@type":"Article","@id":"https:\/\/regiaonews.net.br\/2022\/2023\/09\/13\/brasileiro-foragido-nos-eua-e-capturado\/#article","isPartOf":{"@id":"https:\/\/regiaonews.net.br\/2022\/2023\/09\/13\/brasileiro-foragido-nos-eua-e-capturado\/"},"author":{"name":"Roberto","@id":"https:\/\/regiaonews.net.br\/2022\/#\/schema\/person\/2d205a608a5aa97ac279d7a5e6d89ad8"},"headline":"Brasileiro foragido nos EUA \u00e9 capturado","datePublished":"2023-09-13T18:15:24+00:00","mainEntityOfPage":{"@id":"https:\/\/regiaonews.net.br\/2022\/2023\/09\/13\/brasileiro-foragido-nos-eua-e-capturado\/"},"wordCount":479,"commentCount":0,"publisher":{"@id":"https:\/\/regiaonews.net.br\/2022\/#organization"},"image":{"@id":"https:\/\/regiaonews.net.br\/2022\/2023\/09\/13\/brasileiro-foragido-nos-eua-e-capturado\/#primaryimage"},"thumbnailUrl":"https:\/\/regiaonews.net.br\/2022\/wp-content\/uploads\/2023\/09\/ww.png","articleSection":["Geral","Policia"],"inLanguage":"pt-BR","potentialAction":[{"@type":"CommentAction","name":"Comment","target":["https:\/\/regiaonews.net.br\/2022\/2023\/09\/13\/brasileiro-foragido-nos-eua-e-capturado\/#respond"]}]},{"@type":"WebPage","@id":"https:\/\/regiaonews.net.br\/2022\/2023\/09\/13\/brasileiro-foragido-nos-eua-e-capturado\/","url":"https:\/\/regiaonews.net.br\/2022\/2023\/09\/13\/brasileiro-foragido-nos-eua-e-capturado\/","name":"Brasileiro foragido nos EUA \u00e9 capturado - Regi\u00e3o News","isPartOf":{"@id":"https:\/\/regiaonews.net.br\/2022\/#website"},"primaryImageOfPage":{"@id":"https:\/\/regiaonews.net.br\/2022\/2023\/09\/13\/brasileiro-foragido-nos-eua-e-capturado\/#primaryimage"},"image":{"@id":"https:\/\/regiaonews.net.br\/2022\/2023\/09\/13\/brasileiro-foragido-nos-eua-e-capturado\/#primaryimage"},"thumbnailUrl":"https:\/\/regiaonews.net.br\/2022\/wp-content\/uploads\/2023\/09\/ww.png","datePublished":"2023-09-13T18:15:24+00:00","breadcrumb":{"@id":"https:\/\/regiaonews.net.br\/2022\/2023\/09\/13\/brasileiro-foragido-nos-eua-e-capturado\/#breadcrumb"},"inLanguage":"pt-BR","potentialAction":[{"@type":"ReadAction","target":["https:\/\/regiaonews.net.br\/2022\/2023\/09\/13\/brasileiro-foragido-nos-eua-e-capturado\/"]}]},{"@type":"ImageObject","inLanguage":"pt-BR","@id":"https:\/\/regiaonews.net.br\/2022\/2023\/09\/13\/brasileiro-foragido-nos-eua-e-capturado\/#primaryimage","url":"https:\/\/regiaonews.net.br\/2022\/wp-content\/uploads\/2023\/09\/ww.png","contentUrl":"https:\/\/regiaonews.net.br\/2022\/wp-content\/uploads\/2023\/09\/ww.png","width":976,"height":496},{"@type":"BreadcrumbList","@id":"https:\/\/regiaonews.net.br\/2022\/2023\/09\/13\/brasileiro-foragido-nos-eua-e-capturado\/#breadcrumb","itemListElement":[{"@type":"ListItem","position":1,"name":"In\u00edcio","item":"https:\/\/regiaonews.net.br\/2022\/"},{"@type":"ListItem","position":2,"name":"Brasileiro foragido nos EUA \u00e9 capturado"}]},{"@type":"WebSite","@id":"https:\/\/regiaonews.net.br\/2022\/#website","url":"https:\/\/regiaonews.net.br\/2022\/","name":"Regi\u00e3o News","description":"Site de Not\u00edcias de Barretos e regi\u00e3o","publisher":{"@id":"https:\/\/regiaonews.net.br\/2022\/#organization"},"potentialAction":[{"@type":"SearchAction","target":{"@type":"EntryPoint","urlTemplate":"https:\/\/regiaonews.net.br\/2022\/?s={search_term_string}"},"query-input":{"@type":"PropertyValueSpecification","valueRequired":true,"valueName":"search_term_string"}}],"inLanguage":"pt-BR"},{"@type":"Organization","@id":"https:\/\/regiaonews.net.br\/2022\/#organization","name":"Regi\u00e3o News","url":"https:\/\/regiaonews.net.br\/2022\/","logo":{"@type":"ImageObject","inLanguage":"pt-BR","@id":"https:\/\/regiaonews.net.br\/2022\/#\/schema\/logo\/image\/","url":"https:\/\/regiaonews.net.br\/2022\/wp-content\/uploads\/2026\/03\/regiao-13-anos-scaled.jpg","contentUrl":"https:\/\/regiaonews.net.br\/2022\/wp-content\/uploads\/2026\/03\/regiao-13-anos-scaled.jpg","width":2560,"height":635,"caption":"Regi\u00e3o News"},"image":{"@id":"https:\/\/regiaonews.net.br\/2022\/#\/schema\/logo\/image\/"}},{"@type":"Person","@id":"https:\/\/regiaonews.net.br\/2022\/#\/schema\/person\/2d205a608a5aa97ac279d7a5e6d89ad8","name":"Roberto","image":{"@type":"ImageObject","inLanguage":"pt-BR","@id":"https:\/\/secure.gravatar.com\/avatar\/42749d8b712ff9d59ca93dc150494e5b55a44134482993f5baeb97e61b7ecc89?s=96&d=mm&r=g","url":"https:\/\/secure.gravatar.com\/avatar\/42749d8b712ff9d59ca93dc150494e5b55a44134482993f5baeb97e61b7ecc89?s=96&d=mm&r=g","contentUrl":"https:\/\/secure.gravatar.com\/avatar\/42749d8b712ff9d59ca93dc150494e5b55a44134482993f5baeb97e61b7ecc89?s=96&d=mm&r=g","caption":"Roberto"},"url":"https:\/\/regiaonews.net.br\/2022\/author\/roberto\/"}]}},"publishpress_future_action":{"enabled":false,"date":"2026-05-04 20:47:42","action":"change-status","newStatus":"draft","terms":[],"taxonomy":"category","extraData":[]},"publishpress_future_workflow_manual_trigger":{"enabledWorkflows":[]},"_links":{"self":[{"href":"https:\/\/regiaonews.net.br\/2022\/wp-json\/wp\/v2\/posts\/94996","targetHints":{"allow":["GET"]}}],"collection":[{"href":"https:\/\/regiaonews.net.br\/2022\/wp-json\/wp\/v2\/posts"}],"about":[{"href":"https:\/\/regiaonews.net.br\/2022\/wp-json\/wp\/v2\/types\/post"}],"author":[{"embeddable":true,"href":"https:\/\/regiaonews.net.br\/2022\/wp-json\/wp\/v2\/users\/2"}],"replies":[{"embeddable":true,"href":"https:\/\/regiaonews.net.br\/2022\/wp-json\/wp\/v2\/comments?post=94996"}],"version-history":[{"count":1,"href":"https:\/\/regiaonews.net.br\/2022\/wp-json\/wp\/v2\/posts\/94996\/revisions"}],"predecessor-version":[{"id":94999,"href":"https:\/\/regiaonews.net.br\/2022\/wp-json\/wp\/v2\/posts\/94996\/revisions\/94999"}],"wp:featuredmedia":[{"embeddable":true,"href":"https:\/\/regiaonews.net.br\/2022\/wp-json\/wp\/v2\/media\/94998"}],"wp:attachment":[{"href":"https:\/\/regiaonews.net.br\/2022\/wp-json\/wp\/v2\/media?parent=94996"}],"wp:term":[{"taxonomy":"category","embeddable":true,"href":"https:\/\/regiaonews.net.br\/2022\/wp-json\/wp\/v2\/categories?post=94996"},{"taxonomy":"post_tag","embeddable":true,"href":"https:\/\/regiaonews.net.br\/2022\/wp-json\/wp\/v2\/tags?post=94996"}],"curies":[{"name":"wp","href":"https:\/\/api.w.org\/{rel}","templated":true}]}}