{"id":94981,"date":"2023-09-12T19:17:06","date_gmt":"2023-09-12T22:17:06","guid":{"rendered":"https:\/\/regiaonews.net.br\/2022\/?p=94981"},"modified":"2023-09-12T19:17:06","modified_gmt":"2023-09-12T22:17:06","slug":"jornalistas-confirmam-boteco-pressmidia-2023-para-11-de-novembro","status":"publish","type":"post","link":"https:\/\/regiaonews.net.br\/2022\/2023\/09\/12\/jornalistas-confirmam-boteco-pressmidia-2023-para-11-de-novembro\/","title":{"rendered":"Jornalistas confirmam Boteco PressM\u00eddia 2023 para 11 de novembro"},"content":{"rendered":"<p>As organizadoras do Boteco PressM\u00eddia, evento criado para conectar e confraternizar e pessoas que atuam profissionalmente nos diferentes ve\u00edculos de comunica\u00e7\u00e3o, ag\u00eancias de publicidade e produ\u00e7\u00e3o de conte\u00fado, assessorias de imprensa, m\u00eddias sociais, influ\u00eancia digital e empresas de not\u00edcias de Barretos e regi\u00e3o, jornalistas Luciana Gomes e Talita Costa, anunciam que a quarta edi\u00e7\u00e3o do evento ser\u00e1 realizada em 11 de novembro. Mais uma vez, o local escolhido \u00e9 o Sama\u00fama American Bar, em Barretos, oferecendo feijoada completa, m\u00fasica, bebidas, shows e diversas outras atra\u00e7\u00f5es. Realizado desde 2018, a festa tornou-se tradi\u00e7\u00e3o, se consolidando num evento estrat\u00e9gico de relacionamento entre profissionais de comunica\u00e7\u00e3o e as principais marcas da regi\u00e3o, ao reunir mais de 600 profissionais da \u00e1rea e as principais 50 marcas com atua\u00e7\u00e3o no mercado regional.<br \/>\nExclusivo para os profissionais da comunica\u00e7\u00e3o da regi\u00e3o de Barretos, acompanhados ou n\u00e3o, um p\u00fablico formador de opini\u00e3o de cerca 250 pessoas. Jornalistas, radialistas, cinegrafistas, fot\u00f3grafos, editores, diagramadores, publicit\u00e1rios, locutores, apresentadores, blogueiros e influenciadores digitais, colunistas sociais, rep\u00f3rteres, pauteiros, assessores, atendimentos, administradores, designers, planejadores, social m\u00eddias, enfim, todos os profissionais envolvidos nos processos de repercuss\u00e3o de campanhas e not\u00edcias, da produ\u00e7\u00e3o \u00e0 divulga\u00e7\u00e3o. \u201cUma coletiva de imprensa exclusiva e valorosa\u201d, afirmam as jornalistas que todo ano, al\u00e9m da programa\u00e7\u00e3o e a\u00e7\u00f5es de positiva\u00e7\u00e3o dos patrocinadores, apresentam uma atra\u00e7\u00e3o \u201csurpresa\u201d, aos presentes.<br \/>\nA venda de convites acontecer\u00e1 no in\u00edcio de outubro, quando ser\u00e1 divulgado o valor dos convites. Mais informa\u00e7\u00f5es podem ser obtidas pelas redes sociais do evento e diretamente com as jornalistas pelos telefones (17) 99642 5695 com Luciana Gomes e (17) 99727 5160, com Talita Costa.<\/p>\n<p>A Iniciativa<\/p>\n<p>O evento \u00e9 fruto da iniciativa de duas jornalistas que se uniram com prop\u00f3sito de conectar pessoas.<br \/>\nLuciana Gomes, veterana na \u00e1rea, com mais de 30 anos de carreira, j\u00e1 passou por v\u00e1rios ve\u00edculos, foi para assessoria de imprensa h\u00e1 duas d\u00e9cadas e d\u00e1 cursos e treinamentos em comunica\u00e7\u00e3o. Luciana Gomes \u00e9 diretora da Parceria Comunica\u00e7\u00e3o.<br \/>\nTalita Costa \u00e9 jornalista, especialista em comunica\u00e7\u00e3o corporativa, tem 20 anos de atua\u00e7\u00e3o e atualmente, al\u00e9m de atender clientes na regi\u00e3o de Barretos, S\u00e3o Paulo e Rio de Janeiro, \u00e9 consultora t\u00e9cnica do Minist\u00e9rio da Sa\u00fade, em Bras\u00edlia. Talita Costa dirige sua ag\u00eancia de comunica\u00e7\u00e3o, Cia da Mensagem.<\/p>\n","protected":false},"excerpt":{"rendered":"<p>As organizadoras do Boteco PressM\u00eddia, evento criado para conectar e<\/p>\n","protected":false},"author":2,"featured_media":94982,"comment_status":"open","ping_status":"open","sticky":false,"template":"","format":"standard","meta":{"footnotes":""},"categories":[14,3],"tags":[],"class_list":["post-94981","post","type-post","status-publish","format-standard","has-post-thumbnail","hentry","category-barretos","category-geral"],"yoast_head":"<!-- This site is optimized with the Yoast SEO plugin v27.4 - https:\/\/yoast.com\/product\/yoast-seo-wordpress\/ -->\n<title>Jornalistas confirmam Boteco PressM\u00eddia 2023 para 11 de novembro - Regi\u00e3o News<\/title>\n<meta name=\"robots\" content=\"index, follow, max-snippet:-1, max-image-preview:large, max-video-preview:-1\" \/>\n<link rel=\"canonical\" href=\"https:\/\/regiaonews.net.br\/2022\/2023\/09\/12\/jornalistas-confirmam-boteco-pressmidia-2023-para-11-de-novembro\/\" \/>\n<meta property=\"og:locale\" content=\"pt_BR\" \/>\n<meta property=\"og:type\" content=\"article\" \/>\n<meta property=\"og:title\" content=\"Jornalistas confirmam Boteco PressM\u00eddia 2023 para 11 de novembro - Regi\u00e3o News\" \/>\n<meta property=\"og:description\" content=\"As organizadoras do Boteco PressM\u00eddia, evento criado para conectar e\" \/>\n<meta property=\"og:url\" content=\"https:\/\/regiaonews.net.br\/2022\/2023\/09\/12\/jornalistas-confirmam-boteco-pressmidia-2023-para-11-de-novembro\/\" \/>\n<meta property=\"og:site_name\" content=\"Regi\u00e3o News\" \/>\n<meta property=\"article:published_time\" content=\"2023-09-12T22:17:06+00:00\" \/>\n<meta property=\"og:image\" content=\"https:\/\/regiaonews.net.br\/2022\/wp-content\/uploads\/2023\/09\/WhatsApp-Image-2023-09-12-at-14.52.18.jpeg\" \/>\n\t<meta property=\"og:image:width\" content=\"1280\" \/>\n\t<meta property=\"og:image:height\" content=\"960\" \/>\n\t<meta property=\"og:image:type\" content=\"image\/jpeg\" \/>\n<meta name=\"author\" content=\"Roberto\" \/>\n<meta name=\"twitter:card\" content=\"summary_large_image\" \/>\n<meta name=\"twitter:label1\" content=\"Escrito por\" \/>\n\t<meta name=\"twitter:data1\" content=\"Roberto\" \/>\n\t<meta name=\"twitter:label2\" content=\"Est. tempo de leitura\" \/>\n\t<meta name=\"twitter:data2\" content=\"3 minutos\" \/>\n<script type=\"application\/ld+json\" class=\"yoast-schema-graph\">{\"@context\":\"https:\\\/\\\/schema.org\",\"@graph\":[{\"@type\":\"Article\",\"@id\":\"https:\\\/\\\/regiaonews.net.br\\\/2022\\\/2023\\\/09\\\/12\\\/jornalistas-confirmam-boteco-pressmidia-2023-para-11-de-novembro\\\/#article\",\"isPartOf\":{\"@id\":\"https:\\\/\\\/regiaonews.net.br\\\/2022\\\/2023\\\/09\\\/12\\\/jornalistas-confirmam-boteco-pressmidia-2023-para-11-de-novembro\\\/\"},\"author\":{\"name\":\"Roberto\",\"@id\":\"https:\\\/\\\/regiaonews.net.br\\\/2022\\\/#\\\/schema\\\/person\\\/2d205a608a5aa97ac279d7a5e6d89ad8\"},\"headline\":\"Jornalistas confirmam Boteco PressM\u00eddia 2023 para 11 de novembro\",\"datePublished\":\"2023-09-12T22:17:06+00:00\",\"mainEntityOfPage\":{\"@id\":\"https:\\\/\\\/regiaonews.net.br\\\/2022\\\/2023\\\/09\\\/12\\\/jornalistas-confirmam-boteco-pressmidia-2023-para-11-de-novembro\\\/\"},\"wordCount\":415,\"commentCount\":0,\"publisher\":{\"@id\":\"https:\\\/\\\/regiaonews.net.br\\\/2022\\\/#organization\"},\"image\":{\"@id\":\"https:\\\/\\\/regiaonews.net.br\\\/2022\\\/2023\\\/09\\\/12\\\/jornalistas-confirmam-boteco-pressmidia-2023-para-11-de-novembro\\\/#primaryimage\"},\"thumbnailUrl\":\"https:\\\/\\\/regiaonews.net.br\\\/2022\\\/wp-content\\\/uploads\\\/2023\\\/09\\\/WhatsApp-Image-2023-09-12-at-14.52.18.jpeg\",\"articleSection\":[\"Barretos\",\"Geral\"],\"inLanguage\":\"pt-BR\",\"potentialAction\":[{\"@type\":\"CommentAction\",\"name\":\"Comment\",\"target\":[\"https:\\\/\\\/regiaonews.net.br\\\/2022\\\/2023\\\/09\\\/12\\\/jornalistas-confirmam-boteco-pressmidia-2023-para-11-de-novembro\\\/#respond\"]}]},{\"@type\":\"WebPage\",\"@id\":\"https:\\\/\\\/regiaonews.net.br\\\/2022\\\/2023\\\/09\\\/12\\\/jornalistas-confirmam-boteco-pressmidia-2023-para-11-de-novembro\\\/\",\"url\":\"https:\\\/\\\/regiaonews.net.br\\\/2022\\\/2023\\\/09\\\/12\\\/jornalistas-confirmam-boteco-pressmidia-2023-para-11-de-novembro\\\/\",\"name\":\"Jornalistas confirmam Boteco PressM\u00eddia 2023 para 11 de novembro - Regi\u00e3o News\",\"isPartOf\":{\"@id\":\"https:\\\/\\\/regiaonews.net.br\\\/2022\\\/#website\"},\"primaryImageOfPage\":{\"@id\":\"https:\\\/\\\/regiaonews.net.br\\\/2022\\\/2023\\\/09\\\/12\\\/jornalistas-confirmam-boteco-pressmidia-2023-para-11-de-novembro\\\/#primaryimage\"},\"image\":{\"@id\":\"https:\\\/\\\/regiaonews.net.br\\\/2022\\\/2023\\\/09\\\/12\\\/jornalistas-confirmam-boteco-pressmidia-2023-para-11-de-novembro\\\/#primaryimage\"},\"thumbnailUrl\":\"https:\\\/\\\/regiaonews.net.br\\\/2022\\\/wp-content\\\/uploads\\\/2023\\\/09\\\/WhatsApp-Image-2023-09-12-at-14.52.18.jpeg\",\"datePublished\":\"2023-09-12T22:17:06+00:00\",\"breadcrumb\":{\"@id\":\"https:\\\/\\\/regiaonews.net.br\\\/2022\\\/2023\\\/09\\\/12\\\/jornalistas-confirmam-boteco-pressmidia-2023-para-11-de-novembro\\\/#breadcrumb\"},\"inLanguage\":\"pt-BR\",\"potentialAction\":[{\"@type\":\"ReadAction\",\"target\":[\"https:\\\/\\\/regiaonews.net.br\\\/2022\\\/2023\\\/09\\\/12\\\/jornalistas-confirmam-boteco-pressmidia-2023-para-11-de-novembro\\\/\"]}]},{\"@type\":\"ImageObject\",\"inLanguage\":\"pt-BR\",\"@id\":\"https:\\\/\\\/regiaonews.net.br\\\/2022\\\/2023\\\/09\\\/12\\\/jornalistas-confirmam-boteco-pressmidia-2023-para-11-de-novembro\\\/#primaryimage\",\"url\":\"https:\\\/\\\/regiaonews.net.br\\\/2022\\\/wp-content\\\/uploads\\\/2023\\\/09\\\/WhatsApp-Image-2023-09-12-at-14.52.18.jpeg\",\"contentUrl\":\"https:\\\/\\\/regiaonews.net.br\\\/2022\\\/wp-content\\\/uploads\\\/2023\\\/09\\\/WhatsApp-Image-2023-09-12-at-14.52.18.jpeg\",\"width\":1280,\"height\":960},{\"@type\":\"BreadcrumbList\",\"@id\":\"https:\\\/\\\/regiaonews.net.br\\\/2022\\\/2023\\\/09\\\/12\\\/jornalistas-confirmam-boteco-pressmidia-2023-para-11-de-novembro\\\/#breadcrumb\",\"itemListElement\":[{\"@type\":\"ListItem\",\"position\":1,\"name\":\"In\u00edcio\",\"item\":\"https:\\\/\\\/regiaonews.net.br\\\/2022\\\/\"},{\"@type\":\"ListItem\",\"position\":2,\"name\":\"Jornalistas confirmam Boteco PressM\u00eddia 2023 para 11 de novembro\"}]},{\"@type\":\"WebSite\",\"@id\":\"https:\\\/\\\/regiaonews.net.br\\\/2022\\\/#website\",\"url\":\"https:\\\/\\\/regiaonews.net.br\\\/2022\\\/\",\"name\":\"Regi\u00e3o News\",\"description\":\"Site de Not\u00edcias de Barretos e regi\u00e3o\",\"publisher\":{\"@id\":\"https:\\\/\\\/regiaonews.net.br\\\/2022\\\/#organization\"},\"potentialAction\":[{\"@type\":\"SearchAction\",\"target\":{\"@type\":\"EntryPoint\",\"urlTemplate\":\"https:\\\/\\\/regiaonews.net.br\\\/2022\\\/?s={search_term_string}\"},\"query-input\":{\"@type\":\"PropertyValueSpecification\",\"valueRequired\":true,\"valueName\":\"search_term_string\"}}],\"inLanguage\":\"pt-BR\"},{\"@type\":\"Organization\",\"@id\":\"https:\\\/\\\/regiaonews.net.br\\\/2022\\\/#organization\",\"name\":\"Regi\u00e3o News\",\"url\":\"https:\\\/\\\/regiaonews.net.br\\\/2022\\\/\",\"logo\":{\"@type\":\"ImageObject\",\"inLanguage\":\"pt-BR\",\"@id\":\"https:\\\/\\\/regiaonews.net.br\\\/2022\\\/#\\\/schema\\\/logo\\\/image\\\/\",\"url\":\"https:\\\/\\\/regiaonews.net.br\\\/2022\\\/wp-content\\\/uploads\\\/2026\\\/03\\\/regiao-13-anos-scaled.jpg\",\"contentUrl\":\"https:\\\/\\\/regiaonews.net.br\\\/2022\\\/wp-content\\\/uploads\\\/2026\\\/03\\\/regiao-13-anos-scaled.jpg\",\"width\":2560,\"height\":635,\"caption\":\"Regi\u00e3o News\"},\"image\":{\"@id\":\"https:\\\/\\\/regiaonews.net.br\\\/2022\\\/#\\\/schema\\\/logo\\\/image\\\/\"}},{\"@type\":\"Person\",\"@id\":\"https:\\\/\\\/regiaonews.net.br\\\/2022\\\/#\\\/schema\\\/person\\\/2d205a608a5aa97ac279d7a5e6d89ad8\",\"name\":\"Roberto\",\"image\":{\"@type\":\"ImageObject\",\"inLanguage\":\"pt-BR\",\"@id\":\"https:\\\/\\\/secure.gravatar.com\\\/avatar\\\/42749d8b712ff9d59ca93dc150494e5b55a44134482993f5baeb97e61b7ecc89?s=96&d=mm&r=g\",\"url\":\"https:\\\/\\\/secure.gravatar.com\\\/avatar\\\/42749d8b712ff9d59ca93dc150494e5b55a44134482993f5baeb97e61b7ecc89?s=96&d=mm&r=g\",\"contentUrl\":\"https:\\\/\\\/secure.gravatar.com\\\/avatar\\\/42749d8b712ff9d59ca93dc150494e5b55a44134482993f5baeb97e61b7ecc89?s=96&d=mm&r=g\",\"caption\":\"Roberto\"},\"url\":\"https:\\\/\\\/regiaonews.net.br\\\/2022\\\/author\\\/roberto\\\/\"}]}<\/script>\n<!-- \/ Yoast SEO plugin. -->","yoast_head_json":{"title":"Jornalistas confirmam Boteco PressM\u00eddia 2023 para 11 de novembro - Regi\u00e3o News","robots":{"index":"index","follow":"follow","max-snippet":"max-snippet:-1","max-image-preview":"max-image-preview:large","max-video-preview":"max-video-preview:-1"},"canonical":"https:\/\/regiaonews.net.br\/2022\/2023\/09\/12\/jornalistas-confirmam-boteco-pressmidia-2023-para-11-de-novembro\/","og_locale":"pt_BR","og_type":"article","og_title":"Jornalistas confirmam Boteco PressM\u00eddia 2023 para 11 de novembro - Regi\u00e3o News","og_description":"As organizadoras do Boteco PressM\u00eddia, evento criado para conectar e","og_url":"https:\/\/regiaonews.net.br\/2022\/2023\/09\/12\/jornalistas-confirmam-boteco-pressmidia-2023-para-11-de-novembro\/","og_site_name":"Regi\u00e3o News","article_published_time":"2023-09-12T22:17:06+00:00","og_image":[{"width":1280,"height":960,"url":"https:\/\/regiaonews.net.br\/2022\/wp-content\/uploads\/2023\/09\/WhatsApp-Image-2023-09-12-at-14.52.18.jpeg","type":"image\/jpeg"}],"author":"Roberto","twitter_card":"summary_large_image","twitter_misc":{"Escrito por":"Roberto","Est. tempo de leitura":"3 minutos"},"schema":{"@context":"https:\/\/schema.org","@graph":[{"@type":"Article","@id":"https:\/\/regiaonews.net.br\/2022\/2023\/09\/12\/jornalistas-confirmam-boteco-pressmidia-2023-para-11-de-novembro\/#article","isPartOf":{"@id":"https:\/\/regiaonews.net.br\/2022\/2023\/09\/12\/jornalistas-confirmam-boteco-pressmidia-2023-para-11-de-novembro\/"},"author":{"name":"Roberto","@id":"https:\/\/regiaonews.net.br\/2022\/#\/schema\/person\/2d205a608a5aa97ac279d7a5e6d89ad8"},"headline":"Jornalistas confirmam Boteco PressM\u00eddia 2023 para 11 de novembro","datePublished":"2023-09-12T22:17:06+00:00","mainEntityOfPage":{"@id":"https:\/\/regiaonews.net.br\/2022\/2023\/09\/12\/jornalistas-confirmam-boteco-pressmidia-2023-para-11-de-novembro\/"},"wordCount":415,"commentCount":0,"publisher":{"@id":"https:\/\/regiaonews.net.br\/2022\/#organization"},"image":{"@id":"https:\/\/regiaonews.net.br\/2022\/2023\/09\/12\/jornalistas-confirmam-boteco-pressmidia-2023-para-11-de-novembro\/#primaryimage"},"thumbnailUrl":"https:\/\/regiaonews.net.br\/2022\/wp-content\/uploads\/2023\/09\/WhatsApp-Image-2023-09-12-at-14.52.18.jpeg","articleSection":["Barretos","Geral"],"inLanguage":"pt-BR","potentialAction":[{"@type":"CommentAction","name":"Comment","target":["https:\/\/regiaonews.net.br\/2022\/2023\/09\/12\/jornalistas-confirmam-boteco-pressmidia-2023-para-11-de-novembro\/#respond"]}]},{"@type":"WebPage","@id":"https:\/\/regiaonews.net.br\/2022\/2023\/09\/12\/jornalistas-confirmam-boteco-pressmidia-2023-para-11-de-novembro\/","url":"https:\/\/regiaonews.net.br\/2022\/2023\/09\/12\/jornalistas-confirmam-boteco-pressmidia-2023-para-11-de-novembro\/","name":"Jornalistas confirmam Boteco PressM\u00eddia 2023 para 11 de novembro - Regi\u00e3o News","isPartOf":{"@id":"https:\/\/regiaonews.net.br\/2022\/#website"},"primaryImageOfPage":{"@id":"https:\/\/regiaonews.net.br\/2022\/2023\/09\/12\/jornalistas-confirmam-boteco-pressmidia-2023-para-11-de-novembro\/#primaryimage"},"image":{"@id":"https:\/\/regiaonews.net.br\/2022\/2023\/09\/12\/jornalistas-confirmam-boteco-pressmidia-2023-para-11-de-novembro\/#primaryimage"},"thumbnailUrl":"https:\/\/regiaonews.net.br\/2022\/wp-content\/uploads\/2023\/09\/WhatsApp-Image-2023-09-12-at-14.52.18.jpeg","datePublished":"2023-09-12T22:17:06+00:00","breadcrumb":{"@id":"https:\/\/regiaonews.net.br\/2022\/2023\/09\/12\/jornalistas-confirmam-boteco-pressmidia-2023-para-11-de-novembro\/#breadcrumb"},"inLanguage":"pt-BR","potentialAction":[{"@type":"ReadAction","target":["https:\/\/regiaonews.net.br\/2022\/2023\/09\/12\/jornalistas-confirmam-boteco-pressmidia-2023-para-11-de-novembro\/"]}]},{"@type":"ImageObject","inLanguage":"pt-BR","@id":"https:\/\/regiaonews.net.br\/2022\/2023\/09\/12\/jornalistas-confirmam-boteco-pressmidia-2023-para-11-de-novembro\/#primaryimage","url":"https:\/\/regiaonews.net.br\/2022\/wp-content\/uploads\/2023\/09\/WhatsApp-Image-2023-09-12-at-14.52.18.jpeg","contentUrl":"https:\/\/regiaonews.net.br\/2022\/wp-content\/uploads\/2023\/09\/WhatsApp-Image-2023-09-12-at-14.52.18.jpeg","width":1280,"height":960},{"@type":"BreadcrumbList","@id":"https:\/\/regiaonews.net.br\/2022\/2023\/09\/12\/jornalistas-confirmam-boteco-pressmidia-2023-para-11-de-novembro\/#breadcrumb","itemListElement":[{"@type":"ListItem","position":1,"name":"In\u00edcio","item":"https:\/\/regiaonews.net.br\/2022\/"},{"@type":"ListItem","position":2,"name":"Jornalistas confirmam Boteco PressM\u00eddia 2023 para 11 de novembro"}]},{"@type":"WebSite","@id":"https:\/\/regiaonews.net.br\/2022\/#website","url":"https:\/\/regiaonews.net.br\/2022\/","name":"Regi\u00e3o News","description":"Site de Not\u00edcias de Barretos e regi\u00e3o","publisher":{"@id":"https:\/\/regiaonews.net.br\/2022\/#organization"},"potentialAction":[{"@type":"SearchAction","target":{"@type":"EntryPoint","urlTemplate":"https:\/\/regiaonews.net.br\/2022\/?s={search_term_string}"},"query-input":{"@type":"PropertyValueSpecification","valueRequired":true,"valueName":"search_term_string"}}],"inLanguage":"pt-BR"},{"@type":"Organization","@id":"https:\/\/regiaonews.net.br\/2022\/#organization","name":"Regi\u00e3o News","url":"https:\/\/regiaonews.net.br\/2022\/","logo":{"@type":"ImageObject","inLanguage":"pt-BR","@id":"https:\/\/regiaonews.net.br\/2022\/#\/schema\/logo\/image\/","url":"https:\/\/regiaonews.net.br\/2022\/wp-content\/uploads\/2026\/03\/regiao-13-anos-scaled.jpg","contentUrl":"https:\/\/regiaonews.net.br\/2022\/wp-content\/uploads\/2026\/03\/regiao-13-anos-scaled.jpg","width":2560,"height":635,"caption":"Regi\u00e3o News"},"image":{"@id":"https:\/\/regiaonews.net.br\/2022\/#\/schema\/logo\/image\/"}},{"@type":"Person","@id":"https:\/\/regiaonews.net.br\/2022\/#\/schema\/person\/2d205a608a5aa97ac279d7a5e6d89ad8","name":"Roberto","image":{"@type":"ImageObject","inLanguage":"pt-BR","@id":"https:\/\/secure.gravatar.com\/avatar\/42749d8b712ff9d59ca93dc150494e5b55a44134482993f5baeb97e61b7ecc89?s=96&d=mm&r=g","url":"https:\/\/secure.gravatar.com\/avatar\/42749d8b712ff9d59ca93dc150494e5b55a44134482993f5baeb97e61b7ecc89?s=96&d=mm&r=g","contentUrl":"https:\/\/secure.gravatar.com\/avatar\/42749d8b712ff9d59ca93dc150494e5b55a44134482993f5baeb97e61b7ecc89?s=96&d=mm&r=g","caption":"Roberto"},"url":"https:\/\/regiaonews.net.br\/2022\/author\/roberto\/"}]}},"publishpress_future_action":{"enabled":false,"date":"2026-05-05 01:35:49","action":"change-status","newStatus":"draft","terms":[],"taxonomy":"category","extraData":[]},"publishpress_future_workflow_manual_trigger":{"enabledWorkflows":[]},"_links":{"self":[{"href":"https:\/\/regiaonews.net.br\/2022\/wp-json\/wp\/v2\/posts\/94981","targetHints":{"allow":["GET"]}}],"collection":[{"href":"https:\/\/regiaonews.net.br\/2022\/wp-json\/wp\/v2\/posts"}],"about":[{"href":"https:\/\/regiaonews.net.br\/2022\/wp-json\/wp\/v2\/types\/post"}],"author":[{"embeddable":true,"href":"https:\/\/regiaonews.net.br\/2022\/wp-json\/wp\/v2\/users\/2"}],"replies":[{"embeddable":true,"href":"https:\/\/regiaonews.net.br\/2022\/wp-json\/wp\/v2\/comments?post=94981"}],"version-history":[{"count":1,"href":"https:\/\/regiaonews.net.br\/2022\/wp-json\/wp\/v2\/posts\/94981\/revisions"}],"predecessor-version":[{"id":94983,"href":"https:\/\/regiaonews.net.br\/2022\/wp-json\/wp\/v2\/posts\/94981\/revisions\/94983"}],"wp:featuredmedia":[{"embeddable":true,"href":"https:\/\/regiaonews.net.br\/2022\/wp-json\/wp\/v2\/media\/94982"}],"wp:attachment":[{"href":"https:\/\/regiaonews.net.br\/2022\/wp-json\/wp\/v2\/media?parent=94981"}],"wp:term":[{"taxonomy":"category","embeddable":true,"href":"https:\/\/regiaonews.net.br\/2022\/wp-json\/wp\/v2\/categories?post=94981"},{"taxonomy":"post_tag","embeddable":true,"href":"https:\/\/regiaonews.net.br\/2022\/wp-json\/wp\/v2\/tags?post=94981"}],"curies":[{"name":"wp","href":"https:\/\/api.w.org\/{rel}","templated":true}]}}